{"id":4509,"date":"2021-05-17T06:35:59","date_gmt":"2021-05-17T10:35:59","guid":{"rendered":"https:\/\/www.eldiario.net\/portal\/?p=4509"},"modified":"2021-05-17T06:35:59","modified_gmt":"2021-05-17T10:35:59","slug":"instalaran-brigadas-de-control-contra-contagios-por-covid-19","status":"publish","type":"post","link":"https:\/\/www.eldiario.net\/portal\/2021\/05\/17\/instalaran-brigadas-de-control-contra-contagios-por-covid-19\/","title":{"rendered":"Instalar\u00e1n brigadas de control contra contagios por covid-19"},"content":{"rendered":"<p>Luego de una reuni\u00f3n entre el alcalde de La Paz, Iv\u00e1n Arias, gremiales y transportistas del servicio p\u00fablico, estos se comprometieron a instalar brigadas de control para verificar el cumplimiento de las medidas de bioseguridad y evitar el incremento de contagios de coronavirus (covid-19).<br \/>\nEl burgomaestre pace\u00f1o se\u00f1al\u00f3 que tales acciones est\u00e1n dentro del plan de 18 puntos que se determinaron el pasado viernes en la reuni\u00f3n del Consejo Operativo de Emergencias Municipal (COEM), en el que adem\u00e1s se instruy\u00f3 mayor informaci\u00f3n, control y refuerzo a la atenci\u00f3n de salud.<br \/>\n\u201cMe reun\u00ed con transportistas y gremiales, se comprometieron a establecer brigadas de control, puntos de parada para que fumiguen sus veh\u00edculos y que mantengan las ventanas abiertas. La lucha contra el covid-19 es de todos\u201d, manifest\u00f3 la autoridad edil.<br \/>\nEl Servicio Departamental de Salud (Sedes) report\u00f3 el s\u00e1bado 362 nuevos casos en el departamento de La Paz, llegando a un acumulado de 72.327 contagios. Es la tercera regi\u00f3n del pa\u00eds con la mayor cantidad de personas infectadas con el virus.<br \/>\nAsimismo, Arias pidi\u00f3 a los gremiales el uso de barbijos de manera permanente y de forma correcta. Advirti\u00f3 que si no hay cumplimiento de las medidas de bioseguridad se empezar\u00e1 a propagar el virus debido a la irresponsabilidad de la gente que toma a la ligera el incremento de contagios.<br \/>\nEl municipio de La Paz declar\u00f3 alerta naranja el viernes para hacer frente a la tercera ola de covid-19 y determin\u00f3 18 acciones para contener el ascenso del virus.<br \/>\nPor otra parte, lament\u00f3 que la poblaci\u00f3n se haya relajado ante el ingreso de la tercera ola del virus y no asuma las medidas de restricci\u00f3n y se est\u00e9n desarrollando normalmente fiestas en salones o domicilios particulares.<br \/>\n\u201cHemos relajado. Hay un relajo total sobre el tema de la pandemia y las consecuencias que ocasiona la enfermedad. Ayer (s\u00e1bado) se intervino una fiesta donde la falta de distancia, el no uso de barbijos y la cantidad de alcohol que se consume entre los j\u00f3venes es impresionante, a pesar de que hemos decretado alerta naranja y a pesar de que los casos est\u00e1n subiendo\u201d, cuestion\u00f3 la autoridad.<br \/>\nLos vecinos de Bajo Llojeta denunciaron que se estaba realizando una fiesta en un domicilio particular en esa zona. La Guardia Municipal intervino el inmueble y evidenci\u00f3 que no se respetaron las medidas de bioseguridad ni el distanciamiento f\u00edsico, report\u00f3 ANF.<br \/>\nSe conoce que el evento fue organizado por estudiantes de la Facultad de Econom\u00eda de la Universidad Mayor de San Andr\u00e9s (UMSA) que fueron desalojados del domicilio.<br \/>\n\u201cLo que pas\u00f3 ayer (s\u00e1bado) era escandaloso, despu\u00e9s que se hizo el operativo, los j\u00f3venes se han ido a casas privadas, pero no puede ser que los padres abran sus casas para que sus hijos se desmadren\u201d, afirm\u00f3.<\/p>\n","protected":false},"excerpt":{"rendered":"<p>Luego de una reuni\u00f3n entre el alcalde de La Paz, Iv\u00e1n Arias, gremiales y transportistas del servicio p\u00fablico, estos se comprometieron a instalar brigadas de control para verificar el cumplimiento de las medidas de bioseguridad y evitar el incremento de contagios de coronavirus (covid-19). El burgomaestre pace\u00f1o se\u00f1al\u00f3 que tales acciones est\u00e1n dentro del plan [&hellip;]<\/p>\n","protected":false},"author":1,"featured_media":4510,"comment_status":"closed","ping_status":"closed","sticky":false,"template":"","format":"standard","meta":{"_acf_changed":false,"footnotes":""},"categories":[12],"tags":[],"class_list":["post-4509","post","type-post","status-publish","format-standard","has-post-thumbnail","category-nacional"],"acf":{"antetitulo":""},"yoast_head":"<!-- This site is optimized with the Yoast SEO plugin v28.3 - https:\/\/yoast.com\/product\/yoast-seo-wordpress\/ -->\n<title>Instalar\u00e1n brigadas de control contra contagios por covid-19 - El Diario - Bolivia<\/title>\n<meta name=\"robots\" content=\"index, follow, max-snippet:-1, max-image-preview:large, max-video-preview:-1\" \/>\n<link rel=\"canonical\" href=\"https:\/\/www.eldiario.net\/portal\/2021\/05\/17\/instalaran-brigadas-de-control-contra-contagios-por-covid-19\/\" \/>\n<meta property=\"og:locale\" content=\"es_ES\" \/>\n<meta property=\"og:type\" content=\"article\" \/>\n<meta property=\"og:title\" content=\"Instalar\u00e1n brigadas de control contra contagios por covid-19 - El Diario - Bolivia\" \/>\n<meta property=\"og:description\" content=\"Luego de una reuni\u00f3n entre el alcalde de La Paz, Iv\u00e1n Arias, gremiales y transportistas del servicio p\u00fablico, estos se comprometieron a instalar brigadas de control para verificar el cumplimiento de las medidas de bioseguridad y evitar el incremento de contagios de coronavirus (covid-19). El burgomaestre pace\u00f1o se\u00f1al\u00f3 que tales acciones est\u00e1n dentro del plan [&hellip;]\" \/>\n<meta property=\"og:url\" content=\"https:\/\/www.eldiario.net\/portal\/2021\/05\/17\/instalaran-brigadas-de-control-contra-contagios-por-covid-19\/\" \/>\n<meta property=\"og:site_name\" content=\"El Diario - Bolivia\" \/>\n<meta property=\"article:publisher\" content=\"https:\/\/www.facebook.com\/eldiario.bolivia\/\" \/>\n<meta property=\"article:published_time\" content=\"2021-05-17T10:35:59+00:00\" \/>\n<meta property=\"og:image\" content=\"https:\/\/www.eldiario.net\/portal\/wp-content\/uploads\/2021\/05\/1LP-4-scaled-1.jpg\" \/>\n\t<meta property=\"og:image:width\" content=\"2560\" \/>\n\t<meta property=\"og:image:height\" content=\"2081\" \/>\n\t<meta property=\"og:image:type\" content=\"image\/jpeg\" \/>\n<meta name=\"author\" content=\"Jeanette\" \/>\n<meta name=\"twitter:card\" content=\"summary_large_image\" \/>\n<meta name=\"twitter:creator\" content=\"@eldiario_net\" \/>\n<meta name=\"twitter:site\" content=\"@eldiario_net\" \/>\n<meta name=\"twitter:label1\" content=\"Escrito por\" \/>\n\t<meta name=\"twitter:data1\" content=\"Jeanette\" \/>\n\t<meta name=\"twitter:label2\" content=\"Tiempo de lectura\" \/>\n\t<meta name=\"twitter:data2\" content=\"3 minutos\" \/>\n<script type=\"application\/ld+json\" class=\"yoast-schema-graph\">{\"@context\":\"https:\\\/\\\/schema.org\",\"@graph\":[{\"@type\":\"Article\",\"@id\":\"https:\\\/\\\/www.eldiario.net\\\/portal\\\/2021\\\/05\\\/17\\\/instalaran-brigadas-de-control-contra-contagios-por-covid-19\\\/#article\",\"isPartOf\":{\"@id\":\"https:\\\/\\\/www.eldiario.net\\\/portal\\\/2021\\\/05\\\/17\\\/instalaran-brigadas-de-control-contra-contagios-por-covid-19\\\/\"},\"author\":{\"name\":\"Jeanette\",\"@id\":\"https:\\\/\\\/www.eldiario.net\\\/portal\\\/#\\\/schema\\\/person\\\/f46445640444750d7d753ccd04ae01b7\"},\"headline\":\"Instalar\u00e1n brigadas de control contra contagios por covid-19\",\"datePublished\":\"2021-05-17T10:35:59+00:00\",\"mainEntityOfPage\":{\"@id\":\"https:\\\/\\\/www.eldiario.net\\\/portal\\\/2021\\\/05\\\/17\\\/instalaran-brigadas-de-control-contra-contagios-por-covid-19\\\/\"},\"wordCount\":491,\"publisher\":{\"@id\":\"https:\\\/\\\/www.eldiario.net\\\/portal\\\/#organization\"},\"image\":{\"@id\":\"https:\\\/\\\/www.eldiario.net\\\/portal\\\/2021\\\/05\\\/17\\\/instalaran-brigadas-de-control-contra-contagios-por-covid-19\\\/#primaryimage\"},\"thumbnailUrl\":\"https:\\\/\\\/www.eldiario.net\\\/portal\\\/wp-content\\\/uploads\\\/2021\\\/05\\\/1LP-4-scaled-1.jpg\",\"articleSection\":[\"Nacional\"],\"inLanguage\":\"es\"},{\"@type\":\"WebPage\",\"@id\":\"https:\\\/\\\/www.eldiario.net\\\/portal\\\/2021\\\/05\\\/17\\\/instalaran-brigadas-de-control-contra-contagios-por-covid-19\\\/\",\"url\":\"https:\\\/\\\/www.eldiario.net\\\/portal\\\/2021\\\/05\\\/17\\\/instalaran-brigadas-de-control-contra-contagios-por-covid-19\\\/\",\"name\":\"Instalar\u00e1n brigadas de control contra contagios por covid-19 - El Diario - Bolivia\",\"isPartOf\":{\"@id\":\"https:\\\/\\\/www.eldiario.net\\\/portal\\\/#website\"},\"primaryImageOfPage\":{\"@id\":\"https:\\\/\\\/www.eldiario.net\\\/portal\\\/2021\\\/05\\\/17\\\/instalaran-brigadas-de-control-contra-contagios-por-covid-19\\\/#primaryimage\"},\"image\":{\"@id\":\"https:\\\/\\\/www.eldiario.net\\\/portal\\\/2021\\\/05\\\/17\\\/instalaran-brigadas-de-control-contra-contagios-por-covid-19\\\/#primaryimage\"},\"thumbnailUrl\":\"https:\\\/\\\/www.eldiario.net\\\/portal\\\/wp-content\\\/uploads\\\/2021\\\/05\\\/1LP-4-scaled-1.jpg\",\"datePublished\":\"2021-05-17T10:35:59+00:00\",\"breadcrumb\":{\"@id\":\"https:\\\/\\\/www.eldiario.net\\\/portal\\\/2021\\\/05\\\/17\\\/instalaran-brigadas-de-control-contra-contagios-por-covid-19\\\/#breadcrumb\"},\"inLanguage\":\"es\",\"potentialAction\":[{\"@type\":\"ReadAction\",\"target\":[\"https:\\\/\\\/www.eldiario.net\\\/portal\\\/2021\\\/05\\\/17\\\/instalaran-brigadas-de-control-contra-contagios-por-covid-19\\\/\"]}]},{\"@type\":\"ImageObject\",\"inLanguage\":\"es\",\"@id\":\"https:\\\/\\\/www.eldiario.net\\\/portal\\\/2021\\\/05\\\/17\\\/instalaran-brigadas-de-control-contra-contagios-por-covid-19\\\/#primaryimage\",\"url\":\"https:\\\/\\\/www.eldiario.net\\\/portal\\\/wp-content\\\/uploads\\\/2021\\\/05\\\/1LP-4-scaled-1.jpg\",\"contentUrl\":\"https:\\\/\\\/www.eldiario.net\\\/portal\\\/wp-content\\\/uploads\\\/2021\\\/05\\\/1LP-4-scaled-1.jpg\",\"width\":2560,\"height\":2081},{\"@type\":\"BreadcrumbList\",\"@id\":\"https:\\\/\\\/www.eldiario.net\\\/portal\\\/2021\\\/05\\\/17\\\/instalaran-brigadas-de-control-contra-contagios-por-covid-19\\\/#breadcrumb\",\"itemListElement\":[{\"@type\":\"ListItem\",\"position\":1,\"name\":\"Portada\",\"item\":\"https:\\\/\\\/www.eldiario.net\\\/portal\\\/\"},{\"@type\":\"ListItem\",\"position\":2,\"name\":\"Instalar\u00e1n brigadas de control contra contagios por covid-19\"}]},{\"@type\":\"WebSite\",\"@id\":\"https:\\\/\\\/www.eldiario.net\\\/portal\\\/#website\",\"url\":\"https:\\\/\\\/www.eldiario.net\\\/portal\\\/\",\"name\":\"El Diario - Decano de la prensa nacional\",\"description\":\"El Diario - Decano de la prensa nacional\",\"publisher\":{\"@id\":\"https:\\\/\\\/www.eldiario.net\\\/portal\\\/#organization\"},\"potentialAction\":[{\"@type\":\"SearchAction\",\"target\":{\"@type\":\"EntryPoint\",\"urlTemplate\":\"https:\\\/\\\/www.eldiario.net\\\/portal\\\/?s={search_term_string}\"},\"query-input\":{\"@type\":\"PropertyValueSpecification\",\"valueRequired\":true,\"valueName\":\"search_term_string\"}}],\"inLanguage\":\"es\"},{\"@type\":\"Organization\",\"@id\":\"https:\\\/\\\/www.eldiario.net\\\/portal\\\/#organization\",\"name\":\"El Diario - Decano de la prensa nacional\",\"url\":\"https:\\\/\\\/www.eldiario.net\\\/portal\\\/\",\"logo\":{\"@type\":\"ImageObject\",\"inLanguage\":\"es\",\"@id\":\"https:\\\/\\\/www.eldiario.net\\\/portal\\\/#\\\/schema\\\/logo\\\/image\\\/\",\"url\":\"https:\\\/\\\/www.eldiario.net\\\/portal\\\/wp-content\\\/uploads\\\/2023\\\/07\\\/logo_ED.jpg\",\"contentUrl\":\"https:\\\/\\\/www.eldiario.net\\\/portal\\\/wp-content\\\/uploads\\\/2023\\\/07\\\/logo_ED.jpg\",\"width\":272,\"height\":52,\"caption\":\"El Diario - Decano de la prensa nacional\"},\"image\":{\"@id\":\"https:\\\/\\\/www.eldiario.net\\\/portal\\\/#\\\/schema\\\/logo\\\/image\\\/\"},\"sameAs\":[\"https:\\\/\\\/www.facebook.com\\\/eldiario.bolivia\\\/\",\"https:\\\/\\\/x.com\\\/eldiario_net\"]},{\"@type\":\"Person\",\"@id\":\"https:\\\/\\\/www.eldiario.net\\\/portal\\\/#\\\/schema\\\/person\\\/f46445640444750d7d753ccd04ae01b7\",\"name\":\"Jeanette\",\"image\":{\"@type\":\"ImageObject\",\"inLanguage\":\"es\",\"@id\":\"https:\\\/\\\/secure.gravatar.com\\\/avatar\\\/3ea2118a5f7dad2b7138b1187a6b7ee55f160b9968b66013c3a3ef39dd7e5798?s=96&d=mm&r=g\",\"url\":\"https:\\\/\\\/secure.gravatar.com\\\/avatar\\\/3ea2118a5f7dad2b7138b1187a6b7ee55f160b9968b66013c3a3ef39dd7e5798?s=96&d=mm&r=g\",\"contentUrl\":\"https:\\\/\\\/secure.gravatar.com\\\/avatar\\\/3ea2118a5f7dad2b7138b1187a6b7ee55f160b9968b66013c3a3ef39dd7e5798?s=96&d=mm&r=g\",\"caption\":\"Jeanette\"},\"sameAs\":[\"https:\\\/\\\/www.eldiario.net\\\/portal\"],\"url\":\"https:\\\/\\\/www.eldiario.net\\\/portal\\\/author\\\/jeanette\\\/\"}]}<\/script>\n<!-- \/ Yoast SEO plugin. -->","yoast_head_json":{"title":"Instalar\u00e1n brigadas de control contra contagios por covid-19 - El Diario - Bolivia","robots":{"index":"index","follow":"follow","max-snippet":"max-snippet:-1","max-image-preview":"max-image-preview:large","max-video-preview":"max-video-preview:-1"},"canonical":"https:\/\/www.eldiario.net\/portal\/2021\/05\/17\/instalaran-brigadas-de-control-contra-contagios-por-covid-19\/","og_locale":"es_ES","og_type":"article","og_title":"Instalar\u00e1n brigadas de control contra contagios por covid-19 - El Diario - Bolivia","og_description":"Luego de una reuni\u00f3n entre el alcalde de La Paz, Iv\u00e1n Arias, gremiales y transportistas del servicio p\u00fablico, estos se comprometieron a instalar brigadas de control para verificar el cumplimiento de las medidas de bioseguridad y evitar el incremento de contagios de coronavirus (covid-19). El burgomaestre pace\u00f1o se\u00f1al\u00f3 que tales acciones est\u00e1n dentro del plan [&hellip;]","og_url":"https:\/\/www.eldiario.net\/portal\/2021\/05\/17\/instalaran-brigadas-de-control-contra-contagios-por-covid-19\/","og_site_name":"El Diario - Bolivia","article_publisher":"https:\/\/www.facebook.com\/eldiario.bolivia\/","article_published_time":"2021-05-17T10:35:59+00:00","og_image":[{"width":2560,"height":2081,"url":"https:\/\/www.eldiario.net\/portal\/wp-content\/uploads\/2021\/05\/1LP-4-scaled-1.jpg","type":"image\/jpeg"}],"author":"Jeanette","twitter_card":"summary_large_image","twitter_creator":"@eldiario_net","twitter_site":"@eldiario_net","twitter_misc":{"Escrito por":"Jeanette","Tiempo de lectura":"3 minutos"},"schema":{"@context":"https:\/\/schema.org","@graph":[{"@type":"Article","@id":"https:\/\/www.eldiario.net\/portal\/2021\/05\/17\/instalaran-brigadas-de-control-contra-contagios-por-covid-19\/#article","isPartOf":{"@id":"https:\/\/www.eldiario.net\/portal\/2021\/05\/17\/instalaran-brigadas-de-control-contra-contagios-por-covid-19\/"},"author":{"name":"Jeanette","@id":"https:\/\/www.eldiario.net\/portal\/#\/schema\/person\/f46445640444750d7d753ccd04ae01b7"},"headline":"Instalar\u00e1n brigadas de control contra contagios por covid-19","datePublished":"2021-05-17T10:35:59+00:00","mainEntityOfPage":{"@id":"https:\/\/www.eldiario.net\/portal\/2021\/05\/17\/instalaran-brigadas-de-control-contra-contagios-por-covid-19\/"},"wordCount":491,"publisher":{"@id":"https:\/\/www.eldiario.net\/portal\/#organization"},"image":{"@id":"https:\/\/www.eldiario.net\/portal\/2021\/05\/17\/instalaran-brigadas-de-control-contra-contagios-por-covid-19\/#primaryimage"},"thumbnailUrl":"https:\/\/www.eldiario.net\/portal\/wp-content\/uploads\/2021\/05\/1LP-4-scaled-1.jpg","articleSection":["Nacional"],"inLanguage":"es"},{"@type":"WebPage","@id":"https:\/\/www.eldiario.net\/portal\/2021\/05\/17\/instalaran-brigadas-de-control-contra-contagios-por-covid-19\/","url":"https:\/\/www.eldiario.net\/portal\/2021\/05\/17\/instalaran-brigadas-de-control-contra-contagios-por-covid-19\/","name":"Instalar\u00e1n brigadas de control contra contagios por covid-19 - El Diario - Bolivia","isPartOf":{"@id":"https:\/\/www.eldiario.net\/portal\/#website"},"primaryImageOfPage":{"@id":"https:\/\/www.eldiario.net\/portal\/2021\/05\/17\/instalaran-brigadas-de-control-contra-contagios-por-covid-19\/#primaryimage"},"image":{"@id":"https:\/\/www.eldiario.net\/portal\/2021\/05\/17\/instalaran-brigadas-de-control-contra-contagios-por-covid-19\/#primaryimage"},"thumbnailUrl":"https:\/\/www.eldiario.net\/portal\/wp-content\/uploads\/2021\/05\/1LP-4-scaled-1.jpg","datePublished":"2021-05-17T10:35:59+00:00","breadcrumb":{"@id":"https:\/\/www.eldiario.net\/portal\/2021\/05\/17\/instalaran-brigadas-de-control-contra-contagios-por-covid-19\/#breadcrumb"},"inLanguage":"es","potentialAction":[{"@type":"ReadAction","target":["https:\/\/www.eldiario.net\/portal\/2021\/05\/17\/instalaran-brigadas-de-control-contra-contagios-por-covid-19\/"]}]},{"@type":"ImageObject","inLanguage":"es","@id":"https:\/\/www.eldiario.net\/portal\/2021\/05\/17\/instalaran-brigadas-de-control-contra-contagios-por-covid-19\/#primaryimage","url":"https:\/\/www.eldiario.net\/portal\/wp-content\/uploads\/2021\/05\/1LP-4-scaled-1.jpg","contentUrl":"https:\/\/www.eldiario.net\/portal\/wp-content\/uploads\/2021\/05\/1LP-4-scaled-1.jpg","width":2560,"height":2081},{"@type":"BreadcrumbList","@id":"https:\/\/www.eldiario.net\/portal\/2021\/05\/17\/instalaran-brigadas-de-control-contra-contagios-por-covid-19\/#breadcrumb","itemListElement":[{"@type":"ListItem","position":1,"name":"Portada","item":"https:\/\/www.eldiario.net\/portal\/"},{"@type":"ListItem","position":2,"name":"Instalar\u00e1n brigadas de control contra contagios por covid-19"}]},{"@type":"WebSite","@id":"https:\/\/www.eldiario.net\/portal\/#website","url":"https:\/\/www.eldiario.net\/portal\/","name":"El Diario - Decano de la prensa nacional","description":"El Diario - Decano de la prensa nacional","publisher":{"@id":"https:\/\/www.eldiario.net\/portal\/#organization"},"potentialAction":[{"@type":"SearchAction","target":{"@type":"EntryPoint","urlTemplate":"https:\/\/www.eldiario.net\/portal\/?s={search_term_string}"},"query-input":{"@type":"PropertyValueSpecification","valueRequired":true,"valueName":"search_term_string"}}],"inLanguage":"es"},{"@type":"Organization","@id":"https:\/\/www.eldiario.net\/portal\/#organization","name":"El Diario - Decano de la prensa nacional","url":"https:\/\/www.eldiario.net\/portal\/","logo":{"@type":"ImageObject","inLanguage":"es","@id":"https:\/\/www.eldiario.net\/portal\/#\/schema\/logo\/image\/","url":"https:\/\/www.eldiario.net\/portal\/wp-content\/uploads\/2023\/07\/logo_ED.jpg","contentUrl":"https:\/\/www.eldiario.net\/portal\/wp-content\/uploads\/2023\/07\/logo_ED.jpg","width":272,"height":52,"caption":"El Diario - Decano de la prensa nacional"},"image":{"@id":"https:\/\/www.eldiario.net\/portal\/#\/schema\/logo\/image\/"},"sameAs":["https:\/\/www.facebook.com\/eldiario.bolivia\/","https:\/\/x.com\/eldiario_net"]},{"@type":"Person","@id":"https:\/\/www.eldiario.net\/portal\/#\/schema\/person\/f46445640444750d7d753ccd04ae01b7","name":"Jeanette","image":{"@type":"ImageObject","inLanguage":"es","@id":"https:\/\/secure.gravatar.com\/avatar\/3ea2118a5f7dad2b7138b1187a6b7ee55f160b9968b66013c3a3ef39dd7e5798?s=96&d=mm&r=g","url":"https:\/\/secure.gravatar.com\/avatar\/3ea2118a5f7dad2b7138b1187a6b7ee55f160b9968b66013c3a3ef39dd7e5798?s=96&d=mm&r=g","contentUrl":"https:\/\/secure.gravatar.com\/avatar\/3ea2118a5f7dad2b7138b1187a6b7ee55f160b9968b66013c3a3ef39dd7e5798?s=96&d=mm&r=g","caption":"Jeanette"},"sameAs":["https:\/\/www.eldiario.net\/portal"],"url":"https:\/\/www.eldiario.net\/portal\/author\/jeanette\/"}]}},"_links":{"self":[{"href":"https:\/\/www.eldiario.net\/portal\/wp-json\/wp\/v2\/posts\/4509","targetHints":{"allow":["GET"]}}],"collection":[{"href":"https:\/\/www.eldiario.net\/portal\/wp-json\/wp\/v2\/posts"}],"about":[{"href":"https:\/\/www.eldiario.net\/portal\/wp-json\/wp\/v2\/types\/post"}],"author":[{"embeddable":true,"href":"https:\/\/www.eldiario.net\/portal\/wp-json\/wp\/v2\/users\/1"}],"replies":[{"embeddable":true,"href":"https:\/\/www.eldiario.net\/portal\/wp-json\/wp\/v2\/comments?post=4509"}],"version-history":[{"count":0,"href":"https:\/\/www.eldiario.net\/portal\/wp-json\/wp\/v2\/posts\/4509\/revisions"}],"wp:featuredmedia":[{"embeddable":true,"href":"https:\/\/www.eldiario.net\/portal\/wp-json\/wp\/v2\/media\/4510"}],"wp:attachment":[{"href":"https:\/\/www.eldiario.net\/portal\/wp-json\/wp\/v2\/media?parent=4509"}],"wp:term":[{"taxonomy":"category","embeddable":true,"href":"https:\/\/www.eldiario.net\/portal\/wp-json\/wp\/v2\/categories?post=4509"},{"taxonomy":"post_tag","embeddable":true,"href":"https:\/\/www.eldiario.net\/portal\/wp-json\/wp\/v2\/tags?post=4509"}],"curies":[{"name":"wp","href":"https:\/\/api.w.org\/{rel}","templated":true}]}}