{"id":4506,"date":"2021-05-17T06:34:54","date_gmt":"2021-05-17T10:34:54","guid":{"rendered":"https:\/\/www.eldiario.net\/portal\/?p=4506"},"modified":"2021-05-17T06:34:54","modified_gmt":"2021-05-17T10:34:54","slug":"iglesia-pide-a-periodistas-conocer-la-verdad-antes-de-comunicarla","status":"publish","type":"post","link":"https:\/\/www.eldiario.net\/portal\/2021\/05\/17\/iglesia-pide-a-periodistas-conocer-la-verdad-antes-de-comunicarla\/","title":{"rendered":"Iglesia pide a periodistas conocer la verdad antes de comunicarla"},"content":{"rendered":"<p>El arzobispo de Santa Cruz, monse\u00f1or Sergio Gualberti, exhort\u00f3 ayer a los profesionales bolivianos de la comunicaci\u00f3n, a acoger el desaf\u00edo del papa Francisco de comunicar encontrando a la fuente, lo que supone hacer un esfuerzo para conocer la verdad y comunicarla a trav\u00e9s de los medios de comunicaci\u00f3n y las redes sociales.<br \/>\nLa reflexi\u00f3n surge al celebrar la Jornada Mundial para la Comunicaci\u00f3n Social instaurada por la Iglesia Cat\u00f3lica, coincidente con la solemnidad cristiana del D\u00eda de la Ascensi\u00f3n que se celebr\u00f3 ayer, cuarenta d\u00edas despu\u00e9s del Domingo de Resurrecci\u00f3n.<br \/>\nGualberti sostuvo que, aprovechando la comunicaci\u00f3n digital, la Iglesia tambi\u00e9n opt\u00f3 por comunicar el evangelio a trav\u00e9s de los medios y redes sociales que \u201cya son parte de integral de nuestra vida en todos los \u00e1mbitos\u201d.<br \/>\nIndic\u00f3 que el mensaje del papa Francisco est\u00e1 dirigido a los profesionales de la comunicaci\u00f3n, comentando las palabras de Jes\u00fas: \u201cven y ver\u00e1s\u201d.<br \/>\nDijo que el \u201cven y lo ver\u00e1s\u201d es el m\u00e9todo sencillo para conocer la verdad, es la verificaci\u00f3n m\u00e1s honesta de todo anuncio porque para conocer es necesario encontrar y permitir que aqu\u00e9l que tenemos al frente hable y su testimonio nos alcance.<br \/>\nIndic\u00f3 que, gracias a la valent\u00eda y compromiso de tantos profesionales de la comunicaci\u00f3n, periodistas, camar\u00f3grafos, montadores, directores que a menudo trabajan corriendo tantos riesgos, hoy se conocen las dif\u00edciles condiciones en que viven las minor\u00edas perseguidas en varias partes del mundo, los innumerables abusos e injusticias contra los pobres y muchas guerras que se han contado.<br \/>\n\u201cSer\u00eda una p\u00e9rdida no s\u00f3lo para la informaci\u00f3n, sino para toda la sociedad y para la democracia si estas voces desaparecieran, ser\u00eda un empobrecimiento para nuestra humanidad\u201d, afirm\u00f3 monse\u00f1or Gualberti citando otra parte del mensaje del papa Francisco.<br \/>\nAfirm\u00f3 que la era digital nos da la posibilidad de tener informaci\u00f3n oportuna y de primera mano, a veces muy \u00fatil; pero tambi\u00e9n se ha vuelto un riesgo de tener una comunicaci\u00f3n social carente de controles y f\u00e1cil de manipular, report\u00f3 Erbol.<br \/>\nConsidera que, ante esta situaci\u00f3n, es necesaria una mayor capacidad de discernimiento y una responsabilidad madura, tanto cuando se difunden, como cuando se reciben los contenidos a trav\u00e9s de las redes sociales y medios de comunicaci\u00f3n social.<\/p>\n","protected":false},"excerpt":{"rendered":"<p>El arzobispo de Santa Cruz, monse\u00f1or Sergio Gualberti, exhort\u00f3 ayer a los profesionales bolivianos de la comunicaci\u00f3n, a acoger el desaf\u00edo del papa Francisco de comunicar encontrando a la fuente, lo que supone hacer un esfuerzo para conocer la verdad y comunicarla a trav\u00e9s de los medios de comunicaci\u00f3n y las redes sociales. La reflexi\u00f3n [&hellip;]<\/p>\n","protected":false},"author":1,"featured_media":4507,"comment_status":"closed","ping_status":"closed","sticky":false,"template":"","format":"standard","meta":{"_acf_changed":false,"footnotes":""},"categories":[12],"tags":[],"class_list":["post-4506","post","type-post","status-publish","format-standard","has-post-thumbnail","category-nacional"],"acf":{"antetitulo":""},"yoast_head":"<!-- This site is optimized with the Yoast SEO plugin v28.3 - https:\/\/yoast.com\/product\/yoast-seo-wordpress\/ -->\n<title>Iglesia pide a periodistas conocer la verdad antes de comunicarla - El Diario - Bolivia<\/title>\n<meta name=\"robots\" content=\"index, follow, max-snippet:-1, max-image-preview:large, max-video-preview:-1\" \/>\n<link rel=\"canonical\" href=\"https:\/\/www.eldiario.net\/portal\/2021\/05\/17\/iglesia-pide-a-periodistas-conocer-la-verdad-antes-de-comunicarla\/\" \/>\n<meta property=\"og:locale\" content=\"es_ES\" \/>\n<meta property=\"og:type\" content=\"article\" \/>\n<meta property=\"og:title\" content=\"Iglesia pide a periodistas conocer la verdad antes de comunicarla - El Diario - Bolivia\" \/>\n<meta property=\"og:description\" content=\"El arzobispo de Santa Cruz, monse\u00f1or Sergio Gualberti, exhort\u00f3 ayer a los profesionales bolivianos de la comunicaci\u00f3n, a acoger el desaf\u00edo del papa Francisco de comunicar encontrando a la fuente, lo que supone hacer un esfuerzo para conocer la verdad y comunicarla a trav\u00e9s de los medios de comunicaci\u00f3n y las redes sociales. La reflexi\u00f3n [&hellip;]\" \/>\n<meta property=\"og:url\" content=\"https:\/\/www.eldiario.net\/portal\/2021\/05\/17\/iglesia-pide-a-periodistas-conocer-la-verdad-antes-de-comunicarla\/\" \/>\n<meta property=\"og:site_name\" content=\"El Diario - Bolivia\" \/>\n<meta property=\"article:publisher\" content=\"https:\/\/www.facebook.com\/eldiario.bolivia\/\" \/>\n<meta property=\"article:published_time\" content=\"2021-05-17T10:34:54+00:00\" \/>\n<meta name=\"author\" content=\"Jeanette\" \/>\n<meta name=\"twitter:card\" content=\"summary_large_image\" \/>\n<meta name=\"twitter:creator\" content=\"@eldiario_net\" \/>\n<meta name=\"twitter:site\" content=\"@eldiario_net\" \/>\n<meta name=\"twitter:label1\" content=\"Escrito por\" \/>\n\t<meta name=\"twitter:data1\" content=\"Jeanette\" \/>\n\t<meta name=\"twitter:label2\" content=\"Tiempo de lectura\" \/>\n\t<meta name=\"twitter:data2\" content=\"2 minutos\" \/>\n<script type=\"application\/ld+json\" class=\"yoast-schema-graph\">{\"@context\":\"https:\\\/\\\/schema.org\",\"@graph\":[{\"@type\":\"Article\",\"@id\":\"https:\\\/\\\/www.eldiario.net\\\/portal\\\/2021\\\/05\\\/17\\\/iglesia-pide-a-periodistas-conocer-la-verdad-antes-de-comunicarla\\\/#article\",\"isPartOf\":{\"@id\":\"https:\\\/\\\/www.eldiario.net\\\/portal\\\/2021\\\/05\\\/17\\\/iglesia-pide-a-periodistas-conocer-la-verdad-antes-de-comunicarla\\\/\"},\"author\":{\"name\":\"Jeanette\",\"@id\":\"https:\\\/\\\/www.eldiario.net\\\/portal\\\/#\\\/schema\\\/person\\\/f46445640444750d7d753ccd04ae01b7\"},\"headline\":\"Iglesia pide a periodistas conocer la verdad antes de comunicarla\",\"datePublished\":\"2021-05-17T10:34:54+00:00\",\"mainEntityOfPage\":{\"@id\":\"https:\\\/\\\/www.eldiario.net\\\/portal\\\/2021\\\/05\\\/17\\\/iglesia-pide-a-periodistas-conocer-la-verdad-antes-de-comunicarla\\\/\"},\"wordCount\":419,\"publisher\":{\"@id\":\"https:\\\/\\\/www.eldiario.net\\\/portal\\\/#organization\"},\"image\":{\"@id\":\"https:\\\/\\\/www.eldiario.net\\\/portal\\\/2021\\\/05\\\/17\\\/iglesia-pide-a-periodistas-conocer-la-verdad-antes-de-comunicarla\\\/#primaryimage\"},\"thumbnailUrl\":\"\",\"articleSection\":[\"Nacional\"],\"inLanguage\":\"es\"},{\"@type\":\"WebPage\",\"@id\":\"https:\\\/\\\/www.eldiario.net\\\/portal\\\/2021\\\/05\\\/17\\\/iglesia-pide-a-periodistas-conocer-la-verdad-antes-de-comunicarla\\\/\",\"url\":\"https:\\\/\\\/www.eldiario.net\\\/portal\\\/2021\\\/05\\\/17\\\/iglesia-pide-a-periodistas-conocer-la-verdad-antes-de-comunicarla\\\/\",\"name\":\"Iglesia pide a periodistas conocer la verdad antes de comunicarla - El Diario - Bolivia\",\"isPartOf\":{\"@id\":\"https:\\\/\\\/www.eldiario.net\\\/portal\\\/#website\"},\"primaryImageOfPage\":{\"@id\":\"https:\\\/\\\/www.eldiario.net\\\/portal\\\/2021\\\/05\\\/17\\\/iglesia-pide-a-periodistas-conocer-la-verdad-antes-de-comunicarla\\\/#primaryimage\"},\"image\":{\"@id\":\"https:\\\/\\\/www.eldiario.net\\\/portal\\\/2021\\\/05\\\/17\\\/iglesia-pide-a-periodistas-conocer-la-verdad-antes-de-comunicarla\\\/#primaryimage\"},\"thumbnailUrl\":\"\",\"datePublished\":\"2021-05-17T10:34:54+00:00\",\"breadcrumb\":{\"@id\":\"https:\\\/\\\/www.eldiario.net\\\/portal\\\/2021\\\/05\\\/17\\\/iglesia-pide-a-periodistas-conocer-la-verdad-antes-de-comunicarla\\\/#breadcrumb\"},\"inLanguage\":\"es\",\"potentialAction\":[{\"@type\":\"ReadAction\",\"target\":[\"https:\\\/\\\/www.eldiario.net\\\/portal\\\/2021\\\/05\\\/17\\\/iglesia-pide-a-periodistas-conocer-la-verdad-antes-de-comunicarla\\\/\"]}]},{\"@type\":\"ImageObject\",\"inLanguage\":\"es\",\"@id\":\"https:\\\/\\\/www.eldiario.net\\\/portal\\\/2021\\\/05\\\/17\\\/iglesia-pide-a-periodistas-conocer-la-verdad-antes-de-comunicarla\\\/#primaryimage\",\"url\":\"\",\"contentUrl\":\"\"},{\"@type\":\"BreadcrumbList\",\"@id\":\"https:\\\/\\\/www.eldiario.net\\\/portal\\\/2021\\\/05\\\/17\\\/iglesia-pide-a-periodistas-conocer-la-verdad-antes-de-comunicarla\\\/#breadcrumb\",\"itemListElement\":[{\"@type\":\"ListItem\",\"position\":1,\"name\":\"Portada\",\"item\":\"https:\\\/\\\/www.eldiario.net\\\/portal\\\/\"},{\"@type\":\"ListItem\",\"position\":2,\"name\":\"Iglesia pide a periodistas conocer la verdad antes de comunicarla\"}]},{\"@type\":\"WebSite\",\"@id\":\"https:\\\/\\\/www.eldiario.net\\\/portal\\\/#website\",\"url\":\"https:\\\/\\\/www.eldiario.net\\\/portal\\\/\",\"name\":\"El Diario - Decano de la prensa nacional\",\"description\":\"El Diario - Decano de la prensa nacional\",\"publisher\":{\"@id\":\"https:\\\/\\\/www.eldiario.net\\\/portal\\\/#organization\"},\"potentialAction\":[{\"@type\":\"SearchAction\",\"target\":{\"@type\":\"EntryPoint\",\"urlTemplate\":\"https:\\\/\\\/www.eldiario.net\\\/portal\\\/?s={search_term_string}\"},\"query-input\":{\"@type\":\"PropertyValueSpecification\",\"valueRequired\":true,\"valueName\":\"search_term_string\"}}],\"inLanguage\":\"es\"},{\"@type\":\"Organization\",\"@id\":\"https:\\\/\\\/www.eldiario.net\\\/portal\\\/#organization\",\"name\":\"El Diario - Decano de la prensa nacional\",\"url\":\"https:\\\/\\\/www.eldiario.net\\\/portal\\\/\",\"logo\":{\"@type\":\"ImageObject\",\"inLanguage\":\"es\",\"@id\":\"https:\\\/\\\/www.eldiario.net\\\/portal\\\/#\\\/schema\\\/logo\\\/image\\\/\",\"url\":\"https:\\\/\\\/www.eldiario.net\\\/portal\\\/wp-content\\\/uploads\\\/2023\\\/07\\\/logo_ED.jpg\",\"contentUrl\":\"https:\\\/\\\/www.eldiario.net\\\/portal\\\/wp-content\\\/uploads\\\/2023\\\/07\\\/logo_ED.jpg\",\"width\":272,\"height\":52,\"caption\":\"El Diario - Decano de la prensa nacional\"},\"image\":{\"@id\":\"https:\\\/\\\/www.eldiario.net\\\/portal\\\/#\\\/schema\\\/logo\\\/image\\\/\"},\"sameAs\":[\"https:\\\/\\\/www.facebook.com\\\/eldiario.bolivia\\\/\",\"https:\\\/\\\/x.com\\\/eldiario_net\"]},{\"@type\":\"Person\",\"@id\":\"https:\\\/\\\/www.eldiario.net\\\/portal\\\/#\\\/schema\\\/person\\\/f46445640444750d7d753ccd04ae01b7\",\"name\":\"Jeanette\",\"image\":{\"@type\":\"ImageObject\",\"inLanguage\":\"es\",\"@id\":\"https:\\\/\\\/secure.gravatar.com\\\/avatar\\\/3ea2118a5f7dad2b7138b1187a6b7ee55f160b9968b66013c3a3ef39dd7e5798?s=96&d=mm&r=g\",\"url\":\"https:\\\/\\\/secure.gravatar.com\\\/avatar\\\/3ea2118a5f7dad2b7138b1187a6b7ee55f160b9968b66013c3a3ef39dd7e5798?s=96&d=mm&r=g\",\"contentUrl\":\"https:\\\/\\\/secure.gravatar.com\\\/avatar\\\/3ea2118a5f7dad2b7138b1187a6b7ee55f160b9968b66013c3a3ef39dd7e5798?s=96&d=mm&r=g\",\"caption\":\"Jeanette\"},\"sameAs\":[\"https:\\\/\\\/www.eldiario.net\\\/portal\"],\"url\":\"https:\\\/\\\/www.eldiario.net\\\/portal\\\/author\\\/jeanette\\\/\"}]}<\/script>\n<!-- \/ Yoast SEO plugin. -->","yoast_head_json":{"title":"Iglesia pide a periodistas conocer la verdad antes de comunicarla - El Diario - Bolivia","robots":{"index":"index","follow":"follow","max-snippet":"max-snippet:-1","max-image-preview":"max-image-preview:large","max-video-preview":"max-video-preview:-1"},"canonical":"https:\/\/www.eldiario.net\/portal\/2021\/05\/17\/iglesia-pide-a-periodistas-conocer-la-verdad-antes-de-comunicarla\/","og_locale":"es_ES","og_type":"article","og_title":"Iglesia pide a periodistas conocer la verdad antes de comunicarla - El Diario - Bolivia","og_description":"El arzobispo de Santa Cruz, monse\u00f1or Sergio Gualberti, exhort\u00f3 ayer a los profesionales bolivianos de la comunicaci\u00f3n, a acoger el desaf\u00edo del papa Francisco de comunicar encontrando a la fuente, lo que supone hacer un esfuerzo para conocer la verdad y comunicarla a trav\u00e9s de los medios de comunicaci\u00f3n y las redes sociales. La reflexi\u00f3n [&hellip;]","og_url":"https:\/\/www.eldiario.net\/portal\/2021\/05\/17\/iglesia-pide-a-periodistas-conocer-la-verdad-antes-de-comunicarla\/","og_site_name":"El Diario - Bolivia","article_publisher":"https:\/\/www.facebook.com\/eldiario.bolivia\/","article_published_time":"2021-05-17T10:34:54+00:00","author":"Jeanette","twitter_card":"summary_large_image","twitter_creator":"@eldiario_net","twitter_site":"@eldiario_net","twitter_misc":{"Escrito por":"Jeanette","Tiempo de lectura":"2 minutos"},"schema":{"@context":"https:\/\/schema.org","@graph":[{"@type":"Article","@id":"https:\/\/www.eldiario.net\/portal\/2021\/05\/17\/iglesia-pide-a-periodistas-conocer-la-verdad-antes-de-comunicarla\/#article","isPartOf":{"@id":"https:\/\/www.eldiario.net\/portal\/2021\/05\/17\/iglesia-pide-a-periodistas-conocer-la-verdad-antes-de-comunicarla\/"},"author":{"name":"Jeanette","@id":"https:\/\/www.eldiario.net\/portal\/#\/schema\/person\/f46445640444750d7d753ccd04ae01b7"},"headline":"Iglesia pide a periodistas conocer la verdad antes de comunicarla","datePublished":"2021-05-17T10:34:54+00:00","mainEntityOfPage":{"@id":"https:\/\/www.eldiario.net\/portal\/2021\/05\/17\/iglesia-pide-a-periodistas-conocer-la-verdad-antes-de-comunicarla\/"},"wordCount":419,"publisher":{"@id":"https:\/\/www.eldiario.net\/portal\/#organization"},"image":{"@id":"https:\/\/www.eldiario.net\/portal\/2021\/05\/17\/iglesia-pide-a-periodistas-conocer-la-verdad-antes-de-comunicarla\/#primaryimage"},"thumbnailUrl":"","articleSection":["Nacional"],"inLanguage":"es"},{"@type":"WebPage","@id":"https:\/\/www.eldiario.net\/portal\/2021\/05\/17\/iglesia-pide-a-periodistas-conocer-la-verdad-antes-de-comunicarla\/","url":"https:\/\/www.eldiario.net\/portal\/2021\/05\/17\/iglesia-pide-a-periodistas-conocer-la-verdad-antes-de-comunicarla\/","name":"Iglesia pide a periodistas conocer la verdad antes de comunicarla - El Diario - Bolivia","isPartOf":{"@id":"https:\/\/www.eldiario.net\/portal\/#website"},"primaryImageOfPage":{"@id":"https:\/\/www.eldiario.net\/portal\/2021\/05\/17\/iglesia-pide-a-periodistas-conocer-la-verdad-antes-de-comunicarla\/#primaryimage"},"image":{"@id":"https:\/\/www.eldiario.net\/portal\/2021\/05\/17\/iglesia-pide-a-periodistas-conocer-la-verdad-antes-de-comunicarla\/#primaryimage"},"thumbnailUrl":"","datePublished":"2021-05-17T10:34:54+00:00","breadcrumb":{"@id":"https:\/\/www.eldiario.net\/portal\/2021\/05\/17\/iglesia-pide-a-periodistas-conocer-la-verdad-antes-de-comunicarla\/#breadcrumb"},"inLanguage":"es","potentialAction":[{"@type":"ReadAction","target":["https:\/\/www.eldiario.net\/portal\/2021\/05\/17\/iglesia-pide-a-periodistas-conocer-la-verdad-antes-de-comunicarla\/"]}]},{"@type":"ImageObject","inLanguage":"es","@id":"https:\/\/www.eldiario.net\/portal\/2021\/05\/17\/iglesia-pide-a-periodistas-conocer-la-verdad-antes-de-comunicarla\/#primaryimage","url":"","contentUrl":""},{"@type":"BreadcrumbList","@id":"https:\/\/www.eldiario.net\/portal\/2021\/05\/17\/iglesia-pide-a-periodistas-conocer-la-verdad-antes-de-comunicarla\/#breadcrumb","itemListElement":[{"@type":"ListItem","position":1,"name":"Portada","item":"https:\/\/www.eldiario.net\/portal\/"},{"@type":"ListItem","position":2,"name":"Iglesia pide a periodistas conocer la verdad antes de comunicarla"}]},{"@type":"WebSite","@id":"https:\/\/www.eldiario.net\/portal\/#website","url":"https:\/\/www.eldiario.net\/portal\/","name":"El Diario - Decano de la prensa nacional","description":"El Diario - Decano de la prensa nacional","publisher":{"@id":"https:\/\/www.eldiario.net\/portal\/#organization"},"potentialAction":[{"@type":"SearchAction","target":{"@type":"EntryPoint","urlTemplate":"https:\/\/www.eldiario.net\/portal\/?s={search_term_string}"},"query-input":{"@type":"PropertyValueSpecification","valueRequired":true,"valueName":"search_term_string"}}],"inLanguage":"es"},{"@type":"Organization","@id":"https:\/\/www.eldiario.net\/portal\/#organization","name":"El Diario - Decano de la prensa nacional","url":"https:\/\/www.eldiario.net\/portal\/","logo":{"@type":"ImageObject","inLanguage":"es","@id":"https:\/\/www.eldiario.net\/portal\/#\/schema\/logo\/image\/","url":"https:\/\/www.eldiario.net\/portal\/wp-content\/uploads\/2023\/07\/logo_ED.jpg","contentUrl":"https:\/\/www.eldiario.net\/portal\/wp-content\/uploads\/2023\/07\/logo_ED.jpg","width":272,"height":52,"caption":"El Diario - Decano de la prensa nacional"},"image":{"@id":"https:\/\/www.eldiario.net\/portal\/#\/schema\/logo\/image\/"},"sameAs":["https:\/\/www.facebook.com\/eldiario.bolivia\/","https:\/\/x.com\/eldiario_net"]},{"@type":"Person","@id":"https:\/\/www.eldiario.net\/portal\/#\/schema\/person\/f46445640444750d7d753ccd04ae01b7","name":"Jeanette","image":{"@type":"ImageObject","inLanguage":"es","@id":"https:\/\/secure.gravatar.com\/avatar\/3ea2118a5f7dad2b7138b1187a6b7ee55f160b9968b66013c3a3ef39dd7e5798?s=96&d=mm&r=g","url":"https:\/\/secure.gravatar.com\/avatar\/3ea2118a5f7dad2b7138b1187a6b7ee55f160b9968b66013c3a3ef39dd7e5798?s=96&d=mm&r=g","contentUrl":"https:\/\/secure.gravatar.com\/avatar\/3ea2118a5f7dad2b7138b1187a6b7ee55f160b9968b66013c3a3ef39dd7e5798?s=96&d=mm&r=g","caption":"Jeanette"},"sameAs":["https:\/\/www.eldiario.net\/portal"],"url":"https:\/\/www.eldiario.net\/portal\/author\/jeanette\/"}]}},"_links":{"self":[{"href":"https:\/\/www.eldiario.net\/portal\/wp-json\/wp\/v2\/posts\/4506","targetHints":{"allow":["GET"]}}],"collection":[{"href":"https:\/\/www.eldiario.net\/portal\/wp-json\/wp\/v2\/posts"}],"about":[{"href":"https:\/\/www.eldiario.net\/portal\/wp-json\/wp\/v2\/types\/post"}],"author":[{"embeddable":true,"href":"https:\/\/www.eldiario.net\/portal\/wp-json\/wp\/v2\/users\/1"}],"replies":[{"embeddable":true,"href":"https:\/\/www.eldiario.net\/portal\/wp-json\/wp\/v2\/comments?post=4506"}],"version-history":[{"count":0,"href":"https:\/\/www.eldiario.net\/portal\/wp-json\/wp\/v2\/posts\/4506\/revisions"}],"wp:attachment":[{"href":"https:\/\/www.eldiario.net\/portal\/wp-json\/wp\/v2\/media?parent=4506"}],"wp:term":[{"taxonomy":"category","embeddable":true,"href":"https:\/\/www.eldiario.net\/portal\/wp-json\/wp\/v2\/categories?post=4506"},{"taxonomy":"post_tag","embeddable":true,"href":"https:\/\/www.eldiario.net\/portal\/wp-json\/wp\/v2\/tags?post=4506"}],"curies":[{"name":"wp","href":"https:\/\/api.w.org\/{rel}","templated":true}]}}