{"id":4502,"date":"2021-05-17T06:33:59","date_gmt":"2021-05-17T10:33:59","guid":{"rendered":"https:\/\/www.eldiario.net\/portal\/?p=4502"},"modified":"2021-05-17T06:33:59","modified_gmt":"2021-05-17T10:33:59","slug":"basura-llegada-de-urbes-perjudica-a-region-rural","status":"publish","type":"post","link":"https:\/\/www.eldiario.net\/portal\/2021\/05\/17\/basura-llegada-de-urbes-perjudica-a-region-rural\/","title":{"rendered":"Basura llegada de urbes perjudica a regi\u00f3n rural"},"content":{"rendered":"<p>El dirigente Juli\u00e1n Quispe lament\u00f3 la situaci\u00f3n que vive la poblaci\u00f3n de la Subcentral Chojasavi, ubicada en orillas del Lago Menor del Titicaca, debido a que la basura arrastrada desde las urbes ha generado una crisis que afecta las actividades econ\u00f3micas de los habitantes, al punto de impulsarlos a emigrar porque ya no tienen con qu\u00e9 sostenerse.<br \/>\nEn entrevista con Erbol, el dirigente record\u00f3 que las familias del sector pod\u00edan solventarse con la pesca, debido a la abundancia de los peces que hab\u00eda en dichas aguas, pero ahora la contaminaci\u00f3n ha afectado de tal manera que los habitantes tienen que buscar nuevos horizontes para sobrevivir.<br \/>\nEn las aguas que llegan a Chojasavi, sucias por la contaminaci\u00f3n, se pueden ver pl\u00e1sticos, particularmente botellas, pero tambi\u00e9n otros desechos como agujas, hojas de afeitar y hasta cad\u00e1veres de perros.<br \/>\nRecientemente, surgieron denuncias sobre la contaminaci\u00f3n que provoca la explotaci\u00f3n minera del oro en sectores altipl\u00e1nicos, las aguas con mercurio llegan al lago Titicaca a trav\u00e9s del r\u00edo Suches, en \u00e9poca que el agua de los afluentes deben tener agua cristalina el l\u00edquido vital es completamente turbio, es otro aspecto que pone en peligro la naturaleza en orillas del lago.<br \/>\nQuispe explic\u00f3 que la basura llega desde la ciudad de El Alto, a trav\u00e9s del r\u00edo Katari, pero tambi\u00e9n se arrastra los desechos de Viacha y Laja hasta llegar a Pucarani.<br \/>\nDijo que por esa contaminaci\u00f3n est\u00e1n desapareciendo no solamente los peces, sino tambi\u00e9n las algas. A eso se suma que los animales, como vacas y ovejas, toman de esa corriente, lo cual genera otro problema sanitario.<br \/>\nAnte esa situaci\u00f3n, seg\u00fan el dirigente originario, los j\u00f3venes de Chojasavi est\u00e1n emigrando hacia las ciudades y el exterior, porque ya no tienen con qu\u00e9 sustentarse en su tierra natal.<br \/>\nSuplic\u00f3 a las autoridades tomar cartas en el asunto y colaborar con maquinaria para limpiar las aguas y, adem\u00e1s, se instalen redes o alg\u00fan mecanismo para evitar que la basura llegue al lugar.<br \/>\nPara los comunarios es complicado limpiar las aguas, porque ingresan en ellas y sufren heridas en los pies debido a los desechos cortantes, acot\u00f3 la autoridad. Alert\u00f3 que, sin la limpieza de las aguas, la situaci\u00f3n empeorar\u00e1 y se tornar\u00e1 terrible.<\/p>\n<figure id=\"attachment_4504\" aria-describedby=\"caption-attachment-4504\" style=\"width: 300px\" class=\"wp-caption alignleft\"><img loading=\"lazy\" decoding=\"async\" class=\"size-medium wp-image-4504\" src=\"https:\/\/www.eldiario.net\/portal\/wp-content\/uploads\/2021\/05\/4LP-2-300x169.jpg\" alt=\"\" width=\"300\" height=\"169\" \/><figcaption id=\"caption-attachment-4504\" class=\"wp-caption-text\">Antes los r\u00edos ten\u00edan peces y se pod\u00eda cultivar, ahora los j\u00f3venes se van del lugar en busca de trabajo, afirman los afectados.<\/figcaption><\/figure>\n","protected":false},"excerpt":{"rendered":"<p>El dirigente Juli\u00e1n Quispe lament\u00f3 la situaci\u00f3n que vive la poblaci\u00f3n de la Subcentral Chojasavi, ubicada en orillas del Lago Menor del Titicaca, debido a que la basura arrastrada desde las urbes ha generado una crisis que afecta las actividades econ\u00f3micas de los habitantes, al punto de impulsarlos a emigrar porque ya no tienen con [&hellip;]<\/p>\n","protected":false},"author":1,"featured_media":4503,"comment_status":"closed","ping_status":"closed","sticky":false,"template":"","format":"standard","meta":{"_acf_changed":false,"footnotes":""},"categories":[12],"tags":[],"class_list":["post-4502","post","type-post","status-publish","format-standard","has-post-thumbnail","category-nacional"],"acf":{"antetitulo":""},"yoast_head":"<!-- This site is optimized with the Yoast SEO plugin v28.3 - https:\/\/yoast.com\/product\/yoast-seo-wordpress\/ -->\n<title>Basura llegada de urbes perjudica a regi\u00f3n rural - El Diario - Bolivia<\/title>\n<meta name=\"robots\" content=\"index, follow, max-snippet:-1, max-image-preview:large, max-video-preview:-1\" \/>\n<link rel=\"canonical\" href=\"https:\/\/www.eldiario.net\/portal\/2021\/05\/17\/basura-llegada-de-urbes-perjudica-a-region-rural\/\" \/>\n<meta property=\"og:locale\" content=\"es_ES\" \/>\n<meta property=\"og:type\" content=\"article\" \/>\n<meta property=\"og:title\" content=\"Basura llegada de urbes perjudica a regi\u00f3n rural - El Diario - Bolivia\" \/>\n<meta property=\"og:description\" content=\"El dirigente Juli\u00e1n Quispe lament\u00f3 la situaci\u00f3n que vive la poblaci\u00f3n de la Subcentral Chojasavi, ubicada en orillas del Lago Menor del Titicaca, debido a que la basura arrastrada desde las urbes ha generado una crisis que afecta las actividades econ\u00f3micas de los habitantes, al punto de impulsarlos a emigrar porque ya no tienen con [&hellip;]\" \/>\n<meta property=\"og:url\" content=\"https:\/\/www.eldiario.net\/portal\/2021\/05\/17\/basura-llegada-de-urbes-perjudica-a-region-rural\/\" \/>\n<meta property=\"og:site_name\" content=\"El Diario - Bolivia\" \/>\n<meta property=\"article:publisher\" content=\"https:\/\/www.facebook.com\/eldiario.bolivia\/\" \/>\n<meta property=\"article:published_time\" content=\"2021-05-17T10:33:59+00:00\" \/>\n<meta name=\"author\" content=\"Jeanette\" \/>\n<meta name=\"twitter:card\" content=\"summary_large_image\" \/>\n<meta name=\"twitter:creator\" content=\"@eldiario_net\" \/>\n<meta name=\"twitter:site\" content=\"@eldiario_net\" \/>\n<meta name=\"twitter:label1\" content=\"Escrito por\" \/>\n\t<meta name=\"twitter:data1\" content=\"Jeanette\" \/>\n\t<meta name=\"twitter:label2\" content=\"Tiempo de lectura\" \/>\n\t<meta name=\"twitter:data2\" content=\"2 minutos\" \/>\n<script type=\"application\/ld+json\" class=\"yoast-schema-graph\">{\"@context\":\"https:\\\/\\\/schema.org\",\"@graph\":[{\"@type\":\"Article\",\"@id\":\"https:\\\/\\\/www.eldiario.net\\\/portal\\\/2021\\\/05\\\/17\\\/basura-llegada-de-urbes-perjudica-a-region-rural\\\/#article\",\"isPartOf\":{\"@id\":\"https:\\\/\\\/www.eldiario.net\\\/portal\\\/2021\\\/05\\\/17\\\/basura-llegada-de-urbes-perjudica-a-region-rural\\\/\"},\"author\":{\"name\":\"Jeanette\",\"@id\":\"https:\\\/\\\/www.eldiario.net\\\/portal\\\/#\\\/schema\\\/person\\\/f46445640444750d7d753ccd04ae01b7\"},\"headline\":\"Basura llegada de urbes perjudica a regi\u00f3n rural\",\"datePublished\":\"2021-05-17T10:33:59+00:00\",\"mainEntityOfPage\":{\"@id\":\"https:\\\/\\\/www.eldiario.net\\\/portal\\\/2021\\\/05\\\/17\\\/basura-llegada-de-urbes-perjudica-a-region-rural\\\/\"},\"wordCount\":440,\"publisher\":{\"@id\":\"https:\\\/\\\/www.eldiario.net\\\/portal\\\/#organization\"},\"image\":{\"@id\":\"https:\\\/\\\/www.eldiario.net\\\/portal\\\/2021\\\/05\\\/17\\\/basura-llegada-de-urbes-perjudica-a-region-rural\\\/#primaryimage\"},\"thumbnailUrl\":\"\",\"articleSection\":[\"Nacional\"],\"inLanguage\":\"es\"},{\"@type\":\"WebPage\",\"@id\":\"https:\\\/\\\/www.eldiario.net\\\/portal\\\/2021\\\/05\\\/17\\\/basura-llegada-de-urbes-perjudica-a-region-rural\\\/\",\"url\":\"https:\\\/\\\/www.eldiario.net\\\/portal\\\/2021\\\/05\\\/17\\\/basura-llegada-de-urbes-perjudica-a-region-rural\\\/\",\"name\":\"Basura llegada de urbes perjudica a regi\u00f3n rural - El Diario - Bolivia\",\"isPartOf\":{\"@id\":\"https:\\\/\\\/www.eldiario.net\\\/portal\\\/#website\"},\"primaryImageOfPage\":{\"@id\":\"https:\\\/\\\/www.eldiario.net\\\/portal\\\/2021\\\/05\\\/17\\\/basura-llegada-de-urbes-perjudica-a-region-rural\\\/#primaryimage\"},\"image\":{\"@id\":\"https:\\\/\\\/www.eldiario.net\\\/portal\\\/2021\\\/05\\\/17\\\/basura-llegada-de-urbes-perjudica-a-region-rural\\\/#primaryimage\"},\"thumbnailUrl\":\"\",\"datePublished\":\"2021-05-17T10:33:59+00:00\",\"breadcrumb\":{\"@id\":\"https:\\\/\\\/www.eldiario.net\\\/portal\\\/2021\\\/05\\\/17\\\/basura-llegada-de-urbes-perjudica-a-region-rural\\\/#breadcrumb\"},\"inLanguage\":\"es\",\"potentialAction\":[{\"@type\":\"ReadAction\",\"target\":[\"https:\\\/\\\/www.eldiario.net\\\/portal\\\/2021\\\/05\\\/17\\\/basura-llegada-de-urbes-perjudica-a-region-rural\\\/\"]}]},{\"@type\":\"ImageObject\",\"inLanguage\":\"es\",\"@id\":\"https:\\\/\\\/www.eldiario.net\\\/portal\\\/2021\\\/05\\\/17\\\/basura-llegada-de-urbes-perjudica-a-region-rural\\\/#primaryimage\",\"url\":\"\",\"contentUrl\":\"\"},{\"@type\":\"BreadcrumbList\",\"@id\":\"https:\\\/\\\/www.eldiario.net\\\/portal\\\/2021\\\/05\\\/17\\\/basura-llegada-de-urbes-perjudica-a-region-rural\\\/#breadcrumb\",\"itemListElement\":[{\"@type\":\"ListItem\",\"position\":1,\"name\":\"Portada\",\"item\":\"https:\\\/\\\/www.eldiario.net\\\/portal\\\/\"},{\"@type\":\"ListItem\",\"position\":2,\"name\":\"Basura llegada de urbes perjudica a regi\u00f3n rural\"}]},{\"@type\":\"WebSite\",\"@id\":\"https:\\\/\\\/www.eldiario.net\\\/portal\\\/#website\",\"url\":\"https:\\\/\\\/www.eldiario.net\\\/portal\\\/\",\"name\":\"El Diario - Decano de la prensa nacional\",\"description\":\"El Diario - Decano de la prensa nacional\",\"publisher\":{\"@id\":\"https:\\\/\\\/www.eldiario.net\\\/portal\\\/#organization\"},\"potentialAction\":[{\"@type\":\"SearchAction\",\"target\":{\"@type\":\"EntryPoint\",\"urlTemplate\":\"https:\\\/\\\/www.eldiario.net\\\/portal\\\/?s={search_term_string}\"},\"query-input\":{\"@type\":\"PropertyValueSpecification\",\"valueRequired\":true,\"valueName\":\"search_term_string\"}}],\"inLanguage\":\"es\"},{\"@type\":\"Organization\",\"@id\":\"https:\\\/\\\/www.eldiario.net\\\/portal\\\/#organization\",\"name\":\"El Diario - Decano de la prensa nacional\",\"url\":\"https:\\\/\\\/www.eldiario.net\\\/portal\\\/\",\"logo\":{\"@type\":\"ImageObject\",\"inLanguage\":\"es\",\"@id\":\"https:\\\/\\\/www.eldiario.net\\\/portal\\\/#\\\/schema\\\/logo\\\/image\\\/\",\"url\":\"https:\\\/\\\/www.eldiario.net\\\/portal\\\/wp-content\\\/uploads\\\/2023\\\/07\\\/logo_ED.jpg\",\"contentUrl\":\"https:\\\/\\\/www.eldiario.net\\\/portal\\\/wp-content\\\/uploads\\\/2023\\\/07\\\/logo_ED.jpg\",\"width\":272,\"height\":52,\"caption\":\"El Diario - Decano de la prensa nacional\"},\"image\":{\"@id\":\"https:\\\/\\\/www.eldiario.net\\\/portal\\\/#\\\/schema\\\/logo\\\/image\\\/\"},\"sameAs\":[\"https:\\\/\\\/www.facebook.com\\\/eldiario.bolivia\\\/\",\"https:\\\/\\\/x.com\\\/eldiario_net\"]},{\"@type\":\"Person\",\"@id\":\"https:\\\/\\\/www.eldiario.net\\\/portal\\\/#\\\/schema\\\/person\\\/f46445640444750d7d753ccd04ae01b7\",\"name\":\"Jeanette\",\"image\":{\"@type\":\"ImageObject\",\"inLanguage\":\"es\",\"@id\":\"https:\\\/\\\/secure.gravatar.com\\\/avatar\\\/3ea2118a5f7dad2b7138b1187a6b7ee55f160b9968b66013c3a3ef39dd7e5798?s=96&d=mm&r=g\",\"url\":\"https:\\\/\\\/secure.gravatar.com\\\/avatar\\\/3ea2118a5f7dad2b7138b1187a6b7ee55f160b9968b66013c3a3ef39dd7e5798?s=96&d=mm&r=g\",\"contentUrl\":\"https:\\\/\\\/secure.gravatar.com\\\/avatar\\\/3ea2118a5f7dad2b7138b1187a6b7ee55f160b9968b66013c3a3ef39dd7e5798?s=96&d=mm&r=g\",\"caption\":\"Jeanette\"},\"sameAs\":[\"https:\\\/\\\/www.eldiario.net\\\/portal\"],\"url\":\"https:\\\/\\\/www.eldiario.net\\\/portal\\\/author\\\/jeanette\\\/\"}]}<\/script>\n<!-- \/ Yoast SEO plugin. -->","yoast_head_json":{"title":"Basura llegada de urbes perjudica a regi\u00f3n rural - El Diario - Bolivia","robots":{"index":"index","follow":"follow","max-snippet":"max-snippet:-1","max-image-preview":"max-image-preview:large","max-video-preview":"max-video-preview:-1"},"canonical":"https:\/\/www.eldiario.net\/portal\/2021\/05\/17\/basura-llegada-de-urbes-perjudica-a-region-rural\/","og_locale":"es_ES","og_type":"article","og_title":"Basura llegada de urbes perjudica a regi\u00f3n rural - El Diario - Bolivia","og_description":"El dirigente Juli\u00e1n Quispe lament\u00f3 la situaci\u00f3n que vive la poblaci\u00f3n de la Subcentral Chojasavi, ubicada en orillas del Lago Menor del Titicaca, debido a que la basura arrastrada desde las urbes ha generado una crisis que afecta las actividades econ\u00f3micas de los habitantes, al punto de impulsarlos a emigrar porque ya no tienen con [&hellip;]","og_url":"https:\/\/www.eldiario.net\/portal\/2021\/05\/17\/basura-llegada-de-urbes-perjudica-a-region-rural\/","og_site_name":"El Diario - Bolivia","article_publisher":"https:\/\/www.facebook.com\/eldiario.bolivia\/","article_published_time":"2021-05-17T10:33:59+00:00","author":"Jeanette","twitter_card":"summary_large_image","twitter_creator":"@eldiario_net","twitter_site":"@eldiario_net","twitter_misc":{"Escrito por":"Jeanette","Tiempo de lectura":"2 minutos"},"schema":{"@context":"https:\/\/schema.org","@graph":[{"@type":"Article","@id":"https:\/\/www.eldiario.net\/portal\/2021\/05\/17\/basura-llegada-de-urbes-perjudica-a-region-rural\/#article","isPartOf":{"@id":"https:\/\/www.eldiario.net\/portal\/2021\/05\/17\/basura-llegada-de-urbes-perjudica-a-region-rural\/"},"author":{"name":"Jeanette","@id":"https:\/\/www.eldiario.net\/portal\/#\/schema\/person\/f46445640444750d7d753ccd04ae01b7"},"headline":"Basura llegada de urbes perjudica a regi\u00f3n rural","datePublished":"2021-05-17T10:33:59+00:00","mainEntityOfPage":{"@id":"https:\/\/www.eldiario.net\/portal\/2021\/05\/17\/basura-llegada-de-urbes-perjudica-a-region-rural\/"},"wordCount":440,"publisher":{"@id":"https:\/\/www.eldiario.net\/portal\/#organization"},"image":{"@id":"https:\/\/www.eldiario.net\/portal\/2021\/05\/17\/basura-llegada-de-urbes-perjudica-a-region-rural\/#primaryimage"},"thumbnailUrl":"","articleSection":["Nacional"],"inLanguage":"es"},{"@type":"WebPage","@id":"https:\/\/www.eldiario.net\/portal\/2021\/05\/17\/basura-llegada-de-urbes-perjudica-a-region-rural\/","url":"https:\/\/www.eldiario.net\/portal\/2021\/05\/17\/basura-llegada-de-urbes-perjudica-a-region-rural\/","name":"Basura llegada de urbes perjudica a regi\u00f3n rural - El Diario - Bolivia","isPartOf":{"@id":"https:\/\/www.eldiario.net\/portal\/#website"},"primaryImageOfPage":{"@id":"https:\/\/www.eldiario.net\/portal\/2021\/05\/17\/basura-llegada-de-urbes-perjudica-a-region-rural\/#primaryimage"},"image":{"@id":"https:\/\/www.eldiario.net\/portal\/2021\/05\/17\/basura-llegada-de-urbes-perjudica-a-region-rural\/#primaryimage"},"thumbnailUrl":"","datePublished":"2021-05-17T10:33:59+00:00","breadcrumb":{"@id":"https:\/\/www.eldiario.net\/portal\/2021\/05\/17\/basura-llegada-de-urbes-perjudica-a-region-rural\/#breadcrumb"},"inLanguage":"es","potentialAction":[{"@type":"ReadAction","target":["https:\/\/www.eldiario.net\/portal\/2021\/05\/17\/basura-llegada-de-urbes-perjudica-a-region-rural\/"]}]},{"@type":"ImageObject","inLanguage":"es","@id":"https:\/\/www.eldiario.net\/portal\/2021\/05\/17\/basura-llegada-de-urbes-perjudica-a-region-rural\/#primaryimage","url":"","contentUrl":""},{"@type":"BreadcrumbList","@id":"https:\/\/www.eldiario.net\/portal\/2021\/05\/17\/basura-llegada-de-urbes-perjudica-a-region-rural\/#breadcrumb","itemListElement":[{"@type":"ListItem","position":1,"name":"Portada","item":"https:\/\/www.eldiario.net\/portal\/"},{"@type":"ListItem","position":2,"name":"Basura llegada de urbes perjudica a regi\u00f3n rural"}]},{"@type":"WebSite","@id":"https:\/\/www.eldiario.net\/portal\/#website","url":"https:\/\/www.eldiario.net\/portal\/","name":"El Diario - Decano de la prensa nacional","description":"El Diario - Decano de la prensa nacional","publisher":{"@id":"https:\/\/www.eldiario.net\/portal\/#organization"},"potentialAction":[{"@type":"SearchAction","target":{"@type":"EntryPoint","urlTemplate":"https:\/\/www.eldiario.net\/portal\/?s={search_term_string}"},"query-input":{"@type":"PropertyValueSpecification","valueRequired":true,"valueName":"search_term_string"}}],"inLanguage":"es"},{"@type":"Organization","@id":"https:\/\/www.eldiario.net\/portal\/#organization","name":"El Diario - Decano de la prensa nacional","url":"https:\/\/www.eldiario.net\/portal\/","logo":{"@type":"ImageObject","inLanguage":"es","@id":"https:\/\/www.eldiario.net\/portal\/#\/schema\/logo\/image\/","url":"https:\/\/www.eldiario.net\/portal\/wp-content\/uploads\/2023\/07\/logo_ED.jpg","contentUrl":"https:\/\/www.eldiario.net\/portal\/wp-content\/uploads\/2023\/07\/logo_ED.jpg","width":272,"height":52,"caption":"El Diario - Decano de la prensa nacional"},"image":{"@id":"https:\/\/www.eldiario.net\/portal\/#\/schema\/logo\/image\/"},"sameAs":["https:\/\/www.facebook.com\/eldiario.bolivia\/","https:\/\/x.com\/eldiario_net"]},{"@type":"Person","@id":"https:\/\/www.eldiario.net\/portal\/#\/schema\/person\/f46445640444750d7d753ccd04ae01b7","name":"Jeanette","image":{"@type":"ImageObject","inLanguage":"es","@id":"https:\/\/secure.gravatar.com\/avatar\/3ea2118a5f7dad2b7138b1187a6b7ee55f160b9968b66013c3a3ef39dd7e5798?s=96&d=mm&r=g","url":"https:\/\/secure.gravatar.com\/avatar\/3ea2118a5f7dad2b7138b1187a6b7ee55f160b9968b66013c3a3ef39dd7e5798?s=96&d=mm&r=g","contentUrl":"https:\/\/secure.gravatar.com\/avatar\/3ea2118a5f7dad2b7138b1187a6b7ee55f160b9968b66013c3a3ef39dd7e5798?s=96&d=mm&r=g","caption":"Jeanette"},"sameAs":["https:\/\/www.eldiario.net\/portal"],"url":"https:\/\/www.eldiario.net\/portal\/author\/jeanette\/"}]}},"_links":{"self":[{"href":"https:\/\/www.eldiario.net\/portal\/wp-json\/wp\/v2\/posts\/4502","targetHints":{"allow":["GET"]}}],"collection":[{"href":"https:\/\/www.eldiario.net\/portal\/wp-json\/wp\/v2\/posts"}],"about":[{"href":"https:\/\/www.eldiario.net\/portal\/wp-json\/wp\/v2\/types\/post"}],"author":[{"embeddable":true,"href":"https:\/\/www.eldiario.net\/portal\/wp-json\/wp\/v2\/users\/1"}],"replies":[{"embeddable":true,"href":"https:\/\/www.eldiario.net\/portal\/wp-json\/wp\/v2\/comments?post=4502"}],"version-history":[{"count":0,"href":"https:\/\/www.eldiario.net\/portal\/wp-json\/wp\/v2\/posts\/4502\/revisions"}],"wp:attachment":[{"href":"https:\/\/www.eldiario.net\/portal\/wp-json\/wp\/v2\/media?parent=4502"}],"wp:term":[{"taxonomy":"category","embeddable":true,"href":"https:\/\/www.eldiario.net\/portal\/wp-json\/wp\/v2\/categories?post=4502"},{"taxonomy":"post_tag","embeddable":true,"href":"https:\/\/www.eldiario.net\/portal\/wp-json\/wp\/v2\/tags?post=4502"}],"curies":[{"name":"wp","href":"https:\/\/api.w.org\/{rel}","templated":true}]}}