{"id":4466,"date":"2021-05-17T06:16:37","date_gmt":"2021-05-17T10:16:37","guid":{"rendered":"https:\/\/www.eldiario.net\/portal\/?p=4466"},"modified":"2021-05-17T06:16:37","modified_gmt":"2021-05-17T10:16:37","slug":"indigenas-se-forman-en-peritaje-de-agroforesteria-sucesional","status":"publish","type":"post","link":"https:\/\/www.eldiario.net\/portal\/2021\/05\/17\/indigenas-se-forman-en-peritaje-de-agroforesteria-sucesional\/","title":{"rendered":"Ind\u00edgenas se forman en peritaje de Agroforester\u00eda Sucesional"},"content":{"rendered":"<p>Un grupo de mujeres y hombres del Territorio Ind\u00edgena Moje\u00f1o Ignaciano (TIMI) y del Territorio Ind\u00edgena Movima, ambos en el Beni, comenzaron el curso de Agroforester\u00eda Sucesional para certificarse como peritos ind\u00edgenas en la materia y, con ello, adquirir conocimientos t\u00e9cnicos amigables con el bosque, para aplicarlos en el marco de sus planes de vida o gesti\u00f3n territorial.<br \/>\nEl curso inici\u00f3 en abril pasado. El objetivo es que las y los comunarios fortalezcan la gesti\u00f3n integral de sus territorios, a partir de conocer y recuperar alternativas para la implementaci\u00f3n de sus sistemas de producci\u00f3n, como el chaqueo controlado, un mecanismo para evitar que se repitan incendios como los registrados en 2019 y 2020, y al mismo tiempo reducir los efectos de gases de efecto invernadero que est\u00e1n causando el cambio clim\u00e1tico.<br \/>\nEl curso, que es respaldado por la Universidad Cat\u00f3lica Boliviana San Pablo, consta de ocho m\u00f3dulos en los que las y los participantes buscar\u00e1n imitar la composici\u00f3n del bosque en su regeneraci\u00f3n natural de manera sucesional, y a la vez generar productos que ayuden a la subsistencia de las y los comunarios, entre otros beneficios.<br \/>\nEl desarrollo del curso involucra, adem\u00e1s, a las y los habitantes de las comunidades con quienes los futuros peritos interact\u00faan en la implementaci\u00f3n de parcelas demostrativas, que servir\u00e1n como escuela pr\u00e1ctica a lo largo de los ocho meses en los que durar\u00e1 el proceso de formaci\u00f3n.<br \/>\nA partir de esto, se busca que las y los participantes repliquen lo aprendido en sus territorios en el marco de la gesti\u00f3n territorial ind\u00edgena como una alternativa en el fortalecimiento a sus iniciativas productivas.<\/p>\n","protected":false},"excerpt":{"rendered":"<p>Un grupo de mujeres y hombres del Territorio Ind\u00edgena Moje\u00f1o Ignaciano (TIMI) y del Territorio Ind\u00edgena Movima, ambos en el Beni, comenzaron el curso de Agroforester\u00eda Sucesional para certificarse como peritos ind\u00edgenas en la materia y, con ello, adquirir conocimientos t\u00e9cnicos amigables con el bosque, para aplicarlos en el marco de sus planes de vida [&hellip;]<\/p>\n","protected":false},"author":1,"featured_media":4467,"comment_status":"closed","ping_status":"closed","sticky":false,"template":"","format":"standard","meta":{"_acf_changed":false,"footnotes":""},"categories":[12],"tags":[],"class_list":["post-4466","post","type-post","status-publish","format-standard","has-post-thumbnail","category-nacional"],"acf":{"antetitulo":""},"yoast_head":"<!-- This site is optimized with the Yoast SEO plugin v28.4 - https:\/\/yoast.com\/product\/yoast-seo-wordpress\/ -->\n<title>Ind\u00edgenas se forman en peritaje de Agroforester\u00eda Sucesional - El Diario - Bolivia<\/title>\n<meta name=\"robots\" content=\"index, follow, max-snippet:-1, max-image-preview:large, max-video-preview:-1\" \/>\n<link rel=\"canonical\" href=\"https:\/\/www.eldiario.net\/portal\/2021\/05\/17\/indigenas-se-forman-en-peritaje-de-agroforesteria-sucesional\/\" \/>\n<meta property=\"og:locale\" content=\"es_ES\" \/>\n<meta property=\"og:type\" content=\"article\" \/>\n<meta property=\"og:title\" content=\"Ind\u00edgenas se forman en peritaje de Agroforester\u00eda Sucesional - El Diario - Bolivia\" \/>\n<meta property=\"og:description\" content=\"Un grupo de mujeres y hombres del Territorio Ind\u00edgena Moje\u00f1o Ignaciano (TIMI) y del Territorio Ind\u00edgena Movima, ambos en el Beni, comenzaron el curso de Agroforester\u00eda Sucesional para certificarse como peritos ind\u00edgenas en la materia y, con ello, adquirir conocimientos t\u00e9cnicos amigables con el bosque, para aplicarlos en el marco de sus planes de vida [&hellip;]\" \/>\n<meta property=\"og:url\" content=\"https:\/\/www.eldiario.net\/portal\/2021\/05\/17\/indigenas-se-forman-en-peritaje-de-agroforesteria-sucesional\/\" \/>\n<meta property=\"og:site_name\" content=\"El Diario - Bolivia\" \/>\n<meta property=\"article:publisher\" content=\"https:\/\/www.facebook.com\/eldiario.bolivia\/\" \/>\n<meta property=\"article:published_time\" content=\"2021-05-17T10:16:37+00:00\" \/>\n<meta name=\"author\" content=\"Jeanette\" \/>\n<meta name=\"twitter:card\" content=\"summary_large_image\" \/>\n<meta name=\"twitter:creator\" content=\"@eldiario_net\" \/>\n<meta name=\"twitter:site\" content=\"@eldiario_net\" \/>\n<meta name=\"twitter:label1\" content=\"Escrito por\" \/>\n\t<meta name=\"twitter:data1\" content=\"Jeanette\" \/>\n\t<meta name=\"twitter:label2\" content=\"Tiempo de lectura\" \/>\n\t<meta name=\"twitter:data2\" content=\"2 minutos\" \/>\n<script type=\"application\/ld+json\" class=\"yoast-schema-graph\">{\"@context\":\"https:\\\/\\\/schema.org\",\"@graph\":[{\"@type\":\"Article\",\"@id\":\"https:\\\/\\\/www.eldiario.net\\\/portal\\\/2021\\\/05\\\/17\\\/indigenas-se-forman-en-peritaje-de-agroforesteria-sucesional\\\/#article\",\"isPartOf\":{\"@id\":\"https:\\\/\\\/www.eldiario.net\\\/portal\\\/2021\\\/05\\\/17\\\/indigenas-se-forman-en-peritaje-de-agroforesteria-sucesional\\\/\"},\"author\":{\"name\":\"Jeanette\",\"@id\":\"https:\\\/\\\/www.eldiario.net\\\/portal\\\/#\\\/schema\\\/person\\\/2c57cf2b7a7ae032e449e4c9b1019eac\"},\"headline\":\"Ind\u00edgenas se forman en peritaje de Agroforester\u00eda Sucesional\",\"datePublished\":\"2021-05-17T10:16:37+00:00\",\"mainEntityOfPage\":{\"@id\":\"https:\\\/\\\/www.eldiario.net\\\/portal\\\/2021\\\/05\\\/17\\\/indigenas-se-forman-en-peritaje-de-agroforesteria-sucesional\\\/\"},\"wordCount\":300,\"publisher\":{\"@id\":\"https:\\\/\\\/www.eldiario.net\\\/portal\\\/#organization\"},\"image\":{\"@id\":\"https:\\\/\\\/www.eldiario.net\\\/portal\\\/2021\\\/05\\\/17\\\/indigenas-se-forman-en-peritaje-de-agroforesteria-sucesional\\\/#primaryimage\"},\"thumbnailUrl\":\"\",\"articleSection\":[\"Nacional\"],\"inLanguage\":\"es\"},{\"@type\":\"WebPage\",\"@id\":\"https:\\\/\\\/www.eldiario.net\\\/portal\\\/2021\\\/05\\\/17\\\/indigenas-se-forman-en-peritaje-de-agroforesteria-sucesional\\\/\",\"url\":\"https:\\\/\\\/www.eldiario.net\\\/portal\\\/2021\\\/05\\\/17\\\/indigenas-se-forman-en-peritaje-de-agroforesteria-sucesional\\\/\",\"name\":\"Ind\u00edgenas se forman en peritaje de Agroforester\u00eda Sucesional - El Diario - Bolivia\",\"isPartOf\":{\"@id\":\"https:\\\/\\\/www.eldiario.net\\\/portal\\\/#website\"},\"primaryImageOfPage\":{\"@id\":\"https:\\\/\\\/www.eldiario.net\\\/portal\\\/2021\\\/05\\\/17\\\/indigenas-se-forman-en-peritaje-de-agroforesteria-sucesional\\\/#primaryimage\"},\"image\":{\"@id\":\"https:\\\/\\\/www.eldiario.net\\\/portal\\\/2021\\\/05\\\/17\\\/indigenas-se-forman-en-peritaje-de-agroforesteria-sucesional\\\/#primaryimage\"},\"thumbnailUrl\":\"\",\"datePublished\":\"2021-05-17T10:16:37+00:00\",\"breadcrumb\":{\"@id\":\"https:\\\/\\\/www.eldiario.net\\\/portal\\\/2021\\\/05\\\/17\\\/indigenas-se-forman-en-peritaje-de-agroforesteria-sucesional\\\/#breadcrumb\"},\"inLanguage\":\"es\",\"potentialAction\":[{\"@type\":\"ReadAction\",\"target\":[\"https:\\\/\\\/www.eldiario.net\\\/portal\\\/2021\\\/05\\\/17\\\/indigenas-se-forman-en-peritaje-de-agroforesteria-sucesional\\\/\"]}]},{\"@type\":\"ImageObject\",\"inLanguage\":\"es\",\"@id\":\"https:\\\/\\\/www.eldiario.net\\\/portal\\\/2021\\\/05\\\/17\\\/indigenas-se-forman-en-peritaje-de-agroforesteria-sucesional\\\/#primaryimage\",\"url\":\"\",\"contentUrl\":\"\"},{\"@type\":\"BreadcrumbList\",\"@id\":\"https:\\\/\\\/www.eldiario.net\\\/portal\\\/2021\\\/05\\\/17\\\/indigenas-se-forman-en-peritaje-de-agroforesteria-sucesional\\\/#breadcrumb\",\"itemListElement\":[{\"@type\":\"ListItem\",\"position\":1,\"name\":\"Portada\",\"item\":\"https:\\\/\\\/www.eldiario.net\\\/portal\\\/\"},{\"@type\":\"ListItem\",\"position\":2,\"name\":\"Ind\u00edgenas se forman en peritaje de Agroforester\u00eda Sucesional\"}]},{\"@type\":\"WebSite\",\"@id\":\"https:\\\/\\\/www.eldiario.net\\\/portal\\\/#website\",\"url\":\"https:\\\/\\\/www.eldiario.net\\\/portal\\\/\",\"name\":\"El Diario - Decano de la prensa nacional\",\"description\":\"El Diario - Decano de la prensa nacional\",\"publisher\":{\"@id\":\"https:\\\/\\\/www.eldiario.net\\\/portal\\\/#organization\"},\"potentialAction\":[{\"@type\":\"SearchAction\",\"target\":{\"@type\":\"EntryPoint\",\"urlTemplate\":\"https:\\\/\\\/www.eldiario.net\\\/portal\\\/?s={search_term_string}\"},\"query-input\":{\"@type\":\"PropertyValueSpecification\",\"valueRequired\":true,\"valueName\":\"search_term_string\"}}],\"inLanguage\":\"es\"},{\"@type\":\"Organization\",\"@id\":\"https:\\\/\\\/www.eldiario.net\\\/portal\\\/#organization\",\"name\":\"El Diario - Decano de la prensa nacional\",\"url\":\"https:\\\/\\\/www.eldiario.net\\\/portal\\\/\",\"logo\":{\"@type\":\"ImageObject\",\"inLanguage\":\"es\",\"@id\":\"https:\\\/\\\/www.eldiario.net\\\/portal\\\/#\\\/schema\\\/logo\\\/image\\\/\",\"url\":\"https:\\\/\\\/www.eldiario.net\\\/portal\\\/wp-content\\\/uploads\\\/2023\\\/07\\\/logo_ED.jpg\",\"contentUrl\":\"https:\\\/\\\/www.eldiario.net\\\/portal\\\/wp-content\\\/uploads\\\/2023\\\/07\\\/logo_ED.jpg\",\"width\":272,\"height\":52,\"caption\":\"El Diario - Decano de la prensa nacional\"},\"image\":{\"@id\":\"https:\\\/\\\/www.eldiario.net\\\/portal\\\/#\\\/schema\\\/logo\\\/image\\\/\"},\"sameAs\":[\"https:\\\/\\\/www.facebook.com\\\/eldiario.bolivia\\\/\",\"https:\\\/\\\/x.com\\\/eldiario_net\"]},{\"@type\":\"Person\",\"@id\":\"https:\\\/\\\/www.eldiario.net\\\/portal\\\/#\\\/schema\\\/person\\\/2c57cf2b7a7ae032e449e4c9b1019eac\",\"name\":\"Jeanette\",\"image\":{\"@type\":\"ImageObject\",\"inLanguage\":\"es\",\"@id\":\"https:\\\/\\\/secure.gravatar.com\\\/avatar\\\/3ea2118a5f7dad2b7138b1187a6b7ee55f160b9968b66013c3a3ef39dd7e5798?s=96&d=mm&r=g\",\"url\":\"https:\\\/\\\/secure.gravatar.com\\\/avatar\\\/3ea2118a5f7dad2b7138b1187a6b7ee55f160b9968b66013c3a3ef39dd7e5798?s=96&d=mm&r=g\",\"contentUrl\":\"https:\\\/\\\/secure.gravatar.com\\\/avatar\\\/3ea2118a5f7dad2b7138b1187a6b7ee55f160b9968b66013c3a3ef39dd7e5798?s=96&d=mm&r=g\",\"caption\":\"Jeanette\"},\"sameAs\":[\"https:\\\/\\\/www.eldiario.net\\\/portal\"],\"url\":\"https:\\\/\\\/www.eldiario.net\\\/portal\\\/author\\\/jeanette\\\/\"}]}<\/script>\n<!-- \/ Yoast SEO plugin. -->","yoast_head_json":{"title":"Ind\u00edgenas se forman en peritaje de Agroforester\u00eda Sucesional - El Diario - Bolivia","robots":{"index":"index","follow":"follow","max-snippet":"max-snippet:-1","max-image-preview":"max-image-preview:large","max-video-preview":"max-video-preview:-1"},"canonical":"https:\/\/www.eldiario.net\/portal\/2021\/05\/17\/indigenas-se-forman-en-peritaje-de-agroforesteria-sucesional\/","og_locale":"es_ES","og_type":"article","og_title":"Ind\u00edgenas se forman en peritaje de Agroforester\u00eda Sucesional - El Diario - Bolivia","og_description":"Un grupo de mujeres y hombres del Territorio Ind\u00edgena Moje\u00f1o Ignaciano (TIMI) y del Territorio Ind\u00edgena Movima, ambos en el Beni, comenzaron el curso de Agroforester\u00eda Sucesional para certificarse como peritos ind\u00edgenas en la materia y, con ello, adquirir conocimientos t\u00e9cnicos amigables con el bosque, para aplicarlos en el marco de sus planes de vida [&hellip;]","og_url":"https:\/\/www.eldiario.net\/portal\/2021\/05\/17\/indigenas-se-forman-en-peritaje-de-agroforesteria-sucesional\/","og_site_name":"El Diario - Bolivia","article_publisher":"https:\/\/www.facebook.com\/eldiario.bolivia\/","article_published_time":"2021-05-17T10:16:37+00:00","author":"Jeanette","twitter_card":"summary_large_image","twitter_creator":"@eldiario_net","twitter_site":"@eldiario_net","twitter_misc":{"Escrito por":"Jeanette","Tiempo de lectura":"2 minutos"},"schema":{"@context":"https:\/\/schema.org","@graph":[{"@type":"Article","@id":"https:\/\/www.eldiario.net\/portal\/2021\/05\/17\/indigenas-se-forman-en-peritaje-de-agroforesteria-sucesional\/#article","isPartOf":{"@id":"https:\/\/www.eldiario.net\/portal\/2021\/05\/17\/indigenas-se-forman-en-peritaje-de-agroforesteria-sucesional\/"},"author":{"name":"Jeanette","@id":"https:\/\/www.eldiario.net\/portal\/#\/schema\/person\/2c57cf2b7a7ae032e449e4c9b1019eac"},"headline":"Ind\u00edgenas se forman en peritaje de Agroforester\u00eda Sucesional","datePublished":"2021-05-17T10:16:37+00:00","mainEntityOfPage":{"@id":"https:\/\/www.eldiario.net\/portal\/2021\/05\/17\/indigenas-se-forman-en-peritaje-de-agroforesteria-sucesional\/"},"wordCount":300,"publisher":{"@id":"https:\/\/www.eldiario.net\/portal\/#organization"},"image":{"@id":"https:\/\/www.eldiario.net\/portal\/2021\/05\/17\/indigenas-se-forman-en-peritaje-de-agroforesteria-sucesional\/#primaryimage"},"thumbnailUrl":"","articleSection":["Nacional"],"inLanguage":"es"},{"@type":"WebPage","@id":"https:\/\/www.eldiario.net\/portal\/2021\/05\/17\/indigenas-se-forman-en-peritaje-de-agroforesteria-sucesional\/","url":"https:\/\/www.eldiario.net\/portal\/2021\/05\/17\/indigenas-se-forman-en-peritaje-de-agroforesteria-sucesional\/","name":"Ind\u00edgenas se forman en peritaje de Agroforester\u00eda Sucesional - El Diario - Bolivia","isPartOf":{"@id":"https:\/\/www.eldiario.net\/portal\/#website"},"primaryImageOfPage":{"@id":"https:\/\/www.eldiario.net\/portal\/2021\/05\/17\/indigenas-se-forman-en-peritaje-de-agroforesteria-sucesional\/#primaryimage"},"image":{"@id":"https:\/\/www.eldiario.net\/portal\/2021\/05\/17\/indigenas-se-forman-en-peritaje-de-agroforesteria-sucesional\/#primaryimage"},"thumbnailUrl":"","datePublished":"2021-05-17T10:16:37+00:00","breadcrumb":{"@id":"https:\/\/www.eldiario.net\/portal\/2021\/05\/17\/indigenas-se-forman-en-peritaje-de-agroforesteria-sucesional\/#breadcrumb"},"inLanguage":"es","potentialAction":[{"@type":"ReadAction","target":["https:\/\/www.eldiario.net\/portal\/2021\/05\/17\/indigenas-se-forman-en-peritaje-de-agroforesteria-sucesional\/"]}]},{"@type":"ImageObject","inLanguage":"es","@id":"https:\/\/www.eldiario.net\/portal\/2021\/05\/17\/indigenas-se-forman-en-peritaje-de-agroforesteria-sucesional\/#primaryimage","url":"","contentUrl":""},{"@type":"BreadcrumbList","@id":"https:\/\/www.eldiario.net\/portal\/2021\/05\/17\/indigenas-se-forman-en-peritaje-de-agroforesteria-sucesional\/#breadcrumb","itemListElement":[{"@type":"ListItem","position":1,"name":"Portada","item":"https:\/\/www.eldiario.net\/portal\/"},{"@type":"ListItem","position":2,"name":"Ind\u00edgenas se forman en peritaje de Agroforester\u00eda Sucesional"}]},{"@type":"WebSite","@id":"https:\/\/www.eldiario.net\/portal\/#website","url":"https:\/\/www.eldiario.net\/portal\/","name":"El Diario - Decano de la prensa nacional","description":"El Diario - Decano de la prensa nacional","publisher":{"@id":"https:\/\/www.eldiario.net\/portal\/#organization"},"potentialAction":[{"@type":"SearchAction","target":{"@type":"EntryPoint","urlTemplate":"https:\/\/www.eldiario.net\/portal\/?s={search_term_string}"},"query-input":{"@type":"PropertyValueSpecification","valueRequired":true,"valueName":"search_term_string"}}],"inLanguage":"es"},{"@type":"Organization","@id":"https:\/\/www.eldiario.net\/portal\/#organization","name":"El Diario - Decano de la prensa nacional","url":"https:\/\/www.eldiario.net\/portal\/","logo":{"@type":"ImageObject","inLanguage":"es","@id":"https:\/\/www.eldiario.net\/portal\/#\/schema\/logo\/image\/","url":"https:\/\/www.eldiario.net\/portal\/wp-content\/uploads\/2023\/07\/logo_ED.jpg","contentUrl":"https:\/\/www.eldiario.net\/portal\/wp-content\/uploads\/2023\/07\/logo_ED.jpg","width":272,"height":52,"caption":"El Diario - Decano de la prensa nacional"},"image":{"@id":"https:\/\/www.eldiario.net\/portal\/#\/schema\/logo\/image\/"},"sameAs":["https:\/\/www.facebook.com\/eldiario.bolivia\/","https:\/\/x.com\/eldiario_net"]},{"@type":"Person","@id":"https:\/\/www.eldiario.net\/portal\/#\/schema\/person\/2c57cf2b7a7ae032e449e4c9b1019eac","name":"Jeanette","image":{"@type":"ImageObject","inLanguage":"es","@id":"https:\/\/secure.gravatar.com\/avatar\/3ea2118a5f7dad2b7138b1187a6b7ee55f160b9968b66013c3a3ef39dd7e5798?s=96&d=mm&r=g","url":"https:\/\/secure.gravatar.com\/avatar\/3ea2118a5f7dad2b7138b1187a6b7ee55f160b9968b66013c3a3ef39dd7e5798?s=96&d=mm&r=g","contentUrl":"https:\/\/secure.gravatar.com\/avatar\/3ea2118a5f7dad2b7138b1187a6b7ee55f160b9968b66013c3a3ef39dd7e5798?s=96&d=mm&r=g","caption":"Jeanette"},"sameAs":["https:\/\/www.eldiario.net\/portal"],"url":"https:\/\/www.eldiario.net\/portal\/author\/jeanette\/"}]}},"_links":{"self":[{"href":"https:\/\/www.eldiario.net\/portal\/wp-json\/wp\/v2\/posts\/4466","targetHints":{"allow":["GET"]}}],"collection":[{"href":"https:\/\/www.eldiario.net\/portal\/wp-json\/wp\/v2\/posts"}],"about":[{"href":"https:\/\/www.eldiario.net\/portal\/wp-json\/wp\/v2\/types\/post"}],"author":[{"embeddable":true,"href":"https:\/\/www.eldiario.net\/portal\/wp-json\/wp\/v2\/users\/1"}],"replies":[{"embeddable":true,"href":"https:\/\/www.eldiario.net\/portal\/wp-json\/wp\/v2\/comments?post=4466"}],"version-history":[{"count":0,"href":"https:\/\/www.eldiario.net\/portal\/wp-json\/wp\/v2\/posts\/4466\/revisions"}],"wp:attachment":[{"href":"https:\/\/www.eldiario.net\/portal\/wp-json\/wp\/v2\/media?parent=4466"}],"wp:term":[{"taxonomy":"category","embeddable":true,"href":"https:\/\/www.eldiario.net\/portal\/wp-json\/wp\/v2\/categories?post=4466"},{"taxonomy":"post_tag","embeddable":true,"href":"https:\/\/www.eldiario.net\/portal\/wp-json\/wp\/v2\/tags?post=4466"}],"curies":[{"name":"wp","href":"https:\/\/api.w.org\/{rel}","templated":true}]}}