{"id":4362,"date":"2021-05-17T05:26:28","date_gmt":"2021-05-17T09:26:28","guid":{"rendered":"https:\/\/www.eldiario.net\/portal\/?p=4362"},"modified":"2021-05-17T05:26:28","modified_gmt":"2021-05-17T09:26:28","slug":"como-se-prepara-el-codigo-abierto-a-los-cambios-tecnologicos-del-mundo","status":"publish","type":"post","link":"https:\/\/www.eldiario.net\/portal\/2021\/05\/17\/como-se-prepara-el-codigo-abierto-a-los-cambios-tecnologicos-del-mundo\/","title":{"rendered":"C\u00f3mo se prepara el c\u00f3digo abierto a los cambios tecnol\u00f3gicos del mundo"},"content":{"rendered":"<p>El concepto de c\u00f3digo abierto dej\u00f3 de ser un futuro lejano para convertirse en una realidad cada vez m\u00e1s involucrada en nuestro d\u00eda a d\u00eda. La pandemia del COVID-19 no hizo m\u00e1s que acelerar ciertos procesos de adaptaci\u00f3n de este tipo de tecnolog\u00edas, permitiendo que estuvi\u00e9ramos cada vez m\u00e1s conectados, algo clave en un contexto tan particular como el que estamos atravesando hace m\u00e1s de un a\u00f1o. El c\u00f3digo abierto, bajo el lema del trabajo colaborativo entre personas, empresas y naciones de todo el mundo, ha permitido realmente sortear etapas y acelerar procesos. Este tipo de tecnolog\u00edas fueron herramientas clave que han podido generar logros muy importantes en la b\u00fasqueda de soluciones para adaptarse a la nueva normalidad.<br \/>\nPero, \u00bfd\u00f3nde se utiliza exactamente el software de c\u00f3digo abierto? El estudio \u201cEstado del C\u00f3digo Abierto Empresarial\u201d, informe anual que realiza Red Hat y tiene como finalidad explorar los usos del open source y las actitudes que se adoptan en torno al mismo, puede ayudarnos con algunas ideas al respecto.<br \/>\nEl estudio, que cont\u00f3 con la participaci\u00f3n de m\u00e1s de 1250 l\u00edderes de TI de todo el mundo indica que durante 2020 el principal uso del c\u00f3digo abierto fue la modernizaci\u00f3n de infraestructura. Esto tiene que ver con la implementaci\u00f3n, cada vez m\u00e1s concreta de Linux y otras plataformas abiertas, como los servidores web. Claramente este tipo de plataformas han demostrado tener gran flexibilidad a lo largo de los \u00faltimos a\u00f1os y 2020 fue sin duda una prueba de fuego, ya que se deposit\u00f3 en ellas grandes desaf\u00edos que tuvieron que ser superados en medio de la pandemia como la escalabilidad y la velocidad de respuesta. Los resultados positivos alcanzados a nivel mundial hacen que se siga apostando cada vez m\u00e1s a este tipo de tecnolog\u00edas.<br \/>\nDe hecho, seg\u00fan el 54% de los encuestados, el c\u00f3digo abierto se volvi\u00f3 crucial para la creaci\u00f3n de diferentes tipos de apps basadas en la nube que pudieran cubrir la demanda de productos requeridos, especialmente en tiempos de aislamiento, como por ejemplo los servicios de streaming o los juegos online. En este sentido, un \u00e1rea espec\u00edfica de la infraestructura de c\u00f3digo abierto que gan\u00f3 popularidad este a\u00f1o fue la creaci\u00f3n de redes, que aument\u00f3 del 36% hace dos a\u00f1os al 54% este a\u00f1o. Esto se debe principalmente a su utilizaci\u00f3n en redes definidas por software (SDN), la virtualizaci\u00f3n de funciones de red (NFV) y las tecnolog\u00edas emergentes que dependen de ellas, como 5G.<br \/>\n\u201cNuestros tres a\u00f1os de estudios del open source empresarial muestran una tendencia cada vez m\u00e1s clara: los l\u00edderes de TI de todo el mundo encuentran en el software de c\u00f3digo abierto una soluci\u00f3n clave para superar sus desaf\u00edos, que les brinda, innovaci\u00f3n y hasta con mejor seguridad. Sin lugar a dudas, este estudio nos permite vislumbrar que el open source empresarial es, cada vez m\u00e1s, el futuro del software\u201d, se\u00f1al\u00f3 Javier Carrique, Director Comercial de Red Hat.<br \/>\nLos resultados de este estudio de Red Hat, y otros al respecto, ayudan a marcar una tendencia clara en lo que respecta a c\u00f3digo abierto empresarial.<\/p>\n","protected":false},"excerpt":{"rendered":"<p>El concepto de c\u00f3digo abierto dej\u00f3 de ser un futuro lejano para convertirse en una realidad cada vez m\u00e1s involucrada en nuestro d\u00eda a d\u00eda. La pandemia del COVID-19 no hizo m\u00e1s que acelerar ciertos procesos de adaptaci\u00f3n de este tipo de tecnolog\u00edas, permitiendo que estuvi\u00e9ramos cada vez m\u00e1s conectados, algo clave en un contexto [&hellip;]<\/p>\n","protected":false},"author":1,"featured_media":4363,"comment_status":"closed","ping_status":"closed","sticky":false,"template":"","format":"standard","meta":{"_acf_changed":false,"footnotes":""},"categories":[46],"tags":[],"class_list":["post-4362","post","type-post","status-publish","format-standard","has-post-thumbnail","category-ciencia-computacion"],"acf":{"antetitulo":""},"yoast_head":"<!-- This site is optimized with the Yoast SEO plugin v28.4 - https:\/\/yoast.com\/product\/yoast-seo-wordpress\/ -->\n<title>C\u00f3mo se prepara el c\u00f3digo abierto a los cambios tecnol\u00f3gicos del mundo - El Diario - Bolivia<\/title>\n<meta name=\"robots\" content=\"index, follow, max-snippet:-1, max-image-preview:large, max-video-preview:-1\" \/>\n<link rel=\"canonical\" href=\"https:\/\/www.eldiario.net\/portal\/2021\/05\/17\/como-se-prepara-el-codigo-abierto-a-los-cambios-tecnologicos-del-mundo\/\" \/>\n<meta property=\"og:locale\" content=\"es_ES\" \/>\n<meta property=\"og:type\" content=\"article\" \/>\n<meta property=\"og:title\" content=\"C\u00f3mo se prepara el c\u00f3digo abierto a los cambios tecnol\u00f3gicos del mundo - El Diario - Bolivia\" \/>\n<meta property=\"og:description\" content=\"El concepto de c\u00f3digo abierto dej\u00f3 de ser un futuro lejano para convertirse en una realidad cada vez m\u00e1s involucrada en nuestro d\u00eda a d\u00eda. La pandemia del COVID-19 no hizo m\u00e1s que acelerar ciertos procesos de adaptaci\u00f3n de este tipo de tecnolog\u00edas, permitiendo que estuvi\u00e9ramos cada vez m\u00e1s conectados, algo clave en un contexto [&hellip;]\" \/>\n<meta property=\"og:url\" content=\"https:\/\/www.eldiario.net\/portal\/2021\/05\/17\/como-se-prepara-el-codigo-abierto-a-los-cambios-tecnologicos-del-mundo\/\" \/>\n<meta property=\"og:site_name\" content=\"El Diario - Bolivia\" \/>\n<meta property=\"article:publisher\" content=\"https:\/\/www.facebook.com\/eldiario.bolivia\/\" \/>\n<meta property=\"article:published_time\" content=\"2021-05-17T09:26:28+00:00\" \/>\n<meta name=\"author\" content=\"Jeanette\" \/>\n<meta name=\"twitter:card\" content=\"summary_large_image\" \/>\n<meta name=\"twitter:creator\" content=\"@eldiario_net\" \/>\n<meta name=\"twitter:site\" content=\"@eldiario_net\" \/>\n<meta name=\"twitter:label1\" content=\"Escrito por\" \/>\n\t<meta name=\"twitter:data1\" content=\"Jeanette\" \/>\n\t<meta name=\"twitter:label2\" content=\"Tiempo de lectura\" \/>\n\t<meta name=\"twitter:data2\" content=\"3 minutos\" \/>\n<script type=\"application\/ld+json\" class=\"yoast-schema-graph\">{\"@context\":\"https:\\\/\\\/schema.org\",\"@graph\":[{\"@type\":\"Article\",\"@id\":\"https:\\\/\\\/www.eldiario.net\\\/portal\\\/2021\\\/05\\\/17\\\/como-se-prepara-el-codigo-abierto-a-los-cambios-tecnologicos-del-mundo\\\/#article\",\"isPartOf\":{\"@id\":\"https:\\\/\\\/www.eldiario.net\\\/portal\\\/2021\\\/05\\\/17\\\/como-se-prepara-el-codigo-abierto-a-los-cambios-tecnologicos-del-mundo\\\/\"},\"author\":{\"name\":\"Jeanette\",\"@id\":\"https:\\\/\\\/www.eldiario.net\\\/portal\\\/#\\\/schema\\\/person\\\/f46445640444750d7d753ccd04ae01b7\"},\"headline\":\"C\u00f3mo se prepara el c\u00f3digo abierto a los cambios tecnol\u00f3gicos del mundo\",\"datePublished\":\"2021-05-17T09:26:28+00:00\",\"mainEntityOfPage\":{\"@id\":\"https:\\\/\\\/www.eldiario.net\\\/portal\\\/2021\\\/05\\\/17\\\/como-se-prepara-el-codigo-abierto-a-los-cambios-tecnologicos-del-mundo\\\/\"},\"wordCount\":569,\"publisher\":{\"@id\":\"https:\\\/\\\/www.eldiario.net\\\/portal\\\/#organization\"},\"image\":{\"@id\":\"https:\\\/\\\/www.eldiario.net\\\/portal\\\/2021\\\/05\\\/17\\\/como-se-prepara-el-codigo-abierto-a-los-cambios-tecnologicos-del-mundo\\\/#primaryimage\"},\"thumbnailUrl\":\"\",\"articleSection\":[\"Ciencia y Computaci\u00f3n\"],\"inLanguage\":\"es\"},{\"@type\":\"WebPage\",\"@id\":\"https:\\\/\\\/www.eldiario.net\\\/portal\\\/2021\\\/05\\\/17\\\/como-se-prepara-el-codigo-abierto-a-los-cambios-tecnologicos-del-mundo\\\/\",\"url\":\"https:\\\/\\\/www.eldiario.net\\\/portal\\\/2021\\\/05\\\/17\\\/como-se-prepara-el-codigo-abierto-a-los-cambios-tecnologicos-del-mundo\\\/\",\"name\":\"C\u00f3mo se prepara el c\u00f3digo abierto a los cambios tecnol\u00f3gicos del mundo - El Diario - Bolivia\",\"isPartOf\":{\"@id\":\"https:\\\/\\\/www.eldiario.net\\\/portal\\\/#website\"},\"primaryImageOfPage\":{\"@id\":\"https:\\\/\\\/www.eldiario.net\\\/portal\\\/2021\\\/05\\\/17\\\/como-se-prepara-el-codigo-abierto-a-los-cambios-tecnologicos-del-mundo\\\/#primaryimage\"},\"image\":{\"@id\":\"https:\\\/\\\/www.eldiario.net\\\/portal\\\/2021\\\/05\\\/17\\\/como-se-prepara-el-codigo-abierto-a-los-cambios-tecnologicos-del-mundo\\\/#primaryimage\"},\"thumbnailUrl\":\"\",\"datePublished\":\"2021-05-17T09:26:28+00:00\",\"breadcrumb\":{\"@id\":\"https:\\\/\\\/www.eldiario.net\\\/portal\\\/2021\\\/05\\\/17\\\/como-se-prepara-el-codigo-abierto-a-los-cambios-tecnologicos-del-mundo\\\/#breadcrumb\"},\"inLanguage\":\"es\",\"potentialAction\":[{\"@type\":\"ReadAction\",\"target\":[\"https:\\\/\\\/www.eldiario.net\\\/portal\\\/2021\\\/05\\\/17\\\/como-se-prepara-el-codigo-abierto-a-los-cambios-tecnologicos-del-mundo\\\/\"]}]},{\"@type\":\"ImageObject\",\"inLanguage\":\"es\",\"@id\":\"https:\\\/\\\/www.eldiario.net\\\/portal\\\/2021\\\/05\\\/17\\\/como-se-prepara-el-codigo-abierto-a-los-cambios-tecnologicos-del-mundo\\\/#primaryimage\",\"url\":\"\",\"contentUrl\":\"\"},{\"@type\":\"BreadcrumbList\",\"@id\":\"https:\\\/\\\/www.eldiario.net\\\/portal\\\/2021\\\/05\\\/17\\\/como-se-prepara-el-codigo-abierto-a-los-cambios-tecnologicos-del-mundo\\\/#breadcrumb\",\"itemListElement\":[{\"@type\":\"ListItem\",\"position\":1,\"name\":\"Portada\",\"item\":\"https:\\\/\\\/www.eldiario.net\\\/portal\\\/\"},{\"@type\":\"ListItem\",\"position\":2,\"name\":\"C\u00f3mo se prepara el c\u00f3digo abierto a los cambios tecnol\u00f3gicos del mundo\"}]},{\"@type\":\"WebSite\",\"@id\":\"https:\\\/\\\/www.eldiario.net\\\/portal\\\/#website\",\"url\":\"https:\\\/\\\/www.eldiario.net\\\/portal\\\/\",\"name\":\"El Diario - Decano de la prensa nacional\",\"description\":\"El Diario - Decano de la prensa nacional\",\"publisher\":{\"@id\":\"https:\\\/\\\/www.eldiario.net\\\/portal\\\/#organization\"},\"potentialAction\":[{\"@type\":\"SearchAction\",\"target\":{\"@type\":\"EntryPoint\",\"urlTemplate\":\"https:\\\/\\\/www.eldiario.net\\\/portal\\\/?s={search_term_string}\"},\"query-input\":{\"@type\":\"PropertyValueSpecification\",\"valueRequired\":true,\"valueName\":\"search_term_string\"}}],\"inLanguage\":\"es\"},{\"@type\":\"Organization\",\"@id\":\"https:\\\/\\\/www.eldiario.net\\\/portal\\\/#organization\",\"name\":\"El Diario - Decano de la prensa nacional\",\"url\":\"https:\\\/\\\/www.eldiario.net\\\/portal\\\/\",\"logo\":{\"@type\":\"ImageObject\",\"inLanguage\":\"es\",\"@id\":\"https:\\\/\\\/www.eldiario.net\\\/portal\\\/#\\\/schema\\\/logo\\\/image\\\/\",\"url\":\"https:\\\/\\\/www.eldiario.net\\\/portal\\\/wp-content\\\/uploads\\\/2023\\\/07\\\/logo_ED.jpg\",\"contentUrl\":\"https:\\\/\\\/www.eldiario.net\\\/portal\\\/wp-content\\\/uploads\\\/2023\\\/07\\\/logo_ED.jpg\",\"width\":272,\"height\":52,\"caption\":\"El Diario - Decano de la prensa nacional\"},\"image\":{\"@id\":\"https:\\\/\\\/www.eldiario.net\\\/portal\\\/#\\\/schema\\\/logo\\\/image\\\/\"},\"sameAs\":[\"https:\\\/\\\/www.facebook.com\\\/eldiario.bolivia\\\/\",\"https:\\\/\\\/x.com\\\/eldiario_net\"]},{\"@type\":\"Person\",\"@id\":\"https:\\\/\\\/www.eldiario.net\\\/portal\\\/#\\\/schema\\\/person\\\/f46445640444750d7d753ccd04ae01b7\",\"name\":\"Jeanette\",\"image\":{\"@type\":\"ImageObject\",\"inLanguage\":\"es\",\"@id\":\"https:\\\/\\\/secure.gravatar.com\\\/avatar\\\/3ea2118a5f7dad2b7138b1187a6b7ee55f160b9968b66013c3a3ef39dd7e5798?s=96&d=mm&r=g\",\"url\":\"https:\\\/\\\/secure.gravatar.com\\\/avatar\\\/3ea2118a5f7dad2b7138b1187a6b7ee55f160b9968b66013c3a3ef39dd7e5798?s=96&d=mm&r=g\",\"contentUrl\":\"https:\\\/\\\/secure.gravatar.com\\\/avatar\\\/3ea2118a5f7dad2b7138b1187a6b7ee55f160b9968b66013c3a3ef39dd7e5798?s=96&d=mm&r=g\",\"caption\":\"Jeanette\"},\"sameAs\":[\"https:\\\/\\\/www.eldiario.net\\\/portal\"],\"url\":\"https:\\\/\\\/www.eldiario.net\\\/portal\\\/author\\\/jeanette\\\/\"}]}<\/script>\n<!-- \/ Yoast SEO plugin. -->","yoast_head_json":{"title":"C\u00f3mo se prepara el c\u00f3digo abierto a los cambios tecnol\u00f3gicos del mundo - El Diario - Bolivia","robots":{"index":"index","follow":"follow","max-snippet":"max-snippet:-1","max-image-preview":"max-image-preview:large","max-video-preview":"max-video-preview:-1"},"canonical":"https:\/\/www.eldiario.net\/portal\/2021\/05\/17\/como-se-prepara-el-codigo-abierto-a-los-cambios-tecnologicos-del-mundo\/","og_locale":"es_ES","og_type":"article","og_title":"C\u00f3mo se prepara el c\u00f3digo abierto a los cambios tecnol\u00f3gicos del mundo - El Diario - Bolivia","og_description":"El concepto de c\u00f3digo abierto dej\u00f3 de ser un futuro lejano para convertirse en una realidad cada vez m\u00e1s involucrada en nuestro d\u00eda a d\u00eda. La pandemia del COVID-19 no hizo m\u00e1s que acelerar ciertos procesos de adaptaci\u00f3n de este tipo de tecnolog\u00edas, permitiendo que estuvi\u00e9ramos cada vez m\u00e1s conectados, algo clave en un contexto [&hellip;]","og_url":"https:\/\/www.eldiario.net\/portal\/2021\/05\/17\/como-se-prepara-el-codigo-abierto-a-los-cambios-tecnologicos-del-mundo\/","og_site_name":"El Diario - Bolivia","article_publisher":"https:\/\/www.facebook.com\/eldiario.bolivia\/","article_published_time":"2021-05-17T09:26:28+00:00","author":"Jeanette","twitter_card":"summary_large_image","twitter_creator":"@eldiario_net","twitter_site":"@eldiario_net","twitter_misc":{"Escrito por":"Jeanette","Tiempo de lectura":"3 minutos"},"schema":{"@context":"https:\/\/schema.org","@graph":[{"@type":"Article","@id":"https:\/\/www.eldiario.net\/portal\/2021\/05\/17\/como-se-prepara-el-codigo-abierto-a-los-cambios-tecnologicos-del-mundo\/#article","isPartOf":{"@id":"https:\/\/www.eldiario.net\/portal\/2021\/05\/17\/como-se-prepara-el-codigo-abierto-a-los-cambios-tecnologicos-del-mundo\/"},"author":{"name":"Jeanette","@id":"https:\/\/www.eldiario.net\/portal\/#\/schema\/person\/f46445640444750d7d753ccd04ae01b7"},"headline":"C\u00f3mo se prepara el c\u00f3digo abierto a los cambios tecnol\u00f3gicos del mundo","datePublished":"2021-05-17T09:26:28+00:00","mainEntityOfPage":{"@id":"https:\/\/www.eldiario.net\/portal\/2021\/05\/17\/como-se-prepara-el-codigo-abierto-a-los-cambios-tecnologicos-del-mundo\/"},"wordCount":569,"publisher":{"@id":"https:\/\/www.eldiario.net\/portal\/#organization"},"image":{"@id":"https:\/\/www.eldiario.net\/portal\/2021\/05\/17\/como-se-prepara-el-codigo-abierto-a-los-cambios-tecnologicos-del-mundo\/#primaryimage"},"thumbnailUrl":"","articleSection":["Ciencia y Computaci\u00f3n"],"inLanguage":"es"},{"@type":"WebPage","@id":"https:\/\/www.eldiario.net\/portal\/2021\/05\/17\/como-se-prepara-el-codigo-abierto-a-los-cambios-tecnologicos-del-mundo\/","url":"https:\/\/www.eldiario.net\/portal\/2021\/05\/17\/como-se-prepara-el-codigo-abierto-a-los-cambios-tecnologicos-del-mundo\/","name":"C\u00f3mo se prepara el c\u00f3digo abierto a los cambios tecnol\u00f3gicos del mundo - El Diario - Bolivia","isPartOf":{"@id":"https:\/\/www.eldiario.net\/portal\/#website"},"primaryImageOfPage":{"@id":"https:\/\/www.eldiario.net\/portal\/2021\/05\/17\/como-se-prepara-el-codigo-abierto-a-los-cambios-tecnologicos-del-mundo\/#primaryimage"},"image":{"@id":"https:\/\/www.eldiario.net\/portal\/2021\/05\/17\/como-se-prepara-el-codigo-abierto-a-los-cambios-tecnologicos-del-mundo\/#primaryimage"},"thumbnailUrl":"","datePublished":"2021-05-17T09:26:28+00:00","breadcrumb":{"@id":"https:\/\/www.eldiario.net\/portal\/2021\/05\/17\/como-se-prepara-el-codigo-abierto-a-los-cambios-tecnologicos-del-mundo\/#breadcrumb"},"inLanguage":"es","potentialAction":[{"@type":"ReadAction","target":["https:\/\/www.eldiario.net\/portal\/2021\/05\/17\/como-se-prepara-el-codigo-abierto-a-los-cambios-tecnologicos-del-mundo\/"]}]},{"@type":"ImageObject","inLanguage":"es","@id":"https:\/\/www.eldiario.net\/portal\/2021\/05\/17\/como-se-prepara-el-codigo-abierto-a-los-cambios-tecnologicos-del-mundo\/#primaryimage","url":"","contentUrl":""},{"@type":"BreadcrumbList","@id":"https:\/\/www.eldiario.net\/portal\/2021\/05\/17\/como-se-prepara-el-codigo-abierto-a-los-cambios-tecnologicos-del-mundo\/#breadcrumb","itemListElement":[{"@type":"ListItem","position":1,"name":"Portada","item":"https:\/\/www.eldiario.net\/portal\/"},{"@type":"ListItem","position":2,"name":"C\u00f3mo se prepara el c\u00f3digo abierto a los cambios tecnol\u00f3gicos del mundo"}]},{"@type":"WebSite","@id":"https:\/\/www.eldiario.net\/portal\/#website","url":"https:\/\/www.eldiario.net\/portal\/","name":"El Diario - Decano de la prensa nacional","description":"El Diario - Decano de la prensa nacional","publisher":{"@id":"https:\/\/www.eldiario.net\/portal\/#organization"},"potentialAction":[{"@type":"SearchAction","target":{"@type":"EntryPoint","urlTemplate":"https:\/\/www.eldiario.net\/portal\/?s={search_term_string}"},"query-input":{"@type":"PropertyValueSpecification","valueRequired":true,"valueName":"search_term_string"}}],"inLanguage":"es"},{"@type":"Organization","@id":"https:\/\/www.eldiario.net\/portal\/#organization","name":"El Diario - Decano de la prensa nacional","url":"https:\/\/www.eldiario.net\/portal\/","logo":{"@type":"ImageObject","inLanguage":"es","@id":"https:\/\/www.eldiario.net\/portal\/#\/schema\/logo\/image\/","url":"https:\/\/www.eldiario.net\/portal\/wp-content\/uploads\/2023\/07\/logo_ED.jpg","contentUrl":"https:\/\/www.eldiario.net\/portal\/wp-content\/uploads\/2023\/07\/logo_ED.jpg","width":272,"height":52,"caption":"El Diario - Decano de la prensa nacional"},"image":{"@id":"https:\/\/www.eldiario.net\/portal\/#\/schema\/logo\/image\/"},"sameAs":["https:\/\/www.facebook.com\/eldiario.bolivia\/","https:\/\/x.com\/eldiario_net"]},{"@type":"Person","@id":"https:\/\/www.eldiario.net\/portal\/#\/schema\/person\/f46445640444750d7d753ccd04ae01b7","name":"Jeanette","image":{"@type":"ImageObject","inLanguage":"es","@id":"https:\/\/secure.gravatar.com\/avatar\/3ea2118a5f7dad2b7138b1187a6b7ee55f160b9968b66013c3a3ef39dd7e5798?s=96&d=mm&r=g","url":"https:\/\/secure.gravatar.com\/avatar\/3ea2118a5f7dad2b7138b1187a6b7ee55f160b9968b66013c3a3ef39dd7e5798?s=96&d=mm&r=g","contentUrl":"https:\/\/secure.gravatar.com\/avatar\/3ea2118a5f7dad2b7138b1187a6b7ee55f160b9968b66013c3a3ef39dd7e5798?s=96&d=mm&r=g","caption":"Jeanette"},"sameAs":["https:\/\/www.eldiario.net\/portal"],"url":"https:\/\/www.eldiario.net\/portal\/author\/jeanette\/"}]}},"_links":{"self":[{"href":"https:\/\/www.eldiario.net\/portal\/wp-json\/wp\/v2\/posts\/4362","targetHints":{"allow":["GET"]}}],"collection":[{"href":"https:\/\/www.eldiario.net\/portal\/wp-json\/wp\/v2\/posts"}],"about":[{"href":"https:\/\/www.eldiario.net\/portal\/wp-json\/wp\/v2\/types\/post"}],"author":[{"embeddable":true,"href":"https:\/\/www.eldiario.net\/portal\/wp-json\/wp\/v2\/users\/1"}],"replies":[{"embeddable":true,"href":"https:\/\/www.eldiario.net\/portal\/wp-json\/wp\/v2\/comments?post=4362"}],"version-history":[{"count":0,"href":"https:\/\/www.eldiario.net\/portal\/wp-json\/wp\/v2\/posts\/4362\/revisions"}],"wp:attachment":[{"href":"https:\/\/www.eldiario.net\/portal\/wp-json\/wp\/v2\/media?parent=4362"}],"wp:term":[{"taxonomy":"category","embeddable":true,"href":"https:\/\/www.eldiario.net\/portal\/wp-json\/wp\/v2\/categories?post=4362"},{"taxonomy":"post_tag","embeddable":true,"href":"https:\/\/www.eldiario.net\/portal\/wp-json\/wp\/v2\/tags?post=4362"}],"curies":[{"name":"wp","href":"https:\/\/api.w.org\/{rel}","templated":true}]}}