{"id":4359,"date":"2021-05-17T05:24:46","date_gmt":"2021-05-17T09:24:46","guid":{"rendered":"https:\/\/www.eldiario.net\/portal\/?p=4359"},"modified":"2021-05-17T05:24:46","modified_gmt":"2021-05-17T09:24:46","slug":"huawei-celebra-a-las-mamas-bolivianas","status":"publish","type":"post","link":"https:\/\/www.eldiario.net\/portal\/2021\/05\/17\/huawei-celebra-a-las-mamas-bolivianas\/","title":{"rendered":"Huawei celebra a las mam\u00e1s bolivianas"},"content":{"rendered":"<p>Bolivia, mayo de 2021- Huawei reconoce el valor del v\u00ednculo materno y el esfuerzo que realizan d\u00eda a d\u00eda millones de mujeres para ejercer al m\u00e1ximo esta faceta de sus vidas. Por ello, constantemente desarrolla tecnolog\u00eda que permite cada vez m\u00e1s funciones y usos en diversos dispositivos, para facilitar las actividades de las mam\u00e1s en su vida cotidiana en el \u00e1mbito personal y profesional.<\/p>\n<p>Los dispositivos Huawei son los aliados perfectos de las mam\u00e1s dentro de distintos escenarios que van desde el trabajo, el cuidado de la salud y actividad f\u00edsica, hasta el entretenimiento, ya que con ellos tienen acceso a un sinf\u00edn de herramientas tecnol\u00f3gicas.<\/p>\n<p>Por ejemplo, en la AppGallery, est\u00e1n disponibles una gran variedad de aplicaciones que las mam\u00e1s encuentran muy \u00fatiles, a continuaci\u00f3n, mencionaremos algunos ejemplos;<\/p>\n<p>&#8211; Pregnancy Calendar: durante el embarazo, esta app informar\u00e1 detalladamente a las mam\u00e1s sobre el desarrollo de su beb\u00e9 semana a semana y dar\u00e1 recomendaciones sobre la alimentaci\u00f3n y qu\u00e9 hacer ante determinados s\u00edntomas. Tambi\u00e9n llevar\u00e1 un control de peso y de los eventos m\u00e1s relevantes en cuanto al beb\u00e9.<\/p>\n<p>&#8211; CareZone: permite guardar toda la informaci\u00f3n sobre la salud de cada miembro de la familia. No solo almacena ex\u00e1menes m\u00e9dicos, enfermedades, mediciones de presi\u00f3n sangu\u00ednea y glucosa, tambi\u00e9n env\u00eda recordatorios para tomar medicamentos y es posible descargar un informe con toda esta data.<\/p>\n<p>&#8211; Find My Kids: contiene un localizador GPS y activa el sonido para saber en d\u00f3nde se encuentran tus hijos. Otras funciones son la se\u00f1al de llamadas, una alerta que se env\u00eda al tel\u00e9fono de los menores en caso de que est\u00e9 en modo silencio; control de aplicaciones, para saber cu\u00e1les son las m\u00e1s usadas; control de seguridad, que comprueba que el ni\u00f1o haya estado en la escuela y de vuelta a casa; as\u00ed como el control de bater\u00eda, para avisar que es necesario cargar el smartphone.<\/p>\n<p>&#8211; Workmanager: permite ordenar los pendientes y asignarles niveles de prioridad, adem\u00e1s de gestionar informaci\u00f3n y documentos desde un smartphone.<\/p>\n<p>Otra herramienta muy \u00fatil para las mam\u00e1s es Huawei Share, ya que resuelve el reto de la transferencia de archivos entre dispositivos Windows y Android y rompe con la forma tradicional de compartir todo tipo de im\u00e1genes y videos, ya que permite la colaboraci\u00f3n fluida entre el smartphone y la computadora port\u00e1til. Es decir, que el usuario pude abrir y editar directamente los archivos del smartphone en la laptop sin necesidad de transferirlos, lo que hace de esta experiencia interactiva algo \u00fanico.<\/p>\n<p>Con el fin de celebrar a las mam\u00e1s bolivianas, Huawei presenta los siguientes beneficios:<\/p>\n<p>Por la compra de un Mate Xs adquirir\u00e1n un P30 lite.<\/p>\n<p>Por la compra de un Mate 30 Pro adquirir\u00e1n un cargador inal\u00e1mbrico CP60 blanco.<\/p>\n<p>Adem\u00e1s, tambi\u00e9n estar\u00e1 vigente la campa\u00f1a \u201cRaspa, Descubre y Gana\u201d:<\/p>\n<p>Por la compra de un dispositivo de los modelos MATE 30 PRO, MATE XS, P40 LITE, Y9A, Y7A, WATCH FIT, WATCH GT2, WATCH GT2 PRO, WATCH GT2e, BAND 4, BAND4E, BAND6, FREEBUDS 3i, FREEBUDS 4i, FREELACE PRO de la marca Huawei certificado en Bolivia en las ciudades de: Santa Cruz, La Paz, Cochabamba, Sucre y Tarija.<\/p>\n<p>Los usuarios encontrar\u00e1n una rapadita pegada en la caja del producto, para participar deber\u00e1n raspar para para descubrir el c\u00f3digo \u00fanico que deben ingresar a la web que est\u00e1 en el QR de la raspadita (http:\/\/www.juntospormama.com.bo\/) para poder ganar uno de los 6 Mate Xs y una de las 13 sesiones fotogr\u00e1ficas profesionales.<\/p>\n","protected":false},"excerpt":{"rendered":"<p>Bolivia, mayo de 2021- Huawei reconoce el valor del v\u00ednculo materno y el esfuerzo que realizan d\u00eda a d\u00eda millones de mujeres para ejercer al m\u00e1ximo esta faceta de sus vidas. Por ello, constantemente desarrolla tecnolog\u00eda que permite cada vez m\u00e1s funciones y usos en diversos dispositivos, para facilitar las actividades de las mam\u00e1s en [&hellip;]<\/p>\n","protected":false},"author":1,"featured_media":4360,"comment_status":"closed","ping_status":"closed","sticky":false,"template":"","format":"standard","meta":{"_acf_changed":false,"footnotes":""},"categories":[46],"tags":[],"class_list":["post-4359","post","type-post","status-publish","format-standard","has-post-thumbnail","category-ciencia-computacion"],"acf":{"antetitulo":""},"yoast_head":"<!-- This site is optimized with the Yoast SEO plugin v28.4 - https:\/\/yoast.com\/product\/yoast-seo-wordpress\/ -->\n<title>Huawei celebra a las mam\u00e1s bolivianas - El Diario - Bolivia<\/title>\n<meta name=\"robots\" content=\"index, follow, max-snippet:-1, max-image-preview:large, max-video-preview:-1\" \/>\n<link rel=\"canonical\" href=\"https:\/\/www.eldiario.net\/portal\/2021\/05\/17\/huawei-celebra-a-las-mamas-bolivianas\/\" \/>\n<meta property=\"og:locale\" content=\"es_ES\" \/>\n<meta property=\"og:type\" content=\"article\" \/>\n<meta property=\"og:title\" content=\"Huawei celebra a las mam\u00e1s bolivianas - El Diario - Bolivia\" \/>\n<meta property=\"og:description\" content=\"Bolivia, mayo de 2021- Huawei reconoce el valor del v\u00ednculo materno y el esfuerzo que realizan d\u00eda a d\u00eda millones de mujeres para ejercer al m\u00e1ximo esta faceta de sus vidas. Por ello, constantemente desarrolla tecnolog\u00eda que permite cada vez m\u00e1s funciones y usos en diversos dispositivos, para facilitar las actividades de las mam\u00e1s en [&hellip;]\" \/>\n<meta property=\"og:url\" content=\"https:\/\/www.eldiario.net\/portal\/2021\/05\/17\/huawei-celebra-a-las-mamas-bolivianas\/\" \/>\n<meta property=\"og:site_name\" content=\"El Diario - Bolivia\" \/>\n<meta property=\"article:publisher\" content=\"https:\/\/www.facebook.com\/eldiario.bolivia\/\" \/>\n<meta property=\"article:published_time\" content=\"2021-05-17T09:24:46+00:00\" \/>\n<meta property=\"og:image\" content=\"https:\/\/www.eldiario.net\/portal\/wp-content\/uploads\/2021\/05\/6-A-1.jpg\" \/>\n\t<meta property=\"og:image:width\" content=\"1000\" \/>\n\t<meta property=\"og:image:height\" content=\"603\" \/>\n\t<meta property=\"og:image:type\" content=\"image\/jpeg\" \/>\n<meta name=\"author\" content=\"Jeanette\" \/>\n<meta name=\"twitter:card\" content=\"summary_large_image\" \/>\n<meta name=\"twitter:creator\" content=\"@eldiario_net\" \/>\n<meta name=\"twitter:site\" content=\"@eldiario_net\" \/>\n<meta name=\"twitter:label1\" content=\"Escrito por\" \/>\n\t<meta name=\"twitter:data1\" content=\"Jeanette\" \/>\n\t<meta name=\"twitter:label2\" content=\"Tiempo de lectura\" \/>\n\t<meta name=\"twitter:data2\" content=\"3 minutos\" \/>\n<script type=\"application\/ld+json\" class=\"yoast-schema-graph\">{\"@context\":\"https:\\\/\\\/schema.org\",\"@graph\":[{\"@type\":\"Article\",\"@id\":\"https:\\\/\\\/www.eldiario.net\\\/portal\\\/2021\\\/05\\\/17\\\/huawei-celebra-a-las-mamas-bolivianas\\\/#article\",\"isPartOf\":{\"@id\":\"https:\\\/\\\/www.eldiario.net\\\/portal\\\/2021\\\/05\\\/17\\\/huawei-celebra-a-las-mamas-bolivianas\\\/\"},\"author\":{\"name\":\"Jeanette\",\"@id\":\"https:\\\/\\\/www.eldiario.net\\\/portal\\\/#\\\/schema\\\/person\\\/f46445640444750d7d753ccd04ae01b7\"},\"headline\":\"Huawei celebra a las mam\u00e1s bolivianas\",\"datePublished\":\"2021-05-17T09:24:46+00:00\",\"mainEntityOfPage\":{\"@id\":\"https:\\\/\\\/www.eldiario.net\\\/portal\\\/2021\\\/05\\\/17\\\/huawei-celebra-a-las-mamas-bolivianas\\\/\"},\"wordCount\":631,\"publisher\":{\"@id\":\"https:\\\/\\\/www.eldiario.net\\\/portal\\\/#organization\"},\"image\":{\"@id\":\"https:\\\/\\\/www.eldiario.net\\\/portal\\\/2021\\\/05\\\/17\\\/huawei-celebra-a-las-mamas-bolivianas\\\/#primaryimage\"},\"thumbnailUrl\":\"https:\\\/\\\/www.eldiario.net\\\/portal\\\/wp-content\\\/uploads\\\/2021\\\/05\\\/6-A-1.jpg\",\"articleSection\":[\"Ciencia y Computaci\u00f3n\"],\"inLanguage\":\"es\"},{\"@type\":\"WebPage\",\"@id\":\"https:\\\/\\\/www.eldiario.net\\\/portal\\\/2021\\\/05\\\/17\\\/huawei-celebra-a-las-mamas-bolivianas\\\/\",\"url\":\"https:\\\/\\\/www.eldiario.net\\\/portal\\\/2021\\\/05\\\/17\\\/huawei-celebra-a-las-mamas-bolivianas\\\/\",\"name\":\"Huawei celebra a las mam\u00e1s bolivianas - El Diario - Bolivia\",\"isPartOf\":{\"@id\":\"https:\\\/\\\/www.eldiario.net\\\/portal\\\/#website\"},\"primaryImageOfPage\":{\"@id\":\"https:\\\/\\\/www.eldiario.net\\\/portal\\\/2021\\\/05\\\/17\\\/huawei-celebra-a-las-mamas-bolivianas\\\/#primaryimage\"},\"image\":{\"@id\":\"https:\\\/\\\/www.eldiario.net\\\/portal\\\/2021\\\/05\\\/17\\\/huawei-celebra-a-las-mamas-bolivianas\\\/#primaryimage\"},\"thumbnailUrl\":\"https:\\\/\\\/www.eldiario.net\\\/portal\\\/wp-content\\\/uploads\\\/2021\\\/05\\\/6-A-1.jpg\",\"datePublished\":\"2021-05-17T09:24:46+00:00\",\"breadcrumb\":{\"@id\":\"https:\\\/\\\/www.eldiario.net\\\/portal\\\/2021\\\/05\\\/17\\\/huawei-celebra-a-las-mamas-bolivianas\\\/#breadcrumb\"},\"inLanguage\":\"es\",\"potentialAction\":[{\"@type\":\"ReadAction\",\"target\":[\"https:\\\/\\\/www.eldiario.net\\\/portal\\\/2021\\\/05\\\/17\\\/huawei-celebra-a-las-mamas-bolivianas\\\/\"]}]},{\"@type\":\"ImageObject\",\"inLanguage\":\"es\",\"@id\":\"https:\\\/\\\/www.eldiario.net\\\/portal\\\/2021\\\/05\\\/17\\\/huawei-celebra-a-las-mamas-bolivianas\\\/#primaryimage\",\"url\":\"https:\\\/\\\/www.eldiario.net\\\/portal\\\/wp-content\\\/uploads\\\/2021\\\/05\\\/6-A-1.jpg\",\"contentUrl\":\"https:\\\/\\\/www.eldiario.net\\\/portal\\\/wp-content\\\/uploads\\\/2021\\\/05\\\/6-A-1.jpg\",\"width\":1000,\"height\":603},{\"@type\":\"BreadcrumbList\",\"@id\":\"https:\\\/\\\/www.eldiario.net\\\/portal\\\/2021\\\/05\\\/17\\\/huawei-celebra-a-las-mamas-bolivianas\\\/#breadcrumb\",\"itemListElement\":[{\"@type\":\"ListItem\",\"position\":1,\"name\":\"Portada\",\"item\":\"https:\\\/\\\/www.eldiario.net\\\/portal\\\/\"},{\"@type\":\"ListItem\",\"position\":2,\"name\":\"Huawei celebra a las mam\u00e1s bolivianas\"}]},{\"@type\":\"WebSite\",\"@id\":\"https:\\\/\\\/www.eldiario.net\\\/portal\\\/#website\",\"url\":\"https:\\\/\\\/www.eldiario.net\\\/portal\\\/\",\"name\":\"El Diario - Decano de la prensa nacional\",\"description\":\"El Diario - Decano de la prensa nacional\",\"publisher\":{\"@id\":\"https:\\\/\\\/www.eldiario.net\\\/portal\\\/#organization\"},\"potentialAction\":[{\"@type\":\"SearchAction\",\"target\":{\"@type\":\"EntryPoint\",\"urlTemplate\":\"https:\\\/\\\/www.eldiario.net\\\/portal\\\/?s={search_term_string}\"},\"query-input\":{\"@type\":\"PropertyValueSpecification\",\"valueRequired\":true,\"valueName\":\"search_term_string\"}}],\"inLanguage\":\"es\"},{\"@type\":\"Organization\",\"@id\":\"https:\\\/\\\/www.eldiario.net\\\/portal\\\/#organization\",\"name\":\"El Diario - Decano de la prensa nacional\",\"url\":\"https:\\\/\\\/www.eldiario.net\\\/portal\\\/\",\"logo\":{\"@type\":\"ImageObject\",\"inLanguage\":\"es\",\"@id\":\"https:\\\/\\\/www.eldiario.net\\\/portal\\\/#\\\/schema\\\/logo\\\/image\\\/\",\"url\":\"https:\\\/\\\/www.eldiario.net\\\/portal\\\/wp-content\\\/uploads\\\/2023\\\/07\\\/logo_ED.jpg\",\"contentUrl\":\"https:\\\/\\\/www.eldiario.net\\\/portal\\\/wp-content\\\/uploads\\\/2023\\\/07\\\/logo_ED.jpg\",\"width\":272,\"height\":52,\"caption\":\"El Diario - Decano de la prensa nacional\"},\"image\":{\"@id\":\"https:\\\/\\\/www.eldiario.net\\\/portal\\\/#\\\/schema\\\/logo\\\/image\\\/\"},\"sameAs\":[\"https:\\\/\\\/www.facebook.com\\\/eldiario.bolivia\\\/\",\"https:\\\/\\\/x.com\\\/eldiario_net\"]},{\"@type\":\"Person\",\"@id\":\"https:\\\/\\\/www.eldiario.net\\\/portal\\\/#\\\/schema\\\/person\\\/f46445640444750d7d753ccd04ae01b7\",\"name\":\"Jeanette\",\"image\":{\"@type\":\"ImageObject\",\"inLanguage\":\"es\",\"@id\":\"https:\\\/\\\/secure.gravatar.com\\\/avatar\\\/3ea2118a5f7dad2b7138b1187a6b7ee55f160b9968b66013c3a3ef39dd7e5798?s=96&d=mm&r=g\",\"url\":\"https:\\\/\\\/secure.gravatar.com\\\/avatar\\\/3ea2118a5f7dad2b7138b1187a6b7ee55f160b9968b66013c3a3ef39dd7e5798?s=96&d=mm&r=g\",\"contentUrl\":\"https:\\\/\\\/secure.gravatar.com\\\/avatar\\\/3ea2118a5f7dad2b7138b1187a6b7ee55f160b9968b66013c3a3ef39dd7e5798?s=96&d=mm&r=g\",\"caption\":\"Jeanette\"},\"sameAs\":[\"https:\\\/\\\/www.eldiario.net\\\/portal\"],\"url\":\"https:\\\/\\\/www.eldiario.net\\\/portal\\\/author\\\/jeanette\\\/\"}]}<\/script>\n<!-- \/ Yoast SEO plugin. -->","yoast_head_json":{"title":"Huawei celebra a las mam\u00e1s bolivianas - El Diario - Bolivia","robots":{"index":"index","follow":"follow","max-snippet":"max-snippet:-1","max-image-preview":"max-image-preview:large","max-video-preview":"max-video-preview:-1"},"canonical":"https:\/\/www.eldiario.net\/portal\/2021\/05\/17\/huawei-celebra-a-las-mamas-bolivianas\/","og_locale":"es_ES","og_type":"article","og_title":"Huawei celebra a las mam\u00e1s bolivianas - El Diario - Bolivia","og_description":"Bolivia, mayo de 2021- Huawei reconoce el valor del v\u00ednculo materno y el esfuerzo que realizan d\u00eda a d\u00eda millones de mujeres para ejercer al m\u00e1ximo esta faceta de sus vidas. Por ello, constantemente desarrolla tecnolog\u00eda que permite cada vez m\u00e1s funciones y usos en diversos dispositivos, para facilitar las actividades de las mam\u00e1s en [&hellip;]","og_url":"https:\/\/www.eldiario.net\/portal\/2021\/05\/17\/huawei-celebra-a-las-mamas-bolivianas\/","og_site_name":"El Diario - Bolivia","article_publisher":"https:\/\/www.facebook.com\/eldiario.bolivia\/","article_published_time":"2021-05-17T09:24:46+00:00","og_image":[{"width":1000,"height":603,"url":"https:\/\/www.eldiario.net\/portal\/wp-content\/uploads\/2021\/05\/6-A-1.jpg","type":"image\/jpeg"}],"author":"Jeanette","twitter_card":"summary_large_image","twitter_creator":"@eldiario_net","twitter_site":"@eldiario_net","twitter_misc":{"Escrito por":"Jeanette","Tiempo de lectura":"3 minutos"},"schema":{"@context":"https:\/\/schema.org","@graph":[{"@type":"Article","@id":"https:\/\/www.eldiario.net\/portal\/2021\/05\/17\/huawei-celebra-a-las-mamas-bolivianas\/#article","isPartOf":{"@id":"https:\/\/www.eldiario.net\/portal\/2021\/05\/17\/huawei-celebra-a-las-mamas-bolivianas\/"},"author":{"name":"Jeanette","@id":"https:\/\/www.eldiario.net\/portal\/#\/schema\/person\/f46445640444750d7d753ccd04ae01b7"},"headline":"Huawei celebra a las mam\u00e1s bolivianas","datePublished":"2021-05-17T09:24:46+00:00","mainEntityOfPage":{"@id":"https:\/\/www.eldiario.net\/portal\/2021\/05\/17\/huawei-celebra-a-las-mamas-bolivianas\/"},"wordCount":631,"publisher":{"@id":"https:\/\/www.eldiario.net\/portal\/#organization"},"image":{"@id":"https:\/\/www.eldiario.net\/portal\/2021\/05\/17\/huawei-celebra-a-las-mamas-bolivianas\/#primaryimage"},"thumbnailUrl":"https:\/\/www.eldiario.net\/portal\/wp-content\/uploads\/2021\/05\/6-A-1.jpg","articleSection":["Ciencia y Computaci\u00f3n"],"inLanguage":"es"},{"@type":"WebPage","@id":"https:\/\/www.eldiario.net\/portal\/2021\/05\/17\/huawei-celebra-a-las-mamas-bolivianas\/","url":"https:\/\/www.eldiario.net\/portal\/2021\/05\/17\/huawei-celebra-a-las-mamas-bolivianas\/","name":"Huawei celebra a las mam\u00e1s bolivianas - El Diario - Bolivia","isPartOf":{"@id":"https:\/\/www.eldiario.net\/portal\/#website"},"primaryImageOfPage":{"@id":"https:\/\/www.eldiario.net\/portal\/2021\/05\/17\/huawei-celebra-a-las-mamas-bolivianas\/#primaryimage"},"image":{"@id":"https:\/\/www.eldiario.net\/portal\/2021\/05\/17\/huawei-celebra-a-las-mamas-bolivianas\/#primaryimage"},"thumbnailUrl":"https:\/\/www.eldiario.net\/portal\/wp-content\/uploads\/2021\/05\/6-A-1.jpg","datePublished":"2021-05-17T09:24:46+00:00","breadcrumb":{"@id":"https:\/\/www.eldiario.net\/portal\/2021\/05\/17\/huawei-celebra-a-las-mamas-bolivianas\/#breadcrumb"},"inLanguage":"es","potentialAction":[{"@type":"ReadAction","target":["https:\/\/www.eldiario.net\/portal\/2021\/05\/17\/huawei-celebra-a-las-mamas-bolivianas\/"]}]},{"@type":"ImageObject","inLanguage":"es","@id":"https:\/\/www.eldiario.net\/portal\/2021\/05\/17\/huawei-celebra-a-las-mamas-bolivianas\/#primaryimage","url":"https:\/\/www.eldiario.net\/portal\/wp-content\/uploads\/2021\/05\/6-A-1.jpg","contentUrl":"https:\/\/www.eldiario.net\/portal\/wp-content\/uploads\/2021\/05\/6-A-1.jpg","width":1000,"height":603},{"@type":"BreadcrumbList","@id":"https:\/\/www.eldiario.net\/portal\/2021\/05\/17\/huawei-celebra-a-las-mamas-bolivianas\/#breadcrumb","itemListElement":[{"@type":"ListItem","position":1,"name":"Portada","item":"https:\/\/www.eldiario.net\/portal\/"},{"@type":"ListItem","position":2,"name":"Huawei celebra a las mam\u00e1s bolivianas"}]},{"@type":"WebSite","@id":"https:\/\/www.eldiario.net\/portal\/#website","url":"https:\/\/www.eldiario.net\/portal\/","name":"El Diario - Decano de la prensa nacional","description":"El Diario - Decano de la prensa nacional","publisher":{"@id":"https:\/\/www.eldiario.net\/portal\/#organization"},"potentialAction":[{"@type":"SearchAction","target":{"@type":"EntryPoint","urlTemplate":"https:\/\/www.eldiario.net\/portal\/?s={search_term_string}"},"query-input":{"@type":"PropertyValueSpecification","valueRequired":true,"valueName":"search_term_string"}}],"inLanguage":"es"},{"@type":"Organization","@id":"https:\/\/www.eldiario.net\/portal\/#organization","name":"El Diario - Decano de la prensa nacional","url":"https:\/\/www.eldiario.net\/portal\/","logo":{"@type":"ImageObject","inLanguage":"es","@id":"https:\/\/www.eldiario.net\/portal\/#\/schema\/logo\/image\/","url":"https:\/\/www.eldiario.net\/portal\/wp-content\/uploads\/2023\/07\/logo_ED.jpg","contentUrl":"https:\/\/www.eldiario.net\/portal\/wp-content\/uploads\/2023\/07\/logo_ED.jpg","width":272,"height":52,"caption":"El Diario - Decano de la prensa nacional"},"image":{"@id":"https:\/\/www.eldiario.net\/portal\/#\/schema\/logo\/image\/"},"sameAs":["https:\/\/www.facebook.com\/eldiario.bolivia\/","https:\/\/x.com\/eldiario_net"]},{"@type":"Person","@id":"https:\/\/www.eldiario.net\/portal\/#\/schema\/person\/f46445640444750d7d753ccd04ae01b7","name":"Jeanette","image":{"@type":"ImageObject","inLanguage":"es","@id":"https:\/\/secure.gravatar.com\/avatar\/3ea2118a5f7dad2b7138b1187a6b7ee55f160b9968b66013c3a3ef39dd7e5798?s=96&d=mm&r=g","url":"https:\/\/secure.gravatar.com\/avatar\/3ea2118a5f7dad2b7138b1187a6b7ee55f160b9968b66013c3a3ef39dd7e5798?s=96&d=mm&r=g","contentUrl":"https:\/\/secure.gravatar.com\/avatar\/3ea2118a5f7dad2b7138b1187a6b7ee55f160b9968b66013c3a3ef39dd7e5798?s=96&d=mm&r=g","caption":"Jeanette"},"sameAs":["https:\/\/www.eldiario.net\/portal"],"url":"https:\/\/www.eldiario.net\/portal\/author\/jeanette\/"}]}},"_links":{"self":[{"href":"https:\/\/www.eldiario.net\/portal\/wp-json\/wp\/v2\/posts\/4359","targetHints":{"allow":["GET"]}}],"collection":[{"href":"https:\/\/www.eldiario.net\/portal\/wp-json\/wp\/v2\/posts"}],"about":[{"href":"https:\/\/www.eldiario.net\/portal\/wp-json\/wp\/v2\/types\/post"}],"author":[{"embeddable":true,"href":"https:\/\/www.eldiario.net\/portal\/wp-json\/wp\/v2\/users\/1"}],"replies":[{"embeddable":true,"href":"https:\/\/www.eldiario.net\/portal\/wp-json\/wp\/v2\/comments?post=4359"}],"version-history":[{"count":0,"href":"https:\/\/www.eldiario.net\/portal\/wp-json\/wp\/v2\/posts\/4359\/revisions"}],"wp:featuredmedia":[{"embeddable":true,"href":"https:\/\/www.eldiario.net\/portal\/wp-json\/wp\/v2\/media\/4360"}],"wp:attachment":[{"href":"https:\/\/www.eldiario.net\/portal\/wp-json\/wp\/v2\/media?parent=4359"}],"wp:term":[{"taxonomy":"category","embeddable":true,"href":"https:\/\/www.eldiario.net\/portal\/wp-json\/wp\/v2\/categories?post=4359"},{"taxonomy":"post_tag","embeddable":true,"href":"https:\/\/www.eldiario.net\/portal\/wp-json\/wp\/v2\/tags?post=4359"}],"curies":[{"name":"wp","href":"https:\/\/api.w.org\/{rel}","templated":true}]}}