{"id":4347,"date":"2021-05-17T05:19:14","date_gmt":"2021-05-17T09:19:14","guid":{"rendered":"https:\/\/www.eldiario.net\/portal\/?p=4347"},"modified":"2021-05-17T05:19:14","modified_gmt":"2021-05-17T09:19:14","slug":"en-los-ultimos-tres-anos-el-numero-de-robo-de-contrasenas-ha-aumentado-en-un-300","status":"publish","type":"post","link":"https:\/\/www.eldiario.net\/portal\/2021\/05\/17\/en-los-ultimos-tres-anos-el-numero-de-robo-de-contrasenas-ha-aumentado-en-un-300\/","title":{"rendered":"En los \u00faltimos tres a\u00f1os, el n\u00famero de robo  de contrase\u00f1as ha aumentado en un 300%"},"content":{"rendered":"<p>Bolivia, mayo de 2021.- Iniciar una sesi\u00f3n con \u00e9xito por medio de una contrase\u00f1a ya no garantiza el acceso leg\u00edtimo a un sistema y a cuentas sensibles. Es por esto que Appgate, empresa de acceso seguro y presente en el mercado de ciberseguridad, explica la importancia de implementar autenticaciones seguras para protegerse de amenazas digitales.<br \/>\nEl n\u00famero de credenciales expuestas ha aumentado un 300% desde el a\u00f1o 2018, seg\u00fan datos de Security Magazine, y ese crecimiento ha dejado al descubierto que las claves de usuario y contrase\u00f1as son un m\u00e9todo poco efectivo como autenticaci\u00f3n segura. Sin embargo, la gran mayor\u00eda de las organizaciones siguen apostando por este modelo.<br \/>\nLo primero que se debe tener claro es que cada factor de autenticaci\u00f3n tiene cabida dentro de una de estas tres categor\u00edas:<\/p>\n<p>1Conocimiento: Esta categor\u00eda se refiere a algo que se conoce. El ejemplo m\u00e1s sencillo es la contrase\u00f1a de un usuario. Sin embargo, dado que es f\u00e1cil manipular estas credenciales, la categor\u00eda conocimiento es la menos efectiva a la hora de implementar una autenticaci\u00f3n segura.<\/p>\n<p>2 Posesi\u00f3n: Se relaciona a algo que se posee y se considera una categor\u00eda de autenticaci\u00f3n fuerte debido a que es m\u00e1s dif\u00edcil de manipular. Que el usuario deba tener algo f\u00edsicamente consigo a\u00f1ade un desaf\u00edo, pero aun as\u00ed no resulta una medida infalible.<\/p>\n<p>3 Inherente: Esta es la categor\u00eda m\u00e1s fuerte de autenticaci\u00f3n. Es mucho m\u00e1s dif\u00edcil para los estafadores replicar las caracter\u00edsticas humanas, por lo que esta categor\u00eda inherente se convierte en un objetivo menos asequible para los ciberdelincuentes.<br \/>\n\u201cNinguna de estas tres categor\u00edas es suficiente para aplicar con \u00e9xito una autenticaci\u00f3n segura, por lo que es necesario utilizar al menos dos modelos que pertenezcan a diferentes categor\u00edas. Algo que el usuario sabe (conocimiento) combinado con algo que es (inherente), protege de manera m\u00e1s eficiente\u201d, explica David L\u00f3pez, vicepresidente de ventas de Latinoam\u00e9rica de Appgate.<br \/>\nCada factor de autenticaci\u00f3n tiene sus ventajas y desventajas. A continuaci\u00f3n, Appgate presenta un panorama de la evoluci\u00f3n de la autenticaci\u00f3n.<\/p>\n<p>&#8211; El primer sistema basado en contrase\u00f1as se cre\u00f3 a principios de los a\u00f1os 60 en el MIT, lo que significa que la contrase\u00f1a tiene m\u00e1s de cinco d\u00e9cadas e incluso en aquel entonces, tampoco era segura. Pese a que son f\u00e1ciles de instalar y son rentables, terminan siendo un factor de autenticaci\u00f3n d\u00e9bil y f\u00e1cil de vulnerar.<\/p>\n<p>&#8211; Los hard tokens fueron patentados por primera vez a finales de los a\u00f1os 80. Proporcionaban una contrase\u00f1a de un solo uso y mostraban un n\u00famero aleatorio que cambiaba peri\u00f3dicamente. Aunque el c\u00f3digo num\u00e9rico \u00fanico cambia con la frecuencia y lo convierte en algo dif\u00edcil de manipular, es un sistema obsoleto que ha sido sustituido por dispositivos inteligentes mucho m\u00e1s accesibles.<br \/>\n&#8211; Reconocimiento de dispositivos. Las cookies se crearon a finales de los 90 y se convirtieron en algo habitual a principio del 2000. Fueron el primer ejemplo de reconocimiento de dispositivos a gran escala. Esta tecnolog\u00eda ha evolucionado y mejorado incorporando diversos m\u00e9todos que se actualizan constantemente, sin embargo, actores fraudulentos pueden acceder a un dispositivo de forma remota utilizando un Remote Access Trojan (RAT).<\/p>\n<p>&#8211; SMS: Se utilizaron de forma generalizada a inicios del a\u00f1o 2000 y marcaron el inicio de la distribuci\u00f3n de contrase\u00f1as a tel\u00e9fonos en general. Es una forma sencilla de implementar un sistema de autenticaci\u00f3n seguro. Sin embargo, resulta ser un inconveniente para los usuarios que hayan perdido su dispositivo, o que ya no tengan acceso al n\u00famero de tel\u00e9fono registrado.<\/p>\n<p>&#8211; Push: Blackberry fue la primera en utilizar las notificaciones push, pero Google y Apple se encargaron de generalizarlas en 2009 y 2010. Este factor presenta un mensaje pop-up en un dispositivo m\u00f3vil permitiendo al usuario aceptar o rechazar una transacci\u00f3n o un intento de inicio de sesi\u00f3n. Es un m\u00e9todo muy seguro ya que se refuerza a nivel del dispositivo, pero depende de que el usuario tenga acceso al dispositivo registrado originalmente en la cuenta.<\/p>\n<p>&#8211; Biometr\u00eda de huellas dactilares: El touch ID de Apple populariz\u00f3 la biometr\u00eda de huellas dactilares en 2013. Este m\u00e9todo requiere simplemente la huella del dedo del usuario registrado para confirmar su identidad, lo que hace que sea dif\u00edcil de replicar para un estafador.<\/p>\n<p>&#8211; Autenticaci\u00f3n por QR: La web de WhatsApp lanz\u00f3 la autenticaci\u00f3n por QR en el a\u00f1o 2015. Los c\u00f3digos QR ofrecen una manera segura de autenticaci\u00f3n, proporcionando a cada usuario un c\u00f3digo \u00fanico. Es una forma de autenticaci\u00f3n r\u00e1pida, c\u00f3moda y muy segura, pero s\u00f3lo puede utilizarse en procesos fuera de banda.<\/p>\n<p>&#8211; Biom\u00e9trica Facial: El Face ID de Apple fue uno de los primeros ejemplos de biom\u00e9trica facial para autenticar usuarios. Entre las desventajas est\u00e1 que depende de la iluminaci\u00f3n y del \u00e1ngulo de la cara del usuario y adem\u00e1s se puede interceptar mediante una foto o un v\u00eddeo del usuario.<br \/>\n\u201cSer\u00e1 interesante ver c\u00f3mo siguen evolucionando los distintos sistemas de autenticaci\u00f3n. Es probable que la biometr\u00eda sea el camino del futuro y que eliminar\u00e1 las contrase\u00f1as por completo. Los datos y el an\u00e1lisis del contexto basados en el comportamiento habitual del usuario proporcionan una visi\u00f3n m\u00e1s amplia, por lo que suponen un reto para el usuario sin causarle problemas\u201d, comenta L\u00f3pez.<br \/>\nAunque muchos modelos de autenticaci\u00f3n proporcionan cierto nivel de protecci\u00f3n, ning\u00fan modelo es lo suficientemente eficaz por s\u00ed solo. Por eso, es importante asegurarse de que las organizaciones implementen autenticaciones seguras utilizando m\u00faltiples modelos dentro de diferentes categor\u00edas.<\/p>\n","protected":false},"excerpt":{"rendered":"<p>Bolivia, mayo de 2021.- Iniciar una sesi\u00f3n con \u00e9xito por medio de una contrase\u00f1a ya no garantiza el acceso leg\u00edtimo a un sistema y a cuentas sensibles. Es por esto que Appgate, empresa de acceso seguro y presente en el mercado de ciberseguridad, explica la importancia de implementar autenticaciones seguras para protegerse de amenazas digitales. [&hellip;]<\/p>\n","protected":false},"author":1,"featured_media":4348,"comment_status":"closed","ping_status":"closed","sticky":false,"template":"","format":"standard","meta":{"_acf_changed":false,"footnotes":""},"categories":[46],"tags":[],"class_list":["post-4347","post","type-post","status-publish","format-standard","has-post-thumbnail","category-ciencia-computacion"],"acf":{"antetitulo":""},"yoast_head":"<!-- This site is optimized with the Yoast SEO plugin v28.3 - https:\/\/yoast.com\/product\/yoast-seo-wordpress\/ -->\n<title>En los \u00faltimos tres a\u00f1os, el n\u00famero de robo de contrase\u00f1as ha aumentado en un 300% - El Diario - Bolivia<\/title>\n<meta name=\"robots\" content=\"index, follow, max-snippet:-1, max-image-preview:large, max-video-preview:-1\" \/>\n<link rel=\"canonical\" href=\"https:\/\/www.eldiario.net\/portal\/2021\/05\/17\/en-los-ultimos-tres-anos-el-numero-de-robo-de-contrasenas-ha-aumentado-en-un-300\/\" \/>\n<meta property=\"og:locale\" content=\"es_ES\" \/>\n<meta property=\"og:type\" content=\"article\" \/>\n<meta property=\"og:title\" content=\"En los \u00faltimos tres a\u00f1os, el n\u00famero de robo de contrase\u00f1as ha aumentado en un 300% - El Diario - Bolivia\" \/>\n<meta property=\"og:description\" content=\"Bolivia, mayo de 2021.- Iniciar una sesi\u00f3n con \u00e9xito por medio de una contrase\u00f1a ya no garantiza el acceso leg\u00edtimo a un sistema y a cuentas sensibles. Es por esto que Appgate, empresa de acceso seguro y presente en el mercado de ciberseguridad, explica la importancia de implementar autenticaciones seguras para protegerse de amenazas digitales. [&hellip;]\" \/>\n<meta property=\"og:url\" content=\"https:\/\/www.eldiario.net\/portal\/2021\/05\/17\/en-los-ultimos-tres-anos-el-numero-de-robo-de-contrasenas-ha-aumentado-en-un-300\/\" \/>\n<meta property=\"og:site_name\" content=\"El Diario - Bolivia\" \/>\n<meta property=\"article:publisher\" content=\"https:\/\/www.facebook.com\/eldiario.bolivia\/\" \/>\n<meta property=\"article:published_time\" content=\"2021-05-17T09:19:14+00:00\" \/>\n<meta property=\"og:image\" content=\"https:\/\/www.eldiario.net\/portal\/wp-content\/uploads\/2021\/05\/7-A-1.jpg\" \/>\n\t<meta property=\"og:image:width\" content=\"1000\" \/>\n\t<meta property=\"og:image:height\" content=\"660\" \/>\n\t<meta property=\"og:image:type\" content=\"image\/jpeg\" \/>\n<meta name=\"author\" content=\"Jeanette\" \/>\n<meta name=\"twitter:card\" content=\"summary_large_image\" \/>\n<meta name=\"twitter:creator\" content=\"@eldiario_net\" \/>\n<meta name=\"twitter:site\" content=\"@eldiario_net\" \/>\n<meta name=\"twitter:label1\" content=\"Escrito por\" \/>\n\t<meta name=\"twitter:data1\" content=\"Jeanette\" \/>\n\t<meta name=\"twitter:label2\" content=\"Tiempo de lectura\" \/>\n\t<meta name=\"twitter:data2\" content=\"4 minutos\" \/>\n<script type=\"application\/ld+json\" class=\"yoast-schema-graph\">{\"@context\":\"https:\\\/\\\/schema.org\",\"@graph\":[{\"@type\":\"Article\",\"@id\":\"https:\\\/\\\/www.eldiario.net\\\/portal\\\/2021\\\/05\\\/17\\\/en-los-ultimos-tres-anos-el-numero-de-robo-de-contrasenas-ha-aumentado-en-un-300\\\/#article\",\"isPartOf\":{\"@id\":\"https:\\\/\\\/www.eldiario.net\\\/portal\\\/2021\\\/05\\\/17\\\/en-los-ultimos-tres-anos-el-numero-de-robo-de-contrasenas-ha-aumentado-en-un-300\\\/\"},\"author\":{\"name\":\"Jeanette\",\"@id\":\"https:\\\/\\\/www.eldiario.net\\\/portal\\\/#\\\/schema\\\/person\\\/f46445640444750d7d753ccd04ae01b7\"},\"headline\":\"En los \u00faltimos tres a\u00f1os, el n\u00famero de robo de contrase\u00f1as ha aumentado en un 300%\",\"datePublished\":\"2021-05-17T09:19:14+00:00\",\"mainEntityOfPage\":{\"@id\":\"https:\\\/\\\/www.eldiario.net\\\/portal\\\/2021\\\/05\\\/17\\\/en-los-ultimos-tres-anos-el-numero-de-robo-de-contrasenas-ha-aumentado-en-un-300\\\/\"},\"wordCount\":1008,\"publisher\":{\"@id\":\"https:\\\/\\\/www.eldiario.net\\\/portal\\\/#organization\"},\"image\":{\"@id\":\"https:\\\/\\\/www.eldiario.net\\\/portal\\\/2021\\\/05\\\/17\\\/en-los-ultimos-tres-anos-el-numero-de-robo-de-contrasenas-ha-aumentado-en-un-300\\\/#primaryimage\"},\"thumbnailUrl\":\"https:\\\/\\\/www.eldiario.net\\\/portal\\\/wp-content\\\/uploads\\\/2021\\\/05\\\/7-A-1.jpg\",\"articleSection\":[\"Ciencia y Computaci\u00f3n\"],\"inLanguage\":\"es\"},{\"@type\":\"WebPage\",\"@id\":\"https:\\\/\\\/www.eldiario.net\\\/portal\\\/2021\\\/05\\\/17\\\/en-los-ultimos-tres-anos-el-numero-de-robo-de-contrasenas-ha-aumentado-en-un-300\\\/\",\"url\":\"https:\\\/\\\/www.eldiario.net\\\/portal\\\/2021\\\/05\\\/17\\\/en-los-ultimos-tres-anos-el-numero-de-robo-de-contrasenas-ha-aumentado-en-un-300\\\/\",\"name\":\"En los \u00faltimos tres a\u00f1os, el n\u00famero de robo de contrase\u00f1as ha aumentado en un 300% - El Diario - Bolivia\",\"isPartOf\":{\"@id\":\"https:\\\/\\\/www.eldiario.net\\\/portal\\\/#website\"},\"primaryImageOfPage\":{\"@id\":\"https:\\\/\\\/www.eldiario.net\\\/portal\\\/2021\\\/05\\\/17\\\/en-los-ultimos-tres-anos-el-numero-de-robo-de-contrasenas-ha-aumentado-en-un-300\\\/#primaryimage\"},\"image\":{\"@id\":\"https:\\\/\\\/www.eldiario.net\\\/portal\\\/2021\\\/05\\\/17\\\/en-los-ultimos-tres-anos-el-numero-de-robo-de-contrasenas-ha-aumentado-en-un-300\\\/#primaryimage\"},\"thumbnailUrl\":\"https:\\\/\\\/www.eldiario.net\\\/portal\\\/wp-content\\\/uploads\\\/2021\\\/05\\\/7-A-1.jpg\",\"datePublished\":\"2021-05-17T09:19:14+00:00\",\"breadcrumb\":{\"@id\":\"https:\\\/\\\/www.eldiario.net\\\/portal\\\/2021\\\/05\\\/17\\\/en-los-ultimos-tres-anos-el-numero-de-robo-de-contrasenas-ha-aumentado-en-un-300\\\/#breadcrumb\"},\"inLanguage\":\"es\",\"potentialAction\":[{\"@type\":\"ReadAction\",\"target\":[\"https:\\\/\\\/www.eldiario.net\\\/portal\\\/2021\\\/05\\\/17\\\/en-los-ultimos-tres-anos-el-numero-de-robo-de-contrasenas-ha-aumentado-en-un-300\\\/\"]}]},{\"@type\":\"ImageObject\",\"inLanguage\":\"es\",\"@id\":\"https:\\\/\\\/www.eldiario.net\\\/portal\\\/2021\\\/05\\\/17\\\/en-los-ultimos-tres-anos-el-numero-de-robo-de-contrasenas-ha-aumentado-en-un-300\\\/#primaryimage\",\"url\":\"https:\\\/\\\/www.eldiario.net\\\/portal\\\/wp-content\\\/uploads\\\/2021\\\/05\\\/7-A-1.jpg\",\"contentUrl\":\"https:\\\/\\\/www.eldiario.net\\\/portal\\\/wp-content\\\/uploads\\\/2021\\\/05\\\/7-A-1.jpg\",\"width\":1000,\"height\":660},{\"@type\":\"BreadcrumbList\",\"@id\":\"https:\\\/\\\/www.eldiario.net\\\/portal\\\/2021\\\/05\\\/17\\\/en-los-ultimos-tres-anos-el-numero-de-robo-de-contrasenas-ha-aumentado-en-un-300\\\/#breadcrumb\",\"itemListElement\":[{\"@type\":\"ListItem\",\"position\":1,\"name\":\"Portada\",\"item\":\"https:\\\/\\\/www.eldiario.net\\\/portal\\\/\"},{\"@type\":\"ListItem\",\"position\":2,\"name\":\"En los \u00faltimos tres a\u00f1os, el n\u00famero de robo de contrase\u00f1as ha aumentado en un 300%\"}]},{\"@type\":\"WebSite\",\"@id\":\"https:\\\/\\\/www.eldiario.net\\\/portal\\\/#website\",\"url\":\"https:\\\/\\\/www.eldiario.net\\\/portal\\\/\",\"name\":\"El Diario - Decano de la prensa nacional\",\"description\":\"El Diario - Decano de la prensa nacional\",\"publisher\":{\"@id\":\"https:\\\/\\\/www.eldiario.net\\\/portal\\\/#organization\"},\"potentialAction\":[{\"@type\":\"SearchAction\",\"target\":{\"@type\":\"EntryPoint\",\"urlTemplate\":\"https:\\\/\\\/www.eldiario.net\\\/portal\\\/?s={search_term_string}\"},\"query-input\":{\"@type\":\"PropertyValueSpecification\",\"valueRequired\":true,\"valueName\":\"search_term_string\"}}],\"inLanguage\":\"es\"},{\"@type\":\"Organization\",\"@id\":\"https:\\\/\\\/www.eldiario.net\\\/portal\\\/#organization\",\"name\":\"El Diario - Decano de la prensa nacional\",\"url\":\"https:\\\/\\\/www.eldiario.net\\\/portal\\\/\",\"logo\":{\"@type\":\"ImageObject\",\"inLanguage\":\"es\",\"@id\":\"https:\\\/\\\/www.eldiario.net\\\/portal\\\/#\\\/schema\\\/logo\\\/image\\\/\",\"url\":\"https:\\\/\\\/www.eldiario.net\\\/portal\\\/wp-content\\\/uploads\\\/2023\\\/07\\\/logo_ED.jpg\",\"contentUrl\":\"https:\\\/\\\/www.eldiario.net\\\/portal\\\/wp-content\\\/uploads\\\/2023\\\/07\\\/logo_ED.jpg\",\"width\":272,\"height\":52,\"caption\":\"El Diario - Decano de la prensa nacional\"},\"image\":{\"@id\":\"https:\\\/\\\/www.eldiario.net\\\/portal\\\/#\\\/schema\\\/logo\\\/image\\\/\"},\"sameAs\":[\"https:\\\/\\\/www.facebook.com\\\/eldiario.bolivia\\\/\",\"https:\\\/\\\/x.com\\\/eldiario_net\"]},{\"@type\":\"Person\",\"@id\":\"https:\\\/\\\/www.eldiario.net\\\/portal\\\/#\\\/schema\\\/person\\\/f46445640444750d7d753ccd04ae01b7\",\"name\":\"Jeanette\",\"image\":{\"@type\":\"ImageObject\",\"inLanguage\":\"es\",\"@id\":\"https:\\\/\\\/secure.gravatar.com\\\/avatar\\\/3ea2118a5f7dad2b7138b1187a6b7ee55f160b9968b66013c3a3ef39dd7e5798?s=96&d=mm&r=g\",\"url\":\"https:\\\/\\\/secure.gravatar.com\\\/avatar\\\/3ea2118a5f7dad2b7138b1187a6b7ee55f160b9968b66013c3a3ef39dd7e5798?s=96&d=mm&r=g\",\"contentUrl\":\"https:\\\/\\\/secure.gravatar.com\\\/avatar\\\/3ea2118a5f7dad2b7138b1187a6b7ee55f160b9968b66013c3a3ef39dd7e5798?s=96&d=mm&r=g\",\"caption\":\"Jeanette\"},\"sameAs\":[\"https:\\\/\\\/www.eldiario.net\\\/portal\"],\"url\":\"https:\\\/\\\/www.eldiario.net\\\/portal\\\/author\\\/jeanette\\\/\"}]}<\/script>\n<!-- \/ Yoast SEO plugin. -->","yoast_head_json":{"title":"En los \u00faltimos tres a\u00f1os, el n\u00famero de robo de contrase\u00f1as ha aumentado en un 300% - El Diario - Bolivia","robots":{"index":"index","follow":"follow","max-snippet":"max-snippet:-1","max-image-preview":"max-image-preview:large","max-video-preview":"max-video-preview:-1"},"canonical":"https:\/\/www.eldiario.net\/portal\/2021\/05\/17\/en-los-ultimos-tres-anos-el-numero-de-robo-de-contrasenas-ha-aumentado-en-un-300\/","og_locale":"es_ES","og_type":"article","og_title":"En los \u00faltimos tres a\u00f1os, el n\u00famero de robo de contrase\u00f1as ha aumentado en un 300% - El Diario - Bolivia","og_description":"Bolivia, mayo de 2021.- Iniciar una sesi\u00f3n con \u00e9xito por medio de una contrase\u00f1a ya no garantiza el acceso leg\u00edtimo a un sistema y a cuentas sensibles. Es por esto que Appgate, empresa de acceso seguro y presente en el mercado de ciberseguridad, explica la importancia de implementar autenticaciones seguras para protegerse de amenazas digitales. [&hellip;]","og_url":"https:\/\/www.eldiario.net\/portal\/2021\/05\/17\/en-los-ultimos-tres-anos-el-numero-de-robo-de-contrasenas-ha-aumentado-en-un-300\/","og_site_name":"El Diario - Bolivia","article_publisher":"https:\/\/www.facebook.com\/eldiario.bolivia\/","article_published_time":"2021-05-17T09:19:14+00:00","og_image":[{"width":1000,"height":660,"url":"https:\/\/www.eldiario.net\/portal\/wp-content\/uploads\/2021\/05\/7-A-1.jpg","type":"image\/jpeg"}],"author":"Jeanette","twitter_card":"summary_large_image","twitter_creator":"@eldiario_net","twitter_site":"@eldiario_net","twitter_misc":{"Escrito por":"Jeanette","Tiempo de lectura":"4 minutos"},"schema":{"@context":"https:\/\/schema.org","@graph":[{"@type":"Article","@id":"https:\/\/www.eldiario.net\/portal\/2021\/05\/17\/en-los-ultimos-tres-anos-el-numero-de-robo-de-contrasenas-ha-aumentado-en-un-300\/#article","isPartOf":{"@id":"https:\/\/www.eldiario.net\/portal\/2021\/05\/17\/en-los-ultimos-tres-anos-el-numero-de-robo-de-contrasenas-ha-aumentado-en-un-300\/"},"author":{"name":"Jeanette","@id":"https:\/\/www.eldiario.net\/portal\/#\/schema\/person\/f46445640444750d7d753ccd04ae01b7"},"headline":"En los \u00faltimos tres a\u00f1os, el n\u00famero de robo de contrase\u00f1as ha aumentado en un 300%","datePublished":"2021-05-17T09:19:14+00:00","mainEntityOfPage":{"@id":"https:\/\/www.eldiario.net\/portal\/2021\/05\/17\/en-los-ultimos-tres-anos-el-numero-de-robo-de-contrasenas-ha-aumentado-en-un-300\/"},"wordCount":1008,"publisher":{"@id":"https:\/\/www.eldiario.net\/portal\/#organization"},"image":{"@id":"https:\/\/www.eldiario.net\/portal\/2021\/05\/17\/en-los-ultimos-tres-anos-el-numero-de-robo-de-contrasenas-ha-aumentado-en-un-300\/#primaryimage"},"thumbnailUrl":"https:\/\/www.eldiario.net\/portal\/wp-content\/uploads\/2021\/05\/7-A-1.jpg","articleSection":["Ciencia y Computaci\u00f3n"],"inLanguage":"es"},{"@type":"WebPage","@id":"https:\/\/www.eldiario.net\/portal\/2021\/05\/17\/en-los-ultimos-tres-anos-el-numero-de-robo-de-contrasenas-ha-aumentado-en-un-300\/","url":"https:\/\/www.eldiario.net\/portal\/2021\/05\/17\/en-los-ultimos-tres-anos-el-numero-de-robo-de-contrasenas-ha-aumentado-en-un-300\/","name":"En los \u00faltimos tres a\u00f1os, el n\u00famero de robo de contrase\u00f1as ha aumentado en un 300% - El Diario - Bolivia","isPartOf":{"@id":"https:\/\/www.eldiario.net\/portal\/#website"},"primaryImageOfPage":{"@id":"https:\/\/www.eldiario.net\/portal\/2021\/05\/17\/en-los-ultimos-tres-anos-el-numero-de-robo-de-contrasenas-ha-aumentado-en-un-300\/#primaryimage"},"image":{"@id":"https:\/\/www.eldiario.net\/portal\/2021\/05\/17\/en-los-ultimos-tres-anos-el-numero-de-robo-de-contrasenas-ha-aumentado-en-un-300\/#primaryimage"},"thumbnailUrl":"https:\/\/www.eldiario.net\/portal\/wp-content\/uploads\/2021\/05\/7-A-1.jpg","datePublished":"2021-05-17T09:19:14+00:00","breadcrumb":{"@id":"https:\/\/www.eldiario.net\/portal\/2021\/05\/17\/en-los-ultimos-tres-anos-el-numero-de-robo-de-contrasenas-ha-aumentado-en-un-300\/#breadcrumb"},"inLanguage":"es","potentialAction":[{"@type":"ReadAction","target":["https:\/\/www.eldiario.net\/portal\/2021\/05\/17\/en-los-ultimos-tres-anos-el-numero-de-robo-de-contrasenas-ha-aumentado-en-un-300\/"]}]},{"@type":"ImageObject","inLanguage":"es","@id":"https:\/\/www.eldiario.net\/portal\/2021\/05\/17\/en-los-ultimos-tres-anos-el-numero-de-robo-de-contrasenas-ha-aumentado-en-un-300\/#primaryimage","url":"https:\/\/www.eldiario.net\/portal\/wp-content\/uploads\/2021\/05\/7-A-1.jpg","contentUrl":"https:\/\/www.eldiario.net\/portal\/wp-content\/uploads\/2021\/05\/7-A-1.jpg","width":1000,"height":660},{"@type":"BreadcrumbList","@id":"https:\/\/www.eldiario.net\/portal\/2021\/05\/17\/en-los-ultimos-tres-anos-el-numero-de-robo-de-contrasenas-ha-aumentado-en-un-300\/#breadcrumb","itemListElement":[{"@type":"ListItem","position":1,"name":"Portada","item":"https:\/\/www.eldiario.net\/portal\/"},{"@type":"ListItem","position":2,"name":"En los \u00faltimos tres a\u00f1os, el n\u00famero de robo de contrase\u00f1as ha aumentado en un 300%"}]},{"@type":"WebSite","@id":"https:\/\/www.eldiario.net\/portal\/#website","url":"https:\/\/www.eldiario.net\/portal\/","name":"El Diario - Decano de la prensa nacional","description":"El Diario - Decano de la prensa nacional","publisher":{"@id":"https:\/\/www.eldiario.net\/portal\/#organization"},"potentialAction":[{"@type":"SearchAction","target":{"@type":"EntryPoint","urlTemplate":"https:\/\/www.eldiario.net\/portal\/?s={search_term_string}"},"query-input":{"@type":"PropertyValueSpecification","valueRequired":true,"valueName":"search_term_string"}}],"inLanguage":"es"},{"@type":"Organization","@id":"https:\/\/www.eldiario.net\/portal\/#organization","name":"El Diario - Decano de la prensa nacional","url":"https:\/\/www.eldiario.net\/portal\/","logo":{"@type":"ImageObject","inLanguage":"es","@id":"https:\/\/www.eldiario.net\/portal\/#\/schema\/logo\/image\/","url":"https:\/\/www.eldiario.net\/portal\/wp-content\/uploads\/2023\/07\/logo_ED.jpg","contentUrl":"https:\/\/www.eldiario.net\/portal\/wp-content\/uploads\/2023\/07\/logo_ED.jpg","width":272,"height":52,"caption":"El Diario - Decano de la prensa nacional"},"image":{"@id":"https:\/\/www.eldiario.net\/portal\/#\/schema\/logo\/image\/"},"sameAs":["https:\/\/www.facebook.com\/eldiario.bolivia\/","https:\/\/x.com\/eldiario_net"]},{"@type":"Person","@id":"https:\/\/www.eldiario.net\/portal\/#\/schema\/person\/f46445640444750d7d753ccd04ae01b7","name":"Jeanette","image":{"@type":"ImageObject","inLanguage":"es","@id":"https:\/\/secure.gravatar.com\/avatar\/3ea2118a5f7dad2b7138b1187a6b7ee55f160b9968b66013c3a3ef39dd7e5798?s=96&d=mm&r=g","url":"https:\/\/secure.gravatar.com\/avatar\/3ea2118a5f7dad2b7138b1187a6b7ee55f160b9968b66013c3a3ef39dd7e5798?s=96&d=mm&r=g","contentUrl":"https:\/\/secure.gravatar.com\/avatar\/3ea2118a5f7dad2b7138b1187a6b7ee55f160b9968b66013c3a3ef39dd7e5798?s=96&d=mm&r=g","caption":"Jeanette"},"sameAs":["https:\/\/www.eldiario.net\/portal"],"url":"https:\/\/www.eldiario.net\/portal\/author\/jeanette\/"}]}},"_links":{"self":[{"href":"https:\/\/www.eldiario.net\/portal\/wp-json\/wp\/v2\/posts\/4347","targetHints":{"allow":["GET"]}}],"collection":[{"href":"https:\/\/www.eldiario.net\/portal\/wp-json\/wp\/v2\/posts"}],"about":[{"href":"https:\/\/www.eldiario.net\/portal\/wp-json\/wp\/v2\/types\/post"}],"author":[{"embeddable":true,"href":"https:\/\/www.eldiario.net\/portal\/wp-json\/wp\/v2\/users\/1"}],"replies":[{"embeddable":true,"href":"https:\/\/www.eldiario.net\/portal\/wp-json\/wp\/v2\/comments?post=4347"}],"version-history":[{"count":0,"href":"https:\/\/www.eldiario.net\/portal\/wp-json\/wp\/v2\/posts\/4347\/revisions"}],"wp:featuredmedia":[{"embeddable":true,"href":"https:\/\/www.eldiario.net\/portal\/wp-json\/wp\/v2\/media\/4348"}],"wp:attachment":[{"href":"https:\/\/www.eldiario.net\/portal\/wp-json\/wp\/v2\/media?parent=4347"}],"wp:term":[{"taxonomy":"category","embeddable":true,"href":"https:\/\/www.eldiario.net\/portal\/wp-json\/wp\/v2\/categories?post=4347"},{"taxonomy":"post_tag","embeddable":true,"href":"https:\/\/www.eldiario.net\/portal\/wp-json\/wp\/v2\/tags?post=4347"}],"curies":[{"name":"wp","href":"https:\/\/api.w.org\/{rel}","templated":true}]}}