{"id":4341,"date":"2021-05-17T05:15:39","date_gmt":"2021-05-17T09:15:39","guid":{"rendered":"https:\/\/www.eldiario.net\/portal\/?p=4341"},"modified":"2021-05-17T05:15:39","modified_gmt":"2021-05-17T09:15:39","slug":"la-ps5-de-sony-trae-el-audio-espacial","status":"publish","type":"post","link":"https:\/\/www.eldiario.net\/portal\/2021\/05\/17\/la-ps5-de-sony-trae-el-audio-espacial\/","title":{"rendered":"La PS5 de Sony trae el audio espacial"},"content":{"rendered":"<p>A fin de poder tener una experiencia m\u00e1s realista en tus sesiones de videojuegos las empresas trabajan en el audio de sus consolas.\u00a0El audio puede aumentar r\u00e1pidamente esa sensaci\u00f3n de asombro, especialmente cuando usamos los aud\u00edfonos.\u00a0Tal vez no sea una sorpresa que dos de los juegos m\u00e1s recientes de PlayStation 5,\u00a0Returnal\u00a0y\u00a0Resident Evil Village\u00a0, se apoyen en el audio 3D para darle un toque ambiental adicional.<br \/>\nNo todo el mundo juega con los auriculares puestos, pero al parecer Sony nos invita a que lo hagamos.\u00a0El\u00a0soporte de\u00a0la PS5\u00a0para audio 3D\u00a0se\u00a0enfatiz\u00f3\u00a0en el lanzamiento de la consola el a\u00f1o pasado.\u00a0A diferencia del\u00a0controlador DualSense\u00a0,\u00a0tambi\u00e9n inmersivo y con vibraciones mejoradas\u00a0, los aud\u00edfonos siempre son opcionales.<br \/>\nLa\u00a0PlayStation VR\u00a0originalmente abri\u00f3 el camino para que Sony explorara el audio espacial.\u00a0Si bien el\u00a0PSVR m\u00e1s nuevo\u00a0para PS5 a\u00fan no est\u00e1 aqu\u00ed, parece que los juegos compatibles con audio 3D podr\u00edan estar abriendo el camino de c\u00f3mo la realidad virtual vuelve a entrar en escena para la consola de Sony.<br \/>\n\u201cPS5 implementa cientos de altavoces virtuales, lo que proporciona una resoluci\u00f3n de audio mejorada\u201d.\u00a0dice Imai de Sony sobre las capacidades de audio 3D de la PS5.\u00a0\u201cTambi\u00e9n permite la creaci\u00f3n de paisajes sonoros que rodean completamente al jugador, entre otras cosas, as\u00ed que creo que agregar\u00e1 una serie de elementos importantes al proceso de dise\u00f1o del juego\u201d.<br \/>\nEs similar en esp\u00edritu a lo que hizo el PSVR en PS4, pero m\u00e1s dedicado.\u00a0\u201cExisten diferencias entre el audio 3D en PS5 y PS VR, como la cantidad de fuentes de sonido admitidas y la resoluci\u00f3n de audio, pero el objetivo es el mismo: hacer que los juegos sean m\u00e1s envolventes\u201d, dice Imai.\u00a0\u201cLa realidad virtual ocupa todo el campo de visi\u00f3n del jugador, por lo que es esencial que los sonidos se correspondan con eso. Nuestro punto de partida para PS5, sin embargo, fue que quer\u00edamos usar audio 3D para elevar el nivel de inmersi\u00f3n en todos los juegos, no solo en los t\u00edtulos de realidad virtual. . Creo que esa es una diferencia clave \u201c.<\/p>\n","protected":false},"excerpt":{"rendered":"<p>A fin de poder tener una experiencia m\u00e1s realista en tus sesiones de videojuegos las empresas trabajan en el audio de sus consolas.\u00a0El audio puede aumentar r\u00e1pidamente esa sensaci\u00f3n de asombro, especialmente cuando usamos los aud\u00edfonos.\u00a0Tal vez no sea una sorpresa que dos de los juegos m\u00e1s recientes de PlayStation 5,\u00a0Returnal\u00a0y\u00a0Resident Evil Village\u00a0, se apoyen [&hellip;]<\/p>\n","protected":false},"author":1,"featured_media":4342,"comment_status":"closed","ping_status":"closed","sticky":false,"template":"","format":"standard","meta":{"_acf_changed":false,"footnotes":""},"categories":[46],"tags":[],"class_list":["post-4341","post","type-post","status-publish","format-standard","has-post-thumbnail","category-ciencia-computacion"],"acf":{"antetitulo":""},"yoast_head":"<!-- This site is optimized with the Yoast SEO plugin v28.3 - https:\/\/yoast.com\/product\/yoast-seo-wordpress\/ -->\n<title>La PS5 de Sony trae el audio espacial - El Diario - Bolivia<\/title>\n<meta name=\"robots\" content=\"index, follow, max-snippet:-1, max-image-preview:large, max-video-preview:-1\" \/>\n<link rel=\"canonical\" href=\"https:\/\/www.eldiario.net\/portal\/2021\/05\/17\/la-ps5-de-sony-trae-el-audio-espacial\/\" \/>\n<meta property=\"og:locale\" content=\"es_ES\" \/>\n<meta property=\"og:type\" content=\"article\" \/>\n<meta property=\"og:title\" content=\"La PS5 de Sony trae el audio espacial - El Diario - Bolivia\" \/>\n<meta property=\"og:description\" content=\"A fin de poder tener una experiencia m\u00e1s realista en tus sesiones de videojuegos las empresas trabajan en el audio de sus consolas.\u00a0El audio puede aumentar r\u00e1pidamente esa sensaci\u00f3n de asombro, especialmente cuando usamos los aud\u00edfonos.\u00a0Tal vez no sea una sorpresa que dos de los juegos m\u00e1s recientes de PlayStation 5,\u00a0Returnal\u00a0y\u00a0Resident Evil Village\u00a0, se apoyen [&hellip;]\" \/>\n<meta property=\"og:url\" content=\"https:\/\/www.eldiario.net\/portal\/2021\/05\/17\/la-ps5-de-sony-trae-el-audio-espacial\/\" \/>\n<meta property=\"og:site_name\" content=\"El Diario - Bolivia\" \/>\n<meta property=\"article:publisher\" content=\"https:\/\/www.facebook.com\/eldiario.bolivia\/\" \/>\n<meta property=\"article:published_time\" content=\"2021-05-17T09:15:39+00:00\" \/>\n<meta name=\"author\" content=\"Jeanette\" \/>\n<meta name=\"twitter:card\" content=\"summary_large_image\" \/>\n<meta name=\"twitter:creator\" content=\"@eldiario_net\" \/>\n<meta name=\"twitter:site\" content=\"@eldiario_net\" \/>\n<meta name=\"twitter:label1\" content=\"Escrito por\" \/>\n\t<meta name=\"twitter:data1\" content=\"Jeanette\" \/>\n\t<meta name=\"twitter:label2\" content=\"Tiempo de lectura\" \/>\n\t<meta name=\"twitter:data2\" content=\"2 minutos\" \/>\n<script type=\"application\/ld+json\" class=\"yoast-schema-graph\">{\"@context\":\"https:\\\/\\\/schema.org\",\"@graph\":[{\"@type\":\"Article\",\"@id\":\"https:\\\/\\\/www.eldiario.net\\\/portal\\\/2021\\\/05\\\/17\\\/la-ps5-de-sony-trae-el-audio-espacial\\\/#article\",\"isPartOf\":{\"@id\":\"https:\\\/\\\/www.eldiario.net\\\/portal\\\/2021\\\/05\\\/17\\\/la-ps5-de-sony-trae-el-audio-espacial\\\/\"},\"author\":{\"name\":\"Jeanette\",\"@id\":\"https:\\\/\\\/www.eldiario.net\\\/portal\\\/#\\\/schema\\\/person\\\/f46445640444750d7d753ccd04ae01b7\"},\"headline\":\"La PS5 de Sony trae el audio espacial\",\"datePublished\":\"2021-05-17T09:15:39+00:00\",\"mainEntityOfPage\":{\"@id\":\"https:\\\/\\\/www.eldiario.net\\\/portal\\\/2021\\\/05\\\/17\\\/la-ps5-de-sony-trae-el-audio-espacial\\\/\"},\"wordCount\":383,\"publisher\":{\"@id\":\"https:\\\/\\\/www.eldiario.net\\\/portal\\\/#organization\"},\"image\":{\"@id\":\"https:\\\/\\\/www.eldiario.net\\\/portal\\\/2021\\\/05\\\/17\\\/la-ps5-de-sony-trae-el-audio-espacial\\\/#primaryimage\"},\"thumbnailUrl\":\"\",\"articleSection\":[\"Ciencia y Computaci\u00f3n\"],\"inLanguage\":\"es\"},{\"@type\":\"WebPage\",\"@id\":\"https:\\\/\\\/www.eldiario.net\\\/portal\\\/2021\\\/05\\\/17\\\/la-ps5-de-sony-trae-el-audio-espacial\\\/\",\"url\":\"https:\\\/\\\/www.eldiario.net\\\/portal\\\/2021\\\/05\\\/17\\\/la-ps5-de-sony-trae-el-audio-espacial\\\/\",\"name\":\"La PS5 de Sony trae el audio espacial - El Diario - Bolivia\",\"isPartOf\":{\"@id\":\"https:\\\/\\\/www.eldiario.net\\\/portal\\\/#website\"},\"primaryImageOfPage\":{\"@id\":\"https:\\\/\\\/www.eldiario.net\\\/portal\\\/2021\\\/05\\\/17\\\/la-ps5-de-sony-trae-el-audio-espacial\\\/#primaryimage\"},\"image\":{\"@id\":\"https:\\\/\\\/www.eldiario.net\\\/portal\\\/2021\\\/05\\\/17\\\/la-ps5-de-sony-trae-el-audio-espacial\\\/#primaryimage\"},\"thumbnailUrl\":\"\",\"datePublished\":\"2021-05-17T09:15:39+00:00\",\"breadcrumb\":{\"@id\":\"https:\\\/\\\/www.eldiario.net\\\/portal\\\/2021\\\/05\\\/17\\\/la-ps5-de-sony-trae-el-audio-espacial\\\/#breadcrumb\"},\"inLanguage\":\"es\",\"potentialAction\":[{\"@type\":\"ReadAction\",\"target\":[\"https:\\\/\\\/www.eldiario.net\\\/portal\\\/2021\\\/05\\\/17\\\/la-ps5-de-sony-trae-el-audio-espacial\\\/\"]}]},{\"@type\":\"ImageObject\",\"inLanguage\":\"es\",\"@id\":\"https:\\\/\\\/www.eldiario.net\\\/portal\\\/2021\\\/05\\\/17\\\/la-ps5-de-sony-trae-el-audio-espacial\\\/#primaryimage\",\"url\":\"\",\"contentUrl\":\"\"},{\"@type\":\"BreadcrumbList\",\"@id\":\"https:\\\/\\\/www.eldiario.net\\\/portal\\\/2021\\\/05\\\/17\\\/la-ps5-de-sony-trae-el-audio-espacial\\\/#breadcrumb\",\"itemListElement\":[{\"@type\":\"ListItem\",\"position\":1,\"name\":\"Portada\",\"item\":\"https:\\\/\\\/www.eldiario.net\\\/portal\\\/\"},{\"@type\":\"ListItem\",\"position\":2,\"name\":\"La PS5 de Sony trae el audio espacial\"}]},{\"@type\":\"WebSite\",\"@id\":\"https:\\\/\\\/www.eldiario.net\\\/portal\\\/#website\",\"url\":\"https:\\\/\\\/www.eldiario.net\\\/portal\\\/\",\"name\":\"El Diario - Decano de la prensa nacional\",\"description\":\"El Diario - Decano de la prensa nacional\",\"publisher\":{\"@id\":\"https:\\\/\\\/www.eldiario.net\\\/portal\\\/#organization\"},\"potentialAction\":[{\"@type\":\"SearchAction\",\"target\":{\"@type\":\"EntryPoint\",\"urlTemplate\":\"https:\\\/\\\/www.eldiario.net\\\/portal\\\/?s={search_term_string}\"},\"query-input\":{\"@type\":\"PropertyValueSpecification\",\"valueRequired\":true,\"valueName\":\"search_term_string\"}}],\"inLanguage\":\"es\"},{\"@type\":\"Organization\",\"@id\":\"https:\\\/\\\/www.eldiario.net\\\/portal\\\/#organization\",\"name\":\"El Diario - Decano de la prensa nacional\",\"url\":\"https:\\\/\\\/www.eldiario.net\\\/portal\\\/\",\"logo\":{\"@type\":\"ImageObject\",\"inLanguage\":\"es\",\"@id\":\"https:\\\/\\\/www.eldiario.net\\\/portal\\\/#\\\/schema\\\/logo\\\/image\\\/\",\"url\":\"https:\\\/\\\/www.eldiario.net\\\/portal\\\/wp-content\\\/uploads\\\/2023\\\/07\\\/logo_ED.jpg\",\"contentUrl\":\"https:\\\/\\\/www.eldiario.net\\\/portal\\\/wp-content\\\/uploads\\\/2023\\\/07\\\/logo_ED.jpg\",\"width\":272,\"height\":52,\"caption\":\"El Diario - Decano de la prensa nacional\"},\"image\":{\"@id\":\"https:\\\/\\\/www.eldiario.net\\\/portal\\\/#\\\/schema\\\/logo\\\/image\\\/\"},\"sameAs\":[\"https:\\\/\\\/www.facebook.com\\\/eldiario.bolivia\\\/\",\"https:\\\/\\\/x.com\\\/eldiario_net\"]},{\"@type\":\"Person\",\"@id\":\"https:\\\/\\\/www.eldiario.net\\\/portal\\\/#\\\/schema\\\/person\\\/f46445640444750d7d753ccd04ae01b7\",\"name\":\"Jeanette\",\"image\":{\"@type\":\"ImageObject\",\"inLanguage\":\"es\",\"@id\":\"https:\\\/\\\/secure.gravatar.com\\\/avatar\\\/3ea2118a5f7dad2b7138b1187a6b7ee55f160b9968b66013c3a3ef39dd7e5798?s=96&d=mm&r=g\",\"url\":\"https:\\\/\\\/secure.gravatar.com\\\/avatar\\\/3ea2118a5f7dad2b7138b1187a6b7ee55f160b9968b66013c3a3ef39dd7e5798?s=96&d=mm&r=g\",\"contentUrl\":\"https:\\\/\\\/secure.gravatar.com\\\/avatar\\\/3ea2118a5f7dad2b7138b1187a6b7ee55f160b9968b66013c3a3ef39dd7e5798?s=96&d=mm&r=g\",\"caption\":\"Jeanette\"},\"sameAs\":[\"https:\\\/\\\/www.eldiario.net\\\/portal\"],\"url\":\"https:\\\/\\\/www.eldiario.net\\\/portal\\\/author\\\/jeanette\\\/\"}]}<\/script>\n<!-- \/ Yoast SEO plugin. -->","yoast_head_json":{"title":"La PS5 de Sony trae el audio espacial - El Diario - Bolivia","robots":{"index":"index","follow":"follow","max-snippet":"max-snippet:-1","max-image-preview":"max-image-preview:large","max-video-preview":"max-video-preview:-1"},"canonical":"https:\/\/www.eldiario.net\/portal\/2021\/05\/17\/la-ps5-de-sony-trae-el-audio-espacial\/","og_locale":"es_ES","og_type":"article","og_title":"La PS5 de Sony trae el audio espacial - El Diario - Bolivia","og_description":"A fin de poder tener una experiencia m\u00e1s realista en tus sesiones de videojuegos las empresas trabajan en el audio de sus consolas.\u00a0El audio puede aumentar r\u00e1pidamente esa sensaci\u00f3n de asombro, especialmente cuando usamos los aud\u00edfonos.\u00a0Tal vez no sea una sorpresa que dos de los juegos m\u00e1s recientes de PlayStation 5,\u00a0Returnal\u00a0y\u00a0Resident Evil Village\u00a0, se apoyen [&hellip;]","og_url":"https:\/\/www.eldiario.net\/portal\/2021\/05\/17\/la-ps5-de-sony-trae-el-audio-espacial\/","og_site_name":"El Diario - Bolivia","article_publisher":"https:\/\/www.facebook.com\/eldiario.bolivia\/","article_published_time":"2021-05-17T09:15:39+00:00","author":"Jeanette","twitter_card":"summary_large_image","twitter_creator":"@eldiario_net","twitter_site":"@eldiario_net","twitter_misc":{"Escrito por":"Jeanette","Tiempo de lectura":"2 minutos"},"schema":{"@context":"https:\/\/schema.org","@graph":[{"@type":"Article","@id":"https:\/\/www.eldiario.net\/portal\/2021\/05\/17\/la-ps5-de-sony-trae-el-audio-espacial\/#article","isPartOf":{"@id":"https:\/\/www.eldiario.net\/portal\/2021\/05\/17\/la-ps5-de-sony-trae-el-audio-espacial\/"},"author":{"name":"Jeanette","@id":"https:\/\/www.eldiario.net\/portal\/#\/schema\/person\/f46445640444750d7d753ccd04ae01b7"},"headline":"La PS5 de Sony trae el audio espacial","datePublished":"2021-05-17T09:15:39+00:00","mainEntityOfPage":{"@id":"https:\/\/www.eldiario.net\/portal\/2021\/05\/17\/la-ps5-de-sony-trae-el-audio-espacial\/"},"wordCount":383,"publisher":{"@id":"https:\/\/www.eldiario.net\/portal\/#organization"},"image":{"@id":"https:\/\/www.eldiario.net\/portal\/2021\/05\/17\/la-ps5-de-sony-trae-el-audio-espacial\/#primaryimage"},"thumbnailUrl":"","articleSection":["Ciencia y Computaci\u00f3n"],"inLanguage":"es"},{"@type":"WebPage","@id":"https:\/\/www.eldiario.net\/portal\/2021\/05\/17\/la-ps5-de-sony-trae-el-audio-espacial\/","url":"https:\/\/www.eldiario.net\/portal\/2021\/05\/17\/la-ps5-de-sony-trae-el-audio-espacial\/","name":"La PS5 de Sony trae el audio espacial - El Diario - Bolivia","isPartOf":{"@id":"https:\/\/www.eldiario.net\/portal\/#website"},"primaryImageOfPage":{"@id":"https:\/\/www.eldiario.net\/portal\/2021\/05\/17\/la-ps5-de-sony-trae-el-audio-espacial\/#primaryimage"},"image":{"@id":"https:\/\/www.eldiario.net\/portal\/2021\/05\/17\/la-ps5-de-sony-trae-el-audio-espacial\/#primaryimage"},"thumbnailUrl":"","datePublished":"2021-05-17T09:15:39+00:00","breadcrumb":{"@id":"https:\/\/www.eldiario.net\/portal\/2021\/05\/17\/la-ps5-de-sony-trae-el-audio-espacial\/#breadcrumb"},"inLanguage":"es","potentialAction":[{"@type":"ReadAction","target":["https:\/\/www.eldiario.net\/portal\/2021\/05\/17\/la-ps5-de-sony-trae-el-audio-espacial\/"]}]},{"@type":"ImageObject","inLanguage":"es","@id":"https:\/\/www.eldiario.net\/portal\/2021\/05\/17\/la-ps5-de-sony-trae-el-audio-espacial\/#primaryimage","url":"","contentUrl":""},{"@type":"BreadcrumbList","@id":"https:\/\/www.eldiario.net\/portal\/2021\/05\/17\/la-ps5-de-sony-trae-el-audio-espacial\/#breadcrumb","itemListElement":[{"@type":"ListItem","position":1,"name":"Portada","item":"https:\/\/www.eldiario.net\/portal\/"},{"@type":"ListItem","position":2,"name":"La PS5 de Sony trae el audio espacial"}]},{"@type":"WebSite","@id":"https:\/\/www.eldiario.net\/portal\/#website","url":"https:\/\/www.eldiario.net\/portal\/","name":"El Diario - Decano de la prensa nacional","description":"El Diario - Decano de la prensa nacional","publisher":{"@id":"https:\/\/www.eldiario.net\/portal\/#organization"},"potentialAction":[{"@type":"SearchAction","target":{"@type":"EntryPoint","urlTemplate":"https:\/\/www.eldiario.net\/portal\/?s={search_term_string}"},"query-input":{"@type":"PropertyValueSpecification","valueRequired":true,"valueName":"search_term_string"}}],"inLanguage":"es"},{"@type":"Organization","@id":"https:\/\/www.eldiario.net\/portal\/#organization","name":"El Diario - Decano de la prensa nacional","url":"https:\/\/www.eldiario.net\/portal\/","logo":{"@type":"ImageObject","inLanguage":"es","@id":"https:\/\/www.eldiario.net\/portal\/#\/schema\/logo\/image\/","url":"https:\/\/www.eldiario.net\/portal\/wp-content\/uploads\/2023\/07\/logo_ED.jpg","contentUrl":"https:\/\/www.eldiario.net\/portal\/wp-content\/uploads\/2023\/07\/logo_ED.jpg","width":272,"height":52,"caption":"El Diario - Decano de la prensa nacional"},"image":{"@id":"https:\/\/www.eldiario.net\/portal\/#\/schema\/logo\/image\/"},"sameAs":["https:\/\/www.facebook.com\/eldiario.bolivia\/","https:\/\/x.com\/eldiario_net"]},{"@type":"Person","@id":"https:\/\/www.eldiario.net\/portal\/#\/schema\/person\/f46445640444750d7d753ccd04ae01b7","name":"Jeanette","image":{"@type":"ImageObject","inLanguage":"es","@id":"https:\/\/secure.gravatar.com\/avatar\/3ea2118a5f7dad2b7138b1187a6b7ee55f160b9968b66013c3a3ef39dd7e5798?s=96&d=mm&r=g","url":"https:\/\/secure.gravatar.com\/avatar\/3ea2118a5f7dad2b7138b1187a6b7ee55f160b9968b66013c3a3ef39dd7e5798?s=96&d=mm&r=g","contentUrl":"https:\/\/secure.gravatar.com\/avatar\/3ea2118a5f7dad2b7138b1187a6b7ee55f160b9968b66013c3a3ef39dd7e5798?s=96&d=mm&r=g","caption":"Jeanette"},"sameAs":["https:\/\/www.eldiario.net\/portal"],"url":"https:\/\/www.eldiario.net\/portal\/author\/jeanette\/"}]}},"_links":{"self":[{"href":"https:\/\/www.eldiario.net\/portal\/wp-json\/wp\/v2\/posts\/4341","targetHints":{"allow":["GET"]}}],"collection":[{"href":"https:\/\/www.eldiario.net\/portal\/wp-json\/wp\/v2\/posts"}],"about":[{"href":"https:\/\/www.eldiario.net\/portal\/wp-json\/wp\/v2\/types\/post"}],"author":[{"embeddable":true,"href":"https:\/\/www.eldiario.net\/portal\/wp-json\/wp\/v2\/users\/1"}],"replies":[{"embeddable":true,"href":"https:\/\/www.eldiario.net\/portal\/wp-json\/wp\/v2\/comments?post=4341"}],"version-history":[{"count":0,"href":"https:\/\/www.eldiario.net\/portal\/wp-json\/wp\/v2\/posts\/4341\/revisions"}],"wp:attachment":[{"href":"https:\/\/www.eldiario.net\/portal\/wp-json\/wp\/v2\/media?parent=4341"}],"wp:term":[{"taxonomy":"category","embeddable":true,"href":"https:\/\/www.eldiario.net\/portal\/wp-json\/wp\/v2\/categories?post=4341"},{"taxonomy":"post_tag","embeddable":true,"href":"https:\/\/www.eldiario.net\/portal\/wp-json\/wp\/v2\/tags?post=4341"}],"curies":[{"name":"wp","href":"https:\/\/api.w.org\/{rel}","templated":true}]}}