{"id":4338,"date":"2021-05-17T05:14:32","date_gmt":"2021-05-17T09:14:32","guid":{"rendered":"https:\/\/www.eldiario.net\/portal\/?p=4338"},"modified":"2021-05-17T05:14:32","modified_gmt":"2021-05-17T09:14:32","slug":"postergada-la-nintendo-switch-pro-en-2021","status":"publish","type":"post","link":"https:\/\/www.eldiario.net\/portal\/2021\/05\/17\/postergada-la-nintendo-switch-pro-en-2021\/","title":{"rendered":"\u00bfPostergada la Nintendo Switch Pro en 2021?"},"content":{"rendered":"<p>De acuerdo a\u00a0Nikkei Asia, la compa\u00f1\u00eda de videojuegos nipona se ha puesto en contacto con m\u00faltiples proveedores para acelerar la producci\u00f3n de la Nintendo Switch. Seg\u00fan las fuentes de Nikkei, esto \u00a0ha sido dif\u00edcil debido a la escasez mundial de semiconductores, que tambi\u00e9n ha afectado al suministro de las consolas PS5 y Xbox Series X.<br \/>\nRecordemos que en febrero, el presidente de Nintendo Shuntaro Furukawa dijo que la compa\u00f1\u00eda hab\u00eda asegurado un suministro adecuado de componentes, pero que eso no significar\u00eda que la producci\u00f3n de Switch no se ver\u00eda afectada en el futuro por la escasez de suministros.<br \/>\n\u201cEste a\u00f1o tambi\u00e9n hemos experimentado una demanda superior a la esperada, y existe la posibilidad de que ciertos productos escaseen, especialmente en Jap\u00f3n\u201d, dijo Furukawa.<br \/>\nEl nuevo objetivo de producci\u00f3n marca\u00a0un m\u00e1ximo hist\u00f3rico\u00a0para la Nintendo Switch. Seg\u00fan parece, la compa\u00f1\u00eda japonesa espera aprovechar al m\u00e1ximo la demanda que se ha generado durante el Covid-19, donde millones de personas han recurrido a los videojuegos durante los diferentes confinamientos.<br \/>\nSi Nintendo es capaz de vender esos 30 millones de unidades este a\u00f1o, esto significar\u00eda que la Switch superar\u00eda a la Wii como\u00a0la consola de Nintendo m\u00e1s vendida de todos los tiempos. La Nintendo Switch ha vendido aproximadamente 80 millones de unidades desde su lanzamiento en 2017 hasta finales de 2020. Mientras, la Wii alcanz\u00f3 los 110 millones de unidades en toda su vida activa, de 2006 a 2017.<br \/>\nLlama la atenci\u00f3n que una compa\u00f1\u00eda aumente la producci\u00f3n de una consola tan dram\u00e1ticamente en su quinto a\u00f1o en el mercado. Pero est\u00e1 claro que\u00a0Nintendo cree que la Switch tiene mucha vida por delante.<br \/>\nEsta decisi\u00f3n de aumentar la producci\u00f3n de Nintendo Switch puede postergar la llegada al mercado de una Nintendo Switch Pro.<br \/>\nSe espera que la rumoreada Nintendo Switch Pro salga al mercado en alg\u00fan momento cercano,\u00a0quiz\u00e1s en marzo de 2022,\u00a0la \u00faltima fecha sugerida.<br \/>\nSe espera que la Nintendo Switch Pro llegue con una\u00a0pantalla OLED de 720p\u00a0y ser\u00e1 capaz de\u00a0mostrar juegos en resoluci\u00f3n 4K\u00a0cuando est\u00e9 conectada al dock y un televisor compatible.<\/p>\n","protected":false},"excerpt":{"rendered":"<p>De acuerdo a\u00a0Nikkei Asia, la compa\u00f1\u00eda de videojuegos nipona se ha puesto en contacto con m\u00faltiples proveedores para acelerar la producci\u00f3n de la Nintendo Switch. Seg\u00fan las fuentes de Nikkei, esto \u00a0ha sido dif\u00edcil debido a la escasez mundial de semiconductores, que tambi\u00e9n ha afectado al suministro de las consolas PS5 y Xbox Series X. [&hellip;]<\/p>\n","protected":false},"author":1,"featured_media":4339,"comment_status":"closed","ping_status":"closed","sticky":false,"template":"","format":"standard","meta":{"_acf_changed":false,"footnotes":""},"categories":[46],"tags":[],"class_list":["post-4338","post","type-post","status-publish","format-standard","has-post-thumbnail","category-ciencia-computacion"],"acf":{"antetitulo":""},"yoast_head":"<!-- This site is optimized with the Yoast SEO plugin v28.3 - https:\/\/yoast.com\/product\/yoast-seo-wordpress\/ -->\n<title>\u00bfPostergada la Nintendo Switch Pro en 2021? - El Diario - Bolivia<\/title>\n<meta name=\"robots\" content=\"index, follow, max-snippet:-1, max-image-preview:large, max-video-preview:-1\" \/>\n<link rel=\"canonical\" href=\"https:\/\/www.eldiario.net\/portal\/2021\/05\/17\/postergada-la-nintendo-switch-pro-en-2021\/\" \/>\n<meta property=\"og:locale\" content=\"es_ES\" \/>\n<meta property=\"og:type\" content=\"article\" \/>\n<meta property=\"og:title\" content=\"\u00bfPostergada la Nintendo Switch Pro en 2021? - El Diario - Bolivia\" \/>\n<meta property=\"og:description\" content=\"De acuerdo a\u00a0Nikkei Asia, la compa\u00f1\u00eda de videojuegos nipona se ha puesto en contacto con m\u00faltiples proveedores para acelerar la producci\u00f3n de la Nintendo Switch. Seg\u00fan las fuentes de Nikkei, esto \u00a0ha sido dif\u00edcil debido a la escasez mundial de semiconductores, que tambi\u00e9n ha afectado al suministro de las consolas PS5 y Xbox Series X. [&hellip;]\" \/>\n<meta property=\"og:url\" content=\"https:\/\/www.eldiario.net\/portal\/2021\/05\/17\/postergada-la-nintendo-switch-pro-en-2021\/\" \/>\n<meta property=\"og:site_name\" content=\"El Diario - Bolivia\" \/>\n<meta property=\"article:publisher\" content=\"https:\/\/www.facebook.com\/eldiario.bolivia\/\" \/>\n<meta property=\"article:published_time\" content=\"2021-05-17T09:14:32+00:00\" \/>\n<meta name=\"author\" content=\"Jeanette\" \/>\n<meta name=\"twitter:card\" content=\"summary_large_image\" \/>\n<meta name=\"twitter:creator\" content=\"@eldiario_net\" \/>\n<meta name=\"twitter:site\" content=\"@eldiario_net\" \/>\n<meta name=\"twitter:label1\" content=\"Escrito por\" \/>\n\t<meta name=\"twitter:data1\" content=\"Jeanette\" \/>\n\t<meta name=\"twitter:label2\" content=\"Tiempo de lectura\" \/>\n\t<meta name=\"twitter:data2\" content=\"2 minutos\" \/>\n<script type=\"application\/ld+json\" class=\"yoast-schema-graph\">{\"@context\":\"https:\\\/\\\/schema.org\",\"@graph\":[{\"@type\":\"Article\",\"@id\":\"https:\\\/\\\/www.eldiario.net\\\/portal\\\/2021\\\/05\\\/17\\\/postergada-la-nintendo-switch-pro-en-2021\\\/#article\",\"isPartOf\":{\"@id\":\"https:\\\/\\\/www.eldiario.net\\\/portal\\\/2021\\\/05\\\/17\\\/postergada-la-nintendo-switch-pro-en-2021\\\/\"},\"author\":{\"name\":\"Jeanette\",\"@id\":\"https:\\\/\\\/www.eldiario.net\\\/portal\\\/#\\\/schema\\\/person\\\/f46445640444750d7d753ccd04ae01b7\"},\"headline\":\"\u00bfPostergada la Nintendo Switch Pro en 2021?\",\"datePublished\":\"2021-05-17T09:14:32+00:00\",\"mainEntityOfPage\":{\"@id\":\"https:\\\/\\\/www.eldiario.net\\\/portal\\\/2021\\\/05\\\/17\\\/postergada-la-nintendo-switch-pro-en-2021\\\/\"},\"wordCount\":381,\"publisher\":{\"@id\":\"https:\\\/\\\/www.eldiario.net\\\/portal\\\/#organization\"},\"image\":{\"@id\":\"https:\\\/\\\/www.eldiario.net\\\/portal\\\/2021\\\/05\\\/17\\\/postergada-la-nintendo-switch-pro-en-2021\\\/#primaryimage\"},\"thumbnailUrl\":\"\",\"articleSection\":[\"Ciencia y Computaci\u00f3n\"],\"inLanguage\":\"es\"},{\"@type\":\"WebPage\",\"@id\":\"https:\\\/\\\/www.eldiario.net\\\/portal\\\/2021\\\/05\\\/17\\\/postergada-la-nintendo-switch-pro-en-2021\\\/\",\"url\":\"https:\\\/\\\/www.eldiario.net\\\/portal\\\/2021\\\/05\\\/17\\\/postergada-la-nintendo-switch-pro-en-2021\\\/\",\"name\":\"\u00bfPostergada la Nintendo Switch Pro en 2021? - El Diario - Bolivia\",\"isPartOf\":{\"@id\":\"https:\\\/\\\/www.eldiario.net\\\/portal\\\/#website\"},\"primaryImageOfPage\":{\"@id\":\"https:\\\/\\\/www.eldiario.net\\\/portal\\\/2021\\\/05\\\/17\\\/postergada-la-nintendo-switch-pro-en-2021\\\/#primaryimage\"},\"image\":{\"@id\":\"https:\\\/\\\/www.eldiario.net\\\/portal\\\/2021\\\/05\\\/17\\\/postergada-la-nintendo-switch-pro-en-2021\\\/#primaryimage\"},\"thumbnailUrl\":\"\",\"datePublished\":\"2021-05-17T09:14:32+00:00\",\"breadcrumb\":{\"@id\":\"https:\\\/\\\/www.eldiario.net\\\/portal\\\/2021\\\/05\\\/17\\\/postergada-la-nintendo-switch-pro-en-2021\\\/#breadcrumb\"},\"inLanguage\":\"es\",\"potentialAction\":[{\"@type\":\"ReadAction\",\"target\":[\"https:\\\/\\\/www.eldiario.net\\\/portal\\\/2021\\\/05\\\/17\\\/postergada-la-nintendo-switch-pro-en-2021\\\/\"]}]},{\"@type\":\"ImageObject\",\"inLanguage\":\"es\",\"@id\":\"https:\\\/\\\/www.eldiario.net\\\/portal\\\/2021\\\/05\\\/17\\\/postergada-la-nintendo-switch-pro-en-2021\\\/#primaryimage\",\"url\":\"\",\"contentUrl\":\"\"},{\"@type\":\"BreadcrumbList\",\"@id\":\"https:\\\/\\\/www.eldiario.net\\\/portal\\\/2021\\\/05\\\/17\\\/postergada-la-nintendo-switch-pro-en-2021\\\/#breadcrumb\",\"itemListElement\":[{\"@type\":\"ListItem\",\"position\":1,\"name\":\"Portada\",\"item\":\"https:\\\/\\\/www.eldiario.net\\\/portal\\\/\"},{\"@type\":\"ListItem\",\"position\":2,\"name\":\"\u00bfPostergada la Nintendo Switch Pro en 2021?\"}]},{\"@type\":\"WebSite\",\"@id\":\"https:\\\/\\\/www.eldiario.net\\\/portal\\\/#website\",\"url\":\"https:\\\/\\\/www.eldiario.net\\\/portal\\\/\",\"name\":\"El Diario - Decano de la prensa nacional\",\"description\":\"El Diario - Decano de la prensa nacional\",\"publisher\":{\"@id\":\"https:\\\/\\\/www.eldiario.net\\\/portal\\\/#organization\"},\"potentialAction\":[{\"@type\":\"SearchAction\",\"target\":{\"@type\":\"EntryPoint\",\"urlTemplate\":\"https:\\\/\\\/www.eldiario.net\\\/portal\\\/?s={search_term_string}\"},\"query-input\":{\"@type\":\"PropertyValueSpecification\",\"valueRequired\":true,\"valueName\":\"search_term_string\"}}],\"inLanguage\":\"es\"},{\"@type\":\"Organization\",\"@id\":\"https:\\\/\\\/www.eldiario.net\\\/portal\\\/#organization\",\"name\":\"El Diario - Decano de la prensa nacional\",\"url\":\"https:\\\/\\\/www.eldiario.net\\\/portal\\\/\",\"logo\":{\"@type\":\"ImageObject\",\"inLanguage\":\"es\",\"@id\":\"https:\\\/\\\/www.eldiario.net\\\/portal\\\/#\\\/schema\\\/logo\\\/image\\\/\",\"url\":\"https:\\\/\\\/www.eldiario.net\\\/portal\\\/wp-content\\\/uploads\\\/2023\\\/07\\\/logo_ED.jpg\",\"contentUrl\":\"https:\\\/\\\/www.eldiario.net\\\/portal\\\/wp-content\\\/uploads\\\/2023\\\/07\\\/logo_ED.jpg\",\"width\":272,\"height\":52,\"caption\":\"El Diario - Decano de la prensa nacional\"},\"image\":{\"@id\":\"https:\\\/\\\/www.eldiario.net\\\/portal\\\/#\\\/schema\\\/logo\\\/image\\\/\"},\"sameAs\":[\"https:\\\/\\\/www.facebook.com\\\/eldiario.bolivia\\\/\",\"https:\\\/\\\/x.com\\\/eldiario_net\"]},{\"@type\":\"Person\",\"@id\":\"https:\\\/\\\/www.eldiario.net\\\/portal\\\/#\\\/schema\\\/person\\\/f46445640444750d7d753ccd04ae01b7\",\"name\":\"Jeanette\",\"image\":{\"@type\":\"ImageObject\",\"inLanguage\":\"es\",\"@id\":\"https:\\\/\\\/secure.gravatar.com\\\/avatar\\\/3ea2118a5f7dad2b7138b1187a6b7ee55f160b9968b66013c3a3ef39dd7e5798?s=96&d=mm&r=g\",\"url\":\"https:\\\/\\\/secure.gravatar.com\\\/avatar\\\/3ea2118a5f7dad2b7138b1187a6b7ee55f160b9968b66013c3a3ef39dd7e5798?s=96&d=mm&r=g\",\"contentUrl\":\"https:\\\/\\\/secure.gravatar.com\\\/avatar\\\/3ea2118a5f7dad2b7138b1187a6b7ee55f160b9968b66013c3a3ef39dd7e5798?s=96&d=mm&r=g\",\"caption\":\"Jeanette\"},\"sameAs\":[\"https:\\\/\\\/www.eldiario.net\\\/portal\"],\"url\":\"https:\\\/\\\/www.eldiario.net\\\/portal\\\/author\\\/jeanette\\\/\"}]}<\/script>\n<!-- \/ Yoast SEO plugin. -->","yoast_head_json":{"title":"\u00bfPostergada la Nintendo Switch Pro en 2021? - El Diario - Bolivia","robots":{"index":"index","follow":"follow","max-snippet":"max-snippet:-1","max-image-preview":"max-image-preview:large","max-video-preview":"max-video-preview:-1"},"canonical":"https:\/\/www.eldiario.net\/portal\/2021\/05\/17\/postergada-la-nintendo-switch-pro-en-2021\/","og_locale":"es_ES","og_type":"article","og_title":"\u00bfPostergada la Nintendo Switch Pro en 2021? - El Diario - Bolivia","og_description":"De acuerdo a\u00a0Nikkei Asia, la compa\u00f1\u00eda de videojuegos nipona se ha puesto en contacto con m\u00faltiples proveedores para acelerar la producci\u00f3n de la Nintendo Switch. Seg\u00fan las fuentes de Nikkei, esto \u00a0ha sido dif\u00edcil debido a la escasez mundial de semiconductores, que tambi\u00e9n ha afectado al suministro de las consolas PS5 y Xbox Series X. [&hellip;]","og_url":"https:\/\/www.eldiario.net\/portal\/2021\/05\/17\/postergada-la-nintendo-switch-pro-en-2021\/","og_site_name":"El Diario - Bolivia","article_publisher":"https:\/\/www.facebook.com\/eldiario.bolivia\/","article_published_time":"2021-05-17T09:14:32+00:00","author":"Jeanette","twitter_card":"summary_large_image","twitter_creator":"@eldiario_net","twitter_site":"@eldiario_net","twitter_misc":{"Escrito por":"Jeanette","Tiempo de lectura":"2 minutos"},"schema":{"@context":"https:\/\/schema.org","@graph":[{"@type":"Article","@id":"https:\/\/www.eldiario.net\/portal\/2021\/05\/17\/postergada-la-nintendo-switch-pro-en-2021\/#article","isPartOf":{"@id":"https:\/\/www.eldiario.net\/portal\/2021\/05\/17\/postergada-la-nintendo-switch-pro-en-2021\/"},"author":{"name":"Jeanette","@id":"https:\/\/www.eldiario.net\/portal\/#\/schema\/person\/f46445640444750d7d753ccd04ae01b7"},"headline":"\u00bfPostergada la Nintendo Switch Pro en 2021?","datePublished":"2021-05-17T09:14:32+00:00","mainEntityOfPage":{"@id":"https:\/\/www.eldiario.net\/portal\/2021\/05\/17\/postergada-la-nintendo-switch-pro-en-2021\/"},"wordCount":381,"publisher":{"@id":"https:\/\/www.eldiario.net\/portal\/#organization"},"image":{"@id":"https:\/\/www.eldiario.net\/portal\/2021\/05\/17\/postergada-la-nintendo-switch-pro-en-2021\/#primaryimage"},"thumbnailUrl":"","articleSection":["Ciencia y Computaci\u00f3n"],"inLanguage":"es"},{"@type":"WebPage","@id":"https:\/\/www.eldiario.net\/portal\/2021\/05\/17\/postergada-la-nintendo-switch-pro-en-2021\/","url":"https:\/\/www.eldiario.net\/portal\/2021\/05\/17\/postergada-la-nintendo-switch-pro-en-2021\/","name":"\u00bfPostergada la Nintendo Switch Pro en 2021? - El Diario - Bolivia","isPartOf":{"@id":"https:\/\/www.eldiario.net\/portal\/#website"},"primaryImageOfPage":{"@id":"https:\/\/www.eldiario.net\/portal\/2021\/05\/17\/postergada-la-nintendo-switch-pro-en-2021\/#primaryimage"},"image":{"@id":"https:\/\/www.eldiario.net\/portal\/2021\/05\/17\/postergada-la-nintendo-switch-pro-en-2021\/#primaryimage"},"thumbnailUrl":"","datePublished":"2021-05-17T09:14:32+00:00","breadcrumb":{"@id":"https:\/\/www.eldiario.net\/portal\/2021\/05\/17\/postergada-la-nintendo-switch-pro-en-2021\/#breadcrumb"},"inLanguage":"es","potentialAction":[{"@type":"ReadAction","target":["https:\/\/www.eldiario.net\/portal\/2021\/05\/17\/postergada-la-nintendo-switch-pro-en-2021\/"]}]},{"@type":"ImageObject","inLanguage":"es","@id":"https:\/\/www.eldiario.net\/portal\/2021\/05\/17\/postergada-la-nintendo-switch-pro-en-2021\/#primaryimage","url":"","contentUrl":""},{"@type":"BreadcrumbList","@id":"https:\/\/www.eldiario.net\/portal\/2021\/05\/17\/postergada-la-nintendo-switch-pro-en-2021\/#breadcrumb","itemListElement":[{"@type":"ListItem","position":1,"name":"Portada","item":"https:\/\/www.eldiario.net\/portal\/"},{"@type":"ListItem","position":2,"name":"\u00bfPostergada la Nintendo Switch Pro en 2021?"}]},{"@type":"WebSite","@id":"https:\/\/www.eldiario.net\/portal\/#website","url":"https:\/\/www.eldiario.net\/portal\/","name":"El Diario - Decano de la prensa nacional","description":"El Diario - Decano de la prensa nacional","publisher":{"@id":"https:\/\/www.eldiario.net\/portal\/#organization"},"potentialAction":[{"@type":"SearchAction","target":{"@type":"EntryPoint","urlTemplate":"https:\/\/www.eldiario.net\/portal\/?s={search_term_string}"},"query-input":{"@type":"PropertyValueSpecification","valueRequired":true,"valueName":"search_term_string"}}],"inLanguage":"es"},{"@type":"Organization","@id":"https:\/\/www.eldiario.net\/portal\/#organization","name":"El Diario - Decano de la prensa nacional","url":"https:\/\/www.eldiario.net\/portal\/","logo":{"@type":"ImageObject","inLanguage":"es","@id":"https:\/\/www.eldiario.net\/portal\/#\/schema\/logo\/image\/","url":"https:\/\/www.eldiario.net\/portal\/wp-content\/uploads\/2023\/07\/logo_ED.jpg","contentUrl":"https:\/\/www.eldiario.net\/portal\/wp-content\/uploads\/2023\/07\/logo_ED.jpg","width":272,"height":52,"caption":"El Diario - Decano de la prensa nacional"},"image":{"@id":"https:\/\/www.eldiario.net\/portal\/#\/schema\/logo\/image\/"},"sameAs":["https:\/\/www.facebook.com\/eldiario.bolivia\/","https:\/\/x.com\/eldiario_net"]},{"@type":"Person","@id":"https:\/\/www.eldiario.net\/portal\/#\/schema\/person\/f46445640444750d7d753ccd04ae01b7","name":"Jeanette","image":{"@type":"ImageObject","inLanguage":"es","@id":"https:\/\/secure.gravatar.com\/avatar\/3ea2118a5f7dad2b7138b1187a6b7ee55f160b9968b66013c3a3ef39dd7e5798?s=96&d=mm&r=g","url":"https:\/\/secure.gravatar.com\/avatar\/3ea2118a5f7dad2b7138b1187a6b7ee55f160b9968b66013c3a3ef39dd7e5798?s=96&d=mm&r=g","contentUrl":"https:\/\/secure.gravatar.com\/avatar\/3ea2118a5f7dad2b7138b1187a6b7ee55f160b9968b66013c3a3ef39dd7e5798?s=96&d=mm&r=g","caption":"Jeanette"},"sameAs":["https:\/\/www.eldiario.net\/portal"],"url":"https:\/\/www.eldiario.net\/portal\/author\/jeanette\/"}]}},"_links":{"self":[{"href":"https:\/\/www.eldiario.net\/portal\/wp-json\/wp\/v2\/posts\/4338","targetHints":{"allow":["GET"]}}],"collection":[{"href":"https:\/\/www.eldiario.net\/portal\/wp-json\/wp\/v2\/posts"}],"about":[{"href":"https:\/\/www.eldiario.net\/portal\/wp-json\/wp\/v2\/types\/post"}],"author":[{"embeddable":true,"href":"https:\/\/www.eldiario.net\/portal\/wp-json\/wp\/v2\/users\/1"}],"replies":[{"embeddable":true,"href":"https:\/\/www.eldiario.net\/portal\/wp-json\/wp\/v2\/comments?post=4338"}],"version-history":[{"count":0,"href":"https:\/\/www.eldiario.net\/portal\/wp-json\/wp\/v2\/posts\/4338\/revisions"}],"wp:attachment":[{"href":"https:\/\/www.eldiario.net\/portal\/wp-json\/wp\/v2\/media?parent=4338"}],"wp:term":[{"taxonomy":"category","embeddable":true,"href":"https:\/\/www.eldiario.net\/portal\/wp-json\/wp\/v2\/categories?post=4338"},{"taxonomy":"post_tag","embeddable":true,"href":"https:\/\/www.eldiario.net\/portal\/wp-json\/wp\/v2\/tags?post=4338"}],"curies":[{"name":"wp","href":"https:\/\/api.w.org\/{rel}","templated":true}]}}