{"id":4335,"date":"2021-05-17T05:12:30","date_gmt":"2021-05-17T09:12:30","guid":{"rendered":"https:\/\/www.eldiario.net\/portal\/?p=4335"},"modified":"2021-05-17T05:12:30","modified_gmt":"2021-05-17T09:12:30","slug":"crear-el-memoji-de-tu-rostro-para-usarlo-de-avatar","status":"publish","type":"post","link":"https:\/\/www.eldiario.net\/portal\/2021\/05\/17\/crear-el-memoji-de-tu-rostro-para-usarlo-de-avatar\/","title":{"rendered":"Crear el Memoji de tu rostro para usarlo de avatar"},"content":{"rendered":"<p>Apple popularizo los Memoji, los avatares virtuales generados a partir de una foto que cualquier persona con un iPhone y que luego pod\u00edas compartir con el mundo. Firmas como Samsung intentaron seguir los mismos pasos, e incluso lleg\u00f3 a ser un tema pol\u00e9mico que llev\u00f3 a la mism\u00edsima Xiaomi a amenazar a quienes comparasen sus \u201cMimoji\u201d con los \u201cMemoji\u201d de Apple.<br \/>\nAhora los Memoji siguen siendo populares. A diferencia de los tel\u00e9fonos de Apple, en Android no hay una herramienta concreta y universal destinada a crear este tipo de avatares virtuales. Afortunadamente Google Play Store est\u00e1 repleta de apps de este tipo, revisemos algunas:<\/p>\n<p><strong>ZEPETO<\/strong><br \/>\nZEPETO es la app de avatares virtuales de moda. Actualmente, se trata de la herramienta que ofrece resultados parecidos a los Memoji de Apple, dado que el estilo de los avatares es similar.<br \/>\nComo en la mayor\u00eda de apps de este tipo, el primer paso ser\u00e1 hacernos un selfie que luego la app utilizar\u00e1 para generar el avatar. No obstante, ser\u00e1 posible modificar los rasgos faciales en cualquier momento antes de guardar la imagen.<br \/>\nZEPETO, adem\u00e1s, ofrece la posibilidad de exportar un paquete de emojis personalizado que posteriormente podr\u00e1 ser utilizado para enviar los emoticonos a trav\u00e9s de aplicaciones como WhatsApp.<\/p>\n<p><strong>Gboard<\/strong><br \/>\nEl famoso teclado de Google tambi\u00e9n ofrece la posibilidad de generar emojis personalizados basados en nuestros rasgos faciales. Los emojis generados se basan en Bitmoji, de modo que tienen un aspecto m\u00e1s caricaturesco.<br \/>\nEn Gboard, solo es necesario desplegar el teclado en cualquier aplicaci\u00f3n, y acceder al men\u00fa de emojis a trav\u00e9s de una pulsaci\u00f3n larga en el bot\u00f3n \u201c,\u201d. Desde ah\u00ed, veremos la opci\u00f3n \u201cMinis\u201d, y al pulsar sobre ella la app nos pedir\u00e1 subir un selfie que servir\u00e1 para generar el pack de emojis.<br \/>\nEn varios celulares puedes usar la opci\u00f3n de la c\u00e1mara AR para crear tu Emoji.<\/p>\n<p><strong>C\u00f3mo crear Memojis en m\u00f3viles Huawei<\/strong><br \/>\nLa compa\u00f1\u00eda incluye en algunos de sus celulares los llamados 3D Qmoji. Funciona en los tel\u00e9fonos que incluyen sensores destinados al reconocimiento facial.<br \/>\nPara usarlos, solo es necesario abrir la aplicaci\u00f3n de c\u00e1mara, y en el apartado \u201cM\u00e1s\u201d, acceder a la secci\u00f3n \u201cLente AR\u201d. Ah\u00ed se ofrece la funci\u00f3n Qmoji, que autom\u00e1ticamente detectar\u00e1 los movimientos de nuestro rostro y los interpretar\u00e1 a trav\u00e9s de un emoji animado. Es posible tanto guardar el avatar como una imagen, como generar peque\u00f1os v\u00eddeos o GIFs.<\/p>\n","protected":false},"excerpt":{"rendered":"<p>Apple popularizo los Memoji, los avatares virtuales generados a partir de una foto que cualquier persona con un iPhone y que luego pod\u00edas compartir con el mundo. Firmas como Samsung intentaron seguir los mismos pasos, e incluso lleg\u00f3 a ser un tema pol\u00e9mico que llev\u00f3 a la mism\u00edsima Xiaomi a amenazar a quienes comparasen sus [&hellip;]<\/p>\n","protected":false},"author":1,"featured_media":4336,"comment_status":"closed","ping_status":"closed","sticky":false,"template":"","format":"standard","meta":{"_acf_changed":false,"footnotes":""},"categories":[46],"tags":[],"class_list":["post-4335","post","type-post","status-publish","format-standard","has-post-thumbnail","category-ciencia-computacion"],"acf":{"antetitulo":""},"yoast_head":"<!-- This site is optimized with the Yoast SEO plugin v28.3 - https:\/\/yoast.com\/product\/yoast-seo-wordpress\/ -->\n<title>Crear el Memoji de tu rostro para usarlo de avatar - El Diario - Bolivia<\/title>\n<meta name=\"robots\" content=\"index, follow, max-snippet:-1, max-image-preview:large, max-video-preview:-1\" \/>\n<link rel=\"canonical\" href=\"https:\/\/www.eldiario.net\/portal\/2021\/05\/17\/crear-el-memoji-de-tu-rostro-para-usarlo-de-avatar\/\" \/>\n<meta property=\"og:locale\" content=\"es_ES\" \/>\n<meta property=\"og:type\" content=\"article\" \/>\n<meta property=\"og:title\" content=\"Crear el Memoji de tu rostro para usarlo de avatar - El Diario - Bolivia\" \/>\n<meta property=\"og:description\" content=\"Apple popularizo los Memoji, los avatares virtuales generados a partir de una foto que cualquier persona con un iPhone y que luego pod\u00edas compartir con el mundo. Firmas como Samsung intentaron seguir los mismos pasos, e incluso lleg\u00f3 a ser un tema pol\u00e9mico que llev\u00f3 a la mism\u00edsima Xiaomi a amenazar a quienes comparasen sus [&hellip;]\" \/>\n<meta property=\"og:url\" content=\"https:\/\/www.eldiario.net\/portal\/2021\/05\/17\/crear-el-memoji-de-tu-rostro-para-usarlo-de-avatar\/\" \/>\n<meta property=\"og:site_name\" content=\"El Diario - Bolivia\" \/>\n<meta property=\"article:publisher\" content=\"https:\/\/www.facebook.com\/eldiario.bolivia\/\" \/>\n<meta property=\"article:published_time\" content=\"2021-05-17T09:12:30+00:00\" \/>\n<meta property=\"og:image\" content=\"https:\/\/www.eldiario.net\/portal\/wp-content\/uploads\/2021\/05\/8-A-1.jpg\" \/>\n\t<meta property=\"og:image:width\" content=\"1000\" \/>\n\t<meta property=\"og:image:height\" content=\"714\" \/>\n\t<meta property=\"og:image:type\" content=\"image\/jpeg\" \/>\n<meta name=\"author\" content=\"Jeanette\" \/>\n<meta name=\"twitter:card\" content=\"summary_large_image\" \/>\n<meta name=\"twitter:creator\" content=\"@eldiario_net\" \/>\n<meta name=\"twitter:site\" content=\"@eldiario_net\" \/>\n<meta name=\"twitter:label1\" content=\"Escrito por\" \/>\n\t<meta name=\"twitter:data1\" content=\"Jeanette\" \/>\n\t<meta name=\"twitter:label2\" content=\"Tiempo de lectura\" \/>\n\t<meta name=\"twitter:data2\" content=\"2 minutos\" \/>\n<script type=\"application\/ld+json\" class=\"yoast-schema-graph\">{\"@context\":\"https:\\\/\\\/schema.org\",\"@graph\":[{\"@type\":\"Article\",\"@id\":\"https:\\\/\\\/www.eldiario.net\\\/portal\\\/2021\\\/05\\\/17\\\/crear-el-memoji-de-tu-rostro-para-usarlo-de-avatar\\\/#article\",\"isPartOf\":{\"@id\":\"https:\\\/\\\/www.eldiario.net\\\/portal\\\/2021\\\/05\\\/17\\\/crear-el-memoji-de-tu-rostro-para-usarlo-de-avatar\\\/\"},\"author\":{\"name\":\"Jeanette\",\"@id\":\"https:\\\/\\\/www.eldiario.net\\\/portal\\\/#\\\/schema\\\/person\\\/f46445640444750d7d753ccd04ae01b7\"},\"headline\":\"Crear el Memoji de tu rostro para usarlo de avatar\",\"datePublished\":\"2021-05-17T09:12:30+00:00\",\"mainEntityOfPage\":{\"@id\":\"https:\\\/\\\/www.eldiario.net\\\/portal\\\/2021\\\/05\\\/17\\\/crear-el-memoji-de-tu-rostro-para-usarlo-de-avatar\\\/\"},\"wordCount\":434,\"publisher\":{\"@id\":\"https:\\\/\\\/www.eldiario.net\\\/portal\\\/#organization\"},\"image\":{\"@id\":\"https:\\\/\\\/www.eldiario.net\\\/portal\\\/2021\\\/05\\\/17\\\/crear-el-memoji-de-tu-rostro-para-usarlo-de-avatar\\\/#primaryimage\"},\"thumbnailUrl\":\"https:\\\/\\\/www.eldiario.net\\\/portal\\\/wp-content\\\/uploads\\\/2021\\\/05\\\/8-A-1.jpg\",\"articleSection\":[\"Ciencia y Computaci\u00f3n\"],\"inLanguage\":\"es\"},{\"@type\":\"WebPage\",\"@id\":\"https:\\\/\\\/www.eldiario.net\\\/portal\\\/2021\\\/05\\\/17\\\/crear-el-memoji-de-tu-rostro-para-usarlo-de-avatar\\\/\",\"url\":\"https:\\\/\\\/www.eldiario.net\\\/portal\\\/2021\\\/05\\\/17\\\/crear-el-memoji-de-tu-rostro-para-usarlo-de-avatar\\\/\",\"name\":\"Crear el Memoji de tu rostro para usarlo de avatar - El Diario - Bolivia\",\"isPartOf\":{\"@id\":\"https:\\\/\\\/www.eldiario.net\\\/portal\\\/#website\"},\"primaryImageOfPage\":{\"@id\":\"https:\\\/\\\/www.eldiario.net\\\/portal\\\/2021\\\/05\\\/17\\\/crear-el-memoji-de-tu-rostro-para-usarlo-de-avatar\\\/#primaryimage\"},\"image\":{\"@id\":\"https:\\\/\\\/www.eldiario.net\\\/portal\\\/2021\\\/05\\\/17\\\/crear-el-memoji-de-tu-rostro-para-usarlo-de-avatar\\\/#primaryimage\"},\"thumbnailUrl\":\"https:\\\/\\\/www.eldiario.net\\\/portal\\\/wp-content\\\/uploads\\\/2021\\\/05\\\/8-A-1.jpg\",\"datePublished\":\"2021-05-17T09:12:30+00:00\",\"breadcrumb\":{\"@id\":\"https:\\\/\\\/www.eldiario.net\\\/portal\\\/2021\\\/05\\\/17\\\/crear-el-memoji-de-tu-rostro-para-usarlo-de-avatar\\\/#breadcrumb\"},\"inLanguage\":\"es\",\"potentialAction\":[{\"@type\":\"ReadAction\",\"target\":[\"https:\\\/\\\/www.eldiario.net\\\/portal\\\/2021\\\/05\\\/17\\\/crear-el-memoji-de-tu-rostro-para-usarlo-de-avatar\\\/\"]}]},{\"@type\":\"ImageObject\",\"inLanguage\":\"es\",\"@id\":\"https:\\\/\\\/www.eldiario.net\\\/portal\\\/2021\\\/05\\\/17\\\/crear-el-memoji-de-tu-rostro-para-usarlo-de-avatar\\\/#primaryimage\",\"url\":\"https:\\\/\\\/www.eldiario.net\\\/portal\\\/wp-content\\\/uploads\\\/2021\\\/05\\\/8-A-1.jpg\",\"contentUrl\":\"https:\\\/\\\/www.eldiario.net\\\/portal\\\/wp-content\\\/uploads\\\/2021\\\/05\\\/8-A-1.jpg\",\"width\":1000,\"height\":714},{\"@type\":\"BreadcrumbList\",\"@id\":\"https:\\\/\\\/www.eldiario.net\\\/portal\\\/2021\\\/05\\\/17\\\/crear-el-memoji-de-tu-rostro-para-usarlo-de-avatar\\\/#breadcrumb\",\"itemListElement\":[{\"@type\":\"ListItem\",\"position\":1,\"name\":\"Portada\",\"item\":\"https:\\\/\\\/www.eldiario.net\\\/portal\\\/\"},{\"@type\":\"ListItem\",\"position\":2,\"name\":\"Crear el Memoji de tu rostro para usarlo de avatar\"}]},{\"@type\":\"WebSite\",\"@id\":\"https:\\\/\\\/www.eldiario.net\\\/portal\\\/#website\",\"url\":\"https:\\\/\\\/www.eldiario.net\\\/portal\\\/\",\"name\":\"El Diario - Decano de la prensa nacional\",\"description\":\"El Diario - Decano de la prensa nacional\",\"publisher\":{\"@id\":\"https:\\\/\\\/www.eldiario.net\\\/portal\\\/#organization\"},\"potentialAction\":[{\"@type\":\"SearchAction\",\"target\":{\"@type\":\"EntryPoint\",\"urlTemplate\":\"https:\\\/\\\/www.eldiario.net\\\/portal\\\/?s={search_term_string}\"},\"query-input\":{\"@type\":\"PropertyValueSpecification\",\"valueRequired\":true,\"valueName\":\"search_term_string\"}}],\"inLanguage\":\"es\"},{\"@type\":\"Organization\",\"@id\":\"https:\\\/\\\/www.eldiario.net\\\/portal\\\/#organization\",\"name\":\"El Diario - Decano de la prensa nacional\",\"url\":\"https:\\\/\\\/www.eldiario.net\\\/portal\\\/\",\"logo\":{\"@type\":\"ImageObject\",\"inLanguage\":\"es\",\"@id\":\"https:\\\/\\\/www.eldiario.net\\\/portal\\\/#\\\/schema\\\/logo\\\/image\\\/\",\"url\":\"https:\\\/\\\/www.eldiario.net\\\/portal\\\/wp-content\\\/uploads\\\/2023\\\/07\\\/logo_ED.jpg\",\"contentUrl\":\"https:\\\/\\\/www.eldiario.net\\\/portal\\\/wp-content\\\/uploads\\\/2023\\\/07\\\/logo_ED.jpg\",\"width\":272,\"height\":52,\"caption\":\"El Diario - Decano de la prensa nacional\"},\"image\":{\"@id\":\"https:\\\/\\\/www.eldiario.net\\\/portal\\\/#\\\/schema\\\/logo\\\/image\\\/\"},\"sameAs\":[\"https:\\\/\\\/www.facebook.com\\\/eldiario.bolivia\\\/\",\"https:\\\/\\\/x.com\\\/eldiario_net\"]},{\"@type\":\"Person\",\"@id\":\"https:\\\/\\\/www.eldiario.net\\\/portal\\\/#\\\/schema\\\/person\\\/f46445640444750d7d753ccd04ae01b7\",\"name\":\"Jeanette\",\"image\":{\"@type\":\"ImageObject\",\"inLanguage\":\"es\",\"@id\":\"https:\\\/\\\/secure.gravatar.com\\\/avatar\\\/3ea2118a5f7dad2b7138b1187a6b7ee55f160b9968b66013c3a3ef39dd7e5798?s=96&d=mm&r=g\",\"url\":\"https:\\\/\\\/secure.gravatar.com\\\/avatar\\\/3ea2118a5f7dad2b7138b1187a6b7ee55f160b9968b66013c3a3ef39dd7e5798?s=96&d=mm&r=g\",\"contentUrl\":\"https:\\\/\\\/secure.gravatar.com\\\/avatar\\\/3ea2118a5f7dad2b7138b1187a6b7ee55f160b9968b66013c3a3ef39dd7e5798?s=96&d=mm&r=g\",\"caption\":\"Jeanette\"},\"sameAs\":[\"https:\\\/\\\/www.eldiario.net\\\/portal\"],\"url\":\"https:\\\/\\\/www.eldiario.net\\\/portal\\\/author\\\/jeanette\\\/\"}]}<\/script>\n<!-- \/ Yoast SEO plugin. -->","yoast_head_json":{"title":"Crear el Memoji de tu rostro para usarlo de avatar - El Diario - Bolivia","robots":{"index":"index","follow":"follow","max-snippet":"max-snippet:-1","max-image-preview":"max-image-preview:large","max-video-preview":"max-video-preview:-1"},"canonical":"https:\/\/www.eldiario.net\/portal\/2021\/05\/17\/crear-el-memoji-de-tu-rostro-para-usarlo-de-avatar\/","og_locale":"es_ES","og_type":"article","og_title":"Crear el Memoji de tu rostro para usarlo de avatar - El Diario - Bolivia","og_description":"Apple popularizo los Memoji, los avatares virtuales generados a partir de una foto que cualquier persona con un iPhone y que luego pod\u00edas compartir con el mundo. Firmas como Samsung intentaron seguir los mismos pasos, e incluso lleg\u00f3 a ser un tema pol\u00e9mico que llev\u00f3 a la mism\u00edsima Xiaomi a amenazar a quienes comparasen sus [&hellip;]","og_url":"https:\/\/www.eldiario.net\/portal\/2021\/05\/17\/crear-el-memoji-de-tu-rostro-para-usarlo-de-avatar\/","og_site_name":"El Diario - Bolivia","article_publisher":"https:\/\/www.facebook.com\/eldiario.bolivia\/","article_published_time":"2021-05-17T09:12:30+00:00","og_image":[{"width":1000,"height":714,"url":"https:\/\/www.eldiario.net\/portal\/wp-content\/uploads\/2021\/05\/8-A-1.jpg","type":"image\/jpeg"}],"author":"Jeanette","twitter_card":"summary_large_image","twitter_creator":"@eldiario_net","twitter_site":"@eldiario_net","twitter_misc":{"Escrito por":"Jeanette","Tiempo de lectura":"2 minutos"},"schema":{"@context":"https:\/\/schema.org","@graph":[{"@type":"Article","@id":"https:\/\/www.eldiario.net\/portal\/2021\/05\/17\/crear-el-memoji-de-tu-rostro-para-usarlo-de-avatar\/#article","isPartOf":{"@id":"https:\/\/www.eldiario.net\/portal\/2021\/05\/17\/crear-el-memoji-de-tu-rostro-para-usarlo-de-avatar\/"},"author":{"name":"Jeanette","@id":"https:\/\/www.eldiario.net\/portal\/#\/schema\/person\/f46445640444750d7d753ccd04ae01b7"},"headline":"Crear el Memoji de tu rostro para usarlo de avatar","datePublished":"2021-05-17T09:12:30+00:00","mainEntityOfPage":{"@id":"https:\/\/www.eldiario.net\/portal\/2021\/05\/17\/crear-el-memoji-de-tu-rostro-para-usarlo-de-avatar\/"},"wordCount":434,"publisher":{"@id":"https:\/\/www.eldiario.net\/portal\/#organization"},"image":{"@id":"https:\/\/www.eldiario.net\/portal\/2021\/05\/17\/crear-el-memoji-de-tu-rostro-para-usarlo-de-avatar\/#primaryimage"},"thumbnailUrl":"https:\/\/www.eldiario.net\/portal\/wp-content\/uploads\/2021\/05\/8-A-1.jpg","articleSection":["Ciencia y Computaci\u00f3n"],"inLanguage":"es"},{"@type":"WebPage","@id":"https:\/\/www.eldiario.net\/portal\/2021\/05\/17\/crear-el-memoji-de-tu-rostro-para-usarlo-de-avatar\/","url":"https:\/\/www.eldiario.net\/portal\/2021\/05\/17\/crear-el-memoji-de-tu-rostro-para-usarlo-de-avatar\/","name":"Crear el Memoji de tu rostro para usarlo de avatar - El Diario - Bolivia","isPartOf":{"@id":"https:\/\/www.eldiario.net\/portal\/#website"},"primaryImageOfPage":{"@id":"https:\/\/www.eldiario.net\/portal\/2021\/05\/17\/crear-el-memoji-de-tu-rostro-para-usarlo-de-avatar\/#primaryimage"},"image":{"@id":"https:\/\/www.eldiario.net\/portal\/2021\/05\/17\/crear-el-memoji-de-tu-rostro-para-usarlo-de-avatar\/#primaryimage"},"thumbnailUrl":"https:\/\/www.eldiario.net\/portal\/wp-content\/uploads\/2021\/05\/8-A-1.jpg","datePublished":"2021-05-17T09:12:30+00:00","breadcrumb":{"@id":"https:\/\/www.eldiario.net\/portal\/2021\/05\/17\/crear-el-memoji-de-tu-rostro-para-usarlo-de-avatar\/#breadcrumb"},"inLanguage":"es","potentialAction":[{"@type":"ReadAction","target":["https:\/\/www.eldiario.net\/portal\/2021\/05\/17\/crear-el-memoji-de-tu-rostro-para-usarlo-de-avatar\/"]}]},{"@type":"ImageObject","inLanguage":"es","@id":"https:\/\/www.eldiario.net\/portal\/2021\/05\/17\/crear-el-memoji-de-tu-rostro-para-usarlo-de-avatar\/#primaryimage","url":"https:\/\/www.eldiario.net\/portal\/wp-content\/uploads\/2021\/05\/8-A-1.jpg","contentUrl":"https:\/\/www.eldiario.net\/portal\/wp-content\/uploads\/2021\/05\/8-A-1.jpg","width":1000,"height":714},{"@type":"BreadcrumbList","@id":"https:\/\/www.eldiario.net\/portal\/2021\/05\/17\/crear-el-memoji-de-tu-rostro-para-usarlo-de-avatar\/#breadcrumb","itemListElement":[{"@type":"ListItem","position":1,"name":"Portada","item":"https:\/\/www.eldiario.net\/portal\/"},{"@type":"ListItem","position":2,"name":"Crear el Memoji de tu rostro para usarlo de avatar"}]},{"@type":"WebSite","@id":"https:\/\/www.eldiario.net\/portal\/#website","url":"https:\/\/www.eldiario.net\/portal\/","name":"El Diario - Decano de la prensa nacional","description":"El Diario - Decano de la prensa nacional","publisher":{"@id":"https:\/\/www.eldiario.net\/portal\/#organization"},"potentialAction":[{"@type":"SearchAction","target":{"@type":"EntryPoint","urlTemplate":"https:\/\/www.eldiario.net\/portal\/?s={search_term_string}"},"query-input":{"@type":"PropertyValueSpecification","valueRequired":true,"valueName":"search_term_string"}}],"inLanguage":"es"},{"@type":"Organization","@id":"https:\/\/www.eldiario.net\/portal\/#organization","name":"El Diario - Decano de la prensa nacional","url":"https:\/\/www.eldiario.net\/portal\/","logo":{"@type":"ImageObject","inLanguage":"es","@id":"https:\/\/www.eldiario.net\/portal\/#\/schema\/logo\/image\/","url":"https:\/\/www.eldiario.net\/portal\/wp-content\/uploads\/2023\/07\/logo_ED.jpg","contentUrl":"https:\/\/www.eldiario.net\/portal\/wp-content\/uploads\/2023\/07\/logo_ED.jpg","width":272,"height":52,"caption":"El Diario - Decano de la prensa nacional"},"image":{"@id":"https:\/\/www.eldiario.net\/portal\/#\/schema\/logo\/image\/"},"sameAs":["https:\/\/www.facebook.com\/eldiario.bolivia\/","https:\/\/x.com\/eldiario_net"]},{"@type":"Person","@id":"https:\/\/www.eldiario.net\/portal\/#\/schema\/person\/f46445640444750d7d753ccd04ae01b7","name":"Jeanette","image":{"@type":"ImageObject","inLanguage":"es","@id":"https:\/\/secure.gravatar.com\/avatar\/3ea2118a5f7dad2b7138b1187a6b7ee55f160b9968b66013c3a3ef39dd7e5798?s=96&d=mm&r=g","url":"https:\/\/secure.gravatar.com\/avatar\/3ea2118a5f7dad2b7138b1187a6b7ee55f160b9968b66013c3a3ef39dd7e5798?s=96&d=mm&r=g","contentUrl":"https:\/\/secure.gravatar.com\/avatar\/3ea2118a5f7dad2b7138b1187a6b7ee55f160b9968b66013c3a3ef39dd7e5798?s=96&d=mm&r=g","caption":"Jeanette"},"sameAs":["https:\/\/www.eldiario.net\/portal"],"url":"https:\/\/www.eldiario.net\/portal\/author\/jeanette\/"}]}},"_links":{"self":[{"href":"https:\/\/www.eldiario.net\/portal\/wp-json\/wp\/v2\/posts\/4335","targetHints":{"allow":["GET"]}}],"collection":[{"href":"https:\/\/www.eldiario.net\/portal\/wp-json\/wp\/v2\/posts"}],"about":[{"href":"https:\/\/www.eldiario.net\/portal\/wp-json\/wp\/v2\/types\/post"}],"author":[{"embeddable":true,"href":"https:\/\/www.eldiario.net\/portal\/wp-json\/wp\/v2\/users\/1"}],"replies":[{"embeddable":true,"href":"https:\/\/www.eldiario.net\/portal\/wp-json\/wp\/v2\/comments?post=4335"}],"version-history":[{"count":0,"href":"https:\/\/www.eldiario.net\/portal\/wp-json\/wp\/v2\/posts\/4335\/revisions"}],"wp:featuredmedia":[{"embeddable":true,"href":"https:\/\/www.eldiario.net\/portal\/wp-json\/wp\/v2\/media\/4336"}],"wp:attachment":[{"href":"https:\/\/www.eldiario.net\/portal\/wp-json\/wp\/v2\/media?parent=4335"}],"wp:term":[{"taxonomy":"category","embeddable":true,"href":"https:\/\/www.eldiario.net\/portal\/wp-json\/wp\/v2\/categories?post=4335"},{"taxonomy":"post_tag","embeddable":true,"href":"https:\/\/www.eldiario.net\/portal\/wp-json\/wp\/v2\/tags?post=4335"}],"curies":[{"name":"wp","href":"https:\/\/api.w.org\/{rel}","templated":true}]}}