{"id":4322,"date":"2021-05-16T04:23:45","date_gmt":"2021-05-16T08:23:45","guid":{"rendered":"https:\/\/www.eldiario.net\/portal\/?p=4322"},"modified":"2021-05-16T04:23:45","modified_gmt":"2021-05-16T08:23:45","slug":"expertos-de-cidh-amplian-tiempo-de-trabajo-en-bolivia","status":"publish","type":"post","link":"https:\/\/www.eldiario.net\/portal\/2021\/05\/16\/expertos-de-cidh-amplian-tiempo-de-trabajo-en-bolivia\/","title":{"rendered":"Expertos de CIDH ampl\u00edan tiempo de trabajo en Bolivia"},"content":{"rendered":"<p>Por retrasos provocados a causa de la pandemia del coronavirus, el Ministerio de Relaciones Exteriores inform\u00f3 que, en coordinaci\u00f3n con el Gobierno boliviano, el Grupo de Expertos Independientes de la Comisi\u00f3n Interamericana de Derechos Humanos (CIDH) que investiga los hechos de violencia en el a\u00f1o 2019 extendi\u00f3 el tiempo de su trabajo por un per\u00edodo de dos meses.<br \/>\nMediante un comunicado de Canciller\u00eda se inform\u00f3 que la CIDH y el Gobierno nacional determinaron ampliar el tiempo para el trabajo de la comisi\u00f3n encargada de esclarecer los hechos de violencia tras las elecciones generales de 2019.<br \/>\nEl documento se\u00f1ala que se ampl\u00edan dos meses a los seis iniciales en los que esta comisi\u00f3n deb\u00eda elevar un informe final sobre los hechos de violencia vividos en el pa\u00eds entre el 1 de septiembre y el 31 de diciembre de 2019.<br \/>\n\u201cEl Ministerio de Relaciones Exteriores del Estado Plurinacional de Bolivia comunica que se acord\u00f3 con la Comisi\u00f3n Interamericana de Derechos Humanos prorrogar el plazo de trabajo del Grupo Interdisciplinario de Expertos Independientes (GIEI), que investiga los actos de violencia ocurridos entre el 1 de septiembre y el 31 de diciembre de 2019, por el tiempo de dos meses adicionales a los seis meses previamente definidos\u201d, sostiene.<br \/>\nSe\u00f1alan que los motivos para esta pr\u00f3rroga responden a una solicitud de este grupo ante los retrasos generados a causa de la pandemia y las medidas para evitar aglomeraciones de personas, por lo que el trabajo de recopilaci\u00f3n de testimonios y entrevistas sufri\u00f3 varios retrasos.<br \/>\n\u201cLa pr\u00f3rroga obedece a una solicitud realizada por la CIDH, fundada en el impacto ocasionado por la pandemia en las labores que desempe\u00f1a el GIEI en el pa\u00eds. En los siguientes meses, el GIEI continuar\u00e1 realizando sus labores de investigaci\u00f3n en funci\u00f3n de los acuerdos que la CIDH suscribi\u00f3 con el Gobierno de Bolivia para tal efecto\u201d, se\u00f1ala parte del comunicado.<br \/>\nCon esta ampliaci\u00f3n se tiene previsto que el informe final sea entregado en el mes de julio de este a\u00f1o.<br \/>\nEl Grupo Interdisciplinario de Expertos Independientes (GIEI) inici\u00f3 su trabajo en noviembre del 2020 y ha venido desarrollando una investigaci\u00f3n sobre todos los hechos de violencia sucedidos en 2019, para lo cual sostuvo reuniones y entrevistas con diferentes instituciones, actores sociales, pol\u00edticos, victimas y dirigentes en las ciudades de La Paz, El Alto, Cochabamba, Sacaba, Villa Tunari, Bulo Bulo, Sucre, Santa Cruz, Montero, Potos\u00ed, Vila Vila, Challapata, Caracollo y Oruro.<\/p>\n","protected":false},"excerpt":{"rendered":"<p>Por retrasos provocados a causa de la pandemia del coronavirus, el Ministerio de Relaciones Exteriores inform\u00f3 que, en coordinaci\u00f3n con el Gobierno boliviano, el Grupo de Expertos Independientes de la Comisi\u00f3n Interamericana de Derechos Humanos (CIDH) que investiga los hechos de violencia en el a\u00f1o 2019 extendi\u00f3 el tiempo de su trabajo por un per\u00edodo [&hellip;]<\/p>\n","protected":false},"author":1,"featured_media":4323,"comment_status":"closed","ping_status":"closed","sticky":false,"template":"","format":"standard","meta":{"_acf_changed":false,"footnotes":""},"categories":[15],"tags":[],"class_list":["post-4322","post","type-post","status-publish","format-standard","has-post-thumbnail","category-portada"],"acf":{"antetitulo":""},"yoast_head":"<!-- This site is optimized with the Yoast SEO plugin v28.3 - https:\/\/yoast.com\/product\/yoast-seo-wordpress\/ -->\n<title>Expertos de CIDH ampl\u00edan tiempo de trabajo en Bolivia - El Diario - Bolivia<\/title>\n<meta name=\"robots\" content=\"index, follow, max-snippet:-1, max-image-preview:large, max-video-preview:-1\" \/>\n<link rel=\"canonical\" href=\"https:\/\/www.eldiario.net\/portal\/2021\/05\/16\/expertos-de-cidh-amplian-tiempo-de-trabajo-en-bolivia\/\" \/>\n<meta property=\"og:locale\" content=\"es_ES\" \/>\n<meta property=\"og:type\" content=\"article\" \/>\n<meta property=\"og:title\" content=\"Expertos de CIDH ampl\u00edan tiempo de trabajo en Bolivia - El Diario - Bolivia\" \/>\n<meta property=\"og:description\" content=\"Por retrasos provocados a causa de la pandemia del coronavirus, el Ministerio de Relaciones Exteriores inform\u00f3 que, en coordinaci\u00f3n con el Gobierno boliviano, el Grupo de Expertos Independientes de la Comisi\u00f3n Interamericana de Derechos Humanos (CIDH) que investiga los hechos de violencia en el a\u00f1o 2019 extendi\u00f3 el tiempo de su trabajo por un per\u00edodo [&hellip;]\" \/>\n<meta property=\"og:url\" content=\"https:\/\/www.eldiario.net\/portal\/2021\/05\/16\/expertos-de-cidh-amplian-tiempo-de-trabajo-en-bolivia\/\" \/>\n<meta property=\"og:site_name\" content=\"El Diario - Bolivia\" \/>\n<meta property=\"article:publisher\" content=\"https:\/\/www.facebook.com\/eldiario.bolivia\/\" \/>\n<meta property=\"article:published_time\" content=\"2021-05-16T08:23:45+00:00\" \/>\n<meta name=\"author\" content=\"Jeanette\" \/>\n<meta name=\"twitter:card\" content=\"summary_large_image\" \/>\n<meta name=\"twitter:creator\" content=\"@eldiario_net\" \/>\n<meta name=\"twitter:site\" content=\"@eldiario_net\" \/>\n<meta name=\"twitter:label1\" content=\"Escrito por\" \/>\n\t<meta name=\"twitter:data1\" content=\"Jeanette\" \/>\n\t<meta name=\"twitter:label2\" content=\"Tiempo de lectura\" \/>\n\t<meta name=\"twitter:data2\" content=\"2 minutos\" \/>\n<script type=\"application\/ld+json\" class=\"yoast-schema-graph\">{\"@context\":\"https:\\\/\\\/schema.org\",\"@graph\":[{\"@type\":\"Article\",\"@id\":\"https:\\\/\\\/www.eldiario.net\\\/portal\\\/2021\\\/05\\\/16\\\/expertos-de-cidh-amplian-tiempo-de-trabajo-en-bolivia\\\/#article\",\"isPartOf\":{\"@id\":\"https:\\\/\\\/www.eldiario.net\\\/portal\\\/2021\\\/05\\\/16\\\/expertos-de-cidh-amplian-tiempo-de-trabajo-en-bolivia\\\/\"},\"author\":{\"name\":\"Jeanette\",\"@id\":\"https:\\\/\\\/www.eldiario.net\\\/portal\\\/#\\\/schema\\\/person\\\/f46445640444750d7d753ccd04ae01b7\"},\"headline\":\"Expertos de CIDH ampl\u00edan tiempo de trabajo en Bolivia\",\"datePublished\":\"2021-05-16T08:23:45+00:00\",\"mainEntityOfPage\":{\"@id\":\"https:\\\/\\\/www.eldiario.net\\\/portal\\\/2021\\\/05\\\/16\\\/expertos-de-cidh-amplian-tiempo-de-trabajo-en-bolivia\\\/\"},\"wordCount\":425,\"publisher\":{\"@id\":\"https:\\\/\\\/www.eldiario.net\\\/portal\\\/#organization\"},\"image\":{\"@id\":\"https:\\\/\\\/www.eldiario.net\\\/portal\\\/2021\\\/05\\\/16\\\/expertos-de-cidh-amplian-tiempo-de-trabajo-en-bolivia\\\/#primaryimage\"},\"thumbnailUrl\":\"\",\"articleSection\":[\"Portada\"],\"inLanguage\":\"es\"},{\"@type\":\"WebPage\",\"@id\":\"https:\\\/\\\/www.eldiario.net\\\/portal\\\/2021\\\/05\\\/16\\\/expertos-de-cidh-amplian-tiempo-de-trabajo-en-bolivia\\\/\",\"url\":\"https:\\\/\\\/www.eldiario.net\\\/portal\\\/2021\\\/05\\\/16\\\/expertos-de-cidh-amplian-tiempo-de-trabajo-en-bolivia\\\/\",\"name\":\"Expertos de CIDH ampl\u00edan tiempo de trabajo en Bolivia - El Diario - Bolivia\",\"isPartOf\":{\"@id\":\"https:\\\/\\\/www.eldiario.net\\\/portal\\\/#website\"},\"primaryImageOfPage\":{\"@id\":\"https:\\\/\\\/www.eldiario.net\\\/portal\\\/2021\\\/05\\\/16\\\/expertos-de-cidh-amplian-tiempo-de-trabajo-en-bolivia\\\/#primaryimage\"},\"image\":{\"@id\":\"https:\\\/\\\/www.eldiario.net\\\/portal\\\/2021\\\/05\\\/16\\\/expertos-de-cidh-amplian-tiempo-de-trabajo-en-bolivia\\\/#primaryimage\"},\"thumbnailUrl\":\"\",\"datePublished\":\"2021-05-16T08:23:45+00:00\",\"breadcrumb\":{\"@id\":\"https:\\\/\\\/www.eldiario.net\\\/portal\\\/2021\\\/05\\\/16\\\/expertos-de-cidh-amplian-tiempo-de-trabajo-en-bolivia\\\/#breadcrumb\"},\"inLanguage\":\"es\",\"potentialAction\":[{\"@type\":\"ReadAction\",\"target\":[\"https:\\\/\\\/www.eldiario.net\\\/portal\\\/2021\\\/05\\\/16\\\/expertos-de-cidh-amplian-tiempo-de-trabajo-en-bolivia\\\/\"]}]},{\"@type\":\"ImageObject\",\"inLanguage\":\"es\",\"@id\":\"https:\\\/\\\/www.eldiario.net\\\/portal\\\/2021\\\/05\\\/16\\\/expertos-de-cidh-amplian-tiempo-de-trabajo-en-bolivia\\\/#primaryimage\",\"url\":\"\",\"contentUrl\":\"\"},{\"@type\":\"BreadcrumbList\",\"@id\":\"https:\\\/\\\/www.eldiario.net\\\/portal\\\/2021\\\/05\\\/16\\\/expertos-de-cidh-amplian-tiempo-de-trabajo-en-bolivia\\\/#breadcrumb\",\"itemListElement\":[{\"@type\":\"ListItem\",\"position\":1,\"name\":\"Portada\",\"item\":\"https:\\\/\\\/www.eldiario.net\\\/portal\\\/\"},{\"@type\":\"ListItem\",\"position\":2,\"name\":\"Expertos de CIDH ampl\u00edan tiempo de trabajo en Bolivia\"}]},{\"@type\":\"WebSite\",\"@id\":\"https:\\\/\\\/www.eldiario.net\\\/portal\\\/#website\",\"url\":\"https:\\\/\\\/www.eldiario.net\\\/portal\\\/\",\"name\":\"El Diario - Decano de la prensa nacional\",\"description\":\"El Diario - Decano de la prensa nacional\",\"publisher\":{\"@id\":\"https:\\\/\\\/www.eldiario.net\\\/portal\\\/#organization\"},\"potentialAction\":[{\"@type\":\"SearchAction\",\"target\":{\"@type\":\"EntryPoint\",\"urlTemplate\":\"https:\\\/\\\/www.eldiario.net\\\/portal\\\/?s={search_term_string}\"},\"query-input\":{\"@type\":\"PropertyValueSpecification\",\"valueRequired\":true,\"valueName\":\"search_term_string\"}}],\"inLanguage\":\"es\"},{\"@type\":\"Organization\",\"@id\":\"https:\\\/\\\/www.eldiario.net\\\/portal\\\/#organization\",\"name\":\"El Diario - Decano de la prensa nacional\",\"url\":\"https:\\\/\\\/www.eldiario.net\\\/portal\\\/\",\"logo\":{\"@type\":\"ImageObject\",\"inLanguage\":\"es\",\"@id\":\"https:\\\/\\\/www.eldiario.net\\\/portal\\\/#\\\/schema\\\/logo\\\/image\\\/\",\"url\":\"https:\\\/\\\/www.eldiario.net\\\/portal\\\/wp-content\\\/uploads\\\/2023\\\/07\\\/logo_ED.jpg\",\"contentUrl\":\"https:\\\/\\\/www.eldiario.net\\\/portal\\\/wp-content\\\/uploads\\\/2023\\\/07\\\/logo_ED.jpg\",\"width\":272,\"height\":52,\"caption\":\"El Diario - Decano de la prensa nacional\"},\"image\":{\"@id\":\"https:\\\/\\\/www.eldiario.net\\\/portal\\\/#\\\/schema\\\/logo\\\/image\\\/\"},\"sameAs\":[\"https:\\\/\\\/www.facebook.com\\\/eldiario.bolivia\\\/\",\"https:\\\/\\\/x.com\\\/eldiario_net\"]},{\"@type\":\"Person\",\"@id\":\"https:\\\/\\\/www.eldiario.net\\\/portal\\\/#\\\/schema\\\/person\\\/f46445640444750d7d753ccd04ae01b7\",\"name\":\"Jeanette\",\"image\":{\"@type\":\"ImageObject\",\"inLanguage\":\"es\",\"@id\":\"https:\\\/\\\/secure.gravatar.com\\\/avatar\\\/3ea2118a5f7dad2b7138b1187a6b7ee55f160b9968b66013c3a3ef39dd7e5798?s=96&d=mm&r=g\",\"url\":\"https:\\\/\\\/secure.gravatar.com\\\/avatar\\\/3ea2118a5f7dad2b7138b1187a6b7ee55f160b9968b66013c3a3ef39dd7e5798?s=96&d=mm&r=g\",\"contentUrl\":\"https:\\\/\\\/secure.gravatar.com\\\/avatar\\\/3ea2118a5f7dad2b7138b1187a6b7ee55f160b9968b66013c3a3ef39dd7e5798?s=96&d=mm&r=g\",\"caption\":\"Jeanette\"},\"sameAs\":[\"https:\\\/\\\/www.eldiario.net\\\/portal\"],\"url\":\"https:\\\/\\\/www.eldiario.net\\\/portal\\\/author\\\/jeanette\\\/\"}]}<\/script>\n<!-- \/ Yoast SEO plugin. -->","yoast_head_json":{"title":"Expertos de CIDH ampl\u00edan tiempo de trabajo en Bolivia - El Diario - Bolivia","robots":{"index":"index","follow":"follow","max-snippet":"max-snippet:-1","max-image-preview":"max-image-preview:large","max-video-preview":"max-video-preview:-1"},"canonical":"https:\/\/www.eldiario.net\/portal\/2021\/05\/16\/expertos-de-cidh-amplian-tiempo-de-trabajo-en-bolivia\/","og_locale":"es_ES","og_type":"article","og_title":"Expertos de CIDH ampl\u00edan tiempo de trabajo en Bolivia - El Diario - Bolivia","og_description":"Por retrasos provocados a causa de la pandemia del coronavirus, el Ministerio de Relaciones Exteriores inform\u00f3 que, en coordinaci\u00f3n con el Gobierno boliviano, el Grupo de Expertos Independientes de la Comisi\u00f3n Interamericana de Derechos Humanos (CIDH) que investiga los hechos de violencia en el a\u00f1o 2019 extendi\u00f3 el tiempo de su trabajo por un per\u00edodo [&hellip;]","og_url":"https:\/\/www.eldiario.net\/portal\/2021\/05\/16\/expertos-de-cidh-amplian-tiempo-de-trabajo-en-bolivia\/","og_site_name":"El Diario - Bolivia","article_publisher":"https:\/\/www.facebook.com\/eldiario.bolivia\/","article_published_time":"2021-05-16T08:23:45+00:00","author":"Jeanette","twitter_card":"summary_large_image","twitter_creator":"@eldiario_net","twitter_site":"@eldiario_net","twitter_misc":{"Escrito por":"Jeanette","Tiempo de lectura":"2 minutos"},"schema":{"@context":"https:\/\/schema.org","@graph":[{"@type":"Article","@id":"https:\/\/www.eldiario.net\/portal\/2021\/05\/16\/expertos-de-cidh-amplian-tiempo-de-trabajo-en-bolivia\/#article","isPartOf":{"@id":"https:\/\/www.eldiario.net\/portal\/2021\/05\/16\/expertos-de-cidh-amplian-tiempo-de-trabajo-en-bolivia\/"},"author":{"name":"Jeanette","@id":"https:\/\/www.eldiario.net\/portal\/#\/schema\/person\/f46445640444750d7d753ccd04ae01b7"},"headline":"Expertos de CIDH ampl\u00edan tiempo de trabajo en Bolivia","datePublished":"2021-05-16T08:23:45+00:00","mainEntityOfPage":{"@id":"https:\/\/www.eldiario.net\/portal\/2021\/05\/16\/expertos-de-cidh-amplian-tiempo-de-trabajo-en-bolivia\/"},"wordCount":425,"publisher":{"@id":"https:\/\/www.eldiario.net\/portal\/#organization"},"image":{"@id":"https:\/\/www.eldiario.net\/portal\/2021\/05\/16\/expertos-de-cidh-amplian-tiempo-de-trabajo-en-bolivia\/#primaryimage"},"thumbnailUrl":"","articleSection":["Portada"],"inLanguage":"es"},{"@type":"WebPage","@id":"https:\/\/www.eldiario.net\/portal\/2021\/05\/16\/expertos-de-cidh-amplian-tiempo-de-trabajo-en-bolivia\/","url":"https:\/\/www.eldiario.net\/portal\/2021\/05\/16\/expertos-de-cidh-amplian-tiempo-de-trabajo-en-bolivia\/","name":"Expertos de CIDH ampl\u00edan tiempo de trabajo en Bolivia - El Diario - Bolivia","isPartOf":{"@id":"https:\/\/www.eldiario.net\/portal\/#website"},"primaryImageOfPage":{"@id":"https:\/\/www.eldiario.net\/portal\/2021\/05\/16\/expertos-de-cidh-amplian-tiempo-de-trabajo-en-bolivia\/#primaryimage"},"image":{"@id":"https:\/\/www.eldiario.net\/portal\/2021\/05\/16\/expertos-de-cidh-amplian-tiempo-de-trabajo-en-bolivia\/#primaryimage"},"thumbnailUrl":"","datePublished":"2021-05-16T08:23:45+00:00","breadcrumb":{"@id":"https:\/\/www.eldiario.net\/portal\/2021\/05\/16\/expertos-de-cidh-amplian-tiempo-de-trabajo-en-bolivia\/#breadcrumb"},"inLanguage":"es","potentialAction":[{"@type":"ReadAction","target":["https:\/\/www.eldiario.net\/portal\/2021\/05\/16\/expertos-de-cidh-amplian-tiempo-de-trabajo-en-bolivia\/"]}]},{"@type":"ImageObject","inLanguage":"es","@id":"https:\/\/www.eldiario.net\/portal\/2021\/05\/16\/expertos-de-cidh-amplian-tiempo-de-trabajo-en-bolivia\/#primaryimage","url":"","contentUrl":""},{"@type":"BreadcrumbList","@id":"https:\/\/www.eldiario.net\/portal\/2021\/05\/16\/expertos-de-cidh-amplian-tiempo-de-trabajo-en-bolivia\/#breadcrumb","itemListElement":[{"@type":"ListItem","position":1,"name":"Portada","item":"https:\/\/www.eldiario.net\/portal\/"},{"@type":"ListItem","position":2,"name":"Expertos de CIDH ampl\u00edan tiempo de trabajo en Bolivia"}]},{"@type":"WebSite","@id":"https:\/\/www.eldiario.net\/portal\/#website","url":"https:\/\/www.eldiario.net\/portal\/","name":"El Diario - Decano de la prensa nacional","description":"El Diario - Decano de la prensa nacional","publisher":{"@id":"https:\/\/www.eldiario.net\/portal\/#organization"},"potentialAction":[{"@type":"SearchAction","target":{"@type":"EntryPoint","urlTemplate":"https:\/\/www.eldiario.net\/portal\/?s={search_term_string}"},"query-input":{"@type":"PropertyValueSpecification","valueRequired":true,"valueName":"search_term_string"}}],"inLanguage":"es"},{"@type":"Organization","@id":"https:\/\/www.eldiario.net\/portal\/#organization","name":"El Diario - Decano de la prensa nacional","url":"https:\/\/www.eldiario.net\/portal\/","logo":{"@type":"ImageObject","inLanguage":"es","@id":"https:\/\/www.eldiario.net\/portal\/#\/schema\/logo\/image\/","url":"https:\/\/www.eldiario.net\/portal\/wp-content\/uploads\/2023\/07\/logo_ED.jpg","contentUrl":"https:\/\/www.eldiario.net\/portal\/wp-content\/uploads\/2023\/07\/logo_ED.jpg","width":272,"height":52,"caption":"El Diario - Decano de la prensa nacional"},"image":{"@id":"https:\/\/www.eldiario.net\/portal\/#\/schema\/logo\/image\/"},"sameAs":["https:\/\/www.facebook.com\/eldiario.bolivia\/","https:\/\/x.com\/eldiario_net"]},{"@type":"Person","@id":"https:\/\/www.eldiario.net\/portal\/#\/schema\/person\/f46445640444750d7d753ccd04ae01b7","name":"Jeanette","image":{"@type":"ImageObject","inLanguage":"es","@id":"https:\/\/secure.gravatar.com\/avatar\/3ea2118a5f7dad2b7138b1187a6b7ee55f160b9968b66013c3a3ef39dd7e5798?s=96&d=mm&r=g","url":"https:\/\/secure.gravatar.com\/avatar\/3ea2118a5f7dad2b7138b1187a6b7ee55f160b9968b66013c3a3ef39dd7e5798?s=96&d=mm&r=g","contentUrl":"https:\/\/secure.gravatar.com\/avatar\/3ea2118a5f7dad2b7138b1187a6b7ee55f160b9968b66013c3a3ef39dd7e5798?s=96&d=mm&r=g","caption":"Jeanette"},"sameAs":["https:\/\/www.eldiario.net\/portal"],"url":"https:\/\/www.eldiario.net\/portal\/author\/jeanette\/"}]}},"_links":{"self":[{"href":"https:\/\/www.eldiario.net\/portal\/wp-json\/wp\/v2\/posts\/4322","targetHints":{"allow":["GET"]}}],"collection":[{"href":"https:\/\/www.eldiario.net\/portal\/wp-json\/wp\/v2\/posts"}],"about":[{"href":"https:\/\/www.eldiario.net\/portal\/wp-json\/wp\/v2\/types\/post"}],"author":[{"embeddable":true,"href":"https:\/\/www.eldiario.net\/portal\/wp-json\/wp\/v2\/users\/1"}],"replies":[{"embeddable":true,"href":"https:\/\/www.eldiario.net\/portal\/wp-json\/wp\/v2\/comments?post=4322"}],"version-history":[{"count":0,"href":"https:\/\/www.eldiario.net\/portal\/wp-json\/wp\/v2\/posts\/4322\/revisions"}],"wp:attachment":[{"href":"https:\/\/www.eldiario.net\/portal\/wp-json\/wp\/v2\/media?parent=4322"}],"wp:term":[{"taxonomy":"category","embeddable":true,"href":"https:\/\/www.eldiario.net\/portal\/wp-json\/wp\/v2\/categories?post=4322"},{"taxonomy":"post_tag","embeddable":true,"href":"https:\/\/www.eldiario.net\/portal\/wp-json\/wp\/v2\/tags?post=4322"}],"curies":[{"name":"wp","href":"https:\/\/api.w.org\/{rel}","templated":true}]}}