{"id":4315,"date":"2021-05-16T04:20:42","date_gmt":"2021-05-16T08:20:42","guid":{"rendered":"https:\/\/www.eldiario.net\/portal\/?p=4315"},"modified":"2021-05-16T04:20:42","modified_gmt":"2021-05-16T08:20:42","slug":"sip-denuncia-embargo-politico-contra-el-nacional","status":"publish","type":"post","link":"https:\/\/www.eldiario.net\/portal\/2021\/05\/16\/sip-denuncia-embargo-politico-contra-el-nacional\/","title":{"rendered":"SIP denuncia embargo pol\u00edtico contra El Nacional"},"content":{"rendered":"<p>Miami.- El presidente de la Sociedad Interamericana de Prensa (SIP), Jorge Canahuati, expres\u00f3 que el embargo pol\u00edtico contra el diario El Nacional de Venezuela quedar\u00e1 en la historia de este siglo como uno de los m\u00e1s grandes atropellos contra la libertad de prensa en las Am\u00e9ricas.<br \/>\nAgreg\u00f3 que el \u201cnosotros venceremos\u201d que emiti\u00f3 ayer como \u201cgrito de guerra\u201d el segundo hombre del chavismo Diosdado Cabello, mientras la \u201cjusticia pol\u00edtica del r\u00e9gimen\u201d iniciaba el proceso de embargo de las instalaciones de El Nacional en Caracas, \u201ces evidencia de que estamos frente a un embargo de car\u00e1cter pol\u00edtico para terminar de censurar una de las pocas voces independientes que quedan en el pa\u00eds\u201d.<br \/>\nCanahuati, presidente del Grupo OPSA de Honduras, dijo que \u201ces hora de que la comunidad internacional deje de mirar para otro lado y entienda que sin periodismo independiente hay poca esperanza de recuperar la democracia en Venezuela\u201d. A\u00f1adi\u00f3 que ning\u00fan gobierno ni entidad intergubernamental internacional puede quedar callada ante este abuso contra la democracia. El r\u00e9gimen de Nicol\u00e1s Maduro \u201cdebe sufrir las consecuencias por esta acci\u00f3n pol\u00edtica en contra del periodismo libre e independiente\u201d.<br \/>\nEste viernes por la tarde, el director del peri\u00f3dico, Miguel Henrique Otero, alert\u00f3 en Twitter que \u201cen este momento un juez rodeado de guardias nacionales tiene tomado el edificio de El Nacional para embargar todo\u201d. Poste\u00f3 minutos despu\u00e9s de que Cabello, tambi\u00e9n en esa red social, informara sobre los tr\u00e1mites judiciales en las instalaciones de El Nacional a favor de su demanda, observando que \u201cse ha iniciado el proceso de pago de la indemnizaci\u00f3n. \u00a1Nosotros Venceremos!\u201d.<br \/>\nEn su fallo del pasado 16 de abril, el Tribunal Supremo de Justicia de Venezuela conden\u00f3 a El Nacional a indemnizar a Cabello con unos 13,2 millones de d\u00f3lares. Cabello demand\u00f3 al diario en 2015, luego de que el medio replicara un reportaje del diario espa\u00f1ol ABC en el que el exjefe de escoltas del dirigente chavista lo se\u00f1alaba de estar vinculado con negocios de narcotr\u00e1fico. Cabello denunci\u00f3 por la misma causa al diario Tal Cual (hoy solo en internet) y al sitio La Patilla. El Nacional pidi\u00f3 al Tribunal una aclaratoria sobre la cifra a indemnizar seg\u00fan el fallo.<br \/>\nCarlos Jornet, presidente de la Comisi\u00f3n de Libertad de Prensa e Informaci\u00f3n de la SIP, director del diario La Voz del Interior de Argentina, expres\u00f3 su solidaridad para los directivos y personal del medio y lament\u00f3 que se siga utilizando la fuerza pol\u00edtica-judicial para usurpar a El Nacional y al periodismo independiente venezolano.<\/p>\n","protected":false},"excerpt":{"rendered":"<p>Miami.- El presidente de la Sociedad Interamericana de Prensa (SIP), Jorge Canahuati, expres\u00f3 que el embargo pol\u00edtico contra el diario El Nacional de Venezuela quedar\u00e1 en la historia de este siglo como uno de los m\u00e1s grandes atropellos contra la libertad de prensa en las Am\u00e9ricas. Agreg\u00f3 que el \u201cnosotros venceremos\u201d que emiti\u00f3 ayer como [&hellip;]<\/p>\n","protected":false},"author":1,"featured_media":4316,"comment_status":"closed","ping_status":"closed","sticky":false,"template":"","format":"standard","meta":{"_acf_changed":false,"footnotes":""},"categories":[15],"tags":[],"class_list":["post-4315","post","type-post","status-publish","format-standard","has-post-thumbnail","category-portada"],"acf":{"antetitulo":""},"yoast_head":"<!-- This site is optimized with the Yoast SEO plugin v28.3 - https:\/\/yoast.com\/product\/yoast-seo-wordpress\/ -->\n<title>SIP denuncia embargo pol\u00edtico contra El Nacional - El Diario - Bolivia<\/title>\n<meta name=\"robots\" content=\"index, follow, max-snippet:-1, max-image-preview:large, max-video-preview:-1\" \/>\n<link rel=\"canonical\" href=\"https:\/\/www.eldiario.net\/portal\/2021\/05\/16\/sip-denuncia-embargo-politico-contra-el-nacional\/\" \/>\n<meta property=\"og:locale\" content=\"es_ES\" \/>\n<meta property=\"og:type\" content=\"article\" \/>\n<meta property=\"og:title\" content=\"SIP denuncia embargo pol\u00edtico contra El Nacional - El Diario - Bolivia\" \/>\n<meta property=\"og:description\" content=\"Miami.- El presidente de la Sociedad Interamericana de Prensa (SIP), Jorge Canahuati, expres\u00f3 que el embargo pol\u00edtico contra el diario El Nacional de Venezuela quedar\u00e1 en la historia de este siglo como uno de los m\u00e1s grandes atropellos contra la libertad de prensa en las Am\u00e9ricas. Agreg\u00f3 que el \u201cnosotros venceremos\u201d que emiti\u00f3 ayer como [&hellip;]\" \/>\n<meta property=\"og:url\" content=\"https:\/\/www.eldiario.net\/portal\/2021\/05\/16\/sip-denuncia-embargo-politico-contra-el-nacional\/\" \/>\n<meta property=\"og:site_name\" content=\"El Diario - Bolivia\" \/>\n<meta property=\"article:publisher\" content=\"https:\/\/www.facebook.com\/eldiario.bolivia\/\" \/>\n<meta property=\"article:published_time\" content=\"2021-05-16T08:20:42+00:00\" \/>\n<meta name=\"author\" content=\"Jeanette\" \/>\n<meta name=\"twitter:card\" content=\"summary_large_image\" \/>\n<meta name=\"twitter:creator\" content=\"@eldiario_net\" \/>\n<meta name=\"twitter:site\" content=\"@eldiario_net\" \/>\n<meta name=\"twitter:label1\" content=\"Escrito por\" \/>\n\t<meta name=\"twitter:data1\" content=\"Jeanette\" \/>\n\t<meta name=\"twitter:label2\" content=\"Tiempo de lectura\" \/>\n\t<meta name=\"twitter:data2\" content=\"2 minutos\" \/>\n<script type=\"application\/ld+json\" class=\"yoast-schema-graph\">{\"@context\":\"https:\\\/\\\/schema.org\",\"@graph\":[{\"@type\":\"Article\",\"@id\":\"https:\\\/\\\/www.eldiario.net\\\/portal\\\/2021\\\/05\\\/16\\\/sip-denuncia-embargo-politico-contra-el-nacional\\\/#article\",\"isPartOf\":{\"@id\":\"https:\\\/\\\/www.eldiario.net\\\/portal\\\/2021\\\/05\\\/16\\\/sip-denuncia-embargo-politico-contra-el-nacional\\\/\"},\"author\":{\"name\":\"Jeanette\",\"@id\":\"https:\\\/\\\/www.eldiario.net\\\/portal\\\/#\\\/schema\\\/person\\\/f46445640444750d7d753ccd04ae01b7\"},\"headline\":\"SIP denuncia embargo pol\u00edtico contra El Nacional\",\"datePublished\":\"2021-05-16T08:20:42+00:00\",\"mainEntityOfPage\":{\"@id\":\"https:\\\/\\\/www.eldiario.net\\\/portal\\\/2021\\\/05\\\/16\\\/sip-denuncia-embargo-politico-contra-el-nacional\\\/\"},\"wordCount\":447,\"publisher\":{\"@id\":\"https:\\\/\\\/www.eldiario.net\\\/portal\\\/#organization\"},\"image\":{\"@id\":\"https:\\\/\\\/www.eldiario.net\\\/portal\\\/2021\\\/05\\\/16\\\/sip-denuncia-embargo-politico-contra-el-nacional\\\/#primaryimage\"},\"thumbnailUrl\":\"\",\"articleSection\":[\"Portada\"],\"inLanguage\":\"es\"},{\"@type\":\"WebPage\",\"@id\":\"https:\\\/\\\/www.eldiario.net\\\/portal\\\/2021\\\/05\\\/16\\\/sip-denuncia-embargo-politico-contra-el-nacional\\\/\",\"url\":\"https:\\\/\\\/www.eldiario.net\\\/portal\\\/2021\\\/05\\\/16\\\/sip-denuncia-embargo-politico-contra-el-nacional\\\/\",\"name\":\"SIP denuncia embargo pol\u00edtico contra El Nacional - El Diario - Bolivia\",\"isPartOf\":{\"@id\":\"https:\\\/\\\/www.eldiario.net\\\/portal\\\/#website\"},\"primaryImageOfPage\":{\"@id\":\"https:\\\/\\\/www.eldiario.net\\\/portal\\\/2021\\\/05\\\/16\\\/sip-denuncia-embargo-politico-contra-el-nacional\\\/#primaryimage\"},\"image\":{\"@id\":\"https:\\\/\\\/www.eldiario.net\\\/portal\\\/2021\\\/05\\\/16\\\/sip-denuncia-embargo-politico-contra-el-nacional\\\/#primaryimage\"},\"thumbnailUrl\":\"\",\"datePublished\":\"2021-05-16T08:20:42+00:00\",\"breadcrumb\":{\"@id\":\"https:\\\/\\\/www.eldiario.net\\\/portal\\\/2021\\\/05\\\/16\\\/sip-denuncia-embargo-politico-contra-el-nacional\\\/#breadcrumb\"},\"inLanguage\":\"es\",\"potentialAction\":[{\"@type\":\"ReadAction\",\"target\":[\"https:\\\/\\\/www.eldiario.net\\\/portal\\\/2021\\\/05\\\/16\\\/sip-denuncia-embargo-politico-contra-el-nacional\\\/\"]}]},{\"@type\":\"ImageObject\",\"inLanguage\":\"es\",\"@id\":\"https:\\\/\\\/www.eldiario.net\\\/portal\\\/2021\\\/05\\\/16\\\/sip-denuncia-embargo-politico-contra-el-nacional\\\/#primaryimage\",\"url\":\"\",\"contentUrl\":\"\"},{\"@type\":\"BreadcrumbList\",\"@id\":\"https:\\\/\\\/www.eldiario.net\\\/portal\\\/2021\\\/05\\\/16\\\/sip-denuncia-embargo-politico-contra-el-nacional\\\/#breadcrumb\",\"itemListElement\":[{\"@type\":\"ListItem\",\"position\":1,\"name\":\"Portada\",\"item\":\"https:\\\/\\\/www.eldiario.net\\\/portal\\\/\"},{\"@type\":\"ListItem\",\"position\":2,\"name\":\"SIP denuncia embargo pol\u00edtico contra El Nacional\"}]},{\"@type\":\"WebSite\",\"@id\":\"https:\\\/\\\/www.eldiario.net\\\/portal\\\/#website\",\"url\":\"https:\\\/\\\/www.eldiario.net\\\/portal\\\/\",\"name\":\"El Diario - Decano de la prensa nacional\",\"description\":\"El Diario - Decano de la prensa nacional\",\"publisher\":{\"@id\":\"https:\\\/\\\/www.eldiario.net\\\/portal\\\/#organization\"},\"potentialAction\":[{\"@type\":\"SearchAction\",\"target\":{\"@type\":\"EntryPoint\",\"urlTemplate\":\"https:\\\/\\\/www.eldiario.net\\\/portal\\\/?s={search_term_string}\"},\"query-input\":{\"@type\":\"PropertyValueSpecification\",\"valueRequired\":true,\"valueName\":\"search_term_string\"}}],\"inLanguage\":\"es\"},{\"@type\":\"Organization\",\"@id\":\"https:\\\/\\\/www.eldiario.net\\\/portal\\\/#organization\",\"name\":\"El Diario - Decano de la prensa nacional\",\"url\":\"https:\\\/\\\/www.eldiario.net\\\/portal\\\/\",\"logo\":{\"@type\":\"ImageObject\",\"inLanguage\":\"es\",\"@id\":\"https:\\\/\\\/www.eldiario.net\\\/portal\\\/#\\\/schema\\\/logo\\\/image\\\/\",\"url\":\"https:\\\/\\\/www.eldiario.net\\\/portal\\\/wp-content\\\/uploads\\\/2023\\\/07\\\/logo_ED.jpg\",\"contentUrl\":\"https:\\\/\\\/www.eldiario.net\\\/portal\\\/wp-content\\\/uploads\\\/2023\\\/07\\\/logo_ED.jpg\",\"width\":272,\"height\":52,\"caption\":\"El Diario - Decano de la prensa nacional\"},\"image\":{\"@id\":\"https:\\\/\\\/www.eldiario.net\\\/portal\\\/#\\\/schema\\\/logo\\\/image\\\/\"},\"sameAs\":[\"https:\\\/\\\/www.facebook.com\\\/eldiario.bolivia\\\/\",\"https:\\\/\\\/x.com\\\/eldiario_net\"]},{\"@type\":\"Person\",\"@id\":\"https:\\\/\\\/www.eldiario.net\\\/portal\\\/#\\\/schema\\\/person\\\/f46445640444750d7d753ccd04ae01b7\",\"name\":\"Jeanette\",\"image\":{\"@type\":\"ImageObject\",\"inLanguage\":\"es\",\"@id\":\"https:\\\/\\\/secure.gravatar.com\\\/avatar\\\/3ea2118a5f7dad2b7138b1187a6b7ee55f160b9968b66013c3a3ef39dd7e5798?s=96&d=mm&r=g\",\"url\":\"https:\\\/\\\/secure.gravatar.com\\\/avatar\\\/3ea2118a5f7dad2b7138b1187a6b7ee55f160b9968b66013c3a3ef39dd7e5798?s=96&d=mm&r=g\",\"contentUrl\":\"https:\\\/\\\/secure.gravatar.com\\\/avatar\\\/3ea2118a5f7dad2b7138b1187a6b7ee55f160b9968b66013c3a3ef39dd7e5798?s=96&d=mm&r=g\",\"caption\":\"Jeanette\"},\"sameAs\":[\"https:\\\/\\\/www.eldiario.net\\\/portal\"],\"url\":\"https:\\\/\\\/www.eldiario.net\\\/portal\\\/author\\\/jeanette\\\/\"}]}<\/script>\n<!-- \/ Yoast SEO plugin. -->","yoast_head_json":{"title":"SIP denuncia embargo pol\u00edtico contra El Nacional - El Diario - Bolivia","robots":{"index":"index","follow":"follow","max-snippet":"max-snippet:-1","max-image-preview":"max-image-preview:large","max-video-preview":"max-video-preview:-1"},"canonical":"https:\/\/www.eldiario.net\/portal\/2021\/05\/16\/sip-denuncia-embargo-politico-contra-el-nacional\/","og_locale":"es_ES","og_type":"article","og_title":"SIP denuncia embargo pol\u00edtico contra El Nacional - El Diario - Bolivia","og_description":"Miami.- El presidente de la Sociedad Interamericana de Prensa (SIP), Jorge Canahuati, expres\u00f3 que el embargo pol\u00edtico contra el diario El Nacional de Venezuela quedar\u00e1 en la historia de este siglo como uno de los m\u00e1s grandes atropellos contra la libertad de prensa en las Am\u00e9ricas. Agreg\u00f3 que el \u201cnosotros venceremos\u201d que emiti\u00f3 ayer como [&hellip;]","og_url":"https:\/\/www.eldiario.net\/portal\/2021\/05\/16\/sip-denuncia-embargo-politico-contra-el-nacional\/","og_site_name":"El Diario - Bolivia","article_publisher":"https:\/\/www.facebook.com\/eldiario.bolivia\/","article_published_time":"2021-05-16T08:20:42+00:00","author":"Jeanette","twitter_card":"summary_large_image","twitter_creator":"@eldiario_net","twitter_site":"@eldiario_net","twitter_misc":{"Escrito por":"Jeanette","Tiempo de lectura":"2 minutos"},"schema":{"@context":"https:\/\/schema.org","@graph":[{"@type":"Article","@id":"https:\/\/www.eldiario.net\/portal\/2021\/05\/16\/sip-denuncia-embargo-politico-contra-el-nacional\/#article","isPartOf":{"@id":"https:\/\/www.eldiario.net\/portal\/2021\/05\/16\/sip-denuncia-embargo-politico-contra-el-nacional\/"},"author":{"name":"Jeanette","@id":"https:\/\/www.eldiario.net\/portal\/#\/schema\/person\/f46445640444750d7d753ccd04ae01b7"},"headline":"SIP denuncia embargo pol\u00edtico contra El Nacional","datePublished":"2021-05-16T08:20:42+00:00","mainEntityOfPage":{"@id":"https:\/\/www.eldiario.net\/portal\/2021\/05\/16\/sip-denuncia-embargo-politico-contra-el-nacional\/"},"wordCount":447,"publisher":{"@id":"https:\/\/www.eldiario.net\/portal\/#organization"},"image":{"@id":"https:\/\/www.eldiario.net\/portal\/2021\/05\/16\/sip-denuncia-embargo-politico-contra-el-nacional\/#primaryimage"},"thumbnailUrl":"","articleSection":["Portada"],"inLanguage":"es"},{"@type":"WebPage","@id":"https:\/\/www.eldiario.net\/portal\/2021\/05\/16\/sip-denuncia-embargo-politico-contra-el-nacional\/","url":"https:\/\/www.eldiario.net\/portal\/2021\/05\/16\/sip-denuncia-embargo-politico-contra-el-nacional\/","name":"SIP denuncia embargo pol\u00edtico contra El Nacional - El Diario - Bolivia","isPartOf":{"@id":"https:\/\/www.eldiario.net\/portal\/#website"},"primaryImageOfPage":{"@id":"https:\/\/www.eldiario.net\/portal\/2021\/05\/16\/sip-denuncia-embargo-politico-contra-el-nacional\/#primaryimage"},"image":{"@id":"https:\/\/www.eldiario.net\/portal\/2021\/05\/16\/sip-denuncia-embargo-politico-contra-el-nacional\/#primaryimage"},"thumbnailUrl":"","datePublished":"2021-05-16T08:20:42+00:00","breadcrumb":{"@id":"https:\/\/www.eldiario.net\/portal\/2021\/05\/16\/sip-denuncia-embargo-politico-contra-el-nacional\/#breadcrumb"},"inLanguage":"es","potentialAction":[{"@type":"ReadAction","target":["https:\/\/www.eldiario.net\/portal\/2021\/05\/16\/sip-denuncia-embargo-politico-contra-el-nacional\/"]}]},{"@type":"ImageObject","inLanguage":"es","@id":"https:\/\/www.eldiario.net\/portal\/2021\/05\/16\/sip-denuncia-embargo-politico-contra-el-nacional\/#primaryimage","url":"","contentUrl":""},{"@type":"BreadcrumbList","@id":"https:\/\/www.eldiario.net\/portal\/2021\/05\/16\/sip-denuncia-embargo-politico-contra-el-nacional\/#breadcrumb","itemListElement":[{"@type":"ListItem","position":1,"name":"Portada","item":"https:\/\/www.eldiario.net\/portal\/"},{"@type":"ListItem","position":2,"name":"SIP denuncia embargo pol\u00edtico contra El Nacional"}]},{"@type":"WebSite","@id":"https:\/\/www.eldiario.net\/portal\/#website","url":"https:\/\/www.eldiario.net\/portal\/","name":"El Diario - Decano de la prensa nacional","description":"El Diario - Decano de la prensa nacional","publisher":{"@id":"https:\/\/www.eldiario.net\/portal\/#organization"},"potentialAction":[{"@type":"SearchAction","target":{"@type":"EntryPoint","urlTemplate":"https:\/\/www.eldiario.net\/portal\/?s={search_term_string}"},"query-input":{"@type":"PropertyValueSpecification","valueRequired":true,"valueName":"search_term_string"}}],"inLanguage":"es"},{"@type":"Organization","@id":"https:\/\/www.eldiario.net\/portal\/#organization","name":"El Diario - Decano de la prensa nacional","url":"https:\/\/www.eldiario.net\/portal\/","logo":{"@type":"ImageObject","inLanguage":"es","@id":"https:\/\/www.eldiario.net\/portal\/#\/schema\/logo\/image\/","url":"https:\/\/www.eldiario.net\/portal\/wp-content\/uploads\/2023\/07\/logo_ED.jpg","contentUrl":"https:\/\/www.eldiario.net\/portal\/wp-content\/uploads\/2023\/07\/logo_ED.jpg","width":272,"height":52,"caption":"El Diario - Decano de la prensa nacional"},"image":{"@id":"https:\/\/www.eldiario.net\/portal\/#\/schema\/logo\/image\/"},"sameAs":["https:\/\/www.facebook.com\/eldiario.bolivia\/","https:\/\/x.com\/eldiario_net"]},{"@type":"Person","@id":"https:\/\/www.eldiario.net\/portal\/#\/schema\/person\/f46445640444750d7d753ccd04ae01b7","name":"Jeanette","image":{"@type":"ImageObject","inLanguage":"es","@id":"https:\/\/secure.gravatar.com\/avatar\/3ea2118a5f7dad2b7138b1187a6b7ee55f160b9968b66013c3a3ef39dd7e5798?s=96&d=mm&r=g","url":"https:\/\/secure.gravatar.com\/avatar\/3ea2118a5f7dad2b7138b1187a6b7ee55f160b9968b66013c3a3ef39dd7e5798?s=96&d=mm&r=g","contentUrl":"https:\/\/secure.gravatar.com\/avatar\/3ea2118a5f7dad2b7138b1187a6b7ee55f160b9968b66013c3a3ef39dd7e5798?s=96&d=mm&r=g","caption":"Jeanette"},"sameAs":["https:\/\/www.eldiario.net\/portal"],"url":"https:\/\/www.eldiario.net\/portal\/author\/jeanette\/"}]}},"_links":{"self":[{"href":"https:\/\/www.eldiario.net\/portal\/wp-json\/wp\/v2\/posts\/4315","targetHints":{"allow":["GET"]}}],"collection":[{"href":"https:\/\/www.eldiario.net\/portal\/wp-json\/wp\/v2\/posts"}],"about":[{"href":"https:\/\/www.eldiario.net\/portal\/wp-json\/wp\/v2\/types\/post"}],"author":[{"embeddable":true,"href":"https:\/\/www.eldiario.net\/portal\/wp-json\/wp\/v2\/users\/1"}],"replies":[{"embeddable":true,"href":"https:\/\/www.eldiario.net\/portal\/wp-json\/wp\/v2\/comments?post=4315"}],"version-history":[{"count":0,"href":"https:\/\/www.eldiario.net\/portal\/wp-json\/wp\/v2\/posts\/4315\/revisions"}],"wp:attachment":[{"href":"https:\/\/www.eldiario.net\/portal\/wp-json\/wp\/v2\/media?parent=4315"}],"wp:term":[{"taxonomy":"category","embeddable":true,"href":"https:\/\/www.eldiario.net\/portal\/wp-json\/wp\/v2\/categories?post=4315"},{"taxonomy":"post_tag","embeddable":true,"href":"https:\/\/www.eldiario.net\/portal\/wp-json\/wp\/v2\/tags?post=4315"}],"curies":[{"name":"wp","href":"https:\/\/api.w.org\/{rel}","templated":true}]}}