{"id":4307,"date":"2021-05-16T04:16:17","date_gmt":"2021-05-16T08:16:17","guid":{"rendered":"https:\/\/www.eldiario.net\/portal\/?p=4307"},"modified":"2021-05-16T04:16:17","modified_gmt":"2021-05-16T08:16:17","slug":"resolucion-del-europarlamento-no-es-injerencia-busca-salvar-democracia","status":"publish","type":"post","link":"https:\/\/www.eldiario.net\/portal\/2021\/05\/16\/resolucion-del-europarlamento-no-es-injerencia-busca-salvar-democracia\/","title":{"rendered":"Resoluci\u00f3n del Europarlamento no es  injerencia, busca salvar democracia"},"content":{"rendered":"<p>Luego que las bancadas de oposici\u00f3n en la C\u00e1mara de Senadores manifestaran su adhesi\u00f3n y apoyo absoluto a la resoluci\u00f3n del Parlamento Europeo en el que se pide la inmediata liberaci\u00f3n de la expresidenta Jeanine A\u00f1ez, la senadora por la agrupaci\u00f3n Creemos, Centa Rek, se\u00f1al\u00f3 que este pronunciamiento intenta salvar la democracia boliviana.<br \/>\nLa legisladora manifest\u00f3 que esta resoluci\u00f3n no puede ser considerada como una injerencia en asuntos internos del pa\u00eds, ya que busca salvaguardar la democracia de Bolivia, por lo que la postura de rechazo de la C\u00e1mara de Senadores por injerencia va en contra de la comunidad internacional que expresa su preocupaci\u00f3n por lo que sucede en el pa\u00eds.<br \/>\nRecord\u00f3 que el Parlamento Europeo advierte a Bolivia como pa\u00eds, donde se est\u00e1n vulnerando los derechos humanos y el marco democr\u00e1tico condenando y denunciando, adem\u00e1s, la detenci\u00f3n arbitraria e ilegal de la expresidenta Jeanine A\u00f1ez, exministros, activistas, polic\u00edas y militares, entre otros.<br \/>\nAsimismo, Rek sostuvo que la C\u00e1mara de Senadores, con la mayor\u00eda del oficialismo masista, aprob\u00f3 una resoluci\u00f3n contraria a dicha resoluci\u00f3n tild\u00e1ndola de injerencista en asuntos internos bolivianos.<br \/>\nSe\u00f1al\u00f3 que la carta remitida al presidente del Senado con notas de atenci\u00f3n al Parlamento Europeo, Organizaci\u00f3n de Estados Americanos y Naciones Unidas, manifiesta la disidencia con este voto de rechazo de la C\u00e1mara de Senadores a la postura del Europarlamento.<br \/>\n\u201cConsideramos que lo que aprob\u00f3 el Parlamento Europeo en nada se asemeja a una injerencia en temas nacionales o en asuntos de otro pa\u00eds; todo lo contrario, es un voto por salvaguardar la democracia dentro de todos los pa\u00edses a nivel mundial. En este voto resolutivo el Parlamento Europeo nos muestra la profunda preocupaci\u00f3n que existe en el mundo por las acciones que est\u00e1n ocurriendo en Bolivia\u201d, detall\u00f3 la legisladora.<br \/>\nAgreg\u00f3 que el Europarlamento insta a Bolivia a contar con un \u00d3rgano Judicial independiente, la b\u00fasqueda de soluciones de forma pac\u00edfica y concertada y evitar las detenciones ilegales que genera en persecuciones pol\u00edticas sin fundamento a los opositores. \u201cComo bloque opositor apoyamos y aprobamos todo lo que dice el Parlamento Europeo y en ese sentido hemos enviado nuestra nota a las acciones que ha tomado la C\u00e1mara de Senadores con mayor\u00eda oficialista\u201d, dijo.<\/p>\n","protected":false},"excerpt":{"rendered":"<p>Luego que las bancadas de oposici\u00f3n en la C\u00e1mara de Senadores manifestaran su adhesi\u00f3n y apoyo absoluto a la resoluci\u00f3n del Parlamento Europeo en el que se pide la inmediata liberaci\u00f3n de la expresidenta Jeanine A\u00f1ez, la senadora por la agrupaci\u00f3n Creemos, Centa Rek, se\u00f1al\u00f3 que este pronunciamiento intenta salvar la democracia boliviana. La legisladora [&hellip;]<\/p>\n","protected":false},"author":1,"featured_media":4308,"comment_status":"closed","ping_status":"closed","sticky":false,"template":"","format":"standard","meta":{"_acf_changed":false,"footnotes":""},"categories":[14],"tags":[],"class_list":["post-4307","post","type-post","status-publish","format-standard","has-post-thumbnail","category-politica"],"acf":{"antetitulo":""},"yoast_head":"<!-- This site is optimized with the Yoast SEO plugin v28.3 - https:\/\/yoast.com\/product\/yoast-seo-wordpress\/ -->\n<title>Resoluci\u00f3n del Europarlamento no es injerencia, busca salvar democracia - El Diario - Bolivia<\/title>\n<meta name=\"robots\" content=\"index, follow, max-snippet:-1, max-image-preview:large, max-video-preview:-1\" \/>\n<link rel=\"canonical\" href=\"https:\/\/www.eldiario.net\/portal\/2021\/05\/16\/resolucion-del-europarlamento-no-es-injerencia-busca-salvar-democracia\/\" \/>\n<meta property=\"og:locale\" content=\"es_ES\" \/>\n<meta property=\"og:type\" content=\"article\" \/>\n<meta property=\"og:title\" content=\"Resoluci\u00f3n del Europarlamento no es injerencia, busca salvar democracia - El Diario - Bolivia\" \/>\n<meta property=\"og:description\" content=\"Luego que las bancadas de oposici\u00f3n en la C\u00e1mara de Senadores manifestaran su adhesi\u00f3n y apoyo absoluto a la resoluci\u00f3n del Parlamento Europeo en el que se pide la inmediata liberaci\u00f3n de la expresidenta Jeanine A\u00f1ez, la senadora por la agrupaci\u00f3n Creemos, Centa Rek, se\u00f1al\u00f3 que este pronunciamiento intenta salvar la democracia boliviana. La legisladora [&hellip;]\" \/>\n<meta property=\"og:url\" content=\"https:\/\/www.eldiario.net\/portal\/2021\/05\/16\/resolucion-del-europarlamento-no-es-injerencia-busca-salvar-democracia\/\" \/>\n<meta property=\"og:site_name\" content=\"El Diario - Bolivia\" \/>\n<meta property=\"article:publisher\" content=\"https:\/\/www.facebook.com\/eldiario.bolivia\/\" \/>\n<meta property=\"article:published_time\" content=\"2021-05-16T08:16:17+00:00\" \/>\n<meta name=\"author\" content=\"Jeanette\" \/>\n<meta name=\"twitter:card\" content=\"summary_large_image\" \/>\n<meta name=\"twitter:creator\" content=\"@eldiario_net\" \/>\n<meta name=\"twitter:site\" content=\"@eldiario_net\" \/>\n<meta name=\"twitter:label1\" content=\"Escrito por\" \/>\n\t<meta name=\"twitter:data1\" content=\"Jeanette\" \/>\n\t<meta name=\"twitter:label2\" content=\"Tiempo de lectura\" \/>\n\t<meta name=\"twitter:data2\" content=\"2 minutos\" \/>\n<script type=\"application\/ld+json\" class=\"yoast-schema-graph\">{\"@context\":\"https:\\\/\\\/schema.org\",\"@graph\":[{\"@type\":\"Article\",\"@id\":\"https:\\\/\\\/www.eldiario.net\\\/portal\\\/2021\\\/05\\\/16\\\/resolucion-del-europarlamento-no-es-injerencia-busca-salvar-democracia\\\/#article\",\"isPartOf\":{\"@id\":\"https:\\\/\\\/www.eldiario.net\\\/portal\\\/2021\\\/05\\\/16\\\/resolucion-del-europarlamento-no-es-injerencia-busca-salvar-democracia\\\/\"},\"author\":{\"name\":\"Jeanette\",\"@id\":\"https:\\\/\\\/www.eldiario.net\\\/portal\\\/#\\\/schema\\\/person\\\/f46445640444750d7d753ccd04ae01b7\"},\"headline\":\"Resoluci\u00f3n del Europarlamento no es injerencia, busca salvar democracia\",\"datePublished\":\"2021-05-16T08:16:17+00:00\",\"mainEntityOfPage\":{\"@id\":\"https:\\\/\\\/www.eldiario.net\\\/portal\\\/2021\\\/05\\\/16\\\/resolucion-del-europarlamento-no-es-injerencia-busca-salvar-democracia\\\/\"},\"wordCount\":413,\"publisher\":{\"@id\":\"https:\\\/\\\/www.eldiario.net\\\/portal\\\/#organization\"},\"image\":{\"@id\":\"https:\\\/\\\/www.eldiario.net\\\/portal\\\/2021\\\/05\\\/16\\\/resolucion-del-europarlamento-no-es-injerencia-busca-salvar-democracia\\\/#primaryimage\"},\"thumbnailUrl\":\"\",\"articleSection\":[\"Pol\u00edtica\"],\"inLanguage\":\"es\"},{\"@type\":\"WebPage\",\"@id\":\"https:\\\/\\\/www.eldiario.net\\\/portal\\\/2021\\\/05\\\/16\\\/resolucion-del-europarlamento-no-es-injerencia-busca-salvar-democracia\\\/\",\"url\":\"https:\\\/\\\/www.eldiario.net\\\/portal\\\/2021\\\/05\\\/16\\\/resolucion-del-europarlamento-no-es-injerencia-busca-salvar-democracia\\\/\",\"name\":\"Resoluci\u00f3n del Europarlamento no es injerencia, busca salvar democracia - El Diario - Bolivia\",\"isPartOf\":{\"@id\":\"https:\\\/\\\/www.eldiario.net\\\/portal\\\/#website\"},\"primaryImageOfPage\":{\"@id\":\"https:\\\/\\\/www.eldiario.net\\\/portal\\\/2021\\\/05\\\/16\\\/resolucion-del-europarlamento-no-es-injerencia-busca-salvar-democracia\\\/#primaryimage\"},\"image\":{\"@id\":\"https:\\\/\\\/www.eldiario.net\\\/portal\\\/2021\\\/05\\\/16\\\/resolucion-del-europarlamento-no-es-injerencia-busca-salvar-democracia\\\/#primaryimage\"},\"thumbnailUrl\":\"\",\"datePublished\":\"2021-05-16T08:16:17+00:00\",\"breadcrumb\":{\"@id\":\"https:\\\/\\\/www.eldiario.net\\\/portal\\\/2021\\\/05\\\/16\\\/resolucion-del-europarlamento-no-es-injerencia-busca-salvar-democracia\\\/#breadcrumb\"},\"inLanguage\":\"es\",\"potentialAction\":[{\"@type\":\"ReadAction\",\"target\":[\"https:\\\/\\\/www.eldiario.net\\\/portal\\\/2021\\\/05\\\/16\\\/resolucion-del-europarlamento-no-es-injerencia-busca-salvar-democracia\\\/\"]}]},{\"@type\":\"ImageObject\",\"inLanguage\":\"es\",\"@id\":\"https:\\\/\\\/www.eldiario.net\\\/portal\\\/2021\\\/05\\\/16\\\/resolucion-del-europarlamento-no-es-injerencia-busca-salvar-democracia\\\/#primaryimage\",\"url\":\"\",\"contentUrl\":\"\"},{\"@type\":\"BreadcrumbList\",\"@id\":\"https:\\\/\\\/www.eldiario.net\\\/portal\\\/2021\\\/05\\\/16\\\/resolucion-del-europarlamento-no-es-injerencia-busca-salvar-democracia\\\/#breadcrumb\",\"itemListElement\":[{\"@type\":\"ListItem\",\"position\":1,\"name\":\"Portada\",\"item\":\"https:\\\/\\\/www.eldiario.net\\\/portal\\\/\"},{\"@type\":\"ListItem\",\"position\":2,\"name\":\"Resoluci\u00f3n del Europarlamento no es injerencia, busca salvar democracia\"}]},{\"@type\":\"WebSite\",\"@id\":\"https:\\\/\\\/www.eldiario.net\\\/portal\\\/#website\",\"url\":\"https:\\\/\\\/www.eldiario.net\\\/portal\\\/\",\"name\":\"El Diario - Decano de la prensa nacional\",\"description\":\"El Diario - Decano de la prensa nacional\",\"publisher\":{\"@id\":\"https:\\\/\\\/www.eldiario.net\\\/portal\\\/#organization\"},\"potentialAction\":[{\"@type\":\"SearchAction\",\"target\":{\"@type\":\"EntryPoint\",\"urlTemplate\":\"https:\\\/\\\/www.eldiario.net\\\/portal\\\/?s={search_term_string}\"},\"query-input\":{\"@type\":\"PropertyValueSpecification\",\"valueRequired\":true,\"valueName\":\"search_term_string\"}}],\"inLanguage\":\"es\"},{\"@type\":\"Organization\",\"@id\":\"https:\\\/\\\/www.eldiario.net\\\/portal\\\/#organization\",\"name\":\"El Diario - Decano de la prensa nacional\",\"url\":\"https:\\\/\\\/www.eldiario.net\\\/portal\\\/\",\"logo\":{\"@type\":\"ImageObject\",\"inLanguage\":\"es\",\"@id\":\"https:\\\/\\\/www.eldiario.net\\\/portal\\\/#\\\/schema\\\/logo\\\/image\\\/\",\"url\":\"https:\\\/\\\/www.eldiario.net\\\/portal\\\/wp-content\\\/uploads\\\/2023\\\/07\\\/logo_ED.jpg\",\"contentUrl\":\"https:\\\/\\\/www.eldiario.net\\\/portal\\\/wp-content\\\/uploads\\\/2023\\\/07\\\/logo_ED.jpg\",\"width\":272,\"height\":52,\"caption\":\"El Diario - Decano de la prensa nacional\"},\"image\":{\"@id\":\"https:\\\/\\\/www.eldiario.net\\\/portal\\\/#\\\/schema\\\/logo\\\/image\\\/\"},\"sameAs\":[\"https:\\\/\\\/www.facebook.com\\\/eldiario.bolivia\\\/\",\"https:\\\/\\\/x.com\\\/eldiario_net\"]},{\"@type\":\"Person\",\"@id\":\"https:\\\/\\\/www.eldiario.net\\\/portal\\\/#\\\/schema\\\/person\\\/f46445640444750d7d753ccd04ae01b7\",\"name\":\"Jeanette\",\"image\":{\"@type\":\"ImageObject\",\"inLanguage\":\"es\",\"@id\":\"https:\\\/\\\/secure.gravatar.com\\\/avatar\\\/3ea2118a5f7dad2b7138b1187a6b7ee55f160b9968b66013c3a3ef39dd7e5798?s=96&d=mm&r=g\",\"url\":\"https:\\\/\\\/secure.gravatar.com\\\/avatar\\\/3ea2118a5f7dad2b7138b1187a6b7ee55f160b9968b66013c3a3ef39dd7e5798?s=96&d=mm&r=g\",\"contentUrl\":\"https:\\\/\\\/secure.gravatar.com\\\/avatar\\\/3ea2118a5f7dad2b7138b1187a6b7ee55f160b9968b66013c3a3ef39dd7e5798?s=96&d=mm&r=g\",\"caption\":\"Jeanette\"},\"sameAs\":[\"https:\\\/\\\/www.eldiario.net\\\/portal\"],\"url\":\"https:\\\/\\\/www.eldiario.net\\\/portal\\\/author\\\/jeanette\\\/\"}]}<\/script>\n<!-- \/ Yoast SEO plugin. -->","yoast_head_json":{"title":"Resoluci\u00f3n del Europarlamento no es injerencia, busca salvar democracia - El Diario - Bolivia","robots":{"index":"index","follow":"follow","max-snippet":"max-snippet:-1","max-image-preview":"max-image-preview:large","max-video-preview":"max-video-preview:-1"},"canonical":"https:\/\/www.eldiario.net\/portal\/2021\/05\/16\/resolucion-del-europarlamento-no-es-injerencia-busca-salvar-democracia\/","og_locale":"es_ES","og_type":"article","og_title":"Resoluci\u00f3n del Europarlamento no es injerencia, busca salvar democracia - El Diario - Bolivia","og_description":"Luego que las bancadas de oposici\u00f3n en la C\u00e1mara de Senadores manifestaran su adhesi\u00f3n y apoyo absoluto a la resoluci\u00f3n del Parlamento Europeo en el que se pide la inmediata liberaci\u00f3n de la expresidenta Jeanine A\u00f1ez, la senadora por la agrupaci\u00f3n Creemos, Centa Rek, se\u00f1al\u00f3 que este pronunciamiento intenta salvar la democracia boliviana. La legisladora [&hellip;]","og_url":"https:\/\/www.eldiario.net\/portal\/2021\/05\/16\/resolucion-del-europarlamento-no-es-injerencia-busca-salvar-democracia\/","og_site_name":"El Diario - Bolivia","article_publisher":"https:\/\/www.facebook.com\/eldiario.bolivia\/","article_published_time":"2021-05-16T08:16:17+00:00","author":"Jeanette","twitter_card":"summary_large_image","twitter_creator":"@eldiario_net","twitter_site":"@eldiario_net","twitter_misc":{"Escrito por":"Jeanette","Tiempo de lectura":"2 minutos"},"schema":{"@context":"https:\/\/schema.org","@graph":[{"@type":"Article","@id":"https:\/\/www.eldiario.net\/portal\/2021\/05\/16\/resolucion-del-europarlamento-no-es-injerencia-busca-salvar-democracia\/#article","isPartOf":{"@id":"https:\/\/www.eldiario.net\/portal\/2021\/05\/16\/resolucion-del-europarlamento-no-es-injerencia-busca-salvar-democracia\/"},"author":{"name":"Jeanette","@id":"https:\/\/www.eldiario.net\/portal\/#\/schema\/person\/f46445640444750d7d753ccd04ae01b7"},"headline":"Resoluci\u00f3n del Europarlamento no es injerencia, busca salvar democracia","datePublished":"2021-05-16T08:16:17+00:00","mainEntityOfPage":{"@id":"https:\/\/www.eldiario.net\/portal\/2021\/05\/16\/resolucion-del-europarlamento-no-es-injerencia-busca-salvar-democracia\/"},"wordCount":413,"publisher":{"@id":"https:\/\/www.eldiario.net\/portal\/#organization"},"image":{"@id":"https:\/\/www.eldiario.net\/portal\/2021\/05\/16\/resolucion-del-europarlamento-no-es-injerencia-busca-salvar-democracia\/#primaryimage"},"thumbnailUrl":"","articleSection":["Pol\u00edtica"],"inLanguage":"es"},{"@type":"WebPage","@id":"https:\/\/www.eldiario.net\/portal\/2021\/05\/16\/resolucion-del-europarlamento-no-es-injerencia-busca-salvar-democracia\/","url":"https:\/\/www.eldiario.net\/portal\/2021\/05\/16\/resolucion-del-europarlamento-no-es-injerencia-busca-salvar-democracia\/","name":"Resoluci\u00f3n del Europarlamento no es injerencia, busca salvar democracia - El Diario - Bolivia","isPartOf":{"@id":"https:\/\/www.eldiario.net\/portal\/#website"},"primaryImageOfPage":{"@id":"https:\/\/www.eldiario.net\/portal\/2021\/05\/16\/resolucion-del-europarlamento-no-es-injerencia-busca-salvar-democracia\/#primaryimage"},"image":{"@id":"https:\/\/www.eldiario.net\/portal\/2021\/05\/16\/resolucion-del-europarlamento-no-es-injerencia-busca-salvar-democracia\/#primaryimage"},"thumbnailUrl":"","datePublished":"2021-05-16T08:16:17+00:00","breadcrumb":{"@id":"https:\/\/www.eldiario.net\/portal\/2021\/05\/16\/resolucion-del-europarlamento-no-es-injerencia-busca-salvar-democracia\/#breadcrumb"},"inLanguage":"es","potentialAction":[{"@type":"ReadAction","target":["https:\/\/www.eldiario.net\/portal\/2021\/05\/16\/resolucion-del-europarlamento-no-es-injerencia-busca-salvar-democracia\/"]}]},{"@type":"ImageObject","inLanguage":"es","@id":"https:\/\/www.eldiario.net\/portal\/2021\/05\/16\/resolucion-del-europarlamento-no-es-injerencia-busca-salvar-democracia\/#primaryimage","url":"","contentUrl":""},{"@type":"BreadcrumbList","@id":"https:\/\/www.eldiario.net\/portal\/2021\/05\/16\/resolucion-del-europarlamento-no-es-injerencia-busca-salvar-democracia\/#breadcrumb","itemListElement":[{"@type":"ListItem","position":1,"name":"Portada","item":"https:\/\/www.eldiario.net\/portal\/"},{"@type":"ListItem","position":2,"name":"Resoluci\u00f3n del Europarlamento no es injerencia, busca salvar democracia"}]},{"@type":"WebSite","@id":"https:\/\/www.eldiario.net\/portal\/#website","url":"https:\/\/www.eldiario.net\/portal\/","name":"El Diario - Decano de la prensa nacional","description":"El Diario - Decano de la prensa nacional","publisher":{"@id":"https:\/\/www.eldiario.net\/portal\/#organization"},"potentialAction":[{"@type":"SearchAction","target":{"@type":"EntryPoint","urlTemplate":"https:\/\/www.eldiario.net\/portal\/?s={search_term_string}"},"query-input":{"@type":"PropertyValueSpecification","valueRequired":true,"valueName":"search_term_string"}}],"inLanguage":"es"},{"@type":"Organization","@id":"https:\/\/www.eldiario.net\/portal\/#organization","name":"El Diario - Decano de la prensa nacional","url":"https:\/\/www.eldiario.net\/portal\/","logo":{"@type":"ImageObject","inLanguage":"es","@id":"https:\/\/www.eldiario.net\/portal\/#\/schema\/logo\/image\/","url":"https:\/\/www.eldiario.net\/portal\/wp-content\/uploads\/2023\/07\/logo_ED.jpg","contentUrl":"https:\/\/www.eldiario.net\/portal\/wp-content\/uploads\/2023\/07\/logo_ED.jpg","width":272,"height":52,"caption":"El Diario - Decano de la prensa nacional"},"image":{"@id":"https:\/\/www.eldiario.net\/portal\/#\/schema\/logo\/image\/"},"sameAs":["https:\/\/www.facebook.com\/eldiario.bolivia\/","https:\/\/x.com\/eldiario_net"]},{"@type":"Person","@id":"https:\/\/www.eldiario.net\/portal\/#\/schema\/person\/f46445640444750d7d753ccd04ae01b7","name":"Jeanette","image":{"@type":"ImageObject","inLanguage":"es","@id":"https:\/\/secure.gravatar.com\/avatar\/3ea2118a5f7dad2b7138b1187a6b7ee55f160b9968b66013c3a3ef39dd7e5798?s=96&d=mm&r=g","url":"https:\/\/secure.gravatar.com\/avatar\/3ea2118a5f7dad2b7138b1187a6b7ee55f160b9968b66013c3a3ef39dd7e5798?s=96&d=mm&r=g","contentUrl":"https:\/\/secure.gravatar.com\/avatar\/3ea2118a5f7dad2b7138b1187a6b7ee55f160b9968b66013c3a3ef39dd7e5798?s=96&d=mm&r=g","caption":"Jeanette"},"sameAs":["https:\/\/www.eldiario.net\/portal"],"url":"https:\/\/www.eldiario.net\/portal\/author\/jeanette\/"}]}},"_links":{"self":[{"href":"https:\/\/www.eldiario.net\/portal\/wp-json\/wp\/v2\/posts\/4307","targetHints":{"allow":["GET"]}}],"collection":[{"href":"https:\/\/www.eldiario.net\/portal\/wp-json\/wp\/v2\/posts"}],"about":[{"href":"https:\/\/www.eldiario.net\/portal\/wp-json\/wp\/v2\/types\/post"}],"author":[{"embeddable":true,"href":"https:\/\/www.eldiario.net\/portal\/wp-json\/wp\/v2\/users\/1"}],"replies":[{"embeddable":true,"href":"https:\/\/www.eldiario.net\/portal\/wp-json\/wp\/v2\/comments?post=4307"}],"version-history":[{"count":0,"href":"https:\/\/www.eldiario.net\/portal\/wp-json\/wp\/v2\/posts\/4307\/revisions"}],"wp:attachment":[{"href":"https:\/\/www.eldiario.net\/portal\/wp-json\/wp\/v2\/media?parent=4307"}],"wp:term":[{"taxonomy":"category","embeddable":true,"href":"https:\/\/www.eldiario.net\/portal\/wp-json\/wp\/v2\/categories?post=4307"},{"taxonomy":"post_tag","embeddable":true,"href":"https:\/\/www.eldiario.net\/portal\/wp-json\/wp\/v2\/tags?post=4307"}],"curies":[{"name":"wp","href":"https:\/\/api.w.org\/{rel}","templated":true}]}}