{"id":4304,"date":"2021-05-16T04:15:08","date_gmt":"2021-05-16T08:15:08","guid":{"rendered":"https:\/\/www.eldiario.net\/portal\/?p=4304"},"modified":"2021-05-16T04:15:08","modified_gmt":"2021-05-16T08:15:08","slug":"postulaciones-a-nuevos-embajadores-aun-no-fueron-presentadas-al-senado","status":"publish","type":"post","link":"https:\/\/www.eldiario.net\/portal\/2021\/05\/16\/postulaciones-a-nuevos-embajadores-aun-no-fueron-presentadas-al-senado\/","title":{"rendered":"Postulaciones a nuevos embajadores  a\u00fan no fueron presentadas al Senado"},"content":{"rendered":"<p>Ante el anuncio de que la pr\u00f3xima semana se tratar\u00e1n las designaciones de nuevos embajadores que representen al pa\u00eds ante los Estados de Brasil, Nicaragua y la Organizaci\u00f3n de Estados Americanos (OEA), legisladores de la oposici\u00f3n cuestionaron que la documentaci\u00f3n que oficialice estas postulaciones a\u00fan no haya llegado a las comisiones correspondientes.<br \/>\nSostienen que mientras no se oficialicen los nombres de ciudadanos propuestos para ocupar estos cargos en las delegaciones diplom\u00e1ticas referidas, ante la comisi\u00f3n respectiva, solo se trata de rumores que carecen de credibilidad.<br \/>\nPara la senadora por la agrupaci\u00f3n Comunidad Ciudadana, Corina Ferreira, mientras no se remita a la comisi\u00f3n respectiva, toda la documentaci\u00f3n que respalde las postulaciones para ocupar los cargos en el cuerpo diplom\u00e1tico del pa\u00eds, no se puede tratar la designaci\u00f3n de nuevos embajadores.<br \/>\n\u201cNo ha llegado nada oficial a la comisi\u00f3n, nosotros estamos esperando que estos rumores sean oficiales pero la documentaci\u00f3n no ha llegado, no hemos tenido esta semana dentro de la comisi\u00f3n\u201d, explic\u00f3 la legisladora representante del departamento de Pando.<br \/>\nPor su parte, el jefe de bancada en senadores del Movimiento al Socialismo, Luis Adolfo Flores, manifest\u00f3 que antes de la designaci\u00f3n de nuevos diplom\u00e1ticos ante pa\u00edses e instancias internacionales, se deben cumplir con todas las formalidades requeridas, adem\u00e1s anunci\u00f3 que esta designaci\u00f3n ser\u00e1 asumida tras escuchar todas las propuestas.<br \/>\n\u201cLos procedimientos se van a cumplir en el Senado. Siempre los senadores escuchan, por supuesto, las propuestas del presidente y seguramente se eval\u00faa la voz de los sectores sociales, y de acuerdo a eso, por mayor\u00eda se tomar\u00e1n decisiones importantes para el pa\u00eds\u201d, declar\u00f3.<br \/>\nD\u00edas atr\u00e1s, los anuncios sobre la designaci\u00f3n del exministro de Justicia H\u00e9ctor Arce Zaconeta generaron pol\u00e9mica y discrepancias, tanto en filas de la oposici\u00f3n como del oficialismo, por haber pertenecido a la gesti\u00f3n del expresidente Evo Morales y por ir en contra de la renovaci\u00f3n que exigen las bases del partido oficialista.<\/p>\n","protected":false},"excerpt":{"rendered":"<p>Ante el anuncio de que la pr\u00f3xima semana se tratar\u00e1n las designaciones de nuevos embajadores que representen al pa\u00eds ante los Estados de Brasil, Nicaragua y la Organizaci\u00f3n de Estados Americanos (OEA), legisladores de la oposici\u00f3n cuestionaron que la documentaci\u00f3n que oficialice estas postulaciones a\u00fan no haya llegado a las comisiones correspondientes. Sostienen que mientras [&hellip;]<\/p>\n","protected":false},"author":1,"featured_media":4305,"comment_status":"closed","ping_status":"closed","sticky":false,"template":"","format":"standard","meta":{"_acf_changed":false,"footnotes":""},"categories":[14],"tags":[],"class_list":["post-4304","post","type-post","status-publish","format-standard","has-post-thumbnail","category-politica"],"acf":{"antetitulo":""},"yoast_head":"<!-- This site is optimized with the Yoast SEO plugin v28.3 - https:\/\/yoast.com\/product\/yoast-seo-wordpress\/ -->\n<title>Postulaciones a nuevos embajadores a\u00fan no fueron presentadas al Senado - El Diario - Bolivia<\/title>\n<meta name=\"robots\" content=\"index, follow, max-snippet:-1, max-image-preview:large, max-video-preview:-1\" \/>\n<link rel=\"canonical\" href=\"https:\/\/www.eldiario.net\/portal\/2021\/05\/16\/postulaciones-a-nuevos-embajadores-aun-no-fueron-presentadas-al-senado\/\" \/>\n<meta property=\"og:locale\" content=\"es_ES\" \/>\n<meta property=\"og:type\" content=\"article\" \/>\n<meta property=\"og:title\" content=\"Postulaciones a nuevos embajadores a\u00fan no fueron presentadas al Senado - El Diario - Bolivia\" \/>\n<meta property=\"og:description\" content=\"Ante el anuncio de que la pr\u00f3xima semana se tratar\u00e1n las designaciones de nuevos embajadores que representen al pa\u00eds ante los Estados de Brasil, Nicaragua y la Organizaci\u00f3n de Estados Americanos (OEA), legisladores de la oposici\u00f3n cuestionaron que la documentaci\u00f3n que oficialice estas postulaciones a\u00fan no haya llegado a las comisiones correspondientes. Sostienen que mientras [&hellip;]\" \/>\n<meta property=\"og:url\" content=\"https:\/\/www.eldiario.net\/portal\/2021\/05\/16\/postulaciones-a-nuevos-embajadores-aun-no-fueron-presentadas-al-senado\/\" \/>\n<meta property=\"og:site_name\" content=\"El Diario - Bolivia\" \/>\n<meta property=\"article:publisher\" content=\"https:\/\/www.facebook.com\/eldiario.bolivia\/\" \/>\n<meta property=\"article:published_time\" content=\"2021-05-16T08:15:08+00:00\" \/>\n<meta name=\"author\" content=\"Jeanette\" \/>\n<meta name=\"twitter:card\" content=\"summary_large_image\" \/>\n<meta name=\"twitter:creator\" content=\"@eldiario_net\" \/>\n<meta name=\"twitter:site\" content=\"@eldiario_net\" \/>\n<meta name=\"twitter:label1\" content=\"Escrito por\" \/>\n\t<meta name=\"twitter:data1\" content=\"Jeanette\" \/>\n\t<meta name=\"twitter:label2\" content=\"Tiempo de lectura\" \/>\n\t<meta name=\"twitter:data2\" content=\"2 minutos\" \/>\n<script type=\"application\/ld+json\" class=\"yoast-schema-graph\">{\"@context\":\"https:\\\/\\\/schema.org\",\"@graph\":[{\"@type\":\"Article\",\"@id\":\"https:\\\/\\\/www.eldiario.net\\\/portal\\\/2021\\\/05\\\/16\\\/postulaciones-a-nuevos-embajadores-aun-no-fueron-presentadas-al-senado\\\/#article\",\"isPartOf\":{\"@id\":\"https:\\\/\\\/www.eldiario.net\\\/portal\\\/2021\\\/05\\\/16\\\/postulaciones-a-nuevos-embajadores-aun-no-fueron-presentadas-al-senado\\\/\"},\"author\":{\"name\":\"Jeanette\",\"@id\":\"https:\\\/\\\/www.eldiario.net\\\/portal\\\/#\\\/schema\\\/person\\\/f46445640444750d7d753ccd04ae01b7\"},\"headline\":\"Postulaciones a nuevos embajadores a\u00fan no fueron presentadas al Senado\",\"datePublished\":\"2021-05-16T08:15:08+00:00\",\"mainEntityOfPage\":{\"@id\":\"https:\\\/\\\/www.eldiario.net\\\/portal\\\/2021\\\/05\\\/16\\\/postulaciones-a-nuevos-embajadores-aun-no-fueron-presentadas-al-senado\\\/\"},\"wordCount\":360,\"publisher\":{\"@id\":\"https:\\\/\\\/www.eldiario.net\\\/portal\\\/#organization\"},\"image\":{\"@id\":\"https:\\\/\\\/www.eldiario.net\\\/portal\\\/2021\\\/05\\\/16\\\/postulaciones-a-nuevos-embajadores-aun-no-fueron-presentadas-al-senado\\\/#primaryimage\"},\"thumbnailUrl\":\"\",\"articleSection\":[\"Pol\u00edtica\"],\"inLanguage\":\"es\"},{\"@type\":\"WebPage\",\"@id\":\"https:\\\/\\\/www.eldiario.net\\\/portal\\\/2021\\\/05\\\/16\\\/postulaciones-a-nuevos-embajadores-aun-no-fueron-presentadas-al-senado\\\/\",\"url\":\"https:\\\/\\\/www.eldiario.net\\\/portal\\\/2021\\\/05\\\/16\\\/postulaciones-a-nuevos-embajadores-aun-no-fueron-presentadas-al-senado\\\/\",\"name\":\"Postulaciones a nuevos embajadores a\u00fan no fueron presentadas al Senado - El Diario - Bolivia\",\"isPartOf\":{\"@id\":\"https:\\\/\\\/www.eldiario.net\\\/portal\\\/#website\"},\"primaryImageOfPage\":{\"@id\":\"https:\\\/\\\/www.eldiario.net\\\/portal\\\/2021\\\/05\\\/16\\\/postulaciones-a-nuevos-embajadores-aun-no-fueron-presentadas-al-senado\\\/#primaryimage\"},\"image\":{\"@id\":\"https:\\\/\\\/www.eldiario.net\\\/portal\\\/2021\\\/05\\\/16\\\/postulaciones-a-nuevos-embajadores-aun-no-fueron-presentadas-al-senado\\\/#primaryimage\"},\"thumbnailUrl\":\"\",\"datePublished\":\"2021-05-16T08:15:08+00:00\",\"breadcrumb\":{\"@id\":\"https:\\\/\\\/www.eldiario.net\\\/portal\\\/2021\\\/05\\\/16\\\/postulaciones-a-nuevos-embajadores-aun-no-fueron-presentadas-al-senado\\\/#breadcrumb\"},\"inLanguage\":\"es\",\"potentialAction\":[{\"@type\":\"ReadAction\",\"target\":[\"https:\\\/\\\/www.eldiario.net\\\/portal\\\/2021\\\/05\\\/16\\\/postulaciones-a-nuevos-embajadores-aun-no-fueron-presentadas-al-senado\\\/\"]}]},{\"@type\":\"ImageObject\",\"inLanguage\":\"es\",\"@id\":\"https:\\\/\\\/www.eldiario.net\\\/portal\\\/2021\\\/05\\\/16\\\/postulaciones-a-nuevos-embajadores-aun-no-fueron-presentadas-al-senado\\\/#primaryimage\",\"url\":\"\",\"contentUrl\":\"\"},{\"@type\":\"BreadcrumbList\",\"@id\":\"https:\\\/\\\/www.eldiario.net\\\/portal\\\/2021\\\/05\\\/16\\\/postulaciones-a-nuevos-embajadores-aun-no-fueron-presentadas-al-senado\\\/#breadcrumb\",\"itemListElement\":[{\"@type\":\"ListItem\",\"position\":1,\"name\":\"Portada\",\"item\":\"https:\\\/\\\/www.eldiario.net\\\/portal\\\/\"},{\"@type\":\"ListItem\",\"position\":2,\"name\":\"Postulaciones a nuevos embajadores a\u00fan no fueron presentadas al Senado\"}]},{\"@type\":\"WebSite\",\"@id\":\"https:\\\/\\\/www.eldiario.net\\\/portal\\\/#website\",\"url\":\"https:\\\/\\\/www.eldiario.net\\\/portal\\\/\",\"name\":\"El Diario - Decano de la prensa nacional\",\"description\":\"El Diario - Decano de la prensa nacional\",\"publisher\":{\"@id\":\"https:\\\/\\\/www.eldiario.net\\\/portal\\\/#organization\"},\"potentialAction\":[{\"@type\":\"SearchAction\",\"target\":{\"@type\":\"EntryPoint\",\"urlTemplate\":\"https:\\\/\\\/www.eldiario.net\\\/portal\\\/?s={search_term_string}\"},\"query-input\":{\"@type\":\"PropertyValueSpecification\",\"valueRequired\":true,\"valueName\":\"search_term_string\"}}],\"inLanguage\":\"es\"},{\"@type\":\"Organization\",\"@id\":\"https:\\\/\\\/www.eldiario.net\\\/portal\\\/#organization\",\"name\":\"El Diario - Decano de la prensa nacional\",\"url\":\"https:\\\/\\\/www.eldiario.net\\\/portal\\\/\",\"logo\":{\"@type\":\"ImageObject\",\"inLanguage\":\"es\",\"@id\":\"https:\\\/\\\/www.eldiario.net\\\/portal\\\/#\\\/schema\\\/logo\\\/image\\\/\",\"url\":\"https:\\\/\\\/www.eldiario.net\\\/portal\\\/wp-content\\\/uploads\\\/2023\\\/07\\\/logo_ED.jpg\",\"contentUrl\":\"https:\\\/\\\/www.eldiario.net\\\/portal\\\/wp-content\\\/uploads\\\/2023\\\/07\\\/logo_ED.jpg\",\"width\":272,\"height\":52,\"caption\":\"El Diario - Decano de la prensa nacional\"},\"image\":{\"@id\":\"https:\\\/\\\/www.eldiario.net\\\/portal\\\/#\\\/schema\\\/logo\\\/image\\\/\"},\"sameAs\":[\"https:\\\/\\\/www.facebook.com\\\/eldiario.bolivia\\\/\",\"https:\\\/\\\/x.com\\\/eldiario_net\"]},{\"@type\":\"Person\",\"@id\":\"https:\\\/\\\/www.eldiario.net\\\/portal\\\/#\\\/schema\\\/person\\\/f46445640444750d7d753ccd04ae01b7\",\"name\":\"Jeanette\",\"image\":{\"@type\":\"ImageObject\",\"inLanguage\":\"es\",\"@id\":\"https:\\\/\\\/secure.gravatar.com\\\/avatar\\\/3ea2118a5f7dad2b7138b1187a6b7ee55f160b9968b66013c3a3ef39dd7e5798?s=96&d=mm&r=g\",\"url\":\"https:\\\/\\\/secure.gravatar.com\\\/avatar\\\/3ea2118a5f7dad2b7138b1187a6b7ee55f160b9968b66013c3a3ef39dd7e5798?s=96&d=mm&r=g\",\"contentUrl\":\"https:\\\/\\\/secure.gravatar.com\\\/avatar\\\/3ea2118a5f7dad2b7138b1187a6b7ee55f160b9968b66013c3a3ef39dd7e5798?s=96&d=mm&r=g\",\"caption\":\"Jeanette\"},\"sameAs\":[\"https:\\\/\\\/www.eldiario.net\\\/portal\"],\"url\":\"https:\\\/\\\/www.eldiario.net\\\/portal\\\/author\\\/jeanette\\\/\"}]}<\/script>\n<!-- \/ Yoast SEO plugin. -->","yoast_head_json":{"title":"Postulaciones a nuevos embajadores a\u00fan no fueron presentadas al Senado - El Diario - Bolivia","robots":{"index":"index","follow":"follow","max-snippet":"max-snippet:-1","max-image-preview":"max-image-preview:large","max-video-preview":"max-video-preview:-1"},"canonical":"https:\/\/www.eldiario.net\/portal\/2021\/05\/16\/postulaciones-a-nuevos-embajadores-aun-no-fueron-presentadas-al-senado\/","og_locale":"es_ES","og_type":"article","og_title":"Postulaciones a nuevos embajadores a\u00fan no fueron presentadas al Senado - El Diario - Bolivia","og_description":"Ante el anuncio de que la pr\u00f3xima semana se tratar\u00e1n las designaciones de nuevos embajadores que representen al pa\u00eds ante los Estados de Brasil, Nicaragua y la Organizaci\u00f3n de Estados Americanos (OEA), legisladores de la oposici\u00f3n cuestionaron que la documentaci\u00f3n que oficialice estas postulaciones a\u00fan no haya llegado a las comisiones correspondientes. Sostienen que mientras [&hellip;]","og_url":"https:\/\/www.eldiario.net\/portal\/2021\/05\/16\/postulaciones-a-nuevos-embajadores-aun-no-fueron-presentadas-al-senado\/","og_site_name":"El Diario - Bolivia","article_publisher":"https:\/\/www.facebook.com\/eldiario.bolivia\/","article_published_time":"2021-05-16T08:15:08+00:00","author":"Jeanette","twitter_card":"summary_large_image","twitter_creator":"@eldiario_net","twitter_site":"@eldiario_net","twitter_misc":{"Escrito por":"Jeanette","Tiempo de lectura":"2 minutos"},"schema":{"@context":"https:\/\/schema.org","@graph":[{"@type":"Article","@id":"https:\/\/www.eldiario.net\/portal\/2021\/05\/16\/postulaciones-a-nuevos-embajadores-aun-no-fueron-presentadas-al-senado\/#article","isPartOf":{"@id":"https:\/\/www.eldiario.net\/portal\/2021\/05\/16\/postulaciones-a-nuevos-embajadores-aun-no-fueron-presentadas-al-senado\/"},"author":{"name":"Jeanette","@id":"https:\/\/www.eldiario.net\/portal\/#\/schema\/person\/f46445640444750d7d753ccd04ae01b7"},"headline":"Postulaciones a nuevos embajadores a\u00fan no fueron presentadas al Senado","datePublished":"2021-05-16T08:15:08+00:00","mainEntityOfPage":{"@id":"https:\/\/www.eldiario.net\/portal\/2021\/05\/16\/postulaciones-a-nuevos-embajadores-aun-no-fueron-presentadas-al-senado\/"},"wordCount":360,"publisher":{"@id":"https:\/\/www.eldiario.net\/portal\/#organization"},"image":{"@id":"https:\/\/www.eldiario.net\/portal\/2021\/05\/16\/postulaciones-a-nuevos-embajadores-aun-no-fueron-presentadas-al-senado\/#primaryimage"},"thumbnailUrl":"","articleSection":["Pol\u00edtica"],"inLanguage":"es"},{"@type":"WebPage","@id":"https:\/\/www.eldiario.net\/portal\/2021\/05\/16\/postulaciones-a-nuevos-embajadores-aun-no-fueron-presentadas-al-senado\/","url":"https:\/\/www.eldiario.net\/portal\/2021\/05\/16\/postulaciones-a-nuevos-embajadores-aun-no-fueron-presentadas-al-senado\/","name":"Postulaciones a nuevos embajadores a\u00fan no fueron presentadas al Senado - El Diario - Bolivia","isPartOf":{"@id":"https:\/\/www.eldiario.net\/portal\/#website"},"primaryImageOfPage":{"@id":"https:\/\/www.eldiario.net\/portal\/2021\/05\/16\/postulaciones-a-nuevos-embajadores-aun-no-fueron-presentadas-al-senado\/#primaryimage"},"image":{"@id":"https:\/\/www.eldiario.net\/portal\/2021\/05\/16\/postulaciones-a-nuevos-embajadores-aun-no-fueron-presentadas-al-senado\/#primaryimage"},"thumbnailUrl":"","datePublished":"2021-05-16T08:15:08+00:00","breadcrumb":{"@id":"https:\/\/www.eldiario.net\/portal\/2021\/05\/16\/postulaciones-a-nuevos-embajadores-aun-no-fueron-presentadas-al-senado\/#breadcrumb"},"inLanguage":"es","potentialAction":[{"@type":"ReadAction","target":["https:\/\/www.eldiario.net\/portal\/2021\/05\/16\/postulaciones-a-nuevos-embajadores-aun-no-fueron-presentadas-al-senado\/"]}]},{"@type":"ImageObject","inLanguage":"es","@id":"https:\/\/www.eldiario.net\/portal\/2021\/05\/16\/postulaciones-a-nuevos-embajadores-aun-no-fueron-presentadas-al-senado\/#primaryimage","url":"","contentUrl":""},{"@type":"BreadcrumbList","@id":"https:\/\/www.eldiario.net\/portal\/2021\/05\/16\/postulaciones-a-nuevos-embajadores-aun-no-fueron-presentadas-al-senado\/#breadcrumb","itemListElement":[{"@type":"ListItem","position":1,"name":"Portada","item":"https:\/\/www.eldiario.net\/portal\/"},{"@type":"ListItem","position":2,"name":"Postulaciones a nuevos embajadores a\u00fan no fueron presentadas al Senado"}]},{"@type":"WebSite","@id":"https:\/\/www.eldiario.net\/portal\/#website","url":"https:\/\/www.eldiario.net\/portal\/","name":"El Diario - Decano de la prensa nacional","description":"El Diario - Decano de la prensa nacional","publisher":{"@id":"https:\/\/www.eldiario.net\/portal\/#organization"},"potentialAction":[{"@type":"SearchAction","target":{"@type":"EntryPoint","urlTemplate":"https:\/\/www.eldiario.net\/portal\/?s={search_term_string}"},"query-input":{"@type":"PropertyValueSpecification","valueRequired":true,"valueName":"search_term_string"}}],"inLanguage":"es"},{"@type":"Organization","@id":"https:\/\/www.eldiario.net\/portal\/#organization","name":"El Diario - Decano de la prensa nacional","url":"https:\/\/www.eldiario.net\/portal\/","logo":{"@type":"ImageObject","inLanguage":"es","@id":"https:\/\/www.eldiario.net\/portal\/#\/schema\/logo\/image\/","url":"https:\/\/www.eldiario.net\/portal\/wp-content\/uploads\/2023\/07\/logo_ED.jpg","contentUrl":"https:\/\/www.eldiario.net\/portal\/wp-content\/uploads\/2023\/07\/logo_ED.jpg","width":272,"height":52,"caption":"El Diario - Decano de la prensa nacional"},"image":{"@id":"https:\/\/www.eldiario.net\/portal\/#\/schema\/logo\/image\/"},"sameAs":["https:\/\/www.facebook.com\/eldiario.bolivia\/","https:\/\/x.com\/eldiario_net"]},{"@type":"Person","@id":"https:\/\/www.eldiario.net\/portal\/#\/schema\/person\/f46445640444750d7d753ccd04ae01b7","name":"Jeanette","image":{"@type":"ImageObject","inLanguage":"es","@id":"https:\/\/secure.gravatar.com\/avatar\/3ea2118a5f7dad2b7138b1187a6b7ee55f160b9968b66013c3a3ef39dd7e5798?s=96&d=mm&r=g","url":"https:\/\/secure.gravatar.com\/avatar\/3ea2118a5f7dad2b7138b1187a6b7ee55f160b9968b66013c3a3ef39dd7e5798?s=96&d=mm&r=g","contentUrl":"https:\/\/secure.gravatar.com\/avatar\/3ea2118a5f7dad2b7138b1187a6b7ee55f160b9968b66013c3a3ef39dd7e5798?s=96&d=mm&r=g","caption":"Jeanette"},"sameAs":["https:\/\/www.eldiario.net\/portal"],"url":"https:\/\/www.eldiario.net\/portal\/author\/jeanette\/"}]}},"_links":{"self":[{"href":"https:\/\/www.eldiario.net\/portal\/wp-json\/wp\/v2\/posts\/4304","targetHints":{"allow":["GET"]}}],"collection":[{"href":"https:\/\/www.eldiario.net\/portal\/wp-json\/wp\/v2\/posts"}],"about":[{"href":"https:\/\/www.eldiario.net\/portal\/wp-json\/wp\/v2\/types\/post"}],"author":[{"embeddable":true,"href":"https:\/\/www.eldiario.net\/portal\/wp-json\/wp\/v2\/users\/1"}],"replies":[{"embeddable":true,"href":"https:\/\/www.eldiario.net\/portal\/wp-json\/wp\/v2\/comments?post=4304"}],"version-history":[{"count":0,"href":"https:\/\/www.eldiario.net\/portal\/wp-json\/wp\/v2\/posts\/4304\/revisions"}],"wp:attachment":[{"href":"https:\/\/www.eldiario.net\/portal\/wp-json\/wp\/v2\/media?parent=4304"}],"wp:term":[{"taxonomy":"category","embeddable":true,"href":"https:\/\/www.eldiario.net\/portal\/wp-json\/wp\/v2\/categories?post=4304"},{"taxonomy":"post_tag","embeddable":true,"href":"https:\/\/www.eldiario.net\/portal\/wp-json\/wp\/v2\/tags?post=4304"}],"curies":[{"name":"wp","href":"https:\/\/api.w.org\/{rel}","templated":true}]}}