{"id":4301,"date":"2021-05-16T04:13:56","date_gmt":"2021-05-16T08:13:56","guid":{"rendered":"https:\/\/www.eldiario.net\/portal\/?p=4301"},"modified":"2021-05-16T04:13:56","modified_gmt":"2021-05-16T08:13:56","slug":"lote-de-400-000-vacunas-refuerza-campana-masiva","status":"publish","type":"post","link":"https:\/\/www.eldiario.net\/portal\/2021\/05\/16\/lote-de-400-000-vacunas-refuerza-campana-masiva\/","title":{"rendered":"Lote de 400.000 vacunas refuerza campa\u00f1a masiva"},"content":{"rendered":"<p>Tras la llegada de un nuevo lote de 400.000 vacunas Sputnik V al pa\u00eds la ma\u00f1ana del s\u00e1bado, el presidente constitucional el Estado, Luis Arce Catacora, pidi\u00f3 acelerar la vacunaci\u00f3n a la poblaci\u00f3n y que se contin\u00faen aplicando las medidas de bioseguridad.<br \/>\nAl momento de recibir este nuevo lote de vacunas en el aeropuerto Jorge Wilstermann de la ciudad de Cochabamba, el primer mandatario expres\u00f3 su satisfacci\u00f3n por el reinicio de la campa\u00f1a de vacunaci\u00f3n masiva en el pa\u00eds y el arribo de m\u00e1s dosis para la inmunizaci\u00f3n de la poblaci\u00f3n, por lo que pidi\u00f3 a las autoridades en salud acelerar este proceso.<br \/>\n\u201cTome nota nuestro ministro de salud, tenemos que pisar el acelerador, y estas vacunas que llegan al pa\u00eds son justamente dosis de esperanza para mucha gente\u201d, dijo.<br \/>\nEl mandatario, adem\u00e1s, pidi\u00f3 a la poblaci\u00f3n continuar protegiendo la salud cumpliendo las medias de bioseguridad recomendadas por autoridades sanitarias.<br \/>\n\u201cSigan cuid\u00e1ndose, a\u00fan con la vacuna, sigamos respetando todos los elementos de bioseguridad que se establecen. Sigamos usando barbijo, sigamos aplicando protocolos en todas las instituciones\u201d, indic\u00f3 Arce.<br \/>\nSobre la campa\u00f1a internacional por la liberaci\u00f3n de las patentes, la autoridad reiter\u00f3 la importancia de que los pa\u00edses y otros laboratorios puedan producir este f\u00e1rmaco y de esta forma alcanzar a inocular a la totalidad de la poblaci\u00f3n a nivel mundial.<br \/>\n\u201cEs preciso que se liberen los derechos de las patentes para que muchos pa\u00edses podamos producir nuestras vacunas y poder aplicar a la poblaci\u00f3n, hay muchos pa\u00edses que ya se han sumado a este pedido, estamos contentos que eso haya sucedido porque esa es la soluci\u00f3n estructural a los problemas\u201d, se\u00f1al\u00f3.<br \/>\nAl respecto, el embajador de Rusia, Mikail Ledenev, manifest\u00f3 que esta es parte de la colaboraci\u00f3n de su pa\u00eds y que en el futuro se har\u00e1 todo lo posible para continuar colaborando con la poblaci\u00f3n de Bolivia, \u201ces un mensaje de salud que viene desde Rusia\u201d, dijo.<br \/>\nPuntualiz\u00f3 que el lote que lleg\u00f3 al pa\u00eds corresponde a la primera dosis.<\/p>\n","protected":false},"excerpt":{"rendered":"<p>Tras la llegada de un nuevo lote de 400.000 vacunas Sputnik V al pa\u00eds la ma\u00f1ana del s\u00e1bado, el presidente constitucional el Estado, Luis Arce Catacora, pidi\u00f3 acelerar la vacunaci\u00f3n a la poblaci\u00f3n y que se contin\u00faen aplicando las medidas de bioseguridad. Al momento de recibir este nuevo lote de vacunas en el aeropuerto Jorge [&hellip;]<\/p>\n","protected":false},"author":1,"featured_media":4302,"comment_status":"closed","ping_status":"closed","sticky":false,"template":"","format":"standard","meta":{"_acf_changed":false,"footnotes":""},"categories":[14],"tags":[],"class_list":["post-4301","post","type-post","status-publish","format-standard","has-post-thumbnail","category-politica"],"acf":{"antetitulo":""},"yoast_head":"<!-- This site is optimized with the Yoast SEO plugin v28.3 - https:\/\/yoast.com\/product\/yoast-seo-wordpress\/ -->\n<title>Lote de 400.000 vacunas refuerza campa\u00f1a masiva - El Diario - Bolivia<\/title>\n<meta name=\"robots\" content=\"index, follow, max-snippet:-1, max-image-preview:large, max-video-preview:-1\" \/>\n<link rel=\"canonical\" href=\"https:\/\/www.eldiario.net\/portal\/2021\/05\/16\/lote-de-400-000-vacunas-refuerza-campana-masiva\/\" \/>\n<meta property=\"og:locale\" content=\"es_ES\" \/>\n<meta property=\"og:type\" content=\"article\" \/>\n<meta property=\"og:title\" content=\"Lote de 400.000 vacunas refuerza campa\u00f1a masiva - El Diario - Bolivia\" \/>\n<meta property=\"og:description\" content=\"Tras la llegada de un nuevo lote de 400.000 vacunas Sputnik V al pa\u00eds la ma\u00f1ana del s\u00e1bado, el presidente constitucional el Estado, Luis Arce Catacora, pidi\u00f3 acelerar la vacunaci\u00f3n a la poblaci\u00f3n y que se contin\u00faen aplicando las medidas de bioseguridad. Al momento de recibir este nuevo lote de vacunas en el aeropuerto Jorge [&hellip;]\" \/>\n<meta property=\"og:url\" content=\"https:\/\/www.eldiario.net\/portal\/2021\/05\/16\/lote-de-400-000-vacunas-refuerza-campana-masiva\/\" \/>\n<meta property=\"og:site_name\" content=\"El Diario - Bolivia\" \/>\n<meta property=\"article:publisher\" content=\"https:\/\/www.facebook.com\/eldiario.bolivia\/\" \/>\n<meta property=\"article:published_time\" content=\"2021-05-16T08:13:56+00:00\" \/>\n<meta name=\"author\" content=\"Jeanette\" \/>\n<meta name=\"twitter:card\" content=\"summary_large_image\" \/>\n<meta name=\"twitter:creator\" content=\"@eldiario_net\" \/>\n<meta name=\"twitter:site\" content=\"@eldiario_net\" \/>\n<meta name=\"twitter:label1\" content=\"Escrito por\" \/>\n\t<meta name=\"twitter:data1\" content=\"Jeanette\" \/>\n\t<meta name=\"twitter:label2\" content=\"Tiempo de lectura\" \/>\n\t<meta name=\"twitter:data2\" content=\"2 minutos\" \/>\n<script type=\"application\/ld+json\" class=\"yoast-schema-graph\">{\"@context\":\"https:\\\/\\\/schema.org\",\"@graph\":[{\"@type\":\"Article\",\"@id\":\"https:\\\/\\\/www.eldiario.net\\\/portal\\\/2021\\\/05\\\/16\\\/lote-de-400-000-vacunas-refuerza-campana-masiva\\\/#article\",\"isPartOf\":{\"@id\":\"https:\\\/\\\/www.eldiario.net\\\/portal\\\/2021\\\/05\\\/16\\\/lote-de-400-000-vacunas-refuerza-campana-masiva\\\/\"},\"author\":{\"name\":\"Jeanette\",\"@id\":\"https:\\\/\\\/www.eldiario.net\\\/portal\\\/#\\\/schema\\\/person\\\/f46445640444750d7d753ccd04ae01b7\"},\"headline\":\"Lote de 400.000 vacunas refuerza campa\u00f1a masiva\",\"datePublished\":\"2021-05-16T08:13:56+00:00\",\"mainEntityOfPage\":{\"@id\":\"https:\\\/\\\/www.eldiario.net\\\/portal\\\/2021\\\/05\\\/16\\\/lote-de-400-000-vacunas-refuerza-campana-masiva\\\/\"},\"wordCount\":369,\"publisher\":{\"@id\":\"https:\\\/\\\/www.eldiario.net\\\/portal\\\/#organization\"},\"image\":{\"@id\":\"https:\\\/\\\/www.eldiario.net\\\/portal\\\/2021\\\/05\\\/16\\\/lote-de-400-000-vacunas-refuerza-campana-masiva\\\/#primaryimage\"},\"thumbnailUrl\":\"\",\"articleSection\":[\"Pol\u00edtica\"],\"inLanguage\":\"es\"},{\"@type\":\"WebPage\",\"@id\":\"https:\\\/\\\/www.eldiario.net\\\/portal\\\/2021\\\/05\\\/16\\\/lote-de-400-000-vacunas-refuerza-campana-masiva\\\/\",\"url\":\"https:\\\/\\\/www.eldiario.net\\\/portal\\\/2021\\\/05\\\/16\\\/lote-de-400-000-vacunas-refuerza-campana-masiva\\\/\",\"name\":\"Lote de 400.000 vacunas refuerza campa\u00f1a masiva - El Diario - Bolivia\",\"isPartOf\":{\"@id\":\"https:\\\/\\\/www.eldiario.net\\\/portal\\\/#website\"},\"primaryImageOfPage\":{\"@id\":\"https:\\\/\\\/www.eldiario.net\\\/portal\\\/2021\\\/05\\\/16\\\/lote-de-400-000-vacunas-refuerza-campana-masiva\\\/#primaryimage\"},\"image\":{\"@id\":\"https:\\\/\\\/www.eldiario.net\\\/portal\\\/2021\\\/05\\\/16\\\/lote-de-400-000-vacunas-refuerza-campana-masiva\\\/#primaryimage\"},\"thumbnailUrl\":\"\",\"datePublished\":\"2021-05-16T08:13:56+00:00\",\"breadcrumb\":{\"@id\":\"https:\\\/\\\/www.eldiario.net\\\/portal\\\/2021\\\/05\\\/16\\\/lote-de-400-000-vacunas-refuerza-campana-masiva\\\/#breadcrumb\"},\"inLanguage\":\"es\",\"potentialAction\":[{\"@type\":\"ReadAction\",\"target\":[\"https:\\\/\\\/www.eldiario.net\\\/portal\\\/2021\\\/05\\\/16\\\/lote-de-400-000-vacunas-refuerza-campana-masiva\\\/\"]}]},{\"@type\":\"ImageObject\",\"inLanguage\":\"es\",\"@id\":\"https:\\\/\\\/www.eldiario.net\\\/portal\\\/2021\\\/05\\\/16\\\/lote-de-400-000-vacunas-refuerza-campana-masiva\\\/#primaryimage\",\"url\":\"\",\"contentUrl\":\"\"},{\"@type\":\"BreadcrumbList\",\"@id\":\"https:\\\/\\\/www.eldiario.net\\\/portal\\\/2021\\\/05\\\/16\\\/lote-de-400-000-vacunas-refuerza-campana-masiva\\\/#breadcrumb\",\"itemListElement\":[{\"@type\":\"ListItem\",\"position\":1,\"name\":\"Portada\",\"item\":\"https:\\\/\\\/www.eldiario.net\\\/portal\\\/\"},{\"@type\":\"ListItem\",\"position\":2,\"name\":\"Lote de 400.000 vacunas refuerza campa\u00f1a masiva\"}]},{\"@type\":\"WebSite\",\"@id\":\"https:\\\/\\\/www.eldiario.net\\\/portal\\\/#website\",\"url\":\"https:\\\/\\\/www.eldiario.net\\\/portal\\\/\",\"name\":\"El Diario - Decano de la prensa nacional\",\"description\":\"El Diario - Decano de la prensa nacional\",\"publisher\":{\"@id\":\"https:\\\/\\\/www.eldiario.net\\\/portal\\\/#organization\"},\"potentialAction\":[{\"@type\":\"SearchAction\",\"target\":{\"@type\":\"EntryPoint\",\"urlTemplate\":\"https:\\\/\\\/www.eldiario.net\\\/portal\\\/?s={search_term_string}\"},\"query-input\":{\"@type\":\"PropertyValueSpecification\",\"valueRequired\":true,\"valueName\":\"search_term_string\"}}],\"inLanguage\":\"es\"},{\"@type\":\"Organization\",\"@id\":\"https:\\\/\\\/www.eldiario.net\\\/portal\\\/#organization\",\"name\":\"El Diario - Decano de la prensa nacional\",\"url\":\"https:\\\/\\\/www.eldiario.net\\\/portal\\\/\",\"logo\":{\"@type\":\"ImageObject\",\"inLanguage\":\"es\",\"@id\":\"https:\\\/\\\/www.eldiario.net\\\/portal\\\/#\\\/schema\\\/logo\\\/image\\\/\",\"url\":\"https:\\\/\\\/www.eldiario.net\\\/portal\\\/wp-content\\\/uploads\\\/2023\\\/07\\\/logo_ED.jpg\",\"contentUrl\":\"https:\\\/\\\/www.eldiario.net\\\/portal\\\/wp-content\\\/uploads\\\/2023\\\/07\\\/logo_ED.jpg\",\"width\":272,\"height\":52,\"caption\":\"El Diario - Decano de la prensa nacional\"},\"image\":{\"@id\":\"https:\\\/\\\/www.eldiario.net\\\/portal\\\/#\\\/schema\\\/logo\\\/image\\\/\"},\"sameAs\":[\"https:\\\/\\\/www.facebook.com\\\/eldiario.bolivia\\\/\",\"https:\\\/\\\/x.com\\\/eldiario_net\"]},{\"@type\":\"Person\",\"@id\":\"https:\\\/\\\/www.eldiario.net\\\/portal\\\/#\\\/schema\\\/person\\\/f46445640444750d7d753ccd04ae01b7\",\"name\":\"Jeanette\",\"image\":{\"@type\":\"ImageObject\",\"inLanguage\":\"es\",\"@id\":\"https:\\\/\\\/secure.gravatar.com\\\/avatar\\\/3ea2118a5f7dad2b7138b1187a6b7ee55f160b9968b66013c3a3ef39dd7e5798?s=96&d=mm&r=g\",\"url\":\"https:\\\/\\\/secure.gravatar.com\\\/avatar\\\/3ea2118a5f7dad2b7138b1187a6b7ee55f160b9968b66013c3a3ef39dd7e5798?s=96&d=mm&r=g\",\"contentUrl\":\"https:\\\/\\\/secure.gravatar.com\\\/avatar\\\/3ea2118a5f7dad2b7138b1187a6b7ee55f160b9968b66013c3a3ef39dd7e5798?s=96&d=mm&r=g\",\"caption\":\"Jeanette\"},\"sameAs\":[\"https:\\\/\\\/www.eldiario.net\\\/portal\"],\"url\":\"https:\\\/\\\/www.eldiario.net\\\/portal\\\/author\\\/jeanette\\\/\"}]}<\/script>\n<!-- \/ Yoast SEO plugin. -->","yoast_head_json":{"title":"Lote de 400.000 vacunas refuerza campa\u00f1a masiva - El Diario - Bolivia","robots":{"index":"index","follow":"follow","max-snippet":"max-snippet:-1","max-image-preview":"max-image-preview:large","max-video-preview":"max-video-preview:-1"},"canonical":"https:\/\/www.eldiario.net\/portal\/2021\/05\/16\/lote-de-400-000-vacunas-refuerza-campana-masiva\/","og_locale":"es_ES","og_type":"article","og_title":"Lote de 400.000 vacunas refuerza campa\u00f1a masiva - El Diario - Bolivia","og_description":"Tras la llegada de un nuevo lote de 400.000 vacunas Sputnik V al pa\u00eds la ma\u00f1ana del s\u00e1bado, el presidente constitucional el Estado, Luis Arce Catacora, pidi\u00f3 acelerar la vacunaci\u00f3n a la poblaci\u00f3n y que se contin\u00faen aplicando las medidas de bioseguridad. Al momento de recibir este nuevo lote de vacunas en el aeropuerto Jorge [&hellip;]","og_url":"https:\/\/www.eldiario.net\/portal\/2021\/05\/16\/lote-de-400-000-vacunas-refuerza-campana-masiva\/","og_site_name":"El Diario - Bolivia","article_publisher":"https:\/\/www.facebook.com\/eldiario.bolivia\/","article_published_time":"2021-05-16T08:13:56+00:00","author":"Jeanette","twitter_card":"summary_large_image","twitter_creator":"@eldiario_net","twitter_site":"@eldiario_net","twitter_misc":{"Escrito por":"Jeanette","Tiempo de lectura":"2 minutos"},"schema":{"@context":"https:\/\/schema.org","@graph":[{"@type":"Article","@id":"https:\/\/www.eldiario.net\/portal\/2021\/05\/16\/lote-de-400-000-vacunas-refuerza-campana-masiva\/#article","isPartOf":{"@id":"https:\/\/www.eldiario.net\/portal\/2021\/05\/16\/lote-de-400-000-vacunas-refuerza-campana-masiva\/"},"author":{"name":"Jeanette","@id":"https:\/\/www.eldiario.net\/portal\/#\/schema\/person\/f46445640444750d7d753ccd04ae01b7"},"headline":"Lote de 400.000 vacunas refuerza campa\u00f1a masiva","datePublished":"2021-05-16T08:13:56+00:00","mainEntityOfPage":{"@id":"https:\/\/www.eldiario.net\/portal\/2021\/05\/16\/lote-de-400-000-vacunas-refuerza-campana-masiva\/"},"wordCount":369,"publisher":{"@id":"https:\/\/www.eldiario.net\/portal\/#organization"},"image":{"@id":"https:\/\/www.eldiario.net\/portal\/2021\/05\/16\/lote-de-400-000-vacunas-refuerza-campana-masiva\/#primaryimage"},"thumbnailUrl":"","articleSection":["Pol\u00edtica"],"inLanguage":"es"},{"@type":"WebPage","@id":"https:\/\/www.eldiario.net\/portal\/2021\/05\/16\/lote-de-400-000-vacunas-refuerza-campana-masiva\/","url":"https:\/\/www.eldiario.net\/portal\/2021\/05\/16\/lote-de-400-000-vacunas-refuerza-campana-masiva\/","name":"Lote de 400.000 vacunas refuerza campa\u00f1a masiva - El Diario - Bolivia","isPartOf":{"@id":"https:\/\/www.eldiario.net\/portal\/#website"},"primaryImageOfPage":{"@id":"https:\/\/www.eldiario.net\/portal\/2021\/05\/16\/lote-de-400-000-vacunas-refuerza-campana-masiva\/#primaryimage"},"image":{"@id":"https:\/\/www.eldiario.net\/portal\/2021\/05\/16\/lote-de-400-000-vacunas-refuerza-campana-masiva\/#primaryimage"},"thumbnailUrl":"","datePublished":"2021-05-16T08:13:56+00:00","breadcrumb":{"@id":"https:\/\/www.eldiario.net\/portal\/2021\/05\/16\/lote-de-400-000-vacunas-refuerza-campana-masiva\/#breadcrumb"},"inLanguage":"es","potentialAction":[{"@type":"ReadAction","target":["https:\/\/www.eldiario.net\/portal\/2021\/05\/16\/lote-de-400-000-vacunas-refuerza-campana-masiva\/"]}]},{"@type":"ImageObject","inLanguage":"es","@id":"https:\/\/www.eldiario.net\/portal\/2021\/05\/16\/lote-de-400-000-vacunas-refuerza-campana-masiva\/#primaryimage","url":"","contentUrl":""},{"@type":"BreadcrumbList","@id":"https:\/\/www.eldiario.net\/portal\/2021\/05\/16\/lote-de-400-000-vacunas-refuerza-campana-masiva\/#breadcrumb","itemListElement":[{"@type":"ListItem","position":1,"name":"Portada","item":"https:\/\/www.eldiario.net\/portal\/"},{"@type":"ListItem","position":2,"name":"Lote de 400.000 vacunas refuerza campa\u00f1a masiva"}]},{"@type":"WebSite","@id":"https:\/\/www.eldiario.net\/portal\/#website","url":"https:\/\/www.eldiario.net\/portal\/","name":"El Diario - Decano de la prensa nacional","description":"El Diario - Decano de la prensa nacional","publisher":{"@id":"https:\/\/www.eldiario.net\/portal\/#organization"},"potentialAction":[{"@type":"SearchAction","target":{"@type":"EntryPoint","urlTemplate":"https:\/\/www.eldiario.net\/portal\/?s={search_term_string}"},"query-input":{"@type":"PropertyValueSpecification","valueRequired":true,"valueName":"search_term_string"}}],"inLanguage":"es"},{"@type":"Organization","@id":"https:\/\/www.eldiario.net\/portal\/#organization","name":"El Diario - Decano de la prensa nacional","url":"https:\/\/www.eldiario.net\/portal\/","logo":{"@type":"ImageObject","inLanguage":"es","@id":"https:\/\/www.eldiario.net\/portal\/#\/schema\/logo\/image\/","url":"https:\/\/www.eldiario.net\/portal\/wp-content\/uploads\/2023\/07\/logo_ED.jpg","contentUrl":"https:\/\/www.eldiario.net\/portal\/wp-content\/uploads\/2023\/07\/logo_ED.jpg","width":272,"height":52,"caption":"El Diario - Decano de la prensa nacional"},"image":{"@id":"https:\/\/www.eldiario.net\/portal\/#\/schema\/logo\/image\/"},"sameAs":["https:\/\/www.facebook.com\/eldiario.bolivia\/","https:\/\/x.com\/eldiario_net"]},{"@type":"Person","@id":"https:\/\/www.eldiario.net\/portal\/#\/schema\/person\/f46445640444750d7d753ccd04ae01b7","name":"Jeanette","image":{"@type":"ImageObject","inLanguage":"es","@id":"https:\/\/secure.gravatar.com\/avatar\/3ea2118a5f7dad2b7138b1187a6b7ee55f160b9968b66013c3a3ef39dd7e5798?s=96&d=mm&r=g","url":"https:\/\/secure.gravatar.com\/avatar\/3ea2118a5f7dad2b7138b1187a6b7ee55f160b9968b66013c3a3ef39dd7e5798?s=96&d=mm&r=g","contentUrl":"https:\/\/secure.gravatar.com\/avatar\/3ea2118a5f7dad2b7138b1187a6b7ee55f160b9968b66013c3a3ef39dd7e5798?s=96&d=mm&r=g","caption":"Jeanette"},"sameAs":["https:\/\/www.eldiario.net\/portal"],"url":"https:\/\/www.eldiario.net\/portal\/author\/jeanette\/"}]}},"_links":{"self":[{"href":"https:\/\/www.eldiario.net\/portal\/wp-json\/wp\/v2\/posts\/4301","targetHints":{"allow":["GET"]}}],"collection":[{"href":"https:\/\/www.eldiario.net\/portal\/wp-json\/wp\/v2\/posts"}],"about":[{"href":"https:\/\/www.eldiario.net\/portal\/wp-json\/wp\/v2\/types\/post"}],"author":[{"embeddable":true,"href":"https:\/\/www.eldiario.net\/portal\/wp-json\/wp\/v2\/users\/1"}],"replies":[{"embeddable":true,"href":"https:\/\/www.eldiario.net\/portal\/wp-json\/wp\/v2\/comments?post=4301"}],"version-history":[{"count":0,"href":"https:\/\/www.eldiario.net\/portal\/wp-json\/wp\/v2\/posts\/4301\/revisions"}],"wp:attachment":[{"href":"https:\/\/www.eldiario.net\/portal\/wp-json\/wp\/v2\/media?parent=4301"}],"wp:term":[{"taxonomy":"category","embeddable":true,"href":"https:\/\/www.eldiario.net\/portal\/wp-json\/wp\/v2\/categories?post=4301"},{"taxonomy":"post_tag","embeddable":true,"href":"https:\/\/www.eldiario.net\/portal\/wp-json\/wp\/v2\/tags?post=4301"}],"curies":[{"name":"wp","href":"https:\/\/api.w.org\/{rel}","templated":true}]}}