{"id":4295,"date":"2021-05-16T04:10:20","date_gmt":"2021-05-16T08:10:20","guid":{"rendered":"https:\/\/www.eldiario.net\/portal\/?p=4295"},"modified":"2021-05-16T04:10:20","modified_gmt":"2021-05-16T08:10:20","slug":"evaluaran-proceso-electoral-en-comunidades-indigenas","status":"publish","type":"post","link":"https:\/\/www.eldiario.net\/portal\/2021\/05\/16\/evaluaran-proceso-electoral-en-comunidades-indigenas\/","title":{"rendered":"Eval\u00faar\u00e1n proceso electoral en comunidades ind\u00edgenas"},"content":{"rendered":"<p>Tras la finalizaci\u00f3n del proceso electoral 2021 y la entrega de credenciales a todas las autoridades electas a nivel departamental, regional y municipal, el \u00d3rgano Electoral Plurinacional (OEP) anunci\u00f3 que se lleva adelante el encuentro nacional para la evaluaci\u00f3n de los resultados en procesos de informaci\u00f3n y comunicaci\u00f3n en territorios y pueblos ind\u00edgenas.<br \/>\nEn ese marco, el encuentro nacional inici\u00f3 este s\u00e1bado 15 de mayo en la ciudad de Cochabamba, esta actividad establecer\u00e1 un espacio de di\u00e1logo, donde los facilitadores ind\u00edgenas de todo el pa\u00eds evaluar\u00e1n los resultados obtenidos y las lecciones aprendidas durante el proceso de informaci\u00f3n y comunicaci\u00f3n.<br \/>\nEl proceso de informaci\u00f3n en las comunidades ind\u00edgenas es parte del proyecto denominado \u201cCultura de paz y fortalecimiento del \u00d3rgano Electoral Plurinacional (OEP) de Bolivia\u201d; una vez cerrados los procesos electorales, se busca identificar las l\u00edneas de trabajo con las naciones y pueblos ind\u00edgena originario campesinos.<br \/>\nEste diagn\u00f3stico servir\u00e1 para la formulaci\u00f3n de medidas, pol\u00edticas y acciones referidas a los procesos electorales y el fortalecimiento de la democracia intercultural en el pa\u00eds.<br \/>\nEn la oportunidad se evaluar\u00e1 si los productos de comunicaci\u00f3n y educaci\u00f3n fueron efectivos en la poblaci\u00f3n ind\u00edgena; adem\u00e1s, se recoger\u00e1n experiencias del proceso de capacitaci\u00f3n e informaci\u00f3n que brindaron los capacitadores ind\u00edgenas en las elecciones de 2020 y 2021.<br \/>\nTambi\u00e9n se identificar\u00e1n las l\u00edneas de acci\u00f3n en comunicaci\u00f3n, informaci\u00f3n, educaci\u00f3n e investigaci\u00f3n para fortalecer la participaci\u00f3n y el ejercicio de los derechos de los pueblos ind\u00edgenas en procesos electorales y otras pr\u00e1cticas democr\u00e1ticas.<br \/>\nEn el evento se contar\u00e1 con la participaci\u00f3n de vocales nacionales, departamentales, facilitadores ind\u00edgenas de todo el pa\u00eds, coordinadores y t\u00e9cnicos del Sifde.<br \/>\nEste ejercicio pretende que el intercambio de experiencias y recomendaciones perfile l\u00edneas de acci\u00f3n, desde la perspectiva de los facilitadores ind\u00edgenas y otros actores.<\/p>\n","protected":false},"excerpt":{"rendered":"<p>Tras la finalizaci\u00f3n del proceso electoral 2021 y la entrega de credenciales a todas las autoridades electas a nivel departamental, regional y municipal, el \u00d3rgano Electoral Plurinacional (OEP) anunci\u00f3 que se lleva adelante el encuentro nacional para la evaluaci\u00f3n de los resultados en procesos de informaci\u00f3n y comunicaci\u00f3n en territorios y pueblos ind\u00edgenas. En ese [&hellip;]<\/p>\n","protected":false},"author":1,"featured_media":0,"comment_status":"closed","ping_status":"closed","sticky":false,"template":"","format":"standard","meta":{"_acf_changed":false,"footnotes":""},"categories":[14],"tags":[],"class_list":["post-4295","post","type-post","status-publish","format-standard","category-politica"],"acf":{"antetitulo":""},"yoast_head":"<!-- This site is optimized with the Yoast SEO plugin v28.3 - https:\/\/yoast.com\/product\/yoast-seo-wordpress\/ -->\n<title>Eval\u00faar\u00e1n proceso electoral en comunidades ind\u00edgenas - El Diario - Bolivia<\/title>\n<meta name=\"robots\" content=\"index, follow, max-snippet:-1, max-image-preview:large, max-video-preview:-1\" \/>\n<link rel=\"canonical\" href=\"https:\/\/www.eldiario.net\/portal\/2021\/05\/16\/evaluaran-proceso-electoral-en-comunidades-indigenas\/\" \/>\n<meta property=\"og:locale\" content=\"es_ES\" \/>\n<meta property=\"og:type\" content=\"article\" \/>\n<meta property=\"og:title\" content=\"Eval\u00faar\u00e1n proceso electoral en comunidades ind\u00edgenas - El Diario - Bolivia\" \/>\n<meta property=\"og:description\" content=\"Tras la finalizaci\u00f3n del proceso electoral 2021 y la entrega de credenciales a todas las autoridades electas a nivel departamental, regional y municipal, el \u00d3rgano Electoral Plurinacional (OEP) anunci\u00f3 que se lleva adelante el encuentro nacional para la evaluaci\u00f3n de los resultados en procesos de informaci\u00f3n y comunicaci\u00f3n en territorios y pueblos ind\u00edgenas. En ese [&hellip;]\" \/>\n<meta property=\"og:url\" content=\"https:\/\/www.eldiario.net\/portal\/2021\/05\/16\/evaluaran-proceso-electoral-en-comunidades-indigenas\/\" \/>\n<meta property=\"og:site_name\" content=\"El Diario - Bolivia\" \/>\n<meta property=\"article:publisher\" content=\"https:\/\/www.facebook.com\/eldiario.bolivia\/\" \/>\n<meta property=\"article:published_time\" content=\"2021-05-16T08:10:20+00:00\" \/>\n<meta name=\"author\" content=\"Jeanette\" \/>\n<meta name=\"twitter:card\" content=\"summary_large_image\" \/>\n<meta name=\"twitter:creator\" content=\"@eldiario_net\" \/>\n<meta name=\"twitter:site\" content=\"@eldiario_net\" \/>\n<meta name=\"twitter:label1\" content=\"Escrito por\" \/>\n\t<meta name=\"twitter:data1\" content=\"Jeanette\" \/>\n\t<meta name=\"twitter:label2\" content=\"Tiempo de lectura\" \/>\n\t<meta name=\"twitter:data2\" content=\"2 minutos\" \/>\n<script type=\"application\/ld+json\" class=\"yoast-schema-graph\">{\"@context\":\"https:\\\/\\\/schema.org\",\"@graph\":[{\"@type\":\"Article\",\"@id\":\"https:\\\/\\\/www.eldiario.net\\\/portal\\\/2021\\\/05\\\/16\\\/evaluaran-proceso-electoral-en-comunidades-indigenas\\\/#article\",\"isPartOf\":{\"@id\":\"https:\\\/\\\/www.eldiario.net\\\/portal\\\/2021\\\/05\\\/16\\\/evaluaran-proceso-electoral-en-comunidades-indigenas\\\/\"},\"author\":{\"name\":\"Jeanette\",\"@id\":\"https:\\\/\\\/www.eldiario.net\\\/portal\\\/#\\\/schema\\\/person\\\/f46445640444750d7d753ccd04ae01b7\"},\"headline\":\"Eval\u00faar\u00e1n proceso electoral en comunidades ind\u00edgenas\",\"datePublished\":\"2021-05-16T08:10:20+00:00\",\"mainEntityOfPage\":{\"@id\":\"https:\\\/\\\/www.eldiario.net\\\/portal\\\/2021\\\/05\\\/16\\\/evaluaran-proceso-electoral-en-comunidades-indigenas\\\/\"},\"wordCount\":346,\"publisher\":{\"@id\":\"https:\\\/\\\/www.eldiario.net\\\/portal\\\/#organization\"},\"articleSection\":[\"Pol\u00edtica\"],\"inLanguage\":\"es\"},{\"@type\":\"WebPage\",\"@id\":\"https:\\\/\\\/www.eldiario.net\\\/portal\\\/2021\\\/05\\\/16\\\/evaluaran-proceso-electoral-en-comunidades-indigenas\\\/\",\"url\":\"https:\\\/\\\/www.eldiario.net\\\/portal\\\/2021\\\/05\\\/16\\\/evaluaran-proceso-electoral-en-comunidades-indigenas\\\/\",\"name\":\"Eval\u00faar\u00e1n proceso electoral en comunidades ind\u00edgenas - El Diario - Bolivia\",\"isPartOf\":{\"@id\":\"https:\\\/\\\/www.eldiario.net\\\/portal\\\/#website\"},\"datePublished\":\"2021-05-16T08:10:20+00:00\",\"breadcrumb\":{\"@id\":\"https:\\\/\\\/www.eldiario.net\\\/portal\\\/2021\\\/05\\\/16\\\/evaluaran-proceso-electoral-en-comunidades-indigenas\\\/#breadcrumb\"},\"inLanguage\":\"es\",\"potentialAction\":[{\"@type\":\"ReadAction\",\"target\":[\"https:\\\/\\\/www.eldiario.net\\\/portal\\\/2021\\\/05\\\/16\\\/evaluaran-proceso-electoral-en-comunidades-indigenas\\\/\"]}]},{\"@type\":\"BreadcrumbList\",\"@id\":\"https:\\\/\\\/www.eldiario.net\\\/portal\\\/2021\\\/05\\\/16\\\/evaluaran-proceso-electoral-en-comunidades-indigenas\\\/#breadcrumb\",\"itemListElement\":[{\"@type\":\"ListItem\",\"position\":1,\"name\":\"Portada\",\"item\":\"https:\\\/\\\/www.eldiario.net\\\/portal\\\/\"},{\"@type\":\"ListItem\",\"position\":2,\"name\":\"Eval\u00faar\u00e1n proceso electoral en comunidades ind\u00edgenas\"}]},{\"@type\":\"WebSite\",\"@id\":\"https:\\\/\\\/www.eldiario.net\\\/portal\\\/#website\",\"url\":\"https:\\\/\\\/www.eldiario.net\\\/portal\\\/\",\"name\":\"El Diario - Decano de la prensa nacional\",\"description\":\"El Diario - Decano de la prensa nacional\",\"publisher\":{\"@id\":\"https:\\\/\\\/www.eldiario.net\\\/portal\\\/#organization\"},\"potentialAction\":[{\"@type\":\"SearchAction\",\"target\":{\"@type\":\"EntryPoint\",\"urlTemplate\":\"https:\\\/\\\/www.eldiario.net\\\/portal\\\/?s={search_term_string}\"},\"query-input\":{\"@type\":\"PropertyValueSpecification\",\"valueRequired\":true,\"valueName\":\"search_term_string\"}}],\"inLanguage\":\"es\"},{\"@type\":\"Organization\",\"@id\":\"https:\\\/\\\/www.eldiario.net\\\/portal\\\/#organization\",\"name\":\"El Diario - Decano de la prensa nacional\",\"url\":\"https:\\\/\\\/www.eldiario.net\\\/portal\\\/\",\"logo\":{\"@type\":\"ImageObject\",\"inLanguage\":\"es\",\"@id\":\"https:\\\/\\\/www.eldiario.net\\\/portal\\\/#\\\/schema\\\/logo\\\/image\\\/\",\"url\":\"https:\\\/\\\/www.eldiario.net\\\/portal\\\/wp-content\\\/uploads\\\/2023\\\/07\\\/logo_ED.jpg\",\"contentUrl\":\"https:\\\/\\\/www.eldiario.net\\\/portal\\\/wp-content\\\/uploads\\\/2023\\\/07\\\/logo_ED.jpg\",\"width\":272,\"height\":52,\"caption\":\"El Diario - Decano de la prensa nacional\"},\"image\":{\"@id\":\"https:\\\/\\\/www.eldiario.net\\\/portal\\\/#\\\/schema\\\/logo\\\/image\\\/\"},\"sameAs\":[\"https:\\\/\\\/www.facebook.com\\\/eldiario.bolivia\\\/\",\"https:\\\/\\\/x.com\\\/eldiario_net\"]},{\"@type\":\"Person\",\"@id\":\"https:\\\/\\\/www.eldiario.net\\\/portal\\\/#\\\/schema\\\/person\\\/f46445640444750d7d753ccd04ae01b7\",\"name\":\"Jeanette\",\"image\":{\"@type\":\"ImageObject\",\"inLanguage\":\"es\",\"@id\":\"https:\\\/\\\/secure.gravatar.com\\\/avatar\\\/3ea2118a5f7dad2b7138b1187a6b7ee55f160b9968b66013c3a3ef39dd7e5798?s=96&d=mm&r=g\",\"url\":\"https:\\\/\\\/secure.gravatar.com\\\/avatar\\\/3ea2118a5f7dad2b7138b1187a6b7ee55f160b9968b66013c3a3ef39dd7e5798?s=96&d=mm&r=g\",\"contentUrl\":\"https:\\\/\\\/secure.gravatar.com\\\/avatar\\\/3ea2118a5f7dad2b7138b1187a6b7ee55f160b9968b66013c3a3ef39dd7e5798?s=96&d=mm&r=g\",\"caption\":\"Jeanette\"},\"sameAs\":[\"https:\\\/\\\/www.eldiario.net\\\/portal\"],\"url\":\"https:\\\/\\\/www.eldiario.net\\\/portal\\\/author\\\/jeanette\\\/\"}]}<\/script>\n<!-- \/ Yoast SEO plugin. -->","yoast_head_json":{"title":"Eval\u00faar\u00e1n proceso electoral en comunidades ind\u00edgenas - El Diario - Bolivia","robots":{"index":"index","follow":"follow","max-snippet":"max-snippet:-1","max-image-preview":"max-image-preview:large","max-video-preview":"max-video-preview:-1"},"canonical":"https:\/\/www.eldiario.net\/portal\/2021\/05\/16\/evaluaran-proceso-electoral-en-comunidades-indigenas\/","og_locale":"es_ES","og_type":"article","og_title":"Eval\u00faar\u00e1n proceso electoral en comunidades ind\u00edgenas - El Diario - Bolivia","og_description":"Tras la finalizaci\u00f3n del proceso electoral 2021 y la entrega de credenciales a todas las autoridades electas a nivel departamental, regional y municipal, el \u00d3rgano Electoral Plurinacional (OEP) anunci\u00f3 que se lleva adelante el encuentro nacional para la evaluaci\u00f3n de los resultados en procesos de informaci\u00f3n y comunicaci\u00f3n en territorios y pueblos ind\u00edgenas. En ese [&hellip;]","og_url":"https:\/\/www.eldiario.net\/portal\/2021\/05\/16\/evaluaran-proceso-electoral-en-comunidades-indigenas\/","og_site_name":"El Diario - Bolivia","article_publisher":"https:\/\/www.facebook.com\/eldiario.bolivia\/","article_published_time":"2021-05-16T08:10:20+00:00","author":"Jeanette","twitter_card":"summary_large_image","twitter_creator":"@eldiario_net","twitter_site":"@eldiario_net","twitter_misc":{"Escrito por":"Jeanette","Tiempo de lectura":"2 minutos"},"schema":{"@context":"https:\/\/schema.org","@graph":[{"@type":"Article","@id":"https:\/\/www.eldiario.net\/portal\/2021\/05\/16\/evaluaran-proceso-electoral-en-comunidades-indigenas\/#article","isPartOf":{"@id":"https:\/\/www.eldiario.net\/portal\/2021\/05\/16\/evaluaran-proceso-electoral-en-comunidades-indigenas\/"},"author":{"name":"Jeanette","@id":"https:\/\/www.eldiario.net\/portal\/#\/schema\/person\/f46445640444750d7d753ccd04ae01b7"},"headline":"Eval\u00faar\u00e1n proceso electoral en comunidades ind\u00edgenas","datePublished":"2021-05-16T08:10:20+00:00","mainEntityOfPage":{"@id":"https:\/\/www.eldiario.net\/portal\/2021\/05\/16\/evaluaran-proceso-electoral-en-comunidades-indigenas\/"},"wordCount":346,"publisher":{"@id":"https:\/\/www.eldiario.net\/portal\/#organization"},"articleSection":["Pol\u00edtica"],"inLanguage":"es"},{"@type":"WebPage","@id":"https:\/\/www.eldiario.net\/portal\/2021\/05\/16\/evaluaran-proceso-electoral-en-comunidades-indigenas\/","url":"https:\/\/www.eldiario.net\/portal\/2021\/05\/16\/evaluaran-proceso-electoral-en-comunidades-indigenas\/","name":"Eval\u00faar\u00e1n proceso electoral en comunidades ind\u00edgenas - El Diario - Bolivia","isPartOf":{"@id":"https:\/\/www.eldiario.net\/portal\/#website"},"datePublished":"2021-05-16T08:10:20+00:00","breadcrumb":{"@id":"https:\/\/www.eldiario.net\/portal\/2021\/05\/16\/evaluaran-proceso-electoral-en-comunidades-indigenas\/#breadcrumb"},"inLanguage":"es","potentialAction":[{"@type":"ReadAction","target":["https:\/\/www.eldiario.net\/portal\/2021\/05\/16\/evaluaran-proceso-electoral-en-comunidades-indigenas\/"]}]},{"@type":"BreadcrumbList","@id":"https:\/\/www.eldiario.net\/portal\/2021\/05\/16\/evaluaran-proceso-electoral-en-comunidades-indigenas\/#breadcrumb","itemListElement":[{"@type":"ListItem","position":1,"name":"Portada","item":"https:\/\/www.eldiario.net\/portal\/"},{"@type":"ListItem","position":2,"name":"Eval\u00faar\u00e1n proceso electoral en comunidades ind\u00edgenas"}]},{"@type":"WebSite","@id":"https:\/\/www.eldiario.net\/portal\/#website","url":"https:\/\/www.eldiario.net\/portal\/","name":"El Diario - Decano de la prensa nacional","description":"El Diario - Decano de la prensa nacional","publisher":{"@id":"https:\/\/www.eldiario.net\/portal\/#organization"},"potentialAction":[{"@type":"SearchAction","target":{"@type":"EntryPoint","urlTemplate":"https:\/\/www.eldiario.net\/portal\/?s={search_term_string}"},"query-input":{"@type":"PropertyValueSpecification","valueRequired":true,"valueName":"search_term_string"}}],"inLanguage":"es"},{"@type":"Organization","@id":"https:\/\/www.eldiario.net\/portal\/#organization","name":"El Diario - Decano de la prensa nacional","url":"https:\/\/www.eldiario.net\/portal\/","logo":{"@type":"ImageObject","inLanguage":"es","@id":"https:\/\/www.eldiario.net\/portal\/#\/schema\/logo\/image\/","url":"https:\/\/www.eldiario.net\/portal\/wp-content\/uploads\/2023\/07\/logo_ED.jpg","contentUrl":"https:\/\/www.eldiario.net\/portal\/wp-content\/uploads\/2023\/07\/logo_ED.jpg","width":272,"height":52,"caption":"El Diario - Decano de la prensa nacional"},"image":{"@id":"https:\/\/www.eldiario.net\/portal\/#\/schema\/logo\/image\/"},"sameAs":["https:\/\/www.facebook.com\/eldiario.bolivia\/","https:\/\/x.com\/eldiario_net"]},{"@type":"Person","@id":"https:\/\/www.eldiario.net\/portal\/#\/schema\/person\/f46445640444750d7d753ccd04ae01b7","name":"Jeanette","image":{"@type":"ImageObject","inLanguage":"es","@id":"https:\/\/secure.gravatar.com\/avatar\/3ea2118a5f7dad2b7138b1187a6b7ee55f160b9968b66013c3a3ef39dd7e5798?s=96&d=mm&r=g","url":"https:\/\/secure.gravatar.com\/avatar\/3ea2118a5f7dad2b7138b1187a6b7ee55f160b9968b66013c3a3ef39dd7e5798?s=96&d=mm&r=g","contentUrl":"https:\/\/secure.gravatar.com\/avatar\/3ea2118a5f7dad2b7138b1187a6b7ee55f160b9968b66013c3a3ef39dd7e5798?s=96&d=mm&r=g","caption":"Jeanette"},"sameAs":["https:\/\/www.eldiario.net\/portal"],"url":"https:\/\/www.eldiario.net\/portal\/author\/jeanette\/"}]}},"_links":{"self":[{"href":"https:\/\/www.eldiario.net\/portal\/wp-json\/wp\/v2\/posts\/4295","targetHints":{"allow":["GET"]}}],"collection":[{"href":"https:\/\/www.eldiario.net\/portal\/wp-json\/wp\/v2\/posts"}],"about":[{"href":"https:\/\/www.eldiario.net\/portal\/wp-json\/wp\/v2\/types\/post"}],"author":[{"embeddable":true,"href":"https:\/\/www.eldiario.net\/portal\/wp-json\/wp\/v2\/users\/1"}],"replies":[{"embeddable":true,"href":"https:\/\/www.eldiario.net\/portal\/wp-json\/wp\/v2\/comments?post=4295"}],"version-history":[{"count":0,"href":"https:\/\/www.eldiario.net\/portal\/wp-json\/wp\/v2\/posts\/4295\/revisions"}],"wp:attachment":[{"href":"https:\/\/www.eldiario.net\/portal\/wp-json\/wp\/v2\/media?parent=4295"}],"wp:term":[{"taxonomy":"category","embeddable":true,"href":"https:\/\/www.eldiario.net\/portal\/wp-json\/wp\/v2\/categories?post=4295"},{"taxonomy":"post_tag","embeddable":true,"href":"https:\/\/www.eldiario.net\/portal\/wp-json\/wp\/v2\/tags?post=4295"}],"curies":[{"name":"wp","href":"https:\/\/api.w.org\/{rel}","templated":true}]}}