{"id":4292,"date":"2021-05-16T04:08:00","date_gmt":"2021-05-16T08:08:00","guid":{"rendered":"https:\/\/www.eldiario.net\/portal\/?p=4292"},"modified":"2021-05-16T04:08:00","modified_gmt":"2021-05-16T08:08:00","slug":"gobierno-instruye-reforzar-control-antinarcotico-en-parques-nacionales","status":"publish","type":"post","link":"https:\/\/www.eldiario.net\/portal\/2021\/05\/16\/gobierno-instruye-reforzar-control-antinarcotico-en-parques-nacionales\/","title":{"rendered":"Gobierno instruye reforzar control antinarc\u00f3tico en parques nacionales"},"content":{"rendered":"<p>El ministro de Gobierno, Eduardo del Castillo, inform\u00f3 que durante la semana que concluye, la Fuerza Especial de Lucha Contra el Narcotr\u00e1fico (Felcn) intervino cuatro mega laboratorios de procesamiento y cristalizaci\u00f3n de droga ubicados en el Parque Nacional Isiboro Secure y otras regiones.<br \/>\nLa autoridad destac\u00f3 la labor de efectivos antinarc\u00f3ticos por haber logrado descubrir laboratorios en los que se procesaban hasta 500 kilogramos de coca\u00edna por d\u00eda.<br \/>\n\u201cHemos sido claros, que vamos a combatir como Gobierno nacional al narcotr\u00e1fico de d\u00eda y de noche en todas y cada una de las regiones del pa\u00eds. En menos de una semana como Fuerza Especial de Lucha Contra el Narcotr\u00e1fico y Gobierno nacional, hemos podido dar con un total de cuatro mega laboratorios y hemos extraditado a un denominado pez gordo\u201d, dijo.<br \/>\nDel Castillo detall\u00f3 que uno de los laboratorios encontrados ten\u00eda la capacidad de cristalizar hasta 100 kilogramos de coca\u00edna por d\u00eda, el mismo funcionaba con 12 personas que trabajaban en la producci\u00f3n de la sustancia il\u00edcita y se situaba en la comunidad de Santa Rosa en el Parque Nacional Isiboro-S\u00e9cure.<br \/>\nDe la misma forma, el segundo laboratorio pod\u00eda elaborar hasta 500 kilogramos de coca\u00edna de forma diaria y contaba con la participaci\u00f3n activa de aproximadamente 40 personas ligadas a la preparaci\u00f3n de la droga. Ambos laboratorios ten\u00edan \u00e1reas de ba\u00f1o, generadores de luz, cocinas, comedor, entre otros, y fueron destruidos por las fuerzas del orden.<br \/>\nD\u00edas atr\u00e1s, desde el Ministerio de Gobierno ya se hab\u00eda anunciado sobre el descubrimiento y posterior destrucci\u00f3n de dos laboratorios ubicados en el parque nacional Noel Kempff, por lo que se instruy\u00f3 reforzar los controles antinarc\u00f3ticos en estos parques nacionales.<br \/>\nSe\u00f1al\u00f3 que el modelo de lucha contra la droga aplicado en el pa\u00eds ha sido expuesto ante organismos internacionales para informar sobre sus \u00e9xitos, por lo que destac\u00f3 la labor de los efectivos antidroga de la Polic\u00eda Boliviana.<br \/>\n\u201cHemos expuesto ante los organismos internacionales sobre la importancia y el \u00e9xito de nuestro modelo en la lucha contra las drogas. Felicito p\u00fablicamente al trabajo que est\u00e1 realizando la Felcn a trav\u00e9s de todas y cada una de sus unidades\u201d, dijo.<br \/>\nLa autoridad, adem\u00e1s, se\u00f1al\u00f3 que por las caracter\u00edsticas de los laboratorios descubiertos se sospecha que estos eran operados por ciudadanos de origen colombiano.<\/p>\n","protected":false},"excerpt":{"rendered":"<p>El ministro de Gobierno, Eduardo del Castillo, inform\u00f3 que durante la semana que concluye, la Fuerza Especial de Lucha Contra el Narcotr\u00e1fico (Felcn) intervino cuatro mega laboratorios de procesamiento y cristalizaci\u00f3n de droga ubicados en el Parque Nacional Isiboro Secure y otras regiones. La autoridad destac\u00f3 la labor de efectivos antinarc\u00f3ticos por haber logrado descubrir [&hellip;]<\/p>\n","protected":false},"author":1,"featured_media":4293,"comment_status":"closed","ping_status":"closed","sticky":false,"template":"","format":"standard","meta":{"_acf_changed":false,"footnotes":""},"categories":[39],"tags":[],"class_list":["post-4292","post","type-post","status-publish","format-standard","has-post-thumbnail","category-sociedad"],"acf":{"antetitulo":""},"yoast_head":"<!-- This site is optimized with the Yoast SEO plugin v28.3 - https:\/\/yoast.com\/product\/yoast-seo-wordpress\/ -->\n<title>Gobierno instruye reforzar control antinarc\u00f3tico en parques nacionales - El Diario - Bolivia<\/title>\n<meta name=\"robots\" content=\"index, follow, max-snippet:-1, max-image-preview:large, max-video-preview:-1\" \/>\n<link rel=\"canonical\" href=\"https:\/\/www.eldiario.net\/portal\/2021\/05\/16\/gobierno-instruye-reforzar-control-antinarcotico-en-parques-nacionales\/\" \/>\n<meta property=\"og:locale\" content=\"es_ES\" \/>\n<meta property=\"og:type\" content=\"article\" \/>\n<meta property=\"og:title\" content=\"Gobierno instruye reforzar control antinarc\u00f3tico en parques nacionales - El Diario - Bolivia\" \/>\n<meta property=\"og:description\" content=\"El ministro de Gobierno, Eduardo del Castillo, inform\u00f3 que durante la semana que concluye, la Fuerza Especial de Lucha Contra el Narcotr\u00e1fico (Felcn) intervino cuatro mega laboratorios de procesamiento y cristalizaci\u00f3n de droga ubicados en el Parque Nacional Isiboro Secure y otras regiones. La autoridad destac\u00f3 la labor de efectivos antinarc\u00f3ticos por haber logrado descubrir [&hellip;]\" \/>\n<meta property=\"og:url\" content=\"https:\/\/www.eldiario.net\/portal\/2021\/05\/16\/gobierno-instruye-reforzar-control-antinarcotico-en-parques-nacionales\/\" \/>\n<meta property=\"og:site_name\" content=\"El Diario - Bolivia\" \/>\n<meta property=\"article:publisher\" content=\"https:\/\/www.facebook.com\/eldiario.bolivia\/\" \/>\n<meta property=\"article:published_time\" content=\"2021-05-16T08:08:00+00:00\" \/>\n<meta property=\"og:image\" content=\"https:\/\/www.eldiario.net\/portal\/wp-content\/uploads\/2021\/05\/Seg-150.jpg\" \/>\n\t<meta property=\"og:image:width\" content=\"1280\" \/>\n\t<meta property=\"og:image:height\" content=\"853\" \/>\n\t<meta property=\"og:image:type\" content=\"image\/jpeg\" \/>\n<meta name=\"author\" content=\"Jeanette\" \/>\n<meta name=\"twitter:card\" content=\"summary_large_image\" \/>\n<meta name=\"twitter:creator\" content=\"@eldiario_net\" \/>\n<meta name=\"twitter:site\" content=\"@eldiario_net\" \/>\n<meta name=\"twitter:label1\" content=\"Escrito por\" \/>\n\t<meta name=\"twitter:data1\" content=\"Jeanette\" \/>\n\t<meta name=\"twitter:label2\" content=\"Tiempo de lectura\" \/>\n\t<meta name=\"twitter:data2\" content=\"2 minutos\" \/>\n<script type=\"application\/ld+json\" class=\"yoast-schema-graph\">{\"@context\":\"https:\\\/\\\/schema.org\",\"@graph\":[{\"@type\":\"Article\",\"@id\":\"https:\\\/\\\/www.eldiario.net\\\/portal\\\/2021\\\/05\\\/16\\\/gobierno-instruye-reforzar-control-antinarcotico-en-parques-nacionales\\\/#article\",\"isPartOf\":{\"@id\":\"https:\\\/\\\/www.eldiario.net\\\/portal\\\/2021\\\/05\\\/16\\\/gobierno-instruye-reforzar-control-antinarcotico-en-parques-nacionales\\\/\"},\"author\":{\"name\":\"Jeanette\",\"@id\":\"https:\\\/\\\/www.eldiario.net\\\/portal\\\/#\\\/schema\\\/person\\\/f46445640444750d7d753ccd04ae01b7\"},\"headline\":\"Gobierno instruye reforzar control antinarc\u00f3tico en parques nacionales\",\"datePublished\":\"2021-05-16T08:08:00+00:00\",\"mainEntityOfPage\":{\"@id\":\"https:\\\/\\\/www.eldiario.net\\\/portal\\\/2021\\\/05\\\/16\\\/gobierno-instruye-reforzar-control-antinarcotico-en-parques-nacionales\\\/\"},\"wordCount\":415,\"publisher\":{\"@id\":\"https:\\\/\\\/www.eldiario.net\\\/portal\\\/#organization\"},\"image\":{\"@id\":\"https:\\\/\\\/www.eldiario.net\\\/portal\\\/2021\\\/05\\\/16\\\/gobierno-instruye-reforzar-control-antinarcotico-en-parques-nacionales\\\/#primaryimage\"},\"thumbnailUrl\":\"https:\\\/\\\/www.eldiario.net\\\/portal\\\/wp-content\\\/uploads\\\/2021\\\/05\\\/Seg-150.jpg\",\"articleSection\":[\"Sociedad - Seguridad\"],\"inLanguage\":\"es\"},{\"@type\":\"WebPage\",\"@id\":\"https:\\\/\\\/www.eldiario.net\\\/portal\\\/2021\\\/05\\\/16\\\/gobierno-instruye-reforzar-control-antinarcotico-en-parques-nacionales\\\/\",\"url\":\"https:\\\/\\\/www.eldiario.net\\\/portal\\\/2021\\\/05\\\/16\\\/gobierno-instruye-reforzar-control-antinarcotico-en-parques-nacionales\\\/\",\"name\":\"Gobierno instruye reforzar control antinarc\u00f3tico en parques nacionales - El Diario - Bolivia\",\"isPartOf\":{\"@id\":\"https:\\\/\\\/www.eldiario.net\\\/portal\\\/#website\"},\"primaryImageOfPage\":{\"@id\":\"https:\\\/\\\/www.eldiario.net\\\/portal\\\/2021\\\/05\\\/16\\\/gobierno-instruye-reforzar-control-antinarcotico-en-parques-nacionales\\\/#primaryimage\"},\"image\":{\"@id\":\"https:\\\/\\\/www.eldiario.net\\\/portal\\\/2021\\\/05\\\/16\\\/gobierno-instruye-reforzar-control-antinarcotico-en-parques-nacionales\\\/#primaryimage\"},\"thumbnailUrl\":\"https:\\\/\\\/www.eldiario.net\\\/portal\\\/wp-content\\\/uploads\\\/2021\\\/05\\\/Seg-150.jpg\",\"datePublished\":\"2021-05-16T08:08:00+00:00\",\"breadcrumb\":{\"@id\":\"https:\\\/\\\/www.eldiario.net\\\/portal\\\/2021\\\/05\\\/16\\\/gobierno-instruye-reforzar-control-antinarcotico-en-parques-nacionales\\\/#breadcrumb\"},\"inLanguage\":\"es\",\"potentialAction\":[{\"@type\":\"ReadAction\",\"target\":[\"https:\\\/\\\/www.eldiario.net\\\/portal\\\/2021\\\/05\\\/16\\\/gobierno-instruye-reforzar-control-antinarcotico-en-parques-nacionales\\\/\"]}]},{\"@type\":\"ImageObject\",\"inLanguage\":\"es\",\"@id\":\"https:\\\/\\\/www.eldiario.net\\\/portal\\\/2021\\\/05\\\/16\\\/gobierno-instruye-reforzar-control-antinarcotico-en-parques-nacionales\\\/#primaryimage\",\"url\":\"https:\\\/\\\/www.eldiario.net\\\/portal\\\/wp-content\\\/uploads\\\/2021\\\/05\\\/Seg-150.jpg\",\"contentUrl\":\"https:\\\/\\\/www.eldiario.net\\\/portal\\\/wp-content\\\/uploads\\\/2021\\\/05\\\/Seg-150.jpg\",\"width\":1280,\"height\":853},{\"@type\":\"BreadcrumbList\",\"@id\":\"https:\\\/\\\/www.eldiario.net\\\/portal\\\/2021\\\/05\\\/16\\\/gobierno-instruye-reforzar-control-antinarcotico-en-parques-nacionales\\\/#breadcrumb\",\"itemListElement\":[{\"@type\":\"ListItem\",\"position\":1,\"name\":\"Portada\",\"item\":\"https:\\\/\\\/www.eldiario.net\\\/portal\\\/\"},{\"@type\":\"ListItem\",\"position\":2,\"name\":\"Gobierno instruye reforzar control antinarc\u00f3tico en parques nacionales\"}]},{\"@type\":\"WebSite\",\"@id\":\"https:\\\/\\\/www.eldiario.net\\\/portal\\\/#website\",\"url\":\"https:\\\/\\\/www.eldiario.net\\\/portal\\\/\",\"name\":\"El Diario - Decano de la prensa nacional\",\"description\":\"El Diario - Decano de la prensa nacional\",\"publisher\":{\"@id\":\"https:\\\/\\\/www.eldiario.net\\\/portal\\\/#organization\"},\"potentialAction\":[{\"@type\":\"SearchAction\",\"target\":{\"@type\":\"EntryPoint\",\"urlTemplate\":\"https:\\\/\\\/www.eldiario.net\\\/portal\\\/?s={search_term_string}\"},\"query-input\":{\"@type\":\"PropertyValueSpecification\",\"valueRequired\":true,\"valueName\":\"search_term_string\"}}],\"inLanguage\":\"es\"},{\"@type\":\"Organization\",\"@id\":\"https:\\\/\\\/www.eldiario.net\\\/portal\\\/#organization\",\"name\":\"El Diario - Decano de la prensa nacional\",\"url\":\"https:\\\/\\\/www.eldiario.net\\\/portal\\\/\",\"logo\":{\"@type\":\"ImageObject\",\"inLanguage\":\"es\",\"@id\":\"https:\\\/\\\/www.eldiario.net\\\/portal\\\/#\\\/schema\\\/logo\\\/image\\\/\",\"url\":\"https:\\\/\\\/www.eldiario.net\\\/portal\\\/wp-content\\\/uploads\\\/2023\\\/07\\\/logo_ED.jpg\",\"contentUrl\":\"https:\\\/\\\/www.eldiario.net\\\/portal\\\/wp-content\\\/uploads\\\/2023\\\/07\\\/logo_ED.jpg\",\"width\":272,\"height\":52,\"caption\":\"El Diario - Decano de la prensa nacional\"},\"image\":{\"@id\":\"https:\\\/\\\/www.eldiario.net\\\/portal\\\/#\\\/schema\\\/logo\\\/image\\\/\"},\"sameAs\":[\"https:\\\/\\\/www.facebook.com\\\/eldiario.bolivia\\\/\",\"https:\\\/\\\/x.com\\\/eldiario_net\"]},{\"@type\":\"Person\",\"@id\":\"https:\\\/\\\/www.eldiario.net\\\/portal\\\/#\\\/schema\\\/person\\\/f46445640444750d7d753ccd04ae01b7\",\"name\":\"Jeanette\",\"image\":{\"@type\":\"ImageObject\",\"inLanguage\":\"es\",\"@id\":\"https:\\\/\\\/secure.gravatar.com\\\/avatar\\\/3ea2118a5f7dad2b7138b1187a6b7ee55f160b9968b66013c3a3ef39dd7e5798?s=96&d=mm&r=g\",\"url\":\"https:\\\/\\\/secure.gravatar.com\\\/avatar\\\/3ea2118a5f7dad2b7138b1187a6b7ee55f160b9968b66013c3a3ef39dd7e5798?s=96&d=mm&r=g\",\"contentUrl\":\"https:\\\/\\\/secure.gravatar.com\\\/avatar\\\/3ea2118a5f7dad2b7138b1187a6b7ee55f160b9968b66013c3a3ef39dd7e5798?s=96&d=mm&r=g\",\"caption\":\"Jeanette\"},\"sameAs\":[\"https:\\\/\\\/www.eldiario.net\\\/portal\"],\"url\":\"https:\\\/\\\/www.eldiario.net\\\/portal\\\/author\\\/jeanette\\\/\"}]}<\/script>\n<!-- \/ Yoast SEO plugin. -->","yoast_head_json":{"title":"Gobierno instruye reforzar control antinarc\u00f3tico en parques nacionales - El Diario - Bolivia","robots":{"index":"index","follow":"follow","max-snippet":"max-snippet:-1","max-image-preview":"max-image-preview:large","max-video-preview":"max-video-preview:-1"},"canonical":"https:\/\/www.eldiario.net\/portal\/2021\/05\/16\/gobierno-instruye-reforzar-control-antinarcotico-en-parques-nacionales\/","og_locale":"es_ES","og_type":"article","og_title":"Gobierno instruye reforzar control antinarc\u00f3tico en parques nacionales - El Diario - Bolivia","og_description":"El ministro de Gobierno, Eduardo del Castillo, inform\u00f3 que durante la semana que concluye, la Fuerza Especial de Lucha Contra el Narcotr\u00e1fico (Felcn) intervino cuatro mega laboratorios de procesamiento y cristalizaci\u00f3n de droga ubicados en el Parque Nacional Isiboro Secure y otras regiones. La autoridad destac\u00f3 la labor de efectivos antinarc\u00f3ticos por haber logrado descubrir [&hellip;]","og_url":"https:\/\/www.eldiario.net\/portal\/2021\/05\/16\/gobierno-instruye-reforzar-control-antinarcotico-en-parques-nacionales\/","og_site_name":"El Diario - Bolivia","article_publisher":"https:\/\/www.facebook.com\/eldiario.bolivia\/","article_published_time":"2021-05-16T08:08:00+00:00","og_image":[{"width":1280,"height":853,"url":"https:\/\/www.eldiario.net\/portal\/wp-content\/uploads\/2021\/05\/Seg-150.jpg","type":"image\/jpeg"}],"author":"Jeanette","twitter_card":"summary_large_image","twitter_creator":"@eldiario_net","twitter_site":"@eldiario_net","twitter_misc":{"Escrito por":"Jeanette","Tiempo de lectura":"2 minutos"},"schema":{"@context":"https:\/\/schema.org","@graph":[{"@type":"Article","@id":"https:\/\/www.eldiario.net\/portal\/2021\/05\/16\/gobierno-instruye-reforzar-control-antinarcotico-en-parques-nacionales\/#article","isPartOf":{"@id":"https:\/\/www.eldiario.net\/portal\/2021\/05\/16\/gobierno-instruye-reforzar-control-antinarcotico-en-parques-nacionales\/"},"author":{"name":"Jeanette","@id":"https:\/\/www.eldiario.net\/portal\/#\/schema\/person\/f46445640444750d7d753ccd04ae01b7"},"headline":"Gobierno instruye reforzar control antinarc\u00f3tico en parques nacionales","datePublished":"2021-05-16T08:08:00+00:00","mainEntityOfPage":{"@id":"https:\/\/www.eldiario.net\/portal\/2021\/05\/16\/gobierno-instruye-reforzar-control-antinarcotico-en-parques-nacionales\/"},"wordCount":415,"publisher":{"@id":"https:\/\/www.eldiario.net\/portal\/#organization"},"image":{"@id":"https:\/\/www.eldiario.net\/portal\/2021\/05\/16\/gobierno-instruye-reforzar-control-antinarcotico-en-parques-nacionales\/#primaryimage"},"thumbnailUrl":"https:\/\/www.eldiario.net\/portal\/wp-content\/uploads\/2021\/05\/Seg-150.jpg","articleSection":["Sociedad - Seguridad"],"inLanguage":"es"},{"@type":"WebPage","@id":"https:\/\/www.eldiario.net\/portal\/2021\/05\/16\/gobierno-instruye-reforzar-control-antinarcotico-en-parques-nacionales\/","url":"https:\/\/www.eldiario.net\/portal\/2021\/05\/16\/gobierno-instruye-reforzar-control-antinarcotico-en-parques-nacionales\/","name":"Gobierno instruye reforzar control antinarc\u00f3tico en parques nacionales - El Diario - Bolivia","isPartOf":{"@id":"https:\/\/www.eldiario.net\/portal\/#website"},"primaryImageOfPage":{"@id":"https:\/\/www.eldiario.net\/portal\/2021\/05\/16\/gobierno-instruye-reforzar-control-antinarcotico-en-parques-nacionales\/#primaryimage"},"image":{"@id":"https:\/\/www.eldiario.net\/portal\/2021\/05\/16\/gobierno-instruye-reforzar-control-antinarcotico-en-parques-nacionales\/#primaryimage"},"thumbnailUrl":"https:\/\/www.eldiario.net\/portal\/wp-content\/uploads\/2021\/05\/Seg-150.jpg","datePublished":"2021-05-16T08:08:00+00:00","breadcrumb":{"@id":"https:\/\/www.eldiario.net\/portal\/2021\/05\/16\/gobierno-instruye-reforzar-control-antinarcotico-en-parques-nacionales\/#breadcrumb"},"inLanguage":"es","potentialAction":[{"@type":"ReadAction","target":["https:\/\/www.eldiario.net\/portal\/2021\/05\/16\/gobierno-instruye-reforzar-control-antinarcotico-en-parques-nacionales\/"]}]},{"@type":"ImageObject","inLanguage":"es","@id":"https:\/\/www.eldiario.net\/portal\/2021\/05\/16\/gobierno-instruye-reforzar-control-antinarcotico-en-parques-nacionales\/#primaryimage","url":"https:\/\/www.eldiario.net\/portal\/wp-content\/uploads\/2021\/05\/Seg-150.jpg","contentUrl":"https:\/\/www.eldiario.net\/portal\/wp-content\/uploads\/2021\/05\/Seg-150.jpg","width":1280,"height":853},{"@type":"BreadcrumbList","@id":"https:\/\/www.eldiario.net\/portal\/2021\/05\/16\/gobierno-instruye-reforzar-control-antinarcotico-en-parques-nacionales\/#breadcrumb","itemListElement":[{"@type":"ListItem","position":1,"name":"Portada","item":"https:\/\/www.eldiario.net\/portal\/"},{"@type":"ListItem","position":2,"name":"Gobierno instruye reforzar control antinarc\u00f3tico en parques nacionales"}]},{"@type":"WebSite","@id":"https:\/\/www.eldiario.net\/portal\/#website","url":"https:\/\/www.eldiario.net\/portal\/","name":"El Diario - Decano de la prensa nacional","description":"El Diario - Decano de la prensa nacional","publisher":{"@id":"https:\/\/www.eldiario.net\/portal\/#organization"},"potentialAction":[{"@type":"SearchAction","target":{"@type":"EntryPoint","urlTemplate":"https:\/\/www.eldiario.net\/portal\/?s={search_term_string}"},"query-input":{"@type":"PropertyValueSpecification","valueRequired":true,"valueName":"search_term_string"}}],"inLanguage":"es"},{"@type":"Organization","@id":"https:\/\/www.eldiario.net\/portal\/#organization","name":"El Diario - Decano de la prensa nacional","url":"https:\/\/www.eldiario.net\/portal\/","logo":{"@type":"ImageObject","inLanguage":"es","@id":"https:\/\/www.eldiario.net\/portal\/#\/schema\/logo\/image\/","url":"https:\/\/www.eldiario.net\/portal\/wp-content\/uploads\/2023\/07\/logo_ED.jpg","contentUrl":"https:\/\/www.eldiario.net\/portal\/wp-content\/uploads\/2023\/07\/logo_ED.jpg","width":272,"height":52,"caption":"El Diario - Decano de la prensa nacional"},"image":{"@id":"https:\/\/www.eldiario.net\/portal\/#\/schema\/logo\/image\/"},"sameAs":["https:\/\/www.facebook.com\/eldiario.bolivia\/","https:\/\/x.com\/eldiario_net"]},{"@type":"Person","@id":"https:\/\/www.eldiario.net\/portal\/#\/schema\/person\/f46445640444750d7d753ccd04ae01b7","name":"Jeanette","image":{"@type":"ImageObject","inLanguage":"es","@id":"https:\/\/secure.gravatar.com\/avatar\/3ea2118a5f7dad2b7138b1187a6b7ee55f160b9968b66013c3a3ef39dd7e5798?s=96&d=mm&r=g","url":"https:\/\/secure.gravatar.com\/avatar\/3ea2118a5f7dad2b7138b1187a6b7ee55f160b9968b66013c3a3ef39dd7e5798?s=96&d=mm&r=g","contentUrl":"https:\/\/secure.gravatar.com\/avatar\/3ea2118a5f7dad2b7138b1187a6b7ee55f160b9968b66013c3a3ef39dd7e5798?s=96&d=mm&r=g","caption":"Jeanette"},"sameAs":["https:\/\/www.eldiario.net\/portal"],"url":"https:\/\/www.eldiario.net\/portal\/author\/jeanette\/"}]}},"_links":{"self":[{"href":"https:\/\/www.eldiario.net\/portal\/wp-json\/wp\/v2\/posts\/4292","targetHints":{"allow":["GET"]}}],"collection":[{"href":"https:\/\/www.eldiario.net\/portal\/wp-json\/wp\/v2\/posts"}],"about":[{"href":"https:\/\/www.eldiario.net\/portal\/wp-json\/wp\/v2\/types\/post"}],"author":[{"embeddable":true,"href":"https:\/\/www.eldiario.net\/portal\/wp-json\/wp\/v2\/users\/1"}],"replies":[{"embeddable":true,"href":"https:\/\/www.eldiario.net\/portal\/wp-json\/wp\/v2\/comments?post=4292"}],"version-history":[{"count":0,"href":"https:\/\/www.eldiario.net\/portal\/wp-json\/wp\/v2\/posts\/4292\/revisions"}],"wp:featuredmedia":[{"embeddable":true,"href":"https:\/\/www.eldiario.net\/portal\/wp-json\/wp\/v2\/media\/4293"}],"wp:attachment":[{"href":"https:\/\/www.eldiario.net\/portal\/wp-json\/wp\/v2\/media?parent=4292"}],"wp:term":[{"taxonomy":"category","embeddable":true,"href":"https:\/\/www.eldiario.net\/portal\/wp-json\/wp\/v2\/categories?post=4292"},{"taxonomy":"post_tag","embeddable":true,"href":"https:\/\/www.eldiario.net\/portal\/wp-json\/wp\/v2\/tags?post=4292"}],"curies":[{"name":"wp","href":"https:\/\/api.w.org\/{rel}","templated":true}]}}