{"id":4286,"date":"2021-05-16T04:04:18","date_gmt":"2021-05-16T08:04:18","guid":{"rendered":"https:\/\/www.eldiario.net\/portal\/?p=4286"},"modified":"2021-05-16T04:04:18","modified_gmt":"2021-05-16T08:04:18","slug":"buscan-rehabilitar-8-modulos-destruidos-en-el-alto-el-2019","status":"publish","type":"post","link":"https:\/\/www.eldiario.net\/portal\/2021\/05\/16\/buscan-rehabilitar-8-modulos-destruidos-en-el-alto-el-2019\/","title":{"rendered":"Buscan rehabilitar 8 m\u00f3dulos  destruidos en El Alto el 2019"},"content":{"rendered":"<p>Tras los hechos de violencia y destrucci\u00f3n de instalaciones policiales durante las jornadas de violencia post electoral del a\u00f1o 2019, el viceministro de Seguridad Ciudadana, Roberto R\u00edos, inform\u00f3 que se busca la rehabilitaci\u00f3n de ocho m\u00f3dulos policiales que fueron destruidos en esta urbe.<br \/>\nLa autoridad se\u00f1al\u00f3 que ya se iniciaron las conversaciones con representantes de los distritos en los que se destruyeron m\u00f3dulos policiales durante la convulsi\u00f3n social del a\u00f1o 2019, por lo que se espera que en las siguientes semanas se puedan acceder a estas instalaciones para evaluar los da\u00f1os y proyectar las reparaciones que sean necesarias a fin de rehabilitar estas estaciones.<br \/>\n\u201cHoy nuestro hermano ministro ha comprometido ocho motocicletas para lo que es el distrito 8 en Senkata especialmente y ya hemos establecido conversaciones con los representantes de las juntas de vecinos porque hay ocho m\u00f3dulos que han sido cerrados y queremos ir a ver el estado de situaci\u00f3n de estos para su posterior reapertura\u201d, dijo.<br \/>\nR\u00edos sostuvo que es importante que se exija un mejor servicio de la instituci\u00f3n del orden sin dejar de lado las necesidades de los efectivos policiales para un mejor desempe\u00f1o de sus funciones en el cuidado y protecci\u00f3n de la poblaci\u00f3n.<br \/>\n\u201cExigimos a la Polic\u00eda, pero tambi\u00e9n debemos darles condiciones a nuestros efectivos, en relaci\u00f3n a servicios b\u00e1sicos como infraestructura, equipamiento, insumos y otras necesidades. Algunas veces no tienen ni papel para poder imprimir o levantar una denuncia y eso es importante, fortalecer para que ellos puedan brindar un mejor servicio a la poblaci\u00f3n\u201d manifest\u00f3 la autoridad.<br \/>\nEstos anuncios fueron realizados durante el lanzamiento del plan \u201cMi Barrio Seguro\u201d en cuatro distritos de la ciudad de El Alto, la noche del viernes. Se espera que en las siguientes semanas se pueda ampliar este plan a m\u00e1s zonas de esta ciudad, para lo que se sostendr\u00e1n encuentros previos con representantes de este municipio.<\/p>\n","protected":false},"excerpt":{"rendered":"<p>Tras los hechos de violencia y destrucci\u00f3n de instalaciones policiales durante las jornadas de violencia post electoral del a\u00f1o 2019, el viceministro de Seguridad Ciudadana, Roberto R\u00edos, inform\u00f3 que se busca la rehabilitaci\u00f3n de ocho m\u00f3dulos policiales que fueron destruidos en esta urbe. La autoridad se\u00f1al\u00f3 que ya se iniciaron las conversaciones con representantes de [&hellip;]<\/p>\n","protected":false},"author":1,"featured_media":4287,"comment_status":"closed","ping_status":"closed","sticky":false,"template":"","format":"standard","meta":{"_acf_changed":false,"footnotes":""},"categories":[39],"tags":[],"class_list":["post-4286","post","type-post","status-publish","format-standard","has-post-thumbnail","category-sociedad"],"acf":{"antetitulo":""},"yoast_head":"<!-- This site is optimized with the Yoast SEO plugin v28.3 - https:\/\/yoast.com\/product\/yoast-seo-wordpress\/ -->\n<title>Buscan rehabilitar 8 m\u00f3dulos destruidos en El Alto el 2019 - El Diario - Bolivia<\/title>\n<meta name=\"robots\" content=\"index, follow, max-snippet:-1, max-image-preview:large, max-video-preview:-1\" \/>\n<link rel=\"canonical\" href=\"https:\/\/www.eldiario.net\/portal\/2021\/05\/16\/buscan-rehabilitar-8-modulos-destruidos-en-el-alto-el-2019\/\" \/>\n<meta property=\"og:locale\" content=\"es_ES\" \/>\n<meta property=\"og:type\" content=\"article\" \/>\n<meta property=\"og:title\" content=\"Buscan rehabilitar 8 m\u00f3dulos destruidos en El Alto el 2019 - El Diario - Bolivia\" \/>\n<meta property=\"og:description\" content=\"Tras los hechos de violencia y destrucci\u00f3n de instalaciones policiales durante las jornadas de violencia post electoral del a\u00f1o 2019, el viceministro de Seguridad Ciudadana, Roberto R\u00edos, inform\u00f3 que se busca la rehabilitaci\u00f3n de ocho m\u00f3dulos policiales que fueron destruidos en esta urbe. La autoridad se\u00f1al\u00f3 que ya se iniciaron las conversaciones con representantes de [&hellip;]\" \/>\n<meta property=\"og:url\" content=\"https:\/\/www.eldiario.net\/portal\/2021\/05\/16\/buscan-rehabilitar-8-modulos-destruidos-en-el-alto-el-2019\/\" \/>\n<meta property=\"og:site_name\" content=\"El Diario - Bolivia\" \/>\n<meta property=\"article:publisher\" content=\"https:\/\/www.facebook.com\/eldiario.bolivia\/\" \/>\n<meta property=\"article:published_time\" content=\"2021-05-16T08:04:18+00:00\" \/>\n<meta name=\"author\" content=\"Jeanette\" \/>\n<meta name=\"twitter:card\" content=\"summary_large_image\" \/>\n<meta name=\"twitter:creator\" content=\"@eldiario_net\" \/>\n<meta name=\"twitter:site\" content=\"@eldiario_net\" \/>\n<meta name=\"twitter:label1\" content=\"Escrito por\" \/>\n\t<meta name=\"twitter:data1\" content=\"Jeanette\" \/>\n\t<meta name=\"twitter:label2\" content=\"Tiempo de lectura\" \/>\n\t<meta name=\"twitter:data2\" content=\"2 minutos\" \/>\n<script type=\"application\/ld+json\" class=\"yoast-schema-graph\">{\"@context\":\"https:\\\/\\\/schema.org\",\"@graph\":[{\"@type\":\"Article\",\"@id\":\"https:\\\/\\\/www.eldiario.net\\\/portal\\\/2021\\\/05\\\/16\\\/buscan-rehabilitar-8-modulos-destruidos-en-el-alto-el-2019\\\/#article\",\"isPartOf\":{\"@id\":\"https:\\\/\\\/www.eldiario.net\\\/portal\\\/2021\\\/05\\\/16\\\/buscan-rehabilitar-8-modulos-destruidos-en-el-alto-el-2019\\\/\"},\"author\":{\"name\":\"Jeanette\",\"@id\":\"https:\\\/\\\/www.eldiario.net\\\/portal\\\/#\\\/schema\\\/person\\\/f46445640444750d7d753ccd04ae01b7\"},\"headline\":\"Buscan rehabilitar 8 m\u00f3dulos destruidos en El Alto el 2019\",\"datePublished\":\"2021-05-16T08:04:18+00:00\",\"mainEntityOfPage\":{\"@id\":\"https:\\\/\\\/www.eldiario.net\\\/portal\\\/2021\\\/05\\\/16\\\/buscan-rehabilitar-8-modulos-destruidos-en-el-alto-el-2019\\\/\"},\"wordCount\":341,\"publisher\":{\"@id\":\"https:\\\/\\\/www.eldiario.net\\\/portal\\\/#organization\"},\"image\":{\"@id\":\"https:\\\/\\\/www.eldiario.net\\\/portal\\\/2021\\\/05\\\/16\\\/buscan-rehabilitar-8-modulos-destruidos-en-el-alto-el-2019\\\/#primaryimage\"},\"thumbnailUrl\":\"\",\"articleSection\":[\"Sociedad - Seguridad\"],\"inLanguage\":\"es\"},{\"@type\":\"WebPage\",\"@id\":\"https:\\\/\\\/www.eldiario.net\\\/portal\\\/2021\\\/05\\\/16\\\/buscan-rehabilitar-8-modulos-destruidos-en-el-alto-el-2019\\\/\",\"url\":\"https:\\\/\\\/www.eldiario.net\\\/portal\\\/2021\\\/05\\\/16\\\/buscan-rehabilitar-8-modulos-destruidos-en-el-alto-el-2019\\\/\",\"name\":\"Buscan rehabilitar 8 m\u00f3dulos destruidos en El Alto el 2019 - El Diario - Bolivia\",\"isPartOf\":{\"@id\":\"https:\\\/\\\/www.eldiario.net\\\/portal\\\/#website\"},\"primaryImageOfPage\":{\"@id\":\"https:\\\/\\\/www.eldiario.net\\\/portal\\\/2021\\\/05\\\/16\\\/buscan-rehabilitar-8-modulos-destruidos-en-el-alto-el-2019\\\/#primaryimage\"},\"image\":{\"@id\":\"https:\\\/\\\/www.eldiario.net\\\/portal\\\/2021\\\/05\\\/16\\\/buscan-rehabilitar-8-modulos-destruidos-en-el-alto-el-2019\\\/#primaryimage\"},\"thumbnailUrl\":\"\",\"datePublished\":\"2021-05-16T08:04:18+00:00\",\"breadcrumb\":{\"@id\":\"https:\\\/\\\/www.eldiario.net\\\/portal\\\/2021\\\/05\\\/16\\\/buscan-rehabilitar-8-modulos-destruidos-en-el-alto-el-2019\\\/#breadcrumb\"},\"inLanguage\":\"es\",\"potentialAction\":[{\"@type\":\"ReadAction\",\"target\":[\"https:\\\/\\\/www.eldiario.net\\\/portal\\\/2021\\\/05\\\/16\\\/buscan-rehabilitar-8-modulos-destruidos-en-el-alto-el-2019\\\/\"]}]},{\"@type\":\"ImageObject\",\"inLanguage\":\"es\",\"@id\":\"https:\\\/\\\/www.eldiario.net\\\/portal\\\/2021\\\/05\\\/16\\\/buscan-rehabilitar-8-modulos-destruidos-en-el-alto-el-2019\\\/#primaryimage\",\"url\":\"\",\"contentUrl\":\"\"},{\"@type\":\"BreadcrumbList\",\"@id\":\"https:\\\/\\\/www.eldiario.net\\\/portal\\\/2021\\\/05\\\/16\\\/buscan-rehabilitar-8-modulos-destruidos-en-el-alto-el-2019\\\/#breadcrumb\",\"itemListElement\":[{\"@type\":\"ListItem\",\"position\":1,\"name\":\"Portada\",\"item\":\"https:\\\/\\\/www.eldiario.net\\\/portal\\\/\"},{\"@type\":\"ListItem\",\"position\":2,\"name\":\"Buscan rehabilitar 8 m\u00f3dulos destruidos en El Alto el 2019\"}]},{\"@type\":\"WebSite\",\"@id\":\"https:\\\/\\\/www.eldiario.net\\\/portal\\\/#website\",\"url\":\"https:\\\/\\\/www.eldiario.net\\\/portal\\\/\",\"name\":\"El Diario - Decano de la prensa nacional\",\"description\":\"El Diario - Decano de la prensa nacional\",\"publisher\":{\"@id\":\"https:\\\/\\\/www.eldiario.net\\\/portal\\\/#organization\"},\"potentialAction\":[{\"@type\":\"SearchAction\",\"target\":{\"@type\":\"EntryPoint\",\"urlTemplate\":\"https:\\\/\\\/www.eldiario.net\\\/portal\\\/?s={search_term_string}\"},\"query-input\":{\"@type\":\"PropertyValueSpecification\",\"valueRequired\":true,\"valueName\":\"search_term_string\"}}],\"inLanguage\":\"es\"},{\"@type\":\"Organization\",\"@id\":\"https:\\\/\\\/www.eldiario.net\\\/portal\\\/#organization\",\"name\":\"El Diario - Decano de la prensa nacional\",\"url\":\"https:\\\/\\\/www.eldiario.net\\\/portal\\\/\",\"logo\":{\"@type\":\"ImageObject\",\"inLanguage\":\"es\",\"@id\":\"https:\\\/\\\/www.eldiario.net\\\/portal\\\/#\\\/schema\\\/logo\\\/image\\\/\",\"url\":\"https:\\\/\\\/www.eldiario.net\\\/portal\\\/wp-content\\\/uploads\\\/2023\\\/07\\\/logo_ED.jpg\",\"contentUrl\":\"https:\\\/\\\/www.eldiario.net\\\/portal\\\/wp-content\\\/uploads\\\/2023\\\/07\\\/logo_ED.jpg\",\"width\":272,\"height\":52,\"caption\":\"El Diario - Decano de la prensa nacional\"},\"image\":{\"@id\":\"https:\\\/\\\/www.eldiario.net\\\/portal\\\/#\\\/schema\\\/logo\\\/image\\\/\"},\"sameAs\":[\"https:\\\/\\\/www.facebook.com\\\/eldiario.bolivia\\\/\",\"https:\\\/\\\/x.com\\\/eldiario_net\"]},{\"@type\":\"Person\",\"@id\":\"https:\\\/\\\/www.eldiario.net\\\/portal\\\/#\\\/schema\\\/person\\\/f46445640444750d7d753ccd04ae01b7\",\"name\":\"Jeanette\",\"image\":{\"@type\":\"ImageObject\",\"inLanguage\":\"es\",\"@id\":\"https:\\\/\\\/secure.gravatar.com\\\/avatar\\\/3ea2118a5f7dad2b7138b1187a6b7ee55f160b9968b66013c3a3ef39dd7e5798?s=96&d=mm&r=g\",\"url\":\"https:\\\/\\\/secure.gravatar.com\\\/avatar\\\/3ea2118a5f7dad2b7138b1187a6b7ee55f160b9968b66013c3a3ef39dd7e5798?s=96&d=mm&r=g\",\"contentUrl\":\"https:\\\/\\\/secure.gravatar.com\\\/avatar\\\/3ea2118a5f7dad2b7138b1187a6b7ee55f160b9968b66013c3a3ef39dd7e5798?s=96&d=mm&r=g\",\"caption\":\"Jeanette\"},\"sameAs\":[\"https:\\\/\\\/www.eldiario.net\\\/portal\"],\"url\":\"https:\\\/\\\/www.eldiario.net\\\/portal\\\/author\\\/jeanette\\\/\"}]}<\/script>\n<!-- \/ Yoast SEO plugin. -->","yoast_head_json":{"title":"Buscan rehabilitar 8 m\u00f3dulos destruidos en El Alto el 2019 - El Diario - Bolivia","robots":{"index":"index","follow":"follow","max-snippet":"max-snippet:-1","max-image-preview":"max-image-preview:large","max-video-preview":"max-video-preview:-1"},"canonical":"https:\/\/www.eldiario.net\/portal\/2021\/05\/16\/buscan-rehabilitar-8-modulos-destruidos-en-el-alto-el-2019\/","og_locale":"es_ES","og_type":"article","og_title":"Buscan rehabilitar 8 m\u00f3dulos destruidos en El Alto el 2019 - El Diario - Bolivia","og_description":"Tras los hechos de violencia y destrucci\u00f3n de instalaciones policiales durante las jornadas de violencia post electoral del a\u00f1o 2019, el viceministro de Seguridad Ciudadana, Roberto R\u00edos, inform\u00f3 que se busca la rehabilitaci\u00f3n de ocho m\u00f3dulos policiales que fueron destruidos en esta urbe. La autoridad se\u00f1al\u00f3 que ya se iniciaron las conversaciones con representantes de [&hellip;]","og_url":"https:\/\/www.eldiario.net\/portal\/2021\/05\/16\/buscan-rehabilitar-8-modulos-destruidos-en-el-alto-el-2019\/","og_site_name":"El Diario - Bolivia","article_publisher":"https:\/\/www.facebook.com\/eldiario.bolivia\/","article_published_time":"2021-05-16T08:04:18+00:00","author":"Jeanette","twitter_card":"summary_large_image","twitter_creator":"@eldiario_net","twitter_site":"@eldiario_net","twitter_misc":{"Escrito por":"Jeanette","Tiempo de lectura":"2 minutos"},"schema":{"@context":"https:\/\/schema.org","@graph":[{"@type":"Article","@id":"https:\/\/www.eldiario.net\/portal\/2021\/05\/16\/buscan-rehabilitar-8-modulos-destruidos-en-el-alto-el-2019\/#article","isPartOf":{"@id":"https:\/\/www.eldiario.net\/portal\/2021\/05\/16\/buscan-rehabilitar-8-modulos-destruidos-en-el-alto-el-2019\/"},"author":{"name":"Jeanette","@id":"https:\/\/www.eldiario.net\/portal\/#\/schema\/person\/f46445640444750d7d753ccd04ae01b7"},"headline":"Buscan rehabilitar 8 m\u00f3dulos destruidos en El Alto el 2019","datePublished":"2021-05-16T08:04:18+00:00","mainEntityOfPage":{"@id":"https:\/\/www.eldiario.net\/portal\/2021\/05\/16\/buscan-rehabilitar-8-modulos-destruidos-en-el-alto-el-2019\/"},"wordCount":341,"publisher":{"@id":"https:\/\/www.eldiario.net\/portal\/#organization"},"image":{"@id":"https:\/\/www.eldiario.net\/portal\/2021\/05\/16\/buscan-rehabilitar-8-modulos-destruidos-en-el-alto-el-2019\/#primaryimage"},"thumbnailUrl":"","articleSection":["Sociedad - Seguridad"],"inLanguage":"es"},{"@type":"WebPage","@id":"https:\/\/www.eldiario.net\/portal\/2021\/05\/16\/buscan-rehabilitar-8-modulos-destruidos-en-el-alto-el-2019\/","url":"https:\/\/www.eldiario.net\/portal\/2021\/05\/16\/buscan-rehabilitar-8-modulos-destruidos-en-el-alto-el-2019\/","name":"Buscan rehabilitar 8 m\u00f3dulos destruidos en El Alto el 2019 - El Diario - Bolivia","isPartOf":{"@id":"https:\/\/www.eldiario.net\/portal\/#website"},"primaryImageOfPage":{"@id":"https:\/\/www.eldiario.net\/portal\/2021\/05\/16\/buscan-rehabilitar-8-modulos-destruidos-en-el-alto-el-2019\/#primaryimage"},"image":{"@id":"https:\/\/www.eldiario.net\/portal\/2021\/05\/16\/buscan-rehabilitar-8-modulos-destruidos-en-el-alto-el-2019\/#primaryimage"},"thumbnailUrl":"","datePublished":"2021-05-16T08:04:18+00:00","breadcrumb":{"@id":"https:\/\/www.eldiario.net\/portal\/2021\/05\/16\/buscan-rehabilitar-8-modulos-destruidos-en-el-alto-el-2019\/#breadcrumb"},"inLanguage":"es","potentialAction":[{"@type":"ReadAction","target":["https:\/\/www.eldiario.net\/portal\/2021\/05\/16\/buscan-rehabilitar-8-modulos-destruidos-en-el-alto-el-2019\/"]}]},{"@type":"ImageObject","inLanguage":"es","@id":"https:\/\/www.eldiario.net\/portal\/2021\/05\/16\/buscan-rehabilitar-8-modulos-destruidos-en-el-alto-el-2019\/#primaryimage","url":"","contentUrl":""},{"@type":"BreadcrumbList","@id":"https:\/\/www.eldiario.net\/portal\/2021\/05\/16\/buscan-rehabilitar-8-modulos-destruidos-en-el-alto-el-2019\/#breadcrumb","itemListElement":[{"@type":"ListItem","position":1,"name":"Portada","item":"https:\/\/www.eldiario.net\/portal\/"},{"@type":"ListItem","position":2,"name":"Buscan rehabilitar 8 m\u00f3dulos destruidos en El Alto el 2019"}]},{"@type":"WebSite","@id":"https:\/\/www.eldiario.net\/portal\/#website","url":"https:\/\/www.eldiario.net\/portal\/","name":"El Diario - Decano de la prensa nacional","description":"El Diario - Decano de la prensa nacional","publisher":{"@id":"https:\/\/www.eldiario.net\/portal\/#organization"},"potentialAction":[{"@type":"SearchAction","target":{"@type":"EntryPoint","urlTemplate":"https:\/\/www.eldiario.net\/portal\/?s={search_term_string}"},"query-input":{"@type":"PropertyValueSpecification","valueRequired":true,"valueName":"search_term_string"}}],"inLanguage":"es"},{"@type":"Organization","@id":"https:\/\/www.eldiario.net\/portal\/#organization","name":"El Diario - Decano de la prensa nacional","url":"https:\/\/www.eldiario.net\/portal\/","logo":{"@type":"ImageObject","inLanguage":"es","@id":"https:\/\/www.eldiario.net\/portal\/#\/schema\/logo\/image\/","url":"https:\/\/www.eldiario.net\/portal\/wp-content\/uploads\/2023\/07\/logo_ED.jpg","contentUrl":"https:\/\/www.eldiario.net\/portal\/wp-content\/uploads\/2023\/07\/logo_ED.jpg","width":272,"height":52,"caption":"El Diario - Decano de la prensa nacional"},"image":{"@id":"https:\/\/www.eldiario.net\/portal\/#\/schema\/logo\/image\/"},"sameAs":["https:\/\/www.facebook.com\/eldiario.bolivia\/","https:\/\/x.com\/eldiario_net"]},{"@type":"Person","@id":"https:\/\/www.eldiario.net\/portal\/#\/schema\/person\/f46445640444750d7d753ccd04ae01b7","name":"Jeanette","image":{"@type":"ImageObject","inLanguage":"es","@id":"https:\/\/secure.gravatar.com\/avatar\/3ea2118a5f7dad2b7138b1187a6b7ee55f160b9968b66013c3a3ef39dd7e5798?s=96&d=mm&r=g","url":"https:\/\/secure.gravatar.com\/avatar\/3ea2118a5f7dad2b7138b1187a6b7ee55f160b9968b66013c3a3ef39dd7e5798?s=96&d=mm&r=g","contentUrl":"https:\/\/secure.gravatar.com\/avatar\/3ea2118a5f7dad2b7138b1187a6b7ee55f160b9968b66013c3a3ef39dd7e5798?s=96&d=mm&r=g","caption":"Jeanette"},"sameAs":["https:\/\/www.eldiario.net\/portal"],"url":"https:\/\/www.eldiario.net\/portal\/author\/jeanette\/"}]}},"_links":{"self":[{"href":"https:\/\/www.eldiario.net\/portal\/wp-json\/wp\/v2\/posts\/4286","targetHints":{"allow":["GET"]}}],"collection":[{"href":"https:\/\/www.eldiario.net\/portal\/wp-json\/wp\/v2\/posts"}],"about":[{"href":"https:\/\/www.eldiario.net\/portal\/wp-json\/wp\/v2\/types\/post"}],"author":[{"embeddable":true,"href":"https:\/\/www.eldiario.net\/portal\/wp-json\/wp\/v2\/users\/1"}],"replies":[{"embeddable":true,"href":"https:\/\/www.eldiario.net\/portal\/wp-json\/wp\/v2\/comments?post=4286"}],"version-history":[{"count":0,"href":"https:\/\/www.eldiario.net\/portal\/wp-json\/wp\/v2\/posts\/4286\/revisions"}],"wp:attachment":[{"href":"https:\/\/www.eldiario.net\/portal\/wp-json\/wp\/v2\/media?parent=4286"}],"wp:term":[{"taxonomy":"category","embeddable":true,"href":"https:\/\/www.eldiario.net\/portal\/wp-json\/wp\/v2\/categories?post=4286"},{"taxonomy":"post_tag","embeddable":true,"href":"https:\/\/www.eldiario.net\/portal\/wp-json\/wp\/v2\/tags?post=4286"}],"curies":[{"name":"wp","href":"https:\/\/api.w.org\/{rel}","templated":true}]}}