{"id":428131,"date":"2026-09-06T07:51:11","date_gmt":"2026-09-06T11:51:11","guid":{"rendered":"https:\/\/www.eldiario.net\/portal\/?p=428131"},"modified":"2026-09-06T07:51:11","modified_gmt":"2026-09-06T11:51:11","slug":"chile-y-bolivia-afianzan-nuevo-ciclo-parlamentario","status":"publish","type":"post","link":"https:\/\/www.eldiario.net\/portal\/2026\/09\/06\/chile-y-bolivia-afianzan-nuevo-ciclo-parlamentario\/","title":{"rendered":"Chile y Bolivia afianzan nuevo ciclo parlamentario"},"content":{"rendered":"<p>El C\u00f3nsul General de Chile, embajador Roberto Ruiz Pirac\u00e9s, ofreci\u00f3 un c\u00f3ctel en su residencia con motivo de la visita de la delegaci\u00f3n de la Comisi\u00f3n de Relaciones Exteriores del Senado de Chile, la primera misi\u00f3n oficial de esta naturaleza en casi dos d\u00e9cadas.<br \/>\nEl evento congreg\u00f3 a la comitiva parlamentaria chilena encabezada por el presidente de dicha comisi\u00f3n, Manuel Jos\u00e9 Ossand\u00f3n; la senadora Loreto Carvajal y el diputado Vlado Mirosevic.<br \/>\nLa velada cont\u00f3 con la presencia de ministros de Estado y personalidades del \u00e1mbito nacional, en un espacio de encuentro que permiti\u00f3 ratificar los avances de las reuniones institucionales previas \u2014sostenidas en la Asamblea Legislativa Plurinacional y durante la audiencia especial con el presidente de Estado, Rodrigo Paz\u2014, marco en el cual se abordaron asuntos clave de la agenda binacional, tales como la gesti\u00f3n migratoria, la seguridad transfronteriza, el intercambio comercial y el seguimiento al caso de las maderas retenidas en Arica.<br \/>\nLa atenci\u00f3n brindada por el embajador Roberto Ruiz Pirac\u00e9s y su esposa destac\u00f3 por su cordialidad en esta primera recepci\u00f3n ofrecida por el diplom\u00e1tico desde su llegada al pa\u00eds hace tres meses. Los invitados disfrutaron de una cuidada propuesta gastron\u00f3mica acompa\u00f1ada por vinos chilenos, en una velada cuya grata hospitalidad reafirm\u00f3 el compromiso mutuo de consolidar este nuevo ciclo diplom\u00e1tico entre Bolivia y Chile.<\/p>\n\r\n                <style type=\"text\/css\">\r\n                    \r\n                    #tdi_1  .td-doubleSlider-2 .td-item1 {\r\n                        background: url(https:\/\/www.eldiario.net\/portal\/wp-content\/uploads\/2026\/09\/DSC_7254-80x60.webp) 0 0 no-repeat;\r\n                    }\r\n                    #tdi_1  .td-doubleSlider-2 .td-item2 {\r\n                        background: url(https:\/\/www.eldiario.net\/portal\/wp-content\/uploads\/2026\/09\/DSC_5339-80x60.webp) 0 0 no-repeat;\r\n                    }\r\n                    #tdi_1  .td-doubleSlider-2 .td-item3 {\r\n                        background: url(https:\/\/www.eldiario.net\/portal\/wp-content\/uploads\/2026\/09\/DSC_5341-80x60.webp) 0 0 no-repeat;\r\n                    }\r\n                    #tdi_1  .td-doubleSlider-2 .td-item4 {\r\n                        background: url(https:\/\/www.eldiario.net\/portal\/wp-content\/uploads\/2026\/09\/DSC_5346-80x60.webp) 0 0 no-repeat;\r\n                    }\r\n                    #tdi_1  .td-doubleSlider-2 .td-item5 {\r\n                        background: url(https:\/\/www.eldiario.net\/portal\/wp-content\/uploads\/2026\/09\/DSC_5347-80x60.webp) 0 0 no-repeat;\r\n                    }\r\n                    #tdi_1  .td-doubleSlider-2 .td-item6 {\r\n                        background: url(https:\/\/www.eldiario.net\/portal\/wp-content\/uploads\/2026\/09\/DSC_5349-80x60.webp) 0 0 no-repeat;\r\n                    }\r\n                    #tdi_1  .td-doubleSlider-2 .td-item7 {\r\n                        background: url(https:\/\/www.eldiario.net\/portal\/wp-content\/uploads\/2026\/09\/DSC_5353-80x60.webp) 0 0 no-repeat;\r\n                    }\r\n                    #tdi_1  .td-doubleSlider-2 .td-item8 {\r\n                        background: url(https:\/\/www.eldiario.net\/portal\/wp-content\/uploads\/2026\/09\/DSC_5358-80x60.webp) 0 0 no-repeat;\r\n                    }\r\n                    #tdi_1  .td-doubleSlider-2 .td-item9 {\r\n                        background: url(https:\/\/www.eldiario.net\/portal\/wp-content\/uploads\/2026\/09\/DSC_5363-80x60.webp) 0 0 no-repeat;\r\n                    }\r\n                    #tdi_1  .td-doubleSlider-2 .td-item10 {\r\n                        background: url(https:\/\/www.eldiario.net\/portal\/wp-content\/uploads\/2026\/09\/DSC_5367-80x60.webp) 0 0 no-repeat;\r\n                    }\r\n                    #tdi_1  .td-doubleSlider-2 .td-item11 {\r\n                        background: url(https:\/\/www.eldiario.net\/portal\/wp-content\/uploads\/2026\/09\/DSC_5371-80x60.webp) 0 0 no-repeat;\r\n                    }\r\n                <\/style>\r\n\r\n                <div id=\"tdi_1\" class=\"td-gallery td-slide-on-2-columns\">\r\n                    <div class=\"post_td_gallery\">\r\n                        <div class=\"td-gallery-slide-top\">\r\n                           <div class=\"td-gallery-title\"><\/div>\r\n\r\n                            <div class=\"td-gallery-controls-wrapper\">\r\n                                <div class=\"td-gallery-slide-count\"><span class=\"td-gallery-slide-item-focus\">1<\/span> de 11<\/div>\r\n                                <div class=\"td-gallery-slide-prev-next-but\">\r\n                                    <i class = \"td-icon-left doubleSliderPrevButton\"><\/i>\r\n                                    <i class = \"td-icon-right doubleSliderNextButton\"><\/i>\r\n                                <\/div>\r\n                            <\/div>\r\n                        <\/div>\r\n\r\n                        <div class = \"td-doubleSlider-1 \">\r\n                            <div class = \"td-slider\">\r\n                                \r\n                    <div class = \"td-slide-item td-item1\">\r\n                        <figure class=\"td-slide-galery-figure td-slide-popup-gallery\">\r\n                            <a class=\"slide-gallery-image-link\" href=\"https:\/\/www.eldiario.net\/portal\/wp-content\/uploads\/2026\/09\/DSC_7254.webp\" title=\"DSC_7254\"  data-caption=\"VLADO MIROSEVIC Y DIEGO \u00c1VILA, PRESIDENTE DE LA C\u00c1MARA DE SENADORES DE BOLIVIA.\"  data-description=\"VLADO MIROSEVIC Y DIEGO &Aacute;VILA, PRESIDENTE DE LA C&Aacute;MARA DE SENADORES DE BOLIVIA.\">\r\n                                <img decoding=\"async\" src=\"https:\/\/www.eldiario.net\/portal\/wp-content\/uploads\/2026\/09\/DSC_7254-631x420.webp\" srcset=\"https:\/\/www.eldiario.net\/portal\/wp-content\/uploads\/2026\/09\/DSC_7254-631x420.webp 631w, https:\/\/www.eldiario.net\/portal\/wp-content\/uploads\/2026\/09\/DSC_7254-300x200.webp 300w, https:\/\/www.eldiario.net\/portal\/wp-content\/uploads\/2026\/09\/DSC_7254-768x512.webp 768w, https:\/\/www.eldiario.net\/portal\/wp-content\/uploads\/2026\/09\/DSC_7254-150x100.webp 150w, https:\/\/www.eldiario.net\/portal\/wp-content\/uploads\/2026\/09\/DSC_7254-696x464.webp 696w, https:\/\/www.eldiario.net\/portal\/wp-content\/uploads\/2026\/09\/DSC_7254.webp 1024w\" sizes=\"(max-width: 631px) 100vw, 631px\" alt=\"\">\r\n                            <\/a>\r\n                            <figcaption class = \"td-slide-caption td-gallery-slide-content\"><div class = \"td-gallery-slide-copywrite\">VLADO MIROSEVIC Y DIEGO \u00c1VILA, PRESIDENTE DE LA C\u00c1MARA DE SENADORES DE BOLIVIA.<\/div><span>VLADO MIROSEVIC Y DIEGO \u00c1VILA, PRESIDENTE DE LA C\u00c1MARA DE SENADORES DE BOLIVIA.<\/span><\/figcaption>\r\n                        <\/figure>\r\n                    <\/div>\r\n                    <div class = \"td-slide-item td-item2\">\r\n                        <figure class=\"td-slide-galery-figure td-slide-popup-gallery\">\r\n                            <a class=\"slide-gallery-image-link\" href=\"https:\/\/www.eldiario.net\/portal\/wp-content\/uploads\/2026\/09\/DSC_5339.webp\" title=\"DSC_5339\"  data-caption=\"\"  data-description=\"EMBAJADOR ROBERTO RUIZ PIRAC&Eacute;S, C&Oacute;NSUL GENERAL DE CHILE.\">\r\n                                <img decoding=\"async\" src=\"https:\/\/www.eldiario.net\/portal\/wp-content\/uploads\/2026\/09\/DSC_5339-629x420.webp\" srcset=\"https:\/\/www.eldiario.net\/portal\/wp-content\/uploads\/2026\/09\/DSC_5339-629x420.webp 629w, https:\/\/www.eldiario.net\/portal\/wp-content\/uploads\/2026\/09\/DSC_5339-300x200.webp 300w, https:\/\/www.eldiario.net\/portal\/wp-content\/uploads\/2026\/09\/DSC_5339-1024x684.webp 1024w, https:\/\/www.eldiario.net\/portal\/wp-content\/uploads\/2026\/09\/DSC_5339-768x513.webp 768w, https:\/\/www.eldiario.net\/portal\/wp-content\/uploads\/2026\/09\/DSC_5339-150x100.webp 150w, https:\/\/www.eldiario.net\/portal\/wp-content\/uploads\/2026\/09\/DSC_5339-696x465.webp 696w, https:\/\/www.eldiario.net\/portal\/wp-content\/uploads\/2026\/09\/DSC_5339-1068x713.webp 1068w, https:\/\/www.eldiario.net\/portal\/wp-content\/uploads\/2026\/09\/DSC_5339.webp 1200w\" sizes=\"(max-width: 629px) 100vw, 629px\" alt=\"\">\r\n                            <\/a>\r\n                            <figcaption class = \"td-slide-caption td-gallery-slide-content\"><span>EMBAJADOR ROBERTO RUIZ PIRAC\u00c9S, C\u00d3NSUL GENERAL DE CHILE.<\/span><\/figcaption>\r\n                        <\/figure>\r\n                    <\/div>\r\n                    <div class = \"td-slide-item td-item3\">\r\n                        <figure class=\"td-slide-galery-figure td-slide-popup-gallery\">\r\n                            <a class=\"slide-gallery-image-link\" href=\"https:\/\/www.eldiario.net\/portal\/wp-content\/uploads\/2026\/09\/DSC_5341.webp\" title=\"DSC_5341\"  data-caption=\"JULIO C\u00c1MARA, LORETO CARVAJAL, EMBAJADOR ROBERTO RUIZ, SU ESPOSA, DANIELA VON DESSAUER Y MANUEL JOS\u00c9 OSSAND\u00d3N.\"  data-description=\"JULIO C&Aacute;MARA, LORETO CARVAJAL, EMBAJADOR ROBERTO RUIZ, SU ESPOSA, DANIELA VON DESSAUER Y MANUEL JOS&Eacute; OSSAND&Oacute;N.\">\r\n                                <img decoding=\"async\" src=\"https:\/\/www.eldiario.net\/portal\/wp-content\/uploads\/2026\/09\/DSC_5341-629x420.webp\" srcset=\"https:\/\/www.eldiario.net\/portal\/wp-content\/uploads\/2026\/09\/DSC_5341-629x420.webp 629w, https:\/\/www.eldiario.net\/portal\/wp-content\/uploads\/2026\/09\/DSC_5341-300x200.webp 300w, https:\/\/www.eldiario.net\/portal\/wp-content\/uploads\/2026\/09\/DSC_5341-1024x684.webp 1024w, https:\/\/www.eldiario.net\/portal\/wp-content\/uploads\/2026\/09\/DSC_5341-768x513.webp 768w, https:\/\/www.eldiario.net\/portal\/wp-content\/uploads\/2026\/09\/DSC_5341-150x100.webp 150w, https:\/\/www.eldiario.net\/portal\/wp-content\/uploads\/2026\/09\/DSC_5341-696x465.webp 696w, https:\/\/www.eldiario.net\/portal\/wp-content\/uploads\/2026\/09\/DSC_5341-1068x713.webp 1068w, https:\/\/www.eldiario.net\/portal\/wp-content\/uploads\/2026\/09\/DSC_5341.webp 1200w\" sizes=\"(max-width: 629px) 100vw, 629px\" alt=\"\">\r\n                            <\/a>\r\n                            <figcaption class = \"td-slide-caption td-gallery-slide-content\"><div class = \"td-gallery-slide-copywrite\">JULIO C\u00c1MARA, LORETO CARVAJAL, EMBAJADOR ROBERTO RUIZ, SU ESPOSA, DANIELA VON DESSAUER Y MANUEL JOS\u00c9 OSSAND\u00d3N.<\/div><span>JULIO C\u00c1MARA, LORETO CARVAJAL, EMBAJADOR ROBERTO RUIZ, SU ESPOSA, DANIELA VON DESSAUER Y MANUEL JOS\u00c9 OSSAND\u00d3N.<\/span><\/figcaption>\r\n                        <\/figure>\r\n                    <\/div>\r\n                    <div class = \"td-slide-item td-item4\">\r\n                        <figure class=\"td-slide-galery-figure td-slide-popup-gallery\">\r\n                            <a class=\"slide-gallery-image-link\" href=\"https:\/\/www.eldiario.net\/portal\/wp-content\/uploads\/2026\/09\/DSC_5346.webp\" title=\"DSC_5346\"  data-caption=\"KARINA CANEPA, KAREN LONGARIC, DANIELA VON DESSAUER Y LILIANA ASCARRUNZ DE ESC\u00d3BAR.\"  data-description=\"KARINA CANEPA, KAREN LONGARIC, DANIELA VON DESSAUER Y LILIANA ASCARRUNZ DE ESC&Oacute;BAR.\">\r\n                                <img decoding=\"async\" src=\"https:\/\/www.eldiario.net\/portal\/wp-content\/uploads\/2026\/09\/DSC_5346-629x420.webp\" srcset=\"https:\/\/www.eldiario.net\/portal\/wp-content\/uploads\/2026\/09\/DSC_5346-629x420.webp 629w, https:\/\/www.eldiario.net\/portal\/wp-content\/uploads\/2026\/09\/DSC_5346-300x200.webp 300w, https:\/\/www.eldiario.net\/portal\/wp-content\/uploads\/2026\/09\/DSC_5346-1024x684.webp 1024w, https:\/\/www.eldiario.net\/portal\/wp-content\/uploads\/2026\/09\/DSC_5346-768x513.webp 768w, https:\/\/www.eldiario.net\/portal\/wp-content\/uploads\/2026\/09\/DSC_5346-150x100.webp 150w, https:\/\/www.eldiario.net\/portal\/wp-content\/uploads\/2026\/09\/DSC_5346-696x465.webp 696w, https:\/\/www.eldiario.net\/portal\/wp-content\/uploads\/2026\/09\/DSC_5346-1068x713.webp 1068w, https:\/\/www.eldiario.net\/portal\/wp-content\/uploads\/2026\/09\/DSC_5346.webp 1200w\" sizes=\"(max-width: 629px) 100vw, 629px\" alt=\"\">\r\n                            <\/a>\r\n                            <figcaption class = \"td-slide-caption td-gallery-slide-content\"><div class = \"td-gallery-slide-copywrite\">KARINA CANEPA, KAREN LONGARIC, DANIELA VON DESSAUER Y LILIANA ASCARRUNZ DE ESC\u00d3BAR.<\/div><span>KARINA CANEPA, KAREN LONGARIC, DANIELA VON DESSAUER Y LILIANA ASCARRUNZ DE ESC\u00d3BAR.<\/span><\/figcaption>\r\n                        <\/figure>\r\n                    <\/div>\r\n                    <div class = \"td-slide-item td-item5\">\r\n                        <figure class=\"td-slide-galery-figure td-slide-popup-gallery\">\r\n                            <a class=\"slide-gallery-image-link\" href=\"https:\/\/www.eldiario.net\/portal\/wp-content\/uploads\/2026\/09\/DSC_5347.webp\" title=\"DSC_5347\"  data-caption=\"EMBAJADOR ROBERTO RUIZ, FERNANDO ARAMAYO, MINISTRO DE LA PRESIDENCIA, Y FLAVIO ESC\u00d3BAR.\"  data-description=\"EMBAJADOR ROBERTO RUIZ, FERNANDO ARAMAYO, MINISTRO DE LA PRESIDENCIA, Y FLAVIO ESC&Oacute;BAR.\">\r\n                                <img decoding=\"async\" src=\"https:\/\/www.eldiario.net\/portal\/wp-content\/uploads\/2026\/09\/DSC_5347-629x420.webp\" srcset=\"https:\/\/www.eldiario.net\/portal\/wp-content\/uploads\/2026\/09\/DSC_5347-629x420.webp 629w, https:\/\/www.eldiario.net\/portal\/wp-content\/uploads\/2026\/09\/DSC_5347-300x200.webp 300w, https:\/\/www.eldiario.net\/portal\/wp-content\/uploads\/2026\/09\/DSC_5347-1024x684.webp 1024w, https:\/\/www.eldiario.net\/portal\/wp-content\/uploads\/2026\/09\/DSC_5347-768x513.webp 768w, https:\/\/www.eldiario.net\/portal\/wp-content\/uploads\/2026\/09\/DSC_5347-150x100.webp 150w, https:\/\/www.eldiario.net\/portal\/wp-content\/uploads\/2026\/09\/DSC_5347-696x465.webp 696w, https:\/\/www.eldiario.net\/portal\/wp-content\/uploads\/2026\/09\/DSC_5347-1068x713.webp 1068w, https:\/\/www.eldiario.net\/portal\/wp-content\/uploads\/2026\/09\/DSC_5347.webp 1200w\" sizes=\"(max-width: 629px) 100vw, 629px\" alt=\"\">\r\n                            <\/a>\r\n                            <figcaption class = \"td-slide-caption td-gallery-slide-content\"><div class = \"td-gallery-slide-copywrite\">EMBAJADOR ROBERTO RUIZ, FERNANDO ARAMAYO, MINISTRO DE LA PRESIDENCIA, Y FLAVIO ESC\u00d3BAR.<\/div><span>EMBAJADOR ROBERTO RUIZ, FERNANDO ARAMAYO, MINISTRO DE LA PRESIDENCIA, Y FLAVIO ESC\u00d3BAR.<\/span><\/figcaption>\r\n                        <\/figure>\r\n                    <\/div>\r\n                    <div class = \"td-slide-item td-item6\">\r\n                        <figure class=\"td-slide-galery-figure td-slide-popup-gallery\">\r\n                            <a class=\"slide-gallery-image-link\" href=\"https:\/\/www.eldiario.net\/portal\/wp-content\/uploads\/2026\/09\/DSC_5349.webp\" title=\"DSC_5349\"  data-caption=\"JULIO C\u00c1MARA, CHRISTINE STOCKINS, JOS\u00c9 T., JOHAR FIGUEREDO Y NATALIA AGUILERA.\"  data-description=\"JULIO C&Aacute;MARA, CHRISTINE STOCKINS, JOS&Eacute; T., JOHAR FIGUEREDO Y NATALIA AGUILERA.\">\r\n                                <img decoding=\"async\" src=\"https:\/\/www.eldiario.net\/portal\/wp-content\/uploads\/2026\/09\/DSC_5349-538x420.webp\" srcset=\"https:\/\/www.eldiario.net\/portal\/wp-content\/uploads\/2026\/09\/DSC_5349-538x420.webp 538w, https:\/\/www.eldiario.net\/portal\/wp-content\/uploads\/2026\/09\/DSC_5349-300x234.webp 300w, https:\/\/www.eldiario.net\/portal\/wp-content\/uploads\/2026\/09\/DSC_5349-1024x799.webp 1024w, https:\/\/www.eldiario.net\/portal\/wp-content\/uploads\/2026\/09\/DSC_5349-768x599.webp 768w, https:\/\/www.eldiario.net\/portal\/wp-content\/uploads\/2026\/09\/DSC_5349-150x117.webp 150w, https:\/\/www.eldiario.net\/portal\/wp-content\/uploads\/2026\/09\/DSC_5349-696x543.webp 696w, https:\/\/www.eldiario.net\/portal\/wp-content\/uploads\/2026\/09\/DSC_5349-1068x833.webp 1068w, https:\/\/www.eldiario.net\/portal\/wp-content\/uploads\/2026\/09\/DSC_5349.webp 1200w\" sizes=\"(max-width: 538px) 100vw, 538px\" alt=\"\">\r\n                            <\/a>\r\n                            <figcaption class = \"td-slide-caption td-gallery-slide-content\"><div class = \"td-gallery-slide-copywrite\">JULIO C\u00c1MARA, CHRISTINE STOCKINS, JOS\u00c9 T., JOHAR FIGUEREDO Y NATALIA AGUILERA.<\/div><span>JULIO C\u00c1MARA, CHRISTINE STOCKINS, JOS\u00c9 T., JOHAR FIGUEREDO Y NATALIA AGUILERA.<\/span><\/figcaption>\r\n                        <\/figure>\r\n                    <\/div>\r\n                    <div class = \"td-slide-item td-item7\">\r\n                        <figure class=\"td-slide-galery-figure td-slide-popup-gallery\">\r\n                            <a class=\"slide-gallery-image-link\" href=\"https:\/\/www.eldiario.net\/portal\/wp-content\/uploads\/2026\/09\/DSC_5353.webp\" title=\"DSC_5353\"  data-caption=\"\n\n\nMANUEL JOS\u00c9 OSSAND\u00d3N Y JAIME PAZ.\"  data-description=\"\n\n\nMANUEL JOS&Eacute; OSSAND&Oacute;N Y JAIME PAZ.\">\r\n                                <img decoding=\"async\" src=\"https:\/\/www.eldiario.net\/portal\/wp-content\/uploads\/2026\/09\/DSC_5353-488x420.webp\" srcset=\"https:\/\/www.eldiario.net\/portal\/wp-content\/uploads\/2026\/09\/DSC_5353-488x420.webp 488w, https:\/\/www.eldiario.net\/portal\/wp-content\/uploads\/2026\/09\/DSC_5353-300x258.webp 300w, https:\/\/www.eldiario.net\/portal\/wp-content\/uploads\/2026\/09\/DSC_5353-1024x881.webp 1024w, https:\/\/www.eldiario.net\/portal\/wp-content\/uploads\/2026\/09\/DSC_5353-768x660.webp 768w, https:\/\/www.eldiario.net\/portal\/wp-content\/uploads\/2026\/09\/DSC_5353-150x129.webp 150w, https:\/\/www.eldiario.net\/portal\/wp-content\/uploads\/2026\/09\/DSC_5353-696x599.webp 696w, https:\/\/www.eldiario.net\/portal\/wp-content\/uploads\/2026\/09\/DSC_5353-1068x918.webp 1068w, https:\/\/www.eldiario.net\/portal\/wp-content\/uploads\/2026\/09\/DSC_5353.webp 1200w\" sizes=\"(max-width: 488px) 100vw, 488px\" alt=\"\">\r\n                            <\/a>\r\n                            <figcaption class = \"td-slide-caption td-gallery-slide-content\"><div class = \"td-gallery-slide-copywrite\">\n\n\nMANUEL JOS\u00c9 OSSAND\u00d3N Y JAIME PAZ.<\/div><span>\n\n\nMANUEL JOS\u00c9 OSSAND\u00d3N Y JAIME PAZ.<\/span><\/figcaption>\r\n                        <\/figure>\r\n                    <\/div>\r\n                    <div class = \"td-slide-item td-item8\">\r\n                        <figure class=\"td-slide-galery-figure td-slide-popup-gallery\">\r\n                            <a class=\"slide-gallery-image-link\" href=\"https:\/\/www.eldiario.net\/portal\/wp-content\/uploads\/2026\/09\/DSC_5358.webp\" title=\"DSC_5358\"  data-caption=\"COCO CUBA, MARITZA DE CONCHA Y JOS\u00c9 MIGUEL CONCHA.\"  data-description=\"COCO CUBA, MARITZA DE CONCHA Y JOS&Eacute; MIGUEL CONCHA.\">\r\n                                <img decoding=\"async\" src=\"https:\/\/www.eldiario.net\/portal\/wp-content\/uploads\/2026\/09\/DSC_5358-629x420.webp\" srcset=\"https:\/\/www.eldiario.net\/portal\/wp-content\/uploads\/2026\/09\/DSC_5358-629x420.webp 629w, https:\/\/www.eldiario.net\/portal\/wp-content\/uploads\/2026\/09\/DSC_5358-300x200.webp 300w, https:\/\/www.eldiario.net\/portal\/wp-content\/uploads\/2026\/09\/DSC_5358-1024x684.webp 1024w, https:\/\/www.eldiario.net\/portal\/wp-content\/uploads\/2026\/09\/DSC_5358-768x513.webp 768w, https:\/\/www.eldiario.net\/portal\/wp-content\/uploads\/2026\/09\/DSC_5358-150x100.webp 150w, https:\/\/www.eldiario.net\/portal\/wp-content\/uploads\/2026\/09\/DSC_5358-696x465.webp 696w, https:\/\/www.eldiario.net\/portal\/wp-content\/uploads\/2026\/09\/DSC_5358-1068x713.webp 1068w, https:\/\/www.eldiario.net\/portal\/wp-content\/uploads\/2026\/09\/DSC_5358.webp 1200w\" sizes=\"(max-width: 629px) 100vw, 629px\" alt=\"\">\r\n                            <\/a>\r\n                            <figcaption class = \"td-slide-caption td-gallery-slide-content\"><div class = \"td-gallery-slide-copywrite\">COCO CUBA, MARITZA DE CONCHA Y JOS\u00c9 MIGUEL CONCHA.<\/div><span>COCO CUBA, MARITZA DE CONCHA Y JOS\u00c9 MIGUEL CONCHA.<\/span><\/figcaption>\r\n                        <\/figure>\r\n                    <\/div>\r\n                    <div class = \"td-slide-item td-item9\">\r\n                        <figure class=\"td-slide-galery-figure td-slide-popup-gallery\">\r\n                            <a class=\"slide-gallery-image-link\" href=\"https:\/\/www.eldiario.net\/portal\/wp-content\/uploads\/2026\/09\/DSC_5363.webp\" title=\"DSC_5363\"  data-caption=\"\"  data-description=\"\">\r\n                                <img decoding=\"async\" src=\"https:\/\/www.eldiario.net\/portal\/wp-content\/uploads\/2026\/09\/DSC_5363-629x420.webp\" srcset=\"https:\/\/www.eldiario.net\/portal\/wp-content\/uploads\/2026\/09\/DSC_5363-629x420.webp 629w, https:\/\/www.eldiario.net\/portal\/wp-content\/uploads\/2026\/09\/DSC_5363-300x200.webp 300w, https:\/\/www.eldiario.net\/portal\/wp-content\/uploads\/2026\/09\/DSC_5363-1024x684.webp 1024w, https:\/\/www.eldiario.net\/portal\/wp-content\/uploads\/2026\/09\/DSC_5363-768x513.webp 768w, https:\/\/www.eldiario.net\/portal\/wp-content\/uploads\/2026\/09\/DSC_5363-150x100.webp 150w, https:\/\/www.eldiario.net\/portal\/wp-content\/uploads\/2026\/09\/DSC_5363-696x465.webp 696w, https:\/\/www.eldiario.net\/portal\/wp-content\/uploads\/2026\/09\/DSC_5363-1068x713.webp 1068w, https:\/\/www.eldiario.net\/portal\/wp-content\/uploads\/2026\/09\/DSC_5363.webp 1200w\" sizes=\"(max-width: 629px) 100vw, 629px\" alt=\"\">\r\n                            <\/a>\r\n                            \r\n                        <\/figure>\r\n                    <\/div>\r\n                    <div class = \"td-slide-item td-item10\">\r\n                        <figure class=\"td-slide-galery-figure td-slide-popup-gallery\">\r\n                            <a class=\"slide-gallery-image-link\" href=\"https:\/\/www.eldiario.net\/portal\/wp-content\/uploads\/2026\/09\/DSC_5367.webp\" title=\"DSC_5367\"  data-caption=\"\n\nRA\u00daL PE\u00d1ARANDA Y MANUEL JOS\u00c9 OSSAND\u00d3N.\"  data-description=\"\n\nRA&Uacute;L PE&Ntilde;ARANDA Y MANUEL JOS&Eacute; OSSAND&Oacute;N.\">\r\n                                <img decoding=\"async\" src=\"https:\/\/www.eldiario.net\/portal\/wp-content\/uploads\/2026\/09\/DSC_5367-533x420.webp\" srcset=\"https:\/\/www.eldiario.net\/portal\/wp-content\/uploads\/2026\/09\/DSC_5367-533x420.webp 533w, https:\/\/www.eldiario.net\/portal\/wp-content\/uploads\/2026\/09\/DSC_5367-300x237.webp 300w, https:\/\/www.eldiario.net\/portal\/wp-content\/uploads\/2026\/09\/DSC_5367-768x605.webp 768w, https:\/\/www.eldiario.net\/portal\/wp-content\/uploads\/2026\/09\/DSC_5367-150x118.webp 150w, https:\/\/www.eldiario.net\/portal\/wp-content\/uploads\/2026\/09\/DSC_5367-696x549.webp 696w, https:\/\/www.eldiario.net\/portal\/wp-content\/uploads\/2026\/09\/DSC_5367.webp 1016w\" sizes=\"(max-width: 533px) 100vw, 533px\" alt=\"\">\r\n                            <\/a>\r\n                            <figcaption class = \"td-slide-caption td-gallery-slide-content\"><div class = \"td-gallery-slide-copywrite\">\n\nRA\u00daL PE\u00d1ARANDA Y MANUEL JOS\u00c9 OSSAND\u00d3N.<\/div><span>\n\nRA\u00daL PE\u00d1ARANDA Y MANUEL JOS\u00c9 OSSAND\u00d3N.<\/span><\/figcaption>\r\n                        <\/figure>\r\n                    <\/div>\r\n                    <div class = \"td-slide-item td-item11\">\r\n                        <figure class=\"td-slide-galery-figure td-slide-popup-gallery\">\r\n                            <a class=\"slide-gallery-image-link\" href=\"https:\/\/www.eldiario.net\/portal\/wp-content\/uploads\/2026\/09\/DSC_5371.webp\" title=\"DSC_5371\"  data-caption=\"LA COMITIVA CHILENA JUNTO AL PRESIDENTE DE LA C\u00c1MARA DE SENADORES DE BOLIVIA, DIEGO \u00c1VILA.\"  data-description=\"LA COMITIVA CHILENA JUNTO AL PRESIDENTE DE LA C&Aacute;MARA DE SENADORES DE BOLIVIA, DIEGO &Aacute;VILA.\">\r\n                                <img decoding=\"async\" src=\"https:\/\/www.eldiario.net\/portal\/wp-content\/uploads\/2026\/09\/DSC_5371-631x420.webp\" srcset=\"https:\/\/www.eldiario.net\/portal\/wp-content\/uploads\/2026\/09\/DSC_5371-631x420.webp 631w, https:\/\/www.eldiario.net\/portal\/wp-content\/uploads\/2026\/09\/DSC_5371-300x200.webp 300w, https:\/\/www.eldiario.net\/portal\/wp-content\/uploads\/2026\/09\/DSC_5371-768x512.webp 768w, https:\/\/www.eldiario.net\/portal\/wp-content\/uploads\/2026\/09\/DSC_5371-150x100.webp 150w, https:\/\/www.eldiario.net\/portal\/wp-content\/uploads\/2026\/09\/DSC_5371-696x464.webp 696w, https:\/\/www.eldiario.net\/portal\/wp-content\/uploads\/2026\/09\/DSC_5371.webp 1024w\" sizes=\"(max-width: 631px) 100vw, 631px\" alt=\"\">\r\n                            <\/a>\r\n                            <figcaption class = \"td-slide-caption td-gallery-slide-content\"><div class = \"td-gallery-slide-copywrite\">LA COMITIVA CHILENA JUNTO AL PRESIDENTE DE LA C\u00c1MARA DE SENADORES DE BOLIVIA, DIEGO \u00c1VILA.<\/div><span>LA COMITIVA CHILENA JUNTO AL PRESIDENTE DE LA C\u00c1MARA DE SENADORES DE BOLIVIA, DIEGO \u00c1VILA.<\/span><\/figcaption>\r\n                        <\/figure>\r\n                    <\/div>\r\n                            <\/div>\r\n                        <\/div>\r\n\r\n                        <div class = \"td-doubleSlider-2\">\r\n                            <div class = \"td-slider\">\r\n                                \r\n                    <div class = \"td-button td-item1\">\r\n                        <div class = \"td-border\"><\/div>\r\n                    <\/div>\r\n                    <div class = \"td-button td-item2\">\r\n                        <div class = \"td-border\"><\/div>\r\n                    <\/div>\r\n                    <div class = \"td-button td-item3\">\r\n                        <div class = \"td-border\"><\/div>\r\n                    <\/div>\r\n                    <div class = \"td-button td-item4\">\r\n                        <div class = \"td-border\"><\/div>\r\n                    <\/div>\r\n                    <div class = \"td-button td-item5\">\r\n                        <div class = \"td-border\"><\/div>\r\n                    <\/div>\r\n                    <div class = \"td-button td-item6\">\r\n                        <div class = \"td-border\"><\/div>\r\n                    <\/div>\r\n                    <div class = \"td-button td-item7\">\r\n                        <div class = \"td-border\"><\/div>\r\n                    <\/div>\r\n                    <div class = \"td-button td-item8\">\r\n                        <div class = \"td-border\"><\/div>\r\n                    <\/div>\r\n                    <div class = \"td-button td-item9\">\r\n                        <div class = \"td-border\"><\/div>\r\n                    <\/div>\r\n                    <div class = \"td-button td-item10\">\r\n                        <div class = \"td-border\"><\/div>\r\n                    <\/div>\r\n                    <div class = \"td-button td-item11\">\r\n                        <div class = \"td-border\"><\/div>\r\n                    <\/div>\r\n                            <\/div>\r\n                        <\/div>\r\n\r\n                    <\/div>\r\n\r\n                <\/div>\r\n                \n","protected":false},"excerpt":{"rendered":"<p>El C\u00f3nsul General de Chile, embajador Roberto Ruiz Pirac\u00e9s, ofreci\u00f3 un c\u00f3ctel en su residencia con motivo de la visita de la delegaci\u00f3n de la Comisi\u00f3n de Relaciones Exteriores del Senado de Chile, la primera misi\u00f3n oficial de esta naturaleza en casi dos d\u00e9cadas. El evento congreg\u00f3 a la comitiva parlamentaria chilena encabezada por el [&hellip;]<\/p>\n","protected":false},"author":1,"featured_media":428137,"comment_status":"closed","ping_status":"open","sticky":false,"template":"","format":"standard","meta":{"_acf_changed":false,"footnotes":""},"categories":[40],"tags":[],"class_list":["post-428131","post","type-post","status-publish","format-standard","has-post-thumbnail","category-sociales"],"acf":{"antetitulo":""},"yoast_head":"<!-- This site is optimized with the Yoast SEO plugin v28.4 - https:\/\/yoast.com\/product\/yoast-seo-wordpress\/ -->\n<title>Chile y Bolivia afianzan nuevo ciclo parlamentario - El Diario - Bolivia<\/title>\n<meta name=\"robots\" content=\"index, follow, max-snippet:-1, max-image-preview:large, max-video-preview:-1\" \/>\n<link rel=\"canonical\" href=\"https:\/\/www.eldiario.net\/portal\/2026\/09\/06\/chile-y-bolivia-afianzan-nuevo-ciclo-parlamentario\/\" \/>\n<meta property=\"og:locale\" content=\"es_ES\" \/>\n<meta property=\"og:type\" content=\"article\" \/>\n<meta property=\"og:title\" content=\"Chile y Bolivia afianzan nuevo ciclo parlamentario - El Diario - Bolivia\" \/>\n<meta property=\"og:description\" content=\"El C\u00f3nsul General de Chile, embajador Roberto Ruiz Pirac\u00e9s, ofreci\u00f3 un c\u00f3ctel en su residencia con motivo de la visita de la delegaci\u00f3n de la Comisi\u00f3n de Relaciones Exteriores del Senado de Chile, la primera misi\u00f3n oficial de esta naturaleza en casi dos d\u00e9cadas. El evento congreg\u00f3 a la comitiva parlamentaria chilena encabezada por el [&hellip;]\" \/>\n<meta property=\"og:url\" content=\"https:\/\/www.eldiario.net\/portal\/2026\/09\/06\/chile-y-bolivia-afianzan-nuevo-ciclo-parlamentario\/\" \/>\n<meta property=\"og:site_name\" content=\"El Diario - Bolivia\" \/>\n<meta property=\"article:publisher\" content=\"https:\/\/www.facebook.com\/eldiario.bolivia\/\" \/>\n<meta property=\"article:published_time\" content=\"2026-09-06T11:51:11+00:00\" \/>\n<meta property=\"og:image\" content=\"https:\/\/www.eldiario.net\/portal\/wp-content\/uploads\/2026\/09\/DSC_5349.webp\" \/>\n\t<meta property=\"og:image:width\" content=\"1200\" \/>\n\t<meta property=\"og:image:height\" content=\"936\" \/>\n\t<meta property=\"og:image:type\" content=\"image\/webp\" \/>\n<meta name=\"author\" content=\"Jeanette\" \/>\n<meta name=\"twitter:card\" content=\"summary_large_image\" \/>\n<meta name=\"twitter:creator\" content=\"@eldiario_net\" \/>\n<meta name=\"twitter:site\" content=\"@eldiario_net\" \/>\n<meta name=\"twitter:label1\" content=\"Escrito por\" \/>\n\t<meta name=\"twitter:data1\" content=\"Jeanette\" \/>\n\t<meta name=\"twitter:label2\" content=\"Tiempo de lectura\" \/>\n\t<meta name=\"twitter:data2\" content=\"2 minutos\" \/>\n<script type=\"application\/ld+json\" class=\"yoast-schema-graph\">{\"@context\":\"https:\\\/\\\/schema.org\",\"@graph\":[{\"@type\":\"Article\",\"@id\":\"https:\\\/\\\/www.eldiario.net\\\/portal\\\/2026\\\/09\\\/06\\\/chile-y-bolivia-afianzan-nuevo-ciclo-parlamentario\\\/#article\",\"isPartOf\":{\"@id\":\"https:\\\/\\\/www.eldiario.net\\\/portal\\\/2026\\\/09\\\/06\\\/chile-y-bolivia-afianzan-nuevo-ciclo-parlamentario\\\/\"},\"author\":{\"name\":\"Jeanette\",\"@id\":\"https:\\\/\\\/www.eldiario.net\\\/portal\\\/#\\\/schema\\\/person\\\/2c57cf2b7a7ae032e449e4c9b1019eac\"},\"headline\":\"Chile y Bolivia afianzan nuevo ciclo parlamentario\",\"datePublished\":\"2026-09-06T11:51:11+00:00\",\"mainEntityOfPage\":{\"@id\":\"https:\\\/\\\/www.eldiario.net\\\/portal\\\/2026\\\/09\\\/06\\\/chile-y-bolivia-afianzan-nuevo-ciclo-parlamentario\\\/\"},\"wordCount\":251,\"publisher\":{\"@id\":\"https:\\\/\\\/www.eldiario.net\\\/portal\\\/#organization\"},\"image\":{\"@id\":\"https:\\\/\\\/www.eldiario.net\\\/portal\\\/2026\\\/09\\\/06\\\/chile-y-bolivia-afianzan-nuevo-ciclo-parlamentario\\\/#primaryimage\"},\"thumbnailUrl\":\"https:\\\/\\\/www.eldiario.net\\\/portal\\\/wp-content\\\/uploads\\\/2026\\\/09\\\/DSC_5349.webp\",\"articleSection\":[\"Sociales\"],\"inLanguage\":\"es\"},{\"@type\":\"WebPage\",\"@id\":\"https:\\\/\\\/www.eldiario.net\\\/portal\\\/2026\\\/09\\\/06\\\/chile-y-bolivia-afianzan-nuevo-ciclo-parlamentario\\\/\",\"url\":\"https:\\\/\\\/www.eldiario.net\\\/portal\\\/2026\\\/09\\\/06\\\/chile-y-bolivia-afianzan-nuevo-ciclo-parlamentario\\\/\",\"name\":\"Chile y Bolivia afianzan nuevo ciclo parlamentario - El Diario - Bolivia\",\"isPartOf\":{\"@id\":\"https:\\\/\\\/www.eldiario.net\\\/portal\\\/#website\"},\"primaryImageOfPage\":{\"@id\":\"https:\\\/\\\/www.eldiario.net\\\/portal\\\/2026\\\/09\\\/06\\\/chile-y-bolivia-afianzan-nuevo-ciclo-parlamentario\\\/#primaryimage\"},\"image\":{\"@id\":\"https:\\\/\\\/www.eldiario.net\\\/portal\\\/2026\\\/09\\\/06\\\/chile-y-bolivia-afianzan-nuevo-ciclo-parlamentario\\\/#primaryimage\"},\"thumbnailUrl\":\"https:\\\/\\\/www.eldiario.net\\\/portal\\\/wp-content\\\/uploads\\\/2026\\\/09\\\/DSC_5349.webp\",\"datePublished\":\"2026-09-06T11:51:11+00:00\",\"breadcrumb\":{\"@id\":\"https:\\\/\\\/www.eldiario.net\\\/portal\\\/2026\\\/09\\\/06\\\/chile-y-bolivia-afianzan-nuevo-ciclo-parlamentario\\\/#breadcrumb\"},\"inLanguage\":\"es\",\"potentialAction\":[{\"@type\":\"ReadAction\",\"target\":[\"https:\\\/\\\/www.eldiario.net\\\/portal\\\/2026\\\/09\\\/06\\\/chile-y-bolivia-afianzan-nuevo-ciclo-parlamentario\\\/\"]}]},{\"@type\":\"ImageObject\",\"inLanguage\":\"es\",\"@id\":\"https:\\\/\\\/www.eldiario.net\\\/portal\\\/2026\\\/09\\\/06\\\/chile-y-bolivia-afianzan-nuevo-ciclo-parlamentario\\\/#primaryimage\",\"url\":\"https:\\\/\\\/www.eldiario.net\\\/portal\\\/wp-content\\\/uploads\\\/2026\\\/09\\\/DSC_5349.webp\",\"contentUrl\":\"https:\\\/\\\/www.eldiario.net\\\/portal\\\/wp-content\\\/uploads\\\/2026\\\/09\\\/DSC_5349.webp\",\"width\":1200,\"height\":936,\"caption\":\"JULIO C\u00c1MARA, CHRISTINE STOCKINS, JOS\u00c9 T., JOHAR FIGUEREDO Y NATALIA AGUILERA.\"},{\"@type\":\"BreadcrumbList\",\"@id\":\"https:\\\/\\\/www.eldiario.net\\\/portal\\\/2026\\\/09\\\/06\\\/chile-y-bolivia-afianzan-nuevo-ciclo-parlamentario\\\/#breadcrumb\",\"itemListElement\":[{\"@type\":\"ListItem\",\"position\":1,\"name\":\"Portada\",\"item\":\"https:\\\/\\\/www.eldiario.net\\\/portal\\\/\"},{\"@type\":\"ListItem\",\"position\":2,\"name\":\"Chile y Bolivia afianzan nuevo ciclo parlamentario\"}]},{\"@type\":\"WebSite\",\"@id\":\"https:\\\/\\\/www.eldiario.net\\\/portal\\\/#website\",\"url\":\"https:\\\/\\\/www.eldiario.net\\\/portal\\\/\",\"name\":\"El Diario - Decano de la prensa nacional\",\"description\":\"El Diario - Decano de la prensa nacional\",\"publisher\":{\"@id\":\"https:\\\/\\\/www.eldiario.net\\\/portal\\\/#organization\"},\"potentialAction\":[{\"@type\":\"SearchAction\",\"target\":{\"@type\":\"EntryPoint\",\"urlTemplate\":\"https:\\\/\\\/www.eldiario.net\\\/portal\\\/?s={search_term_string}\"},\"query-input\":{\"@type\":\"PropertyValueSpecification\",\"valueRequired\":true,\"valueName\":\"search_term_string\"}}],\"inLanguage\":\"es\"},{\"@type\":\"Organization\",\"@id\":\"https:\\\/\\\/www.eldiario.net\\\/portal\\\/#organization\",\"name\":\"El Diario - Decano de la prensa nacional\",\"url\":\"https:\\\/\\\/www.eldiario.net\\\/portal\\\/\",\"logo\":{\"@type\":\"ImageObject\",\"inLanguage\":\"es\",\"@id\":\"https:\\\/\\\/www.eldiario.net\\\/portal\\\/#\\\/schema\\\/logo\\\/image\\\/\",\"url\":\"https:\\\/\\\/www.eldiario.net\\\/portal\\\/wp-content\\\/uploads\\\/2023\\\/07\\\/logo_ED.jpg\",\"contentUrl\":\"https:\\\/\\\/www.eldiario.net\\\/portal\\\/wp-content\\\/uploads\\\/2023\\\/07\\\/logo_ED.jpg\",\"width\":272,\"height\":52,\"caption\":\"El Diario - Decano de la prensa nacional\"},\"image\":{\"@id\":\"https:\\\/\\\/www.eldiario.net\\\/portal\\\/#\\\/schema\\\/logo\\\/image\\\/\"},\"sameAs\":[\"https:\\\/\\\/www.facebook.com\\\/eldiario.bolivia\\\/\",\"https:\\\/\\\/x.com\\\/eldiario_net\"]},{\"@type\":\"Person\",\"@id\":\"https:\\\/\\\/www.eldiario.net\\\/portal\\\/#\\\/schema\\\/person\\\/2c57cf2b7a7ae032e449e4c9b1019eac\",\"name\":\"Jeanette\",\"image\":{\"@type\":\"ImageObject\",\"inLanguage\":\"es\",\"@id\":\"https:\\\/\\\/secure.gravatar.com\\\/avatar\\\/3ea2118a5f7dad2b7138b1187a6b7ee55f160b9968b66013c3a3ef39dd7e5798?s=96&d=mm&r=g\",\"url\":\"https:\\\/\\\/secure.gravatar.com\\\/avatar\\\/3ea2118a5f7dad2b7138b1187a6b7ee55f160b9968b66013c3a3ef39dd7e5798?s=96&d=mm&r=g\",\"contentUrl\":\"https:\\\/\\\/secure.gravatar.com\\\/avatar\\\/3ea2118a5f7dad2b7138b1187a6b7ee55f160b9968b66013c3a3ef39dd7e5798?s=96&d=mm&r=g\",\"caption\":\"Jeanette\"},\"sameAs\":[\"https:\\\/\\\/www.eldiario.net\\\/portal\"],\"url\":\"https:\\\/\\\/www.eldiario.net\\\/portal\\\/author\\\/jeanette\\\/\"}]}<\/script>\n<!-- \/ Yoast SEO plugin. -->","yoast_head_json":{"title":"Chile y Bolivia afianzan nuevo ciclo parlamentario - El Diario - Bolivia","robots":{"index":"index","follow":"follow","max-snippet":"max-snippet:-1","max-image-preview":"max-image-preview:large","max-video-preview":"max-video-preview:-1"},"canonical":"https:\/\/www.eldiario.net\/portal\/2026\/09\/06\/chile-y-bolivia-afianzan-nuevo-ciclo-parlamentario\/","og_locale":"es_ES","og_type":"article","og_title":"Chile y Bolivia afianzan nuevo ciclo parlamentario - El Diario - Bolivia","og_description":"El C\u00f3nsul General de Chile, embajador Roberto Ruiz Pirac\u00e9s, ofreci\u00f3 un c\u00f3ctel en su residencia con motivo de la visita de la delegaci\u00f3n de la Comisi\u00f3n de Relaciones Exteriores del Senado de Chile, la primera misi\u00f3n oficial de esta naturaleza en casi dos d\u00e9cadas. El evento congreg\u00f3 a la comitiva parlamentaria chilena encabezada por el [&hellip;]","og_url":"https:\/\/www.eldiario.net\/portal\/2026\/09\/06\/chile-y-bolivia-afianzan-nuevo-ciclo-parlamentario\/","og_site_name":"El Diario - Bolivia","article_publisher":"https:\/\/www.facebook.com\/eldiario.bolivia\/","article_published_time":"2026-09-06T11:51:11+00:00","og_image":[{"width":1200,"height":936,"url":"https:\/\/www.eldiario.net\/portal\/wp-content\/uploads\/2026\/09\/DSC_5349.webp","type":"image\/webp"}],"author":"Jeanette","twitter_card":"summary_large_image","twitter_creator":"@eldiario_net","twitter_site":"@eldiario_net","twitter_misc":{"Escrito por":"Jeanette","Tiempo de lectura":"2 minutos"},"schema":{"@context":"https:\/\/schema.org","@graph":[{"@type":"Article","@id":"https:\/\/www.eldiario.net\/portal\/2026\/09\/06\/chile-y-bolivia-afianzan-nuevo-ciclo-parlamentario\/#article","isPartOf":{"@id":"https:\/\/www.eldiario.net\/portal\/2026\/09\/06\/chile-y-bolivia-afianzan-nuevo-ciclo-parlamentario\/"},"author":{"name":"Jeanette","@id":"https:\/\/www.eldiario.net\/portal\/#\/schema\/person\/2c57cf2b7a7ae032e449e4c9b1019eac"},"headline":"Chile y Bolivia afianzan nuevo ciclo parlamentario","datePublished":"2026-09-06T11:51:11+00:00","mainEntityOfPage":{"@id":"https:\/\/www.eldiario.net\/portal\/2026\/09\/06\/chile-y-bolivia-afianzan-nuevo-ciclo-parlamentario\/"},"wordCount":251,"publisher":{"@id":"https:\/\/www.eldiario.net\/portal\/#organization"},"image":{"@id":"https:\/\/www.eldiario.net\/portal\/2026\/09\/06\/chile-y-bolivia-afianzan-nuevo-ciclo-parlamentario\/#primaryimage"},"thumbnailUrl":"https:\/\/www.eldiario.net\/portal\/wp-content\/uploads\/2026\/09\/DSC_5349.webp","articleSection":["Sociales"],"inLanguage":"es"},{"@type":"WebPage","@id":"https:\/\/www.eldiario.net\/portal\/2026\/09\/06\/chile-y-bolivia-afianzan-nuevo-ciclo-parlamentario\/","url":"https:\/\/www.eldiario.net\/portal\/2026\/09\/06\/chile-y-bolivia-afianzan-nuevo-ciclo-parlamentario\/","name":"Chile y Bolivia afianzan nuevo ciclo parlamentario - El Diario - Bolivia","isPartOf":{"@id":"https:\/\/www.eldiario.net\/portal\/#website"},"primaryImageOfPage":{"@id":"https:\/\/www.eldiario.net\/portal\/2026\/09\/06\/chile-y-bolivia-afianzan-nuevo-ciclo-parlamentario\/#primaryimage"},"image":{"@id":"https:\/\/www.eldiario.net\/portal\/2026\/09\/06\/chile-y-bolivia-afianzan-nuevo-ciclo-parlamentario\/#primaryimage"},"thumbnailUrl":"https:\/\/www.eldiario.net\/portal\/wp-content\/uploads\/2026\/09\/DSC_5349.webp","datePublished":"2026-09-06T11:51:11+00:00","breadcrumb":{"@id":"https:\/\/www.eldiario.net\/portal\/2026\/09\/06\/chile-y-bolivia-afianzan-nuevo-ciclo-parlamentario\/#breadcrumb"},"inLanguage":"es","potentialAction":[{"@type":"ReadAction","target":["https:\/\/www.eldiario.net\/portal\/2026\/09\/06\/chile-y-bolivia-afianzan-nuevo-ciclo-parlamentario\/"]}]},{"@type":"ImageObject","inLanguage":"es","@id":"https:\/\/www.eldiario.net\/portal\/2026\/09\/06\/chile-y-bolivia-afianzan-nuevo-ciclo-parlamentario\/#primaryimage","url":"https:\/\/www.eldiario.net\/portal\/wp-content\/uploads\/2026\/09\/DSC_5349.webp","contentUrl":"https:\/\/www.eldiario.net\/portal\/wp-content\/uploads\/2026\/09\/DSC_5349.webp","width":1200,"height":936,"caption":"JULIO C\u00c1MARA, CHRISTINE STOCKINS, JOS\u00c9 T., JOHAR FIGUEREDO Y NATALIA AGUILERA."},{"@type":"BreadcrumbList","@id":"https:\/\/www.eldiario.net\/portal\/2026\/09\/06\/chile-y-bolivia-afianzan-nuevo-ciclo-parlamentario\/#breadcrumb","itemListElement":[{"@type":"ListItem","position":1,"name":"Portada","item":"https:\/\/www.eldiario.net\/portal\/"},{"@type":"ListItem","position":2,"name":"Chile y Bolivia afianzan nuevo ciclo parlamentario"}]},{"@type":"WebSite","@id":"https:\/\/www.eldiario.net\/portal\/#website","url":"https:\/\/www.eldiario.net\/portal\/","name":"El Diario - Decano de la prensa nacional","description":"El Diario - Decano de la prensa nacional","publisher":{"@id":"https:\/\/www.eldiario.net\/portal\/#organization"},"potentialAction":[{"@type":"SearchAction","target":{"@type":"EntryPoint","urlTemplate":"https:\/\/www.eldiario.net\/portal\/?s={search_term_string}"},"query-input":{"@type":"PropertyValueSpecification","valueRequired":true,"valueName":"search_term_string"}}],"inLanguage":"es"},{"@type":"Organization","@id":"https:\/\/www.eldiario.net\/portal\/#organization","name":"El Diario - Decano de la prensa nacional","url":"https:\/\/www.eldiario.net\/portal\/","logo":{"@type":"ImageObject","inLanguage":"es","@id":"https:\/\/www.eldiario.net\/portal\/#\/schema\/logo\/image\/","url":"https:\/\/www.eldiario.net\/portal\/wp-content\/uploads\/2023\/07\/logo_ED.jpg","contentUrl":"https:\/\/www.eldiario.net\/portal\/wp-content\/uploads\/2023\/07\/logo_ED.jpg","width":272,"height":52,"caption":"El Diario - Decano de la prensa nacional"},"image":{"@id":"https:\/\/www.eldiario.net\/portal\/#\/schema\/logo\/image\/"},"sameAs":["https:\/\/www.facebook.com\/eldiario.bolivia\/","https:\/\/x.com\/eldiario_net"]},{"@type":"Person","@id":"https:\/\/www.eldiario.net\/portal\/#\/schema\/person\/2c57cf2b7a7ae032e449e4c9b1019eac","name":"Jeanette","image":{"@type":"ImageObject","inLanguage":"es","@id":"https:\/\/secure.gravatar.com\/avatar\/3ea2118a5f7dad2b7138b1187a6b7ee55f160b9968b66013c3a3ef39dd7e5798?s=96&d=mm&r=g","url":"https:\/\/secure.gravatar.com\/avatar\/3ea2118a5f7dad2b7138b1187a6b7ee55f160b9968b66013c3a3ef39dd7e5798?s=96&d=mm&r=g","contentUrl":"https:\/\/secure.gravatar.com\/avatar\/3ea2118a5f7dad2b7138b1187a6b7ee55f160b9968b66013c3a3ef39dd7e5798?s=96&d=mm&r=g","caption":"Jeanette"},"sameAs":["https:\/\/www.eldiario.net\/portal"],"url":"https:\/\/www.eldiario.net\/portal\/author\/jeanette\/"}]}},"_links":{"self":[{"href":"https:\/\/www.eldiario.net\/portal\/wp-json\/wp\/v2\/posts\/428131","targetHints":{"allow":["GET"]}}],"collection":[{"href":"https:\/\/www.eldiario.net\/portal\/wp-json\/wp\/v2\/posts"}],"about":[{"href":"https:\/\/www.eldiario.net\/portal\/wp-json\/wp\/v2\/types\/post"}],"author":[{"embeddable":true,"href":"https:\/\/www.eldiario.net\/portal\/wp-json\/wp\/v2\/users\/1"}],"replies":[{"embeddable":true,"href":"https:\/\/www.eldiario.net\/portal\/wp-json\/wp\/v2\/comments?post=428131"}],"version-history":[{"count":1,"href":"https:\/\/www.eldiario.net\/portal\/wp-json\/wp\/v2\/posts\/428131\/revisions"}],"predecessor-version":[{"id":428143,"href":"https:\/\/www.eldiario.net\/portal\/wp-json\/wp\/v2\/posts\/428131\/revisions\/428143"}],"wp:featuredmedia":[{"embeddable":true,"href":"https:\/\/www.eldiario.net\/portal\/wp-json\/wp\/v2\/media\/428137"}],"wp:attachment":[{"href":"https:\/\/www.eldiario.net\/portal\/wp-json\/wp\/v2\/media?parent=428131"}],"wp:term":[{"taxonomy":"category","embeddable":true,"href":"https:\/\/www.eldiario.net\/portal\/wp-json\/wp\/v2\/categories?post=428131"},{"taxonomy":"post_tag","embeddable":true,"href":"https:\/\/www.eldiario.net\/portal\/wp-json\/wp\/v2\/tags?post=428131"}],"curies":[{"name":"wp","href":"https:\/\/api.w.org\/{rel}","templated":true}]}}