{"id":428064,"date":"2026-09-06T07:15:31","date_gmt":"2026-09-06T11:15:31","guid":{"rendered":"https:\/\/www.eldiario.net\/portal\/?p=428064"},"modified":"2026-09-06T07:15:31","modified_gmt":"2026-09-06T11:15:31","slug":"comision-inicia-analisis-del-acuerdo-con-el-fmi","status":"publish","type":"post","link":"https:\/\/www.eldiario.net\/portal\/2026\/09\/06\/comision-inicia-analisis-del-acuerdo-con-el-fmi\/","title":{"rendered":"Comisi\u00f3n inicia an\u00e1lisis  del acuerdo con el FMI"},"content":{"rendered":"<p>Entre las atribuciones constitucionales del \u00d3rgano Legislativo est\u00e1 el ejercer una revisi\u00f3n responsable, t\u00e9cnica y transparente de los acuerdos que tienen incidencia en la econom\u00eda del pa\u00eds y en el bienestar de la poblaci\u00f3n.<br \/>\nEl diputado por la alianza Unidad, Ra\u00fal P\u00e1rraga, en su calidad de presidente de la Comisi\u00f3n de Planificaci\u00f3n, Pol\u00edtica Econ\u00f3mica y Finanzas de la C\u00e1mara de Diputados, inform\u00f3 sobre el desarrollo de la primera mesa t\u00e9cnica de an\u00e1lisis sobre el acuerdo de financiamiento con el Fondo Monetario Internacional (FMI), como parte del proceso de evaluaci\u00f3n de la propuesta normativa que se lleva adelante en instancias del \u00d3rgano Legislativo.<br \/>\nP\u00e1rraga explic\u00f3 que la jornada cont\u00f3 con la participaci\u00f3n del ministro de Econom\u00eda y Finanzas P\u00fablicas junto a su equipo t\u00e9cnico, quienes expusieron los principales componentes, objetivos, alcances y condiciones del acuerdo, proporcionando informaci\u00f3n especializada para el an\u00e1lisis de los legisladores.<br \/>\nLa mesa t\u00e9cnica permiti\u00f3 a los diputados miembros de la Comisi\u00f3n realizar consultas y plantear observaciones sobre los posibles efectos del financiamiento en las finanzas p\u00fablicas, la estabilidad econ\u00f3mica y las condiciones para la recuperaci\u00f3n de la econom\u00eda nacional.<br \/>\nEste espacio de trabajo se desarrolla en el marco de las atribuciones constitucionales del \u00d3rgano Legislativo y del compromiso institucional de ejercer una revisi\u00f3n responsable, t\u00e9cnica y transparente de los acuerdos que tienen incidencia en la econom\u00eda del pa\u00eds y en el bienestar de la poblaci\u00f3n.<br \/>\n\u201cComo Comisi\u00f3n tenemos la responsabilidad de analizar con seriedad y con todos los elementos t\u00e9cnicos disponibles cada componente de este acuerdo. No se trata solamente de conocer el monto del financiamiento, sino de comprender sus condiciones, destino, impacto y los mecanismos que permitan garantizar que estos recursos respondan a las necesidades del pa\u00eds\u201d, se\u00f1al\u00f3 el diputado representante del departamento del Beni.<br \/>\nAsimismo, remarc\u00f3 que el an\u00e1lisis legislativo debe considerar de manera integral los desaf\u00edos que enfrenta la econom\u00eda boliviana, particularmente los desequilibrios fiscales, la estabilidad macroecon\u00f3mica, la presi\u00f3n sobre el tipo de cambio y la necesidad de generar condiciones para la reactivaci\u00f3n productiva, la inversi\u00f3n y el empleo.<br \/>\nPara el asamble\u00edsta, es de suma importancia que cualquier proceso de estabilizaci\u00f3n econ\u00f3mica tenga presente la situaci\u00f3n de las familias bolivianas y de los sectores que se encuentran en mayor situaci\u00f3n de vulnerabilidad.<br \/>\nEn ese sentido, se\u00f1al\u00f3 que el convenio contempla recursos adicionales orientados a preservar los programas sociales y evitar que las medidas de ajuste tengan un impacto desproporcionado sobre las familias de menores ingresos.<br \/>\n\u201cDesde la Comisi\u00f3n vamos a cumplir nuestro mandato institucional con responsabilidad, fiscalizaci\u00f3n y transparencia. Nuestro deber es escuchar, preguntar, analizar y contar con informaci\u00f3n suficiente para contribuir a decisiones que respondan al inter\u00e9s nacional\u201d, asever\u00f3.<br \/>\nFinalmente, P\u00e1rraga reafirm\u00f3 que la Comisi\u00f3n de Planificaci\u00f3n, Pol\u00edtica Econ\u00f3mica y Finanzas continuar\u00e1 impulsando espacios t\u00e9cnicos de an\u00e1lisis y di\u00e1logo institucional, para la recuperaci\u00f3n y reactivaci\u00f3n de la econom\u00eda nacional.<\/p>\n","protected":false},"excerpt":{"rendered":"<p>Entre las atribuciones constitucionales del \u00d3rgano Legislativo est\u00e1 el ejercer una revisi\u00f3n responsable, t\u00e9cnica y transparente de los acuerdos que tienen incidencia en la econom\u00eda del pa\u00eds y en el bienestar de la poblaci\u00f3n. El diputado por la alianza Unidad, Ra\u00fal P\u00e1rraga, en su calidad de presidente de la Comisi\u00f3n de Planificaci\u00f3n, Pol\u00edtica Econ\u00f3mica y [&hellip;]<\/p>\n","protected":false},"author":1,"featured_media":194754,"comment_status":"closed","ping_status":"open","sticky":false,"template":"","format":"standard","meta":{"_acf_changed":false,"footnotes":""},"categories":[14],"tags":[],"class_list":["post-428064","post","type-post","status-publish","format-standard","has-post-thumbnail","category-politica"],"acf":{"antetitulo":"Se busca dar estabilidad nacional"},"yoast_head":"<!-- This site is optimized with the Yoast SEO plugin v28.4 - https:\/\/yoast.com\/product\/yoast-seo-wordpress\/ -->\n<title>Comisi\u00f3n inicia an\u00e1lisis del acuerdo con el FMI - El Diario - Bolivia<\/title>\n<meta name=\"robots\" content=\"index, follow, max-snippet:-1, max-image-preview:large, max-video-preview:-1\" \/>\n<link rel=\"canonical\" href=\"https:\/\/www.eldiario.net\/portal\/2026\/09\/06\/comision-inicia-analisis-del-acuerdo-con-el-fmi\/\" \/>\n<meta property=\"og:locale\" content=\"es_ES\" \/>\n<meta property=\"og:type\" content=\"article\" \/>\n<meta property=\"og:title\" content=\"Comisi\u00f3n inicia an\u00e1lisis del acuerdo con el FMI - El Diario - Bolivia\" \/>\n<meta property=\"og:description\" content=\"Entre las atribuciones constitucionales del \u00d3rgano Legislativo est\u00e1 el ejercer una revisi\u00f3n responsable, t\u00e9cnica y transparente de los acuerdos que tienen incidencia en la econom\u00eda del pa\u00eds y en el bienestar de la poblaci\u00f3n. El diputado por la alianza Unidad, Ra\u00fal P\u00e1rraga, en su calidad de presidente de la Comisi\u00f3n de Planificaci\u00f3n, Pol\u00edtica Econ\u00f3mica y [&hellip;]\" \/>\n<meta property=\"og:url\" content=\"https:\/\/www.eldiario.net\/portal\/2026\/09\/06\/comision-inicia-analisis-del-acuerdo-con-el-fmi\/\" \/>\n<meta property=\"og:site_name\" content=\"El Diario - Bolivia\" \/>\n<meta property=\"article:publisher\" content=\"https:\/\/www.facebook.com\/eldiario.bolivia\/\" \/>\n<meta property=\"article:published_time\" content=\"2026-09-06T11:15:31+00:00\" \/>\n<meta property=\"og:image\" content=\"https:\/\/www.eldiario.net\/portal\/wp-content\/uploads\/2023\/12\/Politica.jpg\" \/>\n\t<meta property=\"og:image:width\" content=\"800\" \/>\n\t<meta property=\"og:image:height\" content=\"500\" \/>\n\t<meta property=\"og:image:type\" content=\"image\/jpeg\" \/>\n<meta name=\"author\" content=\"Jeanette\" \/>\n<meta name=\"twitter:card\" content=\"summary_large_image\" \/>\n<meta name=\"twitter:creator\" content=\"@eldiario_net\" \/>\n<meta name=\"twitter:site\" content=\"@eldiario_net\" \/>\n<meta name=\"twitter:label1\" content=\"Escrito por\" \/>\n\t<meta name=\"twitter:data1\" content=\"Jeanette\" \/>\n\t<meta name=\"twitter:label2\" content=\"Tiempo de lectura\" \/>\n\t<meta name=\"twitter:data2\" content=\"3 minutos\" \/>\n<script type=\"application\/ld+json\" class=\"yoast-schema-graph\">{\"@context\":\"https:\\\/\\\/schema.org\",\"@graph\":[{\"@type\":\"Article\",\"@id\":\"https:\\\/\\\/www.eldiario.net\\\/portal\\\/2026\\\/09\\\/06\\\/comision-inicia-analisis-del-acuerdo-con-el-fmi\\\/#article\",\"isPartOf\":{\"@id\":\"https:\\\/\\\/www.eldiario.net\\\/portal\\\/2026\\\/09\\\/06\\\/comision-inicia-analisis-del-acuerdo-con-el-fmi\\\/\"},\"author\":{\"name\":\"Jeanette\",\"@id\":\"https:\\\/\\\/www.eldiario.net\\\/portal\\\/#\\\/schema\\\/person\\\/2c57cf2b7a7ae032e449e4c9b1019eac\"},\"headline\":\"Comisi\u00f3n inicia an\u00e1lisis del acuerdo con el FMI\",\"datePublished\":\"2026-09-06T11:15:31+00:00\",\"mainEntityOfPage\":{\"@id\":\"https:\\\/\\\/www.eldiario.net\\\/portal\\\/2026\\\/09\\\/06\\\/comision-inicia-analisis-del-acuerdo-con-el-fmi\\\/\"},\"wordCount\":542,\"publisher\":{\"@id\":\"https:\\\/\\\/www.eldiario.net\\\/portal\\\/#organization\"},\"image\":{\"@id\":\"https:\\\/\\\/www.eldiario.net\\\/portal\\\/2026\\\/09\\\/06\\\/comision-inicia-analisis-del-acuerdo-con-el-fmi\\\/#primaryimage\"},\"thumbnailUrl\":\"https:\\\/\\\/www.eldiario.net\\\/portal\\\/wp-content\\\/uploads\\\/2023\\\/12\\\/Politica.jpg\",\"articleSection\":[\"Pol\u00edtica\"],\"inLanguage\":\"es\"},{\"@type\":\"WebPage\",\"@id\":\"https:\\\/\\\/www.eldiario.net\\\/portal\\\/2026\\\/09\\\/06\\\/comision-inicia-analisis-del-acuerdo-con-el-fmi\\\/\",\"url\":\"https:\\\/\\\/www.eldiario.net\\\/portal\\\/2026\\\/09\\\/06\\\/comision-inicia-analisis-del-acuerdo-con-el-fmi\\\/\",\"name\":\"Comisi\u00f3n inicia an\u00e1lisis del acuerdo con el FMI - El Diario - Bolivia\",\"isPartOf\":{\"@id\":\"https:\\\/\\\/www.eldiario.net\\\/portal\\\/#website\"},\"primaryImageOfPage\":{\"@id\":\"https:\\\/\\\/www.eldiario.net\\\/portal\\\/2026\\\/09\\\/06\\\/comision-inicia-analisis-del-acuerdo-con-el-fmi\\\/#primaryimage\"},\"image\":{\"@id\":\"https:\\\/\\\/www.eldiario.net\\\/portal\\\/2026\\\/09\\\/06\\\/comision-inicia-analisis-del-acuerdo-con-el-fmi\\\/#primaryimage\"},\"thumbnailUrl\":\"https:\\\/\\\/www.eldiario.net\\\/portal\\\/wp-content\\\/uploads\\\/2023\\\/12\\\/Politica.jpg\",\"datePublished\":\"2026-09-06T11:15:31+00:00\",\"breadcrumb\":{\"@id\":\"https:\\\/\\\/www.eldiario.net\\\/portal\\\/2026\\\/09\\\/06\\\/comision-inicia-analisis-del-acuerdo-con-el-fmi\\\/#breadcrumb\"},\"inLanguage\":\"es\",\"potentialAction\":[{\"@type\":\"ReadAction\",\"target\":[\"https:\\\/\\\/www.eldiario.net\\\/portal\\\/2026\\\/09\\\/06\\\/comision-inicia-analisis-del-acuerdo-con-el-fmi\\\/\"]}]},{\"@type\":\"ImageObject\",\"inLanguage\":\"es\",\"@id\":\"https:\\\/\\\/www.eldiario.net\\\/portal\\\/2026\\\/09\\\/06\\\/comision-inicia-analisis-del-acuerdo-con-el-fmi\\\/#primaryimage\",\"url\":\"https:\\\/\\\/www.eldiario.net\\\/portal\\\/wp-content\\\/uploads\\\/2023\\\/12\\\/Politica.jpg\",\"contentUrl\":\"https:\\\/\\\/www.eldiario.net\\\/portal\\\/wp-content\\\/uploads\\\/2023\\\/12\\\/Politica.jpg\",\"width\":800,\"height\":500},{\"@type\":\"BreadcrumbList\",\"@id\":\"https:\\\/\\\/www.eldiario.net\\\/portal\\\/2026\\\/09\\\/06\\\/comision-inicia-analisis-del-acuerdo-con-el-fmi\\\/#breadcrumb\",\"itemListElement\":[{\"@type\":\"ListItem\",\"position\":1,\"name\":\"Portada\",\"item\":\"https:\\\/\\\/www.eldiario.net\\\/portal\\\/\"},{\"@type\":\"ListItem\",\"position\":2,\"name\":\"Comisi\u00f3n inicia an\u00e1lisis del acuerdo con el FMI\"}]},{\"@type\":\"WebSite\",\"@id\":\"https:\\\/\\\/www.eldiario.net\\\/portal\\\/#website\",\"url\":\"https:\\\/\\\/www.eldiario.net\\\/portal\\\/\",\"name\":\"El Diario - Decano de la prensa nacional\",\"description\":\"El Diario - Decano de la prensa nacional\",\"publisher\":{\"@id\":\"https:\\\/\\\/www.eldiario.net\\\/portal\\\/#organization\"},\"potentialAction\":[{\"@type\":\"SearchAction\",\"target\":{\"@type\":\"EntryPoint\",\"urlTemplate\":\"https:\\\/\\\/www.eldiario.net\\\/portal\\\/?s={search_term_string}\"},\"query-input\":{\"@type\":\"PropertyValueSpecification\",\"valueRequired\":true,\"valueName\":\"search_term_string\"}}],\"inLanguage\":\"es\"},{\"@type\":\"Organization\",\"@id\":\"https:\\\/\\\/www.eldiario.net\\\/portal\\\/#organization\",\"name\":\"El Diario - Decano de la prensa nacional\",\"url\":\"https:\\\/\\\/www.eldiario.net\\\/portal\\\/\",\"logo\":{\"@type\":\"ImageObject\",\"inLanguage\":\"es\",\"@id\":\"https:\\\/\\\/www.eldiario.net\\\/portal\\\/#\\\/schema\\\/logo\\\/image\\\/\",\"url\":\"https:\\\/\\\/www.eldiario.net\\\/portal\\\/wp-content\\\/uploads\\\/2023\\\/07\\\/logo_ED.jpg\",\"contentUrl\":\"https:\\\/\\\/www.eldiario.net\\\/portal\\\/wp-content\\\/uploads\\\/2023\\\/07\\\/logo_ED.jpg\",\"width\":272,\"height\":52,\"caption\":\"El Diario - Decano de la prensa nacional\"},\"image\":{\"@id\":\"https:\\\/\\\/www.eldiario.net\\\/portal\\\/#\\\/schema\\\/logo\\\/image\\\/\"},\"sameAs\":[\"https:\\\/\\\/www.facebook.com\\\/eldiario.bolivia\\\/\",\"https:\\\/\\\/x.com\\\/eldiario_net\"]},{\"@type\":\"Person\",\"@id\":\"https:\\\/\\\/www.eldiario.net\\\/portal\\\/#\\\/schema\\\/person\\\/2c57cf2b7a7ae032e449e4c9b1019eac\",\"name\":\"Jeanette\",\"image\":{\"@type\":\"ImageObject\",\"inLanguage\":\"es\",\"@id\":\"https:\\\/\\\/secure.gravatar.com\\\/avatar\\\/3ea2118a5f7dad2b7138b1187a6b7ee55f160b9968b66013c3a3ef39dd7e5798?s=96&d=mm&r=g\",\"url\":\"https:\\\/\\\/secure.gravatar.com\\\/avatar\\\/3ea2118a5f7dad2b7138b1187a6b7ee55f160b9968b66013c3a3ef39dd7e5798?s=96&d=mm&r=g\",\"contentUrl\":\"https:\\\/\\\/secure.gravatar.com\\\/avatar\\\/3ea2118a5f7dad2b7138b1187a6b7ee55f160b9968b66013c3a3ef39dd7e5798?s=96&d=mm&r=g\",\"caption\":\"Jeanette\"},\"sameAs\":[\"https:\\\/\\\/www.eldiario.net\\\/portal\"],\"url\":\"https:\\\/\\\/www.eldiario.net\\\/portal\\\/author\\\/jeanette\\\/\"}]}<\/script>\n<!-- \/ Yoast SEO plugin. -->","yoast_head_json":{"title":"Comisi\u00f3n inicia an\u00e1lisis del acuerdo con el FMI - El Diario - Bolivia","robots":{"index":"index","follow":"follow","max-snippet":"max-snippet:-1","max-image-preview":"max-image-preview:large","max-video-preview":"max-video-preview:-1"},"canonical":"https:\/\/www.eldiario.net\/portal\/2026\/09\/06\/comision-inicia-analisis-del-acuerdo-con-el-fmi\/","og_locale":"es_ES","og_type":"article","og_title":"Comisi\u00f3n inicia an\u00e1lisis del acuerdo con el FMI - El Diario - Bolivia","og_description":"Entre las atribuciones constitucionales del \u00d3rgano Legislativo est\u00e1 el ejercer una revisi\u00f3n responsable, t\u00e9cnica y transparente de los acuerdos que tienen incidencia en la econom\u00eda del pa\u00eds y en el bienestar de la poblaci\u00f3n. El diputado por la alianza Unidad, Ra\u00fal P\u00e1rraga, en su calidad de presidente de la Comisi\u00f3n de Planificaci\u00f3n, Pol\u00edtica Econ\u00f3mica y [&hellip;]","og_url":"https:\/\/www.eldiario.net\/portal\/2026\/09\/06\/comision-inicia-analisis-del-acuerdo-con-el-fmi\/","og_site_name":"El Diario - Bolivia","article_publisher":"https:\/\/www.facebook.com\/eldiario.bolivia\/","article_published_time":"2026-09-06T11:15:31+00:00","og_image":[{"width":800,"height":500,"url":"https:\/\/www.eldiario.net\/portal\/wp-content\/uploads\/2023\/12\/Politica.jpg","type":"image\/jpeg"}],"author":"Jeanette","twitter_card":"summary_large_image","twitter_creator":"@eldiario_net","twitter_site":"@eldiario_net","twitter_misc":{"Escrito por":"Jeanette","Tiempo de lectura":"3 minutos"},"schema":{"@context":"https:\/\/schema.org","@graph":[{"@type":"Article","@id":"https:\/\/www.eldiario.net\/portal\/2026\/09\/06\/comision-inicia-analisis-del-acuerdo-con-el-fmi\/#article","isPartOf":{"@id":"https:\/\/www.eldiario.net\/portal\/2026\/09\/06\/comision-inicia-analisis-del-acuerdo-con-el-fmi\/"},"author":{"name":"Jeanette","@id":"https:\/\/www.eldiario.net\/portal\/#\/schema\/person\/2c57cf2b7a7ae032e449e4c9b1019eac"},"headline":"Comisi\u00f3n inicia an\u00e1lisis del acuerdo con el FMI","datePublished":"2026-09-06T11:15:31+00:00","mainEntityOfPage":{"@id":"https:\/\/www.eldiario.net\/portal\/2026\/09\/06\/comision-inicia-analisis-del-acuerdo-con-el-fmi\/"},"wordCount":542,"publisher":{"@id":"https:\/\/www.eldiario.net\/portal\/#organization"},"image":{"@id":"https:\/\/www.eldiario.net\/portal\/2026\/09\/06\/comision-inicia-analisis-del-acuerdo-con-el-fmi\/#primaryimage"},"thumbnailUrl":"https:\/\/www.eldiario.net\/portal\/wp-content\/uploads\/2023\/12\/Politica.jpg","articleSection":["Pol\u00edtica"],"inLanguage":"es"},{"@type":"WebPage","@id":"https:\/\/www.eldiario.net\/portal\/2026\/09\/06\/comision-inicia-analisis-del-acuerdo-con-el-fmi\/","url":"https:\/\/www.eldiario.net\/portal\/2026\/09\/06\/comision-inicia-analisis-del-acuerdo-con-el-fmi\/","name":"Comisi\u00f3n inicia an\u00e1lisis del acuerdo con el FMI - El Diario - Bolivia","isPartOf":{"@id":"https:\/\/www.eldiario.net\/portal\/#website"},"primaryImageOfPage":{"@id":"https:\/\/www.eldiario.net\/portal\/2026\/09\/06\/comision-inicia-analisis-del-acuerdo-con-el-fmi\/#primaryimage"},"image":{"@id":"https:\/\/www.eldiario.net\/portal\/2026\/09\/06\/comision-inicia-analisis-del-acuerdo-con-el-fmi\/#primaryimage"},"thumbnailUrl":"https:\/\/www.eldiario.net\/portal\/wp-content\/uploads\/2023\/12\/Politica.jpg","datePublished":"2026-09-06T11:15:31+00:00","breadcrumb":{"@id":"https:\/\/www.eldiario.net\/portal\/2026\/09\/06\/comision-inicia-analisis-del-acuerdo-con-el-fmi\/#breadcrumb"},"inLanguage":"es","potentialAction":[{"@type":"ReadAction","target":["https:\/\/www.eldiario.net\/portal\/2026\/09\/06\/comision-inicia-analisis-del-acuerdo-con-el-fmi\/"]}]},{"@type":"ImageObject","inLanguage":"es","@id":"https:\/\/www.eldiario.net\/portal\/2026\/09\/06\/comision-inicia-analisis-del-acuerdo-con-el-fmi\/#primaryimage","url":"https:\/\/www.eldiario.net\/portal\/wp-content\/uploads\/2023\/12\/Politica.jpg","contentUrl":"https:\/\/www.eldiario.net\/portal\/wp-content\/uploads\/2023\/12\/Politica.jpg","width":800,"height":500},{"@type":"BreadcrumbList","@id":"https:\/\/www.eldiario.net\/portal\/2026\/09\/06\/comision-inicia-analisis-del-acuerdo-con-el-fmi\/#breadcrumb","itemListElement":[{"@type":"ListItem","position":1,"name":"Portada","item":"https:\/\/www.eldiario.net\/portal\/"},{"@type":"ListItem","position":2,"name":"Comisi\u00f3n inicia an\u00e1lisis del acuerdo con el FMI"}]},{"@type":"WebSite","@id":"https:\/\/www.eldiario.net\/portal\/#website","url":"https:\/\/www.eldiario.net\/portal\/","name":"El Diario - Decano de la prensa nacional","description":"El Diario - Decano de la prensa nacional","publisher":{"@id":"https:\/\/www.eldiario.net\/portal\/#organization"},"potentialAction":[{"@type":"SearchAction","target":{"@type":"EntryPoint","urlTemplate":"https:\/\/www.eldiario.net\/portal\/?s={search_term_string}"},"query-input":{"@type":"PropertyValueSpecification","valueRequired":true,"valueName":"search_term_string"}}],"inLanguage":"es"},{"@type":"Organization","@id":"https:\/\/www.eldiario.net\/portal\/#organization","name":"El Diario - Decano de la prensa nacional","url":"https:\/\/www.eldiario.net\/portal\/","logo":{"@type":"ImageObject","inLanguage":"es","@id":"https:\/\/www.eldiario.net\/portal\/#\/schema\/logo\/image\/","url":"https:\/\/www.eldiario.net\/portal\/wp-content\/uploads\/2023\/07\/logo_ED.jpg","contentUrl":"https:\/\/www.eldiario.net\/portal\/wp-content\/uploads\/2023\/07\/logo_ED.jpg","width":272,"height":52,"caption":"El Diario - Decano de la prensa nacional"},"image":{"@id":"https:\/\/www.eldiario.net\/portal\/#\/schema\/logo\/image\/"},"sameAs":["https:\/\/www.facebook.com\/eldiario.bolivia\/","https:\/\/x.com\/eldiario_net"]},{"@type":"Person","@id":"https:\/\/www.eldiario.net\/portal\/#\/schema\/person\/2c57cf2b7a7ae032e449e4c9b1019eac","name":"Jeanette","image":{"@type":"ImageObject","inLanguage":"es","@id":"https:\/\/secure.gravatar.com\/avatar\/3ea2118a5f7dad2b7138b1187a6b7ee55f160b9968b66013c3a3ef39dd7e5798?s=96&d=mm&r=g","url":"https:\/\/secure.gravatar.com\/avatar\/3ea2118a5f7dad2b7138b1187a6b7ee55f160b9968b66013c3a3ef39dd7e5798?s=96&d=mm&r=g","contentUrl":"https:\/\/secure.gravatar.com\/avatar\/3ea2118a5f7dad2b7138b1187a6b7ee55f160b9968b66013c3a3ef39dd7e5798?s=96&d=mm&r=g","caption":"Jeanette"},"sameAs":["https:\/\/www.eldiario.net\/portal"],"url":"https:\/\/www.eldiario.net\/portal\/author\/jeanette\/"}]}},"_links":{"self":[{"href":"https:\/\/www.eldiario.net\/portal\/wp-json\/wp\/v2\/posts\/428064","targetHints":{"allow":["GET"]}}],"collection":[{"href":"https:\/\/www.eldiario.net\/portal\/wp-json\/wp\/v2\/posts"}],"about":[{"href":"https:\/\/www.eldiario.net\/portal\/wp-json\/wp\/v2\/types\/post"}],"author":[{"embeddable":true,"href":"https:\/\/www.eldiario.net\/portal\/wp-json\/wp\/v2\/users\/1"}],"replies":[{"embeddable":true,"href":"https:\/\/www.eldiario.net\/portal\/wp-json\/wp\/v2\/comments?post=428064"}],"version-history":[{"count":1,"href":"https:\/\/www.eldiario.net\/portal\/wp-json\/wp\/v2\/posts\/428064\/revisions"}],"predecessor-version":[{"id":428065,"href":"https:\/\/www.eldiario.net\/portal\/wp-json\/wp\/v2\/posts\/428064\/revisions\/428065"}],"wp:featuredmedia":[{"embeddable":true,"href":"https:\/\/www.eldiario.net\/portal\/wp-json\/wp\/v2\/media\/194754"}],"wp:attachment":[{"href":"https:\/\/www.eldiario.net\/portal\/wp-json\/wp\/v2\/media?parent=428064"}],"wp:term":[{"taxonomy":"category","embeddable":true,"href":"https:\/\/www.eldiario.net\/portal\/wp-json\/wp\/v2\/categories?post=428064"},{"taxonomy":"post_tag","embeddable":true,"href":"https:\/\/www.eldiario.net\/portal\/wp-json\/wp\/v2\/tags?post=428064"}],"curies":[{"name":"wp","href":"https:\/\/api.w.org\/{rel}","templated":true}]}}