{"id":428053,"date":"2026-09-06T07:09:50","date_gmt":"2026-09-06T11:09:50","guid":{"rendered":"https:\/\/www.eldiario.net\/portal\/?p=428053"},"modified":"2026-09-06T07:09:50","modified_gmt":"2026-09-06T11:09:50","slug":"hospital-arco-iris-brindara-unas-5-000-atenciones-gratuitas","status":"publish","type":"post","link":"https:\/\/www.eldiario.net\/portal\/2026\/09\/06\/hospital-arco-iris-brindara-unas-5-000-atenciones-gratuitas\/","title":{"rendered":"Hospital Arco Iris brindar\u00e1  unas 5.000 atenciones gratuitas"},"content":{"rendered":"<p>En el marco de la celebraci\u00f3n de sus 25 a\u00f1os de vida institucional, Bodas de Plata, el Hospital Arco Iris prepara una nueva versi\u00f3n del \u201cHospital Abierto 2026, abrazando la vida\u201d, una de las principales actividades conmemorativas que prev\u00e9 llegar a entre 4.500 y 5.000 atenciones m\u00e9dicas gratuitas y servicios de salud a la poblaci\u00f3n. La actividad se llevar\u00e1 a cabo el d\u00eda s\u00e1bado 26 de septiembre.<br \/>\n\u201cEste a\u00f1o nos hemos planteado 5.000 pacientes, un reto para todos (\u2026) porque queremos llegar a esa cantidad. Este d\u00eda tan importante, 26 de septiembre, s\u00e1bado empieza nuestra jornada a las siete y 30 u ocho y terminados a las cinco (de la tarde) tenemos 10 horas o un poco m\u00e1s donde atenderemos a la poblaci\u00f3n\u201d, se\u00f1al\u00f3 la directora ejecutiva del nosocomio pace\u00f1o, Yael Caz\u00f3n.<br \/>\nAdem\u00e1s, entre las sorpresas que brindar\u00e1n durante esa jornada, destacan las atenciones gratuitas de: 100 tomograf\u00edas de cerebro, un centenar de radiograf\u00edas de cadera y similar cantidad de Rayos X de t\u00f3rax, entre otros beneficios que tendr\u00e1n los pacientes.<br \/>\nSe prev\u00e9 que en esta gesti\u00f3n, el Hospital Abierto contar\u00e1 con la participaci\u00f3n de m\u00e1s de 120 profesionales m\u00e9dicos de entre 40 y 45 especialidades, quienes brindar\u00e1n atenci\u00f3n gratuita.<br \/>\nLos pacientes tambi\u00e9n podr\u00e1n acceder a medicaci\u00f3n inicial para sus tratamientos, gracias al apoyo de empresas farmac\u00e9uticas, adem\u00e1s de estudios complementarios gratuitos y otros servicios a costos solidarios, de acuerdo con la valoraci\u00f3n m\u00e9dica y las condiciones establecidas por la instituci\u00f3n.<br \/>\nTambi\u00e9n se contar\u00e1 con la participaci\u00f3n de artistas invitados, como parte de la celebraci\u00f3n de los 25 a\u00f1os del Hospital Arco Iris y como un espacio de acercamiento y encuentro con la poblaci\u00f3n.<br \/>\nLas personas interesadas pueden agendar su consulta a trav\u00e9s de los n\u00fameros de celulares 77790413, 77796807 y 77796811, mediante el contacto de WhatsApp.<\/p>\n<p>&nbsp;<\/p>\n","protected":false},"excerpt":{"rendered":"<p>En el marco de la celebraci\u00f3n de sus 25 a\u00f1os de vida institucional, Bodas de Plata, el Hospital Arco Iris prepara una nueva versi\u00f3n del \u201cHospital Abierto 2026, abrazando la vida\u201d, una de las principales actividades conmemorativas que prev\u00e9 llegar a entre 4.500 y 5.000 atenciones m\u00e9dicas gratuitas y servicios de salud a la poblaci\u00f3n. [&hellip;]<\/p>\n","protected":false},"author":1,"featured_media":428054,"comment_status":"closed","ping_status":"open","sticky":false,"template":"","format":"standard","meta":{"_acf_changed":false,"footnotes":""},"categories":[12],"tags":[],"class_list":["post-428053","post","type-post","status-publish","format-standard","has-post-thumbnail","category-nacional"],"acf":{"antetitulo":"Celebra sus Bodas de Plata "},"yoast_head":"<!-- This site is optimized with the Yoast SEO plugin v28.4 - https:\/\/yoast.com\/product\/yoast-seo-wordpress\/ -->\n<title>Hospital Arco Iris brindar\u00e1 unas 5.000 atenciones gratuitas - El Diario - Bolivia<\/title>\n<meta name=\"robots\" content=\"index, follow, max-snippet:-1, max-image-preview:large, max-video-preview:-1\" \/>\n<link rel=\"canonical\" href=\"https:\/\/www.eldiario.net\/portal\/2026\/09\/06\/hospital-arco-iris-brindara-unas-5-000-atenciones-gratuitas\/\" \/>\n<meta property=\"og:locale\" content=\"es_ES\" \/>\n<meta property=\"og:type\" content=\"article\" \/>\n<meta property=\"og:title\" content=\"Hospital Arco Iris brindar\u00e1 unas 5.000 atenciones gratuitas - El Diario - Bolivia\" \/>\n<meta property=\"og:description\" content=\"En el marco de la celebraci\u00f3n de sus 25 a\u00f1os de vida institucional, Bodas de Plata, el Hospital Arco Iris prepara una nueva versi\u00f3n del \u201cHospital Abierto 2026, abrazando la vida\u201d, una de las principales actividades conmemorativas que prev\u00e9 llegar a entre 4.500 y 5.000 atenciones m\u00e9dicas gratuitas y servicios de salud a la poblaci\u00f3n. [&hellip;]\" \/>\n<meta property=\"og:url\" content=\"https:\/\/www.eldiario.net\/portal\/2026\/09\/06\/hospital-arco-iris-brindara-unas-5-000-atenciones-gratuitas\/\" \/>\n<meta property=\"og:site_name\" content=\"El Diario - Bolivia\" \/>\n<meta property=\"article:publisher\" content=\"https:\/\/www.facebook.com\/eldiario.bolivia\/\" \/>\n<meta property=\"article:published_time\" content=\"2026-09-06T11:09:50+00:00\" \/>\n<meta property=\"og:image\" content=\"https:\/\/www.eldiario.net\/portal\/wp-content\/uploads\/2026\/09\/F-3-ARCO-IRIS.webp\" \/>\n\t<meta property=\"og:image:width\" content=\"1638\" \/>\n\t<meta property=\"og:image:height\" content=\"1092\" \/>\n\t<meta property=\"og:image:type\" content=\"image\/webp\" \/>\n<meta name=\"author\" content=\"Jeanette\" \/>\n<meta name=\"twitter:card\" content=\"summary_large_image\" \/>\n<meta name=\"twitter:creator\" content=\"@eldiario_net\" \/>\n<meta name=\"twitter:site\" content=\"@eldiario_net\" \/>\n<meta name=\"twitter:label1\" content=\"Escrito por\" \/>\n\t<meta name=\"twitter:data1\" content=\"Jeanette\" \/>\n\t<meta name=\"twitter:label2\" content=\"Tiempo de lectura\" \/>\n\t<meta name=\"twitter:data2\" content=\"2 minutos\" \/>\n<script type=\"application\/ld+json\" class=\"yoast-schema-graph\">{\"@context\":\"https:\\\/\\\/schema.org\",\"@graph\":[{\"@type\":\"Article\",\"@id\":\"https:\\\/\\\/www.eldiario.net\\\/portal\\\/2026\\\/09\\\/06\\\/hospital-arco-iris-brindara-unas-5-000-atenciones-gratuitas\\\/#article\",\"isPartOf\":{\"@id\":\"https:\\\/\\\/www.eldiario.net\\\/portal\\\/2026\\\/09\\\/06\\\/hospital-arco-iris-brindara-unas-5-000-atenciones-gratuitas\\\/\"},\"author\":{\"name\":\"Jeanette\",\"@id\":\"https:\\\/\\\/www.eldiario.net\\\/portal\\\/#\\\/schema\\\/person\\\/2c57cf2b7a7ae032e449e4c9b1019eac\"},\"headline\":\"Hospital Arco Iris brindar\u00e1 unas 5.000 atenciones gratuitas\",\"datePublished\":\"2026-09-06T11:09:50+00:00\",\"mainEntityOfPage\":{\"@id\":\"https:\\\/\\\/www.eldiario.net\\\/portal\\\/2026\\\/09\\\/06\\\/hospital-arco-iris-brindara-unas-5-000-atenciones-gratuitas\\\/\"},\"wordCount\":329,\"publisher\":{\"@id\":\"https:\\\/\\\/www.eldiario.net\\\/portal\\\/#organization\"},\"image\":{\"@id\":\"https:\\\/\\\/www.eldiario.net\\\/portal\\\/2026\\\/09\\\/06\\\/hospital-arco-iris-brindara-unas-5-000-atenciones-gratuitas\\\/#primaryimage\"},\"thumbnailUrl\":\"https:\\\/\\\/www.eldiario.net\\\/portal\\\/wp-content\\\/uploads\\\/2026\\\/09\\\/F-3-ARCO-IRIS.webp\",\"articleSection\":[\"Nacional\"],\"inLanguage\":\"es\"},{\"@type\":\"WebPage\",\"@id\":\"https:\\\/\\\/www.eldiario.net\\\/portal\\\/2026\\\/09\\\/06\\\/hospital-arco-iris-brindara-unas-5-000-atenciones-gratuitas\\\/\",\"url\":\"https:\\\/\\\/www.eldiario.net\\\/portal\\\/2026\\\/09\\\/06\\\/hospital-arco-iris-brindara-unas-5-000-atenciones-gratuitas\\\/\",\"name\":\"Hospital Arco Iris brindar\u00e1 unas 5.000 atenciones gratuitas - El Diario - Bolivia\",\"isPartOf\":{\"@id\":\"https:\\\/\\\/www.eldiario.net\\\/portal\\\/#website\"},\"primaryImageOfPage\":{\"@id\":\"https:\\\/\\\/www.eldiario.net\\\/portal\\\/2026\\\/09\\\/06\\\/hospital-arco-iris-brindara-unas-5-000-atenciones-gratuitas\\\/#primaryimage\"},\"image\":{\"@id\":\"https:\\\/\\\/www.eldiario.net\\\/portal\\\/2026\\\/09\\\/06\\\/hospital-arco-iris-brindara-unas-5-000-atenciones-gratuitas\\\/#primaryimage\"},\"thumbnailUrl\":\"https:\\\/\\\/www.eldiario.net\\\/portal\\\/wp-content\\\/uploads\\\/2026\\\/09\\\/F-3-ARCO-IRIS.webp\",\"datePublished\":\"2026-09-06T11:09:50+00:00\",\"breadcrumb\":{\"@id\":\"https:\\\/\\\/www.eldiario.net\\\/portal\\\/2026\\\/09\\\/06\\\/hospital-arco-iris-brindara-unas-5-000-atenciones-gratuitas\\\/#breadcrumb\"},\"inLanguage\":\"es\",\"potentialAction\":[{\"@type\":\"ReadAction\",\"target\":[\"https:\\\/\\\/www.eldiario.net\\\/portal\\\/2026\\\/09\\\/06\\\/hospital-arco-iris-brindara-unas-5-000-atenciones-gratuitas\\\/\"]}]},{\"@type\":\"ImageObject\",\"inLanguage\":\"es\",\"@id\":\"https:\\\/\\\/www.eldiario.net\\\/portal\\\/2026\\\/09\\\/06\\\/hospital-arco-iris-brindara-unas-5-000-atenciones-gratuitas\\\/#primaryimage\",\"url\":\"https:\\\/\\\/www.eldiario.net\\\/portal\\\/wp-content\\\/uploads\\\/2026\\\/09\\\/F-3-ARCO-IRIS.webp\",\"contentUrl\":\"https:\\\/\\\/www.eldiario.net\\\/portal\\\/wp-content\\\/uploads\\\/2026\\\/09\\\/F-3-ARCO-IRIS.webp\",\"width\":1638,\"height\":1092,\"caption\":\"Autoridades del nosocomio comparten los n\u00fameros para reservas.\"},{\"@type\":\"BreadcrumbList\",\"@id\":\"https:\\\/\\\/www.eldiario.net\\\/portal\\\/2026\\\/09\\\/06\\\/hospital-arco-iris-brindara-unas-5-000-atenciones-gratuitas\\\/#breadcrumb\",\"itemListElement\":[{\"@type\":\"ListItem\",\"position\":1,\"name\":\"Portada\",\"item\":\"https:\\\/\\\/www.eldiario.net\\\/portal\\\/\"},{\"@type\":\"ListItem\",\"position\":2,\"name\":\"Hospital Arco Iris brindar\u00e1 unas 5.000 atenciones gratuitas\"}]},{\"@type\":\"WebSite\",\"@id\":\"https:\\\/\\\/www.eldiario.net\\\/portal\\\/#website\",\"url\":\"https:\\\/\\\/www.eldiario.net\\\/portal\\\/\",\"name\":\"El Diario - Decano de la prensa nacional\",\"description\":\"El Diario - Decano de la prensa nacional\",\"publisher\":{\"@id\":\"https:\\\/\\\/www.eldiario.net\\\/portal\\\/#organization\"},\"potentialAction\":[{\"@type\":\"SearchAction\",\"target\":{\"@type\":\"EntryPoint\",\"urlTemplate\":\"https:\\\/\\\/www.eldiario.net\\\/portal\\\/?s={search_term_string}\"},\"query-input\":{\"@type\":\"PropertyValueSpecification\",\"valueRequired\":true,\"valueName\":\"search_term_string\"}}],\"inLanguage\":\"es\"},{\"@type\":\"Organization\",\"@id\":\"https:\\\/\\\/www.eldiario.net\\\/portal\\\/#organization\",\"name\":\"El Diario - Decano de la prensa nacional\",\"url\":\"https:\\\/\\\/www.eldiario.net\\\/portal\\\/\",\"logo\":{\"@type\":\"ImageObject\",\"inLanguage\":\"es\",\"@id\":\"https:\\\/\\\/www.eldiario.net\\\/portal\\\/#\\\/schema\\\/logo\\\/image\\\/\",\"url\":\"https:\\\/\\\/www.eldiario.net\\\/portal\\\/wp-content\\\/uploads\\\/2023\\\/07\\\/logo_ED.jpg\",\"contentUrl\":\"https:\\\/\\\/www.eldiario.net\\\/portal\\\/wp-content\\\/uploads\\\/2023\\\/07\\\/logo_ED.jpg\",\"width\":272,\"height\":52,\"caption\":\"El Diario - Decano de la prensa nacional\"},\"image\":{\"@id\":\"https:\\\/\\\/www.eldiario.net\\\/portal\\\/#\\\/schema\\\/logo\\\/image\\\/\"},\"sameAs\":[\"https:\\\/\\\/www.facebook.com\\\/eldiario.bolivia\\\/\",\"https:\\\/\\\/x.com\\\/eldiario_net\"]},{\"@type\":\"Person\",\"@id\":\"https:\\\/\\\/www.eldiario.net\\\/portal\\\/#\\\/schema\\\/person\\\/2c57cf2b7a7ae032e449e4c9b1019eac\",\"name\":\"Jeanette\",\"image\":{\"@type\":\"ImageObject\",\"inLanguage\":\"es\",\"@id\":\"https:\\\/\\\/secure.gravatar.com\\\/avatar\\\/3ea2118a5f7dad2b7138b1187a6b7ee55f160b9968b66013c3a3ef39dd7e5798?s=96&d=mm&r=g\",\"url\":\"https:\\\/\\\/secure.gravatar.com\\\/avatar\\\/3ea2118a5f7dad2b7138b1187a6b7ee55f160b9968b66013c3a3ef39dd7e5798?s=96&d=mm&r=g\",\"contentUrl\":\"https:\\\/\\\/secure.gravatar.com\\\/avatar\\\/3ea2118a5f7dad2b7138b1187a6b7ee55f160b9968b66013c3a3ef39dd7e5798?s=96&d=mm&r=g\",\"caption\":\"Jeanette\"},\"sameAs\":[\"https:\\\/\\\/www.eldiario.net\\\/portal\"],\"url\":\"https:\\\/\\\/www.eldiario.net\\\/portal\\\/author\\\/jeanette\\\/\"}]}<\/script>\n<!-- \/ Yoast SEO plugin. -->","yoast_head_json":{"title":"Hospital Arco Iris brindar\u00e1 unas 5.000 atenciones gratuitas - El Diario - Bolivia","robots":{"index":"index","follow":"follow","max-snippet":"max-snippet:-1","max-image-preview":"max-image-preview:large","max-video-preview":"max-video-preview:-1"},"canonical":"https:\/\/www.eldiario.net\/portal\/2026\/09\/06\/hospital-arco-iris-brindara-unas-5-000-atenciones-gratuitas\/","og_locale":"es_ES","og_type":"article","og_title":"Hospital Arco Iris brindar\u00e1 unas 5.000 atenciones gratuitas - El Diario - Bolivia","og_description":"En el marco de la celebraci\u00f3n de sus 25 a\u00f1os de vida institucional, Bodas de Plata, el Hospital Arco Iris prepara una nueva versi\u00f3n del \u201cHospital Abierto 2026, abrazando la vida\u201d, una de las principales actividades conmemorativas que prev\u00e9 llegar a entre 4.500 y 5.000 atenciones m\u00e9dicas gratuitas y servicios de salud a la poblaci\u00f3n. [&hellip;]","og_url":"https:\/\/www.eldiario.net\/portal\/2026\/09\/06\/hospital-arco-iris-brindara-unas-5-000-atenciones-gratuitas\/","og_site_name":"El Diario - Bolivia","article_publisher":"https:\/\/www.facebook.com\/eldiario.bolivia\/","article_published_time":"2026-09-06T11:09:50+00:00","og_image":[{"width":1638,"height":1092,"url":"https:\/\/www.eldiario.net\/portal\/wp-content\/uploads\/2026\/09\/F-3-ARCO-IRIS.webp","type":"image\/webp"}],"author":"Jeanette","twitter_card":"summary_large_image","twitter_creator":"@eldiario_net","twitter_site":"@eldiario_net","twitter_misc":{"Escrito por":"Jeanette","Tiempo de lectura":"2 minutos"},"schema":{"@context":"https:\/\/schema.org","@graph":[{"@type":"Article","@id":"https:\/\/www.eldiario.net\/portal\/2026\/09\/06\/hospital-arco-iris-brindara-unas-5-000-atenciones-gratuitas\/#article","isPartOf":{"@id":"https:\/\/www.eldiario.net\/portal\/2026\/09\/06\/hospital-arco-iris-brindara-unas-5-000-atenciones-gratuitas\/"},"author":{"name":"Jeanette","@id":"https:\/\/www.eldiario.net\/portal\/#\/schema\/person\/2c57cf2b7a7ae032e449e4c9b1019eac"},"headline":"Hospital Arco Iris brindar\u00e1 unas 5.000 atenciones gratuitas","datePublished":"2026-09-06T11:09:50+00:00","mainEntityOfPage":{"@id":"https:\/\/www.eldiario.net\/portal\/2026\/09\/06\/hospital-arco-iris-brindara-unas-5-000-atenciones-gratuitas\/"},"wordCount":329,"publisher":{"@id":"https:\/\/www.eldiario.net\/portal\/#organization"},"image":{"@id":"https:\/\/www.eldiario.net\/portal\/2026\/09\/06\/hospital-arco-iris-brindara-unas-5-000-atenciones-gratuitas\/#primaryimage"},"thumbnailUrl":"https:\/\/www.eldiario.net\/portal\/wp-content\/uploads\/2026\/09\/F-3-ARCO-IRIS.webp","articleSection":["Nacional"],"inLanguage":"es"},{"@type":"WebPage","@id":"https:\/\/www.eldiario.net\/portal\/2026\/09\/06\/hospital-arco-iris-brindara-unas-5-000-atenciones-gratuitas\/","url":"https:\/\/www.eldiario.net\/portal\/2026\/09\/06\/hospital-arco-iris-brindara-unas-5-000-atenciones-gratuitas\/","name":"Hospital Arco Iris brindar\u00e1 unas 5.000 atenciones gratuitas - El Diario - Bolivia","isPartOf":{"@id":"https:\/\/www.eldiario.net\/portal\/#website"},"primaryImageOfPage":{"@id":"https:\/\/www.eldiario.net\/portal\/2026\/09\/06\/hospital-arco-iris-brindara-unas-5-000-atenciones-gratuitas\/#primaryimage"},"image":{"@id":"https:\/\/www.eldiario.net\/portal\/2026\/09\/06\/hospital-arco-iris-brindara-unas-5-000-atenciones-gratuitas\/#primaryimage"},"thumbnailUrl":"https:\/\/www.eldiario.net\/portal\/wp-content\/uploads\/2026\/09\/F-3-ARCO-IRIS.webp","datePublished":"2026-09-06T11:09:50+00:00","breadcrumb":{"@id":"https:\/\/www.eldiario.net\/portal\/2026\/09\/06\/hospital-arco-iris-brindara-unas-5-000-atenciones-gratuitas\/#breadcrumb"},"inLanguage":"es","potentialAction":[{"@type":"ReadAction","target":["https:\/\/www.eldiario.net\/portal\/2026\/09\/06\/hospital-arco-iris-brindara-unas-5-000-atenciones-gratuitas\/"]}]},{"@type":"ImageObject","inLanguage":"es","@id":"https:\/\/www.eldiario.net\/portal\/2026\/09\/06\/hospital-arco-iris-brindara-unas-5-000-atenciones-gratuitas\/#primaryimage","url":"https:\/\/www.eldiario.net\/portal\/wp-content\/uploads\/2026\/09\/F-3-ARCO-IRIS.webp","contentUrl":"https:\/\/www.eldiario.net\/portal\/wp-content\/uploads\/2026\/09\/F-3-ARCO-IRIS.webp","width":1638,"height":1092,"caption":"Autoridades del nosocomio comparten los n\u00fameros para reservas."},{"@type":"BreadcrumbList","@id":"https:\/\/www.eldiario.net\/portal\/2026\/09\/06\/hospital-arco-iris-brindara-unas-5-000-atenciones-gratuitas\/#breadcrumb","itemListElement":[{"@type":"ListItem","position":1,"name":"Portada","item":"https:\/\/www.eldiario.net\/portal\/"},{"@type":"ListItem","position":2,"name":"Hospital Arco Iris brindar\u00e1 unas 5.000 atenciones gratuitas"}]},{"@type":"WebSite","@id":"https:\/\/www.eldiario.net\/portal\/#website","url":"https:\/\/www.eldiario.net\/portal\/","name":"El Diario - Decano de la prensa nacional","description":"El Diario - Decano de la prensa nacional","publisher":{"@id":"https:\/\/www.eldiario.net\/portal\/#organization"},"potentialAction":[{"@type":"SearchAction","target":{"@type":"EntryPoint","urlTemplate":"https:\/\/www.eldiario.net\/portal\/?s={search_term_string}"},"query-input":{"@type":"PropertyValueSpecification","valueRequired":true,"valueName":"search_term_string"}}],"inLanguage":"es"},{"@type":"Organization","@id":"https:\/\/www.eldiario.net\/portal\/#organization","name":"El Diario - Decano de la prensa nacional","url":"https:\/\/www.eldiario.net\/portal\/","logo":{"@type":"ImageObject","inLanguage":"es","@id":"https:\/\/www.eldiario.net\/portal\/#\/schema\/logo\/image\/","url":"https:\/\/www.eldiario.net\/portal\/wp-content\/uploads\/2023\/07\/logo_ED.jpg","contentUrl":"https:\/\/www.eldiario.net\/portal\/wp-content\/uploads\/2023\/07\/logo_ED.jpg","width":272,"height":52,"caption":"El Diario - Decano de la prensa nacional"},"image":{"@id":"https:\/\/www.eldiario.net\/portal\/#\/schema\/logo\/image\/"},"sameAs":["https:\/\/www.facebook.com\/eldiario.bolivia\/","https:\/\/x.com\/eldiario_net"]},{"@type":"Person","@id":"https:\/\/www.eldiario.net\/portal\/#\/schema\/person\/2c57cf2b7a7ae032e449e4c9b1019eac","name":"Jeanette","image":{"@type":"ImageObject","inLanguage":"es","@id":"https:\/\/secure.gravatar.com\/avatar\/3ea2118a5f7dad2b7138b1187a6b7ee55f160b9968b66013c3a3ef39dd7e5798?s=96&d=mm&r=g","url":"https:\/\/secure.gravatar.com\/avatar\/3ea2118a5f7dad2b7138b1187a6b7ee55f160b9968b66013c3a3ef39dd7e5798?s=96&d=mm&r=g","contentUrl":"https:\/\/secure.gravatar.com\/avatar\/3ea2118a5f7dad2b7138b1187a6b7ee55f160b9968b66013c3a3ef39dd7e5798?s=96&d=mm&r=g","caption":"Jeanette"},"sameAs":["https:\/\/www.eldiario.net\/portal"],"url":"https:\/\/www.eldiario.net\/portal\/author\/jeanette\/"}]}},"_links":{"self":[{"href":"https:\/\/www.eldiario.net\/portal\/wp-json\/wp\/v2\/posts\/428053","targetHints":{"allow":["GET"]}}],"collection":[{"href":"https:\/\/www.eldiario.net\/portal\/wp-json\/wp\/v2\/posts"}],"about":[{"href":"https:\/\/www.eldiario.net\/portal\/wp-json\/wp\/v2\/types\/post"}],"author":[{"embeddable":true,"href":"https:\/\/www.eldiario.net\/portal\/wp-json\/wp\/v2\/users\/1"}],"replies":[{"embeddable":true,"href":"https:\/\/www.eldiario.net\/portal\/wp-json\/wp\/v2\/comments?post=428053"}],"version-history":[{"count":1,"href":"https:\/\/www.eldiario.net\/portal\/wp-json\/wp\/v2\/posts\/428053\/revisions"}],"predecessor-version":[{"id":428055,"href":"https:\/\/www.eldiario.net\/portal\/wp-json\/wp\/v2\/posts\/428053\/revisions\/428055"}],"wp:featuredmedia":[{"embeddable":true,"href":"https:\/\/www.eldiario.net\/portal\/wp-json\/wp\/v2\/media\/428054"}],"wp:attachment":[{"href":"https:\/\/www.eldiario.net\/portal\/wp-json\/wp\/v2\/media?parent=428053"}],"wp:term":[{"taxonomy":"category","embeddable":true,"href":"https:\/\/www.eldiario.net\/portal\/wp-json\/wp\/v2\/categories?post=428053"},{"taxonomy":"post_tag","embeddable":true,"href":"https:\/\/www.eldiario.net\/portal\/wp-json\/wp\/v2\/tags?post=428053"}],"curies":[{"name":"wp","href":"https:\/\/api.w.org\/{rel}","templated":true}]}}