{"id":428011,"date":"2026-09-06T06:46:04","date_gmt":"2026-09-06T10:46:04","guid":{"rendered":"https:\/\/www.eldiario.net\/portal\/?p=428011"},"modified":"2026-09-06T06:58:51","modified_gmt":"2026-09-06T10:58:51","slug":"bolivia-quedaria-sin-energia-electrica-en-dos-o-tres-anos","status":"publish","type":"post","link":"https:\/\/www.eldiario.net\/portal\/2026\/09\/06\/bolivia-quedaria-sin-energia-electrica-en-dos-o-tres-anos\/","title":{"rendered":"Bolivia quedar\u00eda sin energ\u00eda el\u00e9ctrica en dos o tres a\u00f1os"},"content":{"rendered":"<p class=\"v1MsoNormal\">El presidente Rodrigo Paz advirti\u00f3 ayer desde Tarija que Bolivia enfrenta un escenario cr\u00edtico en materia energ\u00e9tica, por lo que si no se habilitan nuevas inversiones en hidrocarburos; por lo que puntualiz\u00f3 que la aprobaci\u00f3n de una nueva Ley de Inversiones y una Ley de Hidrocarburos es urgente para atraer capital y desarrollar los pozos gas\u00edferos del pa\u00eds.<\/p>\n<p class=\"v1MsoNormal\">\u00abSi no desarrollamos nuestros pozos hidrocarbur\u00edferos en el departamento, en dos a\u00f1os y medio o tres, Bolivia se va a quedar sin luz y sin energ\u00eda\u00bb, afirm\u00f3 el jefe de Estado durante un encuentro con alcaldes tarije\u00f1os.<\/p>\n<p class=\"v1MsoNormal\">El mandatario pidi\u00f3 a Tarija asumir una posici\u00f3n firme para recuperar la producci\u00f3n hidrocarbur\u00edfera y los ingresos que hist\u00f3ricamente recibi\u00f3 la regi\u00f3n por concepto de regal\u00edas. En ese contexto, dijo que no por dos o tres personas, se puede frenar el desarrollo de los campos gas\u00edferos.<\/p>\n<p class=\"v1MsoNormal\">\u00abTal vez la pr\u00f3xima reuni\u00f3n no ser\u00e1 aqu\u00ed dentro, sino fuera a la luz del d\u00eda porque no podremos encender nuestras luces. En dos a\u00f1os y medio a tres, eso es lo que nos dejaron: de cada diez foquitos que vemos, siete se van a apagar\u00bb, advirti\u00f3.<\/p>\n<p class=\"v1MsoNormal\">Paz remarc\u00f3 que el problema no se limita a Tarija, sino que puede afectar a todo el pa\u00eds, incluyendo a las ciudades, la industria y las actividades productivas que \u00abse van a quedar sin energ\u00eda\u00bb. Por eso no es s\u00f3lo debatir ciertos temas que tenemos que debatir y cumplir la ley, sino entender la dimensi\u00f3n del problema\u00bb, sostuvo.<\/p>\n<p class=\"v1MsoNormal\">Por otro lado, el presidente Rodrigo Paz exhort\u00f3 a los sectores ambientalistas a no convertir las exigencias de protecci\u00f3n ambiental en un obst\u00e1culo para el desarrollo hidrocarbur\u00edfero.<\/p>\n<p class=\"v1MsoNormal\">Pidi\u00f3 avanzar en una pol\u00edtica que permita explotar los recursos naturales bajo normas ambientales, pero al mismo tiempo recuperar la capacidad productiva y generar ingresos para las regiones.<\/p>\n<p class=\"v1MsoNormal\">\n<p class=\"v1MsoNormal\">PIDE NO PONER TRABAS<\/p>\n<p class=\"v1MsoNormal\">El presidente exhort\u00f3 a los sectores ambientalistas a no convertir las exigencias de protecci\u00f3n ambiental en un obst\u00e1culo para el desarrollo hidrocarbur\u00edfero.\u00a0\u00a0Pidi\u00f3 avanzar en una pol\u00edtica que permita explotar los recursos naturales bajo normas ambientales, pero al mismo tiempo recuperar la capacidad productiva y generar ingresos para las regiones.<\/p>\n<p class=\"v1MsoNormal\">Paz anticip\u00f3 adem\u00e1s que en los pr\u00f3ximos d\u00edas realizar\u00e1 nuevos anuncios relacionados con la capacidad energ\u00e9tica del pa\u00eds. \u00abEstos diez meses no hemos estado tocando el viol\u00edn, con todo el respeto que suena muy bien en Tarija\u00bb, afirm\u00f3, al se\u00f1alar que su administraci\u00f3n viene trabajando en proyectos destinados a incrementar la generaci\u00f3n energ\u00e9tica.<\/p>\n<p class=\"v1MsoNormal\">Adelant\u00f3 que tambi\u00e9n habr\u00e1 anuncios en Santa Cruz, en el marco de su aniversario de este mes de septiembre, para incrementar la capacidad energ\u00e9tica nacional y sostuvo que Tarija no puede quedar al margen de ese proceso.<\/p>\n<p class=\"v1MsoNormal\">\n<p class=\"v1MsoNormal\">MODELO 50\/50 PARA<\/p>\n<p class=\"v1MsoNormal\">LOS HIDROCARBUROS<\/p>\n<p class=\"v1MsoNormal\">Paz explic\u00f3 que la nueva Ley de Hidrocarburos busca modificar el esquema de participaci\u00f3n y facilitar el retorno de empresas petroleras al pa\u00eds bajo un modelo de inversi\u00f3n compartida.<\/p>\n<p class=\"v1MsoNormal\">\u00abSi te va bien, si nos va bien, es tanto para vos como para m\u00ed\u00bb, resumi\u00f3 al explicar la modalidad 50\/50, que plantea compartir los riesgos y beneficios de los proyectos entre el Estado y los inversionistas.<\/p>\n<p class=\"v1MsoNormal\">El mandatario cuestion\u00f3 el modelo aplicado durante el periodo del MAS y sostuvo que las empresas petroleras operaban principalmente bajo contratos de servicios con YPFB.<\/p>\n<p class=\"v1MsoNormal\">\u00abAhora tienen que venir y apostar juntos para poder desarrollar, para que Tarija tenga su 11% constitucional\u00bb de regal\u00edas, afirm\u00f3.<\/p>\n<p class=\"v1MsoNormal\">\n<p class=\"v1MsoNormal\">LEYES PARA REACTIVAR LA INVERSI\u00d3N<\/p>\n<p class=\"v1MsoNormal\">Paz inform\u00f3 que se encuentran en consideraci\u00f3n de la Asamblea Legislativa los proyectos de Ley de Inversiones, que, junto a la nueva Ley de Hidrocarburos y Ley de Miner\u00eda, ser\u00e1n los instrumentos que, seg\u00fan explic\u00f3, deben permitir atraer capital, desarrollar nuevos proyectos y garantizar el cumplimiento de las normas ambientales.<\/p>\n<p class=\"v1MsoNormal\">El objetivo, dijo, es que la explotaci\u00f3n de los recursos naturales vuelva a traducirse en ingresos para las regiones y permita fortalecer su capacidad de desarrollo.<\/p>\n<p class=\"v1MsoNormal\">Finalmente, el presidente pidi\u00f3 a los legisladores aprobar la nueva Ley de Inversiones durante la pr\u00f3xima semana y exhort\u00f3 tambi\u00e9n a la Asamblea a respaldar el acuerdo con el Fondo Monetario Internacional (FMI) para facilitar el acceso a nuevos cr\u00e9ditos destinados a proyectos de desarrollo nacional. (Erbol)<\/p>\n<p class=\"v1MsoNormal\">\n","protected":false},"excerpt":{"rendered":"<p>El presidente Rodrigo Paz advirti\u00f3 ayer desde Tarija que Bolivia enfrenta un escenario cr\u00edtico en materia energ\u00e9tica, por lo que si no se habilitan nuevas inversiones en hidrocarburos; por lo que puntualiz\u00f3 que la aprobaci\u00f3n de una nueva Ley de Inversiones y una Ley de Hidrocarburos es urgente para atraer capital y desarrollar los pozos [&hellip;]<\/p>\n","protected":false},"author":1,"featured_media":428012,"comment_status":"closed","ping_status":"open","sticky":false,"template":"","format":"standard","meta":{"_acf_changed":false,"footnotes":""},"categories":[17],"tags":[],"class_list":["post-428011","post","type-post","status-publish","format-standard","has-post-thumbnail","category-principal"],"acf":{"antetitulo":"Urge inversiones en hidrocarburos"},"yoast_head":"<!-- This site is optimized with the Yoast SEO plugin v28.4 - https:\/\/yoast.com\/product\/yoast-seo-wordpress\/ -->\n<title>Bolivia quedar\u00eda sin energ\u00eda el\u00e9ctrica en dos o tres a\u00f1os - El Diario - Bolivia<\/title>\n<meta name=\"robots\" content=\"index, follow, max-snippet:-1, max-image-preview:large, max-video-preview:-1\" \/>\n<link rel=\"canonical\" href=\"https:\/\/www.eldiario.net\/portal\/2026\/09\/06\/bolivia-quedaria-sin-energia-electrica-en-dos-o-tres-anos\/\" \/>\n<meta property=\"og:locale\" content=\"es_ES\" \/>\n<meta property=\"og:type\" content=\"article\" \/>\n<meta property=\"og:title\" content=\"Bolivia quedar\u00eda sin energ\u00eda el\u00e9ctrica en dos o tres a\u00f1os - El Diario - Bolivia\" \/>\n<meta property=\"og:description\" content=\"El presidente Rodrigo Paz advirti\u00f3 ayer desde Tarija que Bolivia enfrenta un escenario cr\u00edtico en materia energ\u00e9tica, por lo que si no se habilitan nuevas inversiones en hidrocarburos; por lo que puntualiz\u00f3 que la aprobaci\u00f3n de una nueva Ley de Inversiones y una Ley de Hidrocarburos es urgente para atraer capital y desarrollar los pozos [&hellip;]\" \/>\n<meta property=\"og:url\" content=\"https:\/\/www.eldiario.net\/portal\/2026\/09\/06\/bolivia-quedaria-sin-energia-electrica-en-dos-o-tres-anos\/\" \/>\n<meta property=\"og:site_name\" content=\"El Diario - Bolivia\" \/>\n<meta property=\"article:publisher\" content=\"https:\/\/www.facebook.com\/eldiario.bolivia\/\" \/>\n<meta property=\"article:published_time\" content=\"2026-09-06T10:46:04+00:00\" \/>\n<meta property=\"article:modified_time\" content=\"2026-09-06T10:58:51+00:00\" \/>\n<meta property=\"og:image\" content=\"https:\/\/www.eldiario.net\/portal\/wp-content\/uploads\/2026\/09\/Electricidad-rrss-15-cm-x-10.webp\" \/>\n\t<meta property=\"og:image:width\" content=\"1181\" \/>\n\t<meta property=\"og:image:height\" content=\"787\" \/>\n\t<meta property=\"og:image:type\" content=\"image\/webp\" \/>\n<meta name=\"author\" content=\"Jeanette\" \/>\n<meta name=\"twitter:card\" content=\"summary_large_image\" \/>\n<meta name=\"twitter:creator\" content=\"@eldiario_net\" \/>\n<meta name=\"twitter:site\" content=\"@eldiario_net\" \/>\n<meta name=\"twitter:label1\" content=\"Escrito por\" \/>\n\t<meta name=\"twitter:data1\" content=\"Jeanette\" \/>\n\t<meta name=\"twitter:label2\" content=\"Tiempo de lectura\" \/>\n\t<meta name=\"twitter:data2\" content=\"2 minutos\" \/>\n<script type=\"application\/ld+json\" class=\"yoast-schema-graph\">{\"@context\":\"https:\\\/\\\/schema.org\",\"@graph\":[{\"@type\":\"Article\",\"@id\":\"https:\\\/\\\/www.eldiario.net\\\/portal\\\/2026\\\/09\\\/06\\\/bolivia-quedaria-sin-energia-electrica-en-dos-o-tres-anos\\\/#article\",\"isPartOf\":{\"@id\":\"https:\\\/\\\/www.eldiario.net\\\/portal\\\/2026\\\/09\\\/06\\\/bolivia-quedaria-sin-energia-electrica-en-dos-o-tres-anos\\\/\"},\"author\":{\"name\":\"Jeanette\",\"@id\":\"https:\\\/\\\/www.eldiario.net\\\/portal\\\/#\\\/schema\\\/person\\\/2c57cf2b7a7ae032e449e4c9b1019eac\"},\"headline\":\"Bolivia quedar\u00eda sin energ\u00eda el\u00e9ctrica en dos o tres a\u00f1os\",\"datePublished\":\"2026-09-06T10:46:04+00:00\",\"dateModified\":\"2026-09-06T10:58:51+00:00\",\"mainEntityOfPage\":{\"@id\":\"https:\\\/\\\/www.eldiario.net\\\/portal\\\/2026\\\/09\\\/06\\\/bolivia-quedaria-sin-energia-electrica-en-dos-o-tres-anos\\\/\"},\"wordCount\":757,\"publisher\":{\"@id\":\"https:\\\/\\\/www.eldiario.net\\\/portal\\\/#organization\"},\"image\":{\"@id\":\"https:\\\/\\\/www.eldiario.net\\\/portal\\\/2026\\\/09\\\/06\\\/bolivia-quedaria-sin-energia-electrica-en-dos-o-tres-anos\\\/#primaryimage\"},\"thumbnailUrl\":\"https:\\\/\\\/www.eldiario.net\\\/portal\\\/wp-content\\\/uploads\\\/2026\\\/09\\\/Electricidad-rrss-15-cm-x-10.webp\",\"articleSection\":[\"Principal\"],\"inLanguage\":\"es\"},{\"@type\":\"WebPage\",\"@id\":\"https:\\\/\\\/www.eldiario.net\\\/portal\\\/2026\\\/09\\\/06\\\/bolivia-quedaria-sin-energia-electrica-en-dos-o-tres-anos\\\/\",\"url\":\"https:\\\/\\\/www.eldiario.net\\\/portal\\\/2026\\\/09\\\/06\\\/bolivia-quedaria-sin-energia-electrica-en-dos-o-tres-anos\\\/\",\"name\":\"Bolivia quedar\u00eda sin energ\u00eda el\u00e9ctrica en dos o tres a\u00f1os - El Diario - Bolivia\",\"isPartOf\":{\"@id\":\"https:\\\/\\\/www.eldiario.net\\\/portal\\\/#website\"},\"primaryImageOfPage\":{\"@id\":\"https:\\\/\\\/www.eldiario.net\\\/portal\\\/2026\\\/09\\\/06\\\/bolivia-quedaria-sin-energia-electrica-en-dos-o-tres-anos\\\/#primaryimage\"},\"image\":{\"@id\":\"https:\\\/\\\/www.eldiario.net\\\/portal\\\/2026\\\/09\\\/06\\\/bolivia-quedaria-sin-energia-electrica-en-dos-o-tres-anos\\\/#primaryimage\"},\"thumbnailUrl\":\"https:\\\/\\\/www.eldiario.net\\\/portal\\\/wp-content\\\/uploads\\\/2026\\\/09\\\/Electricidad-rrss-15-cm-x-10.webp\",\"datePublished\":\"2026-09-06T10:46:04+00:00\",\"dateModified\":\"2026-09-06T10:58:51+00:00\",\"breadcrumb\":{\"@id\":\"https:\\\/\\\/www.eldiario.net\\\/portal\\\/2026\\\/09\\\/06\\\/bolivia-quedaria-sin-energia-electrica-en-dos-o-tres-anos\\\/#breadcrumb\"},\"inLanguage\":\"es\",\"potentialAction\":[{\"@type\":\"ReadAction\",\"target\":[\"https:\\\/\\\/www.eldiario.net\\\/portal\\\/2026\\\/09\\\/06\\\/bolivia-quedaria-sin-energia-electrica-en-dos-o-tres-anos\\\/\"]}]},{\"@type\":\"ImageObject\",\"inLanguage\":\"es\",\"@id\":\"https:\\\/\\\/www.eldiario.net\\\/portal\\\/2026\\\/09\\\/06\\\/bolivia-quedaria-sin-energia-electrica-en-dos-o-tres-anos\\\/#primaryimage\",\"url\":\"https:\\\/\\\/www.eldiario.net\\\/portal\\\/wp-content\\\/uploads\\\/2026\\\/09\\\/Electricidad-rrss-15-cm-x-10.webp\",\"contentUrl\":\"https:\\\/\\\/www.eldiario.net\\\/portal\\\/wp-content\\\/uploads\\\/2026\\\/09\\\/Electricidad-rrss-15-cm-x-10.webp\",\"width\":1181,\"height\":787,\"caption\":\"Bolivia est\u00e1 en riesgo de quedar sin energ\u00eda el\u00e9ctrica en dos o tres a\u00f1os, seg\u00fan el presidente del Estado.\"},{\"@type\":\"BreadcrumbList\",\"@id\":\"https:\\\/\\\/www.eldiario.net\\\/portal\\\/2026\\\/09\\\/06\\\/bolivia-quedaria-sin-energia-electrica-en-dos-o-tres-anos\\\/#breadcrumb\",\"itemListElement\":[{\"@type\":\"ListItem\",\"position\":1,\"name\":\"Portada\",\"item\":\"https:\\\/\\\/www.eldiario.net\\\/portal\\\/\"},{\"@type\":\"ListItem\",\"position\":2,\"name\":\"Bolivia quedar\u00eda sin energ\u00eda el\u00e9ctrica en dos o tres a\u00f1os\"}]},{\"@type\":\"WebSite\",\"@id\":\"https:\\\/\\\/www.eldiario.net\\\/portal\\\/#website\",\"url\":\"https:\\\/\\\/www.eldiario.net\\\/portal\\\/\",\"name\":\"El Diario - Decano de la prensa nacional\",\"description\":\"El Diario - Decano de la prensa nacional\",\"publisher\":{\"@id\":\"https:\\\/\\\/www.eldiario.net\\\/portal\\\/#organization\"},\"potentialAction\":[{\"@type\":\"SearchAction\",\"target\":{\"@type\":\"EntryPoint\",\"urlTemplate\":\"https:\\\/\\\/www.eldiario.net\\\/portal\\\/?s={search_term_string}\"},\"query-input\":{\"@type\":\"PropertyValueSpecification\",\"valueRequired\":true,\"valueName\":\"search_term_string\"}}],\"inLanguage\":\"es\"},{\"@type\":\"Organization\",\"@id\":\"https:\\\/\\\/www.eldiario.net\\\/portal\\\/#organization\",\"name\":\"El Diario - Decano de la prensa nacional\",\"url\":\"https:\\\/\\\/www.eldiario.net\\\/portal\\\/\",\"logo\":{\"@type\":\"ImageObject\",\"inLanguage\":\"es\",\"@id\":\"https:\\\/\\\/www.eldiario.net\\\/portal\\\/#\\\/schema\\\/logo\\\/image\\\/\",\"url\":\"https:\\\/\\\/www.eldiario.net\\\/portal\\\/wp-content\\\/uploads\\\/2023\\\/07\\\/logo_ED.jpg\",\"contentUrl\":\"https:\\\/\\\/www.eldiario.net\\\/portal\\\/wp-content\\\/uploads\\\/2023\\\/07\\\/logo_ED.jpg\",\"width\":272,\"height\":52,\"caption\":\"El Diario - Decano de la prensa nacional\"},\"image\":{\"@id\":\"https:\\\/\\\/www.eldiario.net\\\/portal\\\/#\\\/schema\\\/logo\\\/image\\\/\"},\"sameAs\":[\"https:\\\/\\\/www.facebook.com\\\/eldiario.bolivia\\\/\",\"https:\\\/\\\/x.com\\\/eldiario_net\"]},{\"@type\":\"Person\",\"@id\":\"https:\\\/\\\/www.eldiario.net\\\/portal\\\/#\\\/schema\\\/person\\\/2c57cf2b7a7ae032e449e4c9b1019eac\",\"name\":\"Jeanette\",\"image\":{\"@type\":\"ImageObject\",\"inLanguage\":\"es\",\"@id\":\"https:\\\/\\\/secure.gravatar.com\\\/avatar\\\/3ea2118a5f7dad2b7138b1187a6b7ee55f160b9968b66013c3a3ef39dd7e5798?s=96&d=mm&r=g\",\"url\":\"https:\\\/\\\/secure.gravatar.com\\\/avatar\\\/3ea2118a5f7dad2b7138b1187a6b7ee55f160b9968b66013c3a3ef39dd7e5798?s=96&d=mm&r=g\",\"contentUrl\":\"https:\\\/\\\/secure.gravatar.com\\\/avatar\\\/3ea2118a5f7dad2b7138b1187a6b7ee55f160b9968b66013c3a3ef39dd7e5798?s=96&d=mm&r=g\",\"caption\":\"Jeanette\"},\"sameAs\":[\"https:\\\/\\\/www.eldiario.net\\\/portal\"],\"url\":\"https:\\\/\\\/www.eldiario.net\\\/portal\\\/author\\\/jeanette\\\/\"}]}<\/script>\n<!-- \/ Yoast SEO plugin. -->","yoast_head_json":{"title":"Bolivia quedar\u00eda sin energ\u00eda el\u00e9ctrica en dos o tres a\u00f1os - El Diario - Bolivia","robots":{"index":"index","follow":"follow","max-snippet":"max-snippet:-1","max-image-preview":"max-image-preview:large","max-video-preview":"max-video-preview:-1"},"canonical":"https:\/\/www.eldiario.net\/portal\/2026\/09\/06\/bolivia-quedaria-sin-energia-electrica-en-dos-o-tres-anos\/","og_locale":"es_ES","og_type":"article","og_title":"Bolivia quedar\u00eda sin energ\u00eda el\u00e9ctrica en dos o tres a\u00f1os - El Diario - Bolivia","og_description":"El presidente Rodrigo Paz advirti\u00f3 ayer desde Tarija que Bolivia enfrenta un escenario cr\u00edtico en materia energ\u00e9tica, por lo que si no se habilitan nuevas inversiones en hidrocarburos; por lo que puntualiz\u00f3 que la aprobaci\u00f3n de una nueva Ley de Inversiones y una Ley de Hidrocarburos es urgente para atraer capital y desarrollar los pozos [&hellip;]","og_url":"https:\/\/www.eldiario.net\/portal\/2026\/09\/06\/bolivia-quedaria-sin-energia-electrica-en-dos-o-tres-anos\/","og_site_name":"El Diario - Bolivia","article_publisher":"https:\/\/www.facebook.com\/eldiario.bolivia\/","article_published_time":"2026-09-06T10:46:04+00:00","article_modified_time":"2026-09-06T10:58:51+00:00","og_image":[{"width":1181,"height":787,"url":"https:\/\/www.eldiario.net\/portal\/wp-content\/uploads\/2026\/09\/Electricidad-rrss-15-cm-x-10.webp","type":"image\/webp"}],"author":"Jeanette","twitter_card":"summary_large_image","twitter_creator":"@eldiario_net","twitter_site":"@eldiario_net","twitter_misc":{"Escrito por":"Jeanette","Tiempo de lectura":"2 minutos"},"schema":{"@context":"https:\/\/schema.org","@graph":[{"@type":"Article","@id":"https:\/\/www.eldiario.net\/portal\/2026\/09\/06\/bolivia-quedaria-sin-energia-electrica-en-dos-o-tres-anos\/#article","isPartOf":{"@id":"https:\/\/www.eldiario.net\/portal\/2026\/09\/06\/bolivia-quedaria-sin-energia-electrica-en-dos-o-tres-anos\/"},"author":{"name":"Jeanette","@id":"https:\/\/www.eldiario.net\/portal\/#\/schema\/person\/2c57cf2b7a7ae032e449e4c9b1019eac"},"headline":"Bolivia quedar\u00eda sin energ\u00eda el\u00e9ctrica en dos o tres a\u00f1os","datePublished":"2026-09-06T10:46:04+00:00","dateModified":"2026-09-06T10:58:51+00:00","mainEntityOfPage":{"@id":"https:\/\/www.eldiario.net\/portal\/2026\/09\/06\/bolivia-quedaria-sin-energia-electrica-en-dos-o-tres-anos\/"},"wordCount":757,"publisher":{"@id":"https:\/\/www.eldiario.net\/portal\/#organization"},"image":{"@id":"https:\/\/www.eldiario.net\/portal\/2026\/09\/06\/bolivia-quedaria-sin-energia-electrica-en-dos-o-tres-anos\/#primaryimage"},"thumbnailUrl":"https:\/\/www.eldiario.net\/portal\/wp-content\/uploads\/2026\/09\/Electricidad-rrss-15-cm-x-10.webp","articleSection":["Principal"],"inLanguage":"es"},{"@type":"WebPage","@id":"https:\/\/www.eldiario.net\/portal\/2026\/09\/06\/bolivia-quedaria-sin-energia-electrica-en-dos-o-tres-anos\/","url":"https:\/\/www.eldiario.net\/portal\/2026\/09\/06\/bolivia-quedaria-sin-energia-electrica-en-dos-o-tres-anos\/","name":"Bolivia quedar\u00eda sin energ\u00eda el\u00e9ctrica en dos o tres a\u00f1os - El Diario - Bolivia","isPartOf":{"@id":"https:\/\/www.eldiario.net\/portal\/#website"},"primaryImageOfPage":{"@id":"https:\/\/www.eldiario.net\/portal\/2026\/09\/06\/bolivia-quedaria-sin-energia-electrica-en-dos-o-tres-anos\/#primaryimage"},"image":{"@id":"https:\/\/www.eldiario.net\/portal\/2026\/09\/06\/bolivia-quedaria-sin-energia-electrica-en-dos-o-tres-anos\/#primaryimage"},"thumbnailUrl":"https:\/\/www.eldiario.net\/portal\/wp-content\/uploads\/2026\/09\/Electricidad-rrss-15-cm-x-10.webp","datePublished":"2026-09-06T10:46:04+00:00","dateModified":"2026-09-06T10:58:51+00:00","breadcrumb":{"@id":"https:\/\/www.eldiario.net\/portal\/2026\/09\/06\/bolivia-quedaria-sin-energia-electrica-en-dos-o-tres-anos\/#breadcrumb"},"inLanguage":"es","potentialAction":[{"@type":"ReadAction","target":["https:\/\/www.eldiario.net\/portal\/2026\/09\/06\/bolivia-quedaria-sin-energia-electrica-en-dos-o-tres-anos\/"]}]},{"@type":"ImageObject","inLanguage":"es","@id":"https:\/\/www.eldiario.net\/portal\/2026\/09\/06\/bolivia-quedaria-sin-energia-electrica-en-dos-o-tres-anos\/#primaryimage","url":"https:\/\/www.eldiario.net\/portal\/wp-content\/uploads\/2026\/09\/Electricidad-rrss-15-cm-x-10.webp","contentUrl":"https:\/\/www.eldiario.net\/portal\/wp-content\/uploads\/2026\/09\/Electricidad-rrss-15-cm-x-10.webp","width":1181,"height":787,"caption":"Bolivia est\u00e1 en riesgo de quedar sin energ\u00eda el\u00e9ctrica en dos o tres a\u00f1os, seg\u00fan el presidente del Estado."},{"@type":"BreadcrumbList","@id":"https:\/\/www.eldiario.net\/portal\/2026\/09\/06\/bolivia-quedaria-sin-energia-electrica-en-dos-o-tres-anos\/#breadcrumb","itemListElement":[{"@type":"ListItem","position":1,"name":"Portada","item":"https:\/\/www.eldiario.net\/portal\/"},{"@type":"ListItem","position":2,"name":"Bolivia quedar\u00eda sin energ\u00eda el\u00e9ctrica en dos o tres a\u00f1os"}]},{"@type":"WebSite","@id":"https:\/\/www.eldiario.net\/portal\/#website","url":"https:\/\/www.eldiario.net\/portal\/","name":"El Diario - Decano de la prensa nacional","description":"El Diario - Decano de la prensa nacional","publisher":{"@id":"https:\/\/www.eldiario.net\/portal\/#organization"},"potentialAction":[{"@type":"SearchAction","target":{"@type":"EntryPoint","urlTemplate":"https:\/\/www.eldiario.net\/portal\/?s={search_term_string}"},"query-input":{"@type":"PropertyValueSpecification","valueRequired":true,"valueName":"search_term_string"}}],"inLanguage":"es"},{"@type":"Organization","@id":"https:\/\/www.eldiario.net\/portal\/#organization","name":"El Diario - Decano de la prensa nacional","url":"https:\/\/www.eldiario.net\/portal\/","logo":{"@type":"ImageObject","inLanguage":"es","@id":"https:\/\/www.eldiario.net\/portal\/#\/schema\/logo\/image\/","url":"https:\/\/www.eldiario.net\/portal\/wp-content\/uploads\/2023\/07\/logo_ED.jpg","contentUrl":"https:\/\/www.eldiario.net\/portal\/wp-content\/uploads\/2023\/07\/logo_ED.jpg","width":272,"height":52,"caption":"El Diario - Decano de la prensa nacional"},"image":{"@id":"https:\/\/www.eldiario.net\/portal\/#\/schema\/logo\/image\/"},"sameAs":["https:\/\/www.facebook.com\/eldiario.bolivia\/","https:\/\/x.com\/eldiario_net"]},{"@type":"Person","@id":"https:\/\/www.eldiario.net\/portal\/#\/schema\/person\/2c57cf2b7a7ae032e449e4c9b1019eac","name":"Jeanette","image":{"@type":"ImageObject","inLanguage":"es","@id":"https:\/\/secure.gravatar.com\/avatar\/3ea2118a5f7dad2b7138b1187a6b7ee55f160b9968b66013c3a3ef39dd7e5798?s=96&d=mm&r=g","url":"https:\/\/secure.gravatar.com\/avatar\/3ea2118a5f7dad2b7138b1187a6b7ee55f160b9968b66013c3a3ef39dd7e5798?s=96&d=mm&r=g","contentUrl":"https:\/\/secure.gravatar.com\/avatar\/3ea2118a5f7dad2b7138b1187a6b7ee55f160b9968b66013c3a3ef39dd7e5798?s=96&d=mm&r=g","caption":"Jeanette"},"sameAs":["https:\/\/www.eldiario.net\/portal"],"url":"https:\/\/www.eldiario.net\/portal\/author\/jeanette\/"}]}},"_links":{"self":[{"href":"https:\/\/www.eldiario.net\/portal\/wp-json\/wp\/v2\/posts\/428011","targetHints":{"allow":["GET"]}}],"collection":[{"href":"https:\/\/www.eldiario.net\/portal\/wp-json\/wp\/v2\/posts"}],"about":[{"href":"https:\/\/www.eldiario.net\/portal\/wp-json\/wp\/v2\/types\/post"}],"author":[{"embeddable":true,"href":"https:\/\/www.eldiario.net\/portal\/wp-json\/wp\/v2\/users\/1"}],"replies":[{"embeddable":true,"href":"https:\/\/www.eldiario.net\/portal\/wp-json\/wp\/v2\/comments?post=428011"}],"version-history":[{"count":2,"href":"https:\/\/www.eldiario.net\/portal\/wp-json\/wp\/v2\/posts\/428011\/revisions"}],"predecessor-version":[{"id":428034,"href":"https:\/\/www.eldiario.net\/portal\/wp-json\/wp\/v2\/posts\/428011\/revisions\/428034"}],"wp:featuredmedia":[{"embeddable":true,"href":"https:\/\/www.eldiario.net\/portal\/wp-json\/wp\/v2\/media\/428012"}],"wp:attachment":[{"href":"https:\/\/www.eldiario.net\/portal\/wp-json\/wp\/v2\/media?parent=428011"}],"wp:term":[{"taxonomy":"category","embeddable":true,"href":"https:\/\/www.eldiario.net\/portal\/wp-json\/wp\/v2\/categories?post=428011"},{"taxonomy":"post_tag","embeddable":true,"href":"https:\/\/www.eldiario.net\/portal\/wp-json\/wp\/v2\/tags?post=428011"}],"curies":[{"name":"wp","href":"https:\/\/api.w.org\/{rel}","templated":true}]}}