{"id":427983,"date":"2026-09-05T15:29:00","date_gmt":"2026-09-05T19:29:00","guid":{"rendered":"https:\/\/www.eldiario.net\/portal\/?p=427983"},"modified":"2026-09-05T15:29:00","modified_gmt":"2026-09-05T19:29:00","slug":"hugo-dellien-celebra-en-porto-disputara-su-cuarta-final-del-ano","status":"publish","type":"post","link":"https:\/\/www.eldiario.net\/portal\/2026\/09\/05\/hugo-dellien-celebra-en-porto-disputara-su-cuarta-final-del-ano\/","title":{"rendered":"Hugo Dellien celebra en Porto, disputar\u00e1 su cuarta final del a\u00f1o"},"content":{"rendered":"<p>Prensa FBT<\/p>\n<p>Hugo Dellien se clasific\u00f3 a su cuarta final en el a\u00f1o al superar este s\u00e1bado las semifinales del Challenger de Porto, en Portugal, ante el espa\u00f1ol Pedro Vives (6-4 y 6-1), y el domingo buscar\u00e1 conquistar su tercer t\u00edtulo de la temporada ante el vencedor del duelo entre el brasile\u00f1o Gustavo Heide y el argentino Facundo Mena.<\/p>\n<p>Despu\u00e9s de un par de meses la raqueta n\u00famero uno del pa\u00eds volver\u00e1 a disputar un t\u00edtulo profesional. La \u00faltima vez fue en el Challenger de Trieste, en Croacia, donde se consagr\u00f3 campe\u00f3n.<\/p>\n<p>Las otras dos veces que lleg\u00f3 a sendas finales fue en el Bolivia Open de Santa Cruz, en el que tambi\u00e9n se qued\u00f3 con la corona en abril, mes en el que logr\u00f3 el subcampeonato en el Challenger de San Leopoldo, en Brasil.<\/p>\n<p>Ahora tiene la gran oportunidad de sumar una nueva corona m\u00e1s en su rico palmar\u00e9s y lo har\u00e1 luego del brillante partido que tuvo en tierras lusas.<\/p>\n<p>Este s\u00e1bado, en la cancha central del Clube de Tenis do Porto, no tuvo inconvenientes para superar a Vives, quien no pudo hacer nada para contrarrestar su buen juego a lo largo de la hora y 22 minutos de juego que tuvieron.<\/p>\n<p>Fuero dos sets en los que el nacido en Trinidad fue ampliamente superior al quebrarle cinco veces el saque a su rival (dos en el primer set y tres en el segundo).<\/p>\n<p>Con ello mostr\u00f3 su val\u00eda de segundo sembrado y el domingo luchar\u00e1 para conquistar por primera vez el Challenger de Porto, que cumple con su tercera edici\u00f3n. (Foto Hugo Dellien)<\/p>\n","protected":false},"excerpt":{"rendered":"<p>Prensa FBT Hugo Dellien se clasific\u00f3 a su cuarta final en el a\u00f1o al superar este s\u00e1bado las semifinales del Challenger de Porto, en Portugal, ante el espa\u00f1ol Pedro Vives (6-4 y 6-1), y el domingo buscar\u00e1 conquistar su tercer t\u00edtulo de la temporada ante el vencedor del duelo entre el brasile\u00f1o Gustavo Heide y [&hellip;]<\/p>\n","protected":false},"author":3,"featured_media":427984,"comment_status":"closed","ping_status":"open","sticky":false,"template":"","format":"standard","meta":{"_acf_changed":false,"footnotes":""},"categories":[6],"tags":[],"class_list":["post-427983","post","type-post","status-publish","format-standard","has-post-thumbnail","category-deportes"],"acf":{"antetitulo":""},"yoast_head":"<!-- This site is optimized with the Yoast SEO plugin v28.4 - https:\/\/yoast.com\/product\/yoast-seo-wordpress\/ -->\n<title>Hugo Dellien celebra en Porto, disputar\u00e1 su cuarta final del a\u00f1o - El Diario - Bolivia<\/title>\n<meta name=\"robots\" content=\"index, follow, max-snippet:-1, max-image-preview:large, max-video-preview:-1\" \/>\n<link rel=\"canonical\" href=\"https:\/\/www.eldiario.net\/portal\/2026\/09\/05\/hugo-dellien-celebra-en-porto-disputara-su-cuarta-final-del-ano\/\" \/>\n<meta property=\"og:locale\" content=\"es_ES\" \/>\n<meta property=\"og:type\" content=\"article\" \/>\n<meta property=\"og:title\" content=\"Hugo Dellien celebra en Porto, disputar\u00e1 su cuarta final del a\u00f1o - El Diario - Bolivia\" \/>\n<meta property=\"og:description\" content=\"Prensa FBT Hugo Dellien se clasific\u00f3 a su cuarta final en el a\u00f1o al superar este s\u00e1bado las semifinales del Challenger de Porto, en Portugal, ante el espa\u00f1ol Pedro Vives (6-4 y 6-1), y el domingo buscar\u00e1 conquistar su tercer t\u00edtulo de la temporada ante el vencedor del duelo entre el brasile\u00f1o Gustavo Heide y [&hellip;]\" \/>\n<meta property=\"og:url\" content=\"https:\/\/www.eldiario.net\/portal\/2026\/09\/05\/hugo-dellien-celebra-en-porto-disputara-su-cuarta-final-del-ano\/\" \/>\n<meta property=\"og:site_name\" content=\"El Diario - Bolivia\" \/>\n<meta property=\"article:publisher\" content=\"https:\/\/www.facebook.com\/eldiario.bolivia\/\" \/>\n<meta property=\"article:published_time\" content=\"2026-09-05T19:29:00+00:00\" \/>\n<meta property=\"og:image\" content=\"https:\/\/www.eldiario.net\/portal\/wp-content\/uploads\/2026\/09\/dellien-grita-vale.webp\" \/>\n\t<meta property=\"og:image:width\" content=\"1080\" \/>\n\t<meta property=\"og:image:height\" content=\"751\" \/>\n\t<meta property=\"og:image:type\" content=\"image\/webp\" \/>\n<meta name=\"author\" content=\"Jhonny Mollinedo\" \/>\n<meta name=\"twitter:card\" content=\"summary_large_image\" \/>\n<meta name=\"twitter:creator\" content=\"@eldiario_net\" \/>\n<meta name=\"twitter:site\" content=\"@eldiario_net\" \/>\n<meta name=\"twitter:label1\" content=\"Escrito por\" \/>\n\t<meta name=\"twitter:data1\" content=\"Jhonny Mollinedo\" \/>\n\t<meta name=\"twitter:label2\" content=\"Tiempo de lectura\" \/>\n\t<meta name=\"twitter:data2\" content=\"2 minutos\" \/>\n<script type=\"application\/ld+json\" class=\"yoast-schema-graph\">{\"@context\":\"https:\\\/\\\/schema.org\",\"@graph\":[{\"@type\":\"Article\",\"@id\":\"https:\\\/\\\/www.eldiario.net\\\/portal\\\/2026\\\/09\\\/05\\\/hugo-dellien-celebra-en-porto-disputara-su-cuarta-final-del-ano\\\/#article\",\"isPartOf\":{\"@id\":\"https:\\\/\\\/www.eldiario.net\\\/portal\\\/2026\\\/09\\\/05\\\/hugo-dellien-celebra-en-porto-disputara-su-cuarta-final-del-ano\\\/\"},\"author\":{\"name\":\"Jhonny Mollinedo\",\"@id\":\"https:\\\/\\\/www.eldiario.net\\\/portal\\\/#\\\/schema\\\/person\\\/32fc835272114c73407ecef86028a07e\"},\"headline\":\"Hugo Dellien celebra en Porto, disputar\u00e1 su cuarta final del a\u00f1o\",\"datePublished\":\"2026-09-05T19:29:00+00:00\",\"mainEntityOfPage\":{\"@id\":\"https:\\\/\\\/www.eldiario.net\\\/portal\\\/2026\\\/09\\\/05\\\/hugo-dellien-celebra-en-porto-disputara-su-cuarta-final-del-ano\\\/\"},\"wordCount\":293,\"publisher\":{\"@id\":\"https:\\\/\\\/www.eldiario.net\\\/portal\\\/#organization\"},\"image\":{\"@id\":\"https:\\\/\\\/www.eldiario.net\\\/portal\\\/2026\\\/09\\\/05\\\/hugo-dellien-celebra-en-porto-disputara-su-cuarta-final-del-ano\\\/#primaryimage\"},\"thumbnailUrl\":\"https:\\\/\\\/www.eldiario.net\\\/portal\\\/wp-content\\\/uploads\\\/2026\\\/09\\\/dellien-grita-vale.webp\",\"articleSection\":[\"Deportes\"],\"inLanguage\":\"es\"},{\"@type\":\"WebPage\",\"@id\":\"https:\\\/\\\/www.eldiario.net\\\/portal\\\/2026\\\/09\\\/05\\\/hugo-dellien-celebra-en-porto-disputara-su-cuarta-final-del-ano\\\/\",\"url\":\"https:\\\/\\\/www.eldiario.net\\\/portal\\\/2026\\\/09\\\/05\\\/hugo-dellien-celebra-en-porto-disputara-su-cuarta-final-del-ano\\\/\",\"name\":\"Hugo Dellien celebra en Porto, disputar\u00e1 su cuarta final del a\u00f1o - El Diario - Bolivia\",\"isPartOf\":{\"@id\":\"https:\\\/\\\/www.eldiario.net\\\/portal\\\/#website\"},\"primaryImageOfPage\":{\"@id\":\"https:\\\/\\\/www.eldiario.net\\\/portal\\\/2026\\\/09\\\/05\\\/hugo-dellien-celebra-en-porto-disputara-su-cuarta-final-del-ano\\\/#primaryimage\"},\"image\":{\"@id\":\"https:\\\/\\\/www.eldiario.net\\\/portal\\\/2026\\\/09\\\/05\\\/hugo-dellien-celebra-en-porto-disputara-su-cuarta-final-del-ano\\\/#primaryimage\"},\"thumbnailUrl\":\"https:\\\/\\\/www.eldiario.net\\\/portal\\\/wp-content\\\/uploads\\\/2026\\\/09\\\/dellien-grita-vale.webp\",\"datePublished\":\"2026-09-05T19:29:00+00:00\",\"breadcrumb\":{\"@id\":\"https:\\\/\\\/www.eldiario.net\\\/portal\\\/2026\\\/09\\\/05\\\/hugo-dellien-celebra-en-porto-disputara-su-cuarta-final-del-ano\\\/#breadcrumb\"},\"inLanguage\":\"es\",\"potentialAction\":[{\"@type\":\"ReadAction\",\"target\":[\"https:\\\/\\\/www.eldiario.net\\\/portal\\\/2026\\\/09\\\/05\\\/hugo-dellien-celebra-en-porto-disputara-su-cuarta-final-del-ano\\\/\"]}]},{\"@type\":\"ImageObject\",\"inLanguage\":\"es\",\"@id\":\"https:\\\/\\\/www.eldiario.net\\\/portal\\\/2026\\\/09\\\/05\\\/hugo-dellien-celebra-en-porto-disputara-su-cuarta-final-del-ano\\\/#primaryimage\",\"url\":\"https:\\\/\\\/www.eldiario.net\\\/portal\\\/wp-content\\\/uploads\\\/2026\\\/09\\\/dellien-grita-vale.webp\",\"contentUrl\":\"https:\\\/\\\/www.eldiario.net\\\/portal\\\/wp-content\\\/uploads\\\/2026\\\/09\\\/dellien-grita-vale.webp\",\"width\":1080,\"height\":751},{\"@type\":\"BreadcrumbList\",\"@id\":\"https:\\\/\\\/www.eldiario.net\\\/portal\\\/2026\\\/09\\\/05\\\/hugo-dellien-celebra-en-porto-disputara-su-cuarta-final-del-ano\\\/#breadcrumb\",\"itemListElement\":[{\"@type\":\"ListItem\",\"position\":1,\"name\":\"Portada\",\"item\":\"https:\\\/\\\/www.eldiario.net\\\/portal\\\/\"},{\"@type\":\"ListItem\",\"position\":2,\"name\":\"Hugo Dellien celebra en Porto, disputar\u00e1 su cuarta final del a\u00f1o\"}]},{\"@type\":\"WebSite\",\"@id\":\"https:\\\/\\\/www.eldiario.net\\\/portal\\\/#website\",\"url\":\"https:\\\/\\\/www.eldiario.net\\\/portal\\\/\",\"name\":\"El Diario - Decano de la prensa nacional\",\"description\":\"El Diario - Decano de la prensa nacional\",\"publisher\":{\"@id\":\"https:\\\/\\\/www.eldiario.net\\\/portal\\\/#organization\"},\"potentialAction\":[{\"@type\":\"SearchAction\",\"target\":{\"@type\":\"EntryPoint\",\"urlTemplate\":\"https:\\\/\\\/www.eldiario.net\\\/portal\\\/?s={search_term_string}\"},\"query-input\":{\"@type\":\"PropertyValueSpecification\",\"valueRequired\":true,\"valueName\":\"search_term_string\"}}],\"inLanguage\":\"es\"},{\"@type\":\"Organization\",\"@id\":\"https:\\\/\\\/www.eldiario.net\\\/portal\\\/#organization\",\"name\":\"El Diario - Decano de la prensa nacional\",\"url\":\"https:\\\/\\\/www.eldiario.net\\\/portal\\\/\",\"logo\":{\"@type\":\"ImageObject\",\"inLanguage\":\"es\",\"@id\":\"https:\\\/\\\/www.eldiario.net\\\/portal\\\/#\\\/schema\\\/logo\\\/image\\\/\",\"url\":\"https:\\\/\\\/www.eldiario.net\\\/portal\\\/wp-content\\\/uploads\\\/2023\\\/07\\\/logo_ED.jpg\",\"contentUrl\":\"https:\\\/\\\/www.eldiario.net\\\/portal\\\/wp-content\\\/uploads\\\/2023\\\/07\\\/logo_ED.jpg\",\"width\":272,\"height\":52,\"caption\":\"El Diario - Decano de la prensa nacional\"},\"image\":{\"@id\":\"https:\\\/\\\/www.eldiario.net\\\/portal\\\/#\\\/schema\\\/logo\\\/image\\\/\"},\"sameAs\":[\"https:\\\/\\\/www.facebook.com\\\/eldiario.bolivia\\\/\",\"https:\\\/\\\/x.com\\\/eldiario_net\"]},{\"@type\":\"Person\",\"@id\":\"https:\\\/\\\/www.eldiario.net\\\/portal\\\/#\\\/schema\\\/person\\\/32fc835272114c73407ecef86028a07e\",\"name\":\"Jhonny Mollinedo\",\"image\":{\"@type\":\"ImageObject\",\"inLanguage\":\"es\",\"@id\":\"https:\\\/\\\/secure.gravatar.com\\\/avatar\\\/3ea2118a5f7dad2b7138b1187a6b7ee55f160b9968b66013c3a3ef39dd7e5798?s=96&d=mm&r=g\",\"url\":\"https:\\\/\\\/secure.gravatar.com\\\/avatar\\\/3ea2118a5f7dad2b7138b1187a6b7ee55f160b9968b66013c3a3ef39dd7e5798?s=96&d=mm&r=g\",\"contentUrl\":\"https:\\\/\\\/secure.gravatar.com\\\/avatar\\\/3ea2118a5f7dad2b7138b1187a6b7ee55f160b9968b66013c3a3ef39dd7e5798?s=96&d=mm&r=g\",\"caption\":\"Jhonny Mollinedo\"},\"url\":\"https:\\\/\\\/www.eldiario.net\\\/portal\\\/author\\\/deportes\\\/\"}]}<\/script>\n<!-- \/ Yoast SEO plugin. -->","yoast_head_json":{"title":"Hugo Dellien celebra en Porto, disputar\u00e1 su cuarta final del a\u00f1o - El Diario - Bolivia","robots":{"index":"index","follow":"follow","max-snippet":"max-snippet:-1","max-image-preview":"max-image-preview:large","max-video-preview":"max-video-preview:-1"},"canonical":"https:\/\/www.eldiario.net\/portal\/2026\/09\/05\/hugo-dellien-celebra-en-porto-disputara-su-cuarta-final-del-ano\/","og_locale":"es_ES","og_type":"article","og_title":"Hugo Dellien celebra en Porto, disputar\u00e1 su cuarta final del a\u00f1o - El Diario - Bolivia","og_description":"Prensa FBT Hugo Dellien se clasific\u00f3 a su cuarta final en el a\u00f1o al superar este s\u00e1bado las semifinales del Challenger de Porto, en Portugal, ante el espa\u00f1ol Pedro Vives (6-4 y 6-1), y el domingo buscar\u00e1 conquistar su tercer t\u00edtulo de la temporada ante el vencedor del duelo entre el brasile\u00f1o Gustavo Heide y [&hellip;]","og_url":"https:\/\/www.eldiario.net\/portal\/2026\/09\/05\/hugo-dellien-celebra-en-porto-disputara-su-cuarta-final-del-ano\/","og_site_name":"El Diario - Bolivia","article_publisher":"https:\/\/www.facebook.com\/eldiario.bolivia\/","article_published_time":"2026-09-05T19:29:00+00:00","og_image":[{"width":1080,"height":751,"url":"https:\/\/www.eldiario.net\/portal\/wp-content\/uploads\/2026\/09\/dellien-grita-vale.webp","type":"image\/webp"}],"author":"Jhonny Mollinedo","twitter_card":"summary_large_image","twitter_creator":"@eldiario_net","twitter_site":"@eldiario_net","twitter_misc":{"Escrito por":"Jhonny Mollinedo","Tiempo de lectura":"2 minutos"},"schema":{"@context":"https:\/\/schema.org","@graph":[{"@type":"Article","@id":"https:\/\/www.eldiario.net\/portal\/2026\/09\/05\/hugo-dellien-celebra-en-porto-disputara-su-cuarta-final-del-ano\/#article","isPartOf":{"@id":"https:\/\/www.eldiario.net\/portal\/2026\/09\/05\/hugo-dellien-celebra-en-porto-disputara-su-cuarta-final-del-ano\/"},"author":{"name":"Jhonny Mollinedo","@id":"https:\/\/www.eldiario.net\/portal\/#\/schema\/person\/32fc835272114c73407ecef86028a07e"},"headline":"Hugo Dellien celebra en Porto, disputar\u00e1 su cuarta final del a\u00f1o","datePublished":"2026-09-05T19:29:00+00:00","mainEntityOfPage":{"@id":"https:\/\/www.eldiario.net\/portal\/2026\/09\/05\/hugo-dellien-celebra-en-porto-disputara-su-cuarta-final-del-ano\/"},"wordCount":293,"publisher":{"@id":"https:\/\/www.eldiario.net\/portal\/#organization"},"image":{"@id":"https:\/\/www.eldiario.net\/portal\/2026\/09\/05\/hugo-dellien-celebra-en-porto-disputara-su-cuarta-final-del-ano\/#primaryimage"},"thumbnailUrl":"https:\/\/www.eldiario.net\/portal\/wp-content\/uploads\/2026\/09\/dellien-grita-vale.webp","articleSection":["Deportes"],"inLanguage":"es"},{"@type":"WebPage","@id":"https:\/\/www.eldiario.net\/portal\/2026\/09\/05\/hugo-dellien-celebra-en-porto-disputara-su-cuarta-final-del-ano\/","url":"https:\/\/www.eldiario.net\/portal\/2026\/09\/05\/hugo-dellien-celebra-en-porto-disputara-su-cuarta-final-del-ano\/","name":"Hugo Dellien celebra en Porto, disputar\u00e1 su cuarta final del a\u00f1o - El Diario - Bolivia","isPartOf":{"@id":"https:\/\/www.eldiario.net\/portal\/#website"},"primaryImageOfPage":{"@id":"https:\/\/www.eldiario.net\/portal\/2026\/09\/05\/hugo-dellien-celebra-en-porto-disputara-su-cuarta-final-del-ano\/#primaryimage"},"image":{"@id":"https:\/\/www.eldiario.net\/portal\/2026\/09\/05\/hugo-dellien-celebra-en-porto-disputara-su-cuarta-final-del-ano\/#primaryimage"},"thumbnailUrl":"https:\/\/www.eldiario.net\/portal\/wp-content\/uploads\/2026\/09\/dellien-grita-vale.webp","datePublished":"2026-09-05T19:29:00+00:00","breadcrumb":{"@id":"https:\/\/www.eldiario.net\/portal\/2026\/09\/05\/hugo-dellien-celebra-en-porto-disputara-su-cuarta-final-del-ano\/#breadcrumb"},"inLanguage":"es","potentialAction":[{"@type":"ReadAction","target":["https:\/\/www.eldiario.net\/portal\/2026\/09\/05\/hugo-dellien-celebra-en-porto-disputara-su-cuarta-final-del-ano\/"]}]},{"@type":"ImageObject","inLanguage":"es","@id":"https:\/\/www.eldiario.net\/portal\/2026\/09\/05\/hugo-dellien-celebra-en-porto-disputara-su-cuarta-final-del-ano\/#primaryimage","url":"https:\/\/www.eldiario.net\/portal\/wp-content\/uploads\/2026\/09\/dellien-grita-vale.webp","contentUrl":"https:\/\/www.eldiario.net\/portal\/wp-content\/uploads\/2026\/09\/dellien-grita-vale.webp","width":1080,"height":751},{"@type":"BreadcrumbList","@id":"https:\/\/www.eldiario.net\/portal\/2026\/09\/05\/hugo-dellien-celebra-en-porto-disputara-su-cuarta-final-del-ano\/#breadcrumb","itemListElement":[{"@type":"ListItem","position":1,"name":"Portada","item":"https:\/\/www.eldiario.net\/portal\/"},{"@type":"ListItem","position":2,"name":"Hugo Dellien celebra en Porto, disputar\u00e1 su cuarta final del a\u00f1o"}]},{"@type":"WebSite","@id":"https:\/\/www.eldiario.net\/portal\/#website","url":"https:\/\/www.eldiario.net\/portal\/","name":"El Diario - Decano de la prensa nacional","description":"El Diario - Decano de la prensa nacional","publisher":{"@id":"https:\/\/www.eldiario.net\/portal\/#organization"},"potentialAction":[{"@type":"SearchAction","target":{"@type":"EntryPoint","urlTemplate":"https:\/\/www.eldiario.net\/portal\/?s={search_term_string}"},"query-input":{"@type":"PropertyValueSpecification","valueRequired":true,"valueName":"search_term_string"}}],"inLanguage":"es"},{"@type":"Organization","@id":"https:\/\/www.eldiario.net\/portal\/#organization","name":"El Diario - Decano de la prensa nacional","url":"https:\/\/www.eldiario.net\/portal\/","logo":{"@type":"ImageObject","inLanguage":"es","@id":"https:\/\/www.eldiario.net\/portal\/#\/schema\/logo\/image\/","url":"https:\/\/www.eldiario.net\/portal\/wp-content\/uploads\/2023\/07\/logo_ED.jpg","contentUrl":"https:\/\/www.eldiario.net\/portal\/wp-content\/uploads\/2023\/07\/logo_ED.jpg","width":272,"height":52,"caption":"El Diario - Decano de la prensa nacional"},"image":{"@id":"https:\/\/www.eldiario.net\/portal\/#\/schema\/logo\/image\/"},"sameAs":["https:\/\/www.facebook.com\/eldiario.bolivia\/","https:\/\/x.com\/eldiario_net"]},{"@type":"Person","@id":"https:\/\/www.eldiario.net\/portal\/#\/schema\/person\/32fc835272114c73407ecef86028a07e","name":"Jhonny Mollinedo","image":{"@type":"ImageObject","inLanguage":"es","@id":"https:\/\/secure.gravatar.com\/avatar\/3ea2118a5f7dad2b7138b1187a6b7ee55f160b9968b66013c3a3ef39dd7e5798?s=96&d=mm&r=g","url":"https:\/\/secure.gravatar.com\/avatar\/3ea2118a5f7dad2b7138b1187a6b7ee55f160b9968b66013c3a3ef39dd7e5798?s=96&d=mm&r=g","contentUrl":"https:\/\/secure.gravatar.com\/avatar\/3ea2118a5f7dad2b7138b1187a6b7ee55f160b9968b66013c3a3ef39dd7e5798?s=96&d=mm&r=g","caption":"Jhonny Mollinedo"},"url":"https:\/\/www.eldiario.net\/portal\/author\/deportes\/"}]}},"_links":{"self":[{"href":"https:\/\/www.eldiario.net\/portal\/wp-json\/wp\/v2\/posts\/427983","targetHints":{"allow":["GET"]}}],"collection":[{"href":"https:\/\/www.eldiario.net\/portal\/wp-json\/wp\/v2\/posts"}],"about":[{"href":"https:\/\/www.eldiario.net\/portal\/wp-json\/wp\/v2\/types\/post"}],"author":[{"embeddable":true,"href":"https:\/\/www.eldiario.net\/portal\/wp-json\/wp\/v2\/users\/3"}],"replies":[{"embeddable":true,"href":"https:\/\/www.eldiario.net\/portal\/wp-json\/wp\/v2\/comments?post=427983"}],"version-history":[{"count":1,"href":"https:\/\/www.eldiario.net\/portal\/wp-json\/wp\/v2\/posts\/427983\/revisions"}],"predecessor-version":[{"id":427985,"href":"https:\/\/www.eldiario.net\/portal\/wp-json\/wp\/v2\/posts\/427983\/revisions\/427985"}],"wp:featuredmedia":[{"embeddable":true,"href":"https:\/\/www.eldiario.net\/portal\/wp-json\/wp\/v2\/media\/427984"}],"wp:attachment":[{"href":"https:\/\/www.eldiario.net\/portal\/wp-json\/wp\/v2\/media?parent=427983"}],"wp:term":[{"taxonomy":"category","embeddable":true,"href":"https:\/\/www.eldiario.net\/portal\/wp-json\/wp\/v2\/categories?post=427983"},{"taxonomy":"post_tag","embeddable":true,"href":"https:\/\/www.eldiario.net\/portal\/wp-json\/wp\/v2\/tags?post=427983"}],"curies":[{"name":"wp","href":"https:\/\/api.w.org\/{rel}","templated":true}]}}