{"id":427960,"date":"2026-09-05T02:35:58","date_gmt":"2026-09-05T06:35:58","guid":{"rendered":"https:\/\/www.eldiario.net\/portal\/?p=427960"},"modified":"2026-09-05T00:36:30","modified_gmt":"2026-09-05T04:36:30","slug":"la-onu-voto-a-favor-de-un-nuevo-mapamundi","status":"publish","type":"post","link":"https:\/\/www.eldiario.net\/portal\/2026\/09\/05\/la-onu-voto-a-favor-de-un-nuevo-mapamundi\/","title":{"rendered":"La ONU vot\u00f3 a favor de un nuevo mapamundi"},"content":{"rendered":"<p>La Asamblea General de la ONU vot\u00f3 ayer a favor de sustituir el mapamundi tradicional por uno que refleje con mayor precisi\u00f3n el tama\u00f1o de \u00c1frica. La resoluci\u00f3n \u201cCorregir el mapa\u201d, patrocinada por Togo y respaldada por los miembros de la Uni\u00f3n Africana (UA), fue aprobada con el apoyo de 164 naciones.<br \/>\nEstados Unidos fue el \u00fanico pa\u00eds que vot\u00f3 en contra y hubo seis abstenciones (Estonia, Georgia, Lituania, Moldavia, Serbia y Ucrania). Empero, la votaci\u00f3n de la ONU no es vinculante, pero supondr\u00e1 cambios en los mapas utilizados por las instituciones de todo el mundo.<br \/>\nEl mapa de Mercator, de uso com\u00fan desde el siglo XVI, ha sido objeto de cr\u00edticas porque muestra a \u00c1frica con un tama\u00f1o similar al de Groenlandia, a pesar de que es 14 veces m\u00e1s grande. (BBC)<\/p>\n","protected":false},"excerpt":{"rendered":"<p>La Asamblea General de la ONU vot\u00f3 ayer a favor de sustituir el mapamundi tradicional por uno que refleje con mayor precisi\u00f3n el tama\u00f1o de \u00c1frica. La resoluci\u00f3n \u201cCorregir el mapa\u201d, patrocinada por Togo y respaldada por los miembros de la Uni\u00f3n Africana (UA), fue aprobada con el apoyo de 164 naciones. Estados Unidos fue [&hellip;]<\/p>\n","protected":false},"author":1,"featured_media":427961,"comment_status":"closed","ping_status":"open","sticky":false,"template":"","format":"standard","meta":{"_acf_changed":false,"footnotes":""},"categories":[15],"tags":[],"class_list":["post-427960","post","type-post","status-publish","format-standard","has-post-thumbnail","category-portada"],"acf":{"antetitulo":"Con dimensiones reales"},"yoast_head":"<!-- This site is optimized with the Yoast SEO plugin v28.4 - https:\/\/yoast.com\/product\/yoast-seo-wordpress\/ -->\n<title>La ONU vot\u00f3 a favor de un nuevo mapamundi - El Diario - Bolivia<\/title>\n<meta name=\"robots\" content=\"index, follow, max-snippet:-1, max-image-preview:large, max-video-preview:-1\" \/>\n<link rel=\"canonical\" href=\"https:\/\/www.eldiario.net\/portal\/2026\/09\/05\/la-onu-voto-a-favor-de-un-nuevo-mapamundi\/\" \/>\n<meta property=\"og:locale\" content=\"es_ES\" \/>\n<meta property=\"og:type\" content=\"article\" \/>\n<meta property=\"og:title\" content=\"La ONU vot\u00f3 a favor de un nuevo mapamundi - El Diario - Bolivia\" \/>\n<meta property=\"og:description\" content=\"La Asamblea General de la ONU vot\u00f3 ayer a favor de sustituir el mapamundi tradicional por uno que refleje con mayor precisi\u00f3n el tama\u00f1o de \u00c1frica. La resoluci\u00f3n \u201cCorregir el mapa\u201d, patrocinada por Togo y respaldada por los miembros de la Uni\u00f3n Africana (UA), fue aprobada con el apoyo de 164 naciones. Estados Unidos fue [&hellip;]\" \/>\n<meta property=\"og:url\" content=\"https:\/\/www.eldiario.net\/portal\/2026\/09\/05\/la-onu-voto-a-favor-de-un-nuevo-mapamundi\/\" \/>\n<meta property=\"og:site_name\" content=\"El Diario - Bolivia\" \/>\n<meta property=\"article:publisher\" content=\"https:\/\/www.facebook.com\/eldiario.bolivia\/\" \/>\n<meta property=\"article:published_time\" content=\"2026-09-05T06:35:58+00:00\" \/>\n<meta property=\"og:image\" content=\"https:\/\/www.eldiario.net\/portal\/wp-content\/uploads\/2026\/09\/Mapa-bbc.webp\" \/>\n\t<meta property=\"og:image:width\" content=\"800\" \/>\n\t<meta property=\"og:image:height\" content=\"449\" \/>\n\t<meta property=\"og:image:type\" content=\"image\/webp\" \/>\n<meta name=\"author\" content=\"Jeanette\" \/>\n<meta name=\"twitter:card\" content=\"summary_large_image\" \/>\n<meta name=\"twitter:creator\" content=\"@eldiario_net\" \/>\n<meta name=\"twitter:site\" content=\"@eldiario_net\" \/>\n<meta name=\"twitter:label1\" content=\"Escrito por\" \/>\n\t<meta name=\"twitter:data1\" content=\"Jeanette\" \/>\n\t<meta name=\"twitter:label2\" content=\"Tiempo de lectura\" \/>\n\t<meta name=\"twitter:data2\" content=\"1 minuto\" \/>\n<script type=\"application\/ld+json\" class=\"yoast-schema-graph\">{\"@context\":\"https:\\\/\\\/schema.org\",\"@graph\":[{\"@type\":\"Article\",\"@id\":\"https:\\\/\\\/www.eldiario.net\\\/portal\\\/2026\\\/09\\\/05\\\/la-onu-voto-a-favor-de-un-nuevo-mapamundi\\\/#article\",\"isPartOf\":{\"@id\":\"https:\\\/\\\/www.eldiario.net\\\/portal\\\/2026\\\/09\\\/05\\\/la-onu-voto-a-favor-de-un-nuevo-mapamundi\\\/\"},\"author\":{\"name\":\"Jeanette\",\"@id\":\"https:\\\/\\\/www.eldiario.net\\\/portal\\\/#\\\/schema\\\/person\\\/2c57cf2b7a7ae032e449e4c9b1019eac\"},\"headline\":\"La ONU vot\u00f3 a favor de un nuevo mapamundi\",\"datePublished\":\"2026-09-05T06:35:58+00:00\",\"mainEntityOfPage\":{\"@id\":\"https:\\\/\\\/www.eldiario.net\\\/portal\\\/2026\\\/09\\\/05\\\/la-onu-voto-a-favor-de-un-nuevo-mapamundi\\\/\"},\"wordCount\":150,\"publisher\":{\"@id\":\"https:\\\/\\\/www.eldiario.net\\\/portal\\\/#organization\"},\"image\":{\"@id\":\"https:\\\/\\\/www.eldiario.net\\\/portal\\\/2026\\\/09\\\/05\\\/la-onu-voto-a-favor-de-un-nuevo-mapamundi\\\/#primaryimage\"},\"thumbnailUrl\":\"https:\\\/\\\/www.eldiario.net\\\/portal\\\/wp-content\\\/uploads\\\/2026\\\/09\\\/Mapa-bbc.webp\",\"articleSection\":[\"Portada\"],\"inLanguage\":\"es\"},{\"@type\":\"WebPage\",\"@id\":\"https:\\\/\\\/www.eldiario.net\\\/portal\\\/2026\\\/09\\\/05\\\/la-onu-voto-a-favor-de-un-nuevo-mapamundi\\\/\",\"url\":\"https:\\\/\\\/www.eldiario.net\\\/portal\\\/2026\\\/09\\\/05\\\/la-onu-voto-a-favor-de-un-nuevo-mapamundi\\\/\",\"name\":\"La ONU vot\u00f3 a favor de un nuevo mapamundi - El Diario - Bolivia\",\"isPartOf\":{\"@id\":\"https:\\\/\\\/www.eldiario.net\\\/portal\\\/#website\"},\"primaryImageOfPage\":{\"@id\":\"https:\\\/\\\/www.eldiario.net\\\/portal\\\/2026\\\/09\\\/05\\\/la-onu-voto-a-favor-de-un-nuevo-mapamundi\\\/#primaryimage\"},\"image\":{\"@id\":\"https:\\\/\\\/www.eldiario.net\\\/portal\\\/2026\\\/09\\\/05\\\/la-onu-voto-a-favor-de-un-nuevo-mapamundi\\\/#primaryimage\"},\"thumbnailUrl\":\"https:\\\/\\\/www.eldiario.net\\\/portal\\\/wp-content\\\/uploads\\\/2026\\\/09\\\/Mapa-bbc.webp\",\"datePublished\":\"2026-09-05T06:35:58+00:00\",\"breadcrumb\":{\"@id\":\"https:\\\/\\\/www.eldiario.net\\\/portal\\\/2026\\\/09\\\/05\\\/la-onu-voto-a-favor-de-un-nuevo-mapamundi\\\/#breadcrumb\"},\"inLanguage\":\"es\",\"potentialAction\":[{\"@type\":\"ReadAction\",\"target\":[\"https:\\\/\\\/www.eldiario.net\\\/portal\\\/2026\\\/09\\\/05\\\/la-onu-voto-a-favor-de-un-nuevo-mapamundi\\\/\"]}]},{\"@type\":\"ImageObject\",\"inLanguage\":\"es\",\"@id\":\"https:\\\/\\\/www.eldiario.net\\\/portal\\\/2026\\\/09\\\/05\\\/la-onu-voto-a-favor-de-un-nuevo-mapamundi\\\/#primaryimage\",\"url\":\"https:\\\/\\\/www.eldiario.net\\\/portal\\\/wp-content\\\/uploads\\\/2026\\\/09\\\/Mapa-bbc.webp\",\"contentUrl\":\"https:\\\/\\\/www.eldiario.net\\\/portal\\\/wp-content\\\/uploads\\\/2026\\\/09\\\/Mapa-bbc.webp\",\"width\":800,\"height\":449,\"caption\":\"La proyecci\u00f3n de Mercator es el mapa m\u00e1s utilizado en todo el mundo, pero representa de manera inexacta el tama\u00f1o de los pa\u00edses y continentes.\"},{\"@type\":\"BreadcrumbList\",\"@id\":\"https:\\\/\\\/www.eldiario.net\\\/portal\\\/2026\\\/09\\\/05\\\/la-onu-voto-a-favor-de-un-nuevo-mapamundi\\\/#breadcrumb\",\"itemListElement\":[{\"@type\":\"ListItem\",\"position\":1,\"name\":\"Portada\",\"item\":\"https:\\\/\\\/www.eldiario.net\\\/portal\\\/\"},{\"@type\":\"ListItem\",\"position\":2,\"name\":\"La ONU vot\u00f3 a favor de un nuevo mapamundi\"}]},{\"@type\":\"WebSite\",\"@id\":\"https:\\\/\\\/www.eldiario.net\\\/portal\\\/#website\",\"url\":\"https:\\\/\\\/www.eldiario.net\\\/portal\\\/\",\"name\":\"El Diario - Decano de la prensa nacional\",\"description\":\"El Diario - Decano de la prensa nacional\",\"publisher\":{\"@id\":\"https:\\\/\\\/www.eldiario.net\\\/portal\\\/#organization\"},\"potentialAction\":[{\"@type\":\"SearchAction\",\"target\":{\"@type\":\"EntryPoint\",\"urlTemplate\":\"https:\\\/\\\/www.eldiario.net\\\/portal\\\/?s={search_term_string}\"},\"query-input\":{\"@type\":\"PropertyValueSpecification\",\"valueRequired\":true,\"valueName\":\"search_term_string\"}}],\"inLanguage\":\"es\"},{\"@type\":\"Organization\",\"@id\":\"https:\\\/\\\/www.eldiario.net\\\/portal\\\/#organization\",\"name\":\"El Diario - Decano de la prensa nacional\",\"url\":\"https:\\\/\\\/www.eldiario.net\\\/portal\\\/\",\"logo\":{\"@type\":\"ImageObject\",\"inLanguage\":\"es\",\"@id\":\"https:\\\/\\\/www.eldiario.net\\\/portal\\\/#\\\/schema\\\/logo\\\/image\\\/\",\"url\":\"https:\\\/\\\/www.eldiario.net\\\/portal\\\/wp-content\\\/uploads\\\/2023\\\/07\\\/logo_ED.jpg\",\"contentUrl\":\"https:\\\/\\\/www.eldiario.net\\\/portal\\\/wp-content\\\/uploads\\\/2023\\\/07\\\/logo_ED.jpg\",\"width\":272,\"height\":52,\"caption\":\"El Diario - Decano de la prensa nacional\"},\"image\":{\"@id\":\"https:\\\/\\\/www.eldiario.net\\\/portal\\\/#\\\/schema\\\/logo\\\/image\\\/\"},\"sameAs\":[\"https:\\\/\\\/www.facebook.com\\\/eldiario.bolivia\\\/\",\"https:\\\/\\\/x.com\\\/eldiario_net\"]},{\"@type\":\"Person\",\"@id\":\"https:\\\/\\\/www.eldiario.net\\\/portal\\\/#\\\/schema\\\/person\\\/2c57cf2b7a7ae032e449e4c9b1019eac\",\"name\":\"Jeanette\",\"image\":{\"@type\":\"ImageObject\",\"inLanguage\":\"es\",\"@id\":\"https:\\\/\\\/secure.gravatar.com\\\/avatar\\\/3ea2118a5f7dad2b7138b1187a6b7ee55f160b9968b66013c3a3ef39dd7e5798?s=96&d=mm&r=g\",\"url\":\"https:\\\/\\\/secure.gravatar.com\\\/avatar\\\/3ea2118a5f7dad2b7138b1187a6b7ee55f160b9968b66013c3a3ef39dd7e5798?s=96&d=mm&r=g\",\"contentUrl\":\"https:\\\/\\\/secure.gravatar.com\\\/avatar\\\/3ea2118a5f7dad2b7138b1187a6b7ee55f160b9968b66013c3a3ef39dd7e5798?s=96&d=mm&r=g\",\"caption\":\"Jeanette\"},\"sameAs\":[\"https:\\\/\\\/www.eldiario.net\\\/portal\"],\"url\":\"https:\\\/\\\/www.eldiario.net\\\/portal\\\/author\\\/jeanette\\\/\"}]}<\/script>\n<!-- \/ Yoast SEO plugin. -->","yoast_head_json":{"title":"La ONU vot\u00f3 a favor de un nuevo mapamundi - El Diario - Bolivia","robots":{"index":"index","follow":"follow","max-snippet":"max-snippet:-1","max-image-preview":"max-image-preview:large","max-video-preview":"max-video-preview:-1"},"canonical":"https:\/\/www.eldiario.net\/portal\/2026\/09\/05\/la-onu-voto-a-favor-de-un-nuevo-mapamundi\/","og_locale":"es_ES","og_type":"article","og_title":"La ONU vot\u00f3 a favor de un nuevo mapamundi - El Diario - Bolivia","og_description":"La Asamblea General de la ONU vot\u00f3 ayer a favor de sustituir el mapamundi tradicional por uno que refleje con mayor precisi\u00f3n el tama\u00f1o de \u00c1frica. La resoluci\u00f3n \u201cCorregir el mapa\u201d, patrocinada por Togo y respaldada por los miembros de la Uni\u00f3n Africana (UA), fue aprobada con el apoyo de 164 naciones. Estados Unidos fue [&hellip;]","og_url":"https:\/\/www.eldiario.net\/portal\/2026\/09\/05\/la-onu-voto-a-favor-de-un-nuevo-mapamundi\/","og_site_name":"El Diario - Bolivia","article_publisher":"https:\/\/www.facebook.com\/eldiario.bolivia\/","article_published_time":"2026-09-05T06:35:58+00:00","og_image":[{"width":800,"height":449,"url":"https:\/\/www.eldiario.net\/portal\/wp-content\/uploads\/2026\/09\/Mapa-bbc.webp","type":"image\/webp"}],"author":"Jeanette","twitter_card":"summary_large_image","twitter_creator":"@eldiario_net","twitter_site":"@eldiario_net","twitter_misc":{"Escrito por":"Jeanette","Tiempo de lectura":"1 minuto"},"schema":{"@context":"https:\/\/schema.org","@graph":[{"@type":"Article","@id":"https:\/\/www.eldiario.net\/portal\/2026\/09\/05\/la-onu-voto-a-favor-de-un-nuevo-mapamundi\/#article","isPartOf":{"@id":"https:\/\/www.eldiario.net\/portal\/2026\/09\/05\/la-onu-voto-a-favor-de-un-nuevo-mapamundi\/"},"author":{"name":"Jeanette","@id":"https:\/\/www.eldiario.net\/portal\/#\/schema\/person\/2c57cf2b7a7ae032e449e4c9b1019eac"},"headline":"La ONU vot\u00f3 a favor de un nuevo mapamundi","datePublished":"2026-09-05T06:35:58+00:00","mainEntityOfPage":{"@id":"https:\/\/www.eldiario.net\/portal\/2026\/09\/05\/la-onu-voto-a-favor-de-un-nuevo-mapamundi\/"},"wordCount":150,"publisher":{"@id":"https:\/\/www.eldiario.net\/portal\/#organization"},"image":{"@id":"https:\/\/www.eldiario.net\/portal\/2026\/09\/05\/la-onu-voto-a-favor-de-un-nuevo-mapamundi\/#primaryimage"},"thumbnailUrl":"https:\/\/www.eldiario.net\/portal\/wp-content\/uploads\/2026\/09\/Mapa-bbc.webp","articleSection":["Portada"],"inLanguage":"es"},{"@type":"WebPage","@id":"https:\/\/www.eldiario.net\/portal\/2026\/09\/05\/la-onu-voto-a-favor-de-un-nuevo-mapamundi\/","url":"https:\/\/www.eldiario.net\/portal\/2026\/09\/05\/la-onu-voto-a-favor-de-un-nuevo-mapamundi\/","name":"La ONU vot\u00f3 a favor de un nuevo mapamundi - El Diario - Bolivia","isPartOf":{"@id":"https:\/\/www.eldiario.net\/portal\/#website"},"primaryImageOfPage":{"@id":"https:\/\/www.eldiario.net\/portal\/2026\/09\/05\/la-onu-voto-a-favor-de-un-nuevo-mapamundi\/#primaryimage"},"image":{"@id":"https:\/\/www.eldiario.net\/portal\/2026\/09\/05\/la-onu-voto-a-favor-de-un-nuevo-mapamundi\/#primaryimage"},"thumbnailUrl":"https:\/\/www.eldiario.net\/portal\/wp-content\/uploads\/2026\/09\/Mapa-bbc.webp","datePublished":"2026-09-05T06:35:58+00:00","breadcrumb":{"@id":"https:\/\/www.eldiario.net\/portal\/2026\/09\/05\/la-onu-voto-a-favor-de-un-nuevo-mapamundi\/#breadcrumb"},"inLanguage":"es","potentialAction":[{"@type":"ReadAction","target":["https:\/\/www.eldiario.net\/portal\/2026\/09\/05\/la-onu-voto-a-favor-de-un-nuevo-mapamundi\/"]}]},{"@type":"ImageObject","inLanguage":"es","@id":"https:\/\/www.eldiario.net\/portal\/2026\/09\/05\/la-onu-voto-a-favor-de-un-nuevo-mapamundi\/#primaryimage","url":"https:\/\/www.eldiario.net\/portal\/wp-content\/uploads\/2026\/09\/Mapa-bbc.webp","contentUrl":"https:\/\/www.eldiario.net\/portal\/wp-content\/uploads\/2026\/09\/Mapa-bbc.webp","width":800,"height":449,"caption":"La proyecci\u00f3n de Mercator es el mapa m\u00e1s utilizado en todo el mundo, pero representa de manera inexacta el tama\u00f1o de los pa\u00edses y continentes."},{"@type":"BreadcrumbList","@id":"https:\/\/www.eldiario.net\/portal\/2026\/09\/05\/la-onu-voto-a-favor-de-un-nuevo-mapamundi\/#breadcrumb","itemListElement":[{"@type":"ListItem","position":1,"name":"Portada","item":"https:\/\/www.eldiario.net\/portal\/"},{"@type":"ListItem","position":2,"name":"La ONU vot\u00f3 a favor de un nuevo mapamundi"}]},{"@type":"WebSite","@id":"https:\/\/www.eldiario.net\/portal\/#website","url":"https:\/\/www.eldiario.net\/portal\/","name":"El Diario - Decano de la prensa nacional","description":"El Diario - Decano de la prensa nacional","publisher":{"@id":"https:\/\/www.eldiario.net\/portal\/#organization"},"potentialAction":[{"@type":"SearchAction","target":{"@type":"EntryPoint","urlTemplate":"https:\/\/www.eldiario.net\/portal\/?s={search_term_string}"},"query-input":{"@type":"PropertyValueSpecification","valueRequired":true,"valueName":"search_term_string"}}],"inLanguage":"es"},{"@type":"Organization","@id":"https:\/\/www.eldiario.net\/portal\/#organization","name":"El Diario - Decano de la prensa nacional","url":"https:\/\/www.eldiario.net\/portal\/","logo":{"@type":"ImageObject","inLanguage":"es","@id":"https:\/\/www.eldiario.net\/portal\/#\/schema\/logo\/image\/","url":"https:\/\/www.eldiario.net\/portal\/wp-content\/uploads\/2023\/07\/logo_ED.jpg","contentUrl":"https:\/\/www.eldiario.net\/portal\/wp-content\/uploads\/2023\/07\/logo_ED.jpg","width":272,"height":52,"caption":"El Diario - Decano de la prensa nacional"},"image":{"@id":"https:\/\/www.eldiario.net\/portal\/#\/schema\/logo\/image\/"},"sameAs":["https:\/\/www.facebook.com\/eldiario.bolivia\/","https:\/\/x.com\/eldiario_net"]},{"@type":"Person","@id":"https:\/\/www.eldiario.net\/portal\/#\/schema\/person\/2c57cf2b7a7ae032e449e4c9b1019eac","name":"Jeanette","image":{"@type":"ImageObject","inLanguage":"es","@id":"https:\/\/secure.gravatar.com\/avatar\/3ea2118a5f7dad2b7138b1187a6b7ee55f160b9968b66013c3a3ef39dd7e5798?s=96&d=mm&r=g","url":"https:\/\/secure.gravatar.com\/avatar\/3ea2118a5f7dad2b7138b1187a6b7ee55f160b9968b66013c3a3ef39dd7e5798?s=96&d=mm&r=g","contentUrl":"https:\/\/secure.gravatar.com\/avatar\/3ea2118a5f7dad2b7138b1187a6b7ee55f160b9968b66013c3a3ef39dd7e5798?s=96&d=mm&r=g","caption":"Jeanette"},"sameAs":["https:\/\/www.eldiario.net\/portal"],"url":"https:\/\/www.eldiario.net\/portal\/author\/jeanette\/"}]}},"_links":{"self":[{"href":"https:\/\/www.eldiario.net\/portal\/wp-json\/wp\/v2\/posts\/427960","targetHints":{"allow":["GET"]}}],"collection":[{"href":"https:\/\/www.eldiario.net\/portal\/wp-json\/wp\/v2\/posts"}],"about":[{"href":"https:\/\/www.eldiario.net\/portal\/wp-json\/wp\/v2\/types\/post"}],"author":[{"embeddable":true,"href":"https:\/\/www.eldiario.net\/portal\/wp-json\/wp\/v2\/users\/1"}],"replies":[{"embeddable":true,"href":"https:\/\/www.eldiario.net\/portal\/wp-json\/wp\/v2\/comments?post=427960"}],"version-history":[{"count":1,"href":"https:\/\/www.eldiario.net\/portal\/wp-json\/wp\/v2\/posts\/427960\/revisions"}],"predecessor-version":[{"id":427962,"href":"https:\/\/www.eldiario.net\/portal\/wp-json\/wp\/v2\/posts\/427960\/revisions\/427962"}],"wp:featuredmedia":[{"embeddable":true,"href":"https:\/\/www.eldiario.net\/portal\/wp-json\/wp\/v2\/media\/427961"}],"wp:attachment":[{"href":"https:\/\/www.eldiario.net\/portal\/wp-json\/wp\/v2\/media?parent=427960"}],"wp:term":[{"taxonomy":"category","embeddable":true,"href":"https:\/\/www.eldiario.net\/portal\/wp-json\/wp\/v2\/categories?post=427960"},{"taxonomy":"post_tag","embeddable":true,"href":"https:\/\/www.eldiario.net\/portal\/wp-json\/wp\/v2\/tags?post=427960"}],"curies":[{"name":"wp","href":"https:\/\/api.w.org\/{rel}","templated":true}]}}