{"id":427956,"date":"2026-09-05T02:32:28","date_gmt":"2026-09-05T06:32:28","guid":{"rendered":"https:\/\/www.eldiario.net\/portal\/?p=427956"},"modified":"2026-09-05T00:33:31","modified_gmt":"2026-09-05T04:33:31","slug":"el-temido-octubre-negro","status":"publish","type":"post","link":"https:\/\/www.eldiario.net\/portal\/2026\/09\/05\/el-temido-octubre-negro\/","title":{"rendered":"El temido \u201coctubre negro\u201d"},"content":{"rendered":"<p>Estamos en cuenta regresiva para recibir al mes m\u00e1s violento del a\u00f1o; el temido \u201coctubre negro\u201d. Mes que se ha caracterizado por hechos ca\u00f3ticos en el pa\u00eds que marcaron un cambio de rumbo en lo pol\u00edtico especialmente. Entre los hechos m\u00e1s recordados en los \u00faltimos veinte a\u00f1os, tenemos en 2003 la \u201cGuerra del Gas\u201d, donde se produjeron violentos enfrentamientos porque la poblaci\u00f3n se opon\u00eda a que el gas boliviano sea vendido v\u00eda Chile a Estados Unidos. El presidente de ese entonces, Gonzalo S\u00e1nchez de Lozada, se rehus\u00f3 dar marcha atr\u00e1s y el pa\u00eds se convulsion\u00f3 hasta hacerlo renunciar.<br \/>\nEn 2019, fue marcado por un conflicto pol\u00edtico social. Se denunci\u00f3 un fraude electoral que desencaden\u00f3 en enfrentamientos, represiones y la renuncia del entonces tambi\u00e9n presidente, Evo Morales a la primera magistratura, tras gobernar casi 14 a\u00f1os. Tambi\u00e9n se recuerda en el mes de octubre, como una tragedia la decisi\u00f3n de la Corte Internacional de Justicia (CIJ) que emiti\u00f3 un fallo a favor de Chile en la demanda interpuesta por Bolivia en busca de lograr una salida al mar. Esto se produjo el 2018 durante el gobierno del masista Evo Morales.<br \/>\nActualmente, muchos temen que vuelva la violencia e incluso pidan la dimisi\u00f3n al cargo de presidente del pa\u00eds, que ejerce Rodrigo Paz, hace menos de un a\u00f1o. La gesti\u00f3n pasada por estas mismas fechas, tambi\u00e9n se habl\u00f3 de que muchos grupos pol\u00edticos opositores al gobierno de Luis Arce Catacora, hablaban de \u201ctumbarlo\u201d porque no resolv\u00eda los problemas econ\u00f3micos y que, adem\u00e1s, sus hijos estaban metidos en actos de corrupci\u00f3n sobre el manejo de la cosa p\u00fablica. Por el bien de nuestra democracia, no se lleg\u00f3 a cumplir dicho vaticinio.<br \/>\nAhora la situaci\u00f3n pol\u00edtica, social y econ\u00f3mica que vivimos durante la gesti\u00f3n presidencial de Rodrigo Paz, no es diferente. Ya se escuchan voces de que debe dimitir al cargo de presidente. Porque tambi\u00e9n hasta ahora no soluciona la crisis econ\u00f3mica, la falta de carburantes, la falta de d\u00f3lares, elevaci\u00f3n constante del precio de los productos de la canasta familiar a lo que se debe a\u00f1adir el esc\u00e1ndalo de corrupci\u00f3n, tentativa de feminicidio e infanticidio, descarado manejo de la administraci\u00f3n p\u00fablica de su gobierno por parte del extranjero argentino, Fernando Cerimedo y los denunciados actos de negociados de la familia del presidente.<br \/>\nTodo eso se convirti\u00f3 en una \u201cbomba de tiempo\u201d que podr\u00eda explotar en la cara y manos del presidente Paz, en el octubre pr\u00f3ximo como se anticipa. Con estado de excepci\u00f3n o sin \u00e9l podr\u00eda ser fatal para nuestra democracia. Es momento para que el gobierno nacional tome decisiones a la altura de la actual coyuntura, as\u00ed sean antipopulares, porque no lleg\u00f3 al gobierno para eternizarse, sino para gobernar con autoridad y dar soluciones de verdad en el aspecto econ\u00f3mico especialmente.<br \/>\nEl presidente Paz Pereira, atraviesa su peor momento en los pocos meses que est\u00e1 al mando del pa\u00eds. Perdi\u00f3 toda autoridad y credibilidad su gesti\u00f3n porque de todo lo prometido en su campa\u00f1a electoral, hasta ahora nada se cumpli\u00f3 a cabalidad. Y en algunos casos cuando puso en marcha algunos decretos, le doblaron el brazo para hacerle borrar con el codo lo que escribi\u00f3 con la mano. Demostrando con eso debilidad y falta de autoridad para con su mandato gubernamental.<br \/>\nOtro punto d\u00e9bil que mostr\u00f3 hace poco, fue con el caso bullado Fernando Cerimedo-Nadia Beller. El cual ya da\u00f1\u00f3 nuestra soberan\u00eda nacional, a tal punto que es un secreto a voces que, en estos \u00faltimos nueve meses, las decisiones importantes sobre las actividades de nuestra naci\u00f3n, las habr\u00eda tomado el argentino Cerimedo. Lo cual tambi\u00e9n se puede interpretar como que el profesional boliviano, no vale. Lastimando el sentimiento de nacionalidad.<br \/>\nLas debilidades son m\u00e1s que las fortalezas dentro del gobierno central de Rodrigo Paz. Otro error garrafal, demostrado hasta ahora, es la falta de liderazgo del primer mandatario. Porque no supo articular una alianza pol\u00edtica con Tuto Quiroga de LIBRE, Samuel Doria Medina de UN y Manfred Reyes Villa de S\u00daMATE para tener amplia gobernabilidad parlamentaria. Piensa que \u00e9l solo puede gobernar, craso error pol\u00edtico.<br \/>\nSi hubiese tenido la habilidad y capacidad pol\u00edtica negociadora, desde el primer d\u00eda de su gesti\u00f3n presidencial, deber\u00eda haberlos reunido para concertar un pacto por la democracia con el objetivo principal de reformar o cambiar toda la actual Constituci\u00f3n Pol\u00edtica del Estado (CPE) y tambi\u00e9n introducir un nuevo modelo econ\u00f3mico que reemplace al lapidario modelo econ\u00f3mico, social y productivo instaurado por el masismo corrupto en las dos \u00faltimas d\u00e9cadas. Porque lo \u00fanico que dej\u00f3, fue empobrecer m\u00e1s a los pobres. Con un acuerdo nacional pol\u00edtico entre esas tres fuerzas se\u00f1aladas, m\u00e1s el PDC, se tiene m\u00e1s de los dos tercios en el Legislativo para cumplir dichos cometidos. Solo se necesita voluntad pol\u00edtica y amor por la patria.<br \/>\nEs sabido que, en nueve meses, no se puede reemplazar lo que se instaur\u00f3 en 20 a\u00f1os. Pero ya a estas alturas, deber\u00eda verse o palpar algunas variaciones que den la esperanza de que estamos en un nuevo camino hacia el verdadero cambio.<\/p>\n<p>El autor es Comunicador social.<\/p>\n","protected":false},"excerpt":{"rendered":"<p>Estamos en cuenta regresiva para recibir al mes m\u00e1s violento del a\u00f1o; el temido \u201coctubre negro\u201d. Mes que se ha caracterizado por hechos ca\u00f3ticos en el pa\u00eds que marcaron un cambio de rumbo en lo pol\u00edtico especialmente. Entre los hechos m\u00e1s recordados en los \u00faltimos veinte a\u00f1os, tenemos en 2003 la \u201cGuerra del Gas\u201d, donde [&hellip;]<\/p>\n","protected":false},"author":1,"featured_media":161157,"comment_status":"closed","ping_status":"open","sticky":false,"template":"","format":"standard","meta":{"_acf_changed":false,"footnotes":""},"categories":[9],"tags":[],"class_list":["post-427956","post","type-post","status-publish","format-standard","has-post-thumbnail","category-opinion"],"acf":{"antetitulo":""},"yoast_head":"<!-- This site is optimized with the Yoast SEO plugin v28.4 - https:\/\/yoast.com\/product\/yoast-seo-wordpress\/ -->\n<title>El temido \u201coctubre negro\u201d - El Diario - Bolivia<\/title>\n<meta name=\"robots\" content=\"index, follow, max-snippet:-1, max-image-preview:large, max-video-preview:-1\" \/>\n<link rel=\"canonical\" href=\"https:\/\/www.eldiario.net\/portal\/2026\/09\/05\/el-temido-octubre-negro\/\" \/>\n<meta property=\"og:locale\" content=\"es_ES\" \/>\n<meta property=\"og:type\" content=\"article\" \/>\n<meta property=\"og:title\" content=\"El temido \u201coctubre negro\u201d - El Diario - Bolivia\" \/>\n<meta property=\"og:description\" content=\"Estamos en cuenta regresiva para recibir al mes m\u00e1s violento del a\u00f1o; el temido \u201coctubre negro\u201d. Mes que se ha caracterizado por hechos ca\u00f3ticos en el pa\u00eds que marcaron un cambio de rumbo en lo pol\u00edtico especialmente. Entre los hechos m\u00e1s recordados en los \u00faltimos veinte a\u00f1os, tenemos en 2003 la \u201cGuerra del Gas\u201d, donde [&hellip;]\" \/>\n<meta property=\"og:url\" content=\"https:\/\/www.eldiario.net\/portal\/2026\/09\/05\/el-temido-octubre-negro\/\" \/>\n<meta property=\"og:site_name\" content=\"El Diario - Bolivia\" \/>\n<meta property=\"article:publisher\" content=\"https:\/\/www.facebook.com\/eldiario.bolivia\/\" \/>\n<meta property=\"article:published_time\" content=\"2026-09-05T06:32:28+00:00\" \/>\n<meta property=\"og:image\" content=\"https:\/\/www.eldiario.net\/portal\/wp-content\/uploads\/2023\/06\/Juan-Carlos-Ferreyra-Penarrieta.jpg\" \/>\n\t<meta property=\"og:image:width\" content=\"1200\" \/>\n\t<meta property=\"og:image:height\" content=\"628\" \/>\n\t<meta property=\"og:image:type\" content=\"image\/jpeg\" \/>\n<meta name=\"author\" content=\"Jeanette\" \/>\n<meta name=\"twitter:card\" content=\"summary_large_image\" \/>\n<meta name=\"twitter:creator\" content=\"@eldiario_net\" \/>\n<meta name=\"twitter:site\" content=\"@eldiario_net\" \/>\n<meta name=\"twitter:label1\" content=\"Escrito por\" \/>\n\t<meta name=\"twitter:data1\" content=\"Jeanette\" \/>\n\t<meta name=\"twitter:label2\" content=\"Tiempo de lectura\" \/>\n\t<meta name=\"twitter:data2\" content=\"5 minutos\" \/>\n<script type=\"application\/ld+json\" class=\"yoast-schema-graph\">{\"@context\":\"https:\\\/\\\/schema.org\",\"@graph\":[{\"@type\":\"Article\",\"@id\":\"https:\\\/\\\/www.eldiario.net\\\/portal\\\/2026\\\/09\\\/05\\\/el-temido-octubre-negro\\\/#article\",\"isPartOf\":{\"@id\":\"https:\\\/\\\/www.eldiario.net\\\/portal\\\/2026\\\/09\\\/05\\\/el-temido-octubre-negro\\\/\"},\"author\":{\"name\":\"Jeanette\",\"@id\":\"https:\\\/\\\/www.eldiario.net\\\/portal\\\/#\\\/schema\\\/person\\\/2c57cf2b7a7ae032e449e4c9b1019eac\"},\"headline\":\"El temido \u201coctubre negro\u201d\",\"datePublished\":\"2026-09-05T06:32:28+00:00\",\"mainEntityOfPage\":{\"@id\":\"https:\\\/\\\/www.eldiario.net\\\/portal\\\/2026\\\/09\\\/05\\\/el-temido-octubre-negro\\\/\"},\"wordCount\":916,\"publisher\":{\"@id\":\"https:\\\/\\\/www.eldiario.net\\\/portal\\\/#organization\"},\"image\":{\"@id\":\"https:\\\/\\\/www.eldiario.net\\\/portal\\\/2026\\\/09\\\/05\\\/el-temido-octubre-negro\\\/#primaryimage\"},\"thumbnailUrl\":\"https:\\\/\\\/www.eldiario.net\\\/portal\\\/wp-content\\\/uploads\\\/2023\\\/06\\\/Juan-Carlos-Ferreyra-Penarrieta.jpg\",\"articleSection\":[\"Opini\u00f3n\"],\"inLanguage\":\"es\"},{\"@type\":\"WebPage\",\"@id\":\"https:\\\/\\\/www.eldiario.net\\\/portal\\\/2026\\\/09\\\/05\\\/el-temido-octubre-negro\\\/\",\"url\":\"https:\\\/\\\/www.eldiario.net\\\/portal\\\/2026\\\/09\\\/05\\\/el-temido-octubre-negro\\\/\",\"name\":\"El temido \u201coctubre negro\u201d - El Diario - Bolivia\",\"isPartOf\":{\"@id\":\"https:\\\/\\\/www.eldiario.net\\\/portal\\\/#website\"},\"primaryImageOfPage\":{\"@id\":\"https:\\\/\\\/www.eldiario.net\\\/portal\\\/2026\\\/09\\\/05\\\/el-temido-octubre-negro\\\/#primaryimage\"},\"image\":{\"@id\":\"https:\\\/\\\/www.eldiario.net\\\/portal\\\/2026\\\/09\\\/05\\\/el-temido-octubre-negro\\\/#primaryimage\"},\"thumbnailUrl\":\"https:\\\/\\\/www.eldiario.net\\\/portal\\\/wp-content\\\/uploads\\\/2023\\\/06\\\/Juan-Carlos-Ferreyra-Penarrieta.jpg\",\"datePublished\":\"2026-09-05T06:32:28+00:00\",\"breadcrumb\":{\"@id\":\"https:\\\/\\\/www.eldiario.net\\\/portal\\\/2026\\\/09\\\/05\\\/el-temido-octubre-negro\\\/#breadcrumb\"},\"inLanguage\":\"es\",\"potentialAction\":[{\"@type\":\"ReadAction\",\"target\":[\"https:\\\/\\\/www.eldiario.net\\\/portal\\\/2026\\\/09\\\/05\\\/el-temido-octubre-negro\\\/\"]}]},{\"@type\":\"ImageObject\",\"inLanguage\":\"es\",\"@id\":\"https:\\\/\\\/www.eldiario.net\\\/portal\\\/2026\\\/09\\\/05\\\/el-temido-octubre-negro\\\/#primaryimage\",\"url\":\"https:\\\/\\\/www.eldiario.net\\\/portal\\\/wp-content\\\/uploads\\\/2023\\\/06\\\/Juan-Carlos-Ferreyra-Penarrieta.jpg\",\"contentUrl\":\"https:\\\/\\\/www.eldiario.net\\\/portal\\\/wp-content\\\/uploads\\\/2023\\\/06\\\/Juan-Carlos-Ferreyra-Penarrieta.jpg\",\"width\":1200,\"height\":628,\"caption\":\"Juan Carlos Ferreyra Pe\u00f1arrieta\"},{\"@type\":\"BreadcrumbList\",\"@id\":\"https:\\\/\\\/www.eldiario.net\\\/portal\\\/2026\\\/09\\\/05\\\/el-temido-octubre-negro\\\/#breadcrumb\",\"itemListElement\":[{\"@type\":\"ListItem\",\"position\":1,\"name\":\"Portada\",\"item\":\"https:\\\/\\\/www.eldiario.net\\\/portal\\\/\"},{\"@type\":\"ListItem\",\"position\":2,\"name\":\"El temido \u201coctubre negro\u201d\"}]},{\"@type\":\"WebSite\",\"@id\":\"https:\\\/\\\/www.eldiario.net\\\/portal\\\/#website\",\"url\":\"https:\\\/\\\/www.eldiario.net\\\/portal\\\/\",\"name\":\"El Diario - Decano de la prensa nacional\",\"description\":\"El Diario - Decano de la prensa nacional\",\"publisher\":{\"@id\":\"https:\\\/\\\/www.eldiario.net\\\/portal\\\/#organization\"},\"potentialAction\":[{\"@type\":\"SearchAction\",\"target\":{\"@type\":\"EntryPoint\",\"urlTemplate\":\"https:\\\/\\\/www.eldiario.net\\\/portal\\\/?s={search_term_string}\"},\"query-input\":{\"@type\":\"PropertyValueSpecification\",\"valueRequired\":true,\"valueName\":\"search_term_string\"}}],\"inLanguage\":\"es\"},{\"@type\":\"Organization\",\"@id\":\"https:\\\/\\\/www.eldiario.net\\\/portal\\\/#organization\",\"name\":\"El Diario - Decano de la prensa nacional\",\"url\":\"https:\\\/\\\/www.eldiario.net\\\/portal\\\/\",\"logo\":{\"@type\":\"ImageObject\",\"inLanguage\":\"es\",\"@id\":\"https:\\\/\\\/www.eldiario.net\\\/portal\\\/#\\\/schema\\\/logo\\\/image\\\/\",\"url\":\"https:\\\/\\\/www.eldiario.net\\\/portal\\\/wp-content\\\/uploads\\\/2023\\\/07\\\/logo_ED.jpg\",\"contentUrl\":\"https:\\\/\\\/www.eldiario.net\\\/portal\\\/wp-content\\\/uploads\\\/2023\\\/07\\\/logo_ED.jpg\",\"width\":272,\"height\":52,\"caption\":\"El Diario - Decano de la prensa nacional\"},\"image\":{\"@id\":\"https:\\\/\\\/www.eldiario.net\\\/portal\\\/#\\\/schema\\\/logo\\\/image\\\/\"},\"sameAs\":[\"https:\\\/\\\/www.facebook.com\\\/eldiario.bolivia\\\/\",\"https:\\\/\\\/x.com\\\/eldiario_net\"]},{\"@type\":\"Person\",\"@id\":\"https:\\\/\\\/www.eldiario.net\\\/portal\\\/#\\\/schema\\\/person\\\/2c57cf2b7a7ae032e449e4c9b1019eac\",\"name\":\"Jeanette\",\"image\":{\"@type\":\"ImageObject\",\"inLanguage\":\"es\",\"@id\":\"https:\\\/\\\/secure.gravatar.com\\\/avatar\\\/3ea2118a5f7dad2b7138b1187a6b7ee55f160b9968b66013c3a3ef39dd7e5798?s=96&d=mm&r=g\",\"url\":\"https:\\\/\\\/secure.gravatar.com\\\/avatar\\\/3ea2118a5f7dad2b7138b1187a6b7ee55f160b9968b66013c3a3ef39dd7e5798?s=96&d=mm&r=g\",\"contentUrl\":\"https:\\\/\\\/secure.gravatar.com\\\/avatar\\\/3ea2118a5f7dad2b7138b1187a6b7ee55f160b9968b66013c3a3ef39dd7e5798?s=96&d=mm&r=g\",\"caption\":\"Jeanette\"},\"sameAs\":[\"https:\\\/\\\/www.eldiario.net\\\/portal\"],\"url\":\"https:\\\/\\\/www.eldiario.net\\\/portal\\\/author\\\/jeanette\\\/\"}]}<\/script>\n<!-- \/ Yoast SEO plugin. -->","yoast_head_json":{"title":"El temido \u201coctubre negro\u201d - El Diario - Bolivia","robots":{"index":"index","follow":"follow","max-snippet":"max-snippet:-1","max-image-preview":"max-image-preview:large","max-video-preview":"max-video-preview:-1"},"canonical":"https:\/\/www.eldiario.net\/portal\/2026\/09\/05\/el-temido-octubre-negro\/","og_locale":"es_ES","og_type":"article","og_title":"El temido \u201coctubre negro\u201d - El Diario - Bolivia","og_description":"Estamos en cuenta regresiva para recibir al mes m\u00e1s violento del a\u00f1o; el temido \u201coctubre negro\u201d. Mes que se ha caracterizado por hechos ca\u00f3ticos en el pa\u00eds que marcaron un cambio de rumbo en lo pol\u00edtico especialmente. Entre los hechos m\u00e1s recordados en los \u00faltimos veinte a\u00f1os, tenemos en 2003 la \u201cGuerra del Gas\u201d, donde [&hellip;]","og_url":"https:\/\/www.eldiario.net\/portal\/2026\/09\/05\/el-temido-octubre-negro\/","og_site_name":"El Diario - Bolivia","article_publisher":"https:\/\/www.facebook.com\/eldiario.bolivia\/","article_published_time":"2026-09-05T06:32:28+00:00","og_image":[{"width":1200,"height":628,"url":"https:\/\/www.eldiario.net\/portal\/wp-content\/uploads\/2023\/06\/Juan-Carlos-Ferreyra-Penarrieta.jpg","type":"image\/jpeg"}],"author":"Jeanette","twitter_card":"summary_large_image","twitter_creator":"@eldiario_net","twitter_site":"@eldiario_net","twitter_misc":{"Escrito por":"Jeanette","Tiempo de lectura":"5 minutos"},"schema":{"@context":"https:\/\/schema.org","@graph":[{"@type":"Article","@id":"https:\/\/www.eldiario.net\/portal\/2026\/09\/05\/el-temido-octubre-negro\/#article","isPartOf":{"@id":"https:\/\/www.eldiario.net\/portal\/2026\/09\/05\/el-temido-octubre-negro\/"},"author":{"name":"Jeanette","@id":"https:\/\/www.eldiario.net\/portal\/#\/schema\/person\/2c57cf2b7a7ae032e449e4c9b1019eac"},"headline":"El temido \u201coctubre negro\u201d","datePublished":"2026-09-05T06:32:28+00:00","mainEntityOfPage":{"@id":"https:\/\/www.eldiario.net\/portal\/2026\/09\/05\/el-temido-octubre-negro\/"},"wordCount":916,"publisher":{"@id":"https:\/\/www.eldiario.net\/portal\/#organization"},"image":{"@id":"https:\/\/www.eldiario.net\/portal\/2026\/09\/05\/el-temido-octubre-negro\/#primaryimage"},"thumbnailUrl":"https:\/\/www.eldiario.net\/portal\/wp-content\/uploads\/2023\/06\/Juan-Carlos-Ferreyra-Penarrieta.jpg","articleSection":["Opini\u00f3n"],"inLanguage":"es"},{"@type":"WebPage","@id":"https:\/\/www.eldiario.net\/portal\/2026\/09\/05\/el-temido-octubre-negro\/","url":"https:\/\/www.eldiario.net\/portal\/2026\/09\/05\/el-temido-octubre-negro\/","name":"El temido \u201coctubre negro\u201d - El Diario - Bolivia","isPartOf":{"@id":"https:\/\/www.eldiario.net\/portal\/#website"},"primaryImageOfPage":{"@id":"https:\/\/www.eldiario.net\/portal\/2026\/09\/05\/el-temido-octubre-negro\/#primaryimage"},"image":{"@id":"https:\/\/www.eldiario.net\/portal\/2026\/09\/05\/el-temido-octubre-negro\/#primaryimage"},"thumbnailUrl":"https:\/\/www.eldiario.net\/portal\/wp-content\/uploads\/2023\/06\/Juan-Carlos-Ferreyra-Penarrieta.jpg","datePublished":"2026-09-05T06:32:28+00:00","breadcrumb":{"@id":"https:\/\/www.eldiario.net\/portal\/2026\/09\/05\/el-temido-octubre-negro\/#breadcrumb"},"inLanguage":"es","potentialAction":[{"@type":"ReadAction","target":["https:\/\/www.eldiario.net\/portal\/2026\/09\/05\/el-temido-octubre-negro\/"]}]},{"@type":"ImageObject","inLanguage":"es","@id":"https:\/\/www.eldiario.net\/portal\/2026\/09\/05\/el-temido-octubre-negro\/#primaryimage","url":"https:\/\/www.eldiario.net\/portal\/wp-content\/uploads\/2023\/06\/Juan-Carlos-Ferreyra-Penarrieta.jpg","contentUrl":"https:\/\/www.eldiario.net\/portal\/wp-content\/uploads\/2023\/06\/Juan-Carlos-Ferreyra-Penarrieta.jpg","width":1200,"height":628,"caption":"Juan Carlos Ferreyra Pe\u00f1arrieta"},{"@type":"BreadcrumbList","@id":"https:\/\/www.eldiario.net\/portal\/2026\/09\/05\/el-temido-octubre-negro\/#breadcrumb","itemListElement":[{"@type":"ListItem","position":1,"name":"Portada","item":"https:\/\/www.eldiario.net\/portal\/"},{"@type":"ListItem","position":2,"name":"El temido \u201coctubre negro\u201d"}]},{"@type":"WebSite","@id":"https:\/\/www.eldiario.net\/portal\/#website","url":"https:\/\/www.eldiario.net\/portal\/","name":"El Diario - Decano de la prensa nacional","description":"El Diario - Decano de la prensa nacional","publisher":{"@id":"https:\/\/www.eldiario.net\/portal\/#organization"},"potentialAction":[{"@type":"SearchAction","target":{"@type":"EntryPoint","urlTemplate":"https:\/\/www.eldiario.net\/portal\/?s={search_term_string}"},"query-input":{"@type":"PropertyValueSpecification","valueRequired":true,"valueName":"search_term_string"}}],"inLanguage":"es"},{"@type":"Organization","@id":"https:\/\/www.eldiario.net\/portal\/#organization","name":"El Diario - Decano de la prensa nacional","url":"https:\/\/www.eldiario.net\/portal\/","logo":{"@type":"ImageObject","inLanguage":"es","@id":"https:\/\/www.eldiario.net\/portal\/#\/schema\/logo\/image\/","url":"https:\/\/www.eldiario.net\/portal\/wp-content\/uploads\/2023\/07\/logo_ED.jpg","contentUrl":"https:\/\/www.eldiario.net\/portal\/wp-content\/uploads\/2023\/07\/logo_ED.jpg","width":272,"height":52,"caption":"El Diario - Decano de la prensa nacional"},"image":{"@id":"https:\/\/www.eldiario.net\/portal\/#\/schema\/logo\/image\/"},"sameAs":["https:\/\/www.facebook.com\/eldiario.bolivia\/","https:\/\/x.com\/eldiario_net"]},{"@type":"Person","@id":"https:\/\/www.eldiario.net\/portal\/#\/schema\/person\/2c57cf2b7a7ae032e449e4c9b1019eac","name":"Jeanette","image":{"@type":"ImageObject","inLanguage":"es","@id":"https:\/\/secure.gravatar.com\/avatar\/3ea2118a5f7dad2b7138b1187a6b7ee55f160b9968b66013c3a3ef39dd7e5798?s=96&d=mm&r=g","url":"https:\/\/secure.gravatar.com\/avatar\/3ea2118a5f7dad2b7138b1187a6b7ee55f160b9968b66013c3a3ef39dd7e5798?s=96&d=mm&r=g","contentUrl":"https:\/\/secure.gravatar.com\/avatar\/3ea2118a5f7dad2b7138b1187a6b7ee55f160b9968b66013c3a3ef39dd7e5798?s=96&d=mm&r=g","caption":"Jeanette"},"sameAs":["https:\/\/www.eldiario.net\/portal"],"url":"https:\/\/www.eldiario.net\/portal\/author\/jeanette\/"}]}},"_links":{"self":[{"href":"https:\/\/www.eldiario.net\/portal\/wp-json\/wp\/v2\/posts\/427956","targetHints":{"allow":["GET"]}}],"collection":[{"href":"https:\/\/www.eldiario.net\/portal\/wp-json\/wp\/v2\/posts"}],"about":[{"href":"https:\/\/www.eldiario.net\/portal\/wp-json\/wp\/v2\/types\/post"}],"author":[{"embeddable":true,"href":"https:\/\/www.eldiario.net\/portal\/wp-json\/wp\/v2\/users\/1"}],"replies":[{"embeddable":true,"href":"https:\/\/www.eldiario.net\/portal\/wp-json\/wp\/v2\/comments?post=427956"}],"version-history":[{"count":1,"href":"https:\/\/www.eldiario.net\/portal\/wp-json\/wp\/v2\/posts\/427956\/revisions"}],"predecessor-version":[{"id":427957,"href":"https:\/\/www.eldiario.net\/portal\/wp-json\/wp\/v2\/posts\/427956\/revisions\/427957"}],"wp:featuredmedia":[{"embeddable":true,"href":"https:\/\/www.eldiario.net\/portal\/wp-json\/wp\/v2\/media\/161157"}],"wp:attachment":[{"href":"https:\/\/www.eldiario.net\/portal\/wp-json\/wp\/v2\/media?parent=427956"}],"wp:term":[{"taxonomy":"category","embeddable":true,"href":"https:\/\/www.eldiario.net\/portal\/wp-json\/wp\/v2\/categories?post=427956"},{"taxonomy":"post_tag","embeddable":true,"href":"https:\/\/www.eldiario.net\/portal\/wp-json\/wp\/v2\/tags?post=427956"}],"curies":[{"name":"wp","href":"https:\/\/api.w.org\/{rel}","templated":true}]}}