{"id":427952,"date":"2026-09-05T00:28:48","date_gmt":"2026-09-05T04:28:48","guid":{"rendered":"https:\/\/www.eldiario.net\/portal\/?p=427952"},"modified":"2026-09-05T00:28:48","modified_gmt":"2026-09-05T04:28:48","slug":"gabinete-niksen-el-arte-de-gobernar-de-brazos-cruzados","status":"publish","type":"post","link":"https:\/\/www.eldiario.net\/portal\/2026\/09\/05\/gabinete-niksen-el-arte-de-gobernar-de-brazos-cruzados\/","title":{"rendered":"Gabinete Niksen: el arte de gobernar de brazos cruzados"},"content":{"rendered":"<p>Muy de reojo estuve hojeando un libro de Olga Mecking: El libro del Niksen, que, por lo menos para m\u00ed, novedosamente trata del concepto neerland\u00e9s de nada hacer; pr\u00e1ctica que, teniendo su origen precisamente en los Pa\u00edses Bajos, est\u00e1 fundamentada en toda una filosof\u00eda que hace de sus habitantes uno de los pa\u00edses m\u00e1s felices del mundo.<br \/>\nY aunque jur\u00e9 descansar hoy del tema pol\u00edtico, mi descubrimiento de esa teor\u00eda cient\u00edfica tan fascinante, imposibilita no aplicarla a los \u201cgenios\u201d que conducen la nave de nuestro Estado, o mejor dicho a los que la miran hundirse desde sus camarotes.<br \/>\nPues resulta que los europeos, en su infinita comodidad, inventaron una filosof\u00eda oficial llamada Niksen, palabra que, traducida al castellano, significa literalmente hacer absolutamente nada y que, en pocas, significa sentarse en una silla a mirar el vac\u00edo, sin celular, sin un pensamiento productivo y sin remordimientos, lo que me caus\u00f3 un ataque de orgullo porque entend\u00ed que \u201cnuestro gabinete ministerial no hab\u00eda sido inepto; m\u00e1s bien est\u00e1n a la vanguardia de la salud mental europea\u201d. De manera que, mientras los ciudadanos de a pie corremos como locos haciendo malabares para que el sueldo no se vuelva agua a los pocos d\u00edas de cobrarlo, nuestros ministros parecen haber alcanzado la iluminaci\u00f3n del Niksen institucional.<br \/>\nEsa envidiable capacidad de ver impert\u00e9rritos c\u00f3mo el pa\u00eds cruje, respondiendo con un silencio de tumba los ya, a estas alturas, inn\u00fameros problemas y esc\u00e1ndalos que nos azotan y que sin temor a equ\u00edvocos \u2014a diferencia de otros tiempos\u2014 son de exclusiva responsabilidad de nuestros ministros. \u00a1Bah!, eso no es incapacidad, es meditaci\u00f3n neerlandesa profunda, financiada con nuestros impuestos.<br \/>\nClaro que la pr\u00e1ctica original del Niksen requiere cierta m\u00edstica que, entre otras cosas, importa un esfuerzo consciente por desconectarse de todo. En cambio, en nuestros ministerios la inacci\u00f3n es una profesi\u00f3n a tiempo completo, con chofer, vi\u00e1ticos y oficina alfombrada. La verdad es que es un arte contemplativo en que los pocos ministros conformantes del \u00d3rgano Ejecutivo, miran pasar la crisis como quien mira desde el confort de sus despachos la lluvia, esperando que el tiempo, el Esp\u00edritu Santo o la pr\u00f3xima devaluaci\u00f3n se encarguen del asunto.<br \/>\nTienen la asombrosa capacidad de firmar decretos sin medir consecuencias, logrando el milagro metaf\u00edsico de que, al final del d\u00eda, absolutamente nada se slucione. Eso no lo hace cualquiera. Requiere a\u00f1os de entrenamiento en el noble deporte de \u201chacerse el sordo\u201d (por no emplear un t\u00e9rmino menos amable).<br \/>\nPara el ciudadano promedio, educado en el estr\u00e9s diario, la inactividad genera abstinencia de indignaci\u00f3n. Vive tan alerta que, si pasa cinco minutos sentado sin producir, la conciencia le responde con un sopapo: \u201c\u00bfQu\u00e9 haces aqu\u00ed flojeando? Seguro que ya subi\u00f3 la canasta familiar\u201d. Esa gran mayor\u00eda que sabe que hay que trabajar duro para sobrevivir, paga con su salud mental el derecho a ver c\u00f3mo los ministros practican el ocio a nivel profesional.<br \/>\n\u00bfSer\u00e1 que hemos cre\u00eddo que todo est\u00e1 mejorando? \u00bfO que haya alguien tan candoroso que haya cre\u00eddo que no se tolerar\u00e1 la corrupci\u00f3n? O lo que es peor: \u00bfque por lo menos parezca que se est\u00e1 haciendo algo para combatir el retraso y el cohecho, el soborno y la coima, mientras en los despachos ministeriales se respira una paz de monasterio, interrumpida solo por los constantes timbrazos o la m\u00e1quina de caf\u00e9? Si la ineptitud pagara impuestos, nuestros ministros ya habr\u00edan pagado la deuda externa. O, si no, \u00bfpor qu\u00e9 renunciaron tantos ministros en tan poco tiempo de gobierno?<br \/>\nDespu\u00e9s de todo, a diferencia de lo que en Pa\u00edses Bajos se practica con tanto \u00e9xito, ac\u00e1 podemos colegir que la inoperancia de nuestras autoridades para solucionar los agobiantes problemas que nos carcomen, les permite hacer Niksen cada vez que las papas queman, y en una suerte de democratizaci\u00f3n de esa filosof\u00eda, tendr\u00edamos que tener el derecho ciudadano de aplicarlo en defensa propia, mandando todo al diablo por unas 24 horas como una f\u00f3rmula, a lo mejor eficaz para lograr que las autoridades nombradas sin ning\u00fan m\u00e9rito, puedan reflexionar o dejar su cargo a quien con idoneidad pueda desempe\u00f1arlo. Esto solo tendr\u00eda que ser aplicable a quienes hacen del trabajo una vocaci\u00f3n, no a los que por todo y por nada paralizan el pa\u00eds, persiguiendo intereses subalternos.<br \/>\nHacer nada, en el fondo, ser\u00eda un acto de leg\u00edtima defensa. Nadie escucha, lee o ve noticias, ni revisa sus notificaciones en el internet para evitar ver de las autoridades sus explicaciones nerviosas y vacuas, porque no hay mayor castigo para un in\u00fatil, que quitarle el micr\u00f3fono.<\/p>\n<p>Augusto Vera Riveros es abogado.<\/p>\n","protected":false},"excerpt":{"rendered":"<p>Muy de reojo estuve hojeando un libro de Olga Mecking: El libro del Niksen, que, por lo menos para m\u00ed, novedosamente trata del concepto neerland\u00e9s de nada hacer; pr\u00e1ctica que, teniendo su origen precisamente en los Pa\u00edses Bajos, est\u00e1 fundamentada en toda una filosof\u00eda que hace de sus habitantes uno de los pa\u00edses m\u00e1s felices [&hellip;]<\/p>\n","protected":false},"author":1,"featured_media":158120,"comment_status":"closed","ping_status":"open","sticky":false,"template":"","format":"standard","meta":{"_acf_changed":false,"footnotes":""},"categories":[9],"tags":[],"class_list":["post-427952","post","type-post","status-publish","format-standard","has-post-thumbnail","category-opinion"],"acf":{"antetitulo":"Contra viento y marea"},"yoast_head":"<!-- This site is optimized with the Yoast SEO plugin v28.4 - https:\/\/yoast.com\/product\/yoast-seo-wordpress\/ -->\n<title>Gabinete Niksen: el arte de gobernar de brazos cruzados - El Diario - Bolivia<\/title>\n<meta name=\"robots\" content=\"index, follow, max-snippet:-1, max-image-preview:large, max-video-preview:-1\" \/>\n<link rel=\"canonical\" href=\"https:\/\/www.eldiario.net\/portal\/2026\/09\/05\/gabinete-niksen-el-arte-de-gobernar-de-brazos-cruzados\/\" \/>\n<meta property=\"og:locale\" content=\"es_ES\" \/>\n<meta property=\"og:type\" content=\"article\" \/>\n<meta property=\"og:title\" content=\"Gabinete Niksen: el arte de gobernar de brazos cruzados - El Diario - Bolivia\" \/>\n<meta property=\"og:description\" content=\"Muy de reojo estuve hojeando un libro de Olga Mecking: El libro del Niksen, que, por lo menos para m\u00ed, novedosamente trata del concepto neerland\u00e9s de nada hacer; pr\u00e1ctica que, teniendo su origen precisamente en los Pa\u00edses Bajos, est\u00e1 fundamentada en toda una filosof\u00eda que hace de sus habitantes uno de los pa\u00edses m\u00e1s felices [&hellip;]\" \/>\n<meta property=\"og:url\" content=\"https:\/\/www.eldiario.net\/portal\/2026\/09\/05\/gabinete-niksen-el-arte-de-gobernar-de-brazos-cruzados\/\" \/>\n<meta property=\"og:site_name\" content=\"El Diario - Bolivia\" \/>\n<meta property=\"article:publisher\" content=\"https:\/\/www.facebook.com\/eldiario.bolivia\/\" \/>\n<meta property=\"article:published_time\" content=\"2026-09-05T04:28:48+00:00\" \/>\n<meta property=\"og:image\" content=\"https:\/\/www.eldiario.net\/portal\/wp-content\/uploads\/2023\/06\/Augusto-Vera-Riveros.jpg\" \/>\n\t<meta property=\"og:image:width\" content=\"1200\" \/>\n\t<meta property=\"og:image:height\" content=\"628\" \/>\n\t<meta property=\"og:image:type\" content=\"image\/jpeg\" \/>\n<meta name=\"author\" content=\"Jeanette\" \/>\n<meta name=\"twitter:card\" content=\"summary_large_image\" \/>\n<meta name=\"twitter:creator\" content=\"@eldiario_net\" \/>\n<meta name=\"twitter:site\" content=\"@eldiario_net\" \/>\n<meta name=\"twitter:label1\" content=\"Escrito por\" \/>\n\t<meta name=\"twitter:data1\" content=\"Jeanette\" \/>\n\t<meta name=\"twitter:label2\" content=\"Tiempo de lectura\" \/>\n\t<meta name=\"twitter:data2\" content=\"4 minutos\" \/>\n<script type=\"application\/ld+json\" class=\"yoast-schema-graph\">{\"@context\":\"https:\\\/\\\/schema.org\",\"@graph\":[{\"@type\":\"Article\",\"@id\":\"https:\\\/\\\/www.eldiario.net\\\/portal\\\/2026\\\/09\\\/05\\\/gabinete-niksen-el-arte-de-gobernar-de-brazos-cruzados\\\/#article\",\"isPartOf\":{\"@id\":\"https:\\\/\\\/www.eldiario.net\\\/portal\\\/2026\\\/09\\\/05\\\/gabinete-niksen-el-arte-de-gobernar-de-brazos-cruzados\\\/\"},\"author\":{\"name\":\"Jeanette\",\"@id\":\"https:\\\/\\\/www.eldiario.net\\\/portal\\\/#\\\/schema\\\/person\\\/2c57cf2b7a7ae032e449e4c9b1019eac\"},\"headline\":\"Gabinete Niksen: el arte de gobernar de brazos cruzados\",\"datePublished\":\"2026-09-05T04:28:48+00:00\",\"mainEntityOfPage\":{\"@id\":\"https:\\\/\\\/www.eldiario.net\\\/portal\\\/2026\\\/09\\\/05\\\/gabinete-niksen-el-arte-de-gobernar-de-brazos-cruzados\\\/\"},\"wordCount\":827,\"publisher\":{\"@id\":\"https:\\\/\\\/www.eldiario.net\\\/portal\\\/#organization\"},\"image\":{\"@id\":\"https:\\\/\\\/www.eldiario.net\\\/portal\\\/2026\\\/09\\\/05\\\/gabinete-niksen-el-arte-de-gobernar-de-brazos-cruzados\\\/#primaryimage\"},\"thumbnailUrl\":\"https:\\\/\\\/www.eldiario.net\\\/portal\\\/wp-content\\\/uploads\\\/2023\\\/06\\\/Augusto-Vera-Riveros.jpg\",\"articleSection\":[\"Opini\u00f3n\"],\"inLanguage\":\"es\"},{\"@type\":\"WebPage\",\"@id\":\"https:\\\/\\\/www.eldiario.net\\\/portal\\\/2026\\\/09\\\/05\\\/gabinete-niksen-el-arte-de-gobernar-de-brazos-cruzados\\\/\",\"url\":\"https:\\\/\\\/www.eldiario.net\\\/portal\\\/2026\\\/09\\\/05\\\/gabinete-niksen-el-arte-de-gobernar-de-brazos-cruzados\\\/\",\"name\":\"Gabinete Niksen: el arte de gobernar de brazos cruzados - El Diario - Bolivia\",\"isPartOf\":{\"@id\":\"https:\\\/\\\/www.eldiario.net\\\/portal\\\/#website\"},\"primaryImageOfPage\":{\"@id\":\"https:\\\/\\\/www.eldiario.net\\\/portal\\\/2026\\\/09\\\/05\\\/gabinete-niksen-el-arte-de-gobernar-de-brazos-cruzados\\\/#primaryimage\"},\"image\":{\"@id\":\"https:\\\/\\\/www.eldiario.net\\\/portal\\\/2026\\\/09\\\/05\\\/gabinete-niksen-el-arte-de-gobernar-de-brazos-cruzados\\\/#primaryimage\"},\"thumbnailUrl\":\"https:\\\/\\\/www.eldiario.net\\\/portal\\\/wp-content\\\/uploads\\\/2023\\\/06\\\/Augusto-Vera-Riveros.jpg\",\"datePublished\":\"2026-09-05T04:28:48+00:00\",\"breadcrumb\":{\"@id\":\"https:\\\/\\\/www.eldiario.net\\\/portal\\\/2026\\\/09\\\/05\\\/gabinete-niksen-el-arte-de-gobernar-de-brazos-cruzados\\\/#breadcrumb\"},\"inLanguage\":\"es\",\"potentialAction\":[{\"@type\":\"ReadAction\",\"target\":[\"https:\\\/\\\/www.eldiario.net\\\/portal\\\/2026\\\/09\\\/05\\\/gabinete-niksen-el-arte-de-gobernar-de-brazos-cruzados\\\/\"]}]},{\"@type\":\"ImageObject\",\"inLanguage\":\"es\",\"@id\":\"https:\\\/\\\/www.eldiario.net\\\/portal\\\/2026\\\/09\\\/05\\\/gabinete-niksen-el-arte-de-gobernar-de-brazos-cruzados\\\/#primaryimage\",\"url\":\"https:\\\/\\\/www.eldiario.net\\\/portal\\\/wp-content\\\/uploads\\\/2023\\\/06\\\/Augusto-Vera-Riveros.jpg\",\"contentUrl\":\"https:\\\/\\\/www.eldiario.net\\\/portal\\\/wp-content\\\/uploads\\\/2023\\\/06\\\/Augusto-Vera-Riveros.jpg\",\"width\":1200,\"height\":628},{\"@type\":\"BreadcrumbList\",\"@id\":\"https:\\\/\\\/www.eldiario.net\\\/portal\\\/2026\\\/09\\\/05\\\/gabinete-niksen-el-arte-de-gobernar-de-brazos-cruzados\\\/#breadcrumb\",\"itemListElement\":[{\"@type\":\"ListItem\",\"position\":1,\"name\":\"Portada\",\"item\":\"https:\\\/\\\/www.eldiario.net\\\/portal\\\/\"},{\"@type\":\"ListItem\",\"position\":2,\"name\":\"Gabinete Niksen: el arte de gobernar de brazos cruzados\"}]},{\"@type\":\"WebSite\",\"@id\":\"https:\\\/\\\/www.eldiario.net\\\/portal\\\/#website\",\"url\":\"https:\\\/\\\/www.eldiario.net\\\/portal\\\/\",\"name\":\"El Diario - Decano de la prensa nacional\",\"description\":\"El Diario - Decano de la prensa nacional\",\"publisher\":{\"@id\":\"https:\\\/\\\/www.eldiario.net\\\/portal\\\/#organization\"},\"potentialAction\":[{\"@type\":\"SearchAction\",\"target\":{\"@type\":\"EntryPoint\",\"urlTemplate\":\"https:\\\/\\\/www.eldiario.net\\\/portal\\\/?s={search_term_string}\"},\"query-input\":{\"@type\":\"PropertyValueSpecification\",\"valueRequired\":true,\"valueName\":\"search_term_string\"}}],\"inLanguage\":\"es\"},{\"@type\":\"Organization\",\"@id\":\"https:\\\/\\\/www.eldiario.net\\\/portal\\\/#organization\",\"name\":\"El Diario - Decano de la prensa nacional\",\"url\":\"https:\\\/\\\/www.eldiario.net\\\/portal\\\/\",\"logo\":{\"@type\":\"ImageObject\",\"inLanguage\":\"es\",\"@id\":\"https:\\\/\\\/www.eldiario.net\\\/portal\\\/#\\\/schema\\\/logo\\\/image\\\/\",\"url\":\"https:\\\/\\\/www.eldiario.net\\\/portal\\\/wp-content\\\/uploads\\\/2023\\\/07\\\/logo_ED.jpg\",\"contentUrl\":\"https:\\\/\\\/www.eldiario.net\\\/portal\\\/wp-content\\\/uploads\\\/2023\\\/07\\\/logo_ED.jpg\",\"width\":272,\"height\":52,\"caption\":\"El Diario - Decano de la prensa nacional\"},\"image\":{\"@id\":\"https:\\\/\\\/www.eldiario.net\\\/portal\\\/#\\\/schema\\\/logo\\\/image\\\/\"},\"sameAs\":[\"https:\\\/\\\/www.facebook.com\\\/eldiario.bolivia\\\/\",\"https:\\\/\\\/x.com\\\/eldiario_net\"]},{\"@type\":\"Person\",\"@id\":\"https:\\\/\\\/www.eldiario.net\\\/portal\\\/#\\\/schema\\\/person\\\/2c57cf2b7a7ae032e449e4c9b1019eac\",\"name\":\"Jeanette\",\"image\":{\"@type\":\"ImageObject\",\"inLanguage\":\"es\",\"@id\":\"https:\\\/\\\/secure.gravatar.com\\\/avatar\\\/3ea2118a5f7dad2b7138b1187a6b7ee55f160b9968b66013c3a3ef39dd7e5798?s=96&d=mm&r=g\",\"url\":\"https:\\\/\\\/secure.gravatar.com\\\/avatar\\\/3ea2118a5f7dad2b7138b1187a6b7ee55f160b9968b66013c3a3ef39dd7e5798?s=96&d=mm&r=g\",\"contentUrl\":\"https:\\\/\\\/secure.gravatar.com\\\/avatar\\\/3ea2118a5f7dad2b7138b1187a6b7ee55f160b9968b66013c3a3ef39dd7e5798?s=96&d=mm&r=g\",\"caption\":\"Jeanette\"},\"sameAs\":[\"https:\\\/\\\/www.eldiario.net\\\/portal\"],\"url\":\"https:\\\/\\\/www.eldiario.net\\\/portal\\\/author\\\/jeanette\\\/\"}]}<\/script>\n<!-- \/ Yoast SEO plugin. -->","yoast_head_json":{"title":"Gabinete Niksen: el arte de gobernar de brazos cruzados - El Diario - Bolivia","robots":{"index":"index","follow":"follow","max-snippet":"max-snippet:-1","max-image-preview":"max-image-preview:large","max-video-preview":"max-video-preview:-1"},"canonical":"https:\/\/www.eldiario.net\/portal\/2026\/09\/05\/gabinete-niksen-el-arte-de-gobernar-de-brazos-cruzados\/","og_locale":"es_ES","og_type":"article","og_title":"Gabinete Niksen: el arte de gobernar de brazos cruzados - El Diario - Bolivia","og_description":"Muy de reojo estuve hojeando un libro de Olga Mecking: El libro del Niksen, que, por lo menos para m\u00ed, novedosamente trata del concepto neerland\u00e9s de nada hacer; pr\u00e1ctica que, teniendo su origen precisamente en los Pa\u00edses Bajos, est\u00e1 fundamentada en toda una filosof\u00eda que hace de sus habitantes uno de los pa\u00edses m\u00e1s felices [&hellip;]","og_url":"https:\/\/www.eldiario.net\/portal\/2026\/09\/05\/gabinete-niksen-el-arte-de-gobernar-de-brazos-cruzados\/","og_site_name":"El Diario - Bolivia","article_publisher":"https:\/\/www.facebook.com\/eldiario.bolivia\/","article_published_time":"2026-09-05T04:28:48+00:00","og_image":[{"width":1200,"height":628,"url":"https:\/\/www.eldiario.net\/portal\/wp-content\/uploads\/2023\/06\/Augusto-Vera-Riveros.jpg","type":"image\/jpeg"}],"author":"Jeanette","twitter_card":"summary_large_image","twitter_creator":"@eldiario_net","twitter_site":"@eldiario_net","twitter_misc":{"Escrito por":"Jeanette","Tiempo de lectura":"4 minutos"},"schema":{"@context":"https:\/\/schema.org","@graph":[{"@type":"Article","@id":"https:\/\/www.eldiario.net\/portal\/2026\/09\/05\/gabinete-niksen-el-arte-de-gobernar-de-brazos-cruzados\/#article","isPartOf":{"@id":"https:\/\/www.eldiario.net\/portal\/2026\/09\/05\/gabinete-niksen-el-arte-de-gobernar-de-brazos-cruzados\/"},"author":{"name":"Jeanette","@id":"https:\/\/www.eldiario.net\/portal\/#\/schema\/person\/2c57cf2b7a7ae032e449e4c9b1019eac"},"headline":"Gabinete Niksen: el arte de gobernar de brazos cruzados","datePublished":"2026-09-05T04:28:48+00:00","mainEntityOfPage":{"@id":"https:\/\/www.eldiario.net\/portal\/2026\/09\/05\/gabinete-niksen-el-arte-de-gobernar-de-brazos-cruzados\/"},"wordCount":827,"publisher":{"@id":"https:\/\/www.eldiario.net\/portal\/#organization"},"image":{"@id":"https:\/\/www.eldiario.net\/portal\/2026\/09\/05\/gabinete-niksen-el-arte-de-gobernar-de-brazos-cruzados\/#primaryimage"},"thumbnailUrl":"https:\/\/www.eldiario.net\/portal\/wp-content\/uploads\/2023\/06\/Augusto-Vera-Riveros.jpg","articleSection":["Opini\u00f3n"],"inLanguage":"es"},{"@type":"WebPage","@id":"https:\/\/www.eldiario.net\/portal\/2026\/09\/05\/gabinete-niksen-el-arte-de-gobernar-de-brazos-cruzados\/","url":"https:\/\/www.eldiario.net\/portal\/2026\/09\/05\/gabinete-niksen-el-arte-de-gobernar-de-brazos-cruzados\/","name":"Gabinete Niksen: el arte de gobernar de brazos cruzados - El Diario - Bolivia","isPartOf":{"@id":"https:\/\/www.eldiario.net\/portal\/#website"},"primaryImageOfPage":{"@id":"https:\/\/www.eldiario.net\/portal\/2026\/09\/05\/gabinete-niksen-el-arte-de-gobernar-de-brazos-cruzados\/#primaryimage"},"image":{"@id":"https:\/\/www.eldiario.net\/portal\/2026\/09\/05\/gabinete-niksen-el-arte-de-gobernar-de-brazos-cruzados\/#primaryimage"},"thumbnailUrl":"https:\/\/www.eldiario.net\/portal\/wp-content\/uploads\/2023\/06\/Augusto-Vera-Riveros.jpg","datePublished":"2026-09-05T04:28:48+00:00","breadcrumb":{"@id":"https:\/\/www.eldiario.net\/portal\/2026\/09\/05\/gabinete-niksen-el-arte-de-gobernar-de-brazos-cruzados\/#breadcrumb"},"inLanguage":"es","potentialAction":[{"@type":"ReadAction","target":["https:\/\/www.eldiario.net\/portal\/2026\/09\/05\/gabinete-niksen-el-arte-de-gobernar-de-brazos-cruzados\/"]}]},{"@type":"ImageObject","inLanguage":"es","@id":"https:\/\/www.eldiario.net\/portal\/2026\/09\/05\/gabinete-niksen-el-arte-de-gobernar-de-brazos-cruzados\/#primaryimage","url":"https:\/\/www.eldiario.net\/portal\/wp-content\/uploads\/2023\/06\/Augusto-Vera-Riveros.jpg","contentUrl":"https:\/\/www.eldiario.net\/portal\/wp-content\/uploads\/2023\/06\/Augusto-Vera-Riveros.jpg","width":1200,"height":628},{"@type":"BreadcrumbList","@id":"https:\/\/www.eldiario.net\/portal\/2026\/09\/05\/gabinete-niksen-el-arte-de-gobernar-de-brazos-cruzados\/#breadcrumb","itemListElement":[{"@type":"ListItem","position":1,"name":"Portada","item":"https:\/\/www.eldiario.net\/portal\/"},{"@type":"ListItem","position":2,"name":"Gabinete Niksen: el arte de gobernar de brazos cruzados"}]},{"@type":"WebSite","@id":"https:\/\/www.eldiario.net\/portal\/#website","url":"https:\/\/www.eldiario.net\/portal\/","name":"El Diario - Decano de la prensa nacional","description":"El Diario - Decano de la prensa nacional","publisher":{"@id":"https:\/\/www.eldiario.net\/portal\/#organization"},"potentialAction":[{"@type":"SearchAction","target":{"@type":"EntryPoint","urlTemplate":"https:\/\/www.eldiario.net\/portal\/?s={search_term_string}"},"query-input":{"@type":"PropertyValueSpecification","valueRequired":true,"valueName":"search_term_string"}}],"inLanguage":"es"},{"@type":"Organization","@id":"https:\/\/www.eldiario.net\/portal\/#organization","name":"El Diario - Decano de la prensa nacional","url":"https:\/\/www.eldiario.net\/portal\/","logo":{"@type":"ImageObject","inLanguage":"es","@id":"https:\/\/www.eldiario.net\/portal\/#\/schema\/logo\/image\/","url":"https:\/\/www.eldiario.net\/portal\/wp-content\/uploads\/2023\/07\/logo_ED.jpg","contentUrl":"https:\/\/www.eldiario.net\/portal\/wp-content\/uploads\/2023\/07\/logo_ED.jpg","width":272,"height":52,"caption":"El Diario - Decano de la prensa nacional"},"image":{"@id":"https:\/\/www.eldiario.net\/portal\/#\/schema\/logo\/image\/"},"sameAs":["https:\/\/www.facebook.com\/eldiario.bolivia\/","https:\/\/x.com\/eldiario_net"]},{"@type":"Person","@id":"https:\/\/www.eldiario.net\/portal\/#\/schema\/person\/2c57cf2b7a7ae032e449e4c9b1019eac","name":"Jeanette","image":{"@type":"ImageObject","inLanguage":"es","@id":"https:\/\/secure.gravatar.com\/avatar\/3ea2118a5f7dad2b7138b1187a6b7ee55f160b9968b66013c3a3ef39dd7e5798?s=96&d=mm&r=g","url":"https:\/\/secure.gravatar.com\/avatar\/3ea2118a5f7dad2b7138b1187a6b7ee55f160b9968b66013c3a3ef39dd7e5798?s=96&d=mm&r=g","contentUrl":"https:\/\/secure.gravatar.com\/avatar\/3ea2118a5f7dad2b7138b1187a6b7ee55f160b9968b66013c3a3ef39dd7e5798?s=96&d=mm&r=g","caption":"Jeanette"},"sameAs":["https:\/\/www.eldiario.net\/portal"],"url":"https:\/\/www.eldiario.net\/portal\/author\/jeanette\/"}]}},"_links":{"self":[{"href":"https:\/\/www.eldiario.net\/portal\/wp-json\/wp\/v2\/posts\/427952","targetHints":{"allow":["GET"]}}],"collection":[{"href":"https:\/\/www.eldiario.net\/portal\/wp-json\/wp\/v2\/posts"}],"about":[{"href":"https:\/\/www.eldiario.net\/portal\/wp-json\/wp\/v2\/types\/post"}],"author":[{"embeddable":true,"href":"https:\/\/www.eldiario.net\/portal\/wp-json\/wp\/v2\/users\/1"}],"replies":[{"embeddable":true,"href":"https:\/\/www.eldiario.net\/portal\/wp-json\/wp\/v2\/comments?post=427952"}],"version-history":[{"count":1,"href":"https:\/\/www.eldiario.net\/portal\/wp-json\/wp\/v2\/posts\/427952\/revisions"}],"predecessor-version":[{"id":427953,"href":"https:\/\/www.eldiario.net\/portal\/wp-json\/wp\/v2\/posts\/427952\/revisions\/427953"}],"wp:featuredmedia":[{"embeddable":true,"href":"https:\/\/www.eldiario.net\/portal\/wp-json\/wp\/v2\/media\/158120"}],"wp:attachment":[{"href":"https:\/\/www.eldiario.net\/portal\/wp-json\/wp\/v2\/media?parent=427952"}],"wp:term":[{"taxonomy":"category","embeddable":true,"href":"https:\/\/www.eldiario.net\/portal\/wp-json\/wp\/v2\/categories?post=427952"},{"taxonomy":"post_tag","embeddable":true,"href":"https:\/\/www.eldiario.net\/portal\/wp-json\/wp\/v2\/tags?post=427952"}],"curies":[{"name":"wp","href":"https:\/\/api.w.org\/{rel}","templated":true}]}}