{"id":427945,"date":"2026-09-05T02:25:15","date_gmt":"2026-09-05T06:25:15","guid":{"rendered":"https:\/\/www.eldiario.net\/portal\/?p=427945"},"modified":"2026-09-05T00:26:09","modified_gmt":"2026-09-05T04:26:09","slug":"otra-vez-ante-anuncios-de-medidas-de-presion","status":"publish","type":"post","link":"https:\/\/www.eldiario.net\/portal\/2026\/09\/05\/otra-vez-ante-anuncios-de-medidas-de-presion\/","title":{"rendered":"Otra vez ante anuncios de medidas de presi\u00f3n"},"content":{"rendered":"<p><em>Despu\u00e9s de que el ciclo de gobiernos del MAS acabara con el resultado de las pasadas elecciones generales, la mayor\u00eda de la poblaci\u00f3n esperaba que el nuevo gobierno presidido por Rodrigo Paz Pereira enfrentara con acierto los numerosos problemas dejados por el \u201cmasismo\u201d en veinte a\u00f1os en el poder.<\/em><br \/>\n<em>Sin embargo, a algo m\u00e1s de nueve meses de su estad\u00eda en el poder, el gobierno actual no ha podido hallar soluciones permanentes para diversos problemas y menos ha cumplido con una serie de promesas hechas durante la pasada campa\u00f1a electoral, como sacar al pa\u00eds de su crisis econ\u00f3mica sin recurrir a cr\u00e9ditos externos, o hacer realidad el plan 50-50, para distribuir la mitad de los recursos econ\u00f3micos y las obligaciones del Estado entre el gobierno central y los gobiernos departamentales y locales, entre otras.<\/em><br \/>\n<em>A esa falta de eficacia y tardanza en aplicar medidas de urgencia, se agregaron hechos escandalosos, como el ingreso irregular de maletas por v\u00eda a\u00e9rea, cuyo contenido se desconoce, el caso Beller-Cerimedo, el intento de sacar del pa\u00eds gran cantidad de oro del pa\u00eds, y otros, que han ocasionado la p\u00e9rdida de confianza de la poblaci\u00f3n en el actual gobierno nacional.<\/em><br \/>\n<em>Lo peor es que graves problemas, como la escasez de d\u00f3lares, la falta de di\u00e9sel y su incremento de precio, la depreciaci\u00f3n de la moneda nacional, etc., son motivo para que sectores de transportistas, gremiales, campesinos, cooperativistas mineros y otros anuncien el retorno de marchas de protesta y bloqueos de caminos, para que el gobierno de Paz resuelva tales problemas. Pero tambi\u00e9n se puede deducir que adeptos al masismo tratan de retornar al poder, a pesar de que en veinte a\u00f1os de gobierno han derrochado los recursos provenientes de la venta de gas y han favorecido a sus seguidores con cargos p\u00fablicos y una serie de reprochables beneficios.<\/em><br \/>\n<em>A pesar de tales tentativas para volver a crear convulsi\u00f3n social, en la Asamblea Legislativa no se observa inter\u00e9s para impulsar una Ley antibloqueos, que no solo determine responsabilidades y sanciones, sino que otorgue resarcimiento a los afectados por obstrucci\u00f3n en las carreteras, sin que se haya respetado otros derechos, como al libre tr\u00e1nsito, al trabajo e inclusive a la vida. Y es que en 53 d\u00edas de bloqueos, entre mayo y junio pasados, ni siquiera se permiti\u00f3, en algunos casos, el paso de ambulancias que trasladaban pacientes de emergencia. Adem\u00e1s hubo m\u00e1s de 20 personas fallecidas, cuyos casos no deber\u00edan quedar en el olvido. Tampoco la falta de alimentos en esos d\u00edas ni las enormes p\u00e9rdidas econ\u00f3micas ocasionadas.<\/em><br \/>\n<em>Asimismo, se requiere esa norma para evitar que dirigentes sindicales con cuestionables intereses pol\u00edticos, obliguen a participar a integrantes de sus organizaciones en marchas y bloqueos contra su voluntad. Adem\u00e1s, algunos representantes laborales son cuestionados por sus elevados sueldos y su declaratoria en comisi\u00f3n por tiempo exagerado.<\/em><br \/>\n<em>Finalmente, las carreteras que son propiedad de todos los bolivianos, nunca deber\u00edan ser bloqueadas y destruidas por grupos reacios a aplicar otros m\u00e9todos de lucha.<\/em><\/p>\n","protected":false},"excerpt":{"rendered":"<p>Despu\u00e9s de que el ciclo de gobiernos del MAS acabara con el resultado de las pasadas elecciones generales, la mayor\u00eda de la poblaci\u00f3n esperaba que el nuevo gobierno presidido por Rodrigo Paz Pereira enfrentara con acierto los numerosos problemas dejados por el \u201cmasismo\u201d en veinte a\u00f1os en el poder. Sin embargo, a algo m\u00e1s de [&hellip;]<\/p>\n","protected":false},"author":1,"featured_media":194776,"comment_status":"closed","ping_status":"open","sticky":false,"template":"","format":"standard","meta":{"_acf_changed":false,"footnotes":""},"categories":[4],"tags":[],"class_list":["post-427945","post","type-post","status-publish","format-standard","has-post-thumbnail","category-editorial"],"acf":{"antetitulo":""},"yoast_head":"<!-- This site is optimized with the Yoast SEO plugin v28.4 - https:\/\/yoast.com\/product\/yoast-seo-wordpress\/ -->\n<title>Otra vez ante anuncios de medidas de presi\u00f3n - El Diario - Bolivia<\/title>\n<meta name=\"robots\" content=\"index, follow, max-snippet:-1, max-image-preview:large, max-video-preview:-1\" \/>\n<link rel=\"canonical\" href=\"https:\/\/www.eldiario.net\/portal\/2026\/09\/05\/otra-vez-ante-anuncios-de-medidas-de-presion\/\" \/>\n<meta property=\"og:locale\" content=\"es_ES\" \/>\n<meta property=\"og:type\" content=\"article\" \/>\n<meta property=\"og:title\" content=\"Otra vez ante anuncios de medidas de presi\u00f3n - El Diario - Bolivia\" \/>\n<meta property=\"og:description\" content=\"Despu\u00e9s de que el ciclo de gobiernos del MAS acabara con el resultado de las pasadas elecciones generales, la mayor\u00eda de la poblaci\u00f3n esperaba que el nuevo gobierno presidido por Rodrigo Paz Pereira enfrentara con acierto los numerosos problemas dejados por el \u201cmasismo\u201d en veinte a\u00f1os en el poder. Sin embargo, a algo m\u00e1s de [&hellip;]\" \/>\n<meta property=\"og:url\" content=\"https:\/\/www.eldiario.net\/portal\/2026\/09\/05\/otra-vez-ante-anuncios-de-medidas-de-presion\/\" \/>\n<meta property=\"og:site_name\" content=\"El Diario - Bolivia\" \/>\n<meta property=\"article:publisher\" content=\"https:\/\/www.facebook.com\/eldiario.bolivia\/\" \/>\n<meta property=\"article:published_time\" content=\"2026-09-05T06:25:15+00:00\" \/>\n<meta property=\"og:image\" content=\"https:\/\/www.eldiario.net\/portal\/wp-content\/uploads\/2023\/12\/Editorial.jpg\" \/>\n\t<meta property=\"og:image:width\" content=\"800\" \/>\n\t<meta property=\"og:image:height\" content=\"500\" \/>\n\t<meta property=\"og:image:type\" content=\"image\/jpeg\" \/>\n<meta name=\"author\" content=\"Jeanette\" \/>\n<meta name=\"twitter:card\" content=\"summary_large_image\" \/>\n<meta name=\"twitter:creator\" content=\"@eldiario_net\" \/>\n<meta name=\"twitter:site\" content=\"@eldiario_net\" \/>\n<meta name=\"twitter:label1\" content=\"Escrito por\" \/>\n\t<meta name=\"twitter:data1\" content=\"Jeanette\" \/>\n\t<meta name=\"twitter:label2\" content=\"Tiempo de lectura\" \/>\n\t<meta name=\"twitter:data2\" content=\"3 minutos\" \/>\n<script type=\"application\/ld+json\" class=\"yoast-schema-graph\">{\"@context\":\"https:\\\/\\\/schema.org\",\"@graph\":[{\"@type\":\"Article\",\"@id\":\"https:\\\/\\\/www.eldiario.net\\\/portal\\\/2026\\\/09\\\/05\\\/otra-vez-ante-anuncios-de-medidas-de-presion\\\/#article\",\"isPartOf\":{\"@id\":\"https:\\\/\\\/www.eldiario.net\\\/portal\\\/2026\\\/09\\\/05\\\/otra-vez-ante-anuncios-de-medidas-de-presion\\\/\"},\"author\":{\"name\":\"Jeanette\",\"@id\":\"https:\\\/\\\/www.eldiario.net\\\/portal\\\/#\\\/schema\\\/person\\\/2c57cf2b7a7ae032e449e4c9b1019eac\"},\"headline\":\"Otra vez ante anuncios de medidas de presi\u00f3n\",\"datePublished\":\"2026-09-05T06:25:15+00:00\",\"mainEntityOfPage\":{\"@id\":\"https:\\\/\\\/www.eldiario.net\\\/portal\\\/2026\\\/09\\\/05\\\/otra-vez-ante-anuncios-de-medidas-de-presion\\\/\"},\"wordCount\":540,\"publisher\":{\"@id\":\"https:\\\/\\\/www.eldiario.net\\\/portal\\\/#organization\"},\"image\":{\"@id\":\"https:\\\/\\\/www.eldiario.net\\\/portal\\\/2026\\\/09\\\/05\\\/otra-vez-ante-anuncios-de-medidas-de-presion\\\/#primaryimage\"},\"thumbnailUrl\":\"https:\\\/\\\/www.eldiario.net\\\/portal\\\/wp-content\\\/uploads\\\/2023\\\/12\\\/Editorial.jpg\",\"articleSection\":[\"Editorial\"],\"inLanguage\":\"es\"},{\"@type\":\"WebPage\",\"@id\":\"https:\\\/\\\/www.eldiario.net\\\/portal\\\/2026\\\/09\\\/05\\\/otra-vez-ante-anuncios-de-medidas-de-presion\\\/\",\"url\":\"https:\\\/\\\/www.eldiario.net\\\/portal\\\/2026\\\/09\\\/05\\\/otra-vez-ante-anuncios-de-medidas-de-presion\\\/\",\"name\":\"Otra vez ante anuncios de medidas de presi\u00f3n - El Diario - Bolivia\",\"isPartOf\":{\"@id\":\"https:\\\/\\\/www.eldiario.net\\\/portal\\\/#website\"},\"primaryImageOfPage\":{\"@id\":\"https:\\\/\\\/www.eldiario.net\\\/portal\\\/2026\\\/09\\\/05\\\/otra-vez-ante-anuncios-de-medidas-de-presion\\\/#primaryimage\"},\"image\":{\"@id\":\"https:\\\/\\\/www.eldiario.net\\\/portal\\\/2026\\\/09\\\/05\\\/otra-vez-ante-anuncios-de-medidas-de-presion\\\/#primaryimage\"},\"thumbnailUrl\":\"https:\\\/\\\/www.eldiario.net\\\/portal\\\/wp-content\\\/uploads\\\/2023\\\/12\\\/Editorial.jpg\",\"datePublished\":\"2026-09-05T06:25:15+00:00\",\"breadcrumb\":{\"@id\":\"https:\\\/\\\/www.eldiario.net\\\/portal\\\/2026\\\/09\\\/05\\\/otra-vez-ante-anuncios-de-medidas-de-presion\\\/#breadcrumb\"},\"inLanguage\":\"es\",\"potentialAction\":[{\"@type\":\"ReadAction\",\"target\":[\"https:\\\/\\\/www.eldiario.net\\\/portal\\\/2026\\\/09\\\/05\\\/otra-vez-ante-anuncios-de-medidas-de-presion\\\/\"]}]},{\"@type\":\"ImageObject\",\"inLanguage\":\"es\",\"@id\":\"https:\\\/\\\/www.eldiario.net\\\/portal\\\/2026\\\/09\\\/05\\\/otra-vez-ante-anuncios-de-medidas-de-presion\\\/#primaryimage\",\"url\":\"https:\\\/\\\/www.eldiario.net\\\/portal\\\/wp-content\\\/uploads\\\/2023\\\/12\\\/Editorial.jpg\",\"contentUrl\":\"https:\\\/\\\/www.eldiario.net\\\/portal\\\/wp-content\\\/uploads\\\/2023\\\/12\\\/Editorial.jpg\",\"width\":800,\"height\":500},{\"@type\":\"BreadcrumbList\",\"@id\":\"https:\\\/\\\/www.eldiario.net\\\/portal\\\/2026\\\/09\\\/05\\\/otra-vez-ante-anuncios-de-medidas-de-presion\\\/#breadcrumb\",\"itemListElement\":[{\"@type\":\"ListItem\",\"position\":1,\"name\":\"Portada\",\"item\":\"https:\\\/\\\/www.eldiario.net\\\/portal\\\/\"},{\"@type\":\"ListItem\",\"position\":2,\"name\":\"Otra vez ante anuncios de medidas de presi\u00f3n\"}]},{\"@type\":\"WebSite\",\"@id\":\"https:\\\/\\\/www.eldiario.net\\\/portal\\\/#website\",\"url\":\"https:\\\/\\\/www.eldiario.net\\\/portal\\\/\",\"name\":\"El Diario - Decano de la prensa nacional\",\"description\":\"El Diario - Decano de la prensa nacional\",\"publisher\":{\"@id\":\"https:\\\/\\\/www.eldiario.net\\\/portal\\\/#organization\"},\"potentialAction\":[{\"@type\":\"SearchAction\",\"target\":{\"@type\":\"EntryPoint\",\"urlTemplate\":\"https:\\\/\\\/www.eldiario.net\\\/portal\\\/?s={search_term_string}\"},\"query-input\":{\"@type\":\"PropertyValueSpecification\",\"valueRequired\":true,\"valueName\":\"search_term_string\"}}],\"inLanguage\":\"es\"},{\"@type\":\"Organization\",\"@id\":\"https:\\\/\\\/www.eldiario.net\\\/portal\\\/#organization\",\"name\":\"El Diario - Decano de la prensa nacional\",\"url\":\"https:\\\/\\\/www.eldiario.net\\\/portal\\\/\",\"logo\":{\"@type\":\"ImageObject\",\"inLanguage\":\"es\",\"@id\":\"https:\\\/\\\/www.eldiario.net\\\/portal\\\/#\\\/schema\\\/logo\\\/image\\\/\",\"url\":\"https:\\\/\\\/www.eldiario.net\\\/portal\\\/wp-content\\\/uploads\\\/2023\\\/07\\\/logo_ED.jpg\",\"contentUrl\":\"https:\\\/\\\/www.eldiario.net\\\/portal\\\/wp-content\\\/uploads\\\/2023\\\/07\\\/logo_ED.jpg\",\"width\":272,\"height\":52,\"caption\":\"El Diario - Decano de la prensa nacional\"},\"image\":{\"@id\":\"https:\\\/\\\/www.eldiario.net\\\/portal\\\/#\\\/schema\\\/logo\\\/image\\\/\"},\"sameAs\":[\"https:\\\/\\\/www.facebook.com\\\/eldiario.bolivia\\\/\",\"https:\\\/\\\/x.com\\\/eldiario_net\"]},{\"@type\":\"Person\",\"@id\":\"https:\\\/\\\/www.eldiario.net\\\/portal\\\/#\\\/schema\\\/person\\\/2c57cf2b7a7ae032e449e4c9b1019eac\",\"name\":\"Jeanette\",\"image\":{\"@type\":\"ImageObject\",\"inLanguage\":\"es\",\"@id\":\"https:\\\/\\\/secure.gravatar.com\\\/avatar\\\/3ea2118a5f7dad2b7138b1187a6b7ee55f160b9968b66013c3a3ef39dd7e5798?s=96&d=mm&r=g\",\"url\":\"https:\\\/\\\/secure.gravatar.com\\\/avatar\\\/3ea2118a5f7dad2b7138b1187a6b7ee55f160b9968b66013c3a3ef39dd7e5798?s=96&d=mm&r=g\",\"contentUrl\":\"https:\\\/\\\/secure.gravatar.com\\\/avatar\\\/3ea2118a5f7dad2b7138b1187a6b7ee55f160b9968b66013c3a3ef39dd7e5798?s=96&d=mm&r=g\",\"caption\":\"Jeanette\"},\"sameAs\":[\"https:\\\/\\\/www.eldiario.net\\\/portal\"],\"url\":\"https:\\\/\\\/www.eldiario.net\\\/portal\\\/author\\\/jeanette\\\/\"}]}<\/script>\n<!-- \/ Yoast SEO plugin. -->","yoast_head_json":{"title":"Otra vez ante anuncios de medidas de presi\u00f3n - El Diario - Bolivia","robots":{"index":"index","follow":"follow","max-snippet":"max-snippet:-1","max-image-preview":"max-image-preview:large","max-video-preview":"max-video-preview:-1"},"canonical":"https:\/\/www.eldiario.net\/portal\/2026\/09\/05\/otra-vez-ante-anuncios-de-medidas-de-presion\/","og_locale":"es_ES","og_type":"article","og_title":"Otra vez ante anuncios de medidas de presi\u00f3n - El Diario - Bolivia","og_description":"Despu\u00e9s de que el ciclo de gobiernos del MAS acabara con el resultado de las pasadas elecciones generales, la mayor\u00eda de la poblaci\u00f3n esperaba que el nuevo gobierno presidido por Rodrigo Paz Pereira enfrentara con acierto los numerosos problemas dejados por el \u201cmasismo\u201d en veinte a\u00f1os en el poder. Sin embargo, a algo m\u00e1s de [&hellip;]","og_url":"https:\/\/www.eldiario.net\/portal\/2026\/09\/05\/otra-vez-ante-anuncios-de-medidas-de-presion\/","og_site_name":"El Diario - Bolivia","article_publisher":"https:\/\/www.facebook.com\/eldiario.bolivia\/","article_published_time":"2026-09-05T06:25:15+00:00","og_image":[{"width":800,"height":500,"url":"https:\/\/www.eldiario.net\/portal\/wp-content\/uploads\/2023\/12\/Editorial.jpg","type":"image\/jpeg"}],"author":"Jeanette","twitter_card":"summary_large_image","twitter_creator":"@eldiario_net","twitter_site":"@eldiario_net","twitter_misc":{"Escrito por":"Jeanette","Tiempo de lectura":"3 minutos"},"schema":{"@context":"https:\/\/schema.org","@graph":[{"@type":"Article","@id":"https:\/\/www.eldiario.net\/portal\/2026\/09\/05\/otra-vez-ante-anuncios-de-medidas-de-presion\/#article","isPartOf":{"@id":"https:\/\/www.eldiario.net\/portal\/2026\/09\/05\/otra-vez-ante-anuncios-de-medidas-de-presion\/"},"author":{"name":"Jeanette","@id":"https:\/\/www.eldiario.net\/portal\/#\/schema\/person\/2c57cf2b7a7ae032e449e4c9b1019eac"},"headline":"Otra vez ante anuncios de medidas de presi\u00f3n","datePublished":"2026-09-05T06:25:15+00:00","mainEntityOfPage":{"@id":"https:\/\/www.eldiario.net\/portal\/2026\/09\/05\/otra-vez-ante-anuncios-de-medidas-de-presion\/"},"wordCount":540,"publisher":{"@id":"https:\/\/www.eldiario.net\/portal\/#organization"},"image":{"@id":"https:\/\/www.eldiario.net\/portal\/2026\/09\/05\/otra-vez-ante-anuncios-de-medidas-de-presion\/#primaryimage"},"thumbnailUrl":"https:\/\/www.eldiario.net\/portal\/wp-content\/uploads\/2023\/12\/Editorial.jpg","articleSection":["Editorial"],"inLanguage":"es"},{"@type":"WebPage","@id":"https:\/\/www.eldiario.net\/portal\/2026\/09\/05\/otra-vez-ante-anuncios-de-medidas-de-presion\/","url":"https:\/\/www.eldiario.net\/portal\/2026\/09\/05\/otra-vez-ante-anuncios-de-medidas-de-presion\/","name":"Otra vez ante anuncios de medidas de presi\u00f3n - El Diario - Bolivia","isPartOf":{"@id":"https:\/\/www.eldiario.net\/portal\/#website"},"primaryImageOfPage":{"@id":"https:\/\/www.eldiario.net\/portal\/2026\/09\/05\/otra-vez-ante-anuncios-de-medidas-de-presion\/#primaryimage"},"image":{"@id":"https:\/\/www.eldiario.net\/portal\/2026\/09\/05\/otra-vez-ante-anuncios-de-medidas-de-presion\/#primaryimage"},"thumbnailUrl":"https:\/\/www.eldiario.net\/portal\/wp-content\/uploads\/2023\/12\/Editorial.jpg","datePublished":"2026-09-05T06:25:15+00:00","breadcrumb":{"@id":"https:\/\/www.eldiario.net\/portal\/2026\/09\/05\/otra-vez-ante-anuncios-de-medidas-de-presion\/#breadcrumb"},"inLanguage":"es","potentialAction":[{"@type":"ReadAction","target":["https:\/\/www.eldiario.net\/portal\/2026\/09\/05\/otra-vez-ante-anuncios-de-medidas-de-presion\/"]}]},{"@type":"ImageObject","inLanguage":"es","@id":"https:\/\/www.eldiario.net\/portal\/2026\/09\/05\/otra-vez-ante-anuncios-de-medidas-de-presion\/#primaryimage","url":"https:\/\/www.eldiario.net\/portal\/wp-content\/uploads\/2023\/12\/Editorial.jpg","contentUrl":"https:\/\/www.eldiario.net\/portal\/wp-content\/uploads\/2023\/12\/Editorial.jpg","width":800,"height":500},{"@type":"BreadcrumbList","@id":"https:\/\/www.eldiario.net\/portal\/2026\/09\/05\/otra-vez-ante-anuncios-de-medidas-de-presion\/#breadcrumb","itemListElement":[{"@type":"ListItem","position":1,"name":"Portada","item":"https:\/\/www.eldiario.net\/portal\/"},{"@type":"ListItem","position":2,"name":"Otra vez ante anuncios de medidas de presi\u00f3n"}]},{"@type":"WebSite","@id":"https:\/\/www.eldiario.net\/portal\/#website","url":"https:\/\/www.eldiario.net\/portal\/","name":"El Diario - Decano de la prensa nacional","description":"El Diario - Decano de la prensa nacional","publisher":{"@id":"https:\/\/www.eldiario.net\/portal\/#organization"},"potentialAction":[{"@type":"SearchAction","target":{"@type":"EntryPoint","urlTemplate":"https:\/\/www.eldiario.net\/portal\/?s={search_term_string}"},"query-input":{"@type":"PropertyValueSpecification","valueRequired":true,"valueName":"search_term_string"}}],"inLanguage":"es"},{"@type":"Organization","@id":"https:\/\/www.eldiario.net\/portal\/#organization","name":"El Diario - Decano de la prensa nacional","url":"https:\/\/www.eldiario.net\/portal\/","logo":{"@type":"ImageObject","inLanguage":"es","@id":"https:\/\/www.eldiario.net\/portal\/#\/schema\/logo\/image\/","url":"https:\/\/www.eldiario.net\/portal\/wp-content\/uploads\/2023\/07\/logo_ED.jpg","contentUrl":"https:\/\/www.eldiario.net\/portal\/wp-content\/uploads\/2023\/07\/logo_ED.jpg","width":272,"height":52,"caption":"El Diario - Decano de la prensa nacional"},"image":{"@id":"https:\/\/www.eldiario.net\/portal\/#\/schema\/logo\/image\/"},"sameAs":["https:\/\/www.facebook.com\/eldiario.bolivia\/","https:\/\/x.com\/eldiario_net"]},{"@type":"Person","@id":"https:\/\/www.eldiario.net\/portal\/#\/schema\/person\/2c57cf2b7a7ae032e449e4c9b1019eac","name":"Jeanette","image":{"@type":"ImageObject","inLanguage":"es","@id":"https:\/\/secure.gravatar.com\/avatar\/3ea2118a5f7dad2b7138b1187a6b7ee55f160b9968b66013c3a3ef39dd7e5798?s=96&d=mm&r=g","url":"https:\/\/secure.gravatar.com\/avatar\/3ea2118a5f7dad2b7138b1187a6b7ee55f160b9968b66013c3a3ef39dd7e5798?s=96&d=mm&r=g","contentUrl":"https:\/\/secure.gravatar.com\/avatar\/3ea2118a5f7dad2b7138b1187a6b7ee55f160b9968b66013c3a3ef39dd7e5798?s=96&d=mm&r=g","caption":"Jeanette"},"sameAs":["https:\/\/www.eldiario.net\/portal"],"url":"https:\/\/www.eldiario.net\/portal\/author\/jeanette\/"}]}},"_links":{"self":[{"href":"https:\/\/www.eldiario.net\/portal\/wp-json\/wp\/v2\/posts\/427945","targetHints":{"allow":["GET"]}}],"collection":[{"href":"https:\/\/www.eldiario.net\/portal\/wp-json\/wp\/v2\/posts"}],"about":[{"href":"https:\/\/www.eldiario.net\/portal\/wp-json\/wp\/v2\/types\/post"}],"author":[{"embeddable":true,"href":"https:\/\/www.eldiario.net\/portal\/wp-json\/wp\/v2\/users\/1"}],"replies":[{"embeddable":true,"href":"https:\/\/www.eldiario.net\/portal\/wp-json\/wp\/v2\/comments?post=427945"}],"version-history":[{"count":1,"href":"https:\/\/www.eldiario.net\/portal\/wp-json\/wp\/v2\/posts\/427945\/revisions"}],"predecessor-version":[{"id":427946,"href":"https:\/\/www.eldiario.net\/portal\/wp-json\/wp\/v2\/posts\/427945\/revisions\/427946"}],"wp:featuredmedia":[{"embeddable":true,"href":"https:\/\/www.eldiario.net\/portal\/wp-json\/wp\/v2\/media\/194776"}],"wp:attachment":[{"href":"https:\/\/www.eldiario.net\/portal\/wp-json\/wp\/v2\/media?parent=427945"}],"wp:term":[{"taxonomy":"category","embeddable":true,"href":"https:\/\/www.eldiario.net\/portal\/wp-json\/wp\/v2\/categories?post=427945"},{"taxonomy":"post_tag","embeddable":true,"href":"https:\/\/www.eldiario.net\/portal\/wp-json\/wp\/v2\/tags?post=427945"}],"curies":[{"name":"wp","href":"https:\/\/api.w.org\/{rel}","templated":true}]}}