{"id":427942,"date":"2026-09-05T00:23:34","date_gmt":"2026-09-05T04:23:34","guid":{"rendered":"https:\/\/www.eldiario.net\/portal\/?p=427942"},"modified":"2026-09-05T00:23:34","modified_gmt":"2026-09-05T04:23:34","slug":"intervencion-no-es-suficiente-piden-remover-personal-de-ypfb-y-anh-2","status":"publish","type":"post","link":"https:\/\/www.eldiario.net\/portal\/2026\/09\/05\/intervencion-no-es-suficiente-piden-remover-personal-de-ypfb-y-anh-2\/","title":{"rendered":"Intervenci\u00f3n no es suficiente, piden  remover personal de YPFB y ANH"},"content":{"rendered":"<p>Luego que el Gobierno dispuso la intervenci\u00f3n de Yacimientos Petrol\u00edferos Fiscales Bolivianos (YPFB) y la Agencia Nacional de Hidrocarburos (ANH), el exdiputado Am\u00edlcar Barral record\u00f3 que, durante los gobiernos del Movimiento al Socialismo (MAS) estas instancias fueron una \u201colla de corrupci\u00f3n\u201d, por lo que debe considerarse la remoci\u00f3n de todo el personal vinculado a dichas administraciones.<br \/>\nEn criterio del exparlamentario por La Paz, las recientes disposiciones del Gobierno respecto a YPFB y la ANH no deben quedar solo en una intervenci\u00f3n, sino se debe impulsar un cambio radical en la administraci\u00f3n de ambas entidades.<br \/>\nPara Barral, continuar manteniendo a los mismos operadores designados durante los gobiernos del \u201cmasismo\u201d ser\u00eda un grave error, claro ejemplo de este extremo es la actual crisis en la distribuci\u00f3n de carburantes, situaci\u00f3n que no ha podido ser superada, pese a todas las medidas asumidas para regularizar la venta de di\u00e9sel y gasolina.<br \/>\n\u201cYacimientos se ten\u00eda que intervenir, ha sido una olla de corrupci\u00f3n en estos \u00faltimos veinte a\u00f1os con casos como el de Santos Ram\u00edrez, el esc\u00e1ndalo por los taladros, y otros irregulares. Ha sido una olla de corrupci\u00f3n impresionante. La ANH mucho peor, son los que dan permiso para el tema de la compra y venta de combustible y hay serias sospechas de que eso se desv\u00eda para favorecer a empresas ilegales\u201d, explic\u00f3.<br \/>\nEn esa l\u00ednea, el exparlamentario destac\u00f3 que por fin se haya decidido asumir una posici\u00f3n firme respecto a YPFB y la ANH, en busca de solucionar varios temas; sin embargo, esto no pude quedar solo en una intervenci\u00f3n para identificar irregularidades, es preciso que se proceda con la remoci\u00f3n de todos aquellos funcionarios que han estado haciendo da\u00f1o a la instituci\u00f3n y renovar con gente nueva.<br \/>\n\u201cLo que se necesita es llevar a los mejores profesionales a esos espacios\u201d, a\u00f1adi\u00f3.<br \/>\nEsta semana, el ministro de Obras P\u00fablicas, Servicios y Vivienda, Mauricio Zamora, explic\u00f3 que el Gobierno determin\u00f3 que Yacimientos Petrol\u00edferos Fiscales Bolivianos deje el negocio de la comercializaci\u00f3n y concentre sus operaciones en la exploraci\u00f3n y explotaci\u00f3n de hidrocarburos.<br \/>\n\u201cEsto es parte de un plan que tenemos para que (\u2026) YPFB haga lo que tiene que hacer: dedicarse a la exploraci\u00f3n y explotaci\u00f3n de hidrocarburos y que salga de la comercializaci\u00f3n, porque ah\u00ed est\u00e1 el problema\u201d, expres\u00f3 la autoridad a prop\u00f3sito del Decreto Supremo 5697, que dispone la \u201cintervenci\u00f3n\u201d estatal extraordinaria, transparente y temporal de YPFB.<br \/>\nDetall\u00f3 que el \u00d3rgano Ejecutivo tom\u00f3 esta medida al identificar graves deficiencias en la cadena log\u00edstica de importaci\u00f3n y distribuci\u00f3n, situaci\u00f3n que amenaza directamente el inter\u00e9s p\u00fablico y la seguridad energ\u00e9tica nacional.<br \/>\nLa intervenci\u00f3n a la estatal petrolera ser\u00e1 de 180 d\u00edas calendario como plazo inicial. Este per\u00edodo puede ampliarse por una sola vez hasta 90 d\u00edas adicionales mediante resoluci\u00f3n ministerial si contin\u00faan las causas que originaron la medida. Tambi\u00e9n podr\u00eda terminar antes si se solucionan las condiciones que motivaron la intervenci\u00f3n.<br \/>\nEl art\u00edculo 5 del DS 5697 indica que la comisi\u00f3n interventora estar\u00e1 conformada por los ministros de Econom\u00eda y Finanzas P\u00fablicas; de Producci\u00f3n Sostenible, Medio Ambiente y Agua; y de Hidrocarburos y Energ\u00edas. Tambi\u00e9n participa el viceministro de Transparencia, Seguridad Jur\u00eddica e Integridad P\u00fablica, dependiente del Ministerio de la Presidencia.<br \/>\nAsimismo, en cumplimiento del Decreto Supremo 5699, el Gobierno intervino la Agencia Nacional de Hidrocarburos ante evidentes deficiencias, riesgos y vulnerabilidades vinculadas al abastecimiento interno de hidrocarburos.<br \/>\n\u201cHacemos la intervenci\u00f3n correspondiente para lograr que la ANH trabaje en lo que deber\u00eda trabajar. No ha cumplido su funci\u00f3n\u201d, a\u00f1adi\u00f3 Blanco, explicando la necesidad de hacer una reestructuraci\u00f3n profunda en el sector energ\u00e9tico boliviano, para ello se proceder\u00e1 al cierre de la entidad y la creaci\u00f3n de una nueva que, inicialmente funcionar\u00e1 de forma paralela.<br \/>\nLa autoridad afirm\u00f3 que el Gobierno boliviano no solo busca transparentar los graves hechos de corrupci\u00f3n detectados, sino tambi\u00e9n coordinar acciones inmediatas con las nuevas autoridades del sector.<\/p>\n","protected":false},"excerpt":{"rendered":"<p>Luego que el Gobierno dispuso la intervenci\u00f3n de Yacimientos Petrol\u00edferos Fiscales Bolivianos (YPFB) y la Agencia Nacional de Hidrocarburos (ANH), el exdiputado Am\u00edlcar Barral record\u00f3 que, durante los gobiernos del Movimiento al Socialismo (MAS) estas instancias fueron una \u201colla de corrupci\u00f3n\u201d, por lo que debe considerarse la remoci\u00f3n de todo el personal vinculado a dichas [&hellip;]<\/p>\n","protected":false},"author":1,"featured_media":427943,"comment_status":"closed","ping_status":"open","sticky":false,"template":"","format":"standard","meta":{"_acf_changed":false,"footnotes":""},"categories":[14],"tags":[],"class_list":["post-427942","post","type-post","status-publish","format-standard","has-post-thumbnail","category-politica"],"acf":{"antetitulo":"Urge una renovaci\u00f3n "},"yoast_head":"<!-- This site is optimized with the Yoast SEO plugin v28.4 - https:\/\/yoast.com\/product\/yoast-seo-wordpress\/ -->\n<title>Intervenci\u00f3n no es suficiente, piden remover personal de YPFB y ANH - El Diario - Bolivia<\/title>\n<meta name=\"robots\" content=\"index, follow, max-snippet:-1, max-image-preview:large, max-video-preview:-1\" \/>\n<link rel=\"canonical\" href=\"https:\/\/www.eldiario.net\/portal\/2026\/09\/05\/intervencion-no-es-suficiente-piden-remover-personal-de-ypfb-y-anh-2\/\" \/>\n<meta property=\"og:locale\" content=\"es_ES\" \/>\n<meta property=\"og:type\" content=\"article\" \/>\n<meta property=\"og:title\" content=\"Intervenci\u00f3n no es suficiente, piden remover personal de YPFB y ANH - El Diario - Bolivia\" \/>\n<meta property=\"og:description\" content=\"Luego que el Gobierno dispuso la intervenci\u00f3n de Yacimientos Petrol\u00edferos Fiscales Bolivianos (YPFB) y la Agencia Nacional de Hidrocarburos (ANH), el exdiputado Am\u00edlcar Barral record\u00f3 que, durante los gobiernos del Movimiento al Socialismo (MAS) estas instancias fueron una \u201colla de corrupci\u00f3n\u201d, por lo que debe considerarse la remoci\u00f3n de todo el personal vinculado a dichas [&hellip;]\" \/>\n<meta property=\"og:url\" content=\"https:\/\/www.eldiario.net\/portal\/2026\/09\/05\/intervencion-no-es-suficiente-piden-remover-personal-de-ypfb-y-anh-2\/\" \/>\n<meta property=\"og:site_name\" content=\"El Diario - Bolivia\" \/>\n<meta property=\"article:publisher\" content=\"https:\/\/www.facebook.com\/eldiario.bolivia\/\" \/>\n<meta property=\"article:published_time\" content=\"2026-09-05T04:23:34+00:00\" \/>\n<meta property=\"og:image\" content=\"https:\/\/www.eldiario.net\/portal\/wp-content\/uploads\/2026\/09\/40-POL-2.webp\" \/>\n\t<meta property=\"og:image:width\" content=\"1130\" \/>\n\t<meta property=\"og:image:height\" content=\"765\" \/>\n\t<meta property=\"og:image:type\" content=\"image\/webp\" \/>\n<meta name=\"author\" content=\"Jeanette\" \/>\n<meta name=\"twitter:card\" content=\"summary_large_image\" \/>\n<meta name=\"twitter:creator\" content=\"@eldiario_net\" \/>\n<meta name=\"twitter:site\" content=\"@eldiario_net\" \/>\n<meta name=\"twitter:label1\" content=\"Escrito por\" \/>\n\t<meta name=\"twitter:data1\" content=\"Jeanette\" \/>\n\t<meta name=\"twitter:label2\" content=\"Tiempo de lectura\" \/>\n\t<meta name=\"twitter:data2\" content=\"4 minutos\" \/>\n<script type=\"application\/ld+json\" class=\"yoast-schema-graph\">{\"@context\":\"https:\\\/\\\/schema.org\",\"@graph\":[{\"@type\":\"Article\",\"@id\":\"https:\\\/\\\/www.eldiario.net\\\/portal\\\/2026\\\/09\\\/05\\\/intervencion-no-es-suficiente-piden-remover-personal-de-ypfb-y-anh-2\\\/#article\",\"isPartOf\":{\"@id\":\"https:\\\/\\\/www.eldiario.net\\\/portal\\\/2026\\\/09\\\/05\\\/intervencion-no-es-suficiente-piden-remover-personal-de-ypfb-y-anh-2\\\/\"},\"author\":{\"name\":\"Jeanette\",\"@id\":\"https:\\\/\\\/www.eldiario.net\\\/portal\\\/#\\\/schema\\\/person\\\/2c57cf2b7a7ae032e449e4c9b1019eac\"},\"headline\":\"Intervenci\u00f3n no es suficiente, piden remover personal de YPFB y ANH\",\"datePublished\":\"2026-09-05T04:23:34+00:00\",\"mainEntityOfPage\":{\"@id\":\"https:\\\/\\\/www.eldiario.net\\\/portal\\\/2026\\\/09\\\/05\\\/intervencion-no-es-suficiente-piden-remover-personal-de-ypfb-y-anh-2\\\/\"},\"wordCount\":712,\"publisher\":{\"@id\":\"https:\\\/\\\/www.eldiario.net\\\/portal\\\/#organization\"},\"image\":{\"@id\":\"https:\\\/\\\/www.eldiario.net\\\/portal\\\/2026\\\/09\\\/05\\\/intervencion-no-es-suficiente-piden-remover-personal-de-ypfb-y-anh-2\\\/#primaryimage\"},\"thumbnailUrl\":\"https:\\\/\\\/www.eldiario.net\\\/portal\\\/wp-content\\\/uploads\\\/2026\\\/09\\\/40-POL-2.webp\",\"articleSection\":[\"Pol\u00edtica\"],\"inLanguage\":\"es\"},{\"@type\":\"WebPage\",\"@id\":\"https:\\\/\\\/www.eldiario.net\\\/portal\\\/2026\\\/09\\\/05\\\/intervencion-no-es-suficiente-piden-remover-personal-de-ypfb-y-anh-2\\\/\",\"url\":\"https:\\\/\\\/www.eldiario.net\\\/portal\\\/2026\\\/09\\\/05\\\/intervencion-no-es-suficiente-piden-remover-personal-de-ypfb-y-anh-2\\\/\",\"name\":\"Intervenci\u00f3n no es suficiente, piden remover personal de YPFB y ANH - El Diario - Bolivia\",\"isPartOf\":{\"@id\":\"https:\\\/\\\/www.eldiario.net\\\/portal\\\/#website\"},\"primaryImageOfPage\":{\"@id\":\"https:\\\/\\\/www.eldiario.net\\\/portal\\\/2026\\\/09\\\/05\\\/intervencion-no-es-suficiente-piden-remover-personal-de-ypfb-y-anh-2\\\/#primaryimage\"},\"image\":{\"@id\":\"https:\\\/\\\/www.eldiario.net\\\/portal\\\/2026\\\/09\\\/05\\\/intervencion-no-es-suficiente-piden-remover-personal-de-ypfb-y-anh-2\\\/#primaryimage\"},\"thumbnailUrl\":\"https:\\\/\\\/www.eldiario.net\\\/portal\\\/wp-content\\\/uploads\\\/2026\\\/09\\\/40-POL-2.webp\",\"datePublished\":\"2026-09-05T04:23:34+00:00\",\"breadcrumb\":{\"@id\":\"https:\\\/\\\/www.eldiario.net\\\/portal\\\/2026\\\/09\\\/05\\\/intervencion-no-es-suficiente-piden-remover-personal-de-ypfb-y-anh-2\\\/#breadcrumb\"},\"inLanguage\":\"es\",\"potentialAction\":[{\"@type\":\"ReadAction\",\"target\":[\"https:\\\/\\\/www.eldiario.net\\\/portal\\\/2026\\\/09\\\/05\\\/intervencion-no-es-suficiente-piden-remover-personal-de-ypfb-y-anh-2\\\/\"]}]},{\"@type\":\"ImageObject\",\"inLanguage\":\"es\",\"@id\":\"https:\\\/\\\/www.eldiario.net\\\/portal\\\/2026\\\/09\\\/05\\\/intervencion-no-es-suficiente-piden-remover-personal-de-ypfb-y-anh-2\\\/#primaryimage\",\"url\":\"https:\\\/\\\/www.eldiario.net\\\/portal\\\/wp-content\\\/uploads\\\/2026\\\/09\\\/40-POL-2.webp\",\"contentUrl\":\"https:\\\/\\\/www.eldiario.net\\\/portal\\\/wp-content\\\/uploads\\\/2026\\\/09\\\/40-POL-2.webp\",\"width\":1130,\"height\":765,\"caption\":\"exdiputado Am\u00edlcar Barral\"},{\"@type\":\"BreadcrumbList\",\"@id\":\"https:\\\/\\\/www.eldiario.net\\\/portal\\\/2026\\\/09\\\/05\\\/intervencion-no-es-suficiente-piden-remover-personal-de-ypfb-y-anh-2\\\/#breadcrumb\",\"itemListElement\":[{\"@type\":\"ListItem\",\"position\":1,\"name\":\"Portada\",\"item\":\"https:\\\/\\\/www.eldiario.net\\\/portal\\\/\"},{\"@type\":\"ListItem\",\"position\":2,\"name\":\"Intervenci\u00f3n no es suficiente, piden remover personal de YPFB y ANH\"}]},{\"@type\":\"WebSite\",\"@id\":\"https:\\\/\\\/www.eldiario.net\\\/portal\\\/#website\",\"url\":\"https:\\\/\\\/www.eldiario.net\\\/portal\\\/\",\"name\":\"El Diario - Decano de la prensa nacional\",\"description\":\"El Diario - Decano de la prensa nacional\",\"publisher\":{\"@id\":\"https:\\\/\\\/www.eldiario.net\\\/portal\\\/#organization\"},\"potentialAction\":[{\"@type\":\"SearchAction\",\"target\":{\"@type\":\"EntryPoint\",\"urlTemplate\":\"https:\\\/\\\/www.eldiario.net\\\/portal\\\/?s={search_term_string}\"},\"query-input\":{\"@type\":\"PropertyValueSpecification\",\"valueRequired\":true,\"valueName\":\"search_term_string\"}}],\"inLanguage\":\"es\"},{\"@type\":\"Organization\",\"@id\":\"https:\\\/\\\/www.eldiario.net\\\/portal\\\/#organization\",\"name\":\"El Diario - Decano de la prensa nacional\",\"url\":\"https:\\\/\\\/www.eldiario.net\\\/portal\\\/\",\"logo\":{\"@type\":\"ImageObject\",\"inLanguage\":\"es\",\"@id\":\"https:\\\/\\\/www.eldiario.net\\\/portal\\\/#\\\/schema\\\/logo\\\/image\\\/\",\"url\":\"https:\\\/\\\/www.eldiario.net\\\/portal\\\/wp-content\\\/uploads\\\/2023\\\/07\\\/logo_ED.jpg\",\"contentUrl\":\"https:\\\/\\\/www.eldiario.net\\\/portal\\\/wp-content\\\/uploads\\\/2023\\\/07\\\/logo_ED.jpg\",\"width\":272,\"height\":52,\"caption\":\"El Diario - Decano de la prensa nacional\"},\"image\":{\"@id\":\"https:\\\/\\\/www.eldiario.net\\\/portal\\\/#\\\/schema\\\/logo\\\/image\\\/\"},\"sameAs\":[\"https:\\\/\\\/www.facebook.com\\\/eldiario.bolivia\\\/\",\"https:\\\/\\\/x.com\\\/eldiario_net\"]},{\"@type\":\"Person\",\"@id\":\"https:\\\/\\\/www.eldiario.net\\\/portal\\\/#\\\/schema\\\/person\\\/2c57cf2b7a7ae032e449e4c9b1019eac\",\"name\":\"Jeanette\",\"image\":{\"@type\":\"ImageObject\",\"inLanguage\":\"es\",\"@id\":\"https:\\\/\\\/secure.gravatar.com\\\/avatar\\\/3ea2118a5f7dad2b7138b1187a6b7ee55f160b9968b66013c3a3ef39dd7e5798?s=96&d=mm&r=g\",\"url\":\"https:\\\/\\\/secure.gravatar.com\\\/avatar\\\/3ea2118a5f7dad2b7138b1187a6b7ee55f160b9968b66013c3a3ef39dd7e5798?s=96&d=mm&r=g\",\"contentUrl\":\"https:\\\/\\\/secure.gravatar.com\\\/avatar\\\/3ea2118a5f7dad2b7138b1187a6b7ee55f160b9968b66013c3a3ef39dd7e5798?s=96&d=mm&r=g\",\"caption\":\"Jeanette\"},\"sameAs\":[\"https:\\\/\\\/www.eldiario.net\\\/portal\"],\"url\":\"https:\\\/\\\/www.eldiario.net\\\/portal\\\/author\\\/jeanette\\\/\"}]}<\/script>\n<!-- \/ Yoast SEO plugin. -->","yoast_head_json":{"title":"Intervenci\u00f3n no es suficiente, piden remover personal de YPFB y ANH - El Diario - Bolivia","robots":{"index":"index","follow":"follow","max-snippet":"max-snippet:-1","max-image-preview":"max-image-preview:large","max-video-preview":"max-video-preview:-1"},"canonical":"https:\/\/www.eldiario.net\/portal\/2026\/09\/05\/intervencion-no-es-suficiente-piden-remover-personal-de-ypfb-y-anh-2\/","og_locale":"es_ES","og_type":"article","og_title":"Intervenci\u00f3n no es suficiente, piden remover personal de YPFB y ANH - El Diario - Bolivia","og_description":"Luego que el Gobierno dispuso la intervenci\u00f3n de Yacimientos Petrol\u00edferos Fiscales Bolivianos (YPFB) y la Agencia Nacional de Hidrocarburos (ANH), el exdiputado Am\u00edlcar Barral record\u00f3 que, durante los gobiernos del Movimiento al Socialismo (MAS) estas instancias fueron una \u201colla de corrupci\u00f3n\u201d, por lo que debe considerarse la remoci\u00f3n de todo el personal vinculado a dichas [&hellip;]","og_url":"https:\/\/www.eldiario.net\/portal\/2026\/09\/05\/intervencion-no-es-suficiente-piden-remover-personal-de-ypfb-y-anh-2\/","og_site_name":"El Diario - Bolivia","article_publisher":"https:\/\/www.facebook.com\/eldiario.bolivia\/","article_published_time":"2026-09-05T04:23:34+00:00","og_image":[{"width":1130,"height":765,"url":"https:\/\/www.eldiario.net\/portal\/wp-content\/uploads\/2026\/09\/40-POL-2.webp","type":"image\/webp"}],"author":"Jeanette","twitter_card":"summary_large_image","twitter_creator":"@eldiario_net","twitter_site":"@eldiario_net","twitter_misc":{"Escrito por":"Jeanette","Tiempo de lectura":"4 minutos"},"schema":{"@context":"https:\/\/schema.org","@graph":[{"@type":"Article","@id":"https:\/\/www.eldiario.net\/portal\/2026\/09\/05\/intervencion-no-es-suficiente-piden-remover-personal-de-ypfb-y-anh-2\/#article","isPartOf":{"@id":"https:\/\/www.eldiario.net\/portal\/2026\/09\/05\/intervencion-no-es-suficiente-piden-remover-personal-de-ypfb-y-anh-2\/"},"author":{"name":"Jeanette","@id":"https:\/\/www.eldiario.net\/portal\/#\/schema\/person\/2c57cf2b7a7ae032e449e4c9b1019eac"},"headline":"Intervenci\u00f3n no es suficiente, piden remover personal de YPFB y ANH","datePublished":"2026-09-05T04:23:34+00:00","mainEntityOfPage":{"@id":"https:\/\/www.eldiario.net\/portal\/2026\/09\/05\/intervencion-no-es-suficiente-piden-remover-personal-de-ypfb-y-anh-2\/"},"wordCount":712,"publisher":{"@id":"https:\/\/www.eldiario.net\/portal\/#organization"},"image":{"@id":"https:\/\/www.eldiario.net\/portal\/2026\/09\/05\/intervencion-no-es-suficiente-piden-remover-personal-de-ypfb-y-anh-2\/#primaryimage"},"thumbnailUrl":"https:\/\/www.eldiario.net\/portal\/wp-content\/uploads\/2026\/09\/40-POL-2.webp","articleSection":["Pol\u00edtica"],"inLanguage":"es"},{"@type":"WebPage","@id":"https:\/\/www.eldiario.net\/portal\/2026\/09\/05\/intervencion-no-es-suficiente-piden-remover-personal-de-ypfb-y-anh-2\/","url":"https:\/\/www.eldiario.net\/portal\/2026\/09\/05\/intervencion-no-es-suficiente-piden-remover-personal-de-ypfb-y-anh-2\/","name":"Intervenci\u00f3n no es suficiente, piden remover personal de YPFB y ANH - El Diario - Bolivia","isPartOf":{"@id":"https:\/\/www.eldiario.net\/portal\/#website"},"primaryImageOfPage":{"@id":"https:\/\/www.eldiario.net\/portal\/2026\/09\/05\/intervencion-no-es-suficiente-piden-remover-personal-de-ypfb-y-anh-2\/#primaryimage"},"image":{"@id":"https:\/\/www.eldiario.net\/portal\/2026\/09\/05\/intervencion-no-es-suficiente-piden-remover-personal-de-ypfb-y-anh-2\/#primaryimage"},"thumbnailUrl":"https:\/\/www.eldiario.net\/portal\/wp-content\/uploads\/2026\/09\/40-POL-2.webp","datePublished":"2026-09-05T04:23:34+00:00","breadcrumb":{"@id":"https:\/\/www.eldiario.net\/portal\/2026\/09\/05\/intervencion-no-es-suficiente-piden-remover-personal-de-ypfb-y-anh-2\/#breadcrumb"},"inLanguage":"es","potentialAction":[{"@type":"ReadAction","target":["https:\/\/www.eldiario.net\/portal\/2026\/09\/05\/intervencion-no-es-suficiente-piden-remover-personal-de-ypfb-y-anh-2\/"]}]},{"@type":"ImageObject","inLanguage":"es","@id":"https:\/\/www.eldiario.net\/portal\/2026\/09\/05\/intervencion-no-es-suficiente-piden-remover-personal-de-ypfb-y-anh-2\/#primaryimage","url":"https:\/\/www.eldiario.net\/portal\/wp-content\/uploads\/2026\/09\/40-POL-2.webp","contentUrl":"https:\/\/www.eldiario.net\/portal\/wp-content\/uploads\/2026\/09\/40-POL-2.webp","width":1130,"height":765,"caption":"exdiputado Am\u00edlcar Barral"},{"@type":"BreadcrumbList","@id":"https:\/\/www.eldiario.net\/portal\/2026\/09\/05\/intervencion-no-es-suficiente-piden-remover-personal-de-ypfb-y-anh-2\/#breadcrumb","itemListElement":[{"@type":"ListItem","position":1,"name":"Portada","item":"https:\/\/www.eldiario.net\/portal\/"},{"@type":"ListItem","position":2,"name":"Intervenci\u00f3n no es suficiente, piden remover personal de YPFB y ANH"}]},{"@type":"WebSite","@id":"https:\/\/www.eldiario.net\/portal\/#website","url":"https:\/\/www.eldiario.net\/portal\/","name":"El Diario - Decano de la prensa nacional","description":"El Diario - Decano de la prensa nacional","publisher":{"@id":"https:\/\/www.eldiario.net\/portal\/#organization"},"potentialAction":[{"@type":"SearchAction","target":{"@type":"EntryPoint","urlTemplate":"https:\/\/www.eldiario.net\/portal\/?s={search_term_string}"},"query-input":{"@type":"PropertyValueSpecification","valueRequired":true,"valueName":"search_term_string"}}],"inLanguage":"es"},{"@type":"Organization","@id":"https:\/\/www.eldiario.net\/portal\/#organization","name":"El Diario - Decano de la prensa nacional","url":"https:\/\/www.eldiario.net\/portal\/","logo":{"@type":"ImageObject","inLanguage":"es","@id":"https:\/\/www.eldiario.net\/portal\/#\/schema\/logo\/image\/","url":"https:\/\/www.eldiario.net\/portal\/wp-content\/uploads\/2023\/07\/logo_ED.jpg","contentUrl":"https:\/\/www.eldiario.net\/portal\/wp-content\/uploads\/2023\/07\/logo_ED.jpg","width":272,"height":52,"caption":"El Diario - Decano de la prensa nacional"},"image":{"@id":"https:\/\/www.eldiario.net\/portal\/#\/schema\/logo\/image\/"},"sameAs":["https:\/\/www.facebook.com\/eldiario.bolivia\/","https:\/\/x.com\/eldiario_net"]},{"@type":"Person","@id":"https:\/\/www.eldiario.net\/portal\/#\/schema\/person\/2c57cf2b7a7ae032e449e4c9b1019eac","name":"Jeanette","image":{"@type":"ImageObject","inLanguage":"es","@id":"https:\/\/secure.gravatar.com\/avatar\/3ea2118a5f7dad2b7138b1187a6b7ee55f160b9968b66013c3a3ef39dd7e5798?s=96&d=mm&r=g","url":"https:\/\/secure.gravatar.com\/avatar\/3ea2118a5f7dad2b7138b1187a6b7ee55f160b9968b66013c3a3ef39dd7e5798?s=96&d=mm&r=g","contentUrl":"https:\/\/secure.gravatar.com\/avatar\/3ea2118a5f7dad2b7138b1187a6b7ee55f160b9968b66013c3a3ef39dd7e5798?s=96&d=mm&r=g","caption":"Jeanette"},"sameAs":["https:\/\/www.eldiario.net\/portal"],"url":"https:\/\/www.eldiario.net\/portal\/author\/jeanette\/"}]}},"_links":{"self":[{"href":"https:\/\/www.eldiario.net\/portal\/wp-json\/wp\/v2\/posts\/427942","targetHints":{"allow":["GET"]}}],"collection":[{"href":"https:\/\/www.eldiario.net\/portal\/wp-json\/wp\/v2\/posts"}],"about":[{"href":"https:\/\/www.eldiario.net\/portal\/wp-json\/wp\/v2\/types\/post"}],"author":[{"embeddable":true,"href":"https:\/\/www.eldiario.net\/portal\/wp-json\/wp\/v2\/users\/1"}],"replies":[{"embeddable":true,"href":"https:\/\/www.eldiario.net\/portal\/wp-json\/wp\/v2\/comments?post=427942"}],"version-history":[{"count":1,"href":"https:\/\/www.eldiario.net\/portal\/wp-json\/wp\/v2\/posts\/427942\/revisions"}],"predecessor-version":[{"id":427944,"href":"https:\/\/www.eldiario.net\/portal\/wp-json\/wp\/v2\/posts\/427942\/revisions\/427944"}],"wp:featuredmedia":[{"embeddable":true,"href":"https:\/\/www.eldiario.net\/portal\/wp-json\/wp\/v2\/media\/427943"}],"wp:attachment":[{"href":"https:\/\/www.eldiario.net\/portal\/wp-json\/wp\/v2\/media?parent=427942"}],"wp:term":[{"taxonomy":"category","embeddable":true,"href":"https:\/\/www.eldiario.net\/portal\/wp-json\/wp\/v2\/categories?post=427942"},{"taxonomy":"post_tag","embeddable":true,"href":"https:\/\/www.eldiario.net\/portal\/wp-json\/wp\/v2\/tags?post=427942"}],"curies":[{"name":"wp","href":"https:\/\/api.w.org\/{rel}","templated":true}]}}