{"id":427939,"date":"2026-09-05T00:22:40","date_gmt":"2026-09-05T04:22:40","guid":{"rendered":"https:\/\/www.eldiario.net\/portal\/?p=427939"},"modified":"2026-09-05T00:22:40","modified_gmt":"2026-09-05T04:22:40","slug":"gobierno-plantea-dialogo-o-cumplimiento-de-la-ley-2","status":"publish","type":"post","link":"https:\/\/www.eldiario.net\/portal\/2026\/09\/05\/gobierno-plantea-dialogo-o-cumplimiento-de-la-ley-2\/","title":{"rendered":"Gobierno plantea di\u00e1logo  o cumplimiento de la ley"},"content":{"rendered":"<p>Tras la advertencia expresada por el presidente del Estado, Rodrigo Paz Pereira, respecto a que en el pa\u00eds se pretende generar un nuevo \u201csismo pol\u00edtico estructural\u201d contra la democracia y la vigencia de la Constituci\u00f3n Pol\u00edtica del Estado (CPE), el viceministro de Coordinaci\u00f3n Legislativa, Wilson Santamar\u00eda, afirm\u00f3 que la alerta del primer mandatario tiene que ver con las constantes amenazas emitidas desde el tr\u00f3pico de Cochabamba, sobre las que se activar\u00e1n mecanismos de di\u00e1logo o cumplimiento de la ley, seg\u00fan corresponda.<br \/>\nEn declaraciones a medios de prensa, Santamar\u00eda destac\u00f3 el respaldo de la Organizaci\u00f3n de Estados Americanos (OEA) respecto a las recomendaciones expresadas por este organismo tras el conflicto social que paraliz\u00f3 el pa\u00eds entre los meses de mayo y junio del presente a\u00f1o.<br \/>\nSeg\u00fan el viceministro, la alerta del presidente Paz tiene que ver con aquellos grupos radicalizados que, durante los conflictos, disfrazaron sus intereses pol\u00edtico-ideol\u00f3gicos con demandas leg\u00edtimas, mismos que actualmente pretenden volver a generar escenarios de confrontaci\u00f3n para desestabilizar al gobierno y forzar una ruptura en el orden constitucional.<br \/>\n\u201cLas diferentes declaraciones y acciones que se realizan, adem\u00e1s de otras convocatorias desde el tr\u00f3pico de Cochabamba, est\u00e1 claro que no son reuniones para tomar un caf\u00e9, son acciones que buscan articular movimientos desestabilizadores que atenten contra la democracia\u201d, dijo.<br \/>\nAdem\u00e1s, asegurando que la poblaci\u00f3n boliviana es consciente de que, pese a todas las adversidades y dificultades que le ha tocado vivir, existe certeza de que es momento para trabajar y no perjudicar, por lo que el Ejecutivo acudir\u00e1 al di\u00e1logo cada vez que este sea requerido y se optar\u00e1 por hacer cumplir la ley en caso de presentarse situaciones que excedan la norma.<br \/>\n\u201cEl Gobierno activar\u00e1 todos los mecanismos de di\u00e1logo, pero cuando corresponda y donde corresponda, har\u00e1 cumplir la ley\u201d, sostuvo.<br \/>\nDurante su discurso por el acto inaugural de la Feria Internacional La Paz Expone 2026, el presidente Rodrigo Paz alert\u00f3 que se pretende generar otro \u201csismo pol\u00edtico estructural\u201d en contra de la democracia y la Constituci\u00f3n Pol\u00edtica del Estado, esto por las amenazas de algunos sectores para reactivar movilizaciones una vez que finalice el actual estado de excepci\u00f3n.<br \/>\n\u201cEste a\u00f1o han intentado darle un golpe a Bolivia y no estamos lejos de que quieran generar un otro sismo pol\u00edtico estructural en nuestra democracia y en nuestra Constituci\u00f3n\u201d, explic\u00f3 el primer mandatario, advirtiendo que dichas amenazas buscan evitar el proceso de transformaci\u00f3n del Estado que se impulsa desde su Gobierno.<br \/>\nSeg\u00fan Santamar\u00eda, ser\u00e1 la Asamblea Legislativa la instancia encargada de analizar una posible ampliaci\u00f3n del estado de excepci\u00f3n, mientras el Gobierno continuar\u00e1 trabajando en valorar la coyuntura y plantear respuestas a las necesidades del pa\u00eds. \u201cEl informe de la OEA es un resultado contundente de que dialogando y aplicando la Constituci\u00f3n se pueden hacer las cosas\u201d, finaliz\u00f3.<br \/>\nEl jueves, durante la Reuni\u00f3n Regular del Consejo Permanente de la OEA, el ministro de la Presidencia, Fernando Aramayo, explic\u00f3 que el estado de excepci\u00f3n fue establecido el 20 de junio porque con la medida se pod\u00eda proteger a la poblaci\u00f3n que se encontraba en situaci\u00f3n de vulnerabilidad por parte de quienes bloqueaban caminos, impidiendo el ejercicio de derechos de todos los bolivianos.<br \/>\nAramayo agradeci\u00f3 a la OEA el apoyo al sistema democr\u00e1tico boliviano y aclar\u00f3 que el pa\u00eds no tuvo una crisis por \u201csimples reclamos sectoriales\u201d, sino que fue v\u00edctima de una estrategia de una \u201cgobernanza criminalizada\u201d y el \u201cenquistamiento del crimen organizado\u201d, pues se trat\u00f3 de una amenaza regional que busc\u00f3 erosionar el orden democr\u00e1tico y forzar la interrupci\u00f3n del mandato constitucional expresado en las urnas en 2025.<\/p>\n","protected":false},"excerpt":{"rendered":"<p>Tras la advertencia expresada por el presidente del Estado, Rodrigo Paz Pereira, respecto a que en el pa\u00eds se pretende generar un nuevo \u201csismo pol\u00edtico estructural\u201d contra la democracia y la vigencia de la Constituci\u00f3n Pol\u00edtica del Estado (CPE), el viceministro de Coordinaci\u00f3n Legislativa, Wilson Santamar\u00eda, afirm\u00f3 que la alerta del primer mandatario tiene que [&hellip;]<\/p>\n","protected":false},"author":1,"featured_media":427940,"comment_status":"closed","ping_status":"open","sticky":false,"template":"","format":"standard","meta":{"_acf_changed":false,"footnotes":""},"categories":[14],"tags":[],"class_list":["post-427939","post","type-post","status-publish","format-standard","has-post-thumbnail","category-politica"],"acf":{"antetitulo":"Ante posible nuevo \u201csismo pol\u00edtico\u201d "},"yoast_head":"<!-- This site is optimized with the Yoast SEO plugin v28.4 - https:\/\/yoast.com\/product\/yoast-seo-wordpress\/ -->\n<title>Gobierno plantea di\u00e1logo o cumplimiento de la ley - El Diario - Bolivia<\/title>\n<meta name=\"robots\" content=\"index, follow, max-snippet:-1, max-image-preview:large, max-video-preview:-1\" \/>\n<link rel=\"canonical\" href=\"https:\/\/www.eldiario.net\/portal\/2026\/09\/05\/gobierno-plantea-dialogo-o-cumplimiento-de-la-ley-2\/\" \/>\n<meta property=\"og:locale\" content=\"es_ES\" \/>\n<meta property=\"og:type\" content=\"article\" \/>\n<meta property=\"og:title\" content=\"Gobierno plantea di\u00e1logo o cumplimiento de la ley - El Diario - Bolivia\" \/>\n<meta property=\"og:description\" content=\"Tras la advertencia expresada por el presidente del Estado, Rodrigo Paz Pereira, respecto a que en el pa\u00eds se pretende generar un nuevo \u201csismo pol\u00edtico estructural\u201d contra la democracia y la vigencia de la Constituci\u00f3n Pol\u00edtica del Estado (CPE), el viceministro de Coordinaci\u00f3n Legislativa, Wilson Santamar\u00eda, afirm\u00f3 que la alerta del primer mandatario tiene que [&hellip;]\" \/>\n<meta property=\"og:url\" content=\"https:\/\/www.eldiario.net\/portal\/2026\/09\/05\/gobierno-plantea-dialogo-o-cumplimiento-de-la-ley-2\/\" \/>\n<meta property=\"og:site_name\" content=\"El Diario - Bolivia\" \/>\n<meta property=\"article:publisher\" content=\"https:\/\/www.facebook.com\/eldiario.bolivia\/\" \/>\n<meta property=\"article:published_time\" content=\"2026-09-05T04:22:40+00:00\" \/>\n<meta property=\"og:image\" content=\"https:\/\/www.eldiario.net\/portal\/wp-content\/uploads\/2026\/09\/41-NAL.webp\" \/>\n\t<meta property=\"og:image:width\" content=\"1003\" \/>\n\t<meta property=\"og:image:height\" content=\"643\" \/>\n\t<meta property=\"og:image:type\" content=\"image\/webp\" \/>\n<meta name=\"author\" content=\"Jeanette\" \/>\n<meta name=\"twitter:card\" content=\"summary_large_image\" \/>\n<meta name=\"twitter:creator\" content=\"@eldiario_net\" \/>\n<meta name=\"twitter:site\" content=\"@eldiario_net\" \/>\n<meta name=\"twitter:label1\" content=\"Escrito por\" \/>\n\t<meta name=\"twitter:data1\" content=\"Jeanette\" \/>\n\t<meta name=\"twitter:label2\" content=\"Tiempo de lectura\" \/>\n\t<meta name=\"twitter:data2\" content=\"3 minutos\" \/>\n<script type=\"application\/ld+json\" class=\"yoast-schema-graph\">{\"@context\":\"https:\\\/\\\/schema.org\",\"@graph\":[{\"@type\":\"Article\",\"@id\":\"https:\\\/\\\/www.eldiario.net\\\/portal\\\/2026\\\/09\\\/05\\\/gobierno-plantea-dialogo-o-cumplimiento-de-la-ley-2\\\/#article\",\"isPartOf\":{\"@id\":\"https:\\\/\\\/www.eldiario.net\\\/portal\\\/2026\\\/09\\\/05\\\/gobierno-plantea-dialogo-o-cumplimiento-de-la-ley-2\\\/\"},\"author\":{\"name\":\"Jeanette\",\"@id\":\"https:\\\/\\\/www.eldiario.net\\\/portal\\\/#\\\/schema\\\/person\\\/2c57cf2b7a7ae032e449e4c9b1019eac\"},\"headline\":\"Gobierno plantea di\u00e1logo o cumplimiento de la ley\",\"datePublished\":\"2026-09-05T04:22:40+00:00\",\"mainEntityOfPage\":{\"@id\":\"https:\\\/\\\/www.eldiario.net\\\/portal\\\/2026\\\/09\\\/05\\\/gobierno-plantea-dialogo-o-cumplimiento-de-la-ley-2\\\/\"},\"wordCount\":646,\"publisher\":{\"@id\":\"https:\\\/\\\/www.eldiario.net\\\/portal\\\/#organization\"},\"image\":{\"@id\":\"https:\\\/\\\/www.eldiario.net\\\/portal\\\/2026\\\/09\\\/05\\\/gobierno-plantea-dialogo-o-cumplimiento-de-la-ley-2\\\/#primaryimage\"},\"thumbnailUrl\":\"https:\\\/\\\/www.eldiario.net\\\/portal\\\/wp-content\\\/uploads\\\/2026\\\/09\\\/41-NAL.webp\",\"articleSection\":[\"Pol\u00edtica\"],\"inLanguage\":\"es\"},{\"@type\":\"WebPage\",\"@id\":\"https:\\\/\\\/www.eldiario.net\\\/portal\\\/2026\\\/09\\\/05\\\/gobierno-plantea-dialogo-o-cumplimiento-de-la-ley-2\\\/\",\"url\":\"https:\\\/\\\/www.eldiario.net\\\/portal\\\/2026\\\/09\\\/05\\\/gobierno-plantea-dialogo-o-cumplimiento-de-la-ley-2\\\/\",\"name\":\"Gobierno plantea di\u00e1logo o cumplimiento de la ley - El Diario - Bolivia\",\"isPartOf\":{\"@id\":\"https:\\\/\\\/www.eldiario.net\\\/portal\\\/#website\"},\"primaryImageOfPage\":{\"@id\":\"https:\\\/\\\/www.eldiario.net\\\/portal\\\/2026\\\/09\\\/05\\\/gobierno-plantea-dialogo-o-cumplimiento-de-la-ley-2\\\/#primaryimage\"},\"image\":{\"@id\":\"https:\\\/\\\/www.eldiario.net\\\/portal\\\/2026\\\/09\\\/05\\\/gobierno-plantea-dialogo-o-cumplimiento-de-la-ley-2\\\/#primaryimage\"},\"thumbnailUrl\":\"https:\\\/\\\/www.eldiario.net\\\/portal\\\/wp-content\\\/uploads\\\/2026\\\/09\\\/41-NAL.webp\",\"datePublished\":\"2026-09-05T04:22:40+00:00\",\"breadcrumb\":{\"@id\":\"https:\\\/\\\/www.eldiario.net\\\/portal\\\/2026\\\/09\\\/05\\\/gobierno-plantea-dialogo-o-cumplimiento-de-la-ley-2\\\/#breadcrumb\"},\"inLanguage\":\"es\",\"potentialAction\":[{\"@type\":\"ReadAction\",\"target\":[\"https:\\\/\\\/www.eldiario.net\\\/portal\\\/2026\\\/09\\\/05\\\/gobierno-plantea-dialogo-o-cumplimiento-de-la-ley-2\\\/\"]}]},{\"@type\":\"ImageObject\",\"inLanguage\":\"es\",\"@id\":\"https:\\\/\\\/www.eldiario.net\\\/portal\\\/2026\\\/09\\\/05\\\/gobierno-plantea-dialogo-o-cumplimiento-de-la-ley-2\\\/#primaryimage\",\"url\":\"https:\\\/\\\/www.eldiario.net\\\/portal\\\/wp-content\\\/uploads\\\/2026\\\/09\\\/41-NAL.webp\",\"contentUrl\":\"https:\\\/\\\/www.eldiario.net\\\/portal\\\/wp-content\\\/uploads\\\/2026\\\/09\\\/41-NAL.webp\",\"width\":1003,\"height\":643},{\"@type\":\"BreadcrumbList\",\"@id\":\"https:\\\/\\\/www.eldiario.net\\\/portal\\\/2026\\\/09\\\/05\\\/gobierno-plantea-dialogo-o-cumplimiento-de-la-ley-2\\\/#breadcrumb\",\"itemListElement\":[{\"@type\":\"ListItem\",\"position\":1,\"name\":\"Portada\",\"item\":\"https:\\\/\\\/www.eldiario.net\\\/portal\\\/\"},{\"@type\":\"ListItem\",\"position\":2,\"name\":\"Gobierno plantea di\u00e1logo o cumplimiento de la ley\"}]},{\"@type\":\"WebSite\",\"@id\":\"https:\\\/\\\/www.eldiario.net\\\/portal\\\/#website\",\"url\":\"https:\\\/\\\/www.eldiario.net\\\/portal\\\/\",\"name\":\"El Diario - Decano de la prensa nacional\",\"description\":\"El Diario - Decano de la prensa nacional\",\"publisher\":{\"@id\":\"https:\\\/\\\/www.eldiario.net\\\/portal\\\/#organization\"},\"potentialAction\":[{\"@type\":\"SearchAction\",\"target\":{\"@type\":\"EntryPoint\",\"urlTemplate\":\"https:\\\/\\\/www.eldiario.net\\\/portal\\\/?s={search_term_string}\"},\"query-input\":{\"@type\":\"PropertyValueSpecification\",\"valueRequired\":true,\"valueName\":\"search_term_string\"}}],\"inLanguage\":\"es\"},{\"@type\":\"Organization\",\"@id\":\"https:\\\/\\\/www.eldiario.net\\\/portal\\\/#organization\",\"name\":\"El Diario - Decano de la prensa nacional\",\"url\":\"https:\\\/\\\/www.eldiario.net\\\/portal\\\/\",\"logo\":{\"@type\":\"ImageObject\",\"inLanguage\":\"es\",\"@id\":\"https:\\\/\\\/www.eldiario.net\\\/portal\\\/#\\\/schema\\\/logo\\\/image\\\/\",\"url\":\"https:\\\/\\\/www.eldiario.net\\\/portal\\\/wp-content\\\/uploads\\\/2023\\\/07\\\/logo_ED.jpg\",\"contentUrl\":\"https:\\\/\\\/www.eldiario.net\\\/portal\\\/wp-content\\\/uploads\\\/2023\\\/07\\\/logo_ED.jpg\",\"width\":272,\"height\":52,\"caption\":\"El Diario - Decano de la prensa nacional\"},\"image\":{\"@id\":\"https:\\\/\\\/www.eldiario.net\\\/portal\\\/#\\\/schema\\\/logo\\\/image\\\/\"},\"sameAs\":[\"https:\\\/\\\/www.facebook.com\\\/eldiario.bolivia\\\/\",\"https:\\\/\\\/x.com\\\/eldiario_net\"]},{\"@type\":\"Person\",\"@id\":\"https:\\\/\\\/www.eldiario.net\\\/portal\\\/#\\\/schema\\\/person\\\/2c57cf2b7a7ae032e449e4c9b1019eac\",\"name\":\"Jeanette\",\"image\":{\"@type\":\"ImageObject\",\"inLanguage\":\"es\",\"@id\":\"https:\\\/\\\/secure.gravatar.com\\\/avatar\\\/3ea2118a5f7dad2b7138b1187a6b7ee55f160b9968b66013c3a3ef39dd7e5798?s=96&d=mm&r=g\",\"url\":\"https:\\\/\\\/secure.gravatar.com\\\/avatar\\\/3ea2118a5f7dad2b7138b1187a6b7ee55f160b9968b66013c3a3ef39dd7e5798?s=96&d=mm&r=g\",\"contentUrl\":\"https:\\\/\\\/secure.gravatar.com\\\/avatar\\\/3ea2118a5f7dad2b7138b1187a6b7ee55f160b9968b66013c3a3ef39dd7e5798?s=96&d=mm&r=g\",\"caption\":\"Jeanette\"},\"sameAs\":[\"https:\\\/\\\/www.eldiario.net\\\/portal\"],\"url\":\"https:\\\/\\\/www.eldiario.net\\\/portal\\\/author\\\/jeanette\\\/\"}]}<\/script>\n<!-- \/ Yoast SEO plugin. -->","yoast_head_json":{"title":"Gobierno plantea di\u00e1logo o cumplimiento de la ley - El Diario - Bolivia","robots":{"index":"index","follow":"follow","max-snippet":"max-snippet:-1","max-image-preview":"max-image-preview:large","max-video-preview":"max-video-preview:-1"},"canonical":"https:\/\/www.eldiario.net\/portal\/2026\/09\/05\/gobierno-plantea-dialogo-o-cumplimiento-de-la-ley-2\/","og_locale":"es_ES","og_type":"article","og_title":"Gobierno plantea di\u00e1logo o cumplimiento de la ley - El Diario - Bolivia","og_description":"Tras la advertencia expresada por el presidente del Estado, Rodrigo Paz Pereira, respecto a que en el pa\u00eds se pretende generar un nuevo \u201csismo pol\u00edtico estructural\u201d contra la democracia y la vigencia de la Constituci\u00f3n Pol\u00edtica del Estado (CPE), el viceministro de Coordinaci\u00f3n Legislativa, Wilson Santamar\u00eda, afirm\u00f3 que la alerta del primer mandatario tiene que [&hellip;]","og_url":"https:\/\/www.eldiario.net\/portal\/2026\/09\/05\/gobierno-plantea-dialogo-o-cumplimiento-de-la-ley-2\/","og_site_name":"El Diario - Bolivia","article_publisher":"https:\/\/www.facebook.com\/eldiario.bolivia\/","article_published_time":"2026-09-05T04:22:40+00:00","og_image":[{"width":1003,"height":643,"url":"https:\/\/www.eldiario.net\/portal\/wp-content\/uploads\/2026\/09\/41-NAL.webp","type":"image\/webp"}],"author":"Jeanette","twitter_card":"summary_large_image","twitter_creator":"@eldiario_net","twitter_site":"@eldiario_net","twitter_misc":{"Escrito por":"Jeanette","Tiempo de lectura":"3 minutos"},"schema":{"@context":"https:\/\/schema.org","@graph":[{"@type":"Article","@id":"https:\/\/www.eldiario.net\/portal\/2026\/09\/05\/gobierno-plantea-dialogo-o-cumplimiento-de-la-ley-2\/#article","isPartOf":{"@id":"https:\/\/www.eldiario.net\/portal\/2026\/09\/05\/gobierno-plantea-dialogo-o-cumplimiento-de-la-ley-2\/"},"author":{"name":"Jeanette","@id":"https:\/\/www.eldiario.net\/portal\/#\/schema\/person\/2c57cf2b7a7ae032e449e4c9b1019eac"},"headline":"Gobierno plantea di\u00e1logo o cumplimiento de la ley","datePublished":"2026-09-05T04:22:40+00:00","mainEntityOfPage":{"@id":"https:\/\/www.eldiario.net\/portal\/2026\/09\/05\/gobierno-plantea-dialogo-o-cumplimiento-de-la-ley-2\/"},"wordCount":646,"publisher":{"@id":"https:\/\/www.eldiario.net\/portal\/#organization"},"image":{"@id":"https:\/\/www.eldiario.net\/portal\/2026\/09\/05\/gobierno-plantea-dialogo-o-cumplimiento-de-la-ley-2\/#primaryimage"},"thumbnailUrl":"https:\/\/www.eldiario.net\/portal\/wp-content\/uploads\/2026\/09\/41-NAL.webp","articleSection":["Pol\u00edtica"],"inLanguage":"es"},{"@type":"WebPage","@id":"https:\/\/www.eldiario.net\/portal\/2026\/09\/05\/gobierno-plantea-dialogo-o-cumplimiento-de-la-ley-2\/","url":"https:\/\/www.eldiario.net\/portal\/2026\/09\/05\/gobierno-plantea-dialogo-o-cumplimiento-de-la-ley-2\/","name":"Gobierno plantea di\u00e1logo o cumplimiento de la ley - El Diario - Bolivia","isPartOf":{"@id":"https:\/\/www.eldiario.net\/portal\/#website"},"primaryImageOfPage":{"@id":"https:\/\/www.eldiario.net\/portal\/2026\/09\/05\/gobierno-plantea-dialogo-o-cumplimiento-de-la-ley-2\/#primaryimage"},"image":{"@id":"https:\/\/www.eldiario.net\/portal\/2026\/09\/05\/gobierno-plantea-dialogo-o-cumplimiento-de-la-ley-2\/#primaryimage"},"thumbnailUrl":"https:\/\/www.eldiario.net\/portal\/wp-content\/uploads\/2026\/09\/41-NAL.webp","datePublished":"2026-09-05T04:22:40+00:00","breadcrumb":{"@id":"https:\/\/www.eldiario.net\/portal\/2026\/09\/05\/gobierno-plantea-dialogo-o-cumplimiento-de-la-ley-2\/#breadcrumb"},"inLanguage":"es","potentialAction":[{"@type":"ReadAction","target":["https:\/\/www.eldiario.net\/portal\/2026\/09\/05\/gobierno-plantea-dialogo-o-cumplimiento-de-la-ley-2\/"]}]},{"@type":"ImageObject","inLanguage":"es","@id":"https:\/\/www.eldiario.net\/portal\/2026\/09\/05\/gobierno-plantea-dialogo-o-cumplimiento-de-la-ley-2\/#primaryimage","url":"https:\/\/www.eldiario.net\/portal\/wp-content\/uploads\/2026\/09\/41-NAL.webp","contentUrl":"https:\/\/www.eldiario.net\/portal\/wp-content\/uploads\/2026\/09\/41-NAL.webp","width":1003,"height":643},{"@type":"BreadcrumbList","@id":"https:\/\/www.eldiario.net\/portal\/2026\/09\/05\/gobierno-plantea-dialogo-o-cumplimiento-de-la-ley-2\/#breadcrumb","itemListElement":[{"@type":"ListItem","position":1,"name":"Portada","item":"https:\/\/www.eldiario.net\/portal\/"},{"@type":"ListItem","position":2,"name":"Gobierno plantea di\u00e1logo o cumplimiento de la ley"}]},{"@type":"WebSite","@id":"https:\/\/www.eldiario.net\/portal\/#website","url":"https:\/\/www.eldiario.net\/portal\/","name":"El Diario - Decano de la prensa nacional","description":"El Diario - Decano de la prensa nacional","publisher":{"@id":"https:\/\/www.eldiario.net\/portal\/#organization"},"potentialAction":[{"@type":"SearchAction","target":{"@type":"EntryPoint","urlTemplate":"https:\/\/www.eldiario.net\/portal\/?s={search_term_string}"},"query-input":{"@type":"PropertyValueSpecification","valueRequired":true,"valueName":"search_term_string"}}],"inLanguage":"es"},{"@type":"Organization","@id":"https:\/\/www.eldiario.net\/portal\/#organization","name":"El Diario - Decano de la prensa nacional","url":"https:\/\/www.eldiario.net\/portal\/","logo":{"@type":"ImageObject","inLanguage":"es","@id":"https:\/\/www.eldiario.net\/portal\/#\/schema\/logo\/image\/","url":"https:\/\/www.eldiario.net\/portal\/wp-content\/uploads\/2023\/07\/logo_ED.jpg","contentUrl":"https:\/\/www.eldiario.net\/portal\/wp-content\/uploads\/2023\/07\/logo_ED.jpg","width":272,"height":52,"caption":"El Diario - Decano de la prensa nacional"},"image":{"@id":"https:\/\/www.eldiario.net\/portal\/#\/schema\/logo\/image\/"},"sameAs":["https:\/\/www.facebook.com\/eldiario.bolivia\/","https:\/\/x.com\/eldiario_net"]},{"@type":"Person","@id":"https:\/\/www.eldiario.net\/portal\/#\/schema\/person\/2c57cf2b7a7ae032e449e4c9b1019eac","name":"Jeanette","image":{"@type":"ImageObject","inLanguage":"es","@id":"https:\/\/secure.gravatar.com\/avatar\/3ea2118a5f7dad2b7138b1187a6b7ee55f160b9968b66013c3a3ef39dd7e5798?s=96&d=mm&r=g","url":"https:\/\/secure.gravatar.com\/avatar\/3ea2118a5f7dad2b7138b1187a6b7ee55f160b9968b66013c3a3ef39dd7e5798?s=96&d=mm&r=g","contentUrl":"https:\/\/secure.gravatar.com\/avatar\/3ea2118a5f7dad2b7138b1187a6b7ee55f160b9968b66013c3a3ef39dd7e5798?s=96&d=mm&r=g","caption":"Jeanette"},"sameAs":["https:\/\/www.eldiario.net\/portal"],"url":"https:\/\/www.eldiario.net\/portal\/author\/jeanette\/"}]}},"_links":{"self":[{"href":"https:\/\/www.eldiario.net\/portal\/wp-json\/wp\/v2\/posts\/427939","targetHints":{"allow":["GET"]}}],"collection":[{"href":"https:\/\/www.eldiario.net\/portal\/wp-json\/wp\/v2\/posts"}],"about":[{"href":"https:\/\/www.eldiario.net\/portal\/wp-json\/wp\/v2\/types\/post"}],"author":[{"embeddable":true,"href":"https:\/\/www.eldiario.net\/portal\/wp-json\/wp\/v2\/users\/1"}],"replies":[{"embeddable":true,"href":"https:\/\/www.eldiario.net\/portal\/wp-json\/wp\/v2\/comments?post=427939"}],"version-history":[{"count":1,"href":"https:\/\/www.eldiario.net\/portal\/wp-json\/wp\/v2\/posts\/427939\/revisions"}],"predecessor-version":[{"id":427941,"href":"https:\/\/www.eldiario.net\/portal\/wp-json\/wp\/v2\/posts\/427939\/revisions\/427941"}],"wp:featuredmedia":[{"embeddable":true,"href":"https:\/\/www.eldiario.net\/portal\/wp-json\/wp\/v2\/media\/427940"}],"wp:attachment":[{"href":"https:\/\/www.eldiario.net\/portal\/wp-json\/wp\/v2\/media?parent=427939"}],"wp:term":[{"taxonomy":"category","embeddable":true,"href":"https:\/\/www.eldiario.net\/portal\/wp-json\/wp\/v2\/categories?post=427939"},{"taxonomy":"post_tag","embeddable":true,"href":"https:\/\/www.eldiario.net\/portal\/wp-json\/wp\/v2\/tags?post=427939"}],"curies":[{"name":"wp","href":"https:\/\/api.w.org\/{rel}","templated":true}]}}