{"id":427936,"date":"2026-09-05T00:21:59","date_gmt":"2026-09-05T04:21:59","guid":{"rendered":"https:\/\/www.eldiario.net\/portal\/?p=427936"},"modified":"2026-09-05T00:21:59","modified_gmt":"2026-09-05T04:21:59","slug":"bolivia-y-chile-retoman-dialogo-parlamentario-2","status":"publish","type":"post","link":"https:\/\/www.eldiario.net\/portal\/2026\/09\/05\/bolivia-y-chile-retoman-dialogo-parlamentario-2\/","title":{"rendered":"Bolivia y Chile retoman  di\u00e1logo parlamentario"},"content":{"rendered":"<p>Se abordaron asuntos vinculados con la migraci\u00f3n, las condiciones laborales de bolivianos en Chile, la situaci\u00f3n de mujeres bolivianas privadas de libertad y la inscripci\u00f3n de ni\u00f1os en registros oficiales.<br \/>\nParlamentarios de Bolivia y Chile desarrollaron una jornada de cooperaci\u00f3n interparlamentaria en la Asamblea Legislativa Plurinacional (ALP), un espacio de di\u00e1logo que permiti\u00f3 avanzar en una agenda de temas de inter\u00e9s com\u00fan y abrir nuevos canales de trabajo entre ambos pa\u00edses.<br \/>\nLa delegaci\u00f3n chilena estuvo integrada por los senadores Manuel Ossand\u00f3n, presidente de la Comisi\u00f3n de Relaciones Exteriores; Iv\u00e1n Moreira, vicepresidente del Senado; Vlado Mirosevic, representante de Arica y Parinacota; y Mar\u00eda Carvajal, senadora por \u00d1uble.<br \/>\n\u201cCreo que hoy hemos marcado un punto muy importante para el pa\u00eds, para Bolivia, y esperamos que tambi\u00e9n para Chile\u201d, afirm\u00f3 el presidente del Senado, Diego \u00c1vila, quien destac\u00f3 la posibilidad de transformar los problemas compartidos en oportunidades de cooperaci\u00f3n y bienestar para ambos pueblos.<br \/>\nDurante el encuentro se abordaron asuntos vinculados con la migraci\u00f3n, las condiciones laborales de bolivianos en Chile, la situaci\u00f3n de mujeres bolivianas privadas de libertad por delitos menores y la inscripci\u00f3n de ni\u00f1os en registros oficiales. Tambi\u00e9n se incluyeron temas de seguridad, como el tr\u00e1fico de veh\u00edculos robados, adem\u00e1s de asuntos relacionados con el comercio y el tr\u00e1nsito de productos bolivianos por puertos chilenos.<br \/>\n\u201cTenemos una historia, hay que entender esa historia, tenemos que ponernos en el lugar de Bolivia, pero tambi\u00e9n tenemos que enfrentar el futuro\u201d, se\u00f1al\u00f3 el vicepresidente del Senado de Chile, Iv\u00e1n Moreira, quien destac\u00f3 la recepci\u00f3n recibida por la delegaci\u00f3n y afirm\u00f3: \u201cSobre la base de la verdad, quiero que sepan que podemos iniciar una nueva etapa. Est\u00e1n todas las condiciones\u201d.<br \/>\nEl legislador chileno remarc\u00f3 adem\u00e1s que la delegaci\u00f3n representa distintas posiciones pol\u00edticas, pero existe una voluntad com\u00fan de avanzar en la relaci\u00f3n bilateral. \u201cEstamos con ustedes y estamos comprometidos a que se avance para tener una mejor relaci\u00f3n\u201d, asever\u00f3.<br \/>\n\u00c1vila indic\u00f3 que el encuentro permiti\u00f3 identificar nuevas oportunidades de trabajo conjunto y anunci\u00f3 que la Comisi\u00f3n de Relaciones Internacionales del Senado de Bolivia recibi\u00f3 una invitaci\u00f3n para continuar este di\u00e1logo en Santiago de Chile. \u201cCreemos que la reuni\u00f3n fue muy provechosa y el principio de una relaci\u00f3n que esperamos se profundice\u201d, sostuvo.<\/p>\n","protected":false},"excerpt":{"rendered":"<p>Se abordaron asuntos vinculados con la migraci\u00f3n, las condiciones laborales de bolivianos en Chile, la situaci\u00f3n de mujeres bolivianas privadas de libertad y la inscripci\u00f3n de ni\u00f1os en registros oficiales. Parlamentarios de Bolivia y Chile desarrollaron una jornada de cooperaci\u00f3n interparlamentaria en la Asamblea Legislativa Plurinacional (ALP), un espacio de di\u00e1logo que permiti\u00f3 avanzar en [&hellip;]<\/p>\n","protected":false},"author":1,"featured_media":427937,"comment_status":"closed","ping_status":"open","sticky":false,"template":"","format":"standard","meta":{"_acf_changed":false,"footnotes":""},"categories":[14],"tags":[],"class_list":["post-427936","post","type-post","status-publish","format-standard","has-post-thumbnail","category-politica"],"acf":{"antetitulo":"Para avanzar en relaci\u00f3n bilateral"},"yoast_head":"<!-- This site is optimized with the Yoast SEO plugin v28.4 - https:\/\/yoast.com\/product\/yoast-seo-wordpress\/ -->\n<title>Bolivia y Chile retoman di\u00e1logo parlamentario - El Diario - Bolivia<\/title>\n<meta name=\"robots\" content=\"index, follow, max-snippet:-1, max-image-preview:large, max-video-preview:-1\" \/>\n<link rel=\"canonical\" href=\"https:\/\/www.eldiario.net\/portal\/2026\/09\/05\/bolivia-y-chile-retoman-dialogo-parlamentario-2\/\" \/>\n<meta property=\"og:locale\" content=\"es_ES\" \/>\n<meta property=\"og:type\" content=\"article\" \/>\n<meta property=\"og:title\" content=\"Bolivia y Chile retoman di\u00e1logo parlamentario - El Diario - Bolivia\" \/>\n<meta property=\"og:description\" content=\"Se abordaron asuntos vinculados con la migraci\u00f3n, las condiciones laborales de bolivianos en Chile, la situaci\u00f3n de mujeres bolivianas privadas de libertad y la inscripci\u00f3n de ni\u00f1os en registros oficiales. Parlamentarios de Bolivia y Chile desarrollaron una jornada de cooperaci\u00f3n interparlamentaria en la Asamblea Legislativa Plurinacional (ALP), un espacio de di\u00e1logo que permiti\u00f3 avanzar en [&hellip;]\" \/>\n<meta property=\"og:url\" content=\"https:\/\/www.eldiario.net\/portal\/2026\/09\/05\/bolivia-y-chile-retoman-dialogo-parlamentario-2\/\" \/>\n<meta property=\"og:site_name\" content=\"El Diario - Bolivia\" \/>\n<meta property=\"article:publisher\" content=\"https:\/\/www.facebook.com\/eldiario.bolivia\/\" \/>\n<meta property=\"article:published_time\" content=\"2026-09-05T04:21:59+00:00\" \/>\n<meta property=\"og:image\" content=\"https:\/\/www.eldiario.net\/portal\/wp-content\/uploads\/2026\/09\/43-POL.webp\" \/>\n\t<meta property=\"og:image:width\" content=\"1280\" \/>\n\t<meta property=\"og:image:height\" content=\"811\" \/>\n\t<meta property=\"og:image:type\" content=\"image\/webp\" \/>\n<meta name=\"author\" content=\"Jeanette\" \/>\n<meta name=\"twitter:card\" content=\"summary_large_image\" \/>\n<meta name=\"twitter:creator\" content=\"@eldiario_net\" \/>\n<meta name=\"twitter:site\" content=\"@eldiario_net\" \/>\n<meta name=\"twitter:label1\" content=\"Escrito por\" \/>\n\t<meta name=\"twitter:data1\" content=\"Jeanette\" \/>\n\t<meta name=\"twitter:label2\" content=\"Tiempo de lectura\" \/>\n\t<meta name=\"twitter:data2\" content=\"2 minutos\" \/>\n<script type=\"application\/ld+json\" class=\"yoast-schema-graph\">{\"@context\":\"https:\\\/\\\/schema.org\",\"@graph\":[{\"@type\":\"Article\",\"@id\":\"https:\\\/\\\/www.eldiario.net\\\/portal\\\/2026\\\/09\\\/05\\\/bolivia-y-chile-retoman-dialogo-parlamentario-2\\\/#article\",\"isPartOf\":{\"@id\":\"https:\\\/\\\/www.eldiario.net\\\/portal\\\/2026\\\/09\\\/05\\\/bolivia-y-chile-retoman-dialogo-parlamentario-2\\\/\"},\"author\":{\"name\":\"Jeanette\",\"@id\":\"https:\\\/\\\/www.eldiario.net\\\/portal\\\/#\\\/schema\\\/person\\\/2c57cf2b7a7ae032e449e4c9b1019eac\"},\"headline\":\"Bolivia y Chile retoman di\u00e1logo parlamentario\",\"datePublished\":\"2026-09-05T04:21:59+00:00\",\"mainEntityOfPage\":{\"@id\":\"https:\\\/\\\/www.eldiario.net\\\/portal\\\/2026\\\/09\\\/05\\\/bolivia-y-chile-retoman-dialogo-parlamentario-2\\\/\"},\"wordCount\":418,\"publisher\":{\"@id\":\"https:\\\/\\\/www.eldiario.net\\\/portal\\\/#organization\"},\"image\":{\"@id\":\"https:\\\/\\\/www.eldiario.net\\\/portal\\\/2026\\\/09\\\/05\\\/bolivia-y-chile-retoman-dialogo-parlamentario-2\\\/#primaryimage\"},\"thumbnailUrl\":\"https:\\\/\\\/www.eldiario.net\\\/portal\\\/wp-content\\\/uploads\\\/2026\\\/09\\\/43-POL.webp\",\"articleSection\":[\"Pol\u00edtica\"],\"inLanguage\":\"es\"},{\"@type\":\"WebPage\",\"@id\":\"https:\\\/\\\/www.eldiario.net\\\/portal\\\/2026\\\/09\\\/05\\\/bolivia-y-chile-retoman-dialogo-parlamentario-2\\\/\",\"url\":\"https:\\\/\\\/www.eldiario.net\\\/portal\\\/2026\\\/09\\\/05\\\/bolivia-y-chile-retoman-dialogo-parlamentario-2\\\/\",\"name\":\"Bolivia y Chile retoman di\u00e1logo parlamentario - El Diario - Bolivia\",\"isPartOf\":{\"@id\":\"https:\\\/\\\/www.eldiario.net\\\/portal\\\/#website\"},\"primaryImageOfPage\":{\"@id\":\"https:\\\/\\\/www.eldiario.net\\\/portal\\\/2026\\\/09\\\/05\\\/bolivia-y-chile-retoman-dialogo-parlamentario-2\\\/#primaryimage\"},\"image\":{\"@id\":\"https:\\\/\\\/www.eldiario.net\\\/portal\\\/2026\\\/09\\\/05\\\/bolivia-y-chile-retoman-dialogo-parlamentario-2\\\/#primaryimage\"},\"thumbnailUrl\":\"https:\\\/\\\/www.eldiario.net\\\/portal\\\/wp-content\\\/uploads\\\/2026\\\/09\\\/43-POL.webp\",\"datePublished\":\"2026-09-05T04:21:59+00:00\",\"breadcrumb\":{\"@id\":\"https:\\\/\\\/www.eldiario.net\\\/portal\\\/2026\\\/09\\\/05\\\/bolivia-y-chile-retoman-dialogo-parlamentario-2\\\/#breadcrumb\"},\"inLanguage\":\"es\",\"potentialAction\":[{\"@type\":\"ReadAction\",\"target\":[\"https:\\\/\\\/www.eldiario.net\\\/portal\\\/2026\\\/09\\\/05\\\/bolivia-y-chile-retoman-dialogo-parlamentario-2\\\/\"]}]},{\"@type\":\"ImageObject\",\"inLanguage\":\"es\",\"@id\":\"https:\\\/\\\/www.eldiario.net\\\/portal\\\/2026\\\/09\\\/05\\\/bolivia-y-chile-retoman-dialogo-parlamentario-2\\\/#primaryimage\",\"url\":\"https:\\\/\\\/www.eldiario.net\\\/portal\\\/wp-content\\\/uploads\\\/2026\\\/09\\\/43-POL.webp\",\"contentUrl\":\"https:\\\/\\\/www.eldiario.net\\\/portal\\\/wp-content\\\/uploads\\\/2026\\\/09\\\/43-POL.webp\",\"width\":1280,\"height\":811,\"caption\":\"Reuni\u00f3n de cooperaci\u00f3n interparlamentaria\"},{\"@type\":\"BreadcrumbList\",\"@id\":\"https:\\\/\\\/www.eldiario.net\\\/portal\\\/2026\\\/09\\\/05\\\/bolivia-y-chile-retoman-dialogo-parlamentario-2\\\/#breadcrumb\",\"itemListElement\":[{\"@type\":\"ListItem\",\"position\":1,\"name\":\"Portada\",\"item\":\"https:\\\/\\\/www.eldiario.net\\\/portal\\\/\"},{\"@type\":\"ListItem\",\"position\":2,\"name\":\"Bolivia y Chile retoman di\u00e1logo parlamentario\"}]},{\"@type\":\"WebSite\",\"@id\":\"https:\\\/\\\/www.eldiario.net\\\/portal\\\/#website\",\"url\":\"https:\\\/\\\/www.eldiario.net\\\/portal\\\/\",\"name\":\"El Diario - Decano de la prensa nacional\",\"description\":\"El Diario - Decano de la prensa nacional\",\"publisher\":{\"@id\":\"https:\\\/\\\/www.eldiario.net\\\/portal\\\/#organization\"},\"potentialAction\":[{\"@type\":\"SearchAction\",\"target\":{\"@type\":\"EntryPoint\",\"urlTemplate\":\"https:\\\/\\\/www.eldiario.net\\\/portal\\\/?s={search_term_string}\"},\"query-input\":{\"@type\":\"PropertyValueSpecification\",\"valueRequired\":true,\"valueName\":\"search_term_string\"}}],\"inLanguage\":\"es\"},{\"@type\":\"Organization\",\"@id\":\"https:\\\/\\\/www.eldiario.net\\\/portal\\\/#organization\",\"name\":\"El Diario - Decano de la prensa nacional\",\"url\":\"https:\\\/\\\/www.eldiario.net\\\/portal\\\/\",\"logo\":{\"@type\":\"ImageObject\",\"inLanguage\":\"es\",\"@id\":\"https:\\\/\\\/www.eldiario.net\\\/portal\\\/#\\\/schema\\\/logo\\\/image\\\/\",\"url\":\"https:\\\/\\\/www.eldiario.net\\\/portal\\\/wp-content\\\/uploads\\\/2023\\\/07\\\/logo_ED.jpg\",\"contentUrl\":\"https:\\\/\\\/www.eldiario.net\\\/portal\\\/wp-content\\\/uploads\\\/2023\\\/07\\\/logo_ED.jpg\",\"width\":272,\"height\":52,\"caption\":\"El Diario - Decano de la prensa nacional\"},\"image\":{\"@id\":\"https:\\\/\\\/www.eldiario.net\\\/portal\\\/#\\\/schema\\\/logo\\\/image\\\/\"},\"sameAs\":[\"https:\\\/\\\/www.facebook.com\\\/eldiario.bolivia\\\/\",\"https:\\\/\\\/x.com\\\/eldiario_net\"]},{\"@type\":\"Person\",\"@id\":\"https:\\\/\\\/www.eldiario.net\\\/portal\\\/#\\\/schema\\\/person\\\/2c57cf2b7a7ae032e449e4c9b1019eac\",\"name\":\"Jeanette\",\"image\":{\"@type\":\"ImageObject\",\"inLanguage\":\"es\",\"@id\":\"https:\\\/\\\/secure.gravatar.com\\\/avatar\\\/3ea2118a5f7dad2b7138b1187a6b7ee55f160b9968b66013c3a3ef39dd7e5798?s=96&d=mm&r=g\",\"url\":\"https:\\\/\\\/secure.gravatar.com\\\/avatar\\\/3ea2118a5f7dad2b7138b1187a6b7ee55f160b9968b66013c3a3ef39dd7e5798?s=96&d=mm&r=g\",\"contentUrl\":\"https:\\\/\\\/secure.gravatar.com\\\/avatar\\\/3ea2118a5f7dad2b7138b1187a6b7ee55f160b9968b66013c3a3ef39dd7e5798?s=96&d=mm&r=g\",\"caption\":\"Jeanette\"},\"sameAs\":[\"https:\\\/\\\/www.eldiario.net\\\/portal\"],\"url\":\"https:\\\/\\\/www.eldiario.net\\\/portal\\\/author\\\/jeanette\\\/\"}]}<\/script>\n<!-- \/ Yoast SEO plugin. -->","yoast_head_json":{"title":"Bolivia y Chile retoman di\u00e1logo parlamentario - El Diario - Bolivia","robots":{"index":"index","follow":"follow","max-snippet":"max-snippet:-1","max-image-preview":"max-image-preview:large","max-video-preview":"max-video-preview:-1"},"canonical":"https:\/\/www.eldiario.net\/portal\/2026\/09\/05\/bolivia-y-chile-retoman-dialogo-parlamentario-2\/","og_locale":"es_ES","og_type":"article","og_title":"Bolivia y Chile retoman di\u00e1logo parlamentario - El Diario - Bolivia","og_description":"Se abordaron asuntos vinculados con la migraci\u00f3n, las condiciones laborales de bolivianos en Chile, la situaci\u00f3n de mujeres bolivianas privadas de libertad y la inscripci\u00f3n de ni\u00f1os en registros oficiales. Parlamentarios de Bolivia y Chile desarrollaron una jornada de cooperaci\u00f3n interparlamentaria en la Asamblea Legislativa Plurinacional (ALP), un espacio de di\u00e1logo que permiti\u00f3 avanzar en [&hellip;]","og_url":"https:\/\/www.eldiario.net\/portal\/2026\/09\/05\/bolivia-y-chile-retoman-dialogo-parlamentario-2\/","og_site_name":"El Diario - Bolivia","article_publisher":"https:\/\/www.facebook.com\/eldiario.bolivia\/","article_published_time":"2026-09-05T04:21:59+00:00","og_image":[{"width":1280,"height":811,"url":"https:\/\/www.eldiario.net\/portal\/wp-content\/uploads\/2026\/09\/43-POL.webp","type":"image\/webp"}],"author":"Jeanette","twitter_card":"summary_large_image","twitter_creator":"@eldiario_net","twitter_site":"@eldiario_net","twitter_misc":{"Escrito por":"Jeanette","Tiempo de lectura":"2 minutos"},"schema":{"@context":"https:\/\/schema.org","@graph":[{"@type":"Article","@id":"https:\/\/www.eldiario.net\/portal\/2026\/09\/05\/bolivia-y-chile-retoman-dialogo-parlamentario-2\/#article","isPartOf":{"@id":"https:\/\/www.eldiario.net\/portal\/2026\/09\/05\/bolivia-y-chile-retoman-dialogo-parlamentario-2\/"},"author":{"name":"Jeanette","@id":"https:\/\/www.eldiario.net\/portal\/#\/schema\/person\/2c57cf2b7a7ae032e449e4c9b1019eac"},"headline":"Bolivia y Chile retoman di\u00e1logo parlamentario","datePublished":"2026-09-05T04:21:59+00:00","mainEntityOfPage":{"@id":"https:\/\/www.eldiario.net\/portal\/2026\/09\/05\/bolivia-y-chile-retoman-dialogo-parlamentario-2\/"},"wordCount":418,"publisher":{"@id":"https:\/\/www.eldiario.net\/portal\/#organization"},"image":{"@id":"https:\/\/www.eldiario.net\/portal\/2026\/09\/05\/bolivia-y-chile-retoman-dialogo-parlamentario-2\/#primaryimage"},"thumbnailUrl":"https:\/\/www.eldiario.net\/portal\/wp-content\/uploads\/2026\/09\/43-POL.webp","articleSection":["Pol\u00edtica"],"inLanguage":"es"},{"@type":"WebPage","@id":"https:\/\/www.eldiario.net\/portal\/2026\/09\/05\/bolivia-y-chile-retoman-dialogo-parlamentario-2\/","url":"https:\/\/www.eldiario.net\/portal\/2026\/09\/05\/bolivia-y-chile-retoman-dialogo-parlamentario-2\/","name":"Bolivia y Chile retoman di\u00e1logo parlamentario - El Diario - Bolivia","isPartOf":{"@id":"https:\/\/www.eldiario.net\/portal\/#website"},"primaryImageOfPage":{"@id":"https:\/\/www.eldiario.net\/portal\/2026\/09\/05\/bolivia-y-chile-retoman-dialogo-parlamentario-2\/#primaryimage"},"image":{"@id":"https:\/\/www.eldiario.net\/portal\/2026\/09\/05\/bolivia-y-chile-retoman-dialogo-parlamentario-2\/#primaryimage"},"thumbnailUrl":"https:\/\/www.eldiario.net\/portal\/wp-content\/uploads\/2026\/09\/43-POL.webp","datePublished":"2026-09-05T04:21:59+00:00","breadcrumb":{"@id":"https:\/\/www.eldiario.net\/portal\/2026\/09\/05\/bolivia-y-chile-retoman-dialogo-parlamentario-2\/#breadcrumb"},"inLanguage":"es","potentialAction":[{"@type":"ReadAction","target":["https:\/\/www.eldiario.net\/portal\/2026\/09\/05\/bolivia-y-chile-retoman-dialogo-parlamentario-2\/"]}]},{"@type":"ImageObject","inLanguage":"es","@id":"https:\/\/www.eldiario.net\/portal\/2026\/09\/05\/bolivia-y-chile-retoman-dialogo-parlamentario-2\/#primaryimage","url":"https:\/\/www.eldiario.net\/portal\/wp-content\/uploads\/2026\/09\/43-POL.webp","contentUrl":"https:\/\/www.eldiario.net\/portal\/wp-content\/uploads\/2026\/09\/43-POL.webp","width":1280,"height":811,"caption":"Reuni\u00f3n de cooperaci\u00f3n interparlamentaria"},{"@type":"BreadcrumbList","@id":"https:\/\/www.eldiario.net\/portal\/2026\/09\/05\/bolivia-y-chile-retoman-dialogo-parlamentario-2\/#breadcrumb","itemListElement":[{"@type":"ListItem","position":1,"name":"Portada","item":"https:\/\/www.eldiario.net\/portal\/"},{"@type":"ListItem","position":2,"name":"Bolivia y Chile retoman di\u00e1logo parlamentario"}]},{"@type":"WebSite","@id":"https:\/\/www.eldiario.net\/portal\/#website","url":"https:\/\/www.eldiario.net\/portal\/","name":"El Diario - Decano de la prensa nacional","description":"El Diario - Decano de la prensa nacional","publisher":{"@id":"https:\/\/www.eldiario.net\/portal\/#organization"},"potentialAction":[{"@type":"SearchAction","target":{"@type":"EntryPoint","urlTemplate":"https:\/\/www.eldiario.net\/portal\/?s={search_term_string}"},"query-input":{"@type":"PropertyValueSpecification","valueRequired":true,"valueName":"search_term_string"}}],"inLanguage":"es"},{"@type":"Organization","@id":"https:\/\/www.eldiario.net\/portal\/#organization","name":"El Diario - Decano de la prensa nacional","url":"https:\/\/www.eldiario.net\/portal\/","logo":{"@type":"ImageObject","inLanguage":"es","@id":"https:\/\/www.eldiario.net\/portal\/#\/schema\/logo\/image\/","url":"https:\/\/www.eldiario.net\/portal\/wp-content\/uploads\/2023\/07\/logo_ED.jpg","contentUrl":"https:\/\/www.eldiario.net\/portal\/wp-content\/uploads\/2023\/07\/logo_ED.jpg","width":272,"height":52,"caption":"El Diario - Decano de la prensa nacional"},"image":{"@id":"https:\/\/www.eldiario.net\/portal\/#\/schema\/logo\/image\/"},"sameAs":["https:\/\/www.facebook.com\/eldiario.bolivia\/","https:\/\/x.com\/eldiario_net"]},{"@type":"Person","@id":"https:\/\/www.eldiario.net\/portal\/#\/schema\/person\/2c57cf2b7a7ae032e449e4c9b1019eac","name":"Jeanette","image":{"@type":"ImageObject","inLanguage":"es","@id":"https:\/\/secure.gravatar.com\/avatar\/3ea2118a5f7dad2b7138b1187a6b7ee55f160b9968b66013c3a3ef39dd7e5798?s=96&d=mm&r=g","url":"https:\/\/secure.gravatar.com\/avatar\/3ea2118a5f7dad2b7138b1187a6b7ee55f160b9968b66013c3a3ef39dd7e5798?s=96&d=mm&r=g","contentUrl":"https:\/\/secure.gravatar.com\/avatar\/3ea2118a5f7dad2b7138b1187a6b7ee55f160b9968b66013c3a3ef39dd7e5798?s=96&d=mm&r=g","caption":"Jeanette"},"sameAs":["https:\/\/www.eldiario.net\/portal"],"url":"https:\/\/www.eldiario.net\/portal\/author\/jeanette\/"}]}},"_links":{"self":[{"href":"https:\/\/www.eldiario.net\/portal\/wp-json\/wp\/v2\/posts\/427936","targetHints":{"allow":["GET"]}}],"collection":[{"href":"https:\/\/www.eldiario.net\/portal\/wp-json\/wp\/v2\/posts"}],"about":[{"href":"https:\/\/www.eldiario.net\/portal\/wp-json\/wp\/v2\/types\/post"}],"author":[{"embeddable":true,"href":"https:\/\/www.eldiario.net\/portal\/wp-json\/wp\/v2\/users\/1"}],"replies":[{"embeddable":true,"href":"https:\/\/www.eldiario.net\/portal\/wp-json\/wp\/v2\/comments?post=427936"}],"version-history":[{"count":1,"href":"https:\/\/www.eldiario.net\/portal\/wp-json\/wp\/v2\/posts\/427936\/revisions"}],"predecessor-version":[{"id":427938,"href":"https:\/\/www.eldiario.net\/portal\/wp-json\/wp\/v2\/posts\/427936\/revisions\/427938"}],"wp:featuredmedia":[{"embeddable":true,"href":"https:\/\/www.eldiario.net\/portal\/wp-json\/wp\/v2\/media\/427937"}],"wp:attachment":[{"href":"https:\/\/www.eldiario.net\/portal\/wp-json\/wp\/v2\/media?parent=427936"}],"wp:term":[{"taxonomy":"category","embeddable":true,"href":"https:\/\/www.eldiario.net\/portal\/wp-json\/wp\/v2\/categories?post=427936"},{"taxonomy":"post_tag","embeddable":true,"href":"https:\/\/www.eldiario.net\/portal\/wp-json\/wp\/v2\/tags?post=427936"}],"curies":[{"name":"wp","href":"https:\/\/api.w.org\/{rel}","templated":true}]}}