{"id":427933,"date":"2026-09-05T00:21:20","date_gmt":"2026-09-05T04:21:20","guid":{"rendered":"https:\/\/www.eldiario.net\/portal\/?p=427933"},"modified":"2026-09-05T00:21:20","modified_gmt":"2026-09-05T04:21:20","slug":"paz-insta-al-legislativo-apoyar-la-recuperacion-economica-del-pais","status":"publish","type":"post","link":"https:\/\/www.eldiario.net\/portal\/2026\/09\/05\/paz-insta-al-legislativo-apoyar-la-recuperacion-economica-del-pais\/","title":{"rendered":"Paz insta al Legislativo apoyar la  recuperaci\u00f3n econ\u00f3mica del pa\u00eds"},"content":{"rendered":"<p>Reiterando el pedido para que asamble\u00edstas nacionales viabilicen la aprobaci\u00f3n del acuerdo de financiamiento con el Fondo Monetario Internacional (FMI) por $us 1.900 millones, cuyo proyecto de ley ya fue remitido a la Asamblea Legislativa Plurinacional (ALP), el presidente Rodrigo Paz pidi\u00f3 responsabilidad para garantizar recursos que permitan la recuperaci\u00f3n econ\u00f3mica del pa\u00eds.<br \/>\n\u201cEl acuerdo t\u00e9cnico que se ha alcanzado con el Fondo Monetario Internacional es un paso muy importante. Eso no modifica la soberan\u00eda en la pol\u00edtica econ\u00f3mica que nosotros tenemos. De hecho, es un voto de confianza a la direcci\u00f3n que hemos tomado de la reforma de la econom\u00eda y del Estado\u201d, afirm\u00f3 el primer mandatario durante la inauguraci\u00f3n de la Feria La Paz Expone.<br \/>\nAdem\u00e1s, explic\u00f3 que el acuerdo con el FMI forma parte de un conjunto de medidas destinadas a estabilizar la econom\u00eda boliviana y generar condiciones para acceder a nuevas fuentes de financiamiento. \u201cUna de estas medidas es que el acuerdo con el Fondo no solo va a permitir 1.900 millones de d\u00f3lares (\u2026) va a significar la apertura a m\u00e1s de 7.000 millones de d\u00f3lares que vendr\u00e1n a trav\u00e9s de la CAF, el BID, el Banco Mundial y otras instituciones\u201d, se\u00f1al\u00f3 el mandatario.<br \/>\nEn ese marco, pidi\u00f3 al \u00d3rgano Legislativo debatir y aprobar todas las normas que permitan fortalecer las capacidades productivas del pa\u00eds y atraer inversi\u00f3n, entre ellas las leyes de Hidrocarburos, Miner\u00eda e Inversiones. \u201cHacemos votos para que a la brevedad puedan tratar esta ley y pueda ser aprobada&#8230; Retrasar la aprobaci\u00f3n significa retrasar obras, inversi\u00f3n p\u00fablica y servicios para la poblaci\u00f3n\u201d, dijo.<br \/>\nEl primer mandatario remarc\u00f3 que los recursos que se gestionen mediante estos mecanismos de financiamiento deben contribuir al desarrollo del pa\u00eds y a la ejecuci\u00f3n de obras y proyectos en los diferentes departamentos, como parte de una estrategia para recuperar la capacidad de crecimiento de la econom\u00eda.<br \/>\nActualmente, el Proyecto de Ley 723\/2026, relacionado con el acuerdo de pr\u00e9stamo con el Fondo Monetario Internacional, se encuentra en la Comisi\u00f3n de Planificaci\u00f3n, Pol\u00edtica Econ\u00f3mica y Finanzas de la C\u00e1mara de Diputados, instancia que deber\u00e1 realizar el tratamiento correspondiente antes de continuar con su tr\u00e1mite legislativo.<\/p>\n","protected":false},"excerpt":{"rendered":"<p>Reiterando el pedido para que asamble\u00edstas nacionales viabilicen la aprobaci\u00f3n del acuerdo de financiamiento con el Fondo Monetario Internacional (FMI) por $us 1.900 millones, cuyo proyecto de ley ya fue remitido a la Asamblea Legislativa Plurinacional (ALP), el presidente Rodrigo Paz pidi\u00f3 responsabilidad para garantizar recursos que permitan la recuperaci\u00f3n econ\u00f3mica del pa\u00eds. \u201cEl acuerdo [&hellip;]<\/p>\n","protected":false},"author":1,"featured_media":427934,"comment_status":"closed","ping_status":"open","sticky":false,"template":"","format":"standard","meta":{"_acf_changed":false,"footnotes":""},"categories":[14],"tags":[],"class_list":["post-427933","post","type-post","status-publish","format-standard","has-post-thumbnail","category-politica"],"acf":{"antetitulo":"Aprobando acuerdo con el FMI"},"yoast_head":"<!-- This site is optimized with the Yoast SEO plugin v28.4 - https:\/\/yoast.com\/product\/yoast-seo-wordpress\/ -->\n<title>Paz insta al Legislativo apoyar la recuperaci\u00f3n econ\u00f3mica del pa\u00eds - El Diario - Bolivia<\/title>\n<meta name=\"robots\" content=\"index, follow, max-snippet:-1, max-image-preview:large, max-video-preview:-1\" \/>\n<link rel=\"canonical\" href=\"https:\/\/www.eldiario.net\/portal\/2026\/09\/05\/paz-insta-al-legislativo-apoyar-la-recuperacion-economica-del-pais\/\" \/>\n<meta property=\"og:locale\" content=\"es_ES\" \/>\n<meta property=\"og:type\" content=\"article\" \/>\n<meta property=\"og:title\" content=\"Paz insta al Legislativo apoyar la recuperaci\u00f3n econ\u00f3mica del pa\u00eds - El Diario - Bolivia\" \/>\n<meta property=\"og:description\" content=\"Reiterando el pedido para que asamble\u00edstas nacionales viabilicen la aprobaci\u00f3n del acuerdo de financiamiento con el Fondo Monetario Internacional (FMI) por $us 1.900 millones, cuyo proyecto de ley ya fue remitido a la Asamblea Legislativa Plurinacional (ALP), el presidente Rodrigo Paz pidi\u00f3 responsabilidad para garantizar recursos que permitan la recuperaci\u00f3n econ\u00f3mica del pa\u00eds. \u201cEl acuerdo [&hellip;]\" \/>\n<meta property=\"og:url\" content=\"https:\/\/www.eldiario.net\/portal\/2026\/09\/05\/paz-insta-al-legislativo-apoyar-la-recuperacion-economica-del-pais\/\" \/>\n<meta property=\"og:site_name\" content=\"El Diario - Bolivia\" \/>\n<meta property=\"article:publisher\" content=\"https:\/\/www.facebook.com\/eldiario.bolivia\/\" \/>\n<meta property=\"article:published_time\" content=\"2026-09-05T04:21:20+00:00\" \/>\n<meta property=\"og:image\" content=\"https:\/\/www.eldiario.net\/portal\/wp-content\/uploads\/2026\/09\/42-POL-2.webp\" \/>\n\t<meta property=\"og:image:width\" content=\"962\" \/>\n\t<meta property=\"og:image:height\" content=\"545\" \/>\n\t<meta property=\"og:image:type\" content=\"image\/webp\" \/>\n<meta name=\"author\" content=\"Jeanette\" \/>\n<meta name=\"twitter:card\" content=\"summary_large_image\" \/>\n<meta name=\"twitter:creator\" content=\"@eldiario_net\" \/>\n<meta name=\"twitter:site\" content=\"@eldiario_net\" \/>\n<meta name=\"twitter:label1\" content=\"Escrito por\" \/>\n\t<meta name=\"twitter:data1\" content=\"Jeanette\" \/>\n\t<meta name=\"twitter:label2\" content=\"Tiempo de lectura\" \/>\n\t<meta name=\"twitter:data2\" content=\"2 minutos\" \/>\n<script type=\"application\/ld+json\" class=\"yoast-schema-graph\">{\"@context\":\"https:\\\/\\\/schema.org\",\"@graph\":[{\"@type\":\"Article\",\"@id\":\"https:\\\/\\\/www.eldiario.net\\\/portal\\\/2026\\\/09\\\/05\\\/paz-insta-al-legislativo-apoyar-la-recuperacion-economica-del-pais\\\/#article\",\"isPartOf\":{\"@id\":\"https:\\\/\\\/www.eldiario.net\\\/portal\\\/2026\\\/09\\\/05\\\/paz-insta-al-legislativo-apoyar-la-recuperacion-economica-del-pais\\\/\"},\"author\":{\"name\":\"Jeanette\",\"@id\":\"https:\\\/\\\/www.eldiario.net\\\/portal\\\/#\\\/schema\\\/person\\\/2c57cf2b7a7ae032e449e4c9b1019eac\"},\"headline\":\"Paz insta al Legislativo apoyar la recuperaci\u00f3n econ\u00f3mica del pa\u00eds\",\"datePublished\":\"2026-09-05T04:21:20+00:00\",\"mainEntityOfPage\":{\"@id\":\"https:\\\/\\\/www.eldiario.net\\\/portal\\\/2026\\\/09\\\/05\\\/paz-insta-al-legislativo-apoyar-la-recuperacion-economica-del-pais\\\/\"},\"wordCount\":400,\"publisher\":{\"@id\":\"https:\\\/\\\/www.eldiario.net\\\/portal\\\/#organization\"},\"image\":{\"@id\":\"https:\\\/\\\/www.eldiario.net\\\/portal\\\/2026\\\/09\\\/05\\\/paz-insta-al-legislativo-apoyar-la-recuperacion-economica-del-pais\\\/#primaryimage\"},\"thumbnailUrl\":\"https:\\\/\\\/www.eldiario.net\\\/portal\\\/wp-content\\\/uploads\\\/2026\\\/09\\\/42-POL-2.webp\",\"articleSection\":[\"Pol\u00edtica\"],\"inLanguage\":\"es\"},{\"@type\":\"WebPage\",\"@id\":\"https:\\\/\\\/www.eldiario.net\\\/portal\\\/2026\\\/09\\\/05\\\/paz-insta-al-legislativo-apoyar-la-recuperacion-economica-del-pais\\\/\",\"url\":\"https:\\\/\\\/www.eldiario.net\\\/portal\\\/2026\\\/09\\\/05\\\/paz-insta-al-legislativo-apoyar-la-recuperacion-economica-del-pais\\\/\",\"name\":\"Paz insta al Legislativo apoyar la recuperaci\u00f3n econ\u00f3mica del pa\u00eds - El Diario - Bolivia\",\"isPartOf\":{\"@id\":\"https:\\\/\\\/www.eldiario.net\\\/portal\\\/#website\"},\"primaryImageOfPage\":{\"@id\":\"https:\\\/\\\/www.eldiario.net\\\/portal\\\/2026\\\/09\\\/05\\\/paz-insta-al-legislativo-apoyar-la-recuperacion-economica-del-pais\\\/#primaryimage\"},\"image\":{\"@id\":\"https:\\\/\\\/www.eldiario.net\\\/portal\\\/2026\\\/09\\\/05\\\/paz-insta-al-legislativo-apoyar-la-recuperacion-economica-del-pais\\\/#primaryimage\"},\"thumbnailUrl\":\"https:\\\/\\\/www.eldiario.net\\\/portal\\\/wp-content\\\/uploads\\\/2026\\\/09\\\/42-POL-2.webp\",\"datePublished\":\"2026-09-05T04:21:20+00:00\",\"breadcrumb\":{\"@id\":\"https:\\\/\\\/www.eldiario.net\\\/portal\\\/2026\\\/09\\\/05\\\/paz-insta-al-legislativo-apoyar-la-recuperacion-economica-del-pais\\\/#breadcrumb\"},\"inLanguage\":\"es\",\"potentialAction\":[{\"@type\":\"ReadAction\",\"target\":[\"https:\\\/\\\/www.eldiario.net\\\/portal\\\/2026\\\/09\\\/05\\\/paz-insta-al-legislativo-apoyar-la-recuperacion-economica-del-pais\\\/\"]}]},{\"@type\":\"ImageObject\",\"inLanguage\":\"es\",\"@id\":\"https:\\\/\\\/www.eldiario.net\\\/portal\\\/2026\\\/09\\\/05\\\/paz-insta-al-legislativo-apoyar-la-recuperacion-economica-del-pais\\\/#primaryimage\",\"url\":\"https:\\\/\\\/www.eldiario.net\\\/portal\\\/wp-content\\\/uploads\\\/2026\\\/09\\\/42-POL-2.webp\",\"contentUrl\":\"https:\\\/\\\/www.eldiario.net\\\/portal\\\/wp-content\\\/uploads\\\/2026\\\/09\\\/42-POL-2.webp\",\"width\":962,\"height\":545,\"caption\":\"El presidente del Estado, Rodrigo Paz Pereira, ayer en el foro de Cainco.\"},{\"@type\":\"BreadcrumbList\",\"@id\":\"https:\\\/\\\/www.eldiario.net\\\/portal\\\/2026\\\/09\\\/05\\\/paz-insta-al-legislativo-apoyar-la-recuperacion-economica-del-pais\\\/#breadcrumb\",\"itemListElement\":[{\"@type\":\"ListItem\",\"position\":1,\"name\":\"Portada\",\"item\":\"https:\\\/\\\/www.eldiario.net\\\/portal\\\/\"},{\"@type\":\"ListItem\",\"position\":2,\"name\":\"Paz insta al Legislativo apoyar la recuperaci\u00f3n econ\u00f3mica del pa\u00eds\"}]},{\"@type\":\"WebSite\",\"@id\":\"https:\\\/\\\/www.eldiario.net\\\/portal\\\/#website\",\"url\":\"https:\\\/\\\/www.eldiario.net\\\/portal\\\/\",\"name\":\"El Diario - Decano de la prensa nacional\",\"description\":\"El Diario - Decano de la prensa nacional\",\"publisher\":{\"@id\":\"https:\\\/\\\/www.eldiario.net\\\/portal\\\/#organization\"},\"potentialAction\":[{\"@type\":\"SearchAction\",\"target\":{\"@type\":\"EntryPoint\",\"urlTemplate\":\"https:\\\/\\\/www.eldiario.net\\\/portal\\\/?s={search_term_string}\"},\"query-input\":{\"@type\":\"PropertyValueSpecification\",\"valueRequired\":true,\"valueName\":\"search_term_string\"}}],\"inLanguage\":\"es\"},{\"@type\":\"Organization\",\"@id\":\"https:\\\/\\\/www.eldiario.net\\\/portal\\\/#organization\",\"name\":\"El Diario - Decano de la prensa nacional\",\"url\":\"https:\\\/\\\/www.eldiario.net\\\/portal\\\/\",\"logo\":{\"@type\":\"ImageObject\",\"inLanguage\":\"es\",\"@id\":\"https:\\\/\\\/www.eldiario.net\\\/portal\\\/#\\\/schema\\\/logo\\\/image\\\/\",\"url\":\"https:\\\/\\\/www.eldiario.net\\\/portal\\\/wp-content\\\/uploads\\\/2023\\\/07\\\/logo_ED.jpg\",\"contentUrl\":\"https:\\\/\\\/www.eldiario.net\\\/portal\\\/wp-content\\\/uploads\\\/2023\\\/07\\\/logo_ED.jpg\",\"width\":272,\"height\":52,\"caption\":\"El Diario - Decano de la prensa nacional\"},\"image\":{\"@id\":\"https:\\\/\\\/www.eldiario.net\\\/portal\\\/#\\\/schema\\\/logo\\\/image\\\/\"},\"sameAs\":[\"https:\\\/\\\/www.facebook.com\\\/eldiario.bolivia\\\/\",\"https:\\\/\\\/x.com\\\/eldiario_net\"]},{\"@type\":\"Person\",\"@id\":\"https:\\\/\\\/www.eldiario.net\\\/portal\\\/#\\\/schema\\\/person\\\/2c57cf2b7a7ae032e449e4c9b1019eac\",\"name\":\"Jeanette\",\"image\":{\"@type\":\"ImageObject\",\"inLanguage\":\"es\",\"@id\":\"https:\\\/\\\/secure.gravatar.com\\\/avatar\\\/3ea2118a5f7dad2b7138b1187a6b7ee55f160b9968b66013c3a3ef39dd7e5798?s=96&d=mm&r=g\",\"url\":\"https:\\\/\\\/secure.gravatar.com\\\/avatar\\\/3ea2118a5f7dad2b7138b1187a6b7ee55f160b9968b66013c3a3ef39dd7e5798?s=96&d=mm&r=g\",\"contentUrl\":\"https:\\\/\\\/secure.gravatar.com\\\/avatar\\\/3ea2118a5f7dad2b7138b1187a6b7ee55f160b9968b66013c3a3ef39dd7e5798?s=96&d=mm&r=g\",\"caption\":\"Jeanette\"},\"sameAs\":[\"https:\\\/\\\/www.eldiario.net\\\/portal\"],\"url\":\"https:\\\/\\\/www.eldiario.net\\\/portal\\\/author\\\/jeanette\\\/\"}]}<\/script>\n<!-- \/ Yoast SEO plugin. -->","yoast_head_json":{"title":"Paz insta al Legislativo apoyar la recuperaci\u00f3n econ\u00f3mica del pa\u00eds - El Diario - Bolivia","robots":{"index":"index","follow":"follow","max-snippet":"max-snippet:-1","max-image-preview":"max-image-preview:large","max-video-preview":"max-video-preview:-1"},"canonical":"https:\/\/www.eldiario.net\/portal\/2026\/09\/05\/paz-insta-al-legislativo-apoyar-la-recuperacion-economica-del-pais\/","og_locale":"es_ES","og_type":"article","og_title":"Paz insta al Legislativo apoyar la recuperaci\u00f3n econ\u00f3mica del pa\u00eds - El Diario - Bolivia","og_description":"Reiterando el pedido para que asamble\u00edstas nacionales viabilicen la aprobaci\u00f3n del acuerdo de financiamiento con el Fondo Monetario Internacional (FMI) por $us 1.900 millones, cuyo proyecto de ley ya fue remitido a la Asamblea Legislativa Plurinacional (ALP), el presidente Rodrigo Paz pidi\u00f3 responsabilidad para garantizar recursos que permitan la recuperaci\u00f3n econ\u00f3mica del pa\u00eds. \u201cEl acuerdo [&hellip;]","og_url":"https:\/\/www.eldiario.net\/portal\/2026\/09\/05\/paz-insta-al-legislativo-apoyar-la-recuperacion-economica-del-pais\/","og_site_name":"El Diario - Bolivia","article_publisher":"https:\/\/www.facebook.com\/eldiario.bolivia\/","article_published_time":"2026-09-05T04:21:20+00:00","og_image":[{"width":962,"height":545,"url":"https:\/\/www.eldiario.net\/portal\/wp-content\/uploads\/2026\/09\/42-POL-2.webp","type":"image\/webp"}],"author":"Jeanette","twitter_card":"summary_large_image","twitter_creator":"@eldiario_net","twitter_site":"@eldiario_net","twitter_misc":{"Escrito por":"Jeanette","Tiempo de lectura":"2 minutos"},"schema":{"@context":"https:\/\/schema.org","@graph":[{"@type":"Article","@id":"https:\/\/www.eldiario.net\/portal\/2026\/09\/05\/paz-insta-al-legislativo-apoyar-la-recuperacion-economica-del-pais\/#article","isPartOf":{"@id":"https:\/\/www.eldiario.net\/portal\/2026\/09\/05\/paz-insta-al-legislativo-apoyar-la-recuperacion-economica-del-pais\/"},"author":{"name":"Jeanette","@id":"https:\/\/www.eldiario.net\/portal\/#\/schema\/person\/2c57cf2b7a7ae032e449e4c9b1019eac"},"headline":"Paz insta al Legislativo apoyar la recuperaci\u00f3n econ\u00f3mica del pa\u00eds","datePublished":"2026-09-05T04:21:20+00:00","mainEntityOfPage":{"@id":"https:\/\/www.eldiario.net\/portal\/2026\/09\/05\/paz-insta-al-legislativo-apoyar-la-recuperacion-economica-del-pais\/"},"wordCount":400,"publisher":{"@id":"https:\/\/www.eldiario.net\/portal\/#organization"},"image":{"@id":"https:\/\/www.eldiario.net\/portal\/2026\/09\/05\/paz-insta-al-legislativo-apoyar-la-recuperacion-economica-del-pais\/#primaryimage"},"thumbnailUrl":"https:\/\/www.eldiario.net\/portal\/wp-content\/uploads\/2026\/09\/42-POL-2.webp","articleSection":["Pol\u00edtica"],"inLanguage":"es"},{"@type":"WebPage","@id":"https:\/\/www.eldiario.net\/portal\/2026\/09\/05\/paz-insta-al-legislativo-apoyar-la-recuperacion-economica-del-pais\/","url":"https:\/\/www.eldiario.net\/portal\/2026\/09\/05\/paz-insta-al-legislativo-apoyar-la-recuperacion-economica-del-pais\/","name":"Paz insta al Legislativo apoyar la recuperaci\u00f3n econ\u00f3mica del pa\u00eds - El Diario - Bolivia","isPartOf":{"@id":"https:\/\/www.eldiario.net\/portal\/#website"},"primaryImageOfPage":{"@id":"https:\/\/www.eldiario.net\/portal\/2026\/09\/05\/paz-insta-al-legislativo-apoyar-la-recuperacion-economica-del-pais\/#primaryimage"},"image":{"@id":"https:\/\/www.eldiario.net\/portal\/2026\/09\/05\/paz-insta-al-legislativo-apoyar-la-recuperacion-economica-del-pais\/#primaryimage"},"thumbnailUrl":"https:\/\/www.eldiario.net\/portal\/wp-content\/uploads\/2026\/09\/42-POL-2.webp","datePublished":"2026-09-05T04:21:20+00:00","breadcrumb":{"@id":"https:\/\/www.eldiario.net\/portal\/2026\/09\/05\/paz-insta-al-legislativo-apoyar-la-recuperacion-economica-del-pais\/#breadcrumb"},"inLanguage":"es","potentialAction":[{"@type":"ReadAction","target":["https:\/\/www.eldiario.net\/portal\/2026\/09\/05\/paz-insta-al-legislativo-apoyar-la-recuperacion-economica-del-pais\/"]}]},{"@type":"ImageObject","inLanguage":"es","@id":"https:\/\/www.eldiario.net\/portal\/2026\/09\/05\/paz-insta-al-legislativo-apoyar-la-recuperacion-economica-del-pais\/#primaryimage","url":"https:\/\/www.eldiario.net\/portal\/wp-content\/uploads\/2026\/09\/42-POL-2.webp","contentUrl":"https:\/\/www.eldiario.net\/portal\/wp-content\/uploads\/2026\/09\/42-POL-2.webp","width":962,"height":545,"caption":"El presidente del Estado, Rodrigo Paz Pereira, ayer en el foro de Cainco."},{"@type":"BreadcrumbList","@id":"https:\/\/www.eldiario.net\/portal\/2026\/09\/05\/paz-insta-al-legislativo-apoyar-la-recuperacion-economica-del-pais\/#breadcrumb","itemListElement":[{"@type":"ListItem","position":1,"name":"Portada","item":"https:\/\/www.eldiario.net\/portal\/"},{"@type":"ListItem","position":2,"name":"Paz insta al Legislativo apoyar la recuperaci\u00f3n econ\u00f3mica del pa\u00eds"}]},{"@type":"WebSite","@id":"https:\/\/www.eldiario.net\/portal\/#website","url":"https:\/\/www.eldiario.net\/portal\/","name":"El Diario - Decano de la prensa nacional","description":"El Diario - Decano de la prensa nacional","publisher":{"@id":"https:\/\/www.eldiario.net\/portal\/#organization"},"potentialAction":[{"@type":"SearchAction","target":{"@type":"EntryPoint","urlTemplate":"https:\/\/www.eldiario.net\/portal\/?s={search_term_string}"},"query-input":{"@type":"PropertyValueSpecification","valueRequired":true,"valueName":"search_term_string"}}],"inLanguage":"es"},{"@type":"Organization","@id":"https:\/\/www.eldiario.net\/portal\/#organization","name":"El Diario - Decano de la prensa nacional","url":"https:\/\/www.eldiario.net\/portal\/","logo":{"@type":"ImageObject","inLanguage":"es","@id":"https:\/\/www.eldiario.net\/portal\/#\/schema\/logo\/image\/","url":"https:\/\/www.eldiario.net\/portal\/wp-content\/uploads\/2023\/07\/logo_ED.jpg","contentUrl":"https:\/\/www.eldiario.net\/portal\/wp-content\/uploads\/2023\/07\/logo_ED.jpg","width":272,"height":52,"caption":"El Diario - Decano de la prensa nacional"},"image":{"@id":"https:\/\/www.eldiario.net\/portal\/#\/schema\/logo\/image\/"},"sameAs":["https:\/\/www.facebook.com\/eldiario.bolivia\/","https:\/\/x.com\/eldiario_net"]},{"@type":"Person","@id":"https:\/\/www.eldiario.net\/portal\/#\/schema\/person\/2c57cf2b7a7ae032e449e4c9b1019eac","name":"Jeanette","image":{"@type":"ImageObject","inLanguage":"es","@id":"https:\/\/secure.gravatar.com\/avatar\/3ea2118a5f7dad2b7138b1187a6b7ee55f160b9968b66013c3a3ef39dd7e5798?s=96&d=mm&r=g","url":"https:\/\/secure.gravatar.com\/avatar\/3ea2118a5f7dad2b7138b1187a6b7ee55f160b9968b66013c3a3ef39dd7e5798?s=96&d=mm&r=g","contentUrl":"https:\/\/secure.gravatar.com\/avatar\/3ea2118a5f7dad2b7138b1187a6b7ee55f160b9968b66013c3a3ef39dd7e5798?s=96&d=mm&r=g","caption":"Jeanette"},"sameAs":["https:\/\/www.eldiario.net\/portal"],"url":"https:\/\/www.eldiario.net\/portal\/author\/jeanette\/"}]}},"_links":{"self":[{"href":"https:\/\/www.eldiario.net\/portal\/wp-json\/wp\/v2\/posts\/427933","targetHints":{"allow":["GET"]}}],"collection":[{"href":"https:\/\/www.eldiario.net\/portal\/wp-json\/wp\/v2\/posts"}],"about":[{"href":"https:\/\/www.eldiario.net\/portal\/wp-json\/wp\/v2\/types\/post"}],"author":[{"embeddable":true,"href":"https:\/\/www.eldiario.net\/portal\/wp-json\/wp\/v2\/users\/1"}],"replies":[{"embeddable":true,"href":"https:\/\/www.eldiario.net\/portal\/wp-json\/wp\/v2\/comments?post=427933"}],"version-history":[{"count":1,"href":"https:\/\/www.eldiario.net\/portal\/wp-json\/wp\/v2\/posts\/427933\/revisions"}],"predecessor-version":[{"id":427935,"href":"https:\/\/www.eldiario.net\/portal\/wp-json\/wp\/v2\/posts\/427933\/revisions\/427935"}],"wp:featuredmedia":[{"embeddable":true,"href":"https:\/\/www.eldiario.net\/portal\/wp-json\/wp\/v2\/media\/427934"}],"wp:attachment":[{"href":"https:\/\/www.eldiario.net\/portal\/wp-json\/wp\/v2\/media?parent=427933"}],"wp:term":[{"taxonomy":"category","embeddable":true,"href":"https:\/\/www.eldiario.net\/portal\/wp-json\/wp\/v2\/categories?post=427933"},{"taxonomy":"post_tag","embeddable":true,"href":"https:\/\/www.eldiario.net\/portal\/wp-json\/wp\/v2\/tags?post=427933"}],"curies":[{"name":"wp","href":"https:\/\/api.w.org\/{rel}","templated":true}]}}