{"id":427931,"date":"2026-09-05T00:20:51","date_gmt":"2026-09-05T04:20:51","guid":{"rendered":"https:\/\/www.eldiario.net\/portal\/?p=427931"},"modified":"2026-09-05T00:20:51","modified_gmt":"2026-09-05T04:20:51","slug":"nueva-jefa-de-gabinete-de-aramayo-fue-candidata-a-diputada-del-mas","status":"publish","type":"post","link":"https:\/\/www.eldiario.net\/portal\/2026\/09\/05\/nueva-jefa-de-gabinete-de-aramayo-fue-candidata-a-diputada-del-mas\/","title":{"rendered":"Nueva jefa de gabinete de Aramayo  fue candidata a diputada del MAS"},"content":{"rendered":"<p>La nueva jefa de gabinete del ministro de la Presidencia, Fernando Aramayo, es la excandidata a diputada del Movimiento al Socialismo (MAS), Mar\u00eda Jos\u00e9 Fern\u00e1ndez Quiroga.<br \/>\nFern\u00e1ndez Quiroga ocupa el cargo de manera interina, confirmaron en el Ministerio de la Presidencia. Fue candidata por el MAS a una diputaci\u00f3n uninominal por la circunscripci\u00f3n 62 de Pando.<br \/>\nBr\u00fajula Digital intent\u00f3 comunicarse con la funcionaria; sin embargo, en el grupo de WhatsApp que tiene el ministerio para contacto con periodistas no pudieron facilitar el n\u00famero telef\u00f3nico de la jefa de gabinete.<br \/>\nAdem\u00e1s, una reportera de este medio no pudo ingresar hasta la oficina de la jefa de gabinete porque no ten\u00eda autorizaci\u00f3n para esto. En ventanilla \u00fanica de la cartera gubernamental informaron que no est\u00e1n autorizados a proporcionar el n\u00famero telef\u00f3nico de la funcionaria.<br \/>\nGERENTA DE EMAPA<br \/>\nFern\u00e1ndez Quiroga anteriormente ocup\u00f3 otro cargo de importancia en el gobierno de Rodrigo Paz. Una nota del Ministerio de Producci\u00f3n Sostenible, publicada el 20 de noviembre, informa que fue designada como gerenta en suplencia de la Empresa de Apoyo a la Producci\u00f3n y de Alimentos (Emapa).<br \/>\nOTROS CASOS<br \/>\nEl jueves, Br\u00fajula Digital inform\u00f3 que la administraci\u00f3n de Rodrigo Paz contrat\u00f3 a principios de este a\u00f1o a cuatro connotados integrantes de anteriores gobiernos del MAS para realizar campa\u00f1as de comunicaci\u00f3n pol\u00edtica: el exministro de Comunicaci\u00f3n Manuel Canelas, la exviceministra de esa cartera Leila Medinaceli y los exasesores W\u00e1lter Ch\u00e1vez y Pablo Cingolani.<br \/>\nLa participaci\u00f3n de personas vinculadas al MAS en el gobierno de Paz fue cuestionada en diversas oportunidades. (Br\u00fajula Digital)<\/p>\n","protected":false},"excerpt":{"rendered":"<p>La nueva jefa de gabinete del ministro de la Presidencia, Fernando Aramayo, es la excandidata a diputada del Movimiento al Socialismo (MAS), Mar\u00eda Jos\u00e9 Fern\u00e1ndez Quiroga. Fern\u00e1ndez Quiroga ocupa el cargo de manera interina, confirmaron en el Ministerio de la Presidencia. Fue candidata por el MAS a una diputaci\u00f3n uninominal por la circunscripci\u00f3n 62 de [&hellip;]<\/p>\n","protected":false},"author":1,"featured_media":194754,"comment_status":"closed","ping_status":"open","sticky":false,"template":"","format":"standard","meta":{"_acf_changed":false,"footnotes":""},"categories":[14],"tags":[],"class_list":["post-427931","post","type-post","status-publish","format-standard","has-post-thumbnail","category-politica"],"acf":{"antetitulo":""},"yoast_head":"<!-- This site is optimized with the Yoast SEO plugin v28.4 - https:\/\/yoast.com\/product\/yoast-seo-wordpress\/ -->\n<title>Nueva jefa de gabinete de Aramayo fue candidata a diputada del MAS - El Diario - Bolivia<\/title>\n<meta name=\"robots\" content=\"index, follow, max-snippet:-1, max-image-preview:large, max-video-preview:-1\" \/>\n<link rel=\"canonical\" href=\"https:\/\/www.eldiario.net\/portal\/2026\/09\/05\/nueva-jefa-de-gabinete-de-aramayo-fue-candidata-a-diputada-del-mas\/\" \/>\n<meta property=\"og:locale\" content=\"es_ES\" \/>\n<meta property=\"og:type\" content=\"article\" \/>\n<meta property=\"og:title\" content=\"Nueva jefa de gabinete de Aramayo fue candidata a diputada del MAS - El Diario - Bolivia\" \/>\n<meta property=\"og:description\" content=\"La nueva jefa de gabinete del ministro de la Presidencia, Fernando Aramayo, es la excandidata a diputada del Movimiento al Socialismo (MAS), Mar\u00eda Jos\u00e9 Fern\u00e1ndez Quiroga. Fern\u00e1ndez Quiroga ocupa el cargo de manera interina, confirmaron en el Ministerio de la Presidencia. Fue candidata por el MAS a una diputaci\u00f3n uninominal por la circunscripci\u00f3n 62 de [&hellip;]\" \/>\n<meta property=\"og:url\" content=\"https:\/\/www.eldiario.net\/portal\/2026\/09\/05\/nueva-jefa-de-gabinete-de-aramayo-fue-candidata-a-diputada-del-mas\/\" \/>\n<meta property=\"og:site_name\" content=\"El Diario - Bolivia\" \/>\n<meta property=\"article:publisher\" content=\"https:\/\/www.facebook.com\/eldiario.bolivia\/\" \/>\n<meta property=\"article:published_time\" content=\"2026-09-05T04:20:51+00:00\" \/>\n<meta property=\"og:image\" content=\"https:\/\/www.eldiario.net\/portal\/wp-content\/uploads\/2023\/12\/Politica.jpg\" \/>\n\t<meta property=\"og:image:width\" content=\"800\" \/>\n\t<meta property=\"og:image:height\" content=\"500\" \/>\n\t<meta property=\"og:image:type\" content=\"image\/jpeg\" \/>\n<meta name=\"author\" content=\"Jeanette\" \/>\n<meta name=\"twitter:card\" content=\"summary_large_image\" \/>\n<meta name=\"twitter:creator\" content=\"@eldiario_net\" \/>\n<meta name=\"twitter:site\" content=\"@eldiario_net\" \/>\n<meta name=\"twitter:label1\" content=\"Escrito por\" \/>\n\t<meta name=\"twitter:data1\" content=\"Jeanette\" \/>\n\t<meta name=\"twitter:label2\" content=\"Tiempo de lectura\" \/>\n\t<meta name=\"twitter:data2\" content=\"2 minutos\" \/>\n<script type=\"application\/ld+json\" class=\"yoast-schema-graph\">{\"@context\":\"https:\\\/\\\/schema.org\",\"@graph\":[{\"@type\":\"Article\",\"@id\":\"https:\\\/\\\/www.eldiario.net\\\/portal\\\/2026\\\/09\\\/05\\\/nueva-jefa-de-gabinete-de-aramayo-fue-candidata-a-diputada-del-mas\\\/#article\",\"isPartOf\":{\"@id\":\"https:\\\/\\\/www.eldiario.net\\\/portal\\\/2026\\\/09\\\/05\\\/nueva-jefa-de-gabinete-de-aramayo-fue-candidata-a-diputada-del-mas\\\/\"},\"author\":{\"name\":\"Jeanette\",\"@id\":\"https:\\\/\\\/www.eldiario.net\\\/portal\\\/#\\\/schema\\\/person\\\/2c57cf2b7a7ae032e449e4c9b1019eac\"},\"headline\":\"Nueva jefa de gabinete de Aramayo fue candidata a diputada del MAS\",\"datePublished\":\"2026-09-05T04:20:51+00:00\",\"mainEntityOfPage\":{\"@id\":\"https:\\\/\\\/www.eldiario.net\\\/portal\\\/2026\\\/09\\\/05\\\/nueva-jefa-de-gabinete-de-aramayo-fue-candidata-a-diputada-del-mas\\\/\"},\"wordCount\":293,\"publisher\":{\"@id\":\"https:\\\/\\\/www.eldiario.net\\\/portal\\\/#organization\"},\"image\":{\"@id\":\"https:\\\/\\\/www.eldiario.net\\\/portal\\\/2026\\\/09\\\/05\\\/nueva-jefa-de-gabinete-de-aramayo-fue-candidata-a-diputada-del-mas\\\/#primaryimage\"},\"thumbnailUrl\":\"https:\\\/\\\/www.eldiario.net\\\/portal\\\/wp-content\\\/uploads\\\/2023\\\/12\\\/Politica.jpg\",\"articleSection\":[\"Pol\u00edtica\"],\"inLanguage\":\"es\"},{\"@type\":\"WebPage\",\"@id\":\"https:\\\/\\\/www.eldiario.net\\\/portal\\\/2026\\\/09\\\/05\\\/nueva-jefa-de-gabinete-de-aramayo-fue-candidata-a-diputada-del-mas\\\/\",\"url\":\"https:\\\/\\\/www.eldiario.net\\\/portal\\\/2026\\\/09\\\/05\\\/nueva-jefa-de-gabinete-de-aramayo-fue-candidata-a-diputada-del-mas\\\/\",\"name\":\"Nueva jefa de gabinete de Aramayo fue candidata a diputada del MAS - El Diario - Bolivia\",\"isPartOf\":{\"@id\":\"https:\\\/\\\/www.eldiario.net\\\/portal\\\/#website\"},\"primaryImageOfPage\":{\"@id\":\"https:\\\/\\\/www.eldiario.net\\\/portal\\\/2026\\\/09\\\/05\\\/nueva-jefa-de-gabinete-de-aramayo-fue-candidata-a-diputada-del-mas\\\/#primaryimage\"},\"image\":{\"@id\":\"https:\\\/\\\/www.eldiario.net\\\/portal\\\/2026\\\/09\\\/05\\\/nueva-jefa-de-gabinete-de-aramayo-fue-candidata-a-diputada-del-mas\\\/#primaryimage\"},\"thumbnailUrl\":\"https:\\\/\\\/www.eldiario.net\\\/portal\\\/wp-content\\\/uploads\\\/2023\\\/12\\\/Politica.jpg\",\"datePublished\":\"2026-09-05T04:20:51+00:00\",\"breadcrumb\":{\"@id\":\"https:\\\/\\\/www.eldiario.net\\\/portal\\\/2026\\\/09\\\/05\\\/nueva-jefa-de-gabinete-de-aramayo-fue-candidata-a-diputada-del-mas\\\/#breadcrumb\"},\"inLanguage\":\"es\",\"potentialAction\":[{\"@type\":\"ReadAction\",\"target\":[\"https:\\\/\\\/www.eldiario.net\\\/portal\\\/2026\\\/09\\\/05\\\/nueva-jefa-de-gabinete-de-aramayo-fue-candidata-a-diputada-del-mas\\\/\"]}]},{\"@type\":\"ImageObject\",\"inLanguage\":\"es\",\"@id\":\"https:\\\/\\\/www.eldiario.net\\\/portal\\\/2026\\\/09\\\/05\\\/nueva-jefa-de-gabinete-de-aramayo-fue-candidata-a-diputada-del-mas\\\/#primaryimage\",\"url\":\"https:\\\/\\\/www.eldiario.net\\\/portal\\\/wp-content\\\/uploads\\\/2023\\\/12\\\/Politica.jpg\",\"contentUrl\":\"https:\\\/\\\/www.eldiario.net\\\/portal\\\/wp-content\\\/uploads\\\/2023\\\/12\\\/Politica.jpg\",\"width\":800,\"height\":500},{\"@type\":\"BreadcrumbList\",\"@id\":\"https:\\\/\\\/www.eldiario.net\\\/portal\\\/2026\\\/09\\\/05\\\/nueva-jefa-de-gabinete-de-aramayo-fue-candidata-a-diputada-del-mas\\\/#breadcrumb\",\"itemListElement\":[{\"@type\":\"ListItem\",\"position\":1,\"name\":\"Portada\",\"item\":\"https:\\\/\\\/www.eldiario.net\\\/portal\\\/\"},{\"@type\":\"ListItem\",\"position\":2,\"name\":\"Nueva jefa de gabinete de Aramayo fue candidata a diputada del MAS\"}]},{\"@type\":\"WebSite\",\"@id\":\"https:\\\/\\\/www.eldiario.net\\\/portal\\\/#website\",\"url\":\"https:\\\/\\\/www.eldiario.net\\\/portal\\\/\",\"name\":\"El Diario - Decano de la prensa nacional\",\"description\":\"El Diario - Decano de la prensa nacional\",\"publisher\":{\"@id\":\"https:\\\/\\\/www.eldiario.net\\\/portal\\\/#organization\"},\"potentialAction\":[{\"@type\":\"SearchAction\",\"target\":{\"@type\":\"EntryPoint\",\"urlTemplate\":\"https:\\\/\\\/www.eldiario.net\\\/portal\\\/?s={search_term_string}\"},\"query-input\":{\"@type\":\"PropertyValueSpecification\",\"valueRequired\":true,\"valueName\":\"search_term_string\"}}],\"inLanguage\":\"es\"},{\"@type\":\"Organization\",\"@id\":\"https:\\\/\\\/www.eldiario.net\\\/portal\\\/#organization\",\"name\":\"El Diario - Decano de la prensa nacional\",\"url\":\"https:\\\/\\\/www.eldiario.net\\\/portal\\\/\",\"logo\":{\"@type\":\"ImageObject\",\"inLanguage\":\"es\",\"@id\":\"https:\\\/\\\/www.eldiario.net\\\/portal\\\/#\\\/schema\\\/logo\\\/image\\\/\",\"url\":\"https:\\\/\\\/www.eldiario.net\\\/portal\\\/wp-content\\\/uploads\\\/2023\\\/07\\\/logo_ED.jpg\",\"contentUrl\":\"https:\\\/\\\/www.eldiario.net\\\/portal\\\/wp-content\\\/uploads\\\/2023\\\/07\\\/logo_ED.jpg\",\"width\":272,\"height\":52,\"caption\":\"El Diario - Decano de la prensa nacional\"},\"image\":{\"@id\":\"https:\\\/\\\/www.eldiario.net\\\/portal\\\/#\\\/schema\\\/logo\\\/image\\\/\"},\"sameAs\":[\"https:\\\/\\\/www.facebook.com\\\/eldiario.bolivia\\\/\",\"https:\\\/\\\/x.com\\\/eldiario_net\"]},{\"@type\":\"Person\",\"@id\":\"https:\\\/\\\/www.eldiario.net\\\/portal\\\/#\\\/schema\\\/person\\\/2c57cf2b7a7ae032e449e4c9b1019eac\",\"name\":\"Jeanette\",\"image\":{\"@type\":\"ImageObject\",\"inLanguage\":\"es\",\"@id\":\"https:\\\/\\\/secure.gravatar.com\\\/avatar\\\/3ea2118a5f7dad2b7138b1187a6b7ee55f160b9968b66013c3a3ef39dd7e5798?s=96&d=mm&r=g\",\"url\":\"https:\\\/\\\/secure.gravatar.com\\\/avatar\\\/3ea2118a5f7dad2b7138b1187a6b7ee55f160b9968b66013c3a3ef39dd7e5798?s=96&d=mm&r=g\",\"contentUrl\":\"https:\\\/\\\/secure.gravatar.com\\\/avatar\\\/3ea2118a5f7dad2b7138b1187a6b7ee55f160b9968b66013c3a3ef39dd7e5798?s=96&d=mm&r=g\",\"caption\":\"Jeanette\"},\"sameAs\":[\"https:\\\/\\\/www.eldiario.net\\\/portal\"],\"url\":\"https:\\\/\\\/www.eldiario.net\\\/portal\\\/author\\\/jeanette\\\/\"}]}<\/script>\n<!-- \/ Yoast SEO plugin. -->","yoast_head_json":{"title":"Nueva jefa de gabinete de Aramayo fue candidata a diputada del MAS - El Diario - Bolivia","robots":{"index":"index","follow":"follow","max-snippet":"max-snippet:-1","max-image-preview":"max-image-preview:large","max-video-preview":"max-video-preview:-1"},"canonical":"https:\/\/www.eldiario.net\/portal\/2026\/09\/05\/nueva-jefa-de-gabinete-de-aramayo-fue-candidata-a-diputada-del-mas\/","og_locale":"es_ES","og_type":"article","og_title":"Nueva jefa de gabinete de Aramayo fue candidata a diputada del MAS - El Diario - Bolivia","og_description":"La nueva jefa de gabinete del ministro de la Presidencia, Fernando Aramayo, es la excandidata a diputada del Movimiento al Socialismo (MAS), Mar\u00eda Jos\u00e9 Fern\u00e1ndez Quiroga. Fern\u00e1ndez Quiroga ocupa el cargo de manera interina, confirmaron en el Ministerio de la Presidencia. Fue candidata por el MAS a una diputaci\u00f3n uninominal por la circunscripci\u00f3n 62 de [&hellip;]","og_url":"https:\/\/www.eldiario.net\/portal\/2026\/09\/05\/nueva-jefa-de-gabinete-de-aramayo-fue-candidata-a-diputada-del-mas\/","og_site_name":"El Diario - Bolivia","article_publisher":"https:\/\/www.facebook.com\/eldiario.bolivia\/","article_published_time":"2026-09-05T04:20:51+00:00","og_image":[{"width":800,"height":500,"url":"https:\/\/www.eldiario.net\/portal\/wp-content\/uploads\/2023\/12\/Politica.jpg","type":"image\/jpeg"}],"author":"Jeanette","twitter_card":"summary_large_image","twitter_creator":"@eldiario_net","twitter_site":"@eldiario_net","twitter_misc":{"Escrito por":"Jeanette","Tiempo de lectura":"2 minutos"},"schema":{"@context":"https:\/\/schema.org","@graph":[{"@type":"Article","@id":"https:\/\/www.eldiario.net\/portal\/2026\/09\/05\/nueva-jefa-de-gabinete-de-aramayo-fue-candidata-a-diputada-del-mas\/#article","isPartOf":{"@id":"https:\/\/www.eldiario.net\/portal\/2026\/09\/05\/nueva-jefa-de-gabinete-de-aramayo-fue-candidata-a-diputada-del-mas\/"},"author":{"name":"Jeanette","@id":"https:\/\/www.eldiario.net\/portal\/#\/schema\/person\/2c57cf2b7a7ae032e449e4c9b1019eac"},"headline":"Nueva jefa de gabinete de Aramayo fue candidata a diputada del MAS","datePublished":"2026-09-05T04:20:51+00:00","mainEntityOfPage":{"@id":"https:\/\/www.eldiario.net\/portal\/2026\/09\/05\/nueva-jefa-de-gabinete-de-aramayo-fue-candidata-a-diputada-del-mas\/"},"wordCount":293,"publisher":{"@id":"https:\/\/www.eldiario.net\/portal\/#organization"},"image":{"@id":"https:\/\/www.eldiario.net\/portal\/2026\/09\/05\/nueva-jefa-de-gabinete-de-aramayo-fue-candidata-a-diputada-del-mas\/#primaryimage"},"thumbnailUrl":"https:\/\/www.eldiario.net\/portal\/wp-content\/uploads\/2023\/12\/Politica.jpg","articleSection":["Pol\u00edtica"],"inLanguage":"es"},{"@type":"WebPage","@id":"https:\/\/www.eldiario.net\/portal\/2026\/09\/05\/nueva-jefa-de-gabinete-de-aramayo-fue-candidata-a-diputada-del-mas\/","url":"https:\/\/www.eldiario.net\/portal\/2026\/09\/05\/nueva-jefa-de-gabinete-de-aramayo-fue-candidata-a-diputada-del-mas\/","name":"Nueva jefa de gabinete de Aramayo fue candidata a diputada del MAS - El Diario - Bolivia","isPartOf":{"@id":"https:\/\/www.eldiario.net\/portal\/#website"},"primaryImageOfPage":{"@id":"https:\/\/www.eldiario.net\/portal\/2026\/09\/05\/nueva-jefa-de-gabinete-de-aramayo-fue-candidata-a-diputada-del-mas\/#primaryimage"},"image":{"@id":"https:\/\/www.eldiario.net\/portal\/2026\/09\/05\/nueva-jefa-de-gabinete-de-aramayo-fue-candidata-a-diputada-del-mas\/#primaryimage"},"thumbnailUrl":"https:\/\/www.eldiario.net\/portal\/wp-content\/uploads\/2023\/12\/Politica.jpg","datePublished":"2026-09-05T04:20:51+00:00","breadcrumb":{"@id":"https:\/\/www.eldiario.net\/portal\/2026\/09\/05\/nueva-jefa-de-gabinete-de-aramayo-fue-candidata-a-diputada-del-mas\/#breadcrumb"},"inLanguage":"es","potentialAction":[{"@type":"ReadAction","target":["https:\/\/www.eldiario.net\/portal\/2026\/09\/05\/nueva-jefa-de-gabinete-de-aramayo-fue-candidata-a-diputada-del-mas\/"]}]},{"@type":"ImageObject","inLanguage":"es","@id":"https:\/\/www.eldiario.net\/portal\/2026\/09\/05\/nueva-jefa-de-gabinete-de-aramayo-fue-candidata-a-diputada-del-mas\/#primaryimage","url":"https:\/\/www.eldiario.net\/portal\/wp-content\/uploads\/2023\/12\/Politica.jpg","contentUrl":"https:\/\/www.eldiario.net\/portal\/wp-content\/uploads\/2023\/12\/Politica.jpg","width":800,"height":500},{"@type":"BreadcrumbList","@id":"https:\/\/www.eldiario.net\/portal\/2026\/09\/05\/nueva-jefa-de-gabinete-de-aramayo-fue-candidata-a-diputada-del-mas\/#breadcrumb","itemListElement":[{"@type":"ListItem","position":1,"name":"Portada","item":"https:\/\/www.eldiario.net\/portal\/"},{"@type":"ListItem","position":2,"name":"Nueva jefa de gabinete de Aramayo fue candidata a diputada del MAS"}]},{"@type":"WebSite","@id":"https:\/\/www.eldiario.net\/portal\/#website","url":"https:\/\/www.eldiario.net\/portal\/","name":"El Diario - Decano de la prensa nacional","description":"El Diario - Decano de la prensa nacional","publisher":{"@id":"https:\/\/www.eldiario.net\/portal\/#organization"},"potentialAction":[{"@type":"SearchAction","target":{"@type":"EntryPoint","urlTemplate":"https:\/\/www.eldiario.net\/portal\/?s={search_term_string}"},"query-input":{"@type":"PropertyValueSpecification","valueRequired":true,"valueName":"search_term_string"}}],"inLanguage":"es"},{"@type":"Organization","@id":"https:\/\/www.eldiario.net\/portal\/#organization","name":"El Diario - Decano de la prensa nacional","url":"https:\/\/www.eldiario.net\/portal\/","logo":{"@type":"ImageObject","inLanguage":"es","@id":"https:\/\/www.eldiario.net\/portal\/#\/schema\/logo\/image\/","url":"https:\/\/www.eldiario.net\/portal\/wp-content\/uploads\/2023\/07\/logo_ED.jpg","contentUrl":"https:\/\/www.eldiario.net\/portal\/wp-content\/uploads\/2023\/07\/logo_ED.jpg","width":272,"height":52,"caption":"El Diario - Decano de la prensa nacional"},"image":{"@id":"https:\/\/www.eldiario.net\/portal\/#\/schema\/logo\/image\/"},"sameAs":["https:\/\/www.facebook.com\/eldiario.bolivia\/","https:\/\/x.com\/eldiario_net"]},{"@type":"Person","@id":"https:\/\/www.eldiario.net\/portal\/#\/schema\/person\/2c57cf2b7a7ae032e449e4c9b1019eac","name":"Jeanette","image":{"@type":"ImageObject","inLanguage":"es","@id":"https:\/\/secure.gravatar.com\/avatar\/3ea2118a5f7dad2b7138b1187a6b7ee55f160b9968b66013c3a3ef39dd7e5798?s=96&d=mm&r=g","url":"https:\/\/secure.gravatar.com\/avatar\/3ea2118a5f7dad2b7138b1187a6b7ee55f160b9968b66013c3a3ef39dd7e5798?s=96&d=mm&r=g","contentUrl":"https:\/\/secure.gravatar.com\/avatar\/3ea2118a5f7dad2b7138b1187a6b7ee55f160b9968b66013c3a3ef39dd7e5798?s=96&d=mm&r=g","caption":"Jeanette"},"sameAs":["https:\/\/www.eldiario.net\/portal"],"url":"https:\/\/www.eldiario.net\/portal\/author\/jeanette\/"}]}},"_links":{"self":[{"href":"https:\/\/www.eldiario.net\/portal\/wp-json\/wp\/v2\/posts\/427931","targetHints":{"allow":["GET"]}}],"collection":[{"href":"https:\/\/www.eldiario.net\/portal\/wp-json\/wp\/v2\/posts"}],"about":[{"href":"https:\/\/www.eldiario.net\/portal\/wp-json\/wp\/v2\/types\/post"}],"author":[{"embeddable":true,"href":"https:\/\/www.eldiario.net\/portal\/wp-json\/wp\/v2\/users\/1"}],"replies":[{"embeddable":true,"href":"https:\/\/www.eldiario.net\/portal\/wp-json\/wp\/v2\/comments?post=427931"}],"version-history":[{"count":1,"href":"https:\/\/www.eldiario.net\/portal\/wp-json\/wp\/v2\/posts\/427931\/revisions"}],"predecessor-version":[{"id":427932,"href":"https:\/\/www.eldiario.net\/portal\/wp-json\/wp\/v2\/posts\/427931\/revisions\/427932"}],"wp:featuredmedia":[{"embeddable":true,"href":"https:\/\/www.eldiario.net\/portal\/wp-json\/wp\/v2\/media\/194754"}],"wp:attachment":[{"href":"https:\/\/www.eldiario.net\/portal\/wp-json\/wp\/v2\/media?parent=427931"}],"wp:term":[{"taxonomy":"category","embeddable":true,"href":"https:\/\/www.eldiario.net\/portal\/wp-json\/wp\/v2\/categories?post=427931"},{"taxonomy":"post_tag","embeddable":true,"href":"https:\/\/www.eldiario.net\/portal\/wp-json\/wp\/v2\/tags?post=427931"}],"curies":[{"name":"wp","href":"https:\/\/api.w.org\/{rel}","templated":true}]}}