{"id":427925,"date":"2026-09-05T00:19:15","date_gmt":"2026-09-05T04:19:15","guid":{"rendered":"https:\/\/www.eldiario.net\/portal\/?p=427925"},"modified":"2026-09-05T00:19:15","modified_gmt":"2026-09-05T04:19:15","slug":"gobierno-proyecta-nueva-ley-de-salud-e-historia-clinica-unica-digital","status":"publish","type":"post","link":"https:\/\/www.eldiario.net\/portal\/2026\/09\/05\/gobierno-proyecta-nueva-ley-de-salud-e-historia-clinica-unica-digital\/","title":{"rendered":"Gobierno proyecta nueva Ley de  Salud e historia cl\u00ednica \u00fanica digital"},"content":{"rendered":"<p>El Gobierno present\u00f3 en Brasilia el Plan Nacional de Salud 2026-2030, que plantea una nueva Ley General de Salud que contempla cinco ejes, entre ellos, una Historia Cl\u00ednica \u00danica Digital, redes integradas con atenci\u00f3n continua las 24 horas y una carrera sanitaria basada en el m\u00e9rito.<br \/>\n\u201cBolivia present\u00f3 en Brasilia su Plan Nacional de Salud 2026-2030, una reingenier\u00eda integral del sistema sanitario liderada por la ministra (de Salud) Marcela Flores Zambrana. El plan busca superar la fragmentaci\u00f3n hist\u00f3rica del sistema mediante cinco ejes\u201d, escribi\u00f3 en su cuenta de X el presidente del Estado, Rodrigo Paz Pereira.<br \/>\nEl mandatario boliviano acot\u00f3 que la propuesta contempla una nueva ley general de salud, una historia cl\u00ednica \u00fanica digital interoperable entre los sectores p\u00fablico, privado y de la seguridad social, redes de atenci\u00f3n las 24 horas y los siete d\u00edas de la semana, una carrera sanitaria basada en el m\u00e9rito y un modelo de cofinanciamiento 50\/50 entre el Gobierno nacional y los municipios.<br \/>\nIndic\u00f3 que las redes de atenci\u00f3n tendr\u00e1n como objetivo resolver el 80% de los casos en el primer nivel y que el financiamiento estar\u00e1 condicionado al cumplimiento de resultados, como coberturas de vacunaci\u00f3n superiores al 95%.<br \/>\nEntretanto, resalt\u00f3 que para 2030, el plan establece como meta reducir la mortalidad materna y consolidar un sistema sanitario m\u00e1s equitativo y sostenible para las familias bolivianas.<\/p>\n<p>REPRESENTACI\u00d3N<br \/>\nDurante su intervenci\u00f3n en Brasilia, la ministra Flores expuso los pilares que conforman la hoja de ruta sanitaria del pa\u00eds para los pr\u00f3ximos a\u00f1os: una nueva Ley General de Salud y Gobernanza: consolidaci\u00f3n de la rector\u00eda estatal para articular el sistema p\u00fablico, de la seguridad social y privado.<br \/>\nLa Transformaci\u00f3n Digital y Sistema \u201cCero Filas\u201d con la implementaci\u00f3n de la Historia Cl\u00ednica \u00danica Digital interoperable, la receta electr\u00f3nica y la automatizaci\u00f3n de fichas para optimizar los tiempos de atenci\u00f3n.<br \/>\nAsimismo, habr\u00e1 Redes Integradas con Atenci\u00f3n 24\/7, para eso se trabajar\u00e1 en el fortalecimiento del primer nivel de atenci\u00f3n m\u00e9dica para resolver el 80% de los padecimientos locales con disponibilidad continua e inclusi\u00f3n de la medicina tradicional.<br \/>\nTambi\u00e9n se buscar\u00e1 la institucionalizaci\u00f3n de cargos de personal m\u00e9dico y administrativo mediante concursos p\u00fablicos de m\u00e9ritos y ex\u00e1menes de competencia.<br \/>\nY, trabajar en el esquema 50\/50 entre el Gobierno central y los gobiernos municipales enfocado en metas sanitarias, con proyecci\u00f3n de reducir la mortalidad materna a menos de 106 muertes por cada 100.000 nacidos vivos al a\u00f1o 2030.<br \/>\nSeg\u00fan una nota institucional, la participaci\u00f3n internacional en Brasilia posiciona a Bolivia como un referente emergente en reformas estructurales y digitalizaci\u00f3n de servicios p\u00fablicos de salud a nivel regional.<\/p>\n","protected":false},"excerpt":{"rendered":"<p>El Gobierno present\u00f3 en Brasilia el Plan Nacional de Salud 2026-2030, que plantea una nueva Ley General de Salud que contempla cinco ejes, entre ellos, una Historia Cl\u00ednica \u00danica Digital, redes integradas con atenci\u00f3n continua las 24 horas y una carrera sanitaria basada en el m\u00e9rito. \u201cBolivia present\u00f3 en Brasilia su Plan Nacional de Salud [&hellip;]<\/p>\n","protected":false},"author":1,"featured_media":427926,"comment_status":"closed","ping_status":"open","sticky":false,"template":"","format":"standard","meta":{"_acf_changed":false,"footnotes":""},"categories":[12],"tags":[],"class_list":["post-427925","post","type-post","status-publish","format-standard","has-post-thumbnail","category-nacional"],"acf":{"antetitulo":"Plan tiene cinco ejes"},"yoast_head":"<!-- This site is optimized with the Yoast SEO plugin v28.4 - https:\/\/yoast.com\/product\/yoast-seo-wordpress\/ -->\n<title>Gobierno proyecta nueva Ley de Salud e historia cl\u00ednica \u00fanica digital - El Diario - Bolivia<\/title>\n<meta name=\"robots\" content=\"index, follow, max-snippet:-1, max-image-preview:large, max-video-preview:-1\" \/>\n<link rel=\"canonical\" href=\"https:\/\/www.eldiario.net\/portal\/2026\/09\/05\/gobierno-proyecta-nueva-ley-de-salud-e-historia-clinica-unica-digital\/\" \/>\n<meta property=\"og:locale\" content=\"es_ES\" \/>\n<meta property=\"og:type\" content=\"article\" \/>\n<meta property=\"og:title\" content=\"Gobierno proyecta nueva Ley de Salud e historia cl\u00ednica \u00fanica digital - El Diario - Bolivia\" \/>\n<meta property=\"og:description\" content=\"El Gobierno present\u00f3 en Brasilia el Plan Nacional de Salud 2026-2030, que plantea una nueva Ley General de Salud que contempla cinco ejes, entre ellos, una Historia Cl\u00ednica \u00danica Digital, redes integradas con atenci\u00f3n continua las 24 horas y una carrera sanitaria basada en el m\u00e9rito. \u201cBolivia present\u00f3 en Brasilia su Plan Nacional de Salud [&hellip;]\" \/>\n<meta property=\"og:url\" content=\"https:\/\/www.eldiario.net\/portal\/2026\/09\/05\/gobierno-proyecta-nueva-ley-de-salud-e-historia-clinica-unica-digital\/\" \/>\n<meta property=\"og:site_name\" content=\"El Diario - Bolivia\" \/>\n<meta property=\"article:publisher\" content=\"https:\/\/www.facebook.com\/eldiario.bolivia\/\" \/>\n<meta property=\"article:published_time\" content=\"2026-09-05T04:19:15+00:00\" \/>\n<meta property=\"og:image\" content=\"https:\/\/www.eldiario.net\/portal\/wp-content\/uploads\/2026\/09\/F-2-salud.webp\" \/>\n\t<meta property=\"og:image:width\" content=\"1280\" \/>\n\t<meta property=\"og:image:height\" content=\"960\" \/>\n\t<meta property=\"og:image:type\" content=\"image\/webp\" \/>\n<meta name=\"author\" content=\"Jeanette\" \/>\n<meta name=\"twitter:card\" content=\"summary_large_image\" \/>\n<meta name=\"twitter:creator\" content=\"@eldiario_net\" \/>\n<meta name=\"twitter:site\" content=\"@eldiario_net\" \/>\n<meta name=\"twitter:label1\" content=\"Escrito por\" \/>\n\t<meta name=\"twitter:data1\" content=\"Jeanette\" \/>\n\t<meta name=\"twitter:label2\" content=\"Tiempo de lectura\" \/>\n\t<meta name=\"twitter:data2\" content=\"3 minutos\" \/>\n<script type=\"application\/ld+json\" class=\"yoast-schema-graph\">{\"@context\":\"https:\\\/\\\/schema.org\",\"@graph\":[{\"@type\":\"Article\",\"@id\":\"https:\\\/\\\/www.eldiario.net\\\/portal\\\/2026\\\/09\\\/05\\\/gobierno-proyecta-nueva-ley-de-salud-e-historia-clinica-unica-digital\\\/#article\",\"isPartOf\":{\"@id\":\"https:\\\/\\\/www.eldiario.net\\\/portal\\\/2026\\\/09\\\/05\\\/gobierno-proyecta-nueva-ley-de-salud-e-historia-clinica-unica-digital\\\/\"},\"author\":{\"name\":\"Jeanette\",\"@id\":\"https:\\\/\\\/www.eldiario.net\\\/portal\\\/#\\\/schema\\\/person\\\/2c57cf2b7a7ae032e449e4c9b1019eac\"},\"headline\":\"Gobierno proyecta nueva Ley de Salud e historia cl\u00ednica \u00fanica digital\",\"datePublished\":\"2026-09-05T04:19:15+00:00\",\"mainEntityOfPage\":{\"@id\":\"https:\\\/\\\/www.eldiario.net\\\/portal\\\/2026\\\/09\\\/05\\\/gobierno-proyecta-nueva-ley-de-salud-e-historia-clinica-unica-digital\\\/\"},\"wordCount\":472,\"publisher\":{\"@id\":\"https:\\\/\\\/www.eldiario.net\\\/portal\\\/#organization\"},\"image\":{\"@id\":\"https:\\\/\\\/www.eldiario.net\\\/portal\\\/2026\\\/09\\\/05\\\/gobierno-proyecta-nueva-ley-de-salud-e-historia-clinica-unica-digital\\\/#primaryimage\"},\"thumbnailUrl\":\"https:\\\/\\\/www.eldiario.net\\\/portal\\\/wp-content\\\/uploads\\\/2026\\\/09\\\/F-2-salud.webp\",\"articleSection\":[\"Nacional\"],\"inLanguage\":\"es\"},{\"@type\":\"WebPage\",\"@id\":\"https:\\\/\\\/www.eldiario.net\\\/portal\\\/2026\\\/09\\\/05\\\/gobierno-proyecta-nueva-ley-de-salud-e-historia-clinica-unica-digital\\\/\",\"url\":\"https:\\\/\\\/www.eldiario.net\\\/portal\\\/2026\\\/09\\\/05\\\/gobierno-proyecta-nueva-ley-de-salud-e-historia-clinica-unica-digital\\\/\",\"name\":\"Gobierno proyecta nueva Ley de Salud e historia cl\u00ednica \u00fanica digital - El Diario - Bolivia\",\"isPartOf\":{\"@id\":\"https:\\\/\\\/www.eldiario.net\\\/portal\\\/#website\"},\"primaryImageOfPage\":{\"@id\":\"https:\\\/\\\/www.eldiario.net\\\/portal\\\/2026\\\/09\\\/05\\\/gobierno-proyecta-nueva-ley-de-salud-e-historia-clinica-unica-digital\\\/#primaryimage\"},\"image\":{\"@id\":\"https:\\\/\\\/www.eldiario.net\\\/portal\\\/2026\\\/09\\\/05\\\/gobierno-proyecta-nueva-ley-de-salud-e-historia-clinica-unica-digital\\\/#primaryimage\"},\"thumbnailUrl\":\"https:\\\/\\\/www.eldiario.net\\\/portal\\\/wp-content\\\/uploads\\\/2026\\\/09\\\/F-2-salud.webp\",\"datePublished\":\"2026-09-05T04:19:15+00:00\",\"breadcrumb\":{\"@id\":\"https:\\\/\\\/www.eldiario.net\\\/portal\\\/2026\\\/09\\\/05\\\/gobierno-proyecta-nueva-ley-de-salud-e-historia-clinica-unica-digital\\\/#breadcrumb\"},\"inLanguage\":\"es\",\"potentialAction\":[{\"@type\":\"ReadAction\",\"target\":[\"https:\\\/\\\/www.eldiario.net\\\/portal\\\/2026\\\/09\\\/05\\\/gobierno-proyecta-nueva-ley-de-salud-e-historia-clinica-unica-digital\\\/\"]}]},{\"@type\":\"ImageObject\",\"inLanguage\":\"es\",\"@id\":\"https:\\\/\\\/www.eldiario.net\\\/portal\\\/2026\\\/09\\\/05\\\/gobierno-proyecta-nueva-ley-de-salud-e-historia-clinica-unica-digital\\\/#primaryimage\",\"url\":\"https:\\\/\\\/www.eldiario.net\\\/portal\\\/wp-content\\\/uploads\\\/2026\\\/09\\\/F-2-salud.webp\",\"contentUrl\":\"https:\\\/\\\/www.eldiario.net\\\/portal\\\/wp-content\\\/uploads\\\/2026\\\/09\\\/F-2-salud.webp\",\"width\":1280,\"height\":960,\"caption\":\"Ministra de Salud, Marcela Flores, informa sobre el plan.\"},{\"@type\":\"BreadcrumbList\",\"@id\":\"https:\\\/\\\/www.eldiario.net\\\/portal\\\/2026\\\/09\\\/05\\\/gobierno-proyecta-nueva-ley-de-salud-e-historia-clinica-unica-digital\\\/#breadcrumb\",\"itemListElement\":[{\"@type\":\"ListItem\",\"position\":1,\"name\":\"Portada\",\"item\":\"https:\\\/\\\/www.eldiario.net\\\/portal\\\/\"},{\"@type\":\"ListItem\",\"position\":2,\"name\":\"Gobierno proyecta nueva Ley de Salud e historia cl\u00ednica \u00fanica digital\"}]},{\"@type\":\"WebSite\",\"@id\":\"https:\\\/\\\/www.eldiario.net\\\/portal\\\/#website\",\"url\":\"https:\\\/\\\/www.eldiario.net\\\/portal\\\/\",\"name\":\"El Diario - Decano de la prensa nacional\",\"description\":\"El Diario - Decano de la prensa nacional\",\"publisher\":{\"@id\":\"https:\\\/\\\/www.eldiario.net\\\/portal\\\/#organization\"},\"potentialAction\":[{\"@type\":\"SearchAction\",\"target\":{\"@type\":\"EntryPoint\",\"urlTemplate\":\"https:\\\/\\\/www.eldiario.net\\\/portal\\\/?s={search_term_string}\"},\"query-input\":{\"@type\":\"PropertyValueSpecification\",\"valueRequired\":true,\"valueName\":\"search_term_string\"}}],\"inLanguage\":\"es\"},{\"@type\":\"Organization\",\"@id\":\"https:\\\/\\\/www.eldiario.net\\\/portal\\\/#organization\",\"name\":\"El Diario - Decano de la prensa nacional\",\"url\":\"https:\\\/\\\/www.eldiario.net\\\/portal\\\/\",\"logo\":{\"@type\":\"ImageObject\",\"inLanguage\":\"es\",\"@id\":\"https:\\\/\\\/www.eldiario.net\\\/portal\\\/#\\\/schema\\\/logo\\\/image\\\/\",\"url\":\"https:\\\/\\\/www.eldiario.net\\\/portal\\\/wp-content\\\/uploads\\\/2023\\\/07\\\/logo_ED.jpg\",\"contentUrl\":\"https:\\\/\\\/www.eldiario.net\\\/portal\\\/wp-content\\\/uploads\\\/2023\\\/07\\\/logo_ED.jpg\",\"width\":272,\"height\":52,\"caption\":\"El Diario - Decano de la prensa nacional\"},\"image\":{\"@id\":\"https:\\\/\\\/www.eldiario.net\\\/portal\\\/#\\\/schema\\\/logo\\\/image\\\/\"},\"sameAs\":[\"https:\\\/\\\/www.facebook.com\\\/eldiario.bolivia\\\/\",\"https:\\\/\\\/x.com\\\/eldiario_net\"]},{\"@type\":\"Person\",\"@id\":\"https:\\\/\\\/www.eldiario.net\\\/portal\\\/#\\\/schema\\\/person\\\/2c57cf2b7a7ae032e449e4c9b1019eac\",\"name\":\"Jeanette\",\"image\":{\"@type\":\"ImageObject\",\"inLanguage\":\"es\",\"@id\":\"https:\\\/\\\/secure.gravatar.com\\\/avatar\\\/3ea2118a5f7dad2b7138b1187a6b7ee55f160b9968b66013c3a3ef39dd7e5798?s=96&d=mm&r=g\",\"url\":\"https:\\\/\\\/secure.gravatar.com\\\/avatar\\\/3ea2118a5f7dad2b7138b1187a6b7ee55f160b9968b66013c3a3ef39dd7e5798?s=96&d=mm&r=g\",\"contentUrl\":\"https:\\\/\\\/secure.gravatar.com\\\/avatar\\\/3ea2118a5f7dad2b7138b1187a6b7ee55f160b9968b66013c3a3ef39dd7e5798?s=96&d=mm&r=g\",\"caption\":\"Jeanette\"},\"sameAs\":[\"https:\\\/\\\/www.eldiario.net\\\/portal\"],\"url\":\"https:\\\/\\\/www.eldiario.net\\\/portal\\\/author\\\/jeanette\\\/\"}]}<\/script>\n<!-- \/ Yoast SEO plugin. -->","yoast_head_json":{"title":"Gobierno proyecta nueva Ley de Salud e historia cl\u00ednica \u00fanica digital - El Diario - Bolivia","robots":{"index":"index","follow":"follow","max-snippet":"max-snippet:-1","max-image-preview":"max-image-preview:large","max-video-preview":"max-video-preview:-1"},"canonical":"https:\/\/www.eldiario.net\/portal\/2026\/09\/05\/gobierno-proyecta-nueva-ley-de-salud-e-historia-clinica-unica-digital\/","og_locale":"es_ES","og_type":"article","og_title":"Gobierno proyecta nueva Ley de Salud e historia cl\u00ednica \u00fanica digital - El Diario - Bolivia","og_description":"El Gobierno present\u00f3 en Brasilia el Plan Nacional de Salud 2026-2030, que plantea una nueva Ley General de Salud que contempla cinco ejes, entre ellos, una Historia Cl\u00ednica \u00danica Digital, redes integradas con atenci\u00f3n continua las 24 horas y una carrera sanitaria basada en el m\u00e9rito. \u201cBolivia present\u00f3 en Brasilia su Plan Nacional de Salud [&hellip;]","og_url":"https:\/\/www.eldiario.net\/portal\/2026\/09\/05\/gobierno-proyecta-nueva-ley-de-salud-e-historia-clinica-unica-digital\/","og_site_name":"El Diario - Bolivia","article_publisher":"https:\/\/www.facebook.com\/eldiario.bolivia\/","article_published_time":"2026-09-05T04:19:15+00:00","og_image":[{"width":1280,"height":960,"url":"https:\/\/www.eldiario.net\/portal\/wp-content\/uploads\/2026\/09\/F-2-salud.webp","type":"image\/webp"}],"author":"Jeanette","twitter_card":"summary_large_image","twitter_creator":"@eldiario_net","twitter_site":"@eldiario_net","twitter_misc":{"Escrito por":"Jeanette","Tiempo de lectura":"3 minutos"},"schema":{"@context":"https:\/\/schema.org","@graph":[{"@type":"Article","@id":"https:\/\/www.eldiario.net\/portal\/2026\/09\/05\/gobierno-proyecta-nueva-ley-de-salud-e-historia-clinica-unica-digital\/#article","isPartOf":{"@id":"https:\/\/www.eldiario.net\/portal\/2026\/09\/05\/gobierno-proyecta-nueva-ley-de-salud-e-historia-clinica-unica-digital\/"},"author":{"name":"Jeanette","@id":"https:\/\/www.eldiario.net\/portal\/#\/schema\/person\/2c57cf2b7a7ae032e449e4c9b1019eac"},"headline":"Gobierno proyecta nueva Ley de Salud e historia cl\u00ednica \u00fanica digital","datePublished":"2026-09-05T04:19:15+00:00","mainEntityOfPage":{"@id":"https:\/\/www.eldiario.net\/portal\/2026\/09\/05\/gobierno-proyecta-nueva-ley-de-salud-e-historia-clinica-unica-digital\/"},"wordCount":472,"publisher":{"@id":"https:\/\/www.eldiario.net\/portal\/#organization"},"image":{"@id":"https:\/\/www.eldiario.net\/portal\/2026\/09\/05\/gobierno-proyecta-nueva-ley-de-salud-e-historia-clinica-unica-digital\/#primaryimage"},"thumbnailUrl":"https:\/\/www.eldiario.net\/portal\/wp-content\/uploads\/2026\/09\/F-2-salud.webp","articleSection":["Nacional"],"inLanguage":"es"},{"@type":"WebPage","@id":"https:\/\/www.eldiario.net\/portal\/2026\/09\/05\/gobierno-proyecta-nueva-ley-de-salud-e-historia-clinica-unica-digital\/","url":"https:\/\/www.eldiario.net\/portal\/2026\/09\/05\/gobierno-proyecta-nueva-ley-de-salud-e-historia-clinica-unica-digital\/","name":"Gobierno proyecta nueva Ley de Salud e historia cl\u00ednica \u00fanica digital - El Diario - Bolivia","isPartOf":{"@id":"https:\/\/www.eldiario.net\/portal\/#website"},"primaryImageOfPage":{"@id":"https:\/\/www.eldiario.net\/portal\/2026\/09\/05\/gobierno-proyecta-nueva-ley-de-salud-e-historia-clinica-unica-digital\/#primaryimage"},"image":{"@id":"https:\/\/www.eldiario.net\/portal\/2026\/09\/05\/gobierno-proyecta-nueva-ley-de-salud-e-historia-clinica-unica-digital\/#primaryimage"},"thumbnailUrl":"https:\/\/www.eldiario.net\/portal\/wp-content\/uploads\/2026\/09\/F-2-salud.webp","datePublished":"2026-09-05T04:19:15+00:00","breadcrumb":{"@id":"https:\/\/www.eldiario.net\/portal\/2026\/09\/05\/gobierno-proyecta-nueva-ley-de-salud-e-historia-clinica-unica-digital\/#breadcrumb"},"inLanguage":"es","potentialAction":[{"@type":"ReadAction","target":["https:\/\/www.eldiario.net\/portal\/2026\/09\/05\/gobierno-proyecta-nueva-ley-de-salud-e-historia-clinica-unica-digital\/"]}]},{"@type":"ImageObject","inLanguage":"es","@id":"https:\/\/www.eldiario.net\/portal\/2026\/09\/05\/gobierno-proyecta-nueva-ley-de-salud-e-historia-clinica-unica-digital\/#primaryimage","url":"https:\/\/www.eldiario.net\/portal\/wp-content\/uploads\/2026\/09\/F-2-salud.webp","contentUrl":"https:\/\/www.eldiario.net\/portal\/wp-content\/uploads\/2026\/09\/F-2-salud.webp","width":1280,"height":960,"caption":"Ministra de Salud, Marcela Flores, informa sobre el plan."},{"@type":"BreadcrumbList","@id":"https:\/\/www.eldiario.net\/portal\/2026\/09\/05\/gobierno-proyecta-nueva-ley-de-salud-e-historia-clinica-unica-digital\/#breadcrumb","itemListElement":[{"@type":"ListItem","position":1,"name":"Portada","item":"https:\/\/www.eldiario.net\/portal\/"},{"@type":"ListItem","position":2,"name":"Gobierno proyecta nueva Ley de Salud e historia cl\u00ednica \u00fanica digital"}]},{"@type":"WebSite","@id":"https:\/\/www.eldiario.net\/portal\/#website","url":"https:\/\/www.eldiario.net\/portal\/","name":"El Diario - Decano de la prensa nacional","description":"El Diario - Decano de la prensa nacional","publisher":{"@id":"https:\/\/www.eldiario.net\/portal\/#organization"},"potentialAction":[{"@type":"SearchAction","target":{"@type":"EntryPoint","urlTemplate":"https:\/\/www.eldiario.net\/portal\/?s={search_term_string}"},"query-input":{"@type":"PropertyValueSpecification","valueRequired":true,"valueName":"search_term_string"}}],"inLanguage":"es"},{"@type":"Organization","@id":"https:\/\/www.eldiario.net\/portal\/#organization","name":"El Diario - Decano de la prensa nacional","url":"https:\/\/www.eldiario.net\/portal\/","logo":{"@type":"ImageObject","inLanguage":"es","@id":"https:\/\/www.eldiario.net\/portal\/#\/schema\/logo\/image\/","url":"https:\/\/www.eldiario.net\/portal\/wp-content\/uploads\/2023\/07\/logo_ED.jpg","contentUrl":"https:\/\/www.eldiario.net\/portal\/wp-content\/uploads\/2023\/07\/logo_ED.jpg","width":272,"height":52,"caption":"El Diario - Decano de la prensa nacional"},"image":{"@id":"https:\/\/www.eldiario.net\/portal\/#\/schema\/logo\/image\/"},"sameAs":["https:\/\/www.facebook.com\/eldiario.bolivia\/","https:\/\/x.com\/eldiario_net"]},{"@type":"Person","@id":"https:\/\/www.eldiario.net\/portal\/#\/schema\/person\/2c57cf2b7a7ae032e449e4c9b1019eac","name":"Jeanette","image":{"@type":"ImageObject","inLanguage":"es","@id":"https:\/\/secure.gravatar.com\/avatar\/3ea2118a5f7dad2b7138b1187a6b7ee55f160b9968b66013c3a3ef39dd7e5798?s=96&d=mm&r=g","url":"https:\/\/secure.gravatar.com\/avatar\/3ea2118a5f7dad2b7138b1187a6b7ee55f160b9968b66013c3a3ef39dd7e5798?s=96&d=mm&r=g","contentUrl":"https:\/\/secure.gravatar.com\/avatar\/3ea2118a5f7dad2b7138b1187a6b7ee55f160b9968b66013c3a3ef39dd7e5798?s=96&d=mm&r=g","caption":"Jeanette"},"sameAs":["https:\/\/www.eldiario.net\/portal"],"url":"https:\/\/www.eldiario.net\/portal\/author\/jeanette\/"}]}},"_links":{"self":[{"href":"https:\/\/www.eldiario.net\/portal\/wp-json\/wp\/v2\/posts\/427925","targetHints":{"allow":["GET"]}}],"collection":[{"href":"https:\/\/www.eldiario.net\/portal\/wp-json\/wp\/v2\/posts"}],"about":[{"href":"https:\/\/www.eldiario.net\/portal\/wp-json\/wp\/v2\/types\/post"}],"author":[{"embeddable":true,"href":"https:\/\/www.eldiario.net\/portal\/wp-json\/wp\/v2\/users\/1"}],"replies":[{"embeddable":true,"href":"https:\/\/www.eldiario.net\/portal\/wp-json\/wp\/v2\/comments?post=427925"}],"version-history":[{"count":1,"href":"https:\/\/www.eldiario.net\/portal\/wp-json\/wp\/v2\/posts\/427925\/revisions"}],"predecessor-version":[{"id":427927,"href":"https:\/\/www.eldiario.net\/portal\/wp-json\/wp\/v2\/posts\/427925\/revisions\/427927"}],"wp:featuredmedia":[{"embeddable":true,"href":"https:\/\/www.eldiario.net\/portal\/wp-json\/wp\/v2\/media\/427926"}],"wp:attachment":[{"href":"https:\/\/www.eldiario.net\/portal\/wp-json\/wp\/v2\/media?parent=427925"}],"wp:term":[{"taxonomy":"category","embeddable":true,"href":"https:\/\/www.eldiario.net\/portal\/wp-json\/wp\/v2\/categories?post=427925"},{"taxonomy":"post_tag","embeddable":true,"href":"https:\/\/www.eldiario.net\/portal\/wp-json\/wp\/v2\/tags?post=427925"}],"curies":[{"name":"wp","href":"https:\/\/api.w.org\/{rel}","templated":true}]}}