{"id":427906,"date":"2026-09-05T00:13:49","date_gmt":"2026-09-05T04:13:49","guid":{"rendered":"https:\/\/www.eldiario.net\/portal\/?p=427906"},"modified":"2026-09-05T00:13:49","modified_gmt":"2026-09-05T04:13:49","slug":"oruro-tendra-carrera-de-cochecitos-sin-motor-2","status":"publish","type":"post","link":"https:\/\/www.eldiario.net\/portal\/2026\/09\/05\/oruro-tendra-carrera-de-cochecitos-sin-motor-2\/","title":{"rendered":"Oruro tendr\u00e1 carrera de cochecitos sin motor"},"content":{"rendered":"<p>Sin motores y con el ingenio como principal aliado, los participantes de la sexta Carrera de Cochecitos Sin Motor \u201cDr. Sergio Silvetti Pardo\u201d se preparan para desafiar la velocidad este domingo en Oruro, en una competencia que reunir\u00e1 a ni\u00f1os, madres, j\u00f3venes y adultos como parte de las actividades por el D\u00eda Nacional del Peat\u00f3n y del Ciclista en Defensa de la Madre Tierra.<br \/>\nLa prueba pondr\u00e1 a competir a los participantes a bordo de cochecitos con rodamientos, ruedas de goma y estructuras libres, en un circuito con subidas, bajadas y cambios de pendiente. Una de las categor\u00edas m\u00e1s particulares permitir\u00e1 la participaci\u00f3n de madres junto a sus hijos o hijas de hasta cinco a\u00f1os.<br \/>\n\u201cDemuestra tu destreza e ingenio en nuestras categor\u00edas rodamientos cl\u00e1sicos, ruedas de goma, estructura libre y hasta carritos impulsados por mam\u00e1\u201d, destac\u00f3 la Alcald\u00eda de Oruro a trav\u00e9s de sus redes sociales.<br \/>\nDe acuerdo con la informaci\u00f3n de la convocatoria, los ni\u00f1os de 6 a 9 a\u00f1os y de 10 a 12 a\u00f1os podr\u00e1n participar como piloto y copiloto en las categor\u00edas de cochecitos con rodamientos y ruedas de goma. Los adolescentes de 13 a 16 a\u00f1os tendr\u00e1n su propia categor\u00eda de estructura libre, mientras que los mayores de 17 a\u00f1os competir\u00e1n en la categor\u00eda libre.<br \/>\nLa competencia tendr\u00e1 como punto de partida la Plazuela del Folklore y recorrer\u00e1 un circuito que pasar\u00e1 por la avenida C\u00edvica, Adolfo Mier, Presidente Montes, Plaza Principal, calle La Plata, calle Tupiza, calle La Paz, calle Rodr\u00edguez y avenida 6 de Agosto. La meta estar\u00e1 ubicada en el monumento al Jach\u2019a Flores.<br \/>\nLa jornada comenzar\u00e1 a las 08.00 con la apertura del parque cerrado en la avenida C\u00edvica Sanjin\u00e9s Vincenti. A las 09.00 se efectuar\u00e1 la reuni\u00f3n informativa y a las 09.30 comenzar\u00e1 la competencia, de acuerdo con el orden de largada establecido por la organizaci\u00f3n.<br \/>\nLa seguridad ser\u00e1 una condici\u00f3n indispensable para todos los participantes. El reglamento exige el uso de casco, coderas, rodilleras y guantes durante la prueba.<br \/>\nEl Rotary Club San Miguel organiza la competencia con apoyo del Gobierno Aut\u00f3nomo Municipal de Oruro. La premiaci\u00f3n est\u00e1 prevista para las 12.30 y reconocer\u00e1 a los tres primeros puestos de cada clase con trofeos, medallas, certificados, material escolar, bicicletas y otros premios, seg\u00fan la categor\u00eda y posici\u00f3n de llegada.<br \/>\n\u201c\u00a1Toda la poblaci\u00f3n est\u00e1 cordialmente invitada a disfrutar y ser parte de esta gran jornada de alegr\u00eda, sana competencia y diversi\u00f3n!\u201d, agreg\u00f3 la Alcald\u00eda de Oruro. (ABI)<\/p>\n","protected":false},"excerpt":{"rendered":"<p>Sin motores y con el ingenio como principal aliado, los participantes de la sexta Carrera de Cochecitos Sin Motor \u201cDr. Sergio Silvetti Pardo\u201d se preparan para desafiar la velocidad este domingo en Oruro, en una competencia que reunir\u00e1 a ni\u00f1os, madres, j\u00f3venes y adultos como parte de las actividades por el D\u00eda Nacional del Peat\u00f3n [&hellip;]<\/p>\n","protected":false},"author":1,"featured_media":427907,"comment_status":"closed","ping_status":"open","sticky":false,"template":"","format":"standard","meta":{"_acf_changed":false,"footnotes":""},"categories":[12],"tags":[],"class_list":["post-427906","post","type-post","status-publish","format-standard","has-post-thumbnail","category-nacional"],"acf":{"antetitulo":""},"yoast_head":"<!-- This site is optimized with the Yoast SEO plugin v28.4 - https:\/\/yoast.com\/product\/yoast-seo-wordpress\/ -->\n<title>Oruro tendr\u00e1 carrera de cochecitos sin motor - El Diario - Bolivia<\/title>\n<meta name=\"robots\" content=\"index, follow, max-snippet:-1, max-image-preview:large, max-video-preview:-1\" \/>\n<link rel=\"canonical\" href=\"https:\/\/www.eldiario.net\/portal\/2026\/09\/05\/oruro-tendra-carrera-de-cochecitos-sin-motor-2\/\" \/>\n<meta property=\"og:locale\" content=\"es_ES\" \/>\n<meta property=\"og:type\" content=\"article\" \/>\n<meta property=\"og:title\" content=\"Oruro tendr\u00e1 carrera de cochecitos sin motor - El Diario - Bolivia\" \/>\n<meta property=\"og:description\" content=\"Sin motores y con el ingenio como principal aliado, los participantes de la sexta Carrera de Cochecitos Sin Motor \u201cDr. Sergio Silvetti Pardo\u201d se preparan para desafiar la velocidad este domingo en Oruro, en una competencia que reunir\u00e1 a ni\u00f1os, madres, j\u00f3venes y adultos como parte de las actividades por el D\u00eda Nacional del Peat\u00f3n [&hellip;]\" \/>\n<meta property=\"og:url\" content=\"https:\/\/www.eldiario.net\/portal\/2026\/09\/05\/oruro-tendra-carrera-de-cochecitos-sin-motor-2\/\" \/>\n<meta property=\"og:site_name\" content=\"El Diario - Bolivia\" \/>\n<meta property=\"article:publisher\" content=\"https:\/\/www.facebook.com\/eldiario.bolivia\/\" \/>\n<meta property=\"article:published_time\" content=\"2026-09-05T04:13:49+00:00\" \/>\n<meta property=\"og:image\" content=\"https:\/\/www.eldiario.net\/portal\/wp-content\/uploads\/2026\/09\/73-NAL.webp\" \/>\n\t<meta property=\"og:image:width\" content=\"1229\" \/>\n\t<meta property=\"og:image:height\" content=\"672\" \/>\n\t<meta property=\"og:image:type\" content=\"image\/webp\" \/>\n<meta name=\"author\" content=\"Jeanette\" \/>\n<meta name=\"twitter:card\" content=\"summary_large_image\" \/>\n<meta name=\"twitter:creator\" content=\"@eldiario_net\" \/>\n<meta name=\"twitter:site\" content=\"@eldiario_net\" \/>\n<meta name=\"twitter:label1\" content=\"Escrito por\" \/>\n\t<meta name=\"twitter:data1\" content=\"Jeanette\" \/>\n\t<meta name=\"twitter:label2\" content=\"Tiempo de lectura\" \/>\n\t<meta name=\"twitter:data2\" content=\"3 minutos\" \/>\n<script type=\"application\/ld+json\" class=\"yoast-schema-graph\">{\"@context\":\"https:\\\/\\\/schema.org\",\"@graph\":[{\"@type\":\"Article\",\"@id\":\"https:\\\/\\\/www.eldiario.net\\\/portal\\\/2026\\\/09\\\/05\\\/oruro-tendra-carrera-de-cochecitos-sin-motor-2\\\/#article\",\"isPartOf\":{\"@id\":\"https:\\\/\\\/www.eldiario.net\\\/portal\\\/2026\\\/09\\\/05\\\/oruro-tendra-carrera-de-cochecitos-sin-motor-2\\\/\"},\"author\":{\"name\":\"Jeanette\",\"@id\":\"https:\\\/\\\/www.eldiario.net\\\/portal\\\/#\\\/schema\\\/person\\\/2c57cf2b7a7ae032e449e4c9b1019eac\"},\"headline\":\"Oruro tendr\u00e1 carrera de cochecitos sin motor\",\"datePublished\":\"2026-09-05T04:13:49+00:00\",\"mainEntityOfPage\":{\"@id\":\"https:\\\/\\\/www.eldiario.net\\\/portal\\\/2026\\\/09\\\/05\\\/oruro-tendra-carrera-de-cochecitos-sin-motor-2\\\/\"},\"wordCount\":444,\"publisher\":{\"@id\":\"https:\\\/\\\/www.eldiario.net\\\/portal\\\/#organization\"},\"image\":{\"@id\":\"https:\\\/\\\/www.eldiario.net\\\/portal\\\/2026\\\/09\\\/05\\\/oruro-tendra-carrera-de-cochecitos-sin-motor-2\\\/#primaryimage\"},\"thumbnailUrl\":\"https:\\\/\\\/www.eldiario.net\\\/portal\\\/wp-content\\\/uploads\\\/2026\\\/09\\\/73-NAL.webp\",\"articleSection\":[\"Nacional\"],\"inLanguage\":\"es\"},{\"@type\":\"WebPage\",\"@id\":\"https:\\\/\\\/www.eldiario.net\\\/portal\\\/2026\\\/09\\\/05\\\/oruro-tendra-carrera-de-cochecitos-sin-motor-2\\\/\",\"url\":\"https:\\\/\\\/www.eldiario.net\\\/portal\\\/2026\\\/09\\\/05\\\/oruro-tendra-carrera-de-cochecitos-sin-motor-2\\\/\",\"name\":\"Oruro tendr\u00e1 carrera de cochecitos sin motor - El Diario - Bolivia\",\"isPartOf\":{\"@id\":\"https:\\\/\\\/www.eldiario.net\\\/portal\\\/#website\"},\"primaryImageOfPage\":{\"@id\":\"https:\\\/\\\/www.eldiario.net\\\/portal\\\/2026\\\/09\\\/05\\\/oruro-tendra-carrera-de-cochecitos-sin-motor-2\\\/#primaryimage\"},\"image\":{\"@id\":\"https:\\\/\\\/www.eldiario.net\\\/portal\\\/2026\\\/09\\\/05\\\/oruro-tendra-carrera-de-cochecitos-sin-motor-2\\\/#primaryimage\"},\"thumbnailUrl\":\"https:\\\/\\\/www.eldiario.net\\\/portal\\\/wp-content\\\/uploads\\\/2026\\\/09\\\/73-NAL.webp\",\"datePublished\":\"2026-09-05T04:13:49+00:00\",\"breadcrumb\":{\"@id\":\"https:\\\/\\\/www.eldiario.net\\\/portal\\\/2026\\\/09\\\/05\\\/oruro-tendra-carrera-de-cochecitos-sin-motor-2\\\/#breadcrumb\"},\"inLanguage\":\"es\",\"potentialAction\":[{\"@type\":\"ReadAction\",\"target\":[\"https:\\\/\\\/www.eldiario.net\\\/portal\\\/2026\\\/09\\\/05\\\/oruro-tendra-carrera-de-cochecitos-sin-motor-2\\\/\"]}]},{\"@type\":\"ImageObject\",\"inLanguage\":\"es\",\"@id\":\"https:\\\/\\\/www.eldiario.net\\\/portal\\\/2026\\\/09\\\/05\\\/oruro-tendra-carrera-de-cochecitos-sin-motor-2\\\/#primaryimage\",\"url\":\"https:\\\/\\\/www.eldiario.net\\\/portal\\\/wp-content\\\/uploads\\\/2026\\\/09\\\/73-NAL.webp\",\"contentUrl\":\"https:\\\/\\\/www.eldiario.net\\\/portal\\\/wp-content\\\/uploads\\\/2026\\\/09\\\/73-NAL.webp\",\"width\":1229,\"height\":672,\"caption\":\"Una versi\u00f3n anterior de la competencia.\"},{\"@type\":\"BreadcrumbList\",\"@id\":\"https:\\\/\\\/www.eldiario.net\\\/portal\\\/2026\\\/09\\\/05\\\/oruro-tendra-carrera-de-cochecitos-sin-motor-2\\\/#breadcrumb\",\"itemListElement\":[{\"@type\":\"ListItem\",\"position\":1,\"name\":\"Portada\",\"item\":\"https:\\\/\\\/www.eldiario.net\\\/portal\\\/\"},{\"@type\":\"ListItem\",\"position\":2,\"name\":\"Oruro tendr\u00e1 carrera de cochecitos sin motor\"}]},{\"@type\":\"WebSite\",\"@id\":\"https:\\\/\\\/www.eldiario.net\\\/portal\\\/#website\",\"url\":\"https:\\\/\\\/www.eldiario.net\\\/portal\\\/\",\"name\":\"El Diario - Decano de la prensa nacional\",\"description\":\"El Diario - Decano de la prensa nacional\",\"publisher\":{\"@id\":\"https:\\\/\\\/www.eldiario.net\\\/portal\\\/#organization\"},\"potentialAction\":[{\"@type\":\"SearchAction\",\"target\":{\"@type\":\"EntryPoint\",\"urlTemplate\":\"https:\\\/\\\/www.eldiario.net\\\/portal\\\/?s={search_term_string}\"},\"query-input\":{\"@type\":\"PropertyValueSpecification\",\"valueRequired\":true,\"valueName\":\"search_term_string\"}}],\"inLanguage\":\"es\"},{\"@type\":\"Organization\",\"@id\":\"https:\\\/\\\/www.eldiario.net\\\/portal\\\/#organization\",\"name\":\"El Diario - Decano de la prensa nacional\",\"url\":\"https:\\\/\\\/www.eldiario.net\\\/portal\\\/\",\"logo\":{\"@type\":\"ImageObject\",\"inLanguage\":\"es\",\"@id\":\"https:\\\/\\\/www.eldiario.net\\\/portal\\\/#\\\/schema\\\/logo\\\/image\\\/\",\"url\":\"https:\\\/\\\/www.eldiario.net\\\/portal\\\/wp-content\\\/uploads\\\/2023\\\/07\\\/logo_ED.jpg\",\"contentUrl\":\"https:\\\/\\\/www.eldiario.net\\\/portal\\\/wp-content\\\/uploads\\\/2023\\\/07\\\/logo_ED.jpg\",\"width\":272,\"height\":52,\"caption\":\"El Diario - Decano de la prensa nacional\"},\"image\":{\"@id\":\"https:\\\/\\\/www.eldiario.net\\\/portal\\\/#\\\/schema\\\/logo\\\/image\\\/\"},\"sameAs\":[\"https:\\\/\\\/www.facebook.com\\\/eldiario.bolivia\\\/\",\"https:\\\/\\\/x.com\\\/eldiario_net\"]},{\"@type\":\"Person\",\"@id\":\"https:\\\/\\\/www.eldiario.net\\\/portal\\\/#\\\/schema\\\/person\\\/2c57cf2b7a7ae032e449e4c9b1019eac\",\"name\":\"Jeanette\",\"image\":{\"@type\":\"ImageObject\",\"inLanguage\":\"es\",\"@id\":\"https:\\\/\\\/secure.gravatar.com\\\/avatar\\\/3ea2118a5f7dad2b7138b1187a6b7ee55f160b9968b66013c3a3ef39dd7e5798?s=96&d=mm&r=g\",\"url\":\"https:\\\/\\\/secure.gravatar.com\\\/avatar\\\/3ea2118a5f7dad2b7138b1187a6b7ee55f160b9968b66013c3a3ef39dd7e5798?s=96&d=mm&r=g\",\"contentUrl\":\"https:\\\/\\\/secure.gravatar.com\\\/avatar\\\/3ea2118a5f7dad2b7138b1187a6b7ee55f160b9968b66013c3a3ef39dd7e5798?s=96&d=mm&r=g\",\"caption\":\"Jeanette\"},\"sameAs\":[\"https:\\\/\\\/www.eldiario.net\\\/portal\"],\"url\":\"https:\\\/\\\/www.eldiario.net\\\/portal\\\/author\\\/jeanette\\\/\"}]}<\/script>\n<!-- \/ Yoast SEO plugin. -->","yoast_head_json":{"title":"Oruro tendr\u00e1 carrera de cochecitos sin motor - El Diario - Bolivia","robots":{"index":"index","follow":"follow","max-snippet":"max-snippet:-1","max-image-preview":"max-image-preview:large","max-video-preview":"max-video-preview:-1"},"canonical":"https:\/\/www.eldiario.net\/portal\/2026\/09\/05\/oruro-tendra-carrera-de-cochecitos-sin-motor-2\/","og_locale":"es_ES","og_type":"article","og_title":"Oruro tendr\u00e1 carrera de cochecitos sin motor - El Diario - Bolivia","og_description":"Sin motores y con el ingenio como principal aliado, los participantes de la sexta Carrera de Cochecitos Sin Motor \u201cDr. Sergio Silvetti Pardo\u201d se preparan para desafiar la velocidad este domingo en Oruro, en una competencia que reunir\u00e1 a ni\u00f1os, madres, j\u00f3venes y adultos como parte de las actividades por el D\u00eda Nacional del Peat\u00f3n [&hellip;]","og_url":"https:\/\/www.eldiario.net\/portal\/2026\/09\/05\/oruro-tendra-carrera-de-cochecitos-sin-motor-2\/","og_site_name":"El Diario - Bolivia","article_publisher":"https:\/\/www.facebook.com\/eldiario.bolivia\/","article_published_time":"2026-09-05T04:13:49+00:00","og_image":[{"width":1229,"height":672,"url":"https:\/\/www.eldiario.net\/portal\/wp-content\/uploads\/2026\/09\/73-NAL.webp","type":"image\/webp"}],"author":"Jeanette","twitter_card":"summary_large_image","twitter_creator":"@eldiario_net","twitter_site":"@eldiario_net","twitter_misc":{"Escrito por":"Jeanette","Tiempo de lectura":"3 minutos"},"schema":{"@context":"https:\/\/schema.org","@graph":[{"@type":"Article","@id":"https:\/\/www.eldiario.net\/portal\/2026\/09\/05\/oruro-tendra-carrera-de-cochecitos-sin-motor-2\/#article","isPartOf":{"@id":"https:\/\/www.eldiario.net\/portal\/2026\/09\/05\/oruro-tendra-carrera-de-cochecitos-sin-motor-2\/"},"author":{"name":"Jeanette","@id":"https:\/\/www.eldiario.net\/portal\/#\/schema\/person\/2c57cf2b7a7ae032e449e4c9b1019eac"},"headline":"Oruro tendr\u00e1 carrera de cochecitos sin motor","datePublished":"2026-09-05T04:13:49+00:00","mainEntityOfPage":{"@id":"https:\/\/www.eldiario.net\/portal\/2026\/09\/05\/oruro-tendra-carrera-de-cochecitos-sin-motor-2\/"},"wordCount":444,"publisher":{"@id":"https:\/\/www.eldiario.net\/portal\/#organization"},"image":{"@id":"https:\/\/www.eldiario.net\/portal\/2026\/09\/05\/oruro-tendra-carrera-de-cochecitos-sin-motor-2\/#primaryimage"},"thumbnailUrl":"https:\/\/www.eldiario.net\/portal\/wp-content\/uploads\/2026\/09\/73-NAL.webp","articleSection":["Nacional"],"inLanguage":"es"},{"@type":"WebPage","@id":"https:\/\/www.eldiario.net\/portal\/2026\/09\/05\/oruro-tendra-carrera-de-cochecitos-sin-motor-2\/","url":"https:\/\/www.eldiario.net\/portal\/2026\/09\/05\/oruro-tendra-carrera-de-cochecitos-sin-motor-2\/","name":"Oruro tendr\u00e1 carrera de cochecitos sin motor - El Diario - Bolivia","isPartOf":{"@id":"https:\/\/www.eldiario.net\/portal\/#website"},"primaryImageOfPage":{"@id":"https:\/\/www.eldiario.net\/portal\/2026\/09\/05\/oruro-tendra-carrera-de-cochecitos-sin-motor-2\/#primaryimage"},"image":{"@id":"https:\/\/www.eldiario.net\/portal\/2026\/09\/05\/oruro-tendra-carrera-de-cochecitos-sin-motor-2\/#primaryimage"},"thumbnailUrl":"https:\/\/www.eldiario.net\/portal\/wp-content\/uploads\/2026\/09\/73-NAL.webp","datePublished":"2026-09-05T04:13:49+00:00","breadcrumb":{"@id":"https:\/\/www.eldiario.net\/portal\/2026\/09\/05\/oruro-tendra-carrera-de-cochecitos-sin-motor-2\/#breadcrumb"},"inLanguage":"es","potentialAction":[{"@type":"ReadAction","target":["https:\/\/www.eldiario.net\/portal\/2026\/09\/05\/oruro-tendra-carrera-de-cochecitos-sin-motor-2\/"]}]},{"@type":"ImageObject","inLanguage":"es","@id":"https:\/\/www.eldiario.net\/portal\/2026\/09\/05\/oruro-tendra-carrera-de-cochecitos-sin-motor-2\/#primaryimage","url":"https:\/\/www.eldiario.net\/portal\/wp-content\/uploads\/2026\/09\/73-NAL.webp","contentUrl":"https:\/\/www.eldiario.net\/portal\/wp-content\/uploads\/2026\/09\/73-NAL.webp","width":1229,"height":672,"caption":"Una versi\u00f3n anterior de la competencia."},{"@type":"BreadcrumbList","@id":"https:\/\/www.eldiario.net\/portal\/2026\/09\/05\/oruro-tendra-carrera-de-cochecitos-sin-motor-2\/#breadcrumb","itemListElement":[{"@type":"ListItem","position":1,"name":"Portada","item":"https:\/\/www.eldiario.net\/portal\/"},{"@type":"ListItem","position":2,"name":"Oruro tendr\u00e1 carrera de cochecitos sin motor"}]},{"@type":"WebSite","@id":"https:\/\/www.eldiario.net\/portal\/#website","url":"https:\/\/www.eldiario.net\/portal\/","name":"El Diario - Decano de la prensa nacional","description":"El Diario - Decano de la prensa nacional","publisher":{"@id":"https:\/\/www.eldiario.net\/portal\/#organization"},"potentialAction":[{"@type":"SearchAction","target":{"@type":"EntryPoint","urlTemplate":"https:\/\/www.eldiario.net\/portal\/?s={search_term_string}"},"query-input":{"@type":"PropertyValueSpecification","valueRequired":true,"valueName":"search_term_string"}}],"inLanguage":"es"},{"@type":"Organization","@id":"https:\/\/www.eldiario.net\/portal\/#organization","name":"El Diario - Decano de la prensa nacional","url":"https:\/\/www.eldiario.net\/portal\/","logo":{"@type":"ImageObject","inLanguage":"es","@id":"https:\/\/www.eldiario.net\/portal\/#\/schema\/logo\/image\/","url":"https:\/\/www.eldiario.net\/portal\/wp-content\/uploads\/2023\/07\/logo_ED.jpg","contentUrl":"https:\/\/www.eldiario.net\/portal\/wp-content\/uploads\/2023\/07\/logo_ED.jpg","width":272,"height":52,"caption":"El Diario - Decano de la prensa nacional"},"image":{"@id":"https:\/\/www.eldiario.net\/portal\/#\/schema\/logo\/image\/"},"sameAs":["https:\/\/www.facebook.com\/eldiario.bolivia\/","https:\/\/x.com\/eldiario_net"]},{"@type":"Person","@id":"https:\/\/www.eldiario.net\/portal\/#\/schema\/person\/2c57cf2b7a7ae032e449e4c9b1019eac","name":"Jeanette","image":{"@type":"ImageObject","inLanguage":"es","@id":"https:\/\/secure.gravatar.com\/avatar\/3ea2118a5f7dad2b7138b1187a6b7ee55f160b9968b66013c3a3ef39dd7e5798?s=96&d=mm&r=g","url":"https:\/\/secure.gravatar.com\/avatar\/3ea2118a5f7dad2b7138b1187a6b7ee55f160b9968b66013c3a3ef39dd7e5798?s=96&d=mm&r=g","contentUrl":"https:\/\/secure.gravatar.com\/avatar\/3ea2118a5f7dad2b7138b1187a6b7ee55f160b9968b66013c3a3ef39dd7e5798?s=96&d=mm&r=g","caption":"Jeanette"},"sameAs":["https:\/\/www.eldiario.net\/portal"],"url":"https:\/\/www.eldiario.net\/portal\/author\/jeanette\/"}]}},"_links":{"self":[{"href":"https:\/\/www.eldiario.net\/portal\/wp-json\/wp\/v2\/posts\/427906","targetHints":{"allow":["GET"]}}],"collection":[{"href":"https:\/\/www.eldiario.net\/portal\/wp-json\/wp\/v2\/posts"}],"about":[{"href":"https:\/\/www.eldiario.net\/portal\/wp-json\/wp\/v2\/types\/post"}],"author":[{"embeddable":true,"href":"https:\/\/www.eldiario.net\/portal\/wp-json\/wp\/v2\/users\/1"}],"replies":[{"embeddable":true,"href":"https:\/\/www.eldiario.net\/portal\/wp-json\/wp\/v2\/comments?post=427906"}],"version-history":[{"count":1,"href":"https:\/\/www.eldiario.net\/portal\/wp-json\/wp\/v2\/posts\/427906\/revisions"}],"predecessor-version":[{"id":427908,"href":"https:\/\/www.eldiario.net\/portal\/wp-json\/wp\/v2\/posts\/427906\/revisions\/427908"}],"wp:featuredmedia":[{"embeddable":true,"href":"https:\/\/www.eldiario.net\/portal\/wp-json\/wp\/v2\/media\/427907"}],"wp:attachment":[{"href":"https:\/\/www.eldiario.net\/portal\/wp-json\/wp\/v2\/media?parent=427906"}],"wp:term":[{"taxonomy":"category","embeddable":true,"href":"https:\/\/www.eldiario.net\/portal\/wp-json\/wp\/v2\/categories?post=427906"},{"taxonomy":"post_tag","embeddable":true,"href":"https:\/\/www.eldiario.net\/portal\/wp-json\/wp\/v2\/tags?post=427906"}],"curies":[{"name":"wp","href":"https:\/\/api.w.org\/{rel}","templated":true}]}}