{"id":427903,"date":"2026-09-05T00:12:52","date_gmt":"2026-09-05T04:12:52","guid":{"rendered":"https:\/\/www.eldiario.net\/portal\/?p=427903"},"modified":"2026-09-05T00:12:52","modified_gmt":"2026-09-05T04:12:52","slug":"activan-controles-luego-de-denuncias-de-cobros-por-cargos-en-gobernacion","status":"publish","type":"post","link":"https:\/\/www.eldiario.net\/portal\/2026\/09\/05\/activan-controles-luego-de-denuncias-de-cobros-por-cargos-en-gobernacion\/","title":{"rendered":"Activan controles luego de denuncias  de cobros por cargos en Gobernaci\u00f3n"},"content":{"rendered":"<p>La Gobernaci\u00f3n de Santa Cruz activ\u00f3 sus mecanismos de control y lucha contra la corrupci\u00f3n tras recibir denuncias sobre presuntos cobros de dinero a cambio de puestos de trabajo dentro de la instituci\u00f3n departamental.<br \/>\nEl director de la Oficina de Anticorrupci\u00f3n, Iv\u00e1n Garc\u00eda, inform\u00f3 que una de las denuncias fue recibida mediante el Bot\u00f3n Anticorrupci\u00f3n, lo que permiti\u00f3 activar de manera inmediata los procedimientos institucionales y coordinar acciones con las autoridades competentes.<br \/>\nA partir de esta intervenci\u00f3n, la Gobernaci\u00f3n identific\u00f3 hechos en los que personas presuntamente solicitaban dinero bajo la promesa de gestionar cargos dentro de la instituci\u00f3n. Uno de los casos fue detectado en instalaciones del Gobierno Departamental, donde una persona habr\u00eda realizado cobros irregulares a cambio de una fuente laboral.<br \/>\nEl hecho fue puesto en conocimiento de las instancias correspondientes para el desarrollo de las investigaciones. En ese marco, la Gobernaci\u00f3n se constituy\u00f3 ante la Fuerza Especial de Lucha Contra el Crimen (Felcc) para coadyuvar en el proceso y asumir las acciones legales que correspondan.<br \/>\nEl director de Asuntos Contenciosos, Carlos Alberto Gonz\u00e1lez, inform\u00f3 que uno de los denunciados fue aprehendido en flagrancia y se encuentra a la espera de su audiencia cautelar. Asimismo, se\u00f1al\u00f3 que la instituci\u00f3n realizar\u00e1 seguimiento al caso hasta su conclusi\u00f3n. (Santa Cruz, agencias)<\/p>\n","protected":false},"excerpt":{"rendered":"<p>La Gobernaci\u00f3n de Santa Cruz activ\u00f3 sus mecanismos de control y lucha contra la corrupci\u00f3n tras recibir denuncias sobre presuntos cobros de dinero a cambio de puestos de trabajo dentro de la instituci\u00f3n departamental. El director de la Oficina de Anticorrupci\u00f3n, Iv\u00e1n Garc\u00eda, inform\u00f3 que una de las denuncias fue recibida mediante el Bot\u00f3n Anticorrupci\u00f3n, [&hellip;]<\/p>\n","protected":false},"author":1,"featured_media":427904,"comment_status":"closed","ping_status":"open","sticky":false,"template":"","format":"standard","meta":{"_acf_changed":false,"footnotes":""},"categories":[12],"tags":[],"class_list":["post-427903","post","type-post","status-publish","format-standard","has-post-thumbnail","category-nacional"],"acf":{"antetitulo":"Santa Cruz"},"yoast_head":"<!-- This site is optimized with the Yoast SEO plugin v28.4 - https:\/\/yoast.com\/product\/yoast-seo-wordpress\/ -->\n<title>Activan controles luego de denuncias de cobros por cargos en Gobernaci\u00f3n - El Diario - Bolivia<\/title>\n<meta name=\"robots\" content=\"index, follow, max-snippet:-1, max-image-preview:large, max-video-preview:-1\" \/>\n<link rel=\"canonical\" href=\"https:\/\/www.eldiario.net\/portal\/2026\/09\/05\/activan-controles-luego-de-denuncias-de-cobros-por-cargos-en-gobernacion\/\" \/>\n<meta property=\"og:locale\" content=\"es_ES\" \/>\n<meta property=\"og:type\" content=\"article\" \/>\n<meta property=\"og:title\" content=\"Activan controles luego de denuncias de cobros por cargos en Gobernaci\u00f3n - El Diario - Bolivia\" \/>\n<meta property=\"og:description\" content=\"La Gobernaci\u00f3n de Santa Cruz activ\u00f3 sus mecanismos de control y lucha contra la corrupci\u00f3n tras recibir denuncias sobre presuntos cobros de dinero a cambio de puestos de trabajo dentro de la instituci\u00f3n departamental. El director de la Oficina de Anticorrupci\u00f3n, Iv\u00e1n Garc\u00eda, inform\u00f3 que una de las denuncias fue recibida mediante el Bot\u00f3n Anticorrupci\u00f3n, [&hellip;]\" \/>\n<meta property=\"og:url\" content=\"https:\/\/www.eldiario.net\/portal\/2026\/09\/05\/activan-controles-luego-de-denuncias-de-cobros-por-cargos-en-gobernacion\/\" \/>\n<meta property=\"og:site_name\" content=\"El Diario - Bolivia\" \/>\n<meta property=\"article:publisher\" content=\"https:\/\/www.facebook.com\/eldiario.bolivia\/\" \/>\n<meta property=\"article:published_time\" content=\"2026-09-05T04:12:52+00:00\" \/>\n<meta property=\"og:image\" content=\"https:\/\/www.eldiario.net\/portal\/wp-content\/uploads\/2026\/09\/72-NAL.webp\" \/>\n\t<meta property=\"og:image:width\" content=\"1239\" \/>\n\t<meta property=\"og:image:height\" content=\"689\" \/>\n\t<meta property=\"og:image:type\" content=\"image\/webp\" \/>\n<meta name=\"author\" content=\"Jeanette\" \/>\n<meta name=\"twitter:card\" content=\"summary_large_image\" \/>\n<meta name=\"twitter:creator\" content=\"@eldiario_net\" \/>\n<meta name=\"twitter:site\" content=\"@eldiario_net\" \/>\n<meta name=\"twitter:label1\" content=\"Escrito por\" \/>\n\t<meta name=\"twitter:data1\" content=\"Jeanette\" \/>\n\t<meta name=\"twitter:label2\" content=\"Tiempo de lectura\" \/>\n\t<meta name=\"twitter:data2\" content=\"2 minutos\" \/>\n<script type=\"application\/ld+json\" class=\"yoast-schema-graph\">{\"@context\":\"https:\\\/\\\/schema.org\",\"@graph\":[{\"@type\":\"Article\",\"@id\":\"https:\\\/\\\/www.eldiario.net\\\/portal\\\/2026\\\/09\\\/05\\\/activan-controles-luego-de-denuncias-de-cobros-por-cargos-en-gobernacion\\\/#article\",\"isPartOf\":{\"@id\":\"https:\\\/\\\/www.eldiario.net\\\/portal\\\/2026\\\/09\\\/05\\\/activan-controles-luego-de-denuncias-de-cobros-por-cargos-en-gobernacion\\\/\"},\"author\":{\"name\":\"Jeanette\",\"@id\":\"https:\\\/\\\/www.eldiario.net\\\/portal\\\/#\\\/schema\\\/person\\\/2c57cf2b7a7ae032e449e4c9b1019eac\"},\"headline\":\"Activan controles luego de denuncias de cobros por cargos en Gobernaci\u00f3n\",\"datePublished\":\"2026-09-05T04:12:52+00:00\",\"mainEntityOfPage\":{\"@id\":\"https:\\\/\\\/www.eldiario.net\\\/portal\\\/2026\\\/09\\\/05\\\/activan-controles-luego-de-denuncias-de-cobros-por-cargos-en-gobernacion\\\/\"},\"wordCount\":239,\"publisher\":{\"@id\":\"https:\\\/\\\/www.eldiario.net\\\/portal\\\/#organization\"},\"image\":{\"@id\":\"https:\\\/\\\/www.eldiario.net\\\/portal\\\/2026\\\/09\\\/05\\\/activan-controles-luego-de-denuncias-de-cobros-por-cargos-en-gobernacion\\\/#primaryimage\"},\"thumbnailUrl\":\"https:\\\/\\\/www.eldiario.net\\\/portal\\\/wp-content\\\/uploads\\\/2026\\\/09\\\/72-NAL.webp\",\"articleSection\":[\"Nacional\"],\"inLanguage\":\"es\"},{\"@type\":\"WebPage\",\"@id\":\"https:\\\/\\\/www.eldiario.net\\\/portal\\\/2026\\\/09\\\/05\\\/activan-controles-luego-de-denuncias-de-cobros-por-cargos-en-gobernacion\\\/\",\"url\":\"https:\\\/\\\/www.eldiario.net\\\/portal\\\/2026\\\/09\\\/05\\\/activan-controles-luego-de-denuncias-de-cobros-por-cargos-en-gobernacion\\\/\",\"name\":\"Activan controles luego de denuncias de cobros por cargos en Gobernaci\u00f3n - El Diario - Bolivia\",\"isPartOf\":{\"@id\":\"https:\\\/\\\/www.eldiario.net\\\/portal\\\/#website\"},\"primaryImageOfPage\":{\"@id\":\"https:\\\/\\\/www.eldiario.net\\\/portal\\\/2026\\\/09\\\/05\\\/activan-controles-luego-de-denuncias-de-cobros-por-cargos-en-gobernacion\\\/#primaryimage\"},\"image\":{\"@id\":\"https:\\\/\\\/www.eldiario.net\\\/portal\\\/2026\\\/09\\\/05\\\/activan-controles-luego-de-denuncias-de-cobros-por-cargos-en-gobernacion\\\/#primaryimage\"},\"thumbnailUrl\":\"https:\\\/\\\/www.eldiario.net\\\/portal\\\/wp-content\\\/uploads\\\/2026\\\/09\\\/72-NAL.webp\",\"datePublished\":\"2026-09-05T04:12:52+00:00\",\"breadcrumb\":{\"@id\":\"https:\\\/\\\/www.eldiario.net\\\/portal\\\/2026\\\/09\\\/05\\\/activan-controles-luego-de-denuncias-de-cobros-por-cargos-en-gobernacion\\\/#breadcrumb\"},\"inLanguage\":\"es\",\"potentialAction\":[{\"@type\":\"ReadAction\",\"target\":[\"https:\\\/\\\/www.eldiario.net\\\/portal\\\/2026\\\/09\\\/05\\\/activan-controles-luego-de-denuncias-de-cobros-por-cargos-en-gobernacion\\\/\"]}]},{\"@type\":\"ImageObject\",\"inLanguage\":\"es\",\"@id\":\"https:\\\/\\\/www.eldiario.net\\\/portal\\\/2026\\\/09\\\/05\\\/activan-controles-luego-de-denuncias-de-cobros-por-cargos-en-gobernacion\\\/#primaryimage\",\"url\":\"https:\\\/\\\/www.eldiario.net\\\/portal\\\/wp-content\\\/uploads\\\/2026\\\/09\\\/72-NAL.webp\",\"contentUrl\":\"https:\\\/\\\/www.eldiario.net\\\/portal\\\/wp-content\\\/uploads\\\/2026\\\/09\\\/72-NAL.webp\",\"width\":1239,\"height\":689,\"caption\":\"Autoridades de la Gobernaci\u00f3n de Santa Cruz.\"},{\"@type\":\"BreadcrumbList\",\"@id\":\"https:\\\/\\\/www.eldiario.net\\\/portal\\\/2026\\\/09\\\/05\\\/activan-controles-luego-de-denuncias-de-cobros-por-cargos-en-gobernacion\\\/#breadcrumb\",\"itemListElement\":[{\"@type\":\"ListItem\",\"position\":1,\"name\":\"Portada\",\"item\":\"https:\\\/\\\/www.eldiario.net\\\/portal\\\/\"},{\"@type\":\"ListItem\",\"position\":2,\"name\":\"Activan controles luego de denuncias de cobros por cargos en Gobernaci\u00f3n\"}]},{\"@type\":\"WebSite\",\"@id\":\"https:\\\/\\\/www.eldiario.net\\\/portal\\\/#website\",\"url\":\"https:\\\/\\\/www.eldiario.net\\\/portal\\\/\",\"name\":\"El Diario - Decano de la prensa nacional\",\"description\":\"El Diario - Decano de la prensa nacional\",\"publisher\":{\"@id\":\"https:\\\/\\\/www.eldiario.net\\\/portal\\\/#organization\"},\"potentialAction\":[{\"@type\":\"SearchAction\",\"target\":{\"@type\":\"EntryPoint\",\"urlTemplate\":\"https:\\\/\\\/www.eldiario.net\\\/portal\\\/?s={search_term_string}\"},\"query-input\":{\"@type\":\"PropertyValueSpecification\",\"valueRequired\":true,\"valueName\":\"search_term_string\"}}],\"inLanguage\":\"es\"},{\"@type\":\"Organization\",\"@id\":\"https:\\\/\\\/www.eldiario.net\\\/portal\\\/#organization\",\"name\":\"El Diario - Decano de la prensa nacional\",\"url\":\"https:\\\/\\\/www.eldiario.net\\\/portal\\\/\",\"logo\":{\"@type\":\"ImageObject\",\"inLanguage\":\"es\",\"@id\":\"https:\\\/\\\/www.eldiario.net\\\/portal\\\/#\\\/schema\\\/logo\\\/image\\\/\",\"url\":\"https:\\\/\\\/www.eldiario.net\\\/portal\\\/wp-content\\\/uploads\\\/2023\\\/07\\\/logo_ED.jpg\",\"contentUrl\":\"https:\\\/\\\/www.eldiario.net\\\/portal\\\/wp-content\\\/uploads\\\/2023\\\/07\\\/logo_ED.jpg\",\"width\":272,\"height\":52,\"caption\":\"El Diario - Decano de la prensa nacional\"},\"image\":{\"@id\":\"https:\\\/\\\/www.eldiario.net\\\/portal\\\/#\\\/schema\\\/logo\\\/image\\\/\"},\"sameAs\":[\"https:\\\/\\\/www.facebook.com\\\/eldiario.bolivia\\\/\",\"https:\\\/\\\/x.com\\\/eldiario_net\"]},{\"@type\":\"Person\",\"@id\":\"https:\\\/\\\/www.eldiario.net\\\/portal\\\/#\\\/schema\\\/person\\\/2c57cf2b7a7ae032e449e4c9b1019eac\",\"name\":\"Jeanette\",\"image\":{\"@type\":\"ImageObject\",\"inLanguage\":\"es\",\"@id\":\"https:\\\/\\\/secure.gravatar.com\\\/avatar\\\/3ea2118a5f7dad2b7138b1187a6b7ee55f160b9968b66013c3a3ef39dd7e5798?s=96&d=mm&r=g\",\"url\":\"https:\\\/\\\/secure.gravatar.com\\\/avatar\\\/3ea2118a5f7dad2b7138b1187a6b7ee55f160b9968b66013c3a3ef39dd7e5798?s=96&d=mm&r=g\",\"contentUrl\":\"https:\\\/\\\/secure.gravatar.com\\\/avatar\\\/3ea2118a5f7dad2b7138b1187a6b7ee55f160b9968b66013c3a3ef39dd7e5798?s=96&d=mm&r=g\",\"caption\":\"Jeanette\"},\"sameAs\":[\"https:\\\/\\\/www.eldiario.net\\\/portal\"],\"url\":\"https:\\\/\\\/www.eldiario.net\\\/portal\\\/author\\\/jeanette\\\/\"}]}<\/script>\n<!-- \/ Yoast SEO plugin. -->","yoast_head_json":{"title":"Activan controles luego de denuncias de cobros por cargos en Gobernaci\u00f3n - El Diario - Bolivia","robots":{"index":"index","follow":"follow","max-snippet":"max-snippet:-1","max-image-preview":"max-image-preview:large","max-video-preview":"max-video-preview:-1"},"canonical":"https:\/\/www.eldiario.net\/portal\/2026\/09\/05\/activan-controles-luego-de-denuncias-de-cobros-por-cargos-en-gobernacion\/","og_locale":"es_ES","og_type":"article","og_title":"Activan controles luego de denuncias de cobros por cargos en Gobernaci\u00f3n - El Diario - Bolivia","og_description":"La Gobernaci\u00f3n de Santa Cruz activ\u00f3 sus mecanismos de control y lucha contra la corrupci\u00f3n tras recibir denuncias sobre presuntos cobros de dinero a cambio de puestos de trabajo dentro de la instituci\u00f3n departamental. El director de la Oficina de Anticorrupci\u00f3n, Iv\u00e1n Garc\u00eda, inform\u00f3 que una de las denuncias fue recibida mediante el Bot\u00f3n Anticorrupci\u00f3n, [&hellip;]","og_url":"https:\/\/www.eldiario.net\/portal\/2026\/09\/05\/activan-controles-luego-de-denuncias-de-cobros-por-cargos-en-gobernacion\/","og_site_name":"El Diario - Bolivia","article_publisher":"https:\/\/www.facebook.com\/eldiario.bolivia\/","article_published_time":"2026-09-05T04:12:52+00:00","og_image":[{"width":1239,"height":689,"url":"https:\/\/www.eldiario.net\/portal\/wp-content\/uploads\/2026\/09\/72-NAL.webp","type":"image\/webp"}],"author":"Jeanette","twitter_card":"summary_large_image","twitter_creator":"@eldiario_net","twitter_site":"@eldiario_net","twitter_misc":{"Escrito por":"Jeanette","Tiempo de lectura":"2 minutos"},"schema":{"@context":"https:\/\/schema.org","@graph":[{"@type":"Article","@id":"https:\/\/www.eldiario.net\/portal\/2026\/09\/05\/activan-controles-luego-de-denuncias-de-cobros-por-cargos-en-gobernacion\/#article","isPartOf":{"@id":"https:\/\/www.eldiario.net\/portal\/2026\/09\/05\/activan-controles-luego-de-denuncias-de-cobros-por-cargos-en-gobernacion\/"},"author":{"name":"Jeanette","@id":"https:\/\/www.eldiario.net\/portal\/#\/schema\/person\/2c57cf2b7a7ae032e449e4c9b1019eac"},"headline":"Activan controles luego de denuncias de cobros por cargos en Gobernaci\u00f3n","datePublished":"2026-09-05T04:12:52+00:00","mainEntityOfPage":{"@id":"https:\/\/www.eldiario.net\/portal\/2026\/09\/05\/activan-controles-luego-de-denuncias-de-cobros-por-cargos-en-gobernacion\/"},"wordCount":239,"publisher":{"@id":"https:\/\/www.eldiario.net\/portal\/#organization"},"image":{"@id":"https:\/\/www.eldiario.net\/portal\/2026\/09\/05\/activan-controles-luego-de-denuncias-de-cobros-por-cargos-en-gobernacion\/#primaryimage"},"thumbnailUrl":"https:\/\/www.eldiario.net\/portal\/wp-content\/uploads\/2026\/09\/72-NAL.webp","articleSection":["Nacional"],"inLanguage":"es"},{"@type":"WebPage","@id":"https:\/\/www.eldiario.net\/portal\/2026\/09\/05\/activan-controles-luego-de-denuncias-de-cobros-por-cargos-en-gobernacion\/","url":"https:\/\/www.eldiario.net\/portal\/2026\/09\/05\/activan-controles-luego-de-denuncias-de-cobros-por-cargos-en-gobernacion\/","name":"Activan controles luego de denuncias de cobros por cargos en Gobernaci\u00f3n - El Diario - Bolivia","isPartOf":{"@id":"https:\/\/www.eldiario.net\/portal\/#website"},"primaryImageOfPage":{"@id":"https:\/\/www.eldiario.net\/portal\/2026\/09\/05\/activan-controles-luego-de-denuncias-de-cobros-por-cargos-en-gobernacion\/#primaryimage"},"image":{"@id":"https:\/\/www.eldiario.net\/portal\/2026\/09\/05\/activan-controles-luego-de-denuncias-de-cobros-por-cargos-en-gobernacion\/#primaryimage"},"thumbnailUrl":"https:\/\/www.eldiario.net\/portal\/wp-content\/uploads\/2026\/09\/72-NAL.webp","datePublished":"2026-09-05T04:12:52+00:00","breadcrumb":{"@id":"https:\/\/www.eldiario.net\/portal\/2026\/09\/05\/activan-controles-luego-de-denuncias-de-cobros-por-cargos-en-gobernacion\/#breadcrumb"},"inLanguage":"es","potentialAction":[{"@type":"ReadAction","target":["https:\/\/www.eldiario.net\/portal\/2026\/09\/05\/activan-controles-luego-de-denuncias-de-cobros-por-cargos-en-gobernacion\/"]}]},{"@type":"ImageObject","inLanguage":"es","@id":"https:\/\/www.eldiario.net\/portal\/2026\/09\/05\/activan-controles-luego-de-denuncias-de-cobros-por-cargos-en-gobernacion\/#primaryimage","url":"https:\/\/www.eldiario.net\/portal\/wp-content\/uploads\/2026\/09\/72-NAL.webp","contentUrl":"https:\/\/www.eldiario.net\/portal\/wp-content\/uploads\/2026\/09\/72-NAL.webp","width":1239,"height":689,"caption":"Autoridades de la Gobernaci\u00f3n de Santa Cruz."},{"@type":"BreadcrumbList","@id":"https:\/\/www.eldiario.net\/portal\/2026\/09\/05\/activan-controles-luego-de-denuncias-de-cobros-por-cargos-en-gobernacion\/#breadcrumb","itemListElement":[{"@type":"ListItem","position":1,"name":"Portada","item":"https:\/\/www.eldiario.net\/portal\/"},{"@type":"ListItem","position":2,"name":"Activan controles luego de denuncias de cobros por cargos en Gobernaci\u00f3n"}]},{"@type":"WebSite","@id":"https:\/\/www.eldiario.net\/portal\/#website","url":"https:\/\/www.eldiario.net\/portal\/","name":"El Diario - Decano de la prensa nacional","description":"El Diario - Decano de la prensa nacional","publisher":{"@id":"https:\/\/www.eldiario.net\/portal\/#organization"},"potentialAction":[{"@type":"SearchAction","target":{"@type":"EntryPoint","urlTemplate":"https:\/\/www.eldiario.net\/portal\/?s={search_term_string}"},"query-input":{"@type":"PropertyValueSpecification","valueRequired":true,"valueName":"search_term_string"}}],"inLanguage":"es"},{"@type":"Organization","@id":"https:\/\/www.eldiario.net\/portal\/#organization","name":"El Diario - Decano de la prensa nacional","url":"https:\/\/www.eldiario.net\/portal\/","logo":{"@type":"ImageObject","inLanguage":"es","@id":"https:\/\/www.eldiario.net\/portal\/#\/schema\/logo\/image\/","url":"https:\/\/www.eldiario.net\/portal\/wp-content\/uploads\/2023\/07\/logo_ED.jpg","contentUrl":"https:\/\/www.eldiario.net\/portal\/wp-content\/uploads\/2023\/07\/logo_ED.jpg","width":272,"height":52,"caption":"El Diario - Decano de la prensa nacional"},"image":{"@id":"https:\/\/www.eldiario.net\/portal\/#\/schema\/logo\/image\/"},"sameAs":["https:\/\/www.facebook.com\/eldiario.bolivia\/","https:\/\/x.com\/eldiario_net"]},{"@type":"Person","@id":"https:\/\/www.eldiario.net\/portal\/#\/schema\/person\/2c57cf2b7a7ae032e449e4c9b1019eac","name":"Jeanette","image":{"@type":"ImageObject","inLanguage":"es","@id":"https:\/\/secure.gravatar.com\/avatar\/3ea2118a5f7dad2b7138b1187a6b7ee55f160b9968b66013c3a3ef39dd7e5798?s=96&d=mm&r=g","url":"https:\/\/secure.gravatar.com\/avatar\/3ea2118a5f7dad2b7138b1187a6b7ee55f160b9968b66013c3a3ef39dd7e5798?s=96&d=mm&r=g","contentUrl":"https:\/\/secure.gravatar.com\/avatar\/3ea2118a5f7dad2b7138b1187a6b7ee55f160b9968b66013c3a3ef39dd7e5798?s=96&d=mm&r=g","caption":"Jeanette"},"sameAs":["https:\/\/www.eldiario.net\/portal"],"url":"https:\/\/www.eldiario.net\/portal\/author\/jeanette\/"}]}},"_links":{"self":[{"href":"https:\/\/www.eldiario.net\/portal\/wp-json\/wp\/v2\/posts\/427903","targetHints":{"allow":["GET"]}}],"collection":[{"href":"https:\/\/www.eldiario.net\/portal\/wp-json\/wp\/v2\/posts"}],"about":[{"href":"https:\/\/www.eldiario.net\/portal\/wp-json\/wp\/v2\/types\/post"}],"author":[{"embeddable":true,"href":"https:\/\/www.eldiario.net\/portal\/wp-json\/wp\/v2\/users\/1"}],"replies":[{"embeddable":true,"href":"https:\/\/www.eldiario.net\/portal\/wp-json\/wp\/v2\/comments?post=427903"}],"version-history":[{"count":1,"href":"https:\/\/www.eldiario.net\/portal\/wp-json\/wp\/v2\/posts\/427903\/revisions"}],"predecessor-version":[{"id":427905,"href":"https:\/\/www.eldiario.net\/portal\/wp-json\/wp\/v2\/posts\/427903\/revisions\/427905"}],"wp:featuredmedia":[{"embeddable":true,"href":"https:\/\/www.eldiario.net\/portal\/wp-json\/wp\/v2\/media\/427904"}],"wp:attachment":[{"href":"https:\/\/www.eldiario.net\/portal\/wp-json\/wp\/v2\/media?parent=427903"}],"wp:term":[{"taxonomy":"category","embeddable":true,"href":"https:\/\/www.eldiario.net\/portal\/wp-json\/wp\/v2\/categories?post=427903"},{"taxonomy":"post_tag","embeddable":true,"href":"https:\/\/www.eldiario.net\/portal\/wp-json\/wp\/v2\/tags?post=427903"}],"curies":[{"name":"wp","href":"https:\/\/api.w.org\/{rel}","templated":true}]}}