{"id":427896,"date":"2026-09-05T01:59:55","date_gmt":"2026-09-05T05:59:55","guid":{"rendered":"https:\/\/www.eldiario.net\/portal\/?p=427896"},"modified":"2026-09-04T23:00:55","modified_gmt":"2026-09-05T03:00:55","slug":"rusia-ataca-sede-de-inteligencia-en-kiev","status":"publish","type":"post","link":"https:\/\/www.eldiario.net\/portal\/2026\/09\/05\/rusia-ataca-sede-de-inteligencia-en-kiev\/","title":{"rendered":"Rusia ataca sede de  inteligencia en Kiev"},"content":{"rendered":"<p class=\"v1MsoNormal\">La sede central del servicio de inteligencia ucraniano SBU fue blanco de un ataque con drones rusos, lo que provoc\u00f3 que columnas de humo negro se eleven en el aire en el centro de Kiev.<\/p>\n<p class=\"v1MsoNormal\">El presidente de Ucrania, Volodimir Zelenski, sostuvo que hab\u00eda dado instrucciones al SBU para que diera una \u00abrespuesta apropiada y tangible\u00bb al ataque, mientras que el ministro de Asuntos Exteriores, Andrii Sybiha, lo describi\u00f3 como una \u00abescalada importante\u00bb.<\/p>\n<p class=\"v1MsoNormal\">Las calles que rodean la sede del SBU fueron acordonadas poco despu\u00e9s del ataque de ayer, y agentes armados patrullaban la zona.<\/p>\n<p class=\"v1MsoNormal\">Numerosas ambulancias y veh\u00edculos de servicios de emergencia estaban estacionados alrededor del lugar, que est\u00e1 cerca de la Catedral de Santa Sof\u00eda, declarada Patrimonio de la Humanidad por la Unesco.<\/p>\n<p class=\"v1MsoNormal\">\u00abLamentablemente, un dron ruso impact\u00f3 contra el edificio central del SBU en la calle Volodymyrska de Kiev, frente a la catedral de Santa Sof\u00eda\u00bb, declar\u00f3 Zelenski en un mensaje publicado en Telegram. \u00abEl dron apuntaba directamente a la oficina del jefe del Servicio de Seguridad en dicho edificio\u00bb.<\/p>\n<p class=\"v1MsoNormal\">Kiev fue objeto de un bombardeo diario de drones y misiles procedentes de Rusia durante m\u00e1s de una semana. Ayer, Zelenski pidi\u00f3 a Rusia que detuviera sus ataques durante la visita de los negociadores estadounidenses Steve Witkoff y Jared Kushner a la ciudad el domingo, y afirm\u00f3 que Ucrania garantizar\u00eda la seguridad del espacio a\u00e9reo ruso mientras estuvieran en Mosc\u00fa.<\/p>\n<p class=\"v1MsoNormal\">Ucrania se enfrenta a una grave escasez de interceptores Patriot de fabricaci\u00f3n estadounidense, capaces de derribar amenazas entrantes. Muchos de los recientes ataques rusos se llevaron a cabo con drones a reacci\u00f3n de \u00faltima generaci\u00f3n que alcanzan velocidades de 400 km\/h, lo que dificulta su interceptaci\u00f3n.<\/p>\n<p class=\"v1MsoNormal\">Es raro que los edificios gubernamentales del centro de Kiev sean alcanzados por ataques rusos, especialmente a plena luz del d\u00eda. La explosi\u00f3n del ataque contra el edificio del SBU se escuch\u00f3 a varias manzanas de distancia.<\/p>\n<p class=\"v1MsoNormal\">Es probable que este incidente intensifique los ataques que Mosc\u00fa y Kiev se estuvieron lanzando mutuamente en las \u00faltimas semanas, con el objetivo de minar la resistencia y la moral del otro bando. Tambi\u00e9n plantear\u00e1 interrogantes sobre la capacidad de Kiev para defender su infraestructura clave frente a Rusia.<\/p>\n<p class=\"v1MsoNormal\">Sybiha afirm\u00f3 que el ataque era \u00abuna escalada importante que exige respuestas contundentes\u00bb e hizo un llamamiento a los socios internacionales para que \u00abcondenen inequ\u00edvocamente estas acciones y aumenten la presi\u00f3n sobre el r\u00e9gimen de Putin\u00bb.<\/p>\n<p class=\"v1MsoNormal\">Seg\u00fan el alcalde de Kiev, Vitali Klitschko, al menos nueve personas resultaron heridas en la huelga del ayer.<\/p>\n<p class=\"v1MsoNormal\">Stanislav Zavertailo, copropietario del cercano caf\u00e9 Zavertailo, sostuvo que uno de sus clientes result\u00f3 herido en el ataque, que provoc\u00f3 ondas expansivas en su local, destrozando todas las ventanas.<\/p>\n<p class=\"v1MsoNormal\">\u00abEs una cafeter\u00eda normal\u00bb, se\u00f1al\u00f3. El cliente estaba \u00abcomiendo uno de nuestros famosos panecillos de semillas de amapola\u00bb cuando ocurri\u00f3 el ataque, agreg\u00f3.<\/p>\n<p class=\"v1MsoNormal\">Tras la huelga, empleados y clientes se refugiaron en un b\u00fanker subterr\u00e1neo por temor a un ataque de doble impacto, una t\u00e1ctica empleada por Rusia que consiste en enviar un segundo dron poco despu\u00e9s del primero, impactando contra trabajadores de los servicios de emergencia.<\/p>\n<p class=\"v1MsoNormal\">Una hora despu\u00e9s, no se hab\u00eda producido un segundo ataque, pero Zavertailo afirm\u00f3 no sentirse tranquilo. \u00abTodos estamos a la espera de otro ataque\u00bb, declar\u00f3.<\/p>\n<p class=\"v1MsoNormal\">El SBU es responsable de coordinar operaciones complejas contra Rusia, incluida la Operaci\u00f3n Telara\u00f1a del a\u00f1o pasado, que destruy\u00f3 aeronaves por valor de miles de millones de libras esterlinas dentro de Rusia.<\/p>\n<p class=\"v1MsoNormal\">El ataque de ayer fue \u00abterrible\u00bb, se\u00f1al\u00f3 un empleado de un caf\u00e9 de Zavertailo que acababa de salir del refugio subterr\u00e1neo. \u00abComo persona que ha vivido en Ucrania durante todo este tiempo, es muy duro\u00bb.<\/p>\n<p class=\"v1MsoNormal\">La huelga se produjo dos d\u00edas antes de la primera visita prevista a Kiev del enviado especial de Donald Trump, Steve Witkoff, y su yerno, Jared Kushner.<\/p>\n<p class=\"v1MsoNormal\">Los esfuerzos diplom\u00e1ticos liderados por Estados Unidos para poner fin a la invasi\u00f3n rusa, que ya dura cuatro a\u00f1os y medio, se estancaron en los \u00faltimos meses, ya que Estados Unidos centr\u00f3 su atenci\u00f3n en la guerra con Ir\u00e1n.(The Guardian)<\/p>\n","protected":false},"excerpt":{"rendered":"<p>La sede central del servicio de inteligencia ucraniano SBU fue blanco de un ataque con drones rusos, lo que provoc\u00f3 que columnas de humo negro se eleven en el aire en el centro de Kiev. El presidente de Ucrania, Volodimir Zelenski, sostuvo que hab\u00eda dado instrucciones al SBU para que diera una \u00abrespuesta apropiada y [&hellip;]<\/p>\n","protected":false},"author":1,"featured_media":427897,"comment_status":"closed","ping_status":"open","sticky":false,"template":"","format":"standard","meta":{"_acf_changed":false,"footnotes":""},"categories":[3],"tags":[],"class_list":["post-427896","post","type-post","status-publish","format-standard","has-post-thumbnail","category-internacional"],"acf":{"antetitulo":"Ucrania"},"yoast_head":"<!-- This site is optimized with the Yoast SEO plugin v28.4 - https:\/\/yoast.com\/product\/yoast-seo-wordpress\/ -->\n<title>Rusia ataca sede de inteligencia en Kiev - El Diario - Bolivia<\/title>\n<meta name=\"robots\" content=\"index, follow, max-snippet:-1, max-image-preview:large, max-video-preview:-1\" \/>\n<link rel=\"canonical\" href=\"https:\/\/www.eldiario.net\/portal\/2026\/09\/05\/rusia-ataca-sede-de-inteligencia-en-kiev\/\" \/>\n<meta property=\"og:locale\" content=\"es_ES\" \/>\n<meta property=\"og:type\" content=\"article\" \/>\n<meta property=\"og:title\" content=\"Rusia ataca sede de inteligencia en Kiev - El Diario - Bolivia\" \/>\n<meta property=\"og:description\" content=\"La sede central del servicio de inteligencia ucraniano SBU fue blanco de un ataque con drones rusos, lo que provoc\u00f3 que columnas de humo negro se eleven en el aire en el centro de Kiev. El presidente de Ucrania, Volodimir Zelenski, sostuvo que hab\u00eda dado instrucciones al SBU para que diera una \u00abrespuesta apropiada y [&hellip;]\" \/>\n<meta property=\"og:url\" content=\"https:\/\/www.eldiario.net\/portal\/2026\/09\/05\/rusia-ataca-sede-de-inteligencia-en-kiev\/\" \/>\n<meta property=\"og:site_name\" content=\"El Diario - Bolivia\" \/>\n<meta property=\"article:publisher\" content=\"https:\/\/www.facebook.com\/eldiario.bolivia\/\" \/>\n<meta property=\"article:published_time\" content=\"2026-09-05T05:59:55+00:00\" \/>\n<meta property=\"og:image\" content=\"https:\/\/www.eldiario.net\/portal\/wp-content\/uploads\/2026\/09\/UCRANIA-The-Guardian-5.webp\" \/>\n\t<meta property=\"og:image:width\" content=\"1520\" \/>\n\t<meta property=\"og:image:height\" content=\"1216\" \/>\n\t<meta property=\"og:image:type\" content=\"image\/webp\" \/>\n<meta name=\"author\" content=\"Jeanette\" \/>\n<meta name=\"twitter:card\" content=\"summary_large_image\" \/>\n<meta name=\"twitter:creator\" content=\"@eldiario_net\" \/>\n<meta name=\"twitter:site\" content=\"@eldiario_net\" \/>\n<meta name=\"twitter:label1\" content=\"Escrito por\" \/>\n\t<meta name=\"twitter:data1\" content=\"Jeanette\" \/>\n\t<meta name=\"twitter:label2\" content=\"Tiempo de lectura\" \/>\n\t<meta name=\"twitter:data2\" content=\"4 minutos\" \/>\n<script type=\"application\/ld+json\" class=\"yoast-schema-graph\">{\"@context\":\"https:\\\/\\\/schema.org\",\"@graph\":[{\"@type\":\"Article\",\"@id\":\"https:\\\/\\\/www.eldiario.net\\\/portal\\\/2026\\\/09\\\/05\\\/rusia-ataca-sede-de-inteligencia-en-kiev\\\/#article\",\"isPartOf\":{\"@id\":\"https:\\\/\\\/www.eldiario.net\\\/portal\\\/2026\\\/09\\\/05\\\/rusia-ataca-sede-de-inteligencia-en-kiev\\\/\"},\"author\":{\"name\":\"Jeanette\",\"@id\":\"https:\\\/\\\/www.eldiario.net\\\/portal\\\/#\\\/schema\\\/person\\\/2c57cf2b7a7ae032e449e4c9b1019eac\"},\"headline\":\"Rusia ataca sede de inteligencia en Kiev\",\"datePublished\":\"2026-09-05T05:59:55+00:00\",\"mainEntityOfPage\":{\"@id\":\"https:\\\/\\\/www.eldiario.net\\\/portal\\\/2026\\\/09\\\/05\\\/rusia-ataca-sede-de-inteligencia-en-kiev\\\/\"},\"wordCount\":720,\"publisher\":{\"@id\":\"https:\\\/\\\/www.eldiario.net\\\/portal\\\/#organization\"},\"image\":{\"@id\":\"https:\\\/\\\/www.eldiario.net\\\/portal\\\/2026\\\/09\\\/05\\\/rusia-ataca-sede-de-inteligencia-en-kiev\\\/#primaryimage\"},\"thumbnailUrl\":\"https:\\\/\\\/www.eldiario.net\\\/portal\\\/wp-content\\\/uploads\\\/2026\\\/09\\\/UCRANIA-The-Guardian-5.webp\",\"articleSection\":[\"Internacional\"],\"inLanguage\":\"es\"},{\"@type\":\"WebPage\",\"@id\":\"https:\\\/\\\/www.eldiario.net\\\/portal\\\/2026\\\/09\\\/05\\\/rusia-ataca-sede-de-inteligencia-en-kiev\\\/\",\"url\":\"https:\\\/\\\/www.eldiario.net\\\/portal\\\/2026\\\/09\\\/05\\\/rusia-ataca-sede-de-inteligencia-en-kiev\\\/\",\"name\":\"Rusia ataca sede de inteligencia en Kiev - El Diario - Bolivia\",\"isPartOf\":{\"@id\":\"https:\\\/\\\/www.eldiario.net\\\/portal\\\/#website\"},\"primaryImageOfPage\":{\"@id\":\"https:\\\/\\\/www.eldiario.net\\\/portal\\\/2026\\\/09\\\/05\\\/rusia-ataca-sede-de-inteligencia-en-kiev\\\/#primaryimage\"},\"image\":{\"@id\":\"https:\\\/\\\/www.eldiario.net\\\/portal\\\/2026\\\/09\\\/05\\\/rusia-ataca-sede-de-inteligencia-en-kiev\\\/#primaryimage\"},\"thumbnailUrl\":\"https:\\\/\\\/www.eldiario.net\\\/portal\\\/wp-content\\\/uploads\\\/2026\\\/09\\\/UCRANIA-The-Guardian-5.webp\",\"datePublished\":\"2026-09-05T05:59:55+00:00\",\"breadcrumb\":{\"@id\":\"https:\\\/\\\/www.eldiario.net\\\/portal\\\/2026\\\/09\\\/05\\\/rusia-ataca-sede-de-inteligencia-en-kiev\\\/#breadcrumb\"},\"inLanguage\":\"es\",\"potentialAction\":[{\"@type\":\"ReadAction\",\"target\":[\"https:\\\/\\\/www.eldiario.net\\\/portal\\\/2026\\\/09\\\/05\\\/rusia-ataca-sede-de-inteligencia-en-kiev\\\/\"]}]},{\"@type\":\"ImageObject\",\"inLanguage\":\"es\",\"@id\":\"https:\\\/\\\/www.eldiario.net\\\/portal\\\/2026\\\/09\\\/05\\\/rusia-ataca-sede-de-inteligencia-en-kiev\\\/#primaryimage\",\"url\":\"https:\\\/\\\/www.eldiario.net\\\/portal\\\/wp-content\\\/uploads\\\/2026\\\/09\\\/UCRANIA-The-Guardian-5.webp\",\"contentUrl\":\"https:\\\/\\\/www.eldiario.net\\\/portal\\\/wp-content\\\/uploads\\\/2026\\\/09\\\/UCRANIA-The-Guardian-5.webp\",\"width\":1520,\"height\":1216,\"caption\":\"Ataque con drones rusos fue cerca de catedral de Santa Sof\u00eda declarada Patrimonio de la Humanidad. CREDITO: The Guardian\"},{\"@type\":\"BreadcrumbList\",\"@id\":\"https:\\\/\\\/www.eldiario.net\\\/portal\\\/2026\\\/09\\\/05\\\/rusia-ataca-sede-de-inteligencia-en-kiev\\\/#breadcrumb\",\"itemListElement\":[{\"@type\":\"ListItem\",\"position\":1,\"name\":\"Portada\",\"item\":\"https:\\\/\\\/www.eldiario.net\\\/portal\\\/\"},{\"@type\":\"ListItem\",\"position\":2,\"name\":\"Rusia ataca sede de inteligencia en Kiev\"}]},{\"@type\":\"WebSite\",\"@id\":\"https:\\\/\\\/www.eldiario.net\\\/portal\\\/#website\",\"url\":\"https:\\\/\\\/www.eldiario.net\\\/portal\\\/\",\"name\":\"El Diario - Decano de la prensa nacional\",\"description\":\"El Diario - Decano de la prensa nacional\",\"publisher\":{\"@id\":\"https:\\\/\\\/www.eldiario.net\\\/portal\\\/#organization\"},\"potentialAction\":[{\"@type\":\"SearchAction\",\"target\":{\"@type\":\"EntryPoint\",\"urlTemplate\":\"https:\\\/\\\/www.eldiario.net\\\/portal\\\/?s={search_term_string}\"},\"query-input\":{\"@type\":\"PropertyValueSpecification\",\"valueRequired\":true,\"valueName\":\"search_term_string\"}}],\"inLanguage\":\"es\"},{\"@type\":\"Organization\",\"@id\":\"https:\\\/\\\/www.eldiario.net\\\/portal\\\/#organization\",\"name\":\"El Diario - Decano de la prensa nacional\",\"url\":\"https:\\\/\\\/www.eldiario.net\\\/portal\\\/\",\"logo\":{\"@type\":\"ImageObject\",\"inLanguage\":\"es\",\"@id\":\"https:\\\/\\\/www.eldiario.net\\\/portal\\\/#\\\/schema\\\/logo\\\/image\\\/\",\"url\":\"https:\\\/\\\/www.eldiario.net\\\/portal\\\/wp-content\\\/uploads\\\/2023\\\/07\\\/logo_ED.jpg\",\"contentUrl\":\"https:\\\/\\\/www.eldiario.net\\\/portal\\\/wp-content\\\/uploads\\\/2023\\\/07\\\/logo_ED.jpg\",\"width\":272,\"height\":52,\"caption\":\"El Diario - Decano de la prensa nacional\"},\"image\":{\"@id\":\"https:\\\/\\\/www.eldiario.net\\\/portal\\\/#\\\/schema\\\/logo\\\/image\\\/\"},\"sameAs\":[\"https:\\\/\\\/www.facebook.com\\\/eldiario.bolivia\\\/\",\"https:\\\/\\\/x.com\\\/eldiario_net\"]},{\"@type\":\"Person\",\"@id\":\"https:\\\/\\\/www.eldiario.net\\\/portal\\\/#\\\/schema\\\/person\\\/2c57cf2b7a7ae032e449e4c9b1019eac\",\"name\":\"Jeanette\",\"image\":{\"@type\":\"ImageObject\",\"inLanguage\":\"es\",\"@id\":\"https:\\\/\\\/secure.gravatar.com\\\/avatar\\\/3ea2118a5f7dad2b7138b1187a6b7ee55f160b9968b66013c3a3ef39dd7e5798?s=96&d=mm&r=g\",\"url\":\"https:\\\/\\\/secure.gravatar.com\\\/avatar\\\/3ea2118a5f7dad2b7138b1187a6b7ee55f160b9968b66013c3a3ef39dd7e5798?s=96&d=mm&r=g\",\"contentUrl\":\"https:\\\/\\\/secure.gravatar.com\\\/avatar\\\/3ea2118a5f7dad2b7138b1187a6b7ee55f160b9968b66013c3a3ef39dd7e5798?s=96&d=mm&r=g\",\"caption\":\"Jeanette\"},\"sameAs\":[\"https:\\\/\\\/www.eldiario.net\\\/portal\"],\"url\":\"https:\\\/\\\/www.eldiario.net\\\/portal\\\/author\\\/jeanette\\\/\"}]}<\/script>\n<!-- \/ Yoast SEO plugin. -->","yoast_head_json":{"title":"Rusia ataca sede de inteligencia en Kiev - El Diario - Bolivia","robots":{"index":"index","follow":"follow","max-snippet":"max-snippet:-1","max-image-preview":"max-image-preview:large","max-video-preview":"max-video-preview:-1"},"canonical":"https:\/\/www.eldiario.net\/portal\/2026\/09\/05\/rusia-ataca-sede-de-inteligencia-en-kiev\/","og_locale":"es_ES","og_type":"article","og_title":"Rusia ataca sede de inteligencia en Kiev - El Diario - Bolivia","og_description":"La sede central del servicio de inteligencia ucraniano SBU fue blanco de un ataque con drones rusos, lo que provoc\u00f3 que columnas de humo negro se eleven en el aire en el centro de Kiev. El presidente de Ucrania, Volodimir Zelenski, sostuvo que hab\u00eda dado instrucciones al SBU para que diera una \u00abrespuesta apropiada y [&hellip;]","og_url":"https:\/\/www.eldiario.net\/portal\/2026\/09\/05\/rusia-ataca-sede-de-inteligencia-en-kiev\/","og_site_name":"El Diario - Bolivia","article_publisher":"https:\/\/www.facebook.com\/eldiario.bolivia\/","article_published_time":"2026-09-05T05:59:55+00:00","og_image":[{"width":1520,"height":1216,"url":"https:\/\/www.eldiario.net\/portal\/wp-content\/uploads\/2026\/09\/UCRANIA-The-Guardian-5.webp","type":"image\/webp"}],"author":"Jeanette","twitter_card":"summary_large_image","twitter_creator":"@eldiario_net","twitter_site":"@eldiario_net","twitter_misc":{"Escrito por":"Jeanette","Tiempo de lectura":"4 minutos"},"schema":{"@context":"https:\/\/schema.org","@graph":[{"@type":"Article","@id":"https:\/\/www.eldiario.net\/portal\/2026\/09\/05\/rusia-ataca-sede-de-inteligencia-en-kiev\/#article","isPartOf":{"@id":"https:\/\/www.eldiario.net\/portal\/2026\/09\/05\/rusia-ataca-sede-de-inteligencia-en-kiev\/"},"author":{"name":"Jeanette","@id":"https:\/\/www.eldiario.net\/portal\/#\/schema\/person\/2c57cf2b7a7ae032e449e4c9b1019eac"},"headline":"Rusia ataca sede de inteligencia en Kiev","datePublished":"2026-09-05T05:59:55+00:00","mainEntityOfPage":{"@id":"https:\/\/www.eldiario.net\/portal\/2026\/09\/05\/rusia-ataca-sede-de-inteligencia-en-kiev\/"},"wordCount":720,"publisher":{"@id":"https:\/\/www.eldiario.net\/portal\/#organization"},"image":{"@id":"https:\/\/www.eldiario.net\/portal\/2026\/09\/05\/rusia-ataca-sede-de-inteligencia-en-kiev\/#primaryimage"},"thumbnailUrl":"https:\/\/www.eldiario.net\/portal\/wp-content\/uploads\/2026\/09\/UCRANIA-The-Guardian-5.webp","articleSection":["Internacional"],"inLanguage":"es"},{"@type":"WebPage","@id":"https:\/\/www.eldiario.net\/portal\/2026\/09\/05\/rusia-ataca-sede-de-inteligencia-en-kiev\/","url":"https:\/\/www.eldiario.net\/portal\/2026\/09\/05\/rusia-ataca-sede-de-inteligencia-en-kiev\/","name":"Rusia ataca sede de inteligencia en Kiev - El Diario - Bolivia","isPartOf":{"@id":"https:\/\/www.eldiario.net\/portal\/#website"},"primaryImageOfPage":{"@id":"https:\/\/www.eldiario.net\/portal\/2026\/09\/05\/rusia-ataca-sede-de-inteligencia-en-kiev\/#primaryimage"},"image":{"@id":"https:\/\/www.eldiario.net\/portal\/2026\/09\/05\/rusia-ataca-sede-de-inteligencia-en-kiev\/#primaryimage"},"thumbnailUrl":"https:\/\/www.eldiario.net\/portal\/wp-content\/uploads\/2026\/09\/UCRANIA-The-Guardian-5.webp","datePublished":"2026-09-05T05:59:55+00:00","breadcrumb":{"@id":"https:\/\/www.eldiario.net\/portal\/2026\/09\/05\/rusia-ataca-sede-de-inteligencia-en-kiev\/#breadcrumb"},"inLanguage":"es","potentialAction":[{"@type":"ReadAction","target":["https:\/\/www.eldiario.net\/portal\/2026\/09\/05\/rusia-ataca-sede-de-inteligencia-en-kiev\/"]}]},{"@type":"ImageObject","inLanguage":"es","@id":"https:\/\/www.eldiario.net\/portal\/2026\/09\/05\/rusia-ataca-sede-de-inteligencia-en-kiev\/#primaryimage","url":"https:\/\/www.eldiario.net\/portal\/wp-content\/uploads\/2026\/09\/UCRANIA-The-Guardian-5.webp","contentUrl":"https:\/\/www.eldiario.net\/portal\/wp-content\/uploads\/2026\/09\/UCRANIA-The-Guardian-5.webp","width":1520,"height":1216,"caption":"Ataque con drones rusos fue cerca de catedral de Santa Sof\u00eda declarada Patrimonio de la Humanidad. CREDITO: The Guardian"},{"@type":"BreadcrumbList","@id":"https:\/\/www.eldiario.net\/portal\/2026\/09\/05\/rusia-ataca-sede-de-inteligencia-en-kiev\/#breadcrumb","itemListElement":[{"@type":"ListItem","position":1,"name":"Portada","item":"https:\/\/www.eldiario.net\/portal\/"},{"@type":"ListItem","position":2,"name":"Rusia ataca sede de inteligencia en Kiev"}]},{"@type":"WebSite","@id":"https:\/\/www.eldiario.net\/portal\/#website","url":"https:\/\/www.eldiario.net\/portal\/","name":"El Diario - Decano de la prensa nacional","description":"El Diario - Decano de la prensa nacional","publisher":{"@id":"https:\/\/www.eldiario.net\/portal\/#organization"},"potentialAction":[{"@type":"SearchAction","target":{"@type":"EntryPoint","urlTemplate":"https:\/\/www.eldiario.net\/portal\/?s={search_term_string}"},"query-input":{"@type":"PropertyValueSpecification","valueRequired":true,"valueName":"search_term_string"}}],"inLanguage":"es"},{"@type":"Organization","@id":"https:\/\/www.eldiario.net\/portal\/#organization","name":"El Diario - Decano de la prensa nacional","url":"https:\/\/www.eldiario.net\/portal\/","logo":{"@type":"ImageObject","inLanguage":"es","@id":"https:\/\/www.eldiario.net\/portal\/#\/schema\/logo\/image\/","url":"https:\/\/www.eldiario.net\/portal\/wp-content\/uploads\/2023\/07\/logo_ED.jpg","contentUrl":"https:\/\/www.eldiario.net\/portal\/wp-content\/uploads\/2023\/07\/logo_ED.jpg","width":272,"height":52,"caption":"El Diario - Decano de la prensa nacional"},"image":{"@id":"https:\/\/www.eldiario.net\/portal\/#\/schema\/logo\/image\/"},"sameAs":["https:\/\/www.facebook.com\/eldiario.bolivia\/","https:\/\/x.com\/eldiario_net"]},{"@type":"Person","@id":"https:\/\/www.eldiario.net\/portal\/#\/schema\/person\/2c57cf2b7a7ae032e449e4c9b1019eac","name":"Jeanette","image":{"@type":"ImageObject","inLanguage":"es","@id":"https:\/\/secure.gravatar.com\/avatar\/3ea2118a5f7dad2b7138b1187a6b7ee55f160b9968b66013c3a3ef39dd7e5798?s=96&d=mm&r=g","url":"https:\/\/secure.gravatar.com\/avatar\/3ea2118a5f7dad2b7138b1187a6b7ee55f160b9968b66013c3a3ef39dd7e5798?s=96&d=mm&r=g","contentUrl":"https:\/\/secure.gravatar.com\/avatar\/3ea2118a5f7dad2b7138b1187a6b7ee55f160b9968b66013c3a3ef39dd7e5798?s=96&d=mm&r=g","caption":"Jeanette"},"sameAs":["https:\/\/www.eldiario.net\/portal"],"url":"https:\/\/www.eldiario.net\/portal\/author\/jeanette\/"}]}},"_links":{"self":[{"href":"https:\/\/www.eldiario.net\/portal\/wp-json\/wp\/v2\/posts\/427896","targetHints":{"allow":["GET"]}}],"collection":[{"href":"https:\/\/www.eldiario.net\/portal\/wp-json\/wp\/v2\/posts"}],"about":[{"href":"https:\/\/www.eldiario.net\/portal\/wp-json\/wp\/v2\/types\/post"}],"author":[{"embeddable":true,"href":"https:\/\/www.eldiario.net\/portal\/wp-json\/wp\/v2\/users\/1"}],"replies":[{"embeddable":true,"href":"https:\/\/www.eldiario.net\/portal\/wp-json\/wp\/v2\/comments?post=427896"}],"version-history":[{"count":1,"href":"https:\/\/www.eldiario.net\/portal\/wp-json\/wp\/v2\/posts\/427896\/revisions"}],"predecessor-version":[{"id":427898,"href":"https:\/\/www.eldiario.net\/portal\/wp-json\/wp\/v2\/posts\/427896\/revisions\/427898"}],"wp:featuredmedia":[{"embeddable":true,"href":"https:\/\/www.eldiario.net\/portal\/wp-json\/wp\/v2\/media\/427897"}],"wp:attachment":[{"href":"https:\/\/www.eldiario.net\/portal\/wp-json\/wp\/v2\/media?parent=427896"}],"wp:term":[{"taxonomy":"category","embeddable":true,"href":"https:\/\/www.eldiario.net\/portal\/wp-json\/wp\/v2\/categories?post=427896"},{"taxonomy":"post_tag","embeddable":true,"href":"https:\/\/www.eldiario.net\/portal\/wp-json\/wp\/v2\/tags?post=427896"}],"curies":[{"name":"wp","href":"https:\/\/api.w.org\/{rel}","templated":true}]}}