{"id":427893,"date":"2026-09-05T01:58:41","date_gmt":"2026-09-05T05:58:41","guid":{"rendered":"https:\/\/www.eldiario.net\/portal\/?p=427893"},"modified":"2026-09-04T22:59:24","modified_gmt":"2026-09-05T02:59:24","slug":"milei-sancionara-a-petroleras-que-operen-en-islas-malvinas","status":"publish","type":"post","link":"https:\/\/www.eldiario.net\/portal\/2026\/09\/05\/milei-sancionara-a-petroleras-que-operen-en-islas-malvinas\/","title":{"rendered":"Milei sancionar\u00e1 a petroleras   que operen en islas Malvinas"},"content":{"rendered":"<p class=\"v1MsoNormal\"><span lang=\"ES-BO\">El presidente de Argentina, Javier Milei, firm\u00f3 un decreto para agilizar los mecanismos para sancionar a las petroleras que operen en las islas Malvinas, bajo control brit\u00e1nico y cuya soberan\u00eda reclama el pa\u00eds suramericano. El decreto, publicado en el Bolet\u00edn Oficial ayer, busca acelerar los procedimientos para aplicar la ley 26.659, aprobada por el Parlamento argentino en 2011 y que establece las condiciones para explorar y explotar hidrocarburos en la plataforma continental argentina.<\/span><\/p>\n<p class=\"v1MsoNormal\"><span lang=\"ES-BO\">Esa norma establece sanciones para las empresas que realicen actividades sin la autorizaci\u00f3n de Argentina, pa\u00eds que considera a las islas Malvinas y a las aguas que la circundan como espacios comprendidos dentro de su plataforma continental. El actual decreto ordena a todos los organismos de la Administraci\u00f3n p\u00fablica argentina a reportar de inmediato si detectan cualquier empresa operando en Malvinas sin autorizaci\u00f3n argentina, para abrirles un procedimiento y notificarles la infracci\u00f3n.<\/span><\/p>\n<p class=\"v1MsoNormal\"><span lang=\"ES-BO\">\u00a0<\/span><\/p>\n<p class=\"v1MsoNormal\"><span lang=\"ES-BO\">EXCLUSI\u00d3N DE INCENTIVOS<\/span><\/p>\n<p class=\"v1MsoNormal\"><span lang=\"ES-BO\">El decreto publicado ayer establece, adem\u00e1s, que ninguna de estas empresas que incumplan la ley de 2011 podr\u00e1n tener relaci\u00f3n con proyectos que sean admitidos al R\u00e9gimen de Incentivos a las Grandes Inversiones (RIGI), puesto en marcha en Argentina en 2024 y del que ya se est\u00e1n beneficiando varias iniciativas en el sector de los hidrocarburos.<\/span><\/p>\n<p class=\"v1MsoNormal\"><span lang=\"ES-BO\">En un mensaje por cadena nacional emitido en la noche del jueves, Milei ya hab\u00eda anticipado que buscar\u00eda acelerar la aplicaci\u00f3n de sanciones a las petroleras, sus directivos, accionistas y proveedores, con operaciones en Malvinas a partir de licencias concedidas por el Gobierno isle\u00f1o que Argentina considera \u00abilegales\u00bb. El ministro de Defensa del Reino Unido, Wes Streeting, insisti\u00f3 hoy en que las Falkland (como los brit\u00e1nicos llaman a las Malvinas) \u00abson brit\u00e1nicas\u00bb y que su compromiso con ellas es \u00ababsoluto e inquebrantable\u00bb.<\/span><\/p>\n<p class=\"v1MsoNormal\"><span lang=\"ES-BO\">\u00a0<\/span><\/p>\n<p class=\"v1MsoNormal\"><span lang=\"ES-BO\">ANTECEDENTES<\/span><\/p>\n<p class=\"v1MsoNormal\"><span lang=\"ES-BO\">Argentina ya hab\u00eda aplicado las sanciones previstas en la ley 26.659 a la petrolera brit\u00e1nica Rockhopper, en 2013, y la israel\u00ed Navitas, en 2022, socias en el proyecto Sea Lion, a 220 kil\u00f3metros al norte de Malvinas, en el Atl\u00e1ntico sur. Ambas empresas fueron inhabilitadas para operar en Argentina por un plazo de veinte a\u00f1os.<\/span><\/p>\n<p class=\"v1MsoNormal\"><span lang=\"ES-BO\">Operado por Navitas, Sea Lion se encuentra en incipiente fase de desarrollo, despu\u00e9s de que a finales de 2025 la israel\u00ed y su socia brit\u00e1nica anunciaran la decisi\u00f3n final de inversi\u00f3n en el proyecto, con vistas a iniciar la extracci\u00f3n de crudo en marzo de 2028. En Malvinas operan, adem\u00e1s de Navitas y Rockhopper, la petrolera brit\u00e1nica Borders &amp; Southern y la canadiense JHI, adem\u00e1s de varias compa\u00f1\u00edas que les proveen servicios e infraestructura.<\/span><\/p>\n<p class=\"v1MsoNormal\"><span lang=\"ES-BO\">\u00a0<\/span><\/p>\n<p class=\"v1MsoNormal\"><span lang=\"ES-BO\">LA OPOSICI\u00d3N<\/span><\/p>\n<p class=\"v1MsoNormal\"><span lang=\"ES-BO\">Diversos dirigentes de la oposici\u00f3n en Argentina acusaron a Milei, que lleva meses insistiendo en su reclamo sobre las Malvinas, de hacer un uso \u00aboportunista\u00bb del reclamo de soberan\u00eda sobre el archipi\u00e9lago, administrado por el Reino Unido desde su ocupaci\u00f3n en 1833. \u00abNo es estrategia geopol\u00edtica, es oportunismo electoral\u00bb, afirm\u00f3 por ejemplo el diputado peronista Jorge Taiana, exministro de Exteriores y de Defensa de Argentina.<\/span><\/p>\n<p class=\"v1MsoNormal\"><span lang=\"ES-BO\">\u00abEn el a\u00f1o 2022, cuando era ministro de Defensa, iniciamos las obras de la Base Naval Integrada de Ushuaia, que durante tres a\u00f1os Milei paraliz\u00f3 y hoy, ante el creciente inter\u00e9s de la causa Malvinas, el Gobierno vuelve a reactivar\u00bb, sostuvo el diputado. Seg\u00fan Taiana, los anuncios de Milei \u00abllegan tarde\u00bb, despu\u00e9s de \u00abhaber flexibilizado normas y hecho concesiones que facilitaron el avance del Reino Unido\u00bb sobre los \u00abintereses\u00bb argentinos.<\/span><\/p>\n<p class=\"v1MsoNormal\"><span lang=\"ES-BO\">El tambi\u00e9n diputado peronista y exministro de Defensa Agust\u00edn Rossi cuestion\u00f3 a Milei por reci\u00e9n ahora destinar fondos a la construcci\u00f3n de la base y por haber ofrecido en 2024 y 2025 \u00aba los Estados Unidos construirla en forma conjunta\u00bb. Rossi tambi\u00e9n se refiri\u00f3 a las recientes declaraciones del presidente de Estados Unidos, Donald Trump, sobre su disposici\u00f3n a \u00abrevisar\u00bb la posici\u00f3n de neutralidad de su pa\u00eds en la disputa de soberan\u00eda entre Argentina y el Reino Unido.<\/span><\/p>\n<p class=\"v1MsoNormal\"><span lang=\"ES-BO\">\u00abMilei habla de soberan\u00eda y en el mismo discurso justifica que puede hacer lo que dice que quiere hacer por su alianza con Trump. Deber\u00eda y podr\u00eda haberlo hecho desde el 10 de diciembre de 2023 por ser el presidente de la Naci\u00f3n argentina\u00bb, finaliz\u00f3 el diputado.(Dw)<\/span><\/p>\n","protected":false},"excerpt":{"rendered":"<p>El presidente de Argentina, Javier Milei, firm\u00f3 un decreto para agilizar los mecanismos para sancionar a las petroleras que operen en las islas Malvinas, bajo control brit\u00e1nico y cuya soberan\u00eda reclama el pa\u00eds suramericano. El decreto, publicado en el Bolet\u00edn Oficial ayer, busca acelerar los procedimientos para aplicar la ley 26.659, aprobada por el Parlamento [&hellip;]<\/p>\n","protected":false},"author":1,"featured_media":427894,"comment_status":"closed","ping_status":"open","sticky":false,"template":"","format":"standard","meta":{"_acf_changed":false,"footnotes":""},"categories":[3],"tags":[],"class_list":["post-427893","post","type-post","status-publish","format-standard","has-post-thumbnail","category-internacional"],"acf":{"antetitulo":"Argentina"},"yoast_head":"<!-- This site is optimized with the Yoast SEO plugin v28.4 - https:\/\/yoast.com\/product\/yoast-seo-wordpress\/ -->\n<title>Milei sancionar\u00e1 a petroleras  que operen en islas Malvinas - El Diario - Bolivia<\/title>\n<meta name=\"robots\" content=\"index, follow, max-snippet:-1, max-image-preview:large, max-video-preview:-1\" \/>\n<link rel=\"canonical\" href=\"https:\/\/www.eldiario.net\/portal\/2026\/09\/05\/milei-sancionara-a-petroleras-que-operen-en-islas-malvinas\/\" \/>\n<meta property=\"og:locale\" content=\"es_ES\" \/>\n<meta property=\"og:type\" content=\"article\" \/>\n<meta property=\"og:title\" content=\"Milei sancionar\u00e1 a petroleras  que operen en islas Malvinas - El Diario - Bolivia\" \/>\n<meta property=\"og:description\" content=\"El presidente de Argentina, Javier Milei, firm\u00f3 un decreto para agilizar los mecanismos para sancionar a las petroleras que operen en las islas Malvinas, bajo control brit\u00e1nico y cuya soberan\u00eda reclama el pa\u00eds suramericano. El decreto, publicado en el Bolet\u00edn Oficial ayer, busca acelerar los procedimientos para aplicar la ley 26.659, aprobada por el Parlamento [&hellip;]\" \/>\n<meta property=\"og:url\" content=\"https:\/\/www.eldiario.net\/portal\/2026\/09\/05\/milei-sancionara-a-petroleras-que-operen-en-islas-malvinas\/\" \/>\n<meta property=\"og:site_name\" content=\"El Diario - Bolivia\" \/>\n<meta property=\"article:publisher\" content=\"https:\/\/www.facebook.com\/eldiario.bolivia\/\" \/>\n<meta property=\"article:published_time\" content=\"2026-09-05T05:58:41+00:00\" \/>\n<meta property=\"og:image\" content=\"https:\/\/www.eldiario.net\/portal\/wp-content\/uploads\/2026\/09\/MILEI-AFP.webp\" \/>\n\t<meta property=\"og:image:width\" content=\"1200\" \/>\n\t<meta property=\"og:image:height\" content=\"525\" \/>\n\t<meta property=\"og:image:type\" content=\"image\/webp\" \/>\n<meta name=\"author\" content=\"Jeanette\" \/>\n<meta name=\"twitter:card\" content=\"summary_large_image\" \/>\n<meta name=\"twitter:creator\" content=\"@eldiario_net\" \/>\n<meta name=\"twitter:site\" content=\"@eldiario_net\" \/>\n<meta name=\"twitter:label1\" content=\"Escrito por\" \/>\n\t<meta name=\"twitter:data1\" content=\"Jeanette\" \/>\n\t<meta name=\"twitter:label2\" content=\"Tiempo de lectura\" \/>\n\t<meta name=\"twitter:data2\" content=\"4 minutos\" \/>\n<script type=\"application\/ld+json\" class=\"yoast-schema-graph\">{\"@context\":\"https:\\\/\\\/schema.org\",\"@graph\":[{\"@type\":\"Article\",\"@id\":\"https:\\\/\\\/www.eldiario.net\\\/portal\\\/2026\\\/09\\\/05\\\/milei-sancionara-a-petroleras-que-operen-en-islas-malvinas\\\/#article\",\"isPartOf\":{\"@id\":\"https:\\\/\\\/www.eldiario.net\\\/portal\\\/2026\\\/09\\\/05\\\/milei-sancionara-a-petroleras-que-operen-en-islas-malvinas\\\/\"},\"author\":{\"name\":\"Jeanette\",\"@id\":\"https:\\\/\\\/www.eldiario.net\\\/portal\\\/#\\\/schema\\\/person\\\/2c57cf2b7a7ae032e449e4c9b1019eac\"},\"headline\":\"Milei sancionar\u00e1 a petroleras que operen en islas Malvinas\",\"datePublished\":\"2026-09-05T05:58:41+00:00\",\"mainEntityOfPage\":{\"@id\":\"https:\\\/\\\/www.eldiario.net\\\/portal\\\/2026\\\/09\\\/05\\\/milei-sancionara-a-petroleras-que-operen-en-islas-malvinas\\\/\"},\"wordCount\":732,\"publisher\":{\"@id\":\"https:\\\/\\\/www.eldiario.net\\\/portal\\\/#organization\"},\"image\":{\"@id\":\"https:\\\/\\\/www.eldiario.net\\\/portal\\\/2026\\\/09\\\/05\\\/milei-sancionara-a-petroleras-que-operen-en-islas-malvinas\\\/#primaryimage\"},\"thumbnailUrl\":\"https:\\\/\\\/www.eldiario.net\\\/portal\\\/wp-content\\\/uploads\\\/2026\\\/09\\\/MILEI-AFP.webp\",\"articleSection\":[\"Internacional\"],\"inLanguage\":\"es\"},{\"@type\":\"WebPage\",\"@id\":\"https:\\\/\\\/www.eldiario.net\\\/portal\\\/2026\\\/09\\\/05\\\/milei-sancionara-a-petroleras-que-operen-en-islas-malvinas\\\/\",\"url\":\"https:\\\/\\\/www.eldiario.net\\\/portal\\\/2026\\\/09\\\/05\\\/milei-sancionara-a-petroleras-que-operen-en-islas-malvinas\\\/\",\"name\":\"Milei sancionar\u00e1 a petroleras que operen en islas Malvinas - El Diario - Bolivia\",\"isPartOf\":{\"@id\":\"https:\\\/\\\/www.eldiario.net\\\/portal\\\/#website\"},\"primaryImageOfPage\":{\"@id\":\"https:\\\/\\\/www.eldiario.net\\\/portal\\\/2026\\\/09\\\/05\\\/milei-sancionara-a-petroleras-que-operen-en-islas-malvinas\\\/#primaryimage\"},\"image\":{\"@id\":\"https:\\\/\\\/www.eldiario.net\\\/portal\\\/2026\\\/09\\\/05\\\/milei-sancionara-a-petroleras-que-operen-en-islas-malvinas\\\/#primaryimage\"},\"thumbnailUrl\":\"https:\\\/\\\/www.eldiario.net\\\/portal\\\/wp-content\\\/uploads\\\/2026\\\/09\\\/MILEI-AFP.webp\",\"datePublished\":\"2026-09-05T05:58:41+00:00\",\"breadcrumb\":{\"@id\":\"https:\\\/\\\/www.eldiario.net\\\/portal\\\/2026\\\/09\\\/05\\\/milei-sancionara-a-petroleras-que-operen-en-islas-malvinas\\\/#breadcrumb\"},\"inLanguage\":\"es\",\"potentialAction\":[{\"@type\":\"ReadAction\",\"target\":[\"https:\\\/\\\/www.eldiario.net\\\/portal\\\/2026\\\/09\\\/05\\\/milei-sancionara-a-petroleras-que-operen-en-islas-malvinas\\\/\"]}]},{\"@type\":\"ImageObject\",\"inLanguage\":\"es\",\"@id\":\"https:\\\/\\\/www.eldiario.net\\\/portal\\\/2026\\\/09\\\/05\\\/milei-sancionara-a-petroleras-que-operen-en-islas-malvinas\\\/#primaryimage\",\"url\":\"https:\\\/\\\/www.eldiario.net\\\/portal\\\/wp-content\\\/uploads\\\/2026\\\/09\\\/MILEI-AFP.webp\",\"contentUrl\":\"https:\\\/\\\/www.eldiario.net\\\/portal\\\/wp-content\\\/uploads\\\/2026\\\/09\\\/MILEI-AFP.webp\",\"width\":1200,\"height\":525,\"caption\":\"El presidente de Argentina, Javier Milei. CREDITO: AFP\"},{\"@type\":\"BreadcrumbList\",\"@id\":\"https:\\\/\\\/www.eldiario.net\\\/portal\\\/2026\\\/09\\\/05\\\/milei-sancionara-a-petroleras-que-operen-en-islas-malvinas\\\/#breadcrumb\",\"itemListElement\":[{\"@type\":\"ListItem\",\"position\":1,\"name\":\"Portada\",\"item\":\"https:\\\/\\\/www.eldiario.net\\\/portal\\\/\"},{\"@type\":\"ListItem\",\"position\":2,\"name\":\"Milei sancionar\u00e1 a petroleras que operen en islas Malvinas\"}]},{\"@type\":\"WebSite\",\"@id\":\"https:\\\/\\\/www.eldiario.net\\\/portal\\\/#website\",\"url\":\"https:\\\/\\\/www.eldiario.net\\\/portal\\\/\",\"name\":\"El Diario - Decano de la prensa nacional\",\"description\":\"El Diario - Decano de la prensa nacional\",\"publisher\":{\"@id\":\"https:\\\/\\\/www.eldiario.net\\\/portal\\\/#organization\"},\"potentialAction\":[{\"@type\":\"SearchAction\",\"target\":{\"@type\":\"EntryPoint\",\"urlTemplate\":\"https:\\\/\\\/www.eldiario.net\\\/portal\\\/?s={search_term_string}\"},\"query-input\":{\"@type\":\"PropertyValueSpecification\",\"valueRequired\":true,\"valueName\":\"search_term_string\"}}],\"inLanguage\":\"es\"},{\"@type\":\"Organization\",\"@id\":\"https:\\\/\\\/www.eldiario.net\\\/portal\\\/#organization\",\"name\":\"El Diario - Decano de la prensa nacional\",\"url\":\"https:\\\/\\\/www.eldiario.net\\\/portal\\\/\",\"logo\":{\"@type\":\"ImageObject\",\"inLanguage\":\"es\",\"@id\":\"https:\\\/\\\/www.eldiario.net\\\/portal\\\/#\\\/schema\\\/logo\\\/image\\\/\",\"url\":\"https:\\\/\\\/www.eldiario.net\\\/portal\\\/wp-content\\\/uploads\\\/2023\\\/07\\\/logo_ED.jpg\",\"contentUrl\":\"https:\\\/\\\/www.eldiario.net\\\/portal\\\/wp-content\\\/uploads\\\/2023\\\/07\\\/logo_ED.jpg\",\"width\":272,\"height\":52,\"caption\":\"El Diario - Decano de la prensa nacional\"},\"image\":{\"@id\":\"https:\\\/\\\/www.eldiario.net\\\/portal\\\/#\\\/schema\\\/logo\\\/image\\\/\"},\"sameAs\":[\"https:\\\/\\\/www.facebook.com\\\/eldiario.bolivia\\\/\",\"https:\\\/\\\/x.com\\\/eldiario_net\"]},{\"@type\":\"Person\",\"@id\":\"https:\\\/\\\/www.eldiario.net\\\/portal\\\/#\\\/schema\\\/person\\\/2c57cf2b7a7ae032e449e4c9b1019eac\",\"name\":\"Jeanette\",\"image\":{\"@type\":\"ImageObject\",\"inLanguage\":\"es\",\"@id\":\"https:\\\/\\\/secure.gravatar.com\\\/avatar\\\/3ea2118a5f7dad2b7138b1187a6b7ee55f160b9968b66013c3a3ef39dd7e5798?s=96&d=mm&r=g\",\"url\":\"https:\\\/\\\/secure.gravatar.com\\\/avatar\\\/3ea2118a5f7dad2b7138b1187a6b7ee55f160b9968b66013c3a3ef39dd7e5798?s=96&d=mm&r=g\",\"contentUrl\":\"https:\\\/\\\/secure.gravatar.com\\\/avatar\\\/3ea2118a5f7dad2b7138b1187a6b7ee55f160b9968b66013c3a3ef39dd7e5798?s=96&d=mm&r=g\",\"caption\":\"Jeanette\"},\"sameAs\":[\"https:\\\/\\\/www.eldiario.net\\\/portal\"],\"url\":\"https:\\\/\\\/www.eldiario.net\\\/portal\\\/author\\\/jeanette\\\/\"}]}<\/script>\n<!-- \/ Yoast SEO plugin. -->","yoast_head_json":{"title":"Milei sancionar\u00e1 a petroleras  que operen en islas Malvinas - El Diario - Bolivia","robots":{"index":"index","follow":"follow","max-snippet":"max-snippet:-1","max-image-preview":"max-image-preview:large","max-video-preview":"max-video-preview:-1"},"canonical":"https:\/\/www.eldiario.net\/portal\/2026\/09\/05\/milei-sancionara-a-petroleras-que-operen-en-islas-malvinas\/","og_locale":"es_ES","og_type":"article","og_title":"Milei sancionar\u00e1 a petroleras  que operen en islas Malvinas - El Diario - Bolivia","og_description":"El presidente de Argentina, Javier Milei, firm\u00f3 un decreto para agilizar los mecanismos para sancionar a las petroleras que operen en las islas Malvinas, bajo control brit\u00e1nico y cuya soberan\u00eda reclama el pa\u00eds suramericano. El decreto, publicado en el Bolet\u00edn Oficial ayer, busca acelerar los procedimientos para aplicar la ley 26.659, aprobada por el Parlamento [&hellip;]","og_url":"https:\/\/www.eldiario.net\/portal\/2026\/09\/05\/milei-sancionara-a-petroleras-que-operen-en-islas-malvinas\/","og_site_name":"El Diario - Bolivia","article_publisher":"https:\/\/www.facebook.com\/eldiario.bolivia\/","article_published_time":"2026-09-05T05:58:41+00:00","og_image":[{"width":1200,"height":525,"url":"https:\/\/www.eldiario.net\/portal\/wp-content\/uploads\/2026\/09\/MILEI-AFP.webp","type":"image\/webp"}],"author":"Jeanette","twitter_card":"summary_large_image","twitter_creator":"@eldiario_net","twitter_site":"@eldiario_net","twitter_misc":{"Escrito por":"Jeanette","Tiempo de lectura":"4 minutos"},"schema":{"@context":"https:\/\/schema.org","@graph":[{"@type":"Article","@id":"https:\/\/www.eldiario.net\/portal\/2026\/09\/05\/milei-sancionara-a-petroleras-que-operen-en-islas-malvinas\/#article","isPartOf":{"@id":"https:\/\/www.eldiario.net\/portal\/2026\/09\/05\/milei-sancionara-a-petroleras-que-operen-en-islas-malvinas\/"},"author":{"name":"Jeanette","@id":"https:\/\/www.eldiario.net\/portal\/#\/schema\/person\/2c57cf2b7a7ae032e449e4c9b1019eac"},"headline":"Milei sancionar\u00e1 a petroleras que operen en islas Malvinas","datePublished":"2026-09-05T05:58:41+00:00","mainEntityOfPage":{"@id":"https:\/\/www.eldiario.net\/portal\/2026\/09\/05\/milei-sancionara-a-petroleras-que-operen-en-islas-malvinas\/"},"wordCount":732,"publisher":{"@id":"https:\/\/www.eldiario.net\/portal\/#organization"},"image":{"@id":"https:\/\/www.eldiario.net\/portal\/2026\/09\/05\/milei-sancionara-a-petroleras-que-operen-en-islas-malvinas\/#primaryimage"},"thumbnailUrl":"https:\/\/www.eldiario.net\/portal\/wp-content\/uploads\/2026\/09\/MILEI-AFP.webp","articleSection":["Internacional"],"inLanguage":"es"},{"@type":"WebPage","@id":"https:\/\/www.eldiario.net\/portal\/2026\/09\/05\/milei-sancionara-a-petroleras-que-operen-en-islas-malvinas\/","url":"https:\/\/www.eldiario.net\/portal\/2026\/09\/05\/milei-sancionara-a-petroleras-que-operen-en-islas-malvinas\/","name":"Milei sancionar\u00e1 a petroleras que operen en islas Malvinas - El Diario - Bolivia","isPartOf":{"@id":"https:\/\/www.eldiario.net\/portal\/#website"},"primaryImageOfPage":{"@id":"https:\/\/www.eldiario.net\/portal\/2026\/09\/05\/milei-sancionara-a-petroleras-que-operen-en-islas-malvinas\/#primaryimage"},"image":{"@id":"https:\/\/www.eldiario.net\/portal\/2026\/09\/05\/milei-sancionara-a-petroleras-que-operen-en-islas-malvinas\/#primaryimage"},"thumbnailUrl":"https:\/\/www.eldiario.net\/portal\/wp-content\/uploads\/2026\/09\/MILEI-AFP.webp","datePublished":"2026-09-05T05:58:41+00:00","breadcrumb":{"@id":"https:\/\/www.eldiario.net\/portal\/2026\/09\/05\/milei-sancionara-a-petroleras-que-operen-en-islas-malvinas\/#breadcrumb"},"inLanguage":"es","potentialAction":[{"@type":"ReadAction","target":["https:\/\/www.eldiario.net\/portal\/2026\/09\/05\/milei-sancionara-a-petroleras-que-operen-en-islas-malvinas\/"]}]},{"@type":"ImageObject","inLanguage":"es","@id":"https:\/\/www.eldiario.net\/portal\/2026\/09\/05\/milei-sancionara-a-petroleras-que-operen-en-islas-malvinas\/#primaryimage","url":"https:\/\/www.eldiario.net\/portal\/wp-content\/uploads\/2026\/09\/MILEI-AFP.webp","contentUrl":"https:\/\/www.eldiario.net\/portal\/wp-content\/uploads\/2026\/09\/MILEI-AFP.webp","width":1200,"height":525,"caption":"El presidente de Argentina, Javier Milei. CREDITO: AFP"},{"@type":"BreadcrumbList","@id":"https:\/\/www.eldiario.net\/portal\/2026\/09\/05\/milei-sancionara-a-petroleras-que-operen-en-islas-malvinas\/#breadcrumb","itemListElement":[{"@type":"ListItem","position":1,"name":"Portada","item":"https:\/\/www.eldiario.net\/portal\/"},{"@type":"ListItem","position":2,"name":"Milei sancionar\u00e1 a petroleras que operen en islas Malvinas"}]},{"@type":"WebSite","@id":"https:\/\/www.eldiario.net\/portal\/#website","url":"https:\/\/www.eldiario.net\/portal\/","name":"El Diario - Decano de la prensa nacional","description":"El Diario - Decano de la prensa nacional","publisher":{"@id":"https:\/\/www.eldiario.net\/portal\/#organization"},"potentialAction":[{"@type":"SearchAction","target":{"@type":"EntryPoint","urlTemplate":"https:\/\/www.eldiario.net\/portal\/?s={search_term_string}"},"query-input":{"@type":"PropertyValueSpecification","valueRequired":true,"valueName":"search_term_string"}}],"inLanguage":"es"},{"@type":"Organization","@id":"https:\/\/www.eldiario.net\/portal\/#organization","name":"El Diario - Decano de la prensa nacional","url":"https:\/\/www.eldiario.net\/portal\/","logo":{"@type":"ImageObject","inLanguage":"es","@id":"https:\/\/www.eldiario.net\/portal\/#\/schema\/logo\/image\/","url":"https:\/\/www.eldiario.net\/portal\/wp-content\/uploads\/2023\/07\/logo_ED.jpg","contentUrl":"https:\/\/www.eldiario.net\/portal\/wp-content\/uploads\/2023\/07\/logo_ED.jpg","width":272,"height":52,"caption":"El Diario - Decano de la prensa nacional"},"image":{"@id":"https:\/\/www.eldiario.net\/portal\/#\/schema\/logo\/image\/"},"sameAs":["https:\/\/www.facebook.com\/eldiario.bolivia\/","https:\/\/x.com\/eldiario_net"]},{"@type":"Person","@id":"https:\/\/www.eldiario.net\/portal\/#\/schema\/person\/2c57cf2b7a7ae032e449e4c9b1019eac","name":"Jeanette","image":{"@type":"ImageObject","inLanguage":"es","@id":"https:\/\/secure.gravatar.com\/avatar\/3ea2118a5f7dad2b7138b1187a6b7ee55f160b9968b66013c3a3ef39dd7e5798?s=96&d=mm&r=g","url":"https:\/\/secure.gravatar.com\/avatar\/3ea2118a5f7dad2b7138b1187a6b7ee55f160b9968b66013c3a3ef39dd7e5798?s=96&d=mm&r=g","contentUrl":"https:\/\/secure.gravatar.com\/avatar\/3ea2118a5f7dad2b7138b1187a6b7ee55f160b9968b66013c3a3ef39dd7e5798?s=96&d=mm&r=g","caption":"Jeanette"},"sameAs":["https:\/\/www.eldiario.net\/portal"],"url":"https:\/\/www.eldiario.net\/portal\/author\/jeanette\/"}]}},"_links":{"self":[{"href":"https:\/\/www.eldiario.net\/portal\/wp-json\/wp\/v2\/posts\/427893","targetHints":{"allow":["GET"]}}],"collection":[{"href":"https:\/\/www.eldiario.net\/portal\/wp-json\/wp\/v2\/posts"}],"about":[{"href":"https:\/\/www.eldiario.net\/portal\/wp-json\/wp\/v2\/types\/post"}],"author":[{"embeddable":true,"href":"https:\/\/www.eldiario.net\/portal\/wp-json\/wp\/v2\/users\/1"}],"replies":[{"embeddable":true,"href":"https:\/\/www.eldiario.net\/portal\/wp-json\/wp\/v2\/comments?post=427893"}],"version-history":[{"count":1,"href":"https:\/\/www.eldiario.net\/portal\/wp-json\/wp\/v2\/posts\/427893\/revisions"}],"predecessor-version":[{"id":427895,"href":"https:\/\/www.eldiario.net\/portal\/wp-json\/wp\/v2\/posts\/427893\/revisions\/427895"}],"wp:featuredmedia":[{"embeddable":true,"href":"https:\/\/www.eldiario.net\/portal\/wp-json\/wp\/v2\/media\/427894"}],"wp:attachment":[{"href":"https:\/\/www.eldiario.net\/portal\/wp-json\/wp\/v2\/media?parent=427893"}],"wp:term":[{"taxonomy":"category","embeddable":true,"href":"https:\/\/www.eldiario.net\/portal\/wp-json\/wp\/v2\/categories?post=427893"},{"taxonomy":"post_tag","embeddable":true,"href":"https:\/\/www.eldiario.net\/portal\/wp-json\/wp\/v2\/tags?post=427893"}],"curies":[{"name":"wp","href":"https:\/\/api.w.org\/{rel}","templated":true}]}}