{"id":427890,"date":"2026-09-05T01:53:49","date_gmt":"2026-09-05T05:53:49","guid":{"rendered":"https:\/\/www.eldiario.net\/portal\/?p=427890"},"modified":"2026-09-04T22:54:21","modified_gmt":"2026-09-05T02:54:21","slug":"urge-credito-del-fmi-para-estabilizar-tipo-de-cambio-y-elevar-las-reservas","status":"publish","type":"post","link":"https:\/\/www.eldiario.net\/portal\/2026\/09\/05\/urge-credito-del-fmi-para-estabilizar-tipo-de-cambio-y-elevar-las-reservas\/","title":{"rendered":"Urge cr\u00e9dito del FMI para estabilizar  tipo de cambio y elevar las reservas"},"content":{"rendered":"<p>Antes de las elecciones del pasado a\u00f1o, los analistas econ\u00f3micos advirtieron que el pa\u00eds requer\u00eda alrededor de 10.000 millones de d\u00f3lares para estabilizar la econom\u00eda, inundar el mercado de divisas y aumentar las reservas, pero el Gobierno tom\u00f3 el camino de ordenar primero la econom\u00eda y luego acudir a los organismos internacionales. El cr\u00e9dito del Fondo Monetario Internacional (FMI) va en esta direcci\u00f3n, aunque los desembolsos ser\u00e1n lentos por la necesidad de recursos.<br \/>\n\u201cEl tr\u00e1mite por los 1.900 millones de d\u00f3lares del FMI ya pas\u00f3 del acuerdo t\u00e9cnico a la fase legislativa formal con el informe t\u00e9cnico de Hacienda respald\u00e1ndolo con un plazo de repago a 10 a\u00f1os, tasa DEG de 2,879% y un margen del 0,6%, 3,479% variable y desembolso hasta en 36 meses. \u00a1Qu\u00e9 lento!\u201d, cuestion\u00f3 Mauricio R\u00edos Garc\u00eda en su red social, @riosmauricio.<br \/>\nEl cr\u00e9dito del FMI es de libre disponibilidad; sin embargo, el presidente Rodrigo Paz sostuvo que se destinar\u00e1 para fortalecer las Reservas Internacionales, aumentar la oferta de divisas y estabilizar el tipo de cambio.<br \/>\nAsimismo, el viceministro del Tesoro y Cr\u00e9dito P\u00fablico, \u00d3scar Navarro, descart\u00f3 que los recursos sean destinados a la compra o subvenci\u00f3n de combustibles. Esta ser\u00eda una de las condiciones impuestas por el organismo internacional.<br \/>\nEn su momento, el economista y docente de la Universidad T\u00e9cnica de Oruro (UTO), Ernesto Bernal, dijo que el gobierno de Rodrigo Paz debi\u00f3 negociar en primera instancia con el FMI un cr\u00e9dito para estabilizar la econom\u00eda y el tipo de cambio.<br \/>\nPasaron nueve meses, el acuerdo con el FMI ingres\u00f3 en su tratamiento en la Asamblea Legislativa Plurinacional y se espera que, una vez aprobado, los desembolsos pueden darse hasta finales de a\u00f1o o principios del 2027.<br \/>\nEn el Foro Econ\u00f3mico de la C\u00e1mara de Industrias, Comercio y Turismo de Santa Cruz (Cainco), el presidente del Estado, Rodrigo Paz Pereira, afirm\u00f3 que los 1.900 millones de d\u00f3lares del cr\u00e9dito acordado con el Fondo Monetario Internacional, se destinar\u00e1n para estabilizar el tipo de cambio del d\u00f3lar y elevar las reservas netas internacionales.<br \/>\nAdem\u00e1s, el cr\u00e9dito impulsar\u00e1 una reforma estructural de la econom\u00eda, que incluye la protecci\u00f3n obligatoria de las poblaciones m\u00e1s vulnerables de Bolivia. Asegur\u00f3 que no se financiar\u00e1n salarios ni gastos del gobierno si no que fluir\u00e1n en el mercado nacional.<\/p>\n<p>Cr\u00e9ditos<br \/>\nAutoridades de Gobierno ya indicaron que, con la aprobaci\u00f3n del cr\u00e9dito del FMI, tambi\u00e9n vendr\u00e1 m\u00e1s financiamiento de organismos internacionales que pasar\u00e1n los 4.000 millones de d\u00f3lares.<br \/>\n\u201c(\u2026) La aprobaci\u00f3n de ese cr\u00e9dito por la Asamblea Legislativa Plurinacional (ALP) tambi\u00e9n permitir\u00e1 inyectar al menos 4.500 millones de d\u00f3lares de cr\u00e9ditos adicionales de la Corporaci\u00f3n Andina de Fomento (CAF), Banco Interamericano de Desarrollo (BID), Banco Mundial (BM) y otras instituciones financieras, en programas de construcci\u00f3n de infraestructura con enfoque de desarrollo econ\u00f3mico y social no s\u00f3lo en cuanto a cantidad de beneficiarios, sino en cuanto a la generaci\u00f3n de empleos directos e indirectos\u201d, seg\u00fan el Primer Mandatario.<br \/>\nPaz a\u00f1adi\u00f3 que los t\u00e9rminos del cr\u00e9dito son coherentes con la decisi\u00f3n de administrar el pa\u00eds bajo principios de econom\u00eda, mas no son ideol\u00f3gico-pol\u00edticos para que, la reforma estructural, sea solvente y est\u00e9 enfocada en la capacidad productiva que tiene el pa\u00eds.<\/p>\n<p>Recuperaci\u00f3n<br \/>\nSi bien el cr\u00e9dito del FMI ser\u00e1 importante para la econom\u00eda nacional, la recuperaci\u00f3n tomar\u00e1 su tiempo, pero cuanto m\u00e1s se tarde en aprobar el financiamiento, se requerir\u00e1n m\u00e1s a\u00f1os para la estabilizaci\u00f3n y reactivaci\u00f3n de la econom\u00eda.<br \/>\nLa Fundaci\u00f3n Jubileo, en un breve an\u00e1lisis de la econom\u00eda nacional, indic\u00f3 que la recuperaci\u00f3n de la econom\u00eda tomar\u00e1 por lo menos 7 a\u00f1os, en caso de acelerar los cambios normativos, tal vez podr\u00eda ser menos.<\/p>\n","protected":false},"excerpt":{"rendered":"<p>Antes de las elecciones del pasado a\u00f1o, los analistas econ\u00f3micos advirtieron que el pa\u00eds requer\u00eda alrededor de 10.000 millones de d\u00f3lares para estabilizar la econom\u00eda, inundar el mercado de divisas y aumentar las reservas, pero el Gobierno tom\u00f3 el camino de ordenar primero la econom\u00eda y luego acudir a los organismos internacionales. El cr\u00e9dito del [&hellip;]<\/p>\n","protected":false},"author":1,"featured_media":427891,"comment_status":"closed","ping_status":"open","sticky":false,"template":"","format":"standard","meta":{"_acf_changed":false,"footnotes":""},"categories":[7],"tags":[],"class_list":["post-427890","post","type-post","status-publish","format-standard","has-post-thumbnail","category-economia"],"acf":{"antetitulo":""},"yoast_head":"<!-- This site is optimized with the Yoast SEO plugin v28.4 - https:\/\/yoast.com\/product\/yoast-seo-wordpress\/ -->\n<title>Urge cr\u00e9dito del FMI para estabilizar tipo de cambio y elevar las reservas - El Diario - Bolivia<\/title>\n<meta name=\"robots\" content=\"index, follow, max-snippet:-1, max-image-preview:large, max-video-preview:-1\" \/>\n<link rel=\"canonical\" href=\"https:\/\/www.eldiario.net\/portal\/2026\/09\/05\/urge-credito-del-fmi-para-estabilizar-tipo-de-cambio-y-elevar-las-reservas\/\" \/>\n<meta property=\"og:locale\" content=\"es_ES\" \/>\n<meta property=\"og:type\" content=\"article\" \/>\n<meta property=\"og:title\" content=\"Urge cr\u00e9dito del FMI para estabilizar tipo de cambio y elevar las reservas - El Diario - Bolivia\" \/>\n<meta property=\"og:description\" content=\"Antes de las elecciones del pasado a\u00f1o, los analistas econ\u00f3micos advirtieron que el pa\u00eds requer\u00eda alrededor de 10.000 millones de d\u00f3lares para estabilizar la econom\u00eda, inundar el mercado de divisas y aumentar las reservas, pero el Gobierno tom\u00f3 el camino de ordenar primero la econom\u00eda y luego acudir a los organismos internacionales. El cr\u00e9dito del [&hellip;]\" \/>\n<meta property=\"og:url\" content=\"https:\/\/www.eldiario.net\/portal\/2026\/09\/05\/urge-credito-del-fmi-para-estabilizar-tipo-de-cambio-y-elevar-las-reservas\/\" \/>\n<meta property=\"og:site_name\" content=\"El Diario - Bolivia\" \/>\n<meta property=\"article:publisher\" content=\"https:\/\/www.facebook.com\/eldiario.bolivia\/\" \/>\n<meta property=\"article:published_time\" content=\"2026-09-05T05:53:49+00:00\" \/>\n<meta property=\"og:image\" content=\"https:\/\/www.eldiario.net\/portal\/wp-content\/uploads\/2026\/09\/fmi.webp\" \/>\n\t<meta property=\"og:image:width\" content=\"572\" \/>\n\t<meta property=\"og:image:height\" content=\"349\" \/>\n\t<meta property=\"og:image:type\" content=\"image\/webp\" \/>\n<meta name=\"author\" content=\"Jeanette\" \/>\n<meta name=\"twitter:card\" content=\"summary_large_image\" \/>\n<meta name=\"twitter:creator\" content=\"@eldiario_net\" \/>\n<meta name=\"twitter:site\" content=\"@eldiario_net\" \/>\n<meta name=\"twitter:label1\" content=\"Escrito por\" \/>\n\t<meta name=\"twitter:data1\" content=\"Jeanette\" \/>\n\t<meta name=\"twitter:label2\" content=\"Tiempo de lectura\" \/>\n\t<meta name=\"twitter:data2\" content=\"3 minutos\" \/>\n<script type=\"application\/ld+json\" class=\"yoast-schema-graph\">{\"@context\":\"https:\\\/\\\/schema.org\",\"@graph\":[{\"@type\":\"Article\",\"@id\":\"https:\\\/\\\/www.eldiario.net\\\/portal\\\/2026\\\/09\\\/05\\\/urge-credito-del-fmi-para-estabilizar-tipo-de-cambio-y-elevar-las-reservas\\\/#article\",\"isPartOf\":{\"@id\":\"https:\\\/\\\/www.eldiario.net\\\/portal\\\/2026\\\/09\\\/05\\\/urge-credito-del-fmi-para-estabilizar-tipo-de-cambio-y-elevar-las-reservas\\\/\"},\"author\":{\"name\":\"Jeanette\",\"@id\":\"https:\\\/\\\/www.eldiario.net\\\/portal\\\/#\\\/schema\\\/person\\\/2c57cf2b7a7ae032e449e4c9b1019eac\"},\"headline\":\"Urge cr\u00e9dito del FMI para estabilizar tipo de cambio y elevar las reservas\",\"datePublished\":\"2026-09-05T05:53:49+00:00\",\"mainEntityOfPage\":{\"@id\":\"https:\\\/\\\/www.eldiario.net\\\/portal\\\/2026\\\/09\\\/05\\\/urge-credito-del-fmi-para-estabilizar-tipo-de-cambio-y-elevar-las-reservas\\\/\"},\"wordCount\":686,\"publisher\":{\"@id\":\"https:\\\/\\\/www.eldiario.net\\\/portal\\\/#organization\"},\"image\":{\"@id\":\"https:\\\/\\\/www.eldiario.net\\\/portal\\\/2026\\\/09\\\/05\\\/urge-credito-del-fmi-para-estabilizar-tipo-de-cambio-y-elevar-las-reservas\\\/#primaryimage\"},\"thumbnailUrl\":\"https:\\\/\\\/www.eldiario.net\\\/portal\\\/wp-content\\\/uploads\\\/2026\\\/09\\\/fmi.webp\",\"articleSection\":[\"Econom\u00eda\"],\"inLanguage\":\"es\"},{\"@type\":\"WebPage\",\"@id\":\"https:\\\/\\\/www.eldiario.net\\\/portal\\\/2026\\\/09\\\/05\\\/urge-credito-del-fmi-para-estabilizar-tipo-de-cambio-y-elevar-las-reservas\\\/\",\"url\":\"https:\\\/\\\/www.eldiario.net\\\/portal\\\/2026\\\/09\\\/05\\\/urge-credito-del-fmi-para-estabilizar-tipo-de-cambio-y-elevar-las-reservas\\\/\",\"name\":\"Urge cr\u00e9dito del FMI para estabilizar tipo de cambio y elevar las reservas - El Diario - Bolivia\",\"isPartOf\":{\"@id\":\"https:\\\/\\\/www.eldiario.net\\\/portal\\\/#website\"},\"primaryImageOfPage\":{\"@id\":\"https:\\\/\\\/www.eldiario.net\\\/portal\\\/2026\\\/09\\\/05\\\/urge-credito-del-fmi-para-estabilizar-tipo-de-cambio-y-elevar-las-reservas\\\/#primaryimage\"},\"image\":{\"@id\":\"https:\\\/\\\/www.eldiario.net\\\/portal\\\/2026\\\/09\\\/05\\\/urge-credito-del-fmi-para-estabilizar-tipo-de-cambio-y-elevar-las-reservas\\\/#primaryimage\"},\"thumbnailUrl\":\"https:\\\/\\\/www.eldiario.net\\\/portal\\\/wp-content\\\/uploads\\\/2026\\\/09\\\/fmi.webp\",\"datePublished\":\"2026-09-05T05:53:49+00:00\",\"breadcrumb\":{\"@id\":\"https:\\\/\\\/www.eldiario.net\\\/portal\\\/2026\\\/09\\\/05\\\/urge-credito-del-fmi-para-estabilizar-tipo-de-cambio-y-elevar-las-reservas\\\/#breadcrumb\"},\"inLanguage\":\"es\",\"potentialAction\":[{\"@type\":\"ReadAction\",\"target\":[\"https:\\\/\\\/www.eldiario.net\\\/portal\\\/2026\\\/09\\\/05\\\/urge-credito-del-fmi-para-estabilizar-tipo-de-cambio-y-elevar-las-reservas\\\/\"]}]},{\"@type\":\"ImageObject\",\"inLanguage\":\"es\",\"@id\":\"https:\\\/\\\/www.eldiario.net\\\/portal\\\/2026\\\/09\\\/05\\\/urge-credito-del-fmi-para-estabilizar-tipo-de-cambio-y-elevar-las-reservas\\\/#primaryimage\",\"url\":\"https:\\\/\\\/www.eldiario.net\\\/portal\\\/wp-content\\\/uploads\\\/2026\\\/09\\\/fmi.webp\",\"contentUrl\":\"https:\\\/\\\/www.eldiario.net\\\/portal\\\/wp-content\\\/uploads\\\/2026\\\/09\\\/fmi.webp\",\"width\":572,\"height\":349},{\"@type\":\"BreadcrumbList\",\"@id\":\"https:\\\/\\\/www.eldiario.net\\\/portal\\\/2026\\\/09\\\/05\\\/urge-credito-del-fmi-para-estabilizar-tipo-de-cambio-y-elevar-las-reservas\\\/#breadcrumb\",\"itemListElement\":[{\"@type\":\"ListItem\",\"position\":1,\"name\":\"Portada\",\"item\":\"https:\\\/\\\/www.eldiario.net\\\/portal\\\/\"},{\"@type\":\"ListItem\",\"position\":2,\"name\":\"Urge cr\u00e9dito del FMI para estabilizar tipo de cambio y elevar las reservas\"}]},{\"@type\":\"WebSite\",\"@id\":\"https:\\\/\\\/www.eldiario.net\\\/portal\\\/#website\",\"url\":\"https:\\\/\\\/www.eldiario.net\\\/portal\\\/\",\"name\":\"El Diario - Decano de la prensa nacional\",\"description\":\"El Diario - Decano de la prensa nacional\",\"publisher\":{\"@id\":\"https:\\\/\\\/www.eldiario.net\\\/portal\\\/#organization\"},\"potentialAction\":[{\"@type\":\"SearchAction\",\"target\":{\"@type\":\"EntryPoint\",\"urlTemplate\":\"https:\\\/\\\/www.eldiario.net\\\/portal\\\/?s={search_term_string}\"},\"query-input\":{\"@type\":\"PropertyValueSpecification\",\"valueRequired\":true,\"valueName\":\"search_term_string\"}}],\"inLanguage\":\"es\"},{\"@type\":\"Organization\",\"@id\":\"https:\\\/\\\/www.eldiario.net\\\/portal\\\/#organization\",\"name\":\"El Diario - Decano de la prensa nacional\",\"url\":\"https:\\\/\\\/www.eldiario.net\\\/portal\\\/\",\"logo\":{\"@type\":\"ImageObject\",\"inLanguage\":\"es\",\"@id\":\"https:\\\/\\\/www.eldiario.net\\\/portal\\\/#\\\/schema\\\/logo\\\/image\\\/\",\"url\":\"https:\\\/\\\/www.eldiario.net\\\/portal\\\/wp-content\\\/uploads\\\/2023\\\/07\\\/logo_ED.jpg\",\"contentUrl\":\"https:\\\/\\\/www.eldiario.net\\\/portal\\\/wp-content\\\/uploads\\\/2023\\\/07\\\/logo_ED.jpg\",\"width\":272,\"height\":52,\"caption\":\"El Diario - Decano de la prensa nacional\"},\"image\":{\"@id\":\"https:\\\/\\\/www.eldiario.net\\\/portal\\\/#\\\/schema\\\/logo\\\/image\\\/\"},\"sameAs\":[\"https:\\\/\\\/www.facebook.com\\\/eldiario.bolivia\\\/\",\"https:\\\/\\\/x.com\\\/eldiario_net\"]},{\"@type\":\"Person\",\"@id\":\"https:\\\/\\\/www.eldiario.net\\\/portal\\\/#\\\/schema\\\/person\\\/2c57cf2b7a7ae032e449e4c9b1019eac\",\"name\":\"Jeanette\",\"image\":{\"@type\":\"ImageObject\",\"inLanguage\":\"es\",\"@id\":\"https:\\\/\\\/secure.gravatar.com\\\/avatar\\\/3ea2118a5f7dad2b7138b1187a6b7ee55f160b9968b66013c3a3ef39dd7e5798?s=96&d=mm&r=g\",\"url\":\"https:\\\/\\\/secure.gravatar.com\\\/avatar\\\/3ea2118a5f7dad2b7138b1187a6b7ee55f160b9968b66013c3a3ef39dd7e5798?s=96&d=mm&r=g\",\"contentUrl\":\"https:\\\/\\\/secure.gravatar.com\\\/avatar\\\/3ea2118a5f7dad2b7138b1187a6b7ee55f160b9968b66013c3a3ef39dd7e5798?s=96&d=mm&r=g\",\"caption\":\"Jeanette\"},\"sameAs\":[\"https:\\\/\\\/www.eldiario.net\\\/portal\"],\"url\":\"https:\\\/\\\/www.eldiario.net\\\/portal\\\/author\\\/jeanette\\\/\"}]}<\/script>\n<!-- \/ Yoast SEO plugin. -->","yoast_head_json":{"title":"Urge cr\u00e9dito del FMI para estabilizar tipo de cambio y elevar las reservas - El Diario - Bolivia","robots":{"index":"index","follow":"follow","max-snippet":"max-snippet:-1","max-image-preview":"max-image-preview:large","max-video-preview":"max-video-preview:-1"},"canonical":"https:\/\/www.eldiario.net\/portal\/2026\/09\/05\/urge-credito-del-fmi-para-estabilizar-tipo-de-cambio-y-elevar-las-reservas\/","og_locale":"es_ES","og_type":"article","og_title":"Urge cr\u00e9dito del FMI para estabilizar tipo de cambio y elevar las reservas - El Diario - Bolivia","og_description":"Antes de las elecciones del pasado a\u00f1o, los analistas econ\u00f3micos advirtieron que el pa\u00eds requer\u00eda alrededor de 10.000 millones de d\u00f3lares para estabilizar la econom\u00eda, inundar el mercado de divisas y aumentar las reservas, pero el Gobierno tom\u00f3 el camino de ordenar primero la econom\u00eda y luego acudir a los organismos internacionales. El cr\u00e9dito del [&hellip;]","og_url":"https:\/\/www.eldiario.net\/portal\/2026\/09\/05\/urge-credito-del-fmi-para-estabilizar-tipo-de-cambio-y-elevar-las-reservas\/","og_site_name":"El Diario - Bolivia","article_publisher":"https:\/\/www.facebook.com\/eldiario.bolivia\/","article_published_time":"2026-09-05T05:53:49+00:00","og_image":[{"width":572,"height":349,"url":"https:\/\/www.eldiario.net\/portal\/wp-content\/uploads\/2026\/09\/fmi.webp","type":"image\/webp"}],"author":"Jeanette","twitter_card":"summary_large_image","twitter_creator":"@eldiario_net","twitter_site":"@eldiario_net","twitter_misc":{"Escrito por":"Jeanette","Tiempo de lectura":"3 minutos"},"schema":{"@context":"https:\/\/schema.org","@graph":[{"@type":"Article","@id":"https:\/\/www.eldiario.net\/portal\/2026\/09\/05\/urge-credito-del-fmi-para-estabilizar-tipo-de-cambio-y-elevar-las-reservas\/#article","isPartOf":{"@id":"https:\/\/www.eldiario.net\/portal\/2026\/09\/05\/urge-credito-del-fmi-para-estabilizar-tipo-de-cambio-y-elevar-las-reservas\/"},"author":{"name":"Jeanette","@id":"https:\/\/www.eldiario.net\/portal\/#\/schema\/person\/2c57cf2b7a7ae032e449e4c9b1019eac"},"headline":"Urge cr\u00e9dito del FMI para estabilizar tipo de cambio y elevar las reservas","datePublished":"2026-09-05T05:53:49+00:00","mainEntityOfPage":{"@id":"https:\/\/www.eldiario.net\/portal\/2026\/09\/05\/urge-credito-del-fmi-para-estabilizar-tipo-de-cambio-y-elevar-las-reservas\/"},"wordCount":686,"publisher":{"@id":"https:\/\/www.eldiario.net\/portal\/#organization"},"image":{"@id":"https:\/\/www.eldiario.net\/portal\/2026\/09\/05\/urge-credito-del-fmi-para-estabilizar-tipo-de-cambio-y-elevar-las-reservas\/#primaryimage"},"thumbnailUrl":"https:\/\/www.eldiario.net\/portal\/wp-content\/uploads\/2026\/09\/fmi.webp","articleSection":["Econom\u00eda"],"inLanguage":"es"},{"@type":"WebPage","@id":"https:\/\/www.eldiario.net\/portal\/2026\/09\/05\/urge-credito-del-fmi-para-estabilizar-tipo-de-cambio-y-elevar-las-reservas\/","url":"https:\/\/www.eldiario.net\/portal\/2026\/09\/05\/urge-credito-del-fmi-para-estabilizar-tipo-de-cambio-y-elevar-las-reservas\/","name":"Urge cr\u00e9dito del FMI para estabilizar tipo de cambio y elevar las reservas - El Diario - Bolivia","isPartOf":{"@id":"https:\/\/www.eldiario.net\/portal\/#website"},"primaryImageOfPage":{"@id":"https:\/\/www.eldiario.net\/portal\/2026\/09\/05\/urge-credito-del-fmi-para-estabilizar-tipo-de-cambio-y-elevar-las-reservas\/#primaryimage"},"image":{"@id":"https:\/\/www.eldiario.net\/portal\/2026\/09\/05\/urge-credito-del-fmi-para-estabilizar-tipo-de-cambio-y-elevar-las-reservas\/#primaryimage"},"thumbnailUrl":"https:\/\/www.eldiario.net\/portal\/wp-content\/uploads\/2026\/09\/fmi.webp","datePublished":"2026-09-05T05:53:49+00:00","breadcrumb":{"@id":"https:\/\/www.eldiario.net\/portal\/2026\/09\/05\/urge-credito-del-fmi-para-estabilizar-tipo-de-cambio-y-elevar-las-reservas\/#breadcrumb"},"inLanguage":"es","potentialAction":[{"@type":"ReadAction","target":["https:\/\/www.eldiario.net\/portal\/2026\/09\/05\/urge-credito-del-fmi-para-estabilizar-tipo-de-cambio-y-elevar-las-reservas\/"]}]},{"@type":"ImageObject","inLanguage":"es","@id":"https:\/\/www.eldiario.net\/portal\/2026\/09\/05\/urge-credito-del-fmi-para-estabilizar-tipo-de-cambio-y-elevar-las-reservas\/#primaryimage","url":"https:\/\/www.eldiario.net\/portal\/wp-content\/uploads\/2026\/09\/fmi.webp","contentUrl":"https:\/\/www.eldiario.net\/portal\/wp-content\/uploads\/2026\/09\/fmi.webp","width":572,"height":349},{"@type":"BreadcrumbList","@id":"https:\/\/www.eldiario.net\/portal\/2026\/09\/05\/urge-credito-del-fmi-para-estabilizar-tipo-de-cambio-y-elevar-las-reservas\/#breadcrumb","itemListElement":[{"@type":"ListItem","position":1,"name":"Portada","item":"https:\/\/www.eldiario.net\/portal\/"},{"@type":"ListItem","position":2,"name":"Urge cr\u00e9dito del FMI para estabilizar tipo de cambio y elevar las reservas"}]},{"@type":"WebSite","@id":"https:\/\/www.eldiario.net\/portal\/#website","url":"https:\/\/www.eldiario.net\/portal\/","name":"El Diario - Decano de la prensa nacional","description":"El Diario - Decano de la prensa nacional","publisher":{"@id":"https:\/\/www.eldiario.net\/portal\/#organization"},"potentialAction":[{"@type":"SearchAction","target":{"@type":"EntryPoint","urlTemplate":"https:\/\/www.eldiario.net\/portal\/?s={search_term_string}"},"query-input":{"@type":"PropertyValueSpecification","valueRequired":true,"valueName":"search_term_string"}}],"inLanguage":"es"},{"@type":"Organization","@id":"https:\/\/www.eldiario.net\/portal\/#organization","name":"El Diario - Decano de la prensa nacional","url":"https:\/\/www.eldiario.net\/portal\/","logo":{"@type":"ImageObject","inLanguage":"es","@id":"https:\/\/www.eldiario.net\/portal\/#\/schema\/logo\/image\/","url":"https:\/\/www.eldiario.net\/portal\/wp-content\/uploads\/2023\/07\/logo_ED.jpg","contentUrl":"https:\/\/www.eldiario.net\/portal\/wp-content\/uploads\/2023\/07\/logo_ED.jpg","width":272,"height":52,"caption":"El Diario - Decano de la prensa nacional"},"image":{"@id":"https:\/\/www.eldiario.net\/portal\/#\/schema\/logo\/image\/"},"sameAs":["https:\/\/www.facebook.com\/eldiario.bolivia\/","https:\/\/x.com\/eldiario_net"]},{"@type":"Person","@id":"https:\/\/www.eldiario.net\/portal\/#\/schema\/person\/2c57cf2b7a7ae032e449e4c9b1019eac","name":"Jeanette","image":{"@type":"ImageObject","inLanguage":"es","@id":"https:\/\/secure.gravatar.com\/avatar\/3ea2118a5f7dad2b7138b1187a6b7ee55f160b9968b66013c3a3ef39dd7e5798?s=96&d=mm&r=g","url":"https:\/\/secure.gravatar.com\/avatar\/3ea2118a5f7dad2b7138b1187a6b7ee55f160b9968b66013c3a3ef39dd7e5798?s=96&d=mm&r=g","contentUrl":"https:\/\/secure.gravatar.com\/avatar\/3ea2118a5f7dad2b7138b1187a6b7ee55f160b9968b66013c3a3ef39dd7e5798?s=96&d=mm&r=g","caption":"Jeanette"},"sameAs":["https:\/\/www.eldiario.net\/portal"],"url":"https:\/\/www.eldiario.net\/portal\/author\/jeanette\/"}]}},"_links":{"self":[{"href":"https:\/\/www.eldiario.net\/portal\/wp-json\/wp\/v2\/posts\/427890","targetHints":{"allow":["GET"]}}],"collection":[{"href":"https:\/\/www.eldiario.net\/portal\/wp-json\/wp\/v2\/posts"}],"about":[{"href":"https:\/\/www.eldiario.net\/portal\/wp-json\/wp\/v2\/types\/post"}],"author":[{"embeddable":true,"href":"https:\/\/www.eldiario.net\/portal\/wp-json\/wp\/v2\/users\/1"}],"replies":[{"embeddable":true,"href":"https:\/\/www.eldiario.net\/portal\/wp-json\/wp\/v2\/comments?post=427890"}],"version-history":[{"count":1,"href":"https:\/\/www.eldiario.net\/portal\/wp-json\/wp\/v2\/posts\/427890\/revisions"}],"predecessor-version":[{"id":427892,"href":"https:\/\/www.eldiario.net\/portal\/wp-json\/wp\/v2\/posts\/427890\/revisions\/427892"}],"wp:featuredmedia":[{"embeddable":true,"href":"https:\/\/www.eldiario.net\/portal\/wp-json\/wp\/v2\/media\/427891"}],"wp:attachment":[{"href":"https:\/\/www.eldiario.net\/portal\/wp-json\/wp\/v2\/media?parent=427890"}],"wp:term":[{"taxonomy":"category","embeddable":true,"href":"https:\/\/www.eldiario.net\/portal\/wp-json\/wp\/v2\/categories?post=427890"},{"taxonomy":"post_tag","embeddable":true,"href":"https:\/\/www.eldiario.net\/portal\/wp-json\/wp\/v2\/tags?post=427890"}],"curies":[{"name":"wp","href":"https:\/\/api.w.org\/{rel}","templated":true}]}}