{"id":427887,"date":"2026-09-05T01:53:07","date_gmt":"2026-09-05T05:53:07","guid":{"rendered":"https:\/\/www.eldiario.net\/portal\/?p=427887"},"modified":"2026-09-04T22:53:38","modified_gmt":"2026-09-05T02:53:38","slug":"la-paz-expone-un-espacio-para-reactivar-la-economia-departamental-y-del-pais","status":"publish","type":"post","link":"https:\/\/www.eldiario.net\/portal\/2026\/09\/05\/la-paz-expone-un-espacio-para-reactivar-la-economia-departamental-y-del-pais\/","title":{"rendered":"La Paz Expone, un espacio para reactivar la econom\u00eda departamental y del pa\u00eds"},"content":{"rendered":"<p>Comenz\u00f3 la feria internacional La Paz Expone 2026, con el objetivo de consolidar al evento como uno de los m\u00e1s importantes del pa\u00eds, en cuyos ambientes se presenta el esfuerzo y la creatividad empresarial.<br \/>\nEn la inauguraci\u00f3n, el presidente de la Federaci\u00f3n de Empresarios Privados de La Paz (Feplp), Rolando Kempff, dijo que la novena versi\u00f3n de la feria va m\u00e1s all\u00e1 de lo comercial, ya que es un espacio de encuentro y reactivaci\u00f3n.<br \/>\n\u201cBolivia atraviesa una situaci\u00f3n econ\u00f3mica compleja de las \u00faltimas d\u00e9cadas, luego de pasar m\u00e1s de 50 d\u00edas de bloqueos y p\u00e9rdidas por m\u00e1s de 500 millones de d\u00f3lares\u201d, record\u00f3 el empresario a tiempo de mostrar su predisposici\u00f3n para trabajar con el Gobierno para reactivar la econom\u00eda del departamento y del pa\u00eds.<br \/>\nAsegur\u00f3 que La Paz Expone es una expresi\u00f3n de confianza para Bolivia, en momentos en que las empresas enfrentan varios problemas. \u201cLos empresarios bolivianos continuar\u00e1n trabajando, generando empleo y apostando por el pa\u00eds\u201d, resalt\u00f3.<br \/>\nFeria<br \/>\nM\u00e1s de 600 empresas participan de la feria, que espera recibir alrededor de 100.000 visitantes y generar m\u00e1s de 50 millones de d\u00f3lares en intenciones de negocios durante 11 d\u00edas de actividad empresarial, comercial y productiva.<br \/>\nEl Gobierno nacional y el sector privado inauguraron la 9na Feria Internacional La Paz Expone 2026, que durante 11 d\u00edas convertir\u00e1 al Campo Ferial Chuquiago Marka en un espacio de encuentro para productores, empresas, emprendedores e instituciones.<br \/>\nLa feria, que se desarrollar\u00e1 del 3 al 13 de septiembre, prev\u00e9 recibir alrededor de 100.000 visitantes y contempla ruedas de negocios, encuentros de integraci\u00f3n log\u00edstica, exposiciones sectoriales y otras actividades destinadas a generar nuevas oportunidades comerciales y ampliar mercados para la producci\u00f3n nacional.<br \/>\nDurante la inauguraci\u00f3n, el ministro de Econom\u00eda y Finanzas P\u00fablicas, Christian Andr\u00e9s Morales Burgos, destac\u00f3 que ese tipo de encuentros permiten que la reactivaci\u00f3n econ\u00f3mica se traduzca en resultados concretos para empresas, productores, emprendedores y trabajadores.<br \/>\nMorales explic\u00f3 que la importancia de la feria radica en su capacidad para conectar empresas con nuevos clientes, productores con mercados y emprendedores con oportunidades de negocio, movilizando inversi\u00f3n y generando empleo.<br \/>\nAgreg\u00f3 que el desaf\u00edo es que las relaciones comerciales que se construyan durante estos d\u00edas trasciendan la feria y se conviertan en nuevas oportunidades para la producci\u00f3n boliviana.<br \/>\nLa Paz muestra su<br \/>\npotencial productivo<br \/>\nPor su parte, el presidente del Estado Plurinacional de Bolivia, Rodrigo Paz Pereira, enfatiz\u00f3 las capacidades productivas y estrat\u00e9gicas del departamento de La Paz, particularmente el potencial hidrocarbur\u00edfero del norte pace\u00f1o. Remarc\u00f3 la necesidad de acompa\u00f1ar este potencial con infraestructura que permita ampliar la producci\u00f3n y mejorar la conexi\u00f3n con los mercados.<br \/>\nEn ese marco, inform\u00f3 que el Gobierno proyecta una inversi\u00f3n superior a 17.000 millones de bolivianos durante los pr\u00f3ximos cinco a\u00f1os en carreteras, puentes y otras obras destinadas a fortalecer la conectividad de La Paz con el resto del pa\u00eds.<br \/>\nLa apuesta por infraestructura, producci\u00f3n y apertura de mercados busca generar mejores condiciones para que las capacidades productivas del departamento puedan convertirse en inversi\u00f3n, actividad econ\u00f3mica y empleo.<br \/>\nProducci\u00f3n boliviana con proyecci\u00f3n nacional e internacional<br \/>\nEl ministro de Producci\u00f3n Sostenible, Medio Ambiente y Agua, \u00d3scar Mario Justiniano Pinto, resalt\u00f3 la importancia de contar con espacios que permitan mostrar la capacidad productiva, empresarial y emprendedora del pa\u00eds, tanto dentro como fuera de Bolivia.<br \/>\nJustiniano se\u00f1al\u00f3 que las ferias constituyen una vitrina para que empresas, productores y emprendimientos puedan visibilizar su oferta, establecer v\u00ednculos comerciales y proyectarse hacia nuevos mercados.<br \/>\nLa Paz Expone tambi\u00e9n incorpora la Rueda de Negocios y el IV Encuentro de Integraci\u00f3n Log\u00edstica Internacional, espacios orientados a facilitar contactos empresariales y fortalecer oportunidades de intercambio comercial.<br \/>\nUna plataforma para dinamizar la econom\u00eda<br \/>\nEl director general ejecutivo de la Unidad de Coordinaci\u00f3n de Programas y Proyectos (UCPP), Rodney Melvin Miranda, destac\u00f3 el rol del Campo Ferial Chuquiago Marka como infraestructura p\u00fablica capaz de generar actividad econ\u00f3mica durante todo el a\u00f1o.<br \/>\nMiranda sostuvo que, cuando el recinto est\u00e1 en funcionamiento, se moviliza una amplia cadena de actividades vinculadas a proveedores, productores, transportistas, gastr\u00f3nomos, artistas, t\u00e9cnicos, comerciantes y emprendedores.<br \/>\nAsimismo, dijo que existe una visi\u00f3n de articulaci\u00f3n entre el Campo Ferial Chuquiago Marka y el Centro Internacional de Cultura, Exposiciones y Convenciones (Sisec) de El Alto, cuya inversi\u00f3n supera los 480 millones de bolivianos, con el objetivo de consolidar al eje La Paz-El Alto como una plataforma para ferias, convenciones, negocios, cultura e integraci\u00f3n.<\/p>\n","protected":false},"excerpt":{"rendered":"<p>Comenz\u00f3 la feria internacional La Paz Expone 2026, con el objetivo de consolidar al evento como uno de los m\u00e1s importantes del pa\u00eds, en cuyos ambientes se presenta el esfuerzo y la creatividad empresarial. En la inauguraci\u00f3n, el presidente de la Federaci\u00f3n de Empresarios Privados de La Paz (Feplp), Rolando Kempff, dijo que la novena [&hellip;]<\/p>\n","protected":false},"author":1,"featured_media":427888,"comment_status":"closed","ping_status":"open","sticky":false,"template":"","format":"standard","meta":{"_acf_changed":false,"footnotes":""},"categories":[7],"tags":[],"class_list":["post-427887","post","type-post","status-publish","format-standard","has-post-thumbnail","category-economia"],"acf":{"antetitulo":"Tras los m\u00e1s de 50 d\u00edas de bloqueo"},"yoast_head":"<!-- This site is optimized with the Yoast SEO plugin v28.4 - https:\/\/yoast.com\/product\/yoast-seo-wordpress\/ -->\n<title>La Paz Expone, un espacio para reactivar la econom\u00eda departamental y del pa\u00eds - El Diario - Bolivia<\/title>\n<meta name=\"robots\" content=\"index, follow, max-snippet:-1, max-image-preview:large, max-video-preview:-1\" \/>\n<link rel=\"canonical\" href=\"https:\/\/www.eldiario.net\/portal\/2026\/09\/05\/la-paz-expone-un-espacio-para-reactivar-la-economia-departamental-y-del-pais\/\" \/>\n<meta property=\"og:locale\" content=\"es_ES\" \/>\n<meta property=\"og:type\" content=\"article\" \/>\n<meta property=\"og:title\" content=\"La Paz Expone, un espacio para reactivar la econom\u00eda departamental y del pa\u00eds - El Diario - Bolivia\" \/>\n<meta property=\"og:description\" content=\"Comenz\u00f3 la feria internacional La Paz Expone 2026, con el objetivo de consolidar al evento como uno de los m\u00e1s importantes del pa\u00eds, en cuyos ambientes se presenta el esfuerzo y la creatividad empresarial. En la inauguraci\u00f3n, el presidente de la Federaci\u00f3n de Empresarios Privados de La Paz (Feplp), Rolando Kempff, dijo que la novena [&hellip;]\" \/>\n<meta property=\"og:url\" content=\"https:\/\/www.eldiario.net\/portal\/2026\/09\/05\/la-paz-expone-un-espacio-para-reactivar-la-economia-departamental-y-del-pais\/\" \/>\n<meta property=\"og:site_name\" content=\"El Diario - Bolivia\" \/>\n<meta property=\"article:publisher\" content=\"https:\/\/www.facebook.com\/eldiario.bolivia\/\" \/>\n<meta property=\"article:published_time\" content=\"2026-09-05T05:53:07+00:00\" \/>\n<meta property=\"og:image\" content=\"https:\/\/www.eldiario.net\/portal\/wp-content\/uploads\/2026\/09\/feria.webp\" \/>\n\t<meta property=\"og:image:width\" content=\"1280\" \/>\n\t<meta property=\"og:image:height\" content=\"854\" \/>\n\t<meta property=\"og:image:type\" content=\"image\/webp\" \/>\n<meta name=\"author\" content=\"Jeanette\" \/>\n<meta name=\"twitter:card\" content=\"summary_large_image\" \/>\n<meta name=\"twitter:creator\" content=\"@eldiario_net\" \/>\n<meta name=\"twitter:site\" content=\"@eldiario_net\" \/>\n<meta name=\"twitter:label1\" content=\"Escrito por\" \/>\n\t<meta name=\"twitter:data1\" content=\"Jeanette\" \/>\n\t<meta name=\"twitter:label2\" content=\"Tiempo de lectura\" \/>\n\t<meta name=\"twitter:data2\" content=\"4 minutos\" \/>\n<script type=\"application\/ld+json\" class=\"yoast-schema-graph\">{\"@context\":\"https:\\\/\\\/schema.org\",\"@graph\":[{\"@type\":\"Article\",\"@id\":\"https:\\\/\\\/www.eldiario.net\\\/portal\\\/2026\\\/09\\\/05\\\/la-paz-expone-un-espacio-para-reactivar-la-economia-departamental-y-del-pais\\\/#article\",\"isPartOf\":{\"@id\":\"https:\\\/\\\/www.eldiario.net\\\/portal\\\/2026\\\/09\\\/05\\\/la-paz-expone-un-espacio-para-reactivar-la-economia-departamental-y-del-pais\\\/\"},\"author\":{\"name\":\"Jeanette\",\"@id\":\"https:\\\/\\\/www.eldiario.net\\\/portal\\\/#\\\/schema\\\/person\\\/2c57cf2b7a7ae032e449e4c9b1019eac\"},\"headline\":\"La Paz Expone, un espacio para reactivar la econom\u00eda departamental y del pa\u00eds\",\"datePublished\":\"2026-09-05T05:53:07+00:00\",\"mainEntityOfPage\":{\"@id\":\"https:\\\/\\\/www.eldiario.net\\\/portal\\\/2026\\\/09\\\/05\\\/la-paz-expone-un-espacio-para-reactivar-la-economia-departamental-y-del-pais\\\/\"},\"wordCount\":796,\"publisher\":{\"@id\":\"https:\\\/\\\/www.eldiario.net\\\/portal\\\/#organization\"},\"image\":{\"@id\":\"https:\\\/\\\/www.eldiario.net\\\/portal\\\/2026\\\/09\\\/05\\\/la-paz-expone-un-espacio-para-reactivar-la-economia-departamental-y-del-pais\\\/#primaryimage\"},\"thumbnailUrl\":\"https:\\\/\\\/www.eldiario.net\\\/portal\\\/wp-content\\\/uploads\\\/2026\\\/09\\\/feria.webp\",\"articleSection\":[\"Econom\u00eda\"],\"inLanguage\":\"es\"},{\"@type\":\"WebPage\",\"@id\":\"https:\\\/\\\/www.eldiario.net\\\/portal\\\/2026\\\/09\\\/05\\\/la-paz-expone-un-espacio-para-reactivar-la-economia-departamental-y-del-pais\\\/\",\"url\":\"https:\\\/\\\/www.eldiario.net\\\/portal\\\/2026\\\/09\\\/05\\\/la-paz-expone-un-espacio-para-reactivar-la-economia-departamental-y-del-pais\\\/\",\"name\":\"La Paz Expone, un espacio para reactivar la econom\u00eda departamental y del pa\u00eds - El Diario - Bolivia\",\"isPartOf\":{\"@id\":\"https:\\\/\\\/www.eldiario.net\\\/portal\\\/#website\"},\"primaryImageOfPage\":{\"@id\":\"https:\\\/\\\/www.eldiario.net\\\/portal\\\/2026\\\/09\\\/05\\\/la-paz-expone-un-espacio-para-reactivar-la-economia-departamental-y-del-pais\\\/#primaryimage\"},\"image\":{\"@id\":\"https:\\\/\\\/www.eldiario.net\\\/portal\\\/2026\\\/09\\\/05\\\/la-paz-expone-un-espacio-para-reactivar-la-economia-departamental-y-del-pais\\\/#primaryimage\"},\"thumbnailUrl\":\"https:\\\/\\\/www.eldiario.net\\\/portal\\\/wp-content\\\/uploads\\\/2026\\\/09\\\/feria.webp\",\"datePublished\":\"2026-09-05T05:53:07+00:00\",\"breadcrumb\":{\"@id\":\"https:\\\/\\\/www.eldiario.net\\\/portal\\\/2026\\\/09\\\/05\\\/la-paz-expone-un-espacio-para-reactivar-la-economia-departamental-y-del-pais\\\/#breadcrumb\"},\"inLanguage\":\"es\",\"potentialAction\":[{\"@type\":\"ReadAction\",\"target\":[\"https:\\\/\\\/www.eldiario.net\\\/portal\\\/2026\\\/09\\\/05\\\/la-paz-expone-un-espacio-para-reactivar-la-economia-departamental-y-del-pais\\\/\"]}]},{\"@type\":\"ImageObject\",\"inLanguage\":\"es\",\"@id\":\"https:\\\/\\\/www.eldiario.net\\\/portal\\\/2026\\\/09\\\/05\\\/la-paz-expone-un-espacio-para-reactivar-la-economia-departamental-y-del-pais\\\/#primaryimage\",\"url\":\"https:\\\/\\\/www.eldiario.net\\\/portal\\\/wp-content\\\/uploads\\\/2026\\\/09\\\/feria.webp\",\"contentUrl\":\"https:\\\/\\\/www.eldiario.net\\\/portal\\\/wp-content\\\/uploads\\\/2026\\\/09\\\/feria.webp\",\"width\":1280,\"height\":854,\"caption\":\"El mandatario Rodrigo Paz, el Presidente de los empresarios pace\u00f1os, Rolando Kempff, y autoridades del sector econ\u00f3mico en la inauguraci\u00f3n de la feria.\"},{\"@type\":\"BreadcrumbList\",\"@id\":\"https:\\\/\\\/www.eldiario.net\\\/portal\\\/2026\\\/09\\\/05\\\/la-paz-expone-un-espacio-para-reactivar-la-economia-departamental-y-del-pais\\\/#breadcrumb\",\"itemListElement\":[{\"@type\":\"ListItem\",\"position\":1,\"name\":\"Portada\",\"item\":\"https:\\\/\\\/www.eldiario.net\\\/portal\\\/\"},{\"@type\":\"ListItem\",\"position\":2,\"name\":\"La Paz Expone, un espacio para reactivar la econom\u00eda departamental y del pa\u00eds\"}]},{\"@type\":\"WebSite\",\"@id\":\"https:\\\/\\\/www.eldiario.net\\\/portal\\\/#website\",\"url\":\"https:\\\/\\\/www.eldiario.net\\\/portal\\\/\",\"name\":\"El Diario - Decano de la prensa nacional\",\"description\":\"El Diario - Decano de la prensa nacional\",\"publisher\":{\"@id\":\"https:\\\/\\\/www.eldiario.net\\\/portal\\\/#organization\"},\"potentialAction\":[{\"@type\":\"SearchAction\",\"target\":{\"@type\":\"EntryPoint\",\"urlTemplate\":\"https:\\\/\\\/www.eldiario.net\\\/portal\\\/?s={search_term_string}\"},\"query-input\":{\"@type\":\"PropertyValueSpecification\",\"valueRequired\":true,\"valueName\":\"search_term_string\"}}],\"inLanguage\":\"es\"},{\"@type\":\"Organization\",\"@id\":\"https:\\\/\\\/www.eldiario.net\\\/portal\\\/#organization\",\"name\":\"El Diario - Decano de la prensa nacional\",\"url\":\"https:\\\/\\\/www.eldiario.net\\\/portal\\\/\",\"logo\":{\"@type\":\"ImageObject\",\"inLanguage\":\"es\",\"@id\":\"https:\\\/\\\/www.eldiario.net\\\/portal\\\/#\\\/schema\\\/logo\\\/image\\\/\",\"url\":\"https:\\\/\\\/www.eldiario.net\\\/portal\\\/wp-content\\\/uploads\\\/2023\\\/07\\\/logo_ED.jpg\",\"contentUrl\":\"https:\\\/\\\/www.eldiario.net\\\/portal\\\/wp-content\\\/uploads\\\/2023\\\/07\\\/logo_ED.jpg\",\"width\":272,\"height\":52,\"caption\":\"El Diario - Decano de la prensa nacional\"},\"image\":{\"@id\":\"https:\\\/\\\/www.eldiario.net\\\/portal\\\/#\\\/schema\\\/logo\\\/image\\\/\"},\"sameAs\":[\"https:\\\/\\\/www.facebook.com\\\/eldiario.bolivia\\\/\",\"https:\\\/\\\/x.com\\\/eldiario_net\"]},{\"@type\":\"Person\",\"@id\":\"https:\\\/\\\/www.eldiario.net\\\/portal\\\/#\\\/schema\\\/person\\\/2c57cf2b7a7ae032e449e4c9b1019eac\",\"name\":\"Jeanette\",\"image\":{\"@type\":\"ImageObject\",\"inLanguage\":\"es\",\"@id\":\"https:\\\/\\\/secure.gravatar.com\\\/avatar\\\/3ea2118a5f7dad2b7138b1187a6b7ee55f160b9968b66013c3a3ef39dd7e5798?s=96&d=mm&r=g\",\"url\":\"https:\\\/\\\/secure.gravatar.com\\\/avatar\\\/3ea2118a5f7dad2b7138b1187a6b7ee55f160b9968b66013c3a3ef39dd7e5798?s=96&d=mm&r=g\",\"contentUrl\":\"https:\\\/\\\/secure.gravatar.com\\\/avatar\\\/3ea2118a5f7dad2b7138b1187a6b7ee55f160b9968b66013c3a3ef39dd7e5798?s=96&d=mm&r=g\",\"caption\":\"Jeanette\"},\"sameAs\":[\"https:\\\/\\\/www.eldiario.net\\\/portal\"],\"url\":\"https:\\\/\\\/www.eldiario.net\\\/portal\\\/author\\\/jeanette\\\/\"}]}<\/script>\n<!-- \/ Yoast SEO plugin. -->","yoast_head_json":{"title":"La Paz Expone, un espacio para reactivar la econom\u00eda departamental y del pa\u00eds - El Diario - Bolivia","robots":{"index":"index","follow":"follow","max-snippet":"max-snippet:-1","max-image-preview":"max-image-preview:large","max-video-preview":"max-video-preview:-1"},"canonical":"https:\/\/www.eldiario.net\/portal\/2026\/09\/05\/la-paz-expone-un-espacio-para-reactivar-la-economia-departamental-y-del-pais\/","og_locale":"es_ES","og_type":"article","og_title":"La Paz Expone, un espacio para reactivar la econom\u00eda departamental y del pa\u00eds - El Diario - Bolivia","og_description":"Comenz\u00f3 la feria internacional La Paz Expone 2026, con el objetivo de consolidar al evento como uno de los m\u00e1s importantes del pa\u00eds, en cuyos ambientes se presenta el esfuerzo y la creatividad empresarial. En la inauguraci\u00f3n, el presidente de la Federaci\u00f3n de Empresarios Privados de La Paz (Feplp), Rolando Kempff, dijo que la novena [&hellip;]","og_url":"https:\/\/www.eldiario.net\/portal\/2026\/09\/05\/la-paz-expone-un-espacio-para-reactivar-la-economia-departamental-y-del-pais\/","og_site_name":"El Diario - Bolivia","article_publisher":"https:\/\/www.facebook.com\/eldiario.bolivia\/","article_published_time":"2026-09-05T05:53:07+00:00","og_image":[{"width":1280,"height":854,"url":"https:\/\/www.eldiario.net\/portal\/wp-content\/uploads\/2026\/09\/feria.webp","type":"image\/webp"}],"author":"Jeanette","twitter_card":"summary_large_image","twitter_creator":"@eldiario_net","twitter_site":"@eldiario_net","twitter_misc":{"Escrito por":"Jeanette","Tiempo de lectura":"4 minutos"},"schema":{"@context":"https:\/\/schema.org","@graph":[{"@type":"Article","@id":"https:\/\/www.eldiario.net\/portal\/2026\/09\/05\/la-paz-expone-un-espacio-para-reactivar-la-economia-departamental-y-del-pais\/#article","isPartOf":{"@id":"https:\/\/www.eldiario.net\/portal\/2026\/09\/05\/la-paz-expone-un-espacio-para-reactivar-la-economia-departamental-y-del-pais\/"},"author":{"name":"Jeanette","@id":"https:\/\/www.eldiario.net\/portal\/#\/schema\/person\/2c57cf2b7a7ae032e449e4c9b1019eac"},"headline":"La Paz Expone, un espacio para reactivar la econom\u00eda departamental y del pa\u00eds","datePublished":"2026-09-05T05:53:07+00:00","mainEntityOfPage":{"@id":"https:\/\/www.eldiario.net\/portal\/2026\/09\/05\/la-paz-expone-un-espacio-para-reactivar-la-economia-departamental-y-del-pais\/"},"wordCount":796,"publisher":{"@id":"https:\/\/www.eldiario.net\/portal\/#organization"},"image":{"@id":"https:\/\/www.eldiario.net\/portal\/2026\/09\/05\/la-paz-expone-un-espacio-para-reactivar-la-economia-departamental-y-del-pais\/#primaryimage"},"thumbnailUrl":"https:\/\/www.eldiario.net\/portal\/wp-content\/uploads\/2026\/09\/feria.webp","articleSection":["Econom\u00eda"],"inLanguage":"es"},{"@type":"WebPage","@id":"https:\/\/www.eldiario.net\/portal\/2026\/09\/05\/la-paz-expone-un-espacio-para-reactivar-la-economia-departamental-y-del-pais\/","url":"https:\/\/www.eldiario.net\/portal\/2026\/09\/05\/la-paz-expone-un-espacio-para-reactivar-la-economia-departamental-y-del-pais\/","name":"La Paz Expone, un espacio para reactivar la econom\u00eda departamental y del pa\u00eds - El Diario - Bolivia","isPartOf":{"@id":"https:\/\/www.eldiario.net\/portal\/#website"},"primaryImageOfPage":{"@id":"https:\/\/www.eldiario.net\/portal\/2026\/09\/05\/la-paz-expone-un-espacio-para-reactivar-la-economia-departamental-y-del-pais\/#primaryimage"},"image":{"@id":"https:\/\/www.eldiario.net\/portal\/2026\/09\/05\/la-paz-expone-un-espacio-para-reactivar-la-economia-departamental-y-del-pais\/#primaryimage"},"thumbnailUrl":"https:\/\/www.eldiario.net\/portal\/wp-content\/uploads\/2026\/09\/feria.webp","datePublished":"2026-09-05T05:53:07+00:00","breadcrumb":{"@id":"https:\/\/www.eldiario.net\/portal\/2026\/09\/05\/la-paz-expone-un-espacio-para-reactivar-la-economia-departamental-y-del-pais\/#breadcrumb"},"inLanguage":"es","potentialAction":[{"@type":"ReadAction","target":["https:\/\/www.eldiario.net\/portal\/2026\/09\/05\/la-paz-expone-un-espacio-para-reactivar-la-economia-departamental-y-del-pais\/"]}]},{"@type":"ImageObject","inLanguage":"es","@id":"https:\/\/www.eldiario.net\/portal\/2026\/09\/05\/la-paz-expone-un-espacio-para-reactivar-la-economia-departamental-y-del-pais\/#primaryimage","url":"https:\/\/www.eldiario.net\/portal\/wp-content\/uploads\/2026\/09\/feria.webp","contentUrl":"https:\/\/www.eldiario.net\/portal\/wp-content\/uploads\/2026\/09\/feria.webp","width":1280,"height":854,"caption":"El mandatario Rodrigo Paz, el Presidente de los empresarios pace\u00f1os, Rolando Kempff, y autoridades del sector econ\u00f3mico en la inauguraci\u00f3n de la feria."},{"@type":"BreadcrumbList","@id":"https:\/\/www.eldiario.net\/portal\/2026\/09\/05\/la-paz-expone-un-espacio-para-reactivar-la-economia-departamental-y-del-pais\/#breadcrumb","itemListElement":[{"@type":"ListItem","position":1,"name":"Portada","item":"https:\/\/www.eldiario.net\/portal\/"},{"@type":"ListItem","position":2,"name":"La Paz Expone, un espacio para reactivar la econom\u00eda departamental y del pa\u00eds"}]},{"@type":"WebSite","@id":"https:\/\/www.eldiario.net\/portal\/#website","url":"https:\/\/www.eldiario.net\/portal\/","name":"El Diario - Decano de la prensa nacional","description":"El Diario - Decano de la prensa nacional","publisher":{"@id":"https:\/\/www.eldiario.net\/portal\/#organization"},"potentialAction":[{"@type":"SearchAction","target":{"@type":"EntryPoint","urlTemplate":"https:\/\/www.eldiario.net\/portal\/?s={search_term_string}"},"query-input":{"@type":"PropertyValueSpecification","valueRequired":true,"valueName":"search_term_string"}}],"inLanguage":"es"},{"@type":"Organization","@id":"https:\/\/www.eldiario.net\/portal\/#organization","name":"El Diario - Decano de la prensa nacional","url":"https:\/\/www.eldiario.net\/portal\/","logo":{"@type":"ImageObject","inLanguage":"es","@id":"https:\/\/www.eldiario.net\/portal\/#\/schema\/logo\/image\/","url":"https:\/\/www.eldiario.net\/portal\/wp-content\/uploads\/2023\/07\/logo_ED.jpg","contentUrl":"https:\/\/www.eldiario.net\/portal\/wp-content\/uploads\/2023\/07\/logo_ED.jpg","width":272,"height":52,"caption":"El Diario - Decano de la prensa nacional"},"image":{"@id":"https:\/\/www.eldiario.net\/portal\/#\/schema\/logo\/image\/"},"sameAs":["https:\/\/www.facebook.com\/eldiario.bolivia\/","https:\/\/x.com\/eldiario_net"]},{"@type":"Person","@id":"https:\/\/www.eldiario.net\/portal\/#\/schema\/person\/2c57cf2b7a7ae032e449e4c9b1019eac","name":"Jeanette","image":{"@type":"ImageObject","inLanguage":"es","@id":"https:\/\/secure.gravatar.com\/avatar\/3ea2118a5f7dad2b7138b1187a6b7ee55f160b9968b66013c3a3ef39dd7e5798?s=96&d=mm&r=g","url":"https:\/\/secure.gravatar.com\/avatar\/3ea2118a5f7dad2b7138b1187a6b7ee55f160b9968b66013c3a3ef39dd7e5798?s=96&d=mm&r=g","contentUrl":"https:\/\/secure.gravatar.com\/avatar\/3ea2118a5f7dad2b7138b1187a6b7ee55f160b9968b66013c3a3ef39dd7e5798?s=96&d=mm&r=g","caption":"Jeanette"},"sameAs":["https:\/\/www.eldiario.net\/portal"],"url":"https:\/\/www.eldiario.net\/portal\/author\/jeanette\/"}]}},"_links":{"self":[{"href":"https:\/\/www.eldiario.net\/portal\/wp-json\/wp\/v2\/posts\/427887","targetHints":{"allow":["GET"]}}],"collection":[{"href":"https:\/\/www.eldiario.net\/portal\/wp-json\/wp\/v2\/posts"}],"about":[{"href":"https:\/\/www.eldiario.net\/portal\/wp-json\/wp\/v2\/types\/post"}],"author":[{"embeddable":true,"href":"https:\/\/www.eldiario.net\/portal\/wp-json\/wp\/v2\/users\/1"}],"replies":[{"embeddable":true,"href":"https:\/\/www.eldiario.net\/portal\/wp-json\/wp\/v2\/comments?post=427887"}],"version-history":[{"count":1,"href":"https:\/\/www.eldiario.net\/portal\/wp-json\/wp\/v2\/posts\/427887\/revisions"}],"predecessor-version":[{"id":427889,"href":"https:\/\/www.eldiario.net\/portal\/wp-json\/wp\/v2\/posts\/427887\/revisions\/427889"}],"wp:featuredmedia":[{"embeddable":true,"href":"https:\/\/www.eldiario.net\/portal\/wp-json\/wp\/v2\/media\/427888"}],"wp:attachment":[{"href":"https:\/\/www.eldiario.net\/portal\/wp-json\/wp\/v2\/media?parent=427887"}],"wp:term":[{"taxonomy":"category","embeddable":true,"href":"https:\/\/www.eldiario.net\/portal\/wp-json\/wp\/v2\/categories?post=427887"},{"taxonomy":"post_tag","embeddable":true,"href":"https:\/\/www.eldiario.net\/portal\/wp-json\/wp\/v2\/tags?post=427887"}],"curies":[{"name":"wp","href":"https:\/\/api.w.org\/{rel}","templated":true}]}}