{"id":427884,"date":"2026-09-05T01:52:17","date_gmt":"2026-09-05T05:52:17","guid":{"rendered":"https:\/\/www.eldiario.net\/portal\/?p=427884"},"modified":"2026-09-04T22:52:51","modified_gmt":"2026-09-05T02:52:51","slug":"empresarios-ratifican-compromiso-con-la-reactivacion-y-democracia","status":"publish","type":"post","link":"https:\/\/www.eldiario.net\/portal\/2026\/09\/05\/empresarios-ratifican-compromiso-con-la-reactivacion-y-democracia\/","title":{"rendered":"Empresarios ratifican compromiso  con la reactivaci\u00f3n y democracia"},"content":{"rendered":"<p>Al conmemorar el 64 aniversario de la Confederaci\u00f3n de Empresarios Privados de Bolivia (CEPB), su presidente Giovanni Ortu\u00f1o llam\u00f3 a la unidad empresarial y reafirm\u00f3 el compromiso del empresariado con los valores democr\u00e1ticos, el Estado de derecho y la libertad econ\u00f3mica.<br \/>\n\u201cNuestra unidad se construye alrededor de principios y valores que consideramos irrenunciables: la defensa de la democracia, el Estado de derecho, la libertad, la justicia, la institucionalidad y la seguridad jur\u00eddica\u201d, afirm\u00f3.<br \/>\nOrtu\u00f1o se\u00f1al\u00f3 que, en este nuevo ciclo, el pa\u00eds demanda un rol m\u00e1s significativo del sector privado, y que el desaf\u00edo actual va m\u00e1s all\u00e1 de hacer empresa. \u201cEl momento exige una participaci\u00f3n activa en la construcci\u00f3n del futuro nacional a trav\u00e9s del di\u00e1logo, la propuesta, y la firme convicci\u00f3n para defender principios y derechos\u201d, destac\u00f3.<br \/>\nEl l\u00edder de los privados asever\u00f3 que ning\u00fan sector, empresa o regi\u00f3n puede enfrentar por s\u00ed sola los desaf\u00edos actuales. \u201cNecesitamos m\u00e1s unidad que nunca. Creemos en una Bolivia donde emprender, trabajar, producir, invertir y generar empleo sean expresiones de libertad y progreso. Creemos en una econom\u00eda que genere riqueza, pero tambi\u00e9n oportunidades y bienestar para todos\u201d, dijo.<br \/>\nEn su mensaje, publicado en los sitios institucionales, expres\u00f3 su reconocimiento a todos los empresarios bolivianos y destac\u00f3 su esfuerzo porque mantienen viva la actividad productiva, sostienen empleos, invierten y arriesgan, apostando por el desarrollo de Bolivia.<br \/>\nMencion\u00f3 adem\u00e1s que el sector privado atraviesa un periodo complejo, marcado por la incertidumbre, la crisis econ\u00f3mica, las restricciones y la falta de condiciones \u00f3ptimas para la producci\u00f3n. No obstante, afirm\u00f3 que el empresariado boliviano ha respondido a este escenario con sacrificio, entereza, responsabilidad y un firme compromiso por el pa\u00eds.<br \/>\n\u201cDetr\u00e1s de cada empresa que permanece abierta existen trabajadores, familias y comunidades que conservan una oportunidad de salir adelante, un esfuerzo que merece el reconocimiento de todos\u201d, enfatiz\u00f3.<br \/>\nOrtu\u00f1o explic\u00f3 que este nuevo ciclo demanda un rol m\u00e1s significativo del sector privado, y que el desaf\u00edo actual va m\u00e1s all\u00e1 de hacer empresa. \u201cEl momento exige una participaci\u00f3n activa en la construcci\u00f3n del futuro nacional a trav\u00e9s del di\u00e1logo, la propuesta, y la firme convicci\u00f3n para defender sus principios\u201d, se\u00f1al\u00f3.<br \/>\nEl presidente de la CEPB ratific\u00f3 el objetivo empresarial de construir un pa\u00eds donde emprender, trabajar, producir, invertir y generar empleo sean expresiones plenas de libertad y progreso econ\u00f3mico que generen riqueza, bienestar y oportunidades para todos los ciudadanos.<br \/>\nAsegur\u00f3 que la CEPB seguir\u00e1 consolid\u00e1ndose como el espacio donde la diversidad del empresariado se encuentra, se articula y se transforma en una sola voz firme en beneficio del pa\u00eds.<br \/>\nLa CEPB fue fundada el 4 de septiembre de 1962. Hoy la integran las 29 instituciones empresariales m\u00e1s importantes de todo el pa\u00eds. Como entidad matriz representa al empresariado boliviano ante la Organizaci\u00f3n Internacional del Trabajo (OIT), la Comunidad Andina, el Mercosur, la Organizaci\u00f3n Internacional de Empleadores y el Consejo de Empresarios Iberoamericanos. En sus 64 a\u00f1os, la entidad aport\u00f3 a la construcci\u00f3n de normas y pol\u00edticas p\u00fablicas en los \u00e1mbitos econ\u00f3micos, productivos y de desarrollo.<\/p>\n","protected":false},"excerpt":{"rendered":"<p>Al conmemorar el 64 aniversario de la Confederaci\u00f3n de Empresarios Privados de Bolivia (CEPB), su presidente Giovanni Ortu\u00f1o llam\u00f3 a la unidad empresarial y reafirm\u00f3 el compromiso del empresariado con los valores democr\u00e1ticos, el Estado de derecho y la libertad econ\u00f3mica. \u201cNuestra unidad se construye alrededor de principios y valores que consideramos irrenunciables: la defensa [&hellip;]<\/p>\n","protected":false},"author":1,"featured_media":427885,"comment_status":"closed","ping_status":"open","sticky":false,"template":"","format":"standard","meta":{"_acf_changed":false,"footnotes":""},"categories":[7],"tags":[],"class_list":["post-427884","post","type-post","status-publish","format-standard","has-post-thumbnail","category-economia"],"acf":{"antetitulo":"En su 64 aniversario"},"yoast_head":"<!-- This site is optimized with the Yoast SEO plugin v28.4 - https:\/\/yoast.com\/product\/yoast-seo-wordpress\/ -->\n<title>Empresarios ratifican compromiso con la reactivaci\u00f3n y democracia - El Diario - Bolivia<\/title>\n<meta name=\"robots\" content=\"index, follow, max-snippet:-1, max-image-preview:large, max-video-preview:-1\" \/>\n<link rel=\"canonical\" href=\"https:\/\/www.eldiario.net\/portal\/2026\/09\/05\/empresarios-ratifican-compromiso-con-la-reactivacion-y-democracia\/\" \/>\n<meta property=\"og:locale\" content=\"es_ES\" \/>\n<meta property=\"og:type\" content=\"article\" \/>\n<meta property=\"og:title\" content=\"Empresarios ratifican compromiso con la reactivaci\u00f3n y democracia - El Diario - Bolivia\" \/>\n<meta property=\"og:description\" content=\"Al conmemorar el 64 aniversario de la Confederaci\u00f3n de Empresarios Privados de Bolivia (CEPB), su presidente Giovanni Ortu\u00f1o llam\u00f3 a la unidad empresarial y reafirm\u00f3 el compromiso del empresariado con los valores democr\u00e1ticos, el Estado de derecho y la libertad econ\u00f3mica. \u201cNuestra unidad se construye alrededor de principios y valores que consideramos irrenunciables: la defensa [&hellip;]\" \/>\n<meta property=\"og:url\" content=\"https:\/\/www.eldiario.net\/portal\/2026\/09\/05\/empresarios-ratifican-compromiso-con-la-reactivacion-y-democracia\/\" \/>\n<meta property=\"og:site_name\" content=\"El Diario - Bolivia\" \/>\n<meta property=\"article:publisher\" content=\"https:\/\/www.facebook.com\/eldiario.bolivia\/\" \/>\n<meta property=\"article:published_time\" content=\"2026-09-05T05:52:17+00:00\" \/>\n<meta property=\"og:image\" content=\"https:\/\/www.eldiario.net\/portal\/wp-content\/uploads\/2026\/09\/cepb.webp\" \/>\n\t<meta property=\"og:image:width\" content=\"1280\" \/>\n\t<meta property=\"og:image:height\" content=\"853\" \/>\n\t<meta property=\"og:image:type\" content=\"image\/webp\" \/>\n<meta name=\"author\" content=\"Jeanette\" \/>\n<meta name=\"twitter:card\" content=\"summary_large_image\" \/>\n<meta name=\"twitter:creator\" content=\"@eldiario_net\" \/>\n<meta name=\"twitter:site\" content=\"@eldiario_net\" \/>\n<meta name=\"twitter:label1\" content=\"Escrito por\" \/>\n\t<meta name=\"twitter:data1\" content=\"Jeanette\" \/>\n\t<meta name=\"twitter:label2\" content=\"Tiempo de lectura\" \/>\n\t<meta name=\"twitter:data2\" content=\"3 minutos\" \/>\n<script type=\"application\/ld+json\" class=\"yoast-schema-graph\">{\"@context\":\"https:\\\/\\\/schema.org\",\"@graph\":[{\"@type\":\"Article\",\"@id\":\"https:\\\/\\\/www.eldiario.net\\\/portal\\\/2026\\\/09\\\/05\\\/empresarios-ratifican-compromiso-con-la-reactivacion-y-democracia\\\/#article\",\"isPartOf\":{\"@id\":\"https:\\\/\\\/www.eldiario.net\\\/portal\\\/2026\\\/09\\\/05\\\/empresarios-ratifican-compromiso-con-la-reactivacion-y-democracia\\\/\"},\"author\":{\"name\":\"Jeanette\",\"@id\":\"https:\\\/\\\/www.eldiario.net\\\/portal\\\/#\\\/schema\\\/person\\\/2c57cf2b7a7ae032e449e4c9b1019eac\"},\"headline\":\"Empresarios ratifican compromiso con la reactivaci\u00f3n y democracia\",\"datePublished\":\"2026-09-05T05:52:17+00:00\",\"mainEntityOfPage\":{\"@id\":\"https:\\\/\\\/www.eldiario.net\\\/portal\\\/2026\\\/09\\\/05\\\/empresarios-ratifican-compromiso-con-la-reactivacion-y-democracia\\\/\"},\"wordCount\":555,\"publisher\":{\"@id\":\"https:\\\/\\\/www.eldiario.net\\\/portal\\\/#organization\"},\"image\":{\"@id\":\"https:\\\/\\\/www.eldiario.net\\\/portal\\\/2026\\\/09\\\/05\\\/empresarios-ratifican-compromiso-con-la-reactivacion-y-democracia\\\/#primaryimage\"},\"thumbnailUrl\":\"https:\\\/\\\/www.eldiario.net\\\/portal\\\/wp-content\\\/uploads\\\/2026\\\/09\\\/cepb.webp\",\"articleSection\":[\"Econom\u00eda\"],\"inLanguage\":\"es\"},{\"@type\":\"WebPage\",\"@id\":\"https:\\\/\\\/www.eldiario.net\\\/portal\\\/2026\\\/09\\\/05\\\/empresarios-ratifican-compromiso-con-la-reactivacion-y-democracia\\\/\",\"url\":\"https:\\\/\\\/www.eldiario.net\\\/portal\\\/2026\\\/09\\\/05\\\/empresarios-ratifican-compromiso-con-la-reactivacion-y-democracia\\\/\",\"name\":\"Empresarios ratifican compromiso con la reactivaci\u00f3n y democracia - El Diario - Bolivia\",\"isPartOf\":{\"@id\":\"https:\\\/\\\/www.eldiario.net\\\/portal\\\/#website\"},\"primaryImageOfPage\":{\"@id\":\"https:\\\/\\\/www.eldiario.net\\\/portal\\\/2026\\\/09\\\/05\\\/empresarios-ratifican-compromiso-con-la-reactivacion-y-democracia\\\/#primaryimage\"},\"image\":{\"@id\":\"https:\\\/\\\/www.eldiario.net\\\/portal\\\/2026\\\/09\\\/05\\\/empresarios-ratifican-compromiso-con-la-reactivacion-y-democracia\\\/#primaryimage\"},\"thumbnailUrl\":\"https:\\\/\\\/www.eldiario.net\\\/portal\\\/wp-content\\\/uploads\\\/2026\\\/09\\\/cepb.webp\",\"datePublished\":\"2026-09-05T05:52:17+00:00\",\"breadcrumb\":{\"@id\":\"https:\\\/\\\/www.eldiario.net\\\/portal\\\/2026\\\/09\\\/05\\\/empresarios-ratifican-compromiso-con-la-reactivacion-y-democracia\\\/#breadcrumb\"},\"inLanguage\":\"es\",\"potentialAction\":[{\"@type\":\"ReadAction\",\"target\":[\"https:\\\/\\\/www.eldiario.net\\\/portal\\\/2026\\\/09\\\/05\\\/empresarios-ratifican-compromiso-con-la-reactivacion-y-democracia\\\/\"]}]},{\"@type\":\"ImageObject\",\"inLanguage\":\"es\",\"@id\":\"https:\\\/\\\/www.eldiario.net\\\/portal\\\/2026\\\/09\\\/05\\\/empresarios-ratifican-compromiso-con-la-reactivacion-y-democracia\\\/#primaryimage\",\"url\":\"https:\\\/\\\/www.eldiario.net\\\/portal\\\/wp-content\\\/uploads\\\/2026\\\/09\\\/cepb.webp\",\"contentUrl\":\"https:\\\/\\\/www.eldiario.net\\\/portal\\\/wp-content\\\/uploads\\\/2026\\\/09\\\/cepb.webp\",\"width\":1280,\"height\":853,\"caption\":\"Reuni\u00f3n empresarial\"},{\"@type\":\"BreadcrumbList\",\"@id\":\"https:\\\/\\\/www.eldiario.net\\\/portal\\\/2026\\\/09\\\/05\\\/empresarios-ratifican-compromiso-con-la-reactivacion-y-democracia\\\/#breadcrumb\",\"itemListElement\":[{\"@type\":\"ListItem\",\"position\":1,\"name\":\"Portada\",\"item\":\"https:\\\/\\\/www.eldiario.net\\\/portal\\\/\"},{\"@type\":\"ListItem\",\"position\":2,\"name\":\"Empresarios ratifican compromiso con la reactivaci\u00f3n y democracia\"}]},{\"@type\":\"WebSite\",\"@id\":\"https:\\\/\\\/www.eldiario.net\\\/portal\\\/#website\",\"url\":\"https:\\\/\\\/www.eldiario.net\\\/portal\\\/\",\"name\":\"El Diario - Decano de la prensa nacional\",\"description\":\"El Diario - Decano de la prensa nacional\",\"publisher\":{\"@id\":\"https:\\\/\\\/www.eldiario.net\\\/portal\\\/#organization\"},\"potentialAction\":[{\"@type\":\"SearchAction\",\"target\":{\"@type\":\"EntryPoint\",\"urlTemplate\":\"https:\\\/\\\/www.eldiario.net\\\/portal\\\/?s={search_term_string}\"},\"query-input\":{\"@type\":\"PropertyValueSpecification\",\"valueRequired\":true,\"valueName\":\"search_term_string\"}}],\"inLanguage\":\"es\"},{\"@type\":\"Organization\",\"@id\":\"https:\\\/\\\/www.eldiario.net\\\/portal\\\/#organization\",\"name\":\"El Diario - Decano de la prensa nacional\",\"url\":\"https:\\\/\\\/www.eldiario.net\\\/portal\\\/\",\"logo\":{\"@type\":\"ImageObject\",\"inLanguage\":\"es\",\"@id\":\"https:\\\/\\\/www.eldiario.net\\\/portal\\\/#\\\/schema\\\/logo\\\/image\\\/\",\"url\":\"https:\\\/\\\/www.eldiario.net\\\/portal\\\/wp-content\\\/uploads\\\/2023\\\/07\\\/logo_ED.jpg\",\"contentUrl\":\"https:\\\/\\\/www.eldiario.net\\\/portal\\\/wp-content\\\/uploads\\\/2023\\\/07\\\/logo_ED.jpg\",\"width\":272,\"height\":52,\"caption\":\"El Diario - Decano de la prensa nacional\"},\"image\":{\"@id\":\"https:\\\/\\\/www.eldiario.net\\\/portal\\\/#\\\/schema\\\/logo\\\/image\\\/\"},\"sameAs\":[\"https:\\\/\\\/www.facebook.com\\\/eldiario.bolivia\\\/\",\"https:\\\/\\\/x.com\\\/eldiario_net\"]},{\"@type\":\"Person\",\"@id\":\"https:\\\/\\\/www.eldiario.net\\\/portal\\\/#\\\/schema\\\/person\\\/2c57cf2b7a7ae032e449e4c9b1019eac\",\"name\":\"Jeanette\",\"image\":{\"@type\":\"ImageObject\",\"inLanguage\":\"es\",\"@id\":\"https:\\\/\\\/secure.gravatar.com\\\/avatar\\\/3ea2118a5f7dad2b7138b1187a6b7ee55f160b9968b66013c3a3ef39dd7e5798?s=96&d=mm&r=g\",\"url\":\"https:\\\/\\\/secure.gravatar.com\\\/avatar\\\/3ea2118a5f7dad2b7138b1187a6b7ee55f160b9968b66013c3a3ef39dd7e5798?s=96&d=mm&r=g\",\"contentUrl\":\"https:\\\/\\\/secure.gravatar.com\\\/avatar\\\/3ea2118a5f7dad2b7138b1187a6b7ee55f160b9968b66013c3a3ef39dd7e5798?s=96&d=mm&r=g\",\"caption\":\"Jeanette\"},\"sameAs\":[\"https:\\\/\\\/www.eldiario.net\\\/portal\"],\"url\":\"https:\\\/\\\/www.eldiario.net\\\/portal\\\/author\\\/jeanette\\\/\"}]}<\/script>\n<!-- \/ Yoast SEO plugin. -->","yoast_head_json":{"title":"Empresarios ratifican compromiso con la reactivaci\u00f3n y democracia - El Diario - Bolivia","robots":{"index":"index","follow":"follow","max-snippet":"max-snippet:-1","max-image-preview":"max-image-preview:large","max-video-preview":"max-video-preview:-1"},"canonical":"https:\/\/www.eldiario.net\/portal\/2026\/09\/05\/empresarios-ratifican-compromiso-con-la-reactivacion-y-democracia\/","og_locale":"es_ES","og_type":"article","og_title":"Empresarios ratifican compromiso con la reactivaci\u00f3n y democracia - El Diario - Bolivia","og_description":"Al conmemorar el 64 aniversario de la Confederaci\u00f3n de Empresarios Privados de Bolivia (CEPB), su presidente Giovanni Ortu\u00f1o llam\u00f3 a la unidad empresarial y reafirm\u00f3 el compromiso del empresariado con los valores democr\u00e1ticos, el Estado de derecho y la libertad econ\u00f3mica. \u201cNuestra unidad se construye alrededor de principios y valores que consideramos irrenunciables: la defensa [&hellip;]","og_url":"https:\/\/www.eldiario.net\/portal\/2026\/09\/05\/empresarios-ratifican-compromiso-con-la-reactivacion-y-democracia\/","og_site_name":"El Diario - Bolivia","article_publisher":"https:\/\/www.facebook.com\/eldiario.bolivia\/","article_published_time":"2026-09-05T05:52:17+00:00","og_image":[{"width":1280,"height":853,"url":"https:\/\/www.eldiario.net\/portal\/wp-content\/uploads\/2026\/09\/cepb.webp","type":"image\/webp"}],"author":"Jeanette","twitter_card":"summary_large_image","twitter_creator":"@eldiario_net","twitter_site":"@eldiario_net","twitter_misc":{"Escrito por":"Jeanette","Tiempo de lectura":"3 minutos"},"schema":{"@context":"https:\/\/schema.org","@graph":[{"@type":"Article","@id":"https:\/\/www.eldiario.net\/portal\/2026\/09\/05\/empresarios-ratifican-compromiso-con-la-reactivacion-y-democracia\/#article","isPartOf":{"@id":"https:\/\/www.eldiario.net\/portal\/2026\/09\/05\/empresarios-ratifican-compromiso-con-la-reactivacion-y-democracia\/"},"author":{"name":"Jeanette","@id":"https:\/\/www.eldiario.net\/portal\/#\/schema\/person\/2c57cf2b7a7ae032e449e4c9b1019eac"},"headline":"Empresarios ratifican compromiso con la reactivaci\u00f3n y democracia","datePublished":"2026-09-05T05:52:17+00:00","mainEntityOfPage":{"@id":"https:\/\/www.eldiario.net\/portal\/2026\/09\/05\/empresarios-ratifican-compromiso-con-la-reactivacion-y-democracia\/"},"wordCount":555,"publisher":{"@id":"https:\/\/www.eldiario.net\/portal\/#organization"},"image":{"@id":"https:\/\/www.eldiario.net\/portal\/2026\/09\/05\/empresarios-ratifican-compromiso-con-la-reactivacion-y-democracia\/#primaryimage"},"thumbnailUrl":"https:\/\/www.eldiario.net\/portal\/wp-content\/uploads\/2026\/09\/cepb.webp","articleSection":["Econom\u00eda"],"inLanguage":"es"},{"@type":"WebPage","@id":"https:\/\/www.eldiario.net\/portal\/2026\/09\/05\/empresarios-ratifican-compromiso-con-la-reactivacion-y-democracia\/","url":"https:\/\/www.eldiario.net\/portal\/2026\/09\/05\/empresarios-ratifican-compromiso-con-la-reactivacion-y-democracia\/","name":"Empresarios ratifican compromiso con la reactivaci\u00f3n y democracia - El Diario - Bolivia","isPartOf":{"@id":"https:\/\/www.eldiario.net\/portal\/#website"},"primaryImageOfPage":{"@id":"https:\/\/www.eldiario.net\/portal\/2026\/09\/05\/empresarios-ratifican-compromiso-con-la-reactivacion-y-democracia\/#primaryimage"},"image":{"@id":"https:\/\/www.eldiario.net\/portal\/2026\/09\/05\/empresarios-ratifican-compromiso-con-la-reactivacion-y-democracia\/#primaryimage"},"thumbnailUrl":"https:\/\/www.eldiario.net\/portal\/wp-content\/uploads\/2026\/09\/cepb.webp","datePublished":"2026-09-05T05:52:17+00:00","breadcrumb":{"@id":"https:\/\/www.eldiario.net\/portal\/2026\/09\/05\/empresarios-ratifican-compromiso-con-la-reactivacion-y-democracia\/#breadcrumb"},"inLanguage":"es","potentialAction":[{"@type":"ReadAction","target":["https:\/\/www.eldiario.net\/portal\/2026\/09\/05\/empresarios-ratifican-compromiso-con-la-reactivacion-y-democracia\/"]}]},{"@type":"ImageObject","inLanguage":"es","@id":"https:\/\/www.eldiario.net\/portal\/2026\/09\/05\/empresarios-ratifican-compromiso-con-la-reactivacion-y-democracia\/#primaryimage","url":"https:\/\/www.eldiario.net\/portal\/wp-content\/uploads\/2026\/09\/cepb.webp","contentUrl":"https:\/\/www.eldiario.net\/portal\/wp-content\/uploads\/2026\/09\/cepb.webp","width":1280,"height":853,"caption":"Reuni\u00f3n empresarial"},{"@type":"BreadcrumbList","@id":"https:\/\/www.eldiario.net\/portal\/2026\/09\/05\/empresarios-ratifican-compromiso-con-la-reactivacion-y-democracia\/#breadcrumb","itemListElement":[{"@type":"ListItem","position":1,"name":"Portada","item":"https:\/\/www.eldiario.net\/portal\/"},{"@type":"ListItem","position":2,"name":"Empresarios ratifican compromiso con la reactivaci\u00f3n y democracia"}]},{"@type":"WebSite","@id":"https:\/\/www.eldiario.net\/portal\/#website","url":"https:\/\/www.eldiario.net\/portal\/","name":"El Diario - Decano de la prensa nacional","description":"El Diario - Decano de la prensa nacional","publisher":{"@id":"https:\/\/www.eldiario.net\/portal\/#organization"},"potentialAction":[{"@type":"SearchAction","target":{"@type":"EntryPoint","urlTemplate":"https:\/\/www.eldiario.net\/portal\/?s={search_term_string}"},"query-input":{"@type":"PropertyValueSpecification","valueRequired":true,"valueName":"search_term_string"}}],"inLanguage":"es"},{"@type":"Organization","@id":"https:\/\/www.eldiario.net\/portal\/#organization","name":"El Diario - Decano de la prensa nacional","url":"https:\/\/www.eldiario.net\/portal\/","logo":{"@type":"ImageObject","inLanguage":"es","@id":"https:\/\/www.eldiario.net\/portal\/#\/schema\/logo\/image\/","url":"https:\/\/www.eldiario.net\/portal\/wp-content\/uploads\/2023\/07\/logo_ED.jpg","contentUrl":"https:\/\/www.eldiario.net\/portal\/wp-content\/uploads\/2023\/07\/logo_ED.jpg","width":272,"height":52,"caption":"El Diario - Decano de la prensa nacional"},"image":{"@id":"https:\/\/www.eldiario.net\/portal\/#\/schema\/logo\/image\/"},"sameAs":["https:\/\/www.facebook.com\/eldiario.bolivia\/","https:\/\/x.com\/eldiario_net"]},{"@type":"Person","@id":"https:\/\/www.eldiario.net\/portal\/#\/schema\/person\/2c57cf2b7a7ae032e449e4c9b1019eac","name":"Jeanette","image":{"@type":"ImageObject","inLanguage":"es","@id":"https:\/\/secure.gravatar.com\/avatar\/3ea2118a5f7dad2b7138b1187a6b7ee55f160b9968b66013c3a3ef39dd7e5798?s=96&d=mm&r=g","url":"https:\/\/secure.gravatar.com\/avatar\/3ea2118a5f7dad2b7138b1187a6b7ee55f160b9968b66013c3a3ef39dd7e5798?s=96&d=mm&r=g","contentUrl":"https:\/\/secure.gravatar.com\/avatar\/3ea2118a5f7dad2b7138b1187a6b7ee55f160b9968b66013c3a3ef39dd7e5798?s=96&d=mm&r=g","caption":"Jeanette"},"sameAs":["https:\/\/www.eldiario.net\/portal"],"url":"https:\/\/www.eldiario.net\/portal\/author\/jeanette\/"}]}},"_links":{"self":[{"href":"https:\/\/www.eldiario.net\/portal\/wp-json\/wp\/v2\/posts\/427884","targetHints":{"allow":["GET"]}}],"collection":[{"href":"https:\/\/www.eldiario.net\/portal\/wp-json\/wp\/v2\/posts"}],"about":[{"href":"https:\/\/www.eldiario.net\/portal\/wp-json\/wp\/v2\/types\/post"}],"author":[{"embeddable":true,"href":"https:\/\/www.eldiario.net\/portal\/wp-json\/wp\/v2\/users\/1"}],"replies":[{"embeddable":true,"href":"https:\/\/www.eldiario.net\/portal\/wp-json\/wp\/v2\/comments?post=427884"}],"version-history":[{"count":1,"href":"https:\/\/www.eldiario.net\/portal\/wp-json\/wp\/v2\/posts\/427884\/revisions"}],"predecessor-version":[{"id":427886,"href":"https:\/\/www.eldiario.net\/portal\/wp-json\/wp\/v2\/posts\/427884\/revisions\/427886"}],"wp:featuredmedia":[{"embeddable":true,"href":"https:\/\/www.eldiario.net\/portal\/wp-json\/wp\/v2\/media\/427885"}],"wp:attachment":[{"href":"https:\/\/www.eldiario.net\/portal\/wp-json\/wp\/v2\/media?parent=427884"}],"wp:term":[{"taxonomy":"category","embeddable":true,"href":"https:\/\/www.eldiario.net\/portal\/wp-json\/wp\/v2\/categories?post=427884"},{"taxonomy":"post_tag","embeddable":true,"href":"https:\/\/www.eldiario.net\/portal\/wp-json\/wp\/v2\/tags?post=427884"}],"curies":[{"name":"wp","href":"https:\/\/api.w.org\/{rel}","templated":true}]}}