{"id":427876,"date":"2026-09-05T01:49:10","date_gmt":"2026-09-05T05:49:10","guid":{"rendered":"https:\/\/www.eldiario.net\/portal\/?p=427876"},"modified":"2026-09-04T22:49:42","modified_gmt":"2026-09-05T02:49:42","slug":"rescatan-a-dos-trabajadores-en-un-tunel-tras-nueve-dias-de-riada","status":"publish","type":"post","link":"https:\/\/www.eldiario.net\/portal\/2026\/09\/05\/rescatan-a-dos-trabajadores-en-un-tunel-tras-nueve-dias-de-riada\/","title":{"rendered":"Rescatan a dos trabajadores en un t\u00fanel tras nueve d\u00edas de riada"},"content":{"rendered":"<p>Rescatan a dos personas con vida de un t\u00fanel hidroel\u00e9ctrico en Nepal, nueve d\u00edas despu\u00e9s de que unas inundaciones repentinas y mortales sepultaran las obras bajo un espeso lodo y las dejaran atrapadas.<br \/>\nLos trabajadores fueron rescatados durante una operaci\u00f3n en el t\u00fanel Trishuli 3A, un proyecto hidroel\u00e9ctrico situado en una de las zonas m\u00e1s afectadas por las inundaciones de la semana pasada, seg\u00fan inform\u00f3 el portavoz del ej\u00e9rcito, el general de brigada Raja Ram Basnet.<br \/>\nSanjay Shah, un capataz, fue el primero en ser rescatado y trasladado al cuartel militar de Trishuli. Otra persona, identificada como Kabir Maharjan, supervisor del proyecto, tambi\u00e9n fue sacada del t\u00fanel. Fueron rescatados a una profundidad de 170 metros (558 pies) dentro del t\u00fanel, seg\u00fan inform\u00f3 Basnet.<br \/>\nUn alto funcionario policial revel\u00f3 que durante la operaci\u00f3n de rescate tambi\u00e9n se hall\u00f3 un cad\u00e1ver, que a\u00fan no fue identificado. El viernes por la tarde, la Polic\u00eda confirm\u00f3 que hab\u00eda suspendido la b\u00fasqueda al no encontrar m\u00e1s se\u00f1ales de vida.<br \/>\nEl ej\u00e9rcito de Nepal difundi\u00f3 im\u00e1genes de Shah siendo rescatado de la estrecha y oscura entrada de un t\u00fanel. Sali\u00f3 cubierto de barro, pero consciente, y un rescatista lo llev\u00f3 al hombro.<br \/>\nLuego de ser rescatado, la primera pregunta que Shah hizo a los oficiales del ej\u00e9rcito fue: \u201c\u00bfQu\u00e9 d\u00eda es hoy?\u201d.<br \/>\nShah declar\u00f3 que se encontraba en la sala de control del t\u00fanel en el momento de la inundaci\u00f3n, junto con otras 40 o 45 personas. \u201cComo estaba en la sala de control, mi responsabilidad era salvar la vida de todos\u201d, afirm\u00f3. \u201cTras semejante accidente, no pod\u00eda simplemente huir solo. Ten\u00eda que salvar a todos\u201d.<br \/>\nDijo que, tras darse cuenta de que hab\u00eda ocurrido un grave accidente, corri\u00f3 por el t\u00fanel instando a la gente a correr y ponerse a salvo. \u201cAl hacerlo, perd\u00ed tiempo. Al final, yo mismo no pude salir\u201d, asever\u00f3.<br \/>\nPara mantener la calma en la oscuridad del t\u00fanel, Shah cont\u00f3 que pasaba el tiempo recitando mantras. Sostuvo que, mientras estaba atrapado, hab\u00eda o\u00eddo las voces de otras tres o cuatro personas.<br \/>\n\u201cNos comunic\u00e1bamos a gritos desde cerca. Tambi\u00e9n podr\u00eda haber gente dentro de la central el\u00e9ctrica. Es posible que algunos no hayan podido escapar\u201d, se\u00f1al\u00f3.<br \/>\nSeg\u00fan las autoridades, los dos hombres fueron trasladados en avi\u00f3n a un hospital en Katmand\u00fa. Se inform\u00f3 que Shah se encontraba estable, pero Maharjan estaba en estado cr\u00edtico y fue transferido a la unidad de cuidados intensivos.<br \/>\nHirashova Maharjan, la esposa de Kabir, detall\u00f3 que al principio \u00e9l estaba en estado de shock y no hablaba, pero que despu\u00e9s hab\u00eda dicho \u201calgunas palabras\u201d. Agreg\u00f3 que ten\u00eda una lesi\u00f3n en la pierna y presentaba ictericia severa.<br \/>\n\u201cAl principio ni siquiera me reconoci\u00f3. Solo dijo: \u2018\u00bfD\u00f3nde estoy? \u00bfQu\u00e9 me pas\u00f3?\u2019. No dijo nada m\u00e1s\u201d, cont\u00f3. \u201cAhora est\u00e1 mejor. Se\u00f1al\u00f3 que quer\u00eda agua, as\u00ed que le di. Luego le pregunt\u00e9 si me reconoc\u00eda y me dijo que s\u00ed. Asinti\u00f3 con la cabeza\u201d.<br \/>\n\u201cCasi hab\u00edamos perdido la esperanza\u201d, asegur\u00f3 y agreg\u00f3 que cuando vio las fotos de \u00e9l siendo sacado del t\u00fanel, \u201cme puse tan contenta que llor\u00e9\u201d.<br \/>\nLa mayor\u00eda de los proyectos hidroel\u00e9ctricos a lo largo de los r\u00edos Bhotekoshi y Trishuli quedaron destruidos cuando una crecida de agua, escombros y lodo descendi\u00f3 por el valle la semana pasada, provocada por el derrumbe de un glaciar en la frontera entre Nepal y el T\u00edbet controlado por China.<br \/>\nSeg\u00fan la agencia de gesti\u00f3n de desastres de Nepal, al menos 1.287 personas murieron en las inundaciones y m\u00e1s de 5.000 siguen desaparecidas.<br \/>\nLas labores de rescate se centraron cada vez m\u00e1s en los t\u00faneles de las centrales hidroel\u00e9ctricas, donde las autoridades creen que los trabajadores podr\u00edan haber sobrevivido durante m\u00e1s de una semana en bolsas de aire. Hasta el momento, se rescat\u00f3 a m\u00e1s de 270 personas en varios proyectos.<br \/>\nGrandes rocas y las aguas de la inundaci\u00f3n hab\u00edan anegado los t\u00faneles de la central hidroel\u00e9ctrica, bloqueando las entradas, y algunos quedaron sepultados bajo el lodo. En la central Upper Trishuli 3A, los rescatistas tardaron casi seis d\u00edas en encontrar los t\u00faneles.<br \/>\nEn una conversaci\u00f3n telef\u00f3nica desde el lugar del rescate, Amrit Thapa, subcomisario de la polic\u00eda armada e integrante del equipo de b\u00fasqueda y rescate de siete personas, declar\u00f3 que hab\u00edan logrado recorrer a gatas todo el t\u00fanel en busca de supervivientes. Contaban con el apoyo de un equipo del ej\u00e9rcito nepal\u00ed.<br \/>\n\u201cEl equipo se arrastr\u00f3 por zonas de entre 10 y 15 metros hasta llegar a la secci\u00f3n principal\u201d, indic\u00f3 Thapa. \u201cCuando llegamos al punto final, encontramos un cuerpo en el nivel superior restante\u201d.<br \/>\nThapa declar\u00f3 que, \u201csalvo dos secciones, todo el t\u00fanel estaba lleno de escombros. Tras revisarlo todo, no o\u00edmos m\u00e1s voces. Tambi\u00e9n registramos toda la zona de la central el\u00e9ctrica, pero hasta el momento no hemos encontrado nada m\u00e1s\u201d.<br \/>\nEquipos militares y especializados estuvieron trabajando sin descanso para intentar despejar los escombros de la entrada del t\u00fanel. Al menos 550 trabajadores del proyecto hidroel\u00e9ctrico a lo largo del r\u00edo Trishuli est\u00e1n desaparecidos, seg\u00fan la Asociaci\u00f3n de Productores Independientes de Energ\u00eda de Nepal.<br \/>\nEn total, las autoridades locales calculan que hay unos 900 trabajadores desaparecidos en 12 proyectos hidroel\u00e9ctricos situados en lo alto del Himalaya, y se cree que unos 500 est\u00e1n atrapados en t\u00faneles.<br \/>\nLas labores de rescate tambi\u00e9n se centraron en la central hidroel\u00e9ctrica de Rasuwagadhi, donde las autoridades nepal\u00edes afirmaron estar seguras de que 46 trabajadores atrapados en una c\u00e1mara subterr\u00e1nea de la planta segu\u00edan con vida. (The Guardian)<\/p>\n","protected":false},"excerpt":{"rendered":"<p>Rescatan a dos personas con vida de un t\u00fanel hidroel\u00e9ctrico en Nepal, nueve d\u00edas despu\u00e9s de que unas inundaciones repentinas y mortales sepultaran las obras bajo un espeso lodo y las dejaran atrapadas. Los trabajadores fueron rescatados durante una operaci\u00f3n en el t\u00fanel Trishuli 3A, un proyecto hidroel\u00e9ctrico situado en una de las zonas m\u00e1s [&hellip;]<\/p>\n","protected":false},"author":1,"featured_media":427877,"comment_status":"closed","ping_status":"open","sticky":false,"template":"","format":"standard","meta":{"_acf_changed":false,"footnotes":""},"categories":[3],"tags":[],"class_list":["post-427876","post","type-post","status-publish","format-standard","has-post-thumbnail","category-internacional"],"acf":{"antetitulo":"Nepal"},"yoast_head":"<!-- This site is optimized with the Yoast SEO plugin v28.4 - https:\/\/yoast.com\/product\/yoast-seo-wordpress\/ -->\n<title>Rescatan a dos trabajadores en un t\u00fanel tras nueve d\u00edas de riada - El Diario - Bolivia<\/title>\n<meta name=\"robots\" content=\"index, follow, max-snippet:-1, max-image-preview:large, max-video-preview:-1\" \/>\n<link rel=\"canonical\" href=\"https:\/\/www.eldiario.net\/portal\/2026\/09\/05\/rescatan-a-dos-trabajadores-en-un-tunel-tras-nueve-dias-de-riada\/\" \/>\n<meta property=\"og:locale\" content=\"es_ES\" \/>\n<meta property=\"og:type\" content=\"article\" \/>\n<meta property=\"og:title\" content=\"Rescatan a dos trabajadores en un t\u00fanel tras nueve d\u00edas de riada - El Diario - Bolivia\" \/>\n<meta property=\"og:description\" content=\"Rescatan a dos personas con vida de un t\u00fanel hidroel\u00e9ctrico en Nepal, nueve d\u00edas despu\u00e9s de que unas inundaciones repentinas y mortales sepultaran las obras bajo un espeso lodo y las dejaran atrapadas. Los trabajadores fueron rescatados durante una operaci\u00f3n en el t\u00fanel Trishuli 3A, un proyecto hidroel\u00e9ctrico situado en una de las zonas m\u00e1s [&hellip;]\" \/>\n<meta property=\"og:url\" content=\"https:\/\/www.eldiario.net\/portal\/2026\/09\/05\/rescatan-a-dos-trabajadores-en-un-tunel-tras-nueve-dias-de-riada\/\" \/>\n<meta property=\"og:site_name\" content=\"El Diario - Bolivia\" \/>\n<meta property=\"article:publisher\" content=\"https:\/\/www.facebook.com\/eldiario.bolivia\/\" \/>\n<meta property=\"article:published_time\" content=\"2026-09-05T05:49:10+00:00\" \/>\n<meta property=\"og:image\" content=\"https:\/\/www.eldiario.net\/portal\/wp-content\/uploads\/2026\/09\/NEPAL-3-AP.webp\" \/>\n\t<meta property=\"og:image:width\" content=\"1094\" \/>\n\t<meta property=\"og:image:height\" content=\"730\" \/>\n\t<meta property=\"og:image:type\" content=\"image\/webp\" \/>\n<meta name=\"author\" content=\"Jeanette\" \/>\n<meta name=\"twitter:card\" content=\"summary_large_image\" \/>\n<meta name=\"twitter:creator\" content=\"@eldiario_net\" \/>\n<meta name=\"twitter:site\" content=\"@eldiario_net\" \/>\n<meta name=\"twitter:label1\" content=\"Escrito por\" \/>\n\t<meta name=\"twitter:data1\" content=\"Jeanette\" \/>\n\t<meta name=\"twitter:label2\" content=\"Tiempo de lectura\" \/>\n\t<meta name=\"twitter:data2\" content=\"5 minutos\" \/>\n<script type=\"application\/ld+json\" class=\"yoast-schema-graph\">{\"@context\":\"https:\\\/\\\/schema.org\",\"@graph\":[{\"@type\":\"Article\",\"@id\":\"https:\\\/\\\/www.eldiario.net\\\/portal\\\/2026\\\/09\\\/05\\\/rescatan-a-dos-trabajadores-en-un-tunel-tras-nueve-dias-de-riada\\\/#article\",\"isPartOf\":{\"@id\":\"https:\\\/\\\/www.eldiario.net\\\/portal\\\/2026\\\/09\\\/05\\\/rescatan-a-dos-trabajadores-en-un-tunel-tras-nueve-dias-de-riada\\\/\"},\"author\":{\"name\":\"Jeanette\",\"@id\":\"https:\\\/\\\/www.eldiario.net\\\/portal\\\/#\\\/schema\\\/person\\\/2c57cf2b7a7ae032e449e4c9b1019eac\"},\"headline\":\"Rescatan a dos trabajadores en un t\u00fanel tras nueve d\u00edas de riada\",\"datePublished\":\"2026-09-05T05:49:10+00:00\",\"mainEntityOfPage\":{\"@id\":\"https:\\\/\\\/www.eldiario.net\\\/portal\\\/2026\\\/09\\\/05\\\/rescatan-a-dos-trabajadores-en-un-tunel-tras-nueve-dias-de-riada\\\/\"},\"wordCount\":1010,\"publisher\":{\"@id\":\"https:\\\/\\\/www.eldiario.net\\\/portal\\\/#organization\"},\"image\":{\"@id\":\"https:\\\/\\\/www.eldiario.net\\\/portal\\\/2026\\\/09\\\/05\\\/rescatan-a-dos-trabajadores-en-un-tunel-tras-nueve-dias-de-riada\\\/#primaryimage\"},\"thumbnailUrl\":\"https:\\\/\\\/www.eldiario.net\\\/portal\\\/wp-content\\\/uploads\\\/2026\\\/09\\\/NEPAL-3-AP.webp\",\"articleSection\":[\"Internacional\"],\"inLanguage\":\"es\"},{\"@type\":\"WebPage\",\"@id\":\"https:\\\/\\\/www.eldiario.net\\\/portal\\\/2026\\\/09\\\/05\\\/rescatan-a-dos-trabajadores-en-un-tunel-tras-nueve-dias-de-riada\\\/\",\"url\":\"https:\\\/\\\/www.eldiario.net\\\/portal\\\/2026\\\/09\\\/05\\\/rescatan-a-dos-trabajadores-en-un-tunel-tras-nueve-dias-de-riada\\\/\",\"name\":\"Rescatan a dos trabajadores en un t\u00fanel tras nueve d\u00edas de riada - El Diario - Bolivia\",\"isPartOf\":{\"@id\":\"https:\\\/\\\/www.eldiario.net\\\/portal\\\/#website\"},\"primaryImageOfPage\":{\"@id\":\"https:\\\/\\\/www.eldiario.net\\\/portal\\\/2026\\\/09\\\/05\\\/rescatan-a-dos-trabajadores-en-un-tunel-tras-nueve-dias-de-riada\\\/#primaryimage\"},\"image\":{\"@id\":\"https:\\\/\\\/www.eldiario.net\\\/portal\\\/2026\\\/09\\\/05\\\/rescatan-a-dos-trabajadores-en-un-tunel-tras-nueve-dias-de-riada\\\/#primaryimage\"},\"thumbnailUrl\":\"https:\\\/\\\/www.eldiario.net\\\/portal\\\/wp-content\\\/uploads\\\/2026\\\/09\\\/NEPAL-3-AP.webp\",\"datePublished\":\"2026-09-05T05:49:10+00:00\",\"breadcrumb\":{\"@id\":\"https:\\\/\\\/www.eldiario.net\\\/portal\\\/2026\\\/09\\\/05\\\/rescatan-a-dos-trabajadores-en-un-tunel-tras-nueve-dias-de-riada\\\/#breadcrumb\"},\"inLanguage\":\"es\",\"potentialAction\":[{\"@type\":\"ReadAction\",\"target\":[\"https:\\\/\\\/www.eldiario.net\\\/portal\\\/2026\\\/09\\\/05\\\/rescatan-a-dos-trabajadores-en-un-tunel-tras-nueve-dias-de-riada\\\/\"]}]},{\"@type\":\"ImageObject\",\"inLanguage\":\"es\",\"@id\":\"https:\\\/\\\/www.eldiario.net\\\/portal\\\/2026\\\/09\\\/05\\\/rescatan-a-dos-trabajadores-en-un-tunel-tras-nueve-dias-de-riada\\\/#primaryimage\",\"url\":\"https:\\\/\\\/www.eldiario.net\\\/portal\\\/wp-content\\\/uploads\\\/2026\\\/09\\\/NEPAL-3-AP.webp\",\"contentUrl\":\"https:\\\/\\\/www.eldiario.net\\\/portal\\\/wp-content\\\/uploads\\\/2026\\\/09\\\/NEPAL-3-AP.webp\",\"width\":1094,\"height\":730,\"caption\":\"Trabajadores rescatados del t\u00fanel hidroel\u00e9ctrico tras 9 d\u00edas de inundaciones en Nepal.\"},{\"@type\":\"BreadcrumbList\",\"@id\":\"https:\\\/\\\/www.eldiario.net\\\/portal\\\/2026\\\/09\\\/05\\\/rescatan-a-dos-trabajadores-en-un-tunel-tras-nueve-dias-de-riada\\\/#breadcrumb\",\"itemListElement\":[{\"@type\":\"ListItem\",\"position\":1,\"name\":\"Portada\",\"item\":\"https:\\\/\\\/www.eldiario.net\\\/portal\\\/\"},{\"@type\":\"ListItem\",\"position\":2,\"name\":\"Rescatan a dos trabajadores en un t\u00fanel tras nueve d\u00edas de riada\"}]},{\"@type\":\"WebSite\",\"@id\":\"https:\\\/\\\/www.eldiario.net\\\/portal\\\/#website\",\"url\":\"https:\\\/\\\/www.eldiario.net\\\/portal\\\/\",\"name\":\"El Diario - Decano de la prensa nacional\",\"description\":\"El Diario - Decano de la prensa nacional\",\"publisher\":{\"@id\":\"https:\\\/\\\/www.eldiario.net\\\/portal\\\/#organization\"},\"potentialAction\":[{\"@type\":\"SearchAction\",\"target\":{\"@type\":\"EntryPoint\",\"urlTemplate\":\"https:\\\/\\\/www.eldiario.net\\\/portal\\\/?s={search_term_string}\"},\"query-input\":{\"@type\":\"PropertyValueSpecification\",\"valueRequired\":true,\"valueName\":\"search_term_string\"}}],\"inLanguage\":\"es\"},{\"@type\":\"Organization\",\"@id\":\"https:\\\/\\\/www.eldiario.net\\\/portal\\\/#organization\",\"name\":\"El Diario - Decano de la prensa nacional\",\"url\":\"https:\\\/\\\/www.eldiario.net\\\/portal\\\/\",\"logo\":{\"@type\":\"ImageObject\",\"inLanguage\":\"es\",\"@id\":\"https:\\\/\\\/www.eldiario.net\\\/portal\\\/#\\\/schema\\\/logo\\\/image\\\/\",\"url\":\"https:\\\/\\\/www.eldiario.net\\\/portal\\\/wp-content\\\/uploads\\\/2023\\\/07\\\/logo_ED.jpg\",\"contentUrl\":\"https:\\\/\\\/www.eldiario.net\\\/portal\\\/wp-content\\\/uploads\\\/2023\\\/07\\\/logo_ED.jpg\",\"width\":272,\"height\":52,\"caption\":\"El Diario - Decano de la prensa nacional\"},\"image\":{\"@id\":\"https:\\\/\\\/www.eldiario.net\\\/portal\\\/#\\\/schema\\\/logo\\\/image\\\/\"},\"sameAs\":[\"https:\\\/\\\/www.facebook.com\\\/eldiario.bolivia\\\/\",\"https:\\\/\\\/x.com\\\/eldiario_net\"]},{\"@type\":\"Person\",\"@id\":\"https:\\\/\\\/www.eldiario.net\\\/portal\\\/#\\\/schema\\\/person\\\/2c57cf2b7a7ae032e449e4c9b1019eac\",\"name\":\"Jeanette\",\"image\":{\"@type\":\"ImageObject\",\"inLanguage\":\"es\",\"@id\":\"https:\\\/\\\/secure.gravatar.com\\\/avatar\\\/3ea2118a5f7dad2b7138b1187a6b7ee55f160b9968b66013c3a3ef39dd7e5798?s=96&d=mm&r=g\",\"url\":\"https:\\\/\\\/secure.gravatar.com\\\/avatar\\\/3ea2118a5f7dad2b7138b1187a6b7ee55f160b9968b66013c3a3ef39dd7e5798?s=96&d=mm&r=g\",\"contentUrl\":\"https:\\\/\\\/secure.gravatar.com\\\/avatar\\\/3ea2118a5f7dad2b7138b1187a6b7ee55f160b9968b66013c3a3ef39dd7e5798?s=96&d=mm&r=g\",\"caption\":\"Jeanette\"},\"sameAs\":[\"https:\\\/\\\/www.eldiario.net\\\/portal\"],\"url\":\"https:\\\/\\\/www.eldiario.net\\\/portal\\\/author\\\/jeanette\\\/\"}]}<\/script>\n<!-- \/ Yoast SEO plugin. -->","yoast_head_json":{"title":"Rescatan a dos trabajadores en un t\u00fanel tras nueve d\u00edas de riada - El Diario - Bolivia","robots":{"index":"index","follow":"follow","max-snippet":"max-snippet:-1","max-image-preview":"max-image-preview:large","max-video-preview":"max-video-preview:-1"},"canonical":"https:\/\/www.eldiario.net\/portal\/2026\/09\/05\/rescatan-a-dos-trabajadores-en-un-tunel-tras-nueve-dias-de-riada\/","og_locale":"es_ES","og_type":"article","og_title":"Rescatan a dos trabajadores en un t\u00fanel tras nueve d\u00edas de riada - El Diario - Bolivia","og_description":"Rescatan a dos personas con vida de un t\u00fanel hidroel\u00e9ctrico en Nepal, nueve d\u00edas despu\u00e9s de que unas inundaciones repentinas y mortales sepultaran las obras bajo un espeso lodo y las dejaran atrapadas. Los trabajadores fueron rescatados durante una operaci\u00f3n en el t\u00fanel Trishuli 3A, un proyecto hidroel\u00e9ctrico situado en una de las zonas m\u00e1s [&hellip;]","og_url":"https:\/\/www.eldiario.net\/portal\/2026\/09\/05\/rescatan-a-dos-trabajadores-en-un-tunel-tras-nueve-dias-de-riada\/","og_site_name":"El Diario - Bolivia","article_publisher":"https:\/\/www.facebook.com\/eldiario.bolivia\/","article_published_time":"2026-09-05T05:49:10+00:00","og_image":[{"width":1094,"height":730,"url":"https:\/\/www.eldiario.net\/portal\/wp-content\/uploads\/2026\/09\/NEPAL-3-AP.webp","type":"image\/webp"}],"author":"Jeanette","twitter_card":"summary_large_image","twitter_creator":"@eldiario_net","twitter_site":"@eldiario_net","twitter_misc":{"Escrito por":"Jeanette","Tiempo de lectura":"5 minutos"},"schema":{"@context":"https:\/\/schema.org","@graph":[{"@type":"Article","@id":"https:\/\/www.eldiario.net\/portal\/2026\/09\/05\/rescatan-a-dos-trabajadores-en-un-tunel-tras-nueve-dias-de-riada\/#article","isPartOf":{"@id":"https:\/\/www.eldiario.net\/portal\/2026\/09\/05\/rescatan-a-dos-trabajadores-en-un-tunel-tras-nueve-dias-de-riada\/"},"author":{"name":"Jeanette","@id":"https:\/\/www.eldiario.net\/portal\/#\/schema\/person\/2c57cf2b7a7ae032e449e4c9b1019eac"},"headline":"Rescatan a dos trabajadores en un t\u00fanel tras nueve d\u00edas de riada","datePublished":"2026-09-05T05:49:10+00:00","mainEntityOfPage":{"@id":"https:\/\/www.eldiario.net\/portal\/2026\/09\/05\/rescatan-a-dos-trabajadores-en-un-tunel-tras-nueve-dias-de-riada\/"},"wordCount":1010,"publisher":{"@id":"https:\/\/www.eldiario.net\/portal\/#organization"},"image":{"@id":"https:\/\/www.eldiario.net\/portal\/2026\/09\/05\/rescatan-a-dos-trabajadores-en-un-tunel-tras-nueve-dias-de-riada\/#primaryimage"},"thumbnailUrl":"https:\/\/www.eldiario.net\/portal\/wp-content\/uploads\/2026\/09\/NEPAL-3-AP.webp","articleSection":["Internacional"],"inLanguage":"es"},{"@type":"WebPage","@id":"https:\/\/www.eldiario.net\/portal\/2026\/09\/05\/rescatan-a-dos-trabajadores-en-un-tunel-tras-nueve-dias-de-riada\/","url":"https:\/\/www.eldiario.net\/portal\/2026\/09\/05\/rescatan-a-dos-trabajadores-en-un-tunel-tras-nueve-dias-de-riada\/","name":"Rescatan a dos trabajadores en un t\u00fanel tras nueve d\u00edas de riada - El Diario - Bolivia","isPartOf":{"@id":"https:\/\/www.eldiario.net\/portal\/#website"},"primaryImageOfPage":{"@id":"https:\/\/www.eldiario.net\/portal\/2026\/09\/05\/rescatan-a-dos-trabajadores-en-un-tunel-tras-nueve-dias-de-riada\/#primaryimage"},"image":{"@id":"https:\/\/www.eldiario.net\/portal\/2026\/09\/05\/rescatan-a-dos-trabajadores-en-un-tunel-tras-nueve-dias-de-riada\/#primaryimage"},"thumbnailUrl":"https:\/\/www.eldiario.net\/portal\/wp-content\/uploads\/2026\/09\/NEPAL-3-AP.webp","datePublished":"2026-09-05T05:49:10+00:00","breadcrumb":{"@id":"https:\/\/www.eldiario.net\/portal\/2026\/09\/05\/rescatan-a-dos-trabajadores-en-un-tunel-tras-nueve-dias-de-riada\/#breadcrumb"},"inLanguage":"es","potentialAction":[{"@type":"ReadAction","target":["https:\/\/www.eldiario.net\/portal\/2026\/09\/05\/rescatan-a-dos-trabajadores-en-un-tunel-tras-nueve-dias-de-riada\/"]}]},{"@type":"ImageObject","inLanguage":"es","@id":"https:\/\/www.eldiario.net\/portal\/2026\/09\/05\/rescatan-a-dos-trabajadores-en-un-tunel-tras-nueve-dias-de-riada\/#primaryimage","url":"https:\/\/www.eldiario.net\/portal\/wp-content\/uploads\/2026\/09\/NEPAL-3-AP.webp","contentUrl":"https:\/\/www.eldiario.net\/portal\/wp-content\/uploads\/2026\/09\/NEPAL-3-AP.webp","width":1094,"height":730,"caption":"Trabajadores rescatados del t\u00fanel hidroel\u00e9ctrico tras 9 d\u00edas de inundaciones en Nepal."},{"@type":"BreadcrumbList","@id":"https:\/\/www.eldiario.net\/portal\/2026\/09\/05\/rescatan-a-dos-trabajadores-en-un-tunel-tras-nueve-dias-de-riada\/#breadcrumb","itemListElement":[{"@type":"ListItem","position":1,"name":"Portada","item":"https:\/\/www.eldiario.net\/portal\/"},{"@type":"ListItem","position":2,"name":"Rescatan a dos trabajadores en un t\u00fanel tras nueve d\u00edas de riada"}]},{"@type":"WebSite","@id":"https:\/\/www.eldiario.net\/portal\/#website","url":"https:\/\/www.eldiario.net\/portal\/","name":"El Diario - Decano de la prensa nacional","description":"El Diario - Decano de la prensa nacional","publisher":{"@id":"https:\/\/www.eldiario.net\/portal\/#organization"},"potentialAction":[{"@type":"SearchAction","target":{"@type":"EntryPoint","urlTemplate":"https:\/\/www.eldiario.net\/portal\/?s={search_term_string}"},"query-input":{"@type":"PropertyValueSpecification","valueRequired":true,"valueName":"search_term_string"}}],"inLanguage":"es"},{"@type":"Organization","@id":"https:\/\/www.eldiario.net\/portal\/#organization","name":"El Diario - Decano de la prensa nacional","url":"https:\/\/www.eldiario.net\/portal\/","logo":{"@type":"ImageObject","inLanguage":"es","@id":"https:\/\/www.eldiario.net\/portal\/#\/schema\/logo\/image\/","url":"https:\/\/www.eldiario.net\/portal\/wp-content\/uploads\/2023\/07\/logo_ED.jpg","contentUrl":"https:\/\/www.eldiario.net\/portal\/wp-content\/uploads\/2023\/07\/logo_ED.jpg","width":272,"height":52,"caption":"El Diario - Decano de la prensa nacional"},"image":{"@id":"https:\/\/www.eldiario.net\/portal\/#\/schema\/logo\/image\/"},"sameAs":["https:\/\/www.facebook.com\/eldiario.bolivia\/","https:\/\/x.com\/eldiario_net"]},{"@type":"Person","@id":"https:\/\/www.eldiario.net\/portal\/#\/schema\/person\/2c57cf2b7a7ae032e449e4c9b1019eac","name":"Jeanette","image":{"@type":"ImageObject","inLanguage":"es","@id":"https:\/\/secure.gravatar.com\/avatar\/3ea2118a5f7dad2b7138b1187a6b7ee55f160b9968b66013c3a3ef39dd7e5798?s=96&d=mm&r=g","url":"https:\/\/secure.gravatar.com\/avatar\/3ea2118a5f7dad2b7138b1187a6b7ee55f160b9968b66013c3a3ef39dd7e5798?s=96&d=mm&r=g","contentUrl":"https:\/\/secure.gravatar.com\/avatar\/3ea2118a5f7dad2b7138b1187a6b7ee55f160b9968b66013c3a3ef39dd7e5798?s=96&d=mm&r=g","caption":"Jeanette"},"sameAs":["https:\/\/www.eldiario.net\/portal"],"url":"https:\/\/www.eldiario.net\/portal\/author\/jeanette\/"}]}},"_links":{"self":[{"href":"https:\/\/www.eldiario.net\/portal\/wp-json\/wp\/v2\/posts\/427876","targetHints":{"allow":["GET"]}}],"collection":[{"href":"https:\/\/www.eldiario.net\/portal\/wp-json\/wp\/v2\/posts"}],"about":[{"href":"https:\/\/www.eldiario.net\/portal\/wp-json\/wp\/v2\/types\/post"}],"author":[{"embeddable":true,"href":"https:\/\/www.eldiario.net\/portal\/wp-json\/wp\/v2\/users\/1"}],"replies":[{"embeddable":true,"href":"https:\/\/www.eldiario.net\/portal\/wp-json\/wp\/v2\/comments?post=427876"}],"version-history":[{"count":1,"href":"https:\/\/www.eldiario.net\/portal\/wp-json\/wp\/v2\/posts\/427876\/revisions"}],"predecessor-version":[{"id":427878,"href":"https:\/\/www.eldiario.net\/portal\/wp-json\/wp\/v2\/posts\/427876\/revisions\/427878"}],"wp:featuredmedia":[{"embeddable":true,"href":"https:\/\/www.eldiario.net\/portal\/wp-json\/wp\/v2\/media\/427877"}],"wp:attachment":[{"href":"https:\/\/www.eldiario.net\/portal\/wp-json\/wp\/v2\/media?parent=427876"}],"wp:term":[{"taxonomy":"category","embeddable":true,"href":"https:\/\/www.eldiario.net\/portal\/wp-json\/wp\/v2\/categories?post=427876"},{"taxonomy":"post_tag","embeddable":true,"href":"https:\/\/www.eldiario.net\/portal\/wp-json\/wp\/v2\/tags?post=427876"}],"curies":[{"name":"wp","href":"https:\/\/api.w.org\/{rel}","templated":true}]}}