{"id":427873,"date":"2026-09-05T01:48:09","date_gmt":"2026-09-05T05:48:09","guid":{"rendered":"https:\/\/www.eldiario.net\/portal\/?p=427873"},"modified":"2026-09-04T22:48:38","modified_gmt":"2026-09-05T02:48:38","slug":"von-der-leyen-viajara-a-nuuk-luego-de-amenazas-de-trump-2","status":"publish","type":"post","link":"https:\/\/www.eldiario.net\/portal\/2026\/09\/05\/von-der-leyen-viajara-a-nuuk-luego-de-amenazas-de-trump-2\/","title":{"rendered":"Von der Leyen viajar\u00e1 a Nuuk luego de amenazas de Trump"},"content":{"rendered":"<p>La presidenta de la Comisi\u00f3n Europea, Ursula von der Leyen, viajar\u00e1 este domingo a Nuuk, capital de Groenlandia, para reforzar las relaciones entre la UE y la isla \u00e1rtica, y abordar la creciente importancia estrat\u00e9gica del \u00c1rtico, en apoyo del bloque comunitario a la isla perteneciente a Dinamarca tras las pretensiones anexionistas del presidente de Estados Unidos, Donald Trump, de los \u00faltimos meses.<br \/>\nDurante su visita, la jefa del Ejecutivo comunitario se reunir\u00e1 con el primer ministro groenland\u00e9s, Jens-Frederik Nielsen, y la primera ministra danesa Mette Frederiksen tambi\u00e9n mantendr\u00e1 un encuentro con el primer ministro de las Islas Feroe, Beinir Johannesen.<br \/>\nLos l\u00edderes abordar\u00e1n los principales desaf\u00edos y oportunidades a los que se enfrentan Groenlandia y el conjunto de la regi\u00f3n \u00e1rtica, as\u00ed como iniciativas concretas para reforzar la cooperaci\u00f3n bilateral, en un momento en el que la Uni\u00f3n Europea est\u00e1 revisando su pol\u00edtica para el \u00c1rtico con el objetivo de adaptarla a la creciente importancia geopol\u00edtica y de seguridad de la regi\u00f3n.<br \/>\nComo parte de la visita, Von der Leyen se desplazar\u00e1 el domingo en barco junto a Nielsen y Frederiksen hasta la capa de hielo de Groenlandia, mientras que el lunes los tres dirigentes inaugurar\u00e1n un proyecto para mejorar la conectividad por sat\u00e9lite de la isla en las instalaciones de la compa\u00f1\u00eda groenlandesa Tusass.<br \/>\nEl mismo lunes, Von der Leyen, Nielsen y Frederiksen firmar\u00e1n una declaraci\u00f3n conjunta renovada entre la Uni\u00f3n Europea, Groenlandia y Dinamarca sobre sus relaciones, antes de comparecer conjuntamente ante los medios.<br \/>\nLa visita se produce despu\u00e9s de que Trump haya reclamado en varias ocasiones durante este a\u00f1o el control de Groenlandia alegando motivos de seguridad nacional, unas pretensiones rechazadas tanto por las autoridades groenlandesas y danesas como por la Uni\u00f3n Europea, que insisti\u00f3 en que corresponde exclusivamente a los groenlandeses decidir el futuro de la isla.<br \/>\nLa propia Von der Leyen defendi\u00f3 anteriormente la \u201cmuy buena conexi\u00f3n\u201d de Bruselas con Groenlandia y reivindic\u00f3 el derecho de sus ciudadanos a decidir su futuro, mientras la UE busca reforzar su presencia en una regi\u00f3n que adquiri\u00f3 un peso creciente en materia de seguridad, defensa, materias primas, conectividad y rutas mar\u00edtimas.<br \/>\nLa \u00faltima visita de la conservadora alemana a Groenlandia tuvo lugar en marzo de 2024 y precedi\u00f3 a la apertura, un a\u00f1o despu\u00e9s, de una oficina de la Uni\u00f3n Europea en Nuuk. La presidenta ten\u00eda previsto regresar a la isla el pasado febrero, aunque el viaje fue finalmente aplazado tras la convocatoria anticipada de elecciones en Dinamarca.<br \/>\nVon der Leyen estar\u00e1 acompa\u00f1ada durante el viaje por el comisario europeo de Asociaciones Internacionales, Jozef S\u00edkela, y por el asesor especial para las relaciones de la UE con el \u00c1rtico, Jyrki Katainen. (Europa Press)<\/p>\n<p>&nbsp;<\/p>\n","protected":false},"excerpt":{"rendered":"<p>La presidenta de la Comisi\u00f3n Europea, Ursula von der Leyen, viajar\u00e1 este domingo a Nuuk, capital de Groenlandia, para reforzar las relaciones entre la UE y la isla \u00e1rtica, y abordar la creciente importancia estrat\u00e9gica del \u00c1rtico, en apoyo del bloque comunitario a la isla perteneciente a Dinamarca tras las pretensiones anexionistas del presidente de [&hellip;]<\/p>\n","protected":false},"author":1,"featured_media":427874,"comment_status":"closed","ping_status":"open","sticky":false,"template":"","format":"standard","meta":{"_acf_changed":false,"footnotes":""},"categories":[3],"tags":[],"class_list":["post-427873","post","type-post","status-publish","format-standard","has-post-thumbnail","category-internacional"],"acf":{"antetitulo":"Groenlandia"},"yoast_head":"<!-- This site is optimized with the Yoast SEO plugin v28.4 - https:\/\/yoast.com\/product\/yoast-seo-wordpress\/ -->\n<title>Von der Leyen viajar\u00e1 a Nuuk luego de amenazas de Trump - El Diario - Bolivia<\/title>\n<meta name=\"robots\" content=\"index, follow, max-snippet:-1, max-image-preview:large, max-video-preview:-1\" \/>\n<link rel=\"canonical\" href=\"https:\/\/www.eldiario.net\/portal\/2026\/09\/05\/von-der-leyen-viajara-a-nuuk-luego-de-amenazas-de-trump-2\/\" \/>\n<meta property=\"og:locale\" content=\"es_ES\" \/>\n<meta property=\"og:type\" content=\"article\" \/>\n<meta property=\"og:title\" content=\"Von der Leyen viajar\u00e1 a Nuuk luego de amenazas de Trump - El Diario - Bolivia\" \/>\n<meta property=\"og:description\" content=\"La presidenta de la Comisi\u00f3n Europea, Ursula von der Leyen, viajar\u00e1 este domingo a Nuuk, capital de Groenlandia, para reforzar las relaciones entre la UE y la isla \u00e1rtica, y abordar la creciente importancia estrat\u00e9gica del \u00c1rtico, en apoyo del bloque comunitario a la isla perteneciente a Dinamarca tras las pretensiones anexionistas del presidente de [&hellip;]\" \/>\n<meta property=\"og:url\" content=\"https:\/\/www.eldiario.net\/portal\/2026\/09\/05\/von-der-leyen-viajara-a-nuuk-luego-de-amenazas-de-trump-2\/\" \/>\n<meta property=\"og:site_name\" content=\"El Diario - Bolivia\" \/>\n<meta property=\"article:publisher\" content=\"https:\/\/www.facebook.com\/eldiario.bolivia\/\" \/>\n<meta property=\"article:published_time\" content=\"2026-09-05T05:48:09+00:00\" \/>\n<meta property=\"og:image\" content=\"https:\/\/www.eldiario.net\/portal\/wp-content\/uploads\/2026\/09\/GROENLANDIA-Dw.webp\" \/>\n\t<meta property=\"og:image:width\" content=\"1199\" \/>\n\t<meta property=\"og:image:height\" content=\"674\" \/>\n\t<meta property=\"og:image:type\" content=\"image\/webp\" \/>\n<meta name=\"author\" content=\"Jeanette\" \/>\n<meta name=\"twitter:card\" content=\"summary_large_image\" \/>\n<meta name=\"twitter:creator\" content=\"@eldiario_net\" \/>\n<meta name=\"twitter:site\" content=\"@eldiario_net\" \/>\n<meta name=\"twitter:label1\" content=\"Escrito por\" \/>\n\t<meta name=\"twitter:data1\" content=\"Jeanette\" \/>\n\t<meta name=\"twitter:label2\" content=\"Tiempo de lectura\" \/>\n\t<meta name=\"twitter:data2\" content=\"3 minutos\" \/>\n<script type=\"application\/ld+json\" class=\"yoast-schema-graph\">{\"@context\":\"https:\\\/\\\/schema.org\",\"@graph\":[{\"@type\":\"Article\",\"@id\":\"https:\\\/\\\/www.eldiario.net\\\/portal\\\/2026\\\/09\\\/05\\\/von-der-leyen-viajara-a-nuuk-luego-de-amenazas-de-trump-2\\\/#article\",\"isPartOf\":{\"@id\":\"https:\\\/\\\/www.eldiario.net\\\/portal\\\/2026\\\/09\\\/05\\\/von-der-leyen-viajara-a-nuuk-luego-de-amenazas-de-trump-2\\\/\"},\"author\":{\"name\":\"Jeanette\",\"@id\":\"https:\\\/\\\/www.eldiario.net\\\/portal\\\/#\\\/schema\\\/person\\\/2c57cf2b7a7ae032e449e4c9b1019eac\"},\"headline\":\"Von der Leyen viajar\u00e1 a Nuuk luego de amenazas de Trump\",\"datePublished\":\"2026-09-05T05:48:09+00:00\",\"mainEntityOfPage\":{\"@id\":\"https:\\\/\\\/www.eldiario.net\\\/portal\\\/2026\\\/09\\\/05\\\/von-der-leyen-viajara-a-nuuk-luego-de-amenazas-de-trump-2\\\/\"},\"wordCount\":488,\"publisher\":{\"@id\":\"https:\\\/\\\/www.eldiario.net\\\/portal\\\/#organization\"},\"image\":{\"@id\":\"https:\\\/\\\/www.eldiario.net\\\/portal\\\/2026\\\/09\\\/05\\\/von-der-leyen-viajara-a-nuuk-luego-de-amenazas-de-trump-2\\\/#primaryimage\"},\"thumbnailUrl\":\"https:\\\/\\\/www.eldiario.net\\\/portal\\\/wp-content\\\/uploads\\\/2026\\\/09\\\/GROENLANDIA-Dw.webp\",\"articleSection\":[\"Internacional\"],\"inLanguage\":\"es\"},{\"@type\":\"WebPage\",\"@id\":\"https:\\\/\\\/www.eldiario.net\\\/portal\\\/2026\\\/09\\\/05\\\/von-der-leyen-viajara-a-nuuk-luego-de-amenazas-de-trump-2\\\/\",\"url\":\"https:\\\/\\\/www.eldiario.net\\\/portal\\\/2026\\\/09\\\/05\\\/von-der-leyen-viajara-a-nuuk-luego-de-amenazas-de-trump-2\\\/\",\"name\":\"Von der Leyen viajar\u00e1 a Nuuk luego de amenazas de Trump - El Diario - Bolivia\",\"isPartOf\":{\"@id\":\"https:\\\/\\\/www.eldiario.net\\\/portal\\\/#website\"},\"primaryImageOfPage\":{\"@id\":\"https:\\\/\\\/www.eldiario.net\\\/portal\\\/2026\\\/09\\\/05\\\/von-der-leyen-viajara-a-nuuk-luego-de-amenazas-de-trump-2\\\/#primaryimage\"},\"image\":{\"@id\":\"https:\\\/\\\/www.eldiario.net\\\/portal\\\/2026\\\/09\\\/05\\\/von-der-leyen-viajara-a-nuuk-luego-de-amenazas-de-trump-2\\\/#primaryimage\"},\"thumbnailUrl\":\"https:\\\/\\\/www.eldiario.net\\\/portal\\\/wp-content\\\/uploads\\\/2026\\\/09\\\/GROENLANDIA-Dw.webp\",\"datePublished\":\"2026-09-05T05:48:09+00:00\",\"breadcrumb\":{\"@id\":\"https:\\\/\\\/www.eldiario.net\\\/portal\\\/2026\\\/09\\\/05\\\/von-der-leyen-viajara-a-nuuk-luego-de-amenazas-de-trump-2\\\/#breadcrumb\"},\"inLanguage\":\"es\",\"potentialAction\":[{\"@type\":\"ReadAction\",\"target\":[\"https:\\\/\\\/www.eldiario.net\\\/portal\\\/2026\\\/09\\\/05\\\/von-der-leyen-viajara-a-nuuk-luego-de-amenazas-de-trump-2\\\/\"]}]},{\"@type\":\"ImageObject\",\"inLanguage\":\"es\",\"@id\":\"https:\\\/\\\/www.eldiario.net\\\/portal\\\/2026\\\/09\\\/05\\\/von-der-leyen-viajara-a-nuuk-luego-de-amenazas-de-trump-2\\\/#primaryimage\",\"url\":\"https:\\\/\\\/www.eldiario.net\\\/portal\\\/wp-content\\\/uploads\\\/2026\\\/09\\\/GROENLANDIA-Dw.webp\",\"contentUrl\":\"https:\\\/\\\/www.eldiario.net\\\/portal\\\/wp-content\\\/uploads\\\/2026\\\/09\\\/GROENLANDIA-Dw.webp\",\"width\":1199,\"height\":674,\"caption\":\"La presidenta de la Comisi\u00f3n Europea, Ursula von der Leyen.\"},{\"@type\":\"BreadcrumbList\",\"@id\":\"https:\\\/\\\/www.eldiario.net\\\/portal\\\/2026\\\/09\\\/05\\\/von-der-leyen-viajara-a-nuuk-luego-de-amenazas-de-trump-2\\\/#breadcrumb\",\"itemListElement\":[{\"@type\":\"ListItem\",\"position\":1,\"name\":\"Portada\",\"item\":\"https:\\\/\\\/www.eldiario.net\\\/portal\\\/\"},{\"@type\":\"ListItem\",\"position\":2,\"name\":\"Von der Leyen viajar\u00e1 a Nuuk luego de amenazas de Trump\"}]},{\"@type\":\"WebSite\",\"@id\":\"https:\\\/\\\/www.eldiario.net\\\/portal\\\/#website\",\"url\":\"https:\\\/\\\/www.eldiario.net\\\/portal\\\/\",\"name\":\"El Diario - Decano de la prensa nacional\",\"description\":\"El Diario - Decano de la prensa nacional\",\"publisher\":{\"@id\":\"https:\\\/\\\/www.eldiario.net\\\/portal\\\/#organization\"},\"potentialAction\":[{\"@type\":\"SearchAction\",\"target\":{\"@type\":\"EntryPoint\",\"urlTemplate\":\"https:\\\/\\\/www.eldiario.net\\\/portal\\\/?s={search_term_string}\"},\"query-input\":{\"@type\":\"PropertyValueSpecification\",\"valueRequired\":true,\"valueName\":\"search_term_string\"}}],\"inLanguage\":\"es\"},{\"@type\":\"Organization\",\"@id\":\"https:\\\/\\\/www.eldiario.net\\\/portal\\\/#organization\",\"name\":\"El Diario - Decano de la prensa nacional\",\"url\":\"https:\\\/\\\/www.eldiario.net\\\/portal\\\/\",\"logo\":{\"@type\":\"ImageObject\",\"inLanguage\":\"es\",\"@id\":\"https:\\\/\\\/www.eldiario.net\\\/portal\\\/#\\\/schema\\\/logo\\\/image\\\/\",\"url\":\"https:\\\/\\\/www.eldiario.net\\\/portal\\\/wp-content\\\/uploads\\\/2023\\\/07\\\/logo_ED.jpg\",\"contentUrl\":\"https:\\\/\\\/www.eldiario.net\\\/portal\\\/wp-content\\\/uploads\\\/2023\\\/07\\\/logo_ED.jpg\",\"width\":272,\"height\":52,\"caption\":\"El Diario - Decano de la prensa nacional\"},\"image\":{\"@id\":\"https:\\\/\\\/www.eldiario.net\\\/portal\\\/#\\\/schema\\\/logo\\\/image\\\/\"},\"sameAs\":[\"https:\\\/\\\/www.facebook.com\\\/eldiario.bolivia\\\/\",\"https:\\\/\\\/x.com\\\/eldiario_net\"]},{\"@type\":\"Person\",\"@id\":\"https:\\\/\\\/www.eldiario.net\\\/portal\\\/#\\\/schema\\\/person\\\/2c57cf2b7a7ae032e449e4c9b1019eac\",\"name\":\"Jeanette\",\"image\":{\"@type\":\"ImageObject\",\"inLanguage\":\"es\",\"@id\":\"https:\\\/\\\/secure.gravatar.com\\\/avatar\\\/3ea2118a5f7dad2b7138b1187a6b7ee55f160b9968b66013c3a3ef39dd7e5798?s=96&d=mm&r=g\",\"url\":\"https:\\\/\\\/secure.gravatar.com\\\/avatar\\\/3ea2118a5f7dad2b7138b1187a6b7ee55f160b9968b66013c3a3ef39dd7e5798?s=96&d=mm&r=g\",\"contentUrl\":\"https:\\\/\\\/secure.gravatar.com\\\/avatar\\\/3ea2118a5f7dad2b7138b1187a6b7ee55f160b9968b66013c3a3ef39dd7e5798?s=96&d=mm&r=g\",\"caption\":\"Jeanette\"},\"sameAs\":[\"https:\\\/\\\/www.eldiario.net\\\/portal\"],\"url\":\"https:\\\/\\\/www.eldiario.net\\\/portal\\\/author\\\/jeanette\\\/\"}]}<\/script>\n<!-- \/ Yoast SEO plugin. -->","yoast_head_json":{"title":"Von der Leyen viajar\u00e1 a Nuuk luego de amenazas de Trump - El Diario - Bolivia","robots":{"index":"index","follow":"follow","max-snippet":"max-snippet:-1","max-image-preview":"max-image-preview:large","max-video-preview":"max-video-preview:-1"},"canonical":"https:\/\/www.eldiario.net\/portal\/2026\/09\/05\/von-der-leyen-viajara-a-nuuk-luego-de-amenazas-de-trump-2\/","og_locale":"es_ES","og_type":"article","og_title":"Von der Leyen viajar\u00e1 a Nuuk luego de amenazas de Trump - El Diario - Bolivia","og_description":"La presidenta de la Comisi\u00f3n Europea, Ursula von der Leyen, viajar\u00e1 este domingo a Nuuk, capital de Groenlandia, para reforzar las relaciones entre la UE y la isla \u00e1rtica, y abordar la creciente importancia estrat\u00e9gica del \u00c1rtico, en apoyo del bloque comunitario a la isla perteneciente a Dinamarca tras las pretensiones anexionistas del presidente de [&hellip;]","og_url":"https:\/\/www.eldiario.net\/portal\/2026\/09\/05\/von-der-leyen-viajara-a-nuuk-luego-de-amenazas-de-trump-2\/","og_site_name":"El Diario - Bolivia","article_publisher":"https:\/\/www.facebook.com\/eldiario.bolivia\/","article_published_time":"2026-09-05T05:48:09+00:00","og_image":[{"width":1199,"height":674,"url":"https:\/\/www.eldiario.net\/portal\/wp-content\/uploads\/2026\/09\/GROENLANDIA-Dw.webp","type":"image\/webp"}],"author":"Jeanette","twitter_card":"summary_large_image","twitter_creator":"@eldiario_net","twitter_site":"@eldiario_net","twitter_misc":{"Escrito por":"Jeanette","Tiempo de lectura":"3 minutos"},"schema":{"@context":"https:\/\/schema.org","@graph":[{"@type":"Article","@id":"https:\/\/www.eldiario.net\/portal\/2026\/09\/05\/von-der-leyen-viajara-a-nuuk-luego-de-amenazas-de-trump-2\/#article","isPartOf":{"@id":"https:\/\/www.eldiario.net\/portal\/2026\/09\/05\/von-der-leyen-viajara-a-nuuk-luego-de-amenazas-de-trump-2\/"},"author":{"name":"Jeanette","@id":"https:\/\/www.eldiario.net\/portal\/#\/schema\/person\/2c57cf2b7a7ae032e449e4c9b1019eac"},"headline":"Von der Leyen viajar\u00e1 a Nuuk luego de amenazas de Trump","datePublished":"2026-09-05T05:48:09+00:00","mainEntityOfPage":{"@id":"https:\/\/www.eldiario.net\/portal\/2026\/09\/05\/von-der-leyen-viajara-a-nuuk-luego-de-amenazas-de-trump-2\/"},"wordCount":488,"publisher":{"@id":"https:\/\/www.eldiario.net\/portal\/#organization"},"image":{"@id":"https:\/\/www.eldiario.net\/portal\/2026\/09\/05\/von-der-leyen-viajara-a-nuuk-luego-de-amenazas-de-trump-2\/#primaryimage"},"thumbnailUrl":"https:\/\/www.eldiario.net\/portal\/wp-content\/uploads\/2026\/09\/GROENLANDIA-Dw.webp","articleSection":["Internacional"],"inLanguage":"es"},{"@type":"WebPage","@id":"https:\/\/www.eldiario.net\/portal\/2026\/09\/05\/von-der-leyen-viajara-a-nuuk-luego-de-amenazas-de-trump-2\/","url":"https:\/\/www.eldiario.net\/portal\/2026\/09\/05\/von-der-leyen-viajara-a-nuuk-luego-de-amenazas-de-trump-2\/","name":"Von der Leyen viajar\u00e1 a Nuuk luego de amenazas de Trump - El Diario - Bolivia","isPartOf":{"@id":"https:\/\/www.eldiario.net\/portal\/#website"},"primaryImageOfPage":{"@id":"https:\/\/www.eldiario.net\/portal\/2026\/09\/05\/von-der-leyen-viajara-a-nuuk-luego-de-amenazas-de-trump-2\/#primaryimage"},"image":{"@id":"https:\/\/www.eldiario.net\/portal\/2026\/09\/05\/von-der-leyen-viajara-a-nuuk-luego-de-amenazas-de-trump-2\/#primaryimage"},"thumbnailUrl":"https:\/\/www.eldiario.net\/portal\/wp-content\/uploads\/2026\/09\/GROENLANDIA-Dw.webp","datePublished":"2026-09-05T05:48:09+00:00","breadcrumb":{"@id":"https:\/\/www.eldiario.net\/portal\/2026\/09\/05\/von-der-leyen-viajara-a-nuuk-luego-de-amenazas-de-trump-2\/#breadcrumb"},"inLanguage":"es","potentialAction":[{"@type":"ReadAction","target":["https:\/\/www.eldiario.net\/portal\/2026\/09\/05\/von-der-leyen-viajara-a-nuuk-luego-de-amenazas-de-trump-2\/"]}]},{"@type":"ImageObject","inLanguage":"es","@id":"https:\/\/www.eldiario.net\/portal\/2026\/09\/05\/von-der-leyen-viajara-a-nuuk-luego-de-amenazas-de-trump-2\/#primaryimage","url":"https:\/\/www.eldiario.net\/portal\/wp-content\/uploads\/2026\/09\/GROENLANDIA-Dw.webp","contentUrl":"https:\/\/www.eldiario.net\/portal\/wp-content\/uploads\/2026\/09\/GROENLANDIA-Dw.webp","width":1199,"height":674,"caption":"La presidenta de la Comisi\u00f3n Europea, Ursula von der Leyen."},{"@type":"BreadcrumbList","@id":"https:\/\/www.eldiario.net\/portal\/2026\/09\/05\/von-der-leyen-viajara-a-nuuk-luego-de-amenazas-de-trump-2\/#breadcrumb","itemListElement":[{"@type":"ListItem","position":1,"name":"Portada","item":"https:\/\/www.eldiario.net\/portal\/"},{"@type":"ListItem","position":2,"name":"Von der Leyen viajar\u00e1 a Nuuk luego de amenazas de Trump"}]},{"@type":"WebSite","@id":"https:\/\/www.eldiario.net\/portal\/#website","url":"https:\/\/www.eldiario.net\/portal\/","name":"El Diario - Decano de la prensa nacional","description":"El Diario - Decano de la prensa nacional","publisher":{"@id":"https:\/\/www.eldiario.net\/portal\/#organization"},"potentialAction":[{"@type":"SearchAction","target":{"@type":"EntryPoint","urlTemplate":"https:\/\/www.eldiario.net\/portal\/?s={search_term_string}"},"query-input":{"@type":"PropertyValueSpecification","valueRequired":true,"valueName":"search_term_string"}}],"inLanguage":"es"},{"@type":"Organization","@id":"https:\/\/www.eldiario.net\/portal\/#organization","name":"El Diario - Decano de la prensa nacional","url":"https:\/\/www.eldiario.net\/portal\/","logo":{"@type":"ImageObject","inLanguage":"es","@id":"https:\/\/www.eldiario.net\/portal\/#\/schema\/logo\/image\/","url":"https:\/\/www.eldiario.net\/portal\/wp-content\/uploads\/2023\/07\/logo_ED.jpg","contentUrl":"https:\/\/www.eldiario.net\/portal\/wp-content\/uploads\/2023\/07\/logo_ED.jpg","width":272,"height":52,"caption":"El Diario - Decano de la prensa nacional"},"image":{"@id":"https:\/\/www.eldiario.net\/portal\/#\/schema\/logo\/image\/"},"sameAs":["https:\/\/www.facebook.com\/eldiario.bolivia\/","https:\/\/x.com\/eldiario_net"]},{"@type":"Person","@id":"https:\/\/www.eldiario.net\/portal\/#\/schema\/person\/2c57cf2b7a7ae032e449e4c9b1019eac","name":"Jeanette","image":{"@type":"ImageObject","inLanguage":"es","@id":"https:\/\/secure.gravatar.com\/avatar\/3ea2118a5f7dad2b7138b1187a6b7ee55f160b9968b66013c3a3ef39dd7e5798?s=96&d=mm&r=g","url":"https:\/\/secure.gravatar.com\/avatar\/3ea2118a5f7dad2b7138b1187a6b7ee55f160b9968b66013c3a3ef39dd7e5798?s=96&d=mm&r=g","contentUrl":"https:\/\/secure.gravatar.com\/avatar\/3ea2118a5f7dad2b7138b1187a6b7ee55f160b9968b66013c3a3ef39dd7e5798?s=96&d=mm&r=g","caption":"Jeanette"},"sameAs":["https:\/\/www.eldiario.net\/portal"],"url":"https:\/\/www.eldiario.net\/portal\/author\/jeanette\/"}]}},"_links":{"self":[{"href":"https:\/\/www.eldiario.net\/portal\/wp-json\/wp\/v2\/posts\/427873","targetHints":{"allow":["GET"]}}],"collection":[{"href":"https:\/\/www.eldiario.net\/portal\/wp-json\/wp\/v2\/posts"}],"about":[{"href":"https:\/\/www.eldiario.net\/portal\/wp-json\/wp\/v2\/types\/post"}],"author":[{"embeddable":true,"href":"https:\/\/www.eldiario.net\/portal\/wp-json\/wp\/v2\/users\/1"}],"replies":[{"embeddable":true,"href":"https:\/\/www.eldiario.net\/portal\/wp-json\/wp\/v2\/comments?post=427873"}],"version-history":[{"count":1,"href":"https:\/\/www.eldiario.net\/portal\/wp-json\/wp\/v2\/posts\/427873\/revisions"}],"predecessor-version":[{"id":427875,"href":"https:\/\/www.eldiario.net\/portal\/wp-json\/wp\/v2\/posts\/427873\/revisions\/427875"}],"wp:featuredmedia":[{"embeddable":true,"href":"https:\/\/www.eldiario.net\/portal\/wp-json\/wp\/v2\/media\/427874"}],"wp:attachment":[{"href":"https:\/\/www.eldiario.net\/portal\/wp-json\/wp\/v2\/media?parent=427873"}],"wp:term":[{"taxonomy":"category","embeddable":true,"href":"https:\/\/www.eldiario.net\/portal\/wp-json\/wp\/v2\/categories?post=427873"},{"taxonomy":"post_tag","embeddable":true,"href":"https:\/\/www.eldiario.net\/portal\/wp-json\/wp\/v2\/tags?post=427873"}],"curies":[{"name":"wp","href":"https:\/\/api.w.org\/{rel}","templated":true}]}}