{"id":427870,"date":"2026-09-05T01:47:25","date_gmt":"2026-09-05T05:47:25","guid":{"rendered":"https:\/\/www.eldiario.net\/portal\/?p=427870"},"modified":"2026-09-04T22:47:58","modified_gmt":"2026-09-05T02:47:58","slug":"onu-adopta-nuevo-mapa-de-africa-con-tamano-real","status":"publish","type":"post","link":"https:\/\/www.eldiario.net\/portal\/2026\/09\/05\/onu-adopta-nuevo-mapa-de-africa-con-tamano-real\/","title":{"rendered":"ONU adopta nuevo mapa  de \u00c1frica con tama\u00f1o real"},"content":{"rendered":"<p>Las Naciones Unidas votaron a favor de adoptar una resoluci\u00f3n para que el mundo elimine gradualmente el mapa tradicional de Mercator y lo sustituya por uno que muestre con mayor precisi\u00f3n el tama\u00f1o de \u00c1frica.<br \/>\nEn una sesi\u00f3n celebrada en su sede de Nueva York, la Asamblea General de la ONU retir\u00f3 oficialmente la proyecci\u00f3n de Mercator del siglo XVI en favor de una basada en el dise\u00f1o m\u00e1s preciso de la Tierra Igual de 2018.<br \/>\nEn la sesi\u00f3n, 164 pa\u00edses votaron a favor de la resoluci\u00f3n. Solo Estados Unidos vot\u00f3 en contra, y su representante afirm\u00f3 que la resoluci\u00f3n era \u00absuperflua\u00bb. Hubo seis abstenciones.<br \/>\nLas resoluciones de la ONU no son vinculantes, por lo que los pa\u00edses e instituciones no estar\u00e1n obligados a usar exclusivamente la nueva proyecci\u00f3n ni se les prohibir\u00e1 usar la anterior. Sin embargo, se espera que, dado el amplio uso de la proyecci\u00f3n de Mercator en la educaci\u00f3n, la tecnolog\u00eda y la gobernanza, se actualicen los planes de estudio y la tecnolog\u00eda cotidiana.<br \/>\nTogo, que encabez\u00f3 una campa\u00f1a a favor de la resoluci\u00f3n en nombre de la Uni\u00f3n Africana, afirm\u00f3 que la resoluci\u00f3n \u201creconoce y afirma que las representaciones cartogr\u00e1ficas desproporcionadas, en particular las resultantes de la proyecci\u00f3n de Mercator, tuvieron efectos cognitivos, educativos, culturales, geopol\u00edticos y socioecon\u00f3micos duraderos, contribuyendo a una dr\u00e1stica reducci\u00f3n del tama\u00f1o percibido de \u00c1frica y otras regiones del mundo en el imaginario colectivo global\u201d.<br \/>\nAntes de que se aprobara la resoluci\u00f3n, Robert Dussey, ministro de Asuntos Exteriores de Togo, declar\u00f3: \u201cEste debate no es pol\u00edtico, sino cient\u00edfico, porque existen pruebas cient\u00edficas y todos debemos aceptar la realidad\u201d.<br \/>\nEl sistema de coordenadas Mercator fue introducido por el cart\u00f3grafo flamenco Gerardus Mercator en 1569 para ayudar a los marineros a navegar por los mares. Casi cinco siglos despu\u00e9s, sigue siendo el est\u00e1ndar mundial.<br \/>\nDebido a su estilo de proyecci\u00f3n, las regiones cercanas al ecuador aparecen mucho m\u00e1s peque\u00f1as de lo que son en realidad, mientras que las zonas de latitudes altas se ven mucho m\u00e1s grandes.<br \/>\nPor ejemplo, el mapa muestra \u00c1frica con un tama\u00f1o similar al de Groenlandia, pero el continente es 14 veces m\u00e1s grande que el territorio dan\u00e9s.<br \/>\n\u201cEn \u00c1frica cabr\u00edan Estados Unidos, China, India, Jap\u00f3n, M\u00e9xico y gran parte de Europa, y a\u00fan sobrar\u00eda territorio\u201d, afirma una petici\u00f3n en Change.org para la campa\u00f1a #CorrectTheMap, que cuenta con m\u00e1s de 11.000 firmas. La Uni\u00f3n Africana respald\u00f3 la campa\u00f1a en agosto de 2025 y posteriormente solicit\u00f3 a Togo que liderara su adopci\u00f3n. (The Guardian)<\/p>\n","protected":false},"excerpt":{"rendered":"<p>Las Naciones Unidas votaron a favor de adoptar una resoluci\u00f3n para que el mundo elimine gradualmente el mapa tradicional de Mercator y lo sustituya por uno que muestre con mayor precisi\u00f3n el tama\u00f1o de \u00c1frica. En una sesi\u00f3n celebrada en su sede de Nueva York, la Asamblea General de la ONU retir\u00f3 oficialmente la proyecci\u00f3n [&hellip;]<\/p>\n","protected":false},"author":1,"featured_media":427871,"comment_status":"closed","ping_status":"open","sticky":false,"template":"","format":"standard","meta":{"_acf_changed":false,"footnotes":""},"categories":[3],"tags":[],"class_list":["post-427870","post","type-post","status-publish","format-standard","has-post-thumbnail","category-internacional"],"acf":{"antetitulo":""},"yoast_head":"<!-- This site is optimized with the Yoast SEO plugin v28.4 - https:\/\/yoast.com\/product\/yoast-seo-wordpress\/ -->\n<title>ONU adopta nuevo mapa de \u00c1frica con tama\u00f1o real - El Diario - Bolivia<\/title>\n<meta name=\"robots\" content=\"index, follow, max-snippet:-1, max-image-preview:large, max-video-preview:-1\" \/>\n<link rel=\"canonical\" href=\"https:\/\/www.eldiario.net\/portal\/2026\/09\/05\/onu-adopta-nuevo-mapa-de-africa-con-tamano-real\/\" \/>\n<meta property=\"og:locale\" content=\"es_ES\" \/>\n<meta property=\"og:type\" content=\"article\" \/>\n<meta property=\"og:title\" content=\"ONU adopta nuevo mapa de \u00c1frica con tama\u00f1o real - El Diario - Bolivia\" \/>\n<meta property=\"og:description\" content=\"Las Naciones Unidas votaron a favor de adoptar una resoluci\u00f3n para que el mundo elimine gradualmente el mapa tradicional de Mercator y lo sustituya por uno que muestre con mayor precisi\u00f3n el tama\u00f1o de \u00c1frica. En una sesi\u00f3n celebrada en su sede de Nueva York, la Asamblea General de la ONU retir\u00f3 oficialmente la proyecci\u00f3n [&hellip;]\" \/>\n<meta property=\"og:url\" content=\"https:\/\/www.eldiario.net\/portal\/2026\/09\/05\/onu-adopta-nuevo-mapa-de-africa-con-tamano-real\/\" \/>\n<meta property=\"og:site_name\" content=\"El Diario - Bolivia\" \/>\n<meta property=\"article:publisher\" content=\"https:\/\/www.facebook.com\/eldiario.bolivia\/\" \/>\n<meta property=\"article:published_time\" content=\"2026-09-05T05:47:25+00:00\" \/>\n<meta property=\"og:image\" content=\"https:\/\/www.eldiario.net\/portal\/wp-content\/uploads\/2026\/09\/MAPA-Getty-Images.webp\" \/>\n\t<meta property=\"og:image:width\" content=\"816\" \/>\n\t<meta property=\"og:image:height\" content=\"653\" \/>\n\t<meta property=\"og:image:type\" content=\"image\/webp\" \/>\n<meta name=\"author\" content=\"Jeanette\" \/>\n<meta name=\"twitter:card\" content=\"summary_large_image\" \/>\n<meta name=\"twitter:creator\" content=\"@eldiario_net\" \/>\n<meta name=\"twitter:site\" content=\"@eldiario_net\" \/>\n<meta name=\"twitter:label1\" content=\"Escrito por\" \/>\n\t<meta name=\"twitter:data1\" content=\"Jeanette\" \/>\n\t<meta name=\"twitter:label2\" content=\"Tiempo de lectura\" \/>\n\t<meta name=\"twitter:data2\" content=\"3 minutos\" \/>\n<script type=\"application\/ld+json\" class=\"yoast-schema-graph\">{\"@context\":\"https:\\\/\\\/schema.org\",\"@graph\":[{\"@type\":\"Article\",\"@id\":\"https:\\\/\\\/www.eldiario.net\\\/portal\\\/2026\\\/09\\\/05\\\/onu-adopta-nuevo-mapa-de-africa-con-tamano-real\\\/#article\",\"isPartOf\":{\"@id\":\"https:\\\/\\\/www.eldiario.net\\\/portal\\\/2026\\\/09\\\/05\\\/onu-adopta-nuevo-mapa-de-africa-con-tamano-real\\\/\"},\"author\":{\"name\":\"Jeanette\",\"@id\":\"https:\\\/\\\/www.eldiario.net\\\/portal\\\/#\\\/schema\\\/person\\\/2c57cf2b7a7ae032e449e4c9b1019eac\"},\"headline\":\"ONU adopta nuevo mapa de \u00c1frica con tama\u00f1o real\",\"datePublished\":\"2026-09-05T05:47:25+00:00\",\"mainEntityOfPage\":{\"@id\":\"https:\\\/\\\/www.eldiario.net\\\/portal\\\/2026\\\/09\\\/05\\\/onu-adopta-nuevo-mapa-de-africa-con-tamano-real\\\/\"},\"wordCount\":473,\"publisher\":{\"@id\":\"https:\\\/\\\/www.eldiario.net\\\/portal\\\/#organization\"},\"image\":{\"@id\":\"https:\\\/\\\/www.eldiario.net\\\/portal\\\/2026\\\/09\\\/05\\\/onu-adopta-nuevo-mapa-de-africa-con-tamano-real\\\/#primaryimage\"},\"thumbnailUrl\":\"https:\\\/\\\/www.eldiario.net\\\/portal\\\/wp-content\\\/uploads\\\/2026\\\/09\\\/MAPA-Getty-Images.webp\",\"articleSection\":[\"Internacional\"],\"inLanguage\":\"es\"},{\"@type\":\"WebPage\",\"@id\":\"https:\\\/\\\/www.eldiario.net\\\/portal\\\/2026\\\/09\\\/05\\\/onu-adopta-nuevo-mapa-de-africa-con-tamano-real\\\/\",\"url\":\"https:\\\/\\\/www.eldiario.net\\\/portal\\\/2026\\\/09\\\/05\\\/onu-adopta-nuevo-mapa-de-africa-con-tamano-real\\\/\",\"name\":\"ONU adopta nuevo mapa de \u00c1frica con tama\u00f1o real - El Diario - Bolivia\",\"isPartOf\":{\"@id\":\"https:\\\/\\\/www.eldiario.net\\\/portal\\\/#website\"},\"primaryImageOfPage\":{\"@id\":\"https:\\\/\\\/www.eldiario.net\\\/portal\\\/2026\\\/09\\\/05\\\/onu-adopta-nuevo-mapa-de-africa-con-tamano-real\\\/#primaryimage\"},\"image\":{\"@id\":\"https:\\\/\\\/www.eldiario.net\\\/portal\\\/2026\\\/09\\\/05\\\/onu-adopta-nuevo-mapa-de-africa-con-tamano-real\\\/#primaryimage\"},\"thumbnailUrl\":\"https:\\\/\\\/www.eldiario.net\\\/portal\\\/wp-content\\\/uploads\\\/2026\\\/09\\\/MAPA-Getty-Images.webp\",\"datePublished\":\"2026-09-05T05:47:25+00:00\",\"breadcrumb\":{\"@id\":\"https:\\\/\\\/www.eldiario.net\\\/portal\\\/2026\\\/09\\\/05\\\/onu-adopta-nuevo-mapa-de-africa-con-tamano-real\\\/#breadcrumb\"},\"inLanguage\":\"es\",\"potentialAction\":[{\"@type\":\"ReadAction\",\"target\":[\"https:\\\/\\\/www.eldiario.net\\\/portal\\\/2026\\\/09\\\/05\\\/onu-adopta-nuevo-mapa-de-africa-con-tamano-real\\\/\"]}]},{\"@type\":\"ImageObject\",\"inLanguage\":\"es\",\"@id\":\"https:\\\/\\\/www.eldiario.net\\\/portal\\\/2026\\\/09\\\/05\\\/onu-adopta-nuevo-mapa-de-africa-con-tamano-real\\\/#primaryimage\",\"url\":\"https:\\\/\\\/www.eldiario.net\\\/portal\\\/wp-content\\\/uploads\\\/2026\\\/09\\\/MAPA-Getty-Images.webp\",\"contentUrl\":\"https:\\\/\\\/www.eldiario.net\\\/portal\\\/wp-content\\\/uploads\\\/2026\\\/09\\\/MAPA-Getty-Images.webp\",\"width\":816,\"height\":653,\"caption\":\"\u00c1frica en mapa mundial tradicional en proyecci\u00f3n de Mercator y en el mapa Equal Earth de 2018.\"},{\"@type\":\"BreadcrumbList\",\"@id\":\"https:\\\/\\\/www.eldiario.net\\\/portal\\\/2026\\\/09\\\/05\\\/onu-adopta-nuevo-mapa-de-africa-con-tamano-real\\\/#breadcrumb\",\"itemListElement\":[{\"@type\":\"ListItem\",\"position\":1,\"name\":\"Portada\",\"item\":\"https:\\\/\\\/www.eldiario.net\\\/portal\\\/\"},{\"@type\":\"ListItem\",\"position\":2,\"name\":\"ONU adopta nuevo mapa de \u00c1frica con tama\u00f1o real\"}]},{\"@type\":\"WebSite\",\"@id\":\"https:\\\/\\\/www.eldiario.net\\\/portal\\\/#website\",\"url\":\"https:\\\/\\\/www.eldiario.net\\\/portal\\\/\",\"name\":\"El Diario - Decano de la prensa nacional\",\"description\":\"El Diario - Decano de la prensa nacional\",\"publisher\":{\"@id\":\"https:\\\/\\\/www.eldiario.net\\\/portal\\\/#organization\"},\"potentialAction\":[{\"@type\":\"SearchAction\",\"target\":{\"@type\":\"EntryPoint\",\"urlTemplate\":\"https:\\\/\\\/www.eldiario.net\\\/portal\\\/?s={search_term_string}\"},\"query-input\":{\"@type\":\"PropertyValueSpecification\",\"valueRequired\":true,\"valueName\":\"search_term_string\"}}],\"inLanguage\":\"es\"},{\"@type\":\"Organization\",\"@id\":\"https:\\\/\\\/www.eldiario.net\\\/portal\\\/#organization\",\"name\":\"El Diario - Decano de la prensa nacional\",\"url\":\"https:\\\/\\\/www.eldiario.net\\\/portal\\\/\",\"logo\":{\"@type\":\"ImageObject\",\"inLanguage\":\"es\",\"@id\":\"https:\\\/\\\/www.eldiario.net\\\/portal\\\/#\\\/schema\\\/logo\\\/image\\\/\",\"url\":\"https:\\\/\\\/www.eldiario.net\\\/portal\\\/wp-content\\\/uploads\\\/2023\\\/07\\\/logo_ED.jpg\",\"contentUrl\":\"https:\\\/\\\/www.eldiario.net\\\/portal\\\/wp-content\\\/uploads\\\/2023\\\/07\\\/logo_ED.jpg\",\"width\":272,\"height\":52,\"caption\":\"El Diario - Decano de la prensa nacional\"},\"image\":{\"@id\":\"https:\\\/\\\/www.eldiario.net\\\/portal\\\/#\\\/schema\\\/logo\\\/image\\\/\"},\"sameAs\":[\"https:\\\/\\\/www.facebook.com\\\/eldiario.bolivia\\\/\",\"https:\\\/\\\/x.com\\\/eldiario_net\"]},{\"@type\":\"Person\",\"@id\":\"https:\\\/\\\/www.eldiario.net\\\/portal\\\/#\\\/schema\\\/person\\\/2c57cf2b7a7ae032e449e4c9b1019eac\",\"name\":\"Jeanette\",\"image\":{\"@type\":\"ImageObject\",\"inLanguage\":\"es\",\"@id\":\"https:\\\/\\\/secure.gravatar.com\\\/avatar\\\/3ea2118a5f7dad2b7138b1187a6b7ee55f160b9968b66013c3a3ef39dd7e5798?s=96&d=mm&r=g\",\"url\":\"https:\\\/\\\/secure.gravatar.com\\\/avatar\\\/3ea2118a5f7dad2b7138b1187a6b7ee55f160b9968b66013c3a3ef39dd7e5798?s=96&d=mm&r=g\",\"contentUrl\":\"https:\\\/\\\/secure.gravatar.com\\\/avatar\\\/3ea2118a5f7dad2b7138b1187a6b7ee55f160b9968b66013c3a3ef39dd7e5798?s=96&d=mm&r=g\",\"caption\":\"Jeanette\"},\"sameAs\":[\"https:\\\/\\\/www.eldiario.net\\\/portal\"],\"url\":\"https:\\\/\\\/www.eldiario.net\\\/portal\\\/author\\\/jeanette\\\/\"}]}<\/script>\n<!-- \/ Yoast SEO plugin. -->","yoast_head_json":{"title":"ONU adopta nuevo mapa de \u00c1frica con tama\u00f1o real - El Diario - Bolivia","robots":{"index":"index","follow":"follow","max-snippet":"max-snippet:-1","max-image-preview":"max-image-preview:large","max-video-preview":"max-video-preview:-1"},"canonical":"https:\/\/www.eldiario.net\/portal\/2026\/09\/05\/onu-adopta-nuevo-mapa-de-africa-con-tamano-real\/","og_locale":"es_ES","og_type":"article","og_title":"ONU adopta nuevo mapa de \u00c1frica con tama\u00f1o real - El Diario - Bolivia","og_description":"Las Naciones Unidas votaron a favor de adoptar una resoluci\u00f3n para que el mundo elimine gradualmente el mapa tradicional de Mercator y lo sustituya por uno que muestre con mayor precisi\u00f3n el tama\u00f1o de \u00c1frica. En una sesi\u00f3n celebrada en su sede de Nueva York, la Asamblea General de la ONU retir\u00f3 oficialmente la proyecci\u00f3n [&hellip;]","og_url":"https:\/\/www.eldiario.net\/portal\/2026\/09\/05\/onu-adopta-nuevo-mapa-de-africa-con-tamano-real\/","og_site_name":"El Diario - Bolivia","article_publisher":"https:\/\/www.facebook.com\/eldiario.bolivia\/","article_published_time":"2026-09-05T05:47:25+00:00","og_image":[{"width":816,"height":653,"url":"https:\/\/www.eldiario.net\/portal\/wp-content\/uploads\/2026\/09\/MAPA-Getty-Images.webp","type":"image\/webp"}],"author":"Jeanette","twitter_card":"summary_large_image","twitter_creator":"@eldiario_net","twitter_site":"@eldiario_net","twitter_misc":{"Escrito por":"Jeanette","Tiempo de lectura":"3 minutos"},"schema":{"@context":"https:\/\/schema.org","@graph":[{"@type":"Article","@id":"https:\/\/www.eldiario.net\/portal\/2026\/09\/05\/onu-adopta-nuevo-mapa-de-africa-con-tamano-real\/#article","isPartOf":{"@id":"https:\/\/www.eldiario.net\/portal\/2026\/09\/05\/onu-adopta-nuevo-mapa-de-africa-con-tamano-real\/"},"author":{"name":"Jeanette","@id":"https:\/\/www.eldiario.net\/portal\/#\/schema\/person\/2c57cf2b7a7ae032e449e4c9b1019eac"},"headline":"ONU adopta nuevo mapa de \u00c1frica con tama\u00f1o real","datePublished":"2026-09-05T05:47:25+00:00","mainEntityOfPage":{"@id":"https:\/\/www.eldiario.net\/portal\/2026\/09\/05\/onu-adopta-nuevo-mapa-de-africa-con-tamano-real\/"},"wordCount":473,"publisher":{"@id":"https:\/\/www.eldiario.net\/portal\/#organization"},"image":{"@id":"https:\/\/www.eldiario.net\/portal\/2026\/09\/05\/onu-adopta-nuevo-mapa-de-africa-con-tamano-real\/#primaryimage"},"thumbnailUrl":"https:\/\/www.eldiario.net\/portal\/wp-content\/uploads\/2026\/09\/MAPA-Getty-Images.webp","articleSection":["Internacional"],"inLanguage":"es"},{"@type":"WebPage","@id":"https:\/\/www.eldiario.net\/portal\/2026\/09\/05\/onu-adopta-nuevo-mapa-de-africa-con-tamano-real\/","url":"https:\/\/www.eldiario.net\/portal\/2026\/09\/05\/onu-adopta-nuevo-mapa-de-africa-con-tamano-real\/","name":"ONU adopta nuevo mapa de \u00c1frica con tama\u00f1o real - El Diario - Bolivia","isPartOf":{"@id":"https:\/\/www.eldiario.net\/portal\/#website"},"primaryImageOfPage":{"@id":"https:\/\/www.eldiario.net\/portal\/2026\/09\/05\/onu-adopta-nuevo-mapa-de-africa-con-tamano-real\/#primaryimage"},"image":{"@id":"https:\/\/www.eldiario.net\/portal\/2026\/09\/05\/onu-adopta-nuevo-mapa-de-africa-con-tamano-real\/#primaryimage"},"thumbnailUrl":"https:\/\/www.eldiario.net\/portal\/wp-content\/uploads\/2026\/09\/MAPA-Getty-Images.webp","datePublished":"2026-09-05T05:47:25+00:00","breadcrumb":{"@id":"https:\/\/www.eldiario.net\/portal\/2026\/09\/05\/onu-adopta-nuevo-mapa-de-africa-con-tamano-real\/#breadcrumb"},"inLanguage":"es","potentialAction":[{"@type":"ReadAction","target":["https:\/\/www.eldiario.net\/portal\/2026\/09\/05\/onu-adopta-nuevo-mapa-de-africa-con-tamano-real\/"]}]},{"@type":"ImageObject","inLanguage":"es","@id":"https:\/\/www.eldiario.net\/portal\/2026\/09\/05\/onu-adopta-nuevo-mapa-de-africa-con-tamano-real\/#primaryimage","url":"https:\/\/www.eldiario.net\/portal\/wp-content\/uploads\/2026\/09\/MAPA-Getty-Images.webp","contentUrl":"https:\/\/www.eldiario.net\/portal\/wp-content\/uploads\/2026\/09\/MAPA-Getty-Images.webp","width":816,"height":653,"caption":"\u00c1frica en mapa mundial tradicional en proyecci\u00f3n de Mercator y en el mapa Equal Earth de 2018."},{"@type":"BreadcrumbList","@id":"https:\/\/www.eldiario.net\/portal\/2026\/09\/05\/onu-adopta-nuevo-mapa-de-africa-con-tamano-real\/#breadcrumb","itemListElement":[{"@type":"ListItem","position":1,"name":"Portada","item":"https:\/\/www.eldiario.net\/portal\/"},{"@type":"ListItem","position":2,"name":"ONU adopta nuevo mapa de \u00c1frica con tama\u00f1o real"}]},{"@type":"WebSite","@id":"https:\/\/www.eldiario.net\/portal\/#website","url":"https:\/\/www.eldiario.net\/portal\/","name":"El Diario - Decano de la prensa nacional","description":"El Diario - Decano de la prensa nacional","publisher":{"@id":"https:\/\/www.eldiario.net\/portal\/#organization"},"potentialAction":[{"@type":"SearchAction","target":{"@type":"EntryPoint","urlTemplate":"https:\/\/www.eldiario.net\/portal\/?s={search_term_string}"},"query-input":{"@type":"PropertyValueSpecification","valueRequired":true,"valueName":"search_term_string"}}],"inLanguage":"es"},{"@type":"Organization","@id":"https:\/\/www.eldiario.net\/portal\/#organization","name":"El Diario - Decano de la prensa nacional","url":"https:\/\/www.eldiario.net\/portal\/","logo":{"@type":"ImageObject","inLanguage":"es","@id":"https:\/\/www.eldiario.net\/portal\/#\/schema\/logo\/image\/","url":"https:\/\/www.eldiario.net\/portal\/wp-content\/uploads\/2023\/07\/logo_ED.jpg","contentUrl":"https:\/\/www.eldiario.net\/portal\/wp-content\/uploads\/2023\/07\/logo_ED.jpg","width":272,"height":52,"caption":"El Diario - Decano de la prensa nacional"},"image":{"@id":"https:\/\/www.eldiario.net\/portal\/#\/schema\/logo\/image\/"},"sameAs":["https:\/\/www.facebook.com\/eldiario.bolivia\/","https:\/\/x.com\/eldiario_net"]},{"@type":"Person","@id":"https:\/\/www.eldiario.net\/portal\/#\/schema\/person\/2c57cf2b7a7ae032e449e4c9b1019eac","name":"Jeanette","image":{"@type":"ImageObject","inLanguage":"es","@id":"https:\/\/secure.gravatar.com\/avatar\/3ea2118a5f7dad2b7138b1187a6b7ee55f160b9968b66013c3a3ef39dd7e5798?s=96&d=mm&r=g","url":"https:\/\/secure.gravatar.com\/avatar\/3ea2118a5f7dad2b7138b1187a6b7ee55f160b9968b66013c3a3ef39dd7e5798?s=96&d=mm&r=g","contentUrl":"https:\/\/secure.gravatar.com\/avatar\/3ea2118a5f7dad2b7138b1187a6b7ee55f160b9968b66013c3a3ef39dd7e5798?s=96&d=mm&r=g","caption":"Jeanette"},"sameAs":["https:\/\/www.eldiario.net\/portal"],"url":"https:\/\/www.eldiario.net\/portal\/author\/jeanette\/"}]}},"_links":{"self":[{"href":"https:\/\/www.eldiario.net\/portal\/wp-json\/wp\/v2\/posts\/427870","targetHints":{"allow":["GET"]}}],"collection":[{"href":"https:\/\/www.eldiario.net\/portal\/wp-json\/wp\/v2\/posts"}],"about":[{"href":"https:\/\/www.eldiario.net\/portal\/wp-json\/wp\/v2\/types\/post"}],"author":[{"embeddable":true,"href":"https:\/\/www.eldiario.net\/portal\/wp-json\/wp\/v2\/users\/1"}],"replies":[{"embeddable":true,"href":"https:\/\/www.eldiario.net\/portal\/wp-json\/wp\/v2\/comments?post=427870"}],"version-history":[{"count":1,"href":"https:\/\/www.eldiario.net\/portal\/wp-json\/wp\/v2\/posts\/427870\/revisions"}],"predecessor-version":[{"id":427872,"href":"https:\/\/www.eldiario.net\/portal\/wp-json\/wp\/v2\/posts\/427870\/revisions\/427872"}],"wp:featuredmedia":[{"embeddable":true,"href":"https:\/\/www.eldiario.net\/portal\/wp-json\/wp\/v2\/media\/427871"}],"wp:attachment":[{"href":"https:\/\/www.eldiario.net\/portal\/wp-json\/wp\/v2\/media?parent=427870"}],"wp:term":[{"taxonomy":"category","embeddable":true,"href":"https:\/\/www.eldiario.net\/portal\/wp-json\/wp\/v2\/categories?post=427870"},{"taxonomy":"post_tag","embeddable":true,"href":"https:\/\/www.eldiario.net\/portal\/wp-json\/wp\/v2\/tags?post=427870"}],"curies":[{"name":"wp","href":"https:\/\/api.w.org\/{rel}","templated":true}]}}