{"id":427864,"date":"2026-09-05T00:41:23","date_gmt":"2026-09-05T04:41:23","guid":{"rendered":"https:\/\/www.eldiario.net\/portal\/?p=427864"},"modified":"2026-09-04T22:43:18","modified_gmt":"2026-09-05T02:43:18","slug":"bolivia-con-nota-destacada-en-el-mundial-de-corea","status":"publish","type":"post","link":"https:\/\/www.eldiario.net\/portal\/2026\/09\/05\/bolivia-con-nota-destacada-en-el-mundial-de-corea\/","title":{"rendered":"BOLIVIA CON NOTA DESTACADA EN EL  MUNDIAL DE COREA"},"content":{"rendered":"<p>Bolivia tuvo una actuaci\u00f3n relevante en la 26 edici\u00f3n del Mundial M\u00e1ster de Atletismo realizado en Corea del Sur, entre el 22 de agosto y 3 de septiembre.<br \/>\nLa ciudad sudoriental de Daegu fue sede de esta competici\u00f3n internacional de atletismo para deportistas veteranos, con la participaci\u00f3n de antiguos campeones ol\u00edmpicos y plusmarquistas de 35 a\u00f1os o m\u00e1s.<br \/>\nBolivia tuvo una digna representaci\u00f3n, Andrea Tomich\u00e1, Julia Rodr\u00edguez, Tania Taboada, Josefina Rea levantaron la tricolor nacional en el evento mundial y con buenos auspicios.<br \/>\nSin lugar a dudas, Tomich\u00e1, oriunda de Warnes, Santa Cruz, fue de las m\u00e1s destacadas, porque en la prueba de 1.500 metros planos, pele\u00f3 los primeros lugares hasta ubicarse finalmente en el quinto puesto.<br \/>\n\u201cEstoy orgullosa de estar en el top 5 del mundo, Bolivia no qued\u00f3 desapercibida de estar en este campeonato sin embargo necesitamos mucho apoyo para tener atletas de primer nivel y para hacer eso tenemos que trabajar mucho, tanto en los campos deportivos como con los entrenadores y preparadores que sepan del deporte\u201d, afirm\u00f3 antes de partir de retorno al pa\u00eds, Andrea Tomich\u00e1.<br \/>\nAdem\u00e1s, en la posta 4\u00d7100 metros, el pa\u00eds particip\u00f3 por primera vez en esta prueba mundialista, dentro de la categor\u00eda de 40 a\u00f1os y las nacionales completaron la misma con un tiempo de 1\u201907\u201d07, resultado que les permiti\u00f3 ocupar el octavo lugar.<br \/>\nEl equipo boliviano estuvo integrado por Andrea Tomich\u00e1 (40 a\u00f1os), Julia Rodr\u00edguez (50), Tania Taboada (55) y Josefina Corina Rea (65).<br \/>\n\u201cA pesar de todo, con pocos recursos tanto econ\u00f3micos y de instrumentaci\u00f3n deportiva cumplimos, los atletas no venimos a hacer turismo cuando nos toca competir, nos quedamos a veces sin almorzar para esperar nuestra pruebas, por ello me siento muy orgullosa de representar a mi amada Bolivia, que esto no sea el final si no el comienzo de nuevas generaciones, vamos adelante Warnes y Bolivia, gracias a todos por el apoyo, especialmente a mis hijos, a mi esposo quienes me alentaban desde la distancia\u201d, concluy\u00f3 emocionada Tomich\u00e1.<br \/>\nTania Taboada, quien logr\u00f3 clasificarse a la final de los 800 metros, categor\u00eda 55-59 a\u00f1os, tuvo una actuaci\u00f3n relevante, porque la termin\u00f3 en el quinto lugar, con un tiempo de 2\u201951\u201d70.<br \/>\nCorina Rea tambi\u00e9n tuvo una destacada actuaci\u00f3n para Bolivia al finalizar en el cuarto lugar de la categor\u00eda 65-69 a\u00f1os en lanzamiento de jabalina, con 25,95 metros.<\/p>\n<p>\u201cCONTENTA Y ORGULLOSA DE ESTAR PRESENTES EN EL MUNDIAL DE ATLETISMO M\u00c1STER DEL MUNDO, COMPETIR CON LAS MUJERES M\u00c1S VELOCES DEL MUNDO, NO LO HICIMOS MAL\u201d. Andrea Tomich\u00e1 ATLETA<\/p>\n<p>11.176 atletas y sus acompa\u00f1antes, de 106 pa\u00edses compitieron en 17 pruebas de pista, 11 pruebas de campo y seis carreras en ruta.<\/p>\n<p>DATOS NUM\u00c9RICOS<\/p>\n<p>106 A\u00f1os tiene el atleta tailand\u00e9s Sawang Janpram, quien fue el participante de mayor edad, compiti\u00f3 en lanzamiento de disco y lanzamiento de jabalina.<\/p>\n<p>1.200 Voluntarios fueron reclutados por la organizaci\u00f3n para ayudar a los atletas y representantes extranjeros durante las dos semanas del evento.<\/p>\n<figure id=\"attachment_427866\" aria-describedby=\"caption-attachment-427866\" style=\"width: 1200px\" class=\"wp-caption aligncenter\"><img loading=\"lazy\" decoding=\"async\" class=\"size-full wp-image-427866\" src=\"https:\/\/www.eldiario.net\/portal\/wp-content\/uploads\/2026\/09\/Bola.webp\" alt=\"\" width=\"1200\" height=\"675\" srcset=\"https:\/\/www.eldiario.net\/portal\/wp-content\/uploads\/2026\/09\/Bola.webp 1200w, https:\/\/www.eldiario.net\/portal\/wp-content\/uploads\/2026\/09\/Bola-300x169.webp 300w, https:\/\/www.eldiario.net\/portal\/wp-content\/uploads\/2026\/09\/Bola-1024x576.webp 1024w, https:\/\/www.eldiario.net\/portal\/wp-content\/uploads\/2026\/09\/Bola-768x432.webp 768w, https:\/\/www.eldiario.net\/portal\/wp-content\/uploads\/2026\/09\/Bola-747x420.webp 747w, https:\/\/www.eldiario.net\/portal\/wp-content\/uploads\/2026\/09\/Bola-150x84.webp 150w, https:\/\/www.eldiario.net\/portal\/wp-content\/uploads\/2026\/09\/Bola-696x392.webp 696w, https:\/\/www.eldiario.net\/portal\/wp-content\/uploads\/2026\/09\/Bola-1068x601.webp 1068w\" sizes=\"auto, (max-width: 1200px) 100vw, 1200px\" \/><figcaption id=\"caption-attachment-427866\" class=\"wp-caption-text\">Tomich\u00e1 junto a sus contrincantes y la tricolor nacional.<\/figcaption><\/figure>\n","protected":false},"excerpt":{"rendered":"<p>Bolivia tuvo una actuaci\u00f3n relevante en la 26 edici\u00f3n del Mundial M\u00e1ster de Atletismo realizado en Corea del Sur, entre el 22 de agosto y 3 de septiembre. La ciudad sudoriental de Daegu fue sede de esta competici\u00f3n internacional de atletismo para deportistas veteranos, con la participaci\u00f3n de antiguos campeones ol\u00edmpicos y plusmarquistas de 35 [&hellip;]<\/p>\n","protected":false},"author":1,"featured_media":427865,"comment_status":"closed","ping_status":"open","sticky":false,"template":"","format":"standard","meta":{"_acf_changed":false,"footnotes":""},"categories":[6],"tags":[],"class_list":["post-427864","post","type-post","status-publish","format-standard","has-post-thumbnail","category-deportes"],"acf":{"antetitulo":""},"yoast_head":"<!-- This site is optimized with the Yoast SEO plugin v28.4 - https:\/\/yoast.com\/product\/yoast-seo-wordpress\/ -->\n<title>BOLIVIA CON NOTA DESTACADA EN EL MUNDIAL DE COREA - El Diario - Bolivia<\/title>\n<meta name=\"robots\" content=\"index, follow, max-snippet:-1, max-image-preview:large, max-video-preview:-1\" \/>\n<link rel=\"canonical\" href=\"https:\/\/www.eldiario.net\/portal\/2026\/09\/05\/bolivia-con-nota-destacada-en-el-mundial-de-corea\/\" \/>\n<meta property=\"og:locale\" content=\"es_ES\" \/>\n<meta property=\"og:type\" content=\"article\" \/>\n<meta property=\"og:title\" content=\"BOLIVIA CON NOTA DESTACADA EN EL MUNDIAL DE COREA - El Diario - Bolivia\" \/>\n<meta property=\"og:description\" content=\"Bolivia tuvo una actuaci\u00f3n relevante en la 26 edici\u00f3n del Mundial M\u00e1ster de Atletismo realizado en Corea del Sur, entre el 22 de agosto y 3 de septiembre. La ciudad sudoriental de Daegu fue sede de esta competici\u00f3n internacional de atletismo para deportistas veteranos, con la participaci\u00f3n de antiguos campeones ol\u00edmpicos y plusmarquistas de 35 [&hellip;]\" \/>\n<meta property=\"og:url\" content=\"https:\/\/www.eldiario.net\/portal\/2026\/09\/05\/bolivia-con-nota-destacada-en-el-mundial-de-corea\/\" \/>\n<meta property=\"og:site_name\" content=\"El Diario - Bolivia\" \/>\n<meta property=\"article:publisher\" content=\"https:\/\/www.facebook.com\/eldiario.bolivia\/\" \/>\n<meta property=\"article:published_time\" content=\"2026-09-05T04:41:23+00:00\" \/>\n<meta property=\"og:image\" content=\"https:\/\/www.eldiario.net\/portal\/wp-content\/uploads\/2026\/09\/Principal-1.webp\" \/>\n\t<meta property=\"og:image:width\" content=\"1280\" \/>\n\t<meta property=\"og:image:height\" content=\"573\" \/>\n\t<meta property=\"og:image:type\" content=\"image\/webp\" \/>\n<meta name=\"author\" content=\"Jeanette\" \/>\n<meta name=\"twitter:card\" content=\"summary_large_image\" \/>\n<meta name=\"twitter:creator\" content=\"@eldiario_net\" \/>\n<meta name=\"twitter:site\" content=\"@eldiario_net\" \/>\n<meta name=\"twitter:label1\" content=\"Escrito por\" \/>\n\t<meta name=\"twitter:data1\" content=\"Jeanette\" \/>\n\t<meta name=\"twitter:label2\" content=\"Tiempo de lectura\" \/>\n\t<meta name=\"twitter:data2\" content=\"3 minutos\" \/>\n<script type=\"application\/ld+json\" class=\"yoast-schema-graph\">{\"@context\":\"https:\\\/\\\/schema.org\",\"@graph\":[{\"@type\":\"Article\",\"@id\":\"https:\\\/\\\/www.eldiario.net\\\/portal\\\/2026\\\/09\\\/05\\\/bolivia-con-nota-destacada-en-el-mundial-de-corea\\\/#article\",\"isPartOf\":{\"@id\":\"https:\\\/\\\/www.eldiario.net\\\/portal\\\/2026\\\/09\\\/05\\\/bolivia-con-nota-destacada-en-el-mundial-de-corea\\\/\"},\"author\":{\"name\":\"Jeanette\",\"@id\":\"https:\\\/\\\/www.eldiario.net\\\/portal\\\/#\\\/schema\\\/person\\\/2c57cf2b7a7ae032e449e4c9b1019eac\"},\"headline\":\"BOLIVIA CON NOTA DESTACADA EN EL MUNDIAL DE COREA\",\"datePublished\":\"2026-09-05T04:41:23+00:00\",\"mainEntityOfPage\":{\"@id\":\"https:\\\/\\\/www.eldiario.net\\\/portal\\\/2026\\\/09\\\/05\\\/bolivia-con-nota-destacada-en-el-mundial-de-corea\\\/\"},\"wordCount\":525,\"publisher\":{\"@id\":\"https:\\\/\\\/www.eldiario.net\\\/portal\\\/#organization\"},\"image\":{\"@id\":\"https:\\\/\\\/www.eldiario.net\\\/portal\\\/2026\\\/09\\\/05\\\/bolivia-con-nota-destacada-en-el-mundial-de-corea\\\/#primaryimage\"},\"thumbnailUrl\":\"https:\\\/\\\/www.eldiario.net\\\/portal\\\/wp-content\\\/uploads\\\/2026\\\/09\\\/Principal-1.webp\",\"articleSection\":[\"Deportes\"],\"inLanguage\":\"es\"},{\"@type\":\"WebPage\",\"@id\":\"https:\\\/\\\/www.eldiario.net\\\/portal\\\/2026\\\/09\\\/05\\\/bolivia-con-nota-destacada-en-el-mundial-de-corea\\\/\",\"url\":\"https:\\\/\\\/www.eldiario.net\\\/portal\\\/2026\\\/09\\\/05\\\/bolivia-con-nota-destacada-en-el-mundial-de-corea\\\/\",\"name\":\"BOLIVIA CON NOTA DESTACADA EN EL MUNDIAL DE COREA - El Diario - Bolivia\",\"isPartOf\":{\"@id\":\"https:\\\/\\\/www.eldiario.net\\\/portal\\\/#website\"},\"primaryImageOfPage\":{\"@id\":\"https:\\\/\\\/www.eldiario.net\\\/portal\\\/2026\\\/09\\\/05\\\/bolivia-con-nota-destacada-en-el-mundial-de-corea\\\/#primaryimage\"},\"image\":{\"@id\":\"https:\\\/\\\/www.eldiario.net\\\/portal\\\/2026\\\/09\\\/05\\\/bolivia-con-nota-destacada-en-el-mundial-de-corea\\\/#primaryimage\"},\"thumbnailUrl\":\"https:\\\/\\\/www.eldiario.net\\\/portal\\\/wp-content\\\/uploads\\\/2026\\\/09\\\/Principal-1.webp\",\"datePublished\":\"2026-09-05T04:41:23+00:00\",\"breadcrumb\":{\"@id\":\"https:\\\/\\\/www.eldiario.net\\\/portal\\\/2026\\\/09\\\/05\\\/bolivia-con-nota-destacada-en-el-mundial-de-corea\\\/#breadcrumb\"},\"inLanguage\":\"es\",\"potentialAction\":[{\"@type\":\"ReadAction\",\"target\":[\"https:\\\/\\\/www.eldiario.net\\\/portal\\\/2026\\\/09\\\/05\\\/bolivia-con-nota-destacada-en-el-mundial-de-corea\\\/\"]}]},{\"@type\":\"ImageObject\",\"inLanguage\":\"es\",\"@id\":\"https:\\\/\\\/www.eldiario.net\\\/portal\\\/2026\\\/09\\\/05\\\/bolivia-con-nota-destacada-en-el-mundial-de-corea\\\/#primaryimage\",\"url\":\"https:\\\/\\\/www.eldiario.net\\\/portal\\\/wp-content\\\/uploads\\\/2026\\\/09\\\/Principal-1.webp\",\"contentUrl\":\"https:\\\/\\\/www.eldiario.net\\\/portal\\\/wp-content\\\/uploads\\\/2026\\\/09\\\/Principal-1.webp\",\"width\":1280,\"height\":573,\"caption\":\"La atleta warne\u00f1a Andrea Tomich\u00e1 en acci\u00f3n, peleando palmo a palmo los primeros lugares en el Mundial M\u00e1ster.\"},{\"@type\":\"BreadcrumbList\",\"@id\":\"https:\\\/\\\/www.eldiario.net\\\/portal\\\/2026\\\/09\\\/05\\\/bolivia-con-nota-destacada-en-el-mundial-de-corea\\\/#breadcrumb\",\"itemListElement\":[{\"@type\":\"ListItem\",\"position\":1,\"name\":\"Portada\",\"item\":\"https:\\\/\\\/www.eldiario.net\\\/portal\\\/\"},{\"@type\":\"ListItem\",\"position\":2,\"name\":\"BOLIVIA CON NOTA DESTACADA EN EL MUNDIAL DE COREA\"}]},{\"@type\":\"WebSite\",\"@id\":\"https:\\\/\\\/www.eldiario.net\\\/portal\\\/#website\",\"url\":\"https:\\\/\\\/www.eldiario.net\\\/portal\\\/\",\"name\":\"El Diario - Decano de la prensa nacional\",\"description\":\"El Diario - Decano de la prensa nacional\",\"publisher\":{\"@id\":\"https:\\\/\\\/www.eldiario.net\\\/portal\\\/#organization\"},\"potentialAction\":[{\"@type\":\"SearchAction\",\"target\":{\"@type\":\"EntryPoint\",\"urlTemplate\":\"https:\\\/\\\/www.eldiario.net\\\/portal\\\/?s={search_term_string}\"},\"query-input\":{\"@type\":\"PropertyValueSpecification\",\"valueRequired\":true,\"valueName\":\"search_term_string\"}}],\"inLanguage\":\"es\"},{\"@type\":\"Organization\",\"@id\":\"https:\\\/\\\/www.eldiario.net\\\/portal\\\/#organization\",\"name\":\"El Diario - Decano de la prensa nacional\",\"url\":\"https:\\\/\\\/www.eldiario.net\\\/portal\\\/\",\"logo\":{\"@type\":\"ImageObject\",\"inLanguage\":\"es\",\"@id\":\"https:\\\/\\\/www.eldiario.net\\\/portal\\\/#\\\/schema\\\/logo\\\/image\\\/\",\"url\":\"https:\\\/\\\/www.eldiario.net\\\/portal\\\/wp-content\\\/uploads\\\/2023\\\/07\\\/logo_ED.jpg\",\"contentUrl\":\"https:\\\/\\\/www.eldiario.net\\\/portal\\\/wp-content\\\/uploads\\\/2023\\\/07\\\/logo_ED.jpg\",\"width\":272,\"height\":52,\"caption\":\"El Diario - Decano de la prensa nacional\"},\"image\":{\"@id\":\"https:\\\/\\\/www.eldiario.net\\\/portal\\\/#\\\/schema\\\/logo\\\/image\\\/\"},\"sameAs\":[\"https:\\\/\\\/www.facebook.com\\\/eldiario.bolivia\\\/\",\"https:\\\/\\\/x.com\\\/eldiario_net\"]},{\"@type\":\"Person\",\"@id\":\"https:\\\/\\\/www.eldiario.net\\\/portal\\\/#\\\/schema\\\/person\\\/2c57cf2b7a7ae032e449e4c9b1019eac\",\"name\":\"Jeanette\",\"image\":{\"@type\":\"ImageObject\",\"inLanguage\":\"es\",\"@id\":\"https:\\\/\\\/secure.gravatar.com\\\/avatar\\\/3ea2118a5f7dad2b7138b1187a6b7ee55f160b9968b66013c3a3ef39dd7e5798?s=96&d=mm&r=g\",\"url\":\"https:\\\/\\\/secure.gravatar.com\\\/avatar\\\/3ea2118a5f7dad2b7138b1187a6b7ee55f160b9968b66013c3a3ef39dd7e5798?s=96&d=mm&r=g\",\"contentUrl\":\"https:\\\/\\\/secure.gravatar.com\\\/avatar\\\/3ea2118a5f7dad2b7138b1187a6b7ee55f160b9968b66013c3a3ef39dd7e5798?s=96&d=mm&r=g\",\"caption\":\"Jeanette\"},\"sameAs\":[\"https:\\\/\\\/www.eldiario.net\\\/portal\"],\"url\":\"https:\\\/\\\/www.eldiario.net\\\/portal\\\/author\\\/jeanette\\\/\"}]}<\/script>\n<!-- \/ Yoast SEO plugin. -->","yoast_head_json":{"title":"BOLIVIA CON NOTA DESTACADA EN EL MUNDIAL DE COREA - El Diario - Bolivia","robots":{"index":"index","follow":"follow","max-snippet":"max-snippet:-1","max-image-preview":"max-image-preview:large","max-video-preview":"max-video-preview:-1"},"canonical":"https:\/\/www.eldiario.net\/portal\/2026\/09\/05\/bolivia-con-nota-destacada-en-el-mundial-de-corea\/","og_locale":"es_ES","og_type":"article","og_title":"BOLIVIA CON NOTA DESTACADA EN EL MUNDIAL DE COREA - El Diario - Bolivia","og_description":"Bolivia tuvo una actuaci\u00f3n relevante en la 26 edici\u00f3n del Mundial M\u00e1ster de Atletismo realizado en Corea del Sur, entre el 22 de agosto y 3 de septiembre. La ciudad sudoriental de Daegu fue sede de esta competici\u00f3n internacional de atletismo para deportistas veteranos, con la participaci\u00f3n de antiguos campeones ol\u00edmpicos y plusmarquistas de 35 [&hellip;]","og_url":"https:\/\/www.eldiario.net\/portal\/2026\/09\/05\/bolivia-con-nota-destacada-en-el-mundial-de-corea\/","og_site_name":"El Diario - Bolivia","article_publisher":"https:\/\/www.facebook.com\/eldiario.bolivia\/","article_published_time":"2026-09-05T04:41:23+00:00","og_image":[{"width":1280,"height":573,"url":"https:\/\/www.eldiario.net\/portal\/wp-content\/uploads\/2026\/09\/Principal-1.webp","type":"image\/webp"}],"author":"Jeanette","twitter_card":"summary_large_image","twitter_creator":"@eldiario_net","twitter_site":"@eldiario_net","twitter_misc":{"Escrito por":"Jeanette","Tiempo de lectura":"3 minutos"},"schema":{"@context":"https:\/\/schema.org","@graph":[{"@type":"Article","@id":"https:\/\/www.eldiario.net\/portal\/2026\/09\/05\/bolivia-con-nota-destacada-en-el-mundial-de-corea\/#article","isPartOf":{"@id":"https:\/\/www.eldiario.net\/portal\/2026\/09\/05\/bolivia-con-nota-destacada-en-el-mundial-de-corea\/"},"author":{"name":"Jeanette","@id":"https:\/\/www.eldiario.net\/portal\/#\/schema\/person\/2c57cf2b7a7ae032e449e4c9b1019eac"},"headline":"BOLIVIA CON NOTA DESTACADA EN EL MUNDIAL DE COREA","datePublished":"2026-09-05T04:41:23+00:00","mainEntityOfPage":{"@id":"https:\/\/www.eldiario.net\/portal\/2026\/09\/05\/bolivia-con-nota-destacada-en-el-mundial-de-corea\/"},"wordCount":525,"publisher":{"@id":"https:\/\/www.eldiario.net\/portal\/#organization"},"image":{"@id":"https:\/\/www.eldiario.net\/portal\/2026\/09\/05\/bolivia-con-nota-destacada-en-el-mundial-de-corea\/#primaryimage"},"thumbnailUrl":"https:\/\/www.eldiario.net\/portal\/wp-content\/uploads\/2026\/09\/Principal-1.webp","articleSection":["Deportes"],"inLanguage":"es"},{"@type":"WebPage","@id":"https:\/\/www.eldiario.net\/portal\/2026\/09\/05\/bolivia-con-nota-destacada-en-el-mundial-de-corea\/","url":"https:\/\/www.eldiario.net\/portal\/2026\/09\/05\/bolivia-con-nota-destacada-en-el-mundial-de-corea\/","name":"BOLIVIA CON NOTA DESTACADA EN EL MUNDIAL DE COREA - El Diario - Bolivia","isPartOf":{"@id":"https:\/\/www.eldiario.net\/portal\/#website"},"primaryImageOfPage":{"@id":"https:\/\/www.eldiario.net\/portal\/2026\/09\/05\/bolivia-con-nota-destacada-en-el-mundial-de-corea\/#primaryimage"},"image":{"@id":"https:\/\/www.eldiario.net\/portal\/2026\/09\/05\/bolivia-con-nota-destacada-en-el-mundial-de-corea\/#primaryimage"},"thumbnailUrl":"https:\/\/www.eldiario.net\/portal\/wp-content\/uploads\/2026\/09\/Principal-1.webp","datePublished":"2026-09-05T04:41:23+00:00","breadcrumb":{"@id":"https:\/\/www.eldiario.net\/portal\/2026\/09\/05\/bolivia-con-nota-destacada-en-el-mundial-de-corea\/#breadcrumb"},"inLanguage":"es","potentialAction":[{"@type":"ReadAction","target":["https:\/\/www.eldiario.net\/portal\/2026\/09\/05\/bolivia-con-nota-destacada-en-el-mundial-de-corea\/"]}]},{"@type":"ImageObject","inLanguage":"es","@id":"https:\/\/www.eldiario.net\/portal\/2026\/09\/05\/bolivia-con-nota-destacada-en-el-mundial-de-corea\/#primaryimage","url":"https:\/\/www.eldiario.net\/portal\/wp-content\/uploads\/2026\/09\/Principal-1.webp","contentUrl":"https:\/\/www.eldiario.net\/portal\/wp-content\/uploads\/2026\/09\/Principal-1.webp","width":1280,"height":573,"caption":"La atleta warne\u00f1a Andrea Tomich\u00e1 en acci\u00f3n, peleando palmo a palmo los primeros lugares en el Mundial M\u00e1ster."},{"@type":"BreadcrumbList","@id":"https:\/\/www.eldiario.net\/portal\/2026\/09\/05\/bolivia-con-nota-destacada-en-el-mundial-de-corea\/#breadcrumb","itemListElement":[{"@type":"ListItem","position":1,"name":"Portada","item":"https:\/\/www.eldiario.net\/portal\/"},{"@type":"ListItem","position":2,"name":"BOLIVIA CON NOTA DESTACADA EN EL MUNDIAL DE COREA"}]},{"@type":"WebSite","@id":"https:\/\/www.eldiario.net\/portal\/#website","url":"https:\/\/www.eldiario.net\/portal\/","name":"El Diario - Decano de la prensa nacional","description":"El Diario - Decano de la prensa nacional","publisher":{"@id":"https:\/\/www.eldiario.net\/portal\/#organization"},"potentialAction":[{"@type":"SearchAction","target":{"@type":"EntryPoint","urlTemplate":"https:\/\/www.eldiario.net\/portal\/?s={search_term_string}"},"query-input":{"@type":"PropertyValueSpecification","valueRequired":true,"valueName":"search_term_string"}}],"inLanguage":"es"},{"@type":"Organization","@id":"https:\/\/www.eldiario.net\/portal\/#organization","name":"El Diario - Decano de la prensa nacional","url":"https:\/\/www.eldiario.net\/portal\/","logo":{"@type":"ImageObject","inLanguage":"es","@id":"https:\/\/www.eldiario.net\/portal\/#\/schema\/logo\/image\/","url":"https:\/\/www.eldiario.net\/portal\/wp-content\/uploads\/2023\/07\/logo_ED.jpg","contentUrl":"https:\/\/www.eldiario.net\/portal\/wp-content\/uploads\/2023\/07\/logo_ED.jpg","width":272,"height":52,"caption":"El Diario - Decano de la prensa nacional"},"image":{"@id":"https:\/\/www.eldiario.net\/portal\/#\/schema\/logo\/image\/"},"sameAs":["https:\/\/www.facebook.com\/eldiario.bolivia\/","https:\/\/x.com\/eldiario_net"]},{"@type":"Person","@id":"https:\/\/www.eldiario.net\/portal\/#\/schema\/person\/2c57cf2b7a7ae032e449e4c9b1019eac","name":"Jeanette","image":{"@type":"ImageObject","inLanguage":"es","@id":"https:\/\/secure.gravatar.com\/avatar\/3ea2118a5f7dad2b7138b1187a6b7ee55f160b9968b66013c3a3ef39dd7e5798?s=96&d=mm&r=g","url":"https:\/\/secure.gravatar.com\/avatar\/3ea2118a5f7dad2b7138b1187a6b7ee55f160b9968b66013c3a3ef39dd7e5798?s=96&d=mm&r=g","contentUrl":"https:\/\/secure.gravatar.com\/avatar\/3ea2118a5f7dad2b7138b1187a6b7ee55f160b9968b66013c3a3ef39dd7e5798?s=96&d=mm&r=g","caption":"Jeanette"},"sameAs":["https:\/\/www.eldiario.net\/portal"],"url":"https:\/\/www.eldiario.net\/portal\/author\/jeanette\/"}]}},"_links":{"self":[{"href":"https:\/\/www.eldiario.net\/portal\/wp-json\/wp\/v2\/posts\/427864","targetHints":{"allow":["GET"]}}],"collection":[{"href":"https:\/\/www.eldiario.net\/portal\/wp-json\/wp\/v2\/posts"}],"about":[{"href":"https:\/\/www.eldiario.net\/portal\/wp-json\/wp\/v2\/types\/post"}],"author":[{"embeddable":true,"href":"https:\/\/www.eldiario.net\/portal\/wp-json\/wp\/v2\/users\/1"}],"replies":[{"embeddable":true,"href":"https:\/\/www.eldiario.net\/portal\/wp-json\/wp\/v2\/comments?post=427864"}],"version-history":[{"count":1,"href":"https:\/\/www.eldiario.net\/portal\/wp-json\/wp\/v2\/posts\/427864\/revisions"}],"predecessor-version":[{"id":427867,"href":"https:\/\/www.eldiario.net\/portal\/wp-json\/wp\/v2\/posts\/427864\/revisions\/427867"}],"wp:featuredmedia":[{"embeddable":true,"href":"https:\/\/www.eldiario.net\/portal\/wp-json\/wp\/v2\/media\/427865"}],"wp:attachment":[{"href":"https:\/\/www.eldiario.net\/portal\/wp-json\/wp\/v2\/media?parent=427864"}],"wp:term":[{"taxonomy":"category","embeddable":true,"href":"https:\/\/www.eldiario.net\/portal\/wp-json\/wp\/v2\/categories?post=427864"},{"taxonomy":"post_tag","embeddable":true,"href":"https:\/\/www.eldiario.net\/portal\/wp-json\/wp\/v2\/tags?post=427864"}],"curies":[{"name":"wp","href":"https:\/\/api.w.org\/{rel}","templated":true}]}}