{"id":427856,"date":"2026-09-05T00:39:10","date_gmt":"2026-09-05T04:39:10","guid":{"rendered":"https:\/\/www.eldiario.net\/portal\/?p=427856"},"modified":"2026-09-04T22:40:24","modified_gmt":"2026-09-05T02:40:24","slug":"bolivia-aspira-a-15-medallas-en-santa-fe-2026","status":"publish","type":"post","link":"https:\/\/www.eldiario.net\/portal\/2026\/09\/05\/bolivia-aspira-a-15-medallas-en-santa-fe-2026\/","title":{"rendered":"Bolivia aspira a 15 medallas en Santa Fe 2026"},"content":{"rendered":"<p>Bolivia afronta los XIII Juegos Sudamericanos de Santa Fe 2026 con un objetivo deportivo claro: alcanzar al menos 15 medallas en el medallero general. Seg\u00fan la planificaci\u00f3n del Comit\u00e9 Ol\u00edmpico Boliviano (COB), las metas trazadas contemplan la obtenci\u00f3n de cuatro preseas de oro, cuatro de plata y siete de bronce.<br \/>\nLa estrategia de victoria del pa\u00eds descansa casi de forma absoluta en el r\u00e1quetbol, disciplina donde Bolivia es potencia mundial. Ante la ausencia de potencias norteamericanas en este certamen regional, la delegaci\u00f3n nacional parte como la principal favorita para dominar las pruebas masculinas y disputar los m\u00e1ximos honores.<br \/>\nEl chuquisaque\u00f1o Conrrado Moscoso, actual n\u00famero dos del ranking mundial, encabeza la n\u00f3mina de atletas con opciones reales de podio. El deportista competir\u00e1 en cuatro modalidades: singles, dobles, dobles mixto y equipos, buscando superar sus propios r\u00e9cords hist\u00f3ricos en eventos multideportivos.<br \/>\nEl incentivo para el equipo de r\u00e1quetbol va m\u00e1s all\u00e1 del podio continental.<br \/>\nEn contraste con las aspiraciones deportivas, la log\u00edstica de la delegaci\u00f3n est\u00e1 condicionada por restricciones econ\u00f3micas severas. Para optimizar los recursos disponibles, las autoridades ol\u00edmpicas dispusieron que una parte sustancial de la comitiva realice el viaje por v\u00eda terrestre.<br \/>\nLos traslados por carretera implican traves\u00edas de aproximadamente dos d\u00edas cruzando varios puntos del pa\u00eds antes de ingresar a territorio argentino. Tanto dirigentes como entrenadores y atletas de disciplinas como el voleibol de playa y atletismo comparten este itinerario de viaje.<br \/>\nM\u00e1s all\u00e1 de los resultados inmediatos, el COB considera esta cita suramericana como un par\u00e1metro de evaluaci\u00f3n clave. Las competencias servir\u00e1n para medir el rendimiento del ciclo ol\u00edmpico con miras a los Juegos Bolivarianos que albergar\u00e1 La Paz en 2029.<\/p>\n<p>250 deportistas bolivianos estar\u00e1n presentes en Rosario, en 31 especialidades.<\/p>\n<p><em>ERWIN QUISPE PERCA<\/em><\/p>\n\r\n                <style type=\"text\/css\">\r\n                    \r\n                    #tdi_1  .td-doubleSlider-2 .td-item1 {\r\n                        background: url(https:\/\/www.eldiario.net\/portal\/wp-content\/uploads\/2026\/09\/BOLIVIA-1-80x60.webp) 0 0 no-repeat;\r\n                    }\r\n                    #tdi_1  .td-doubleSlider-2 .td-item2 {\r\n                        background: url(https:\/\/www.eldiario.net\/portal\/wp-content\/uploads\/2026\/09\/BOLIVIA-2-80x60.webp) 0 0 no-repeat;\r\n                    }\r\n                <\/style>\r\n\r\n                <div id=\"tdi_1\" class=\"td-gallery td-slide-on-2-columns\">\r\n                    <div class=\"post_td_gallery\">\r\n                        <div class=\"td-gallery-slide-top\">\r\n                           <div class=\"td-gallery-title\"><\/div>\r\n\r\n                            <div class=\"td-gallery-controls-wrapper\">\r\n                                <div class=\"td-gallery-slide-count\"><span class=\"td-gallery-slide-item-focus\">1<\/span> de 2<\/div>\r\n                                <div class=\"td-gallery-slide-prev-next-but\">\r\n                                    <i class = \"td-icon-left doubleSliderPrevButton\"><\/i>\r\n                                    <i class = \"td-icon-right doubleSliderNextButton\"><\/i>\r\n                                <\/div>\r\n                            <\/div>\r\n                        <\/div>\r\n\r\n                        <div class = \"td-doubleSlider-1 \">\r\n                            <div class = \"td-slider\">\r\n                                \r\n                    <div class = \"td-slide-item td-item1\">\r\n                        <figure class=\"td-slide-galery-figure td-slide-popup-gallery\">\r\n                            <a class=\"slide-gallery-image-link\" href=\"https:\/\/www.eldiario.net\/portal\/wp-content\/uploads\/2026\/09\/BOLIVIA-1.webp\" title=\"BOLIVIA-1\"  data-caption=\" El chuquisaque\u00f1o Moscoso durante uno de los torneos en Estados Unidos, lugar donde consigui\u00f3 varios t\u00edtulos.\"  data-description=\" El chuquisaque&ntilde;o Moscoso durante uno de los torneos en Estados Unidos, lugar donde consigui&oacute; varios t&iacute;tulos.\">\r\n                                <img decoding=\"async\" src=\"https:\/\/www.eldiario.net\/portal\/wp-content\/uploads\/2026\/09\/BOLIVIA-1-628x420.webp\" srcset=\"https:\/\/www.eldiario.net\/portal\/wp-content\/uploads\/2026\/09\/BOLIVIA-1-628x420.webp 628w, https:\/\/www.eldiario.net\/portal\/wp-content\/uploads\/2026\/09\/BOLIVIA-1-300x201.webp 300w, https:\/\/www.eldiario.net\/portal\/wp-content\/uploads\/2026\/09\/BOLIVIA-1-768x514.webp 768w, https:\/\/www.eldiario.net\/portal\/wp-content\/uploads\/2026\/09\/BOLIVIA-1-150x100.webp 150w, https:\/\/www.eldiario.net\/portal\/wp-content\/uploads\/2026\/09\/BOLIVIA-1-696x466.webp 696w, https:\/\/www.eldiario.net\/portal\/wp-content\/uploads\/2026\/09\/BOLIVIA-1.webp 952w\" sizes=\"(max-width: 628px) 100vw, 628px\" alt=\"\">\r\n                            <\/a>\r\n                            <figcaption class = \"td-slide-caption td-gallery-slide-content\"><div class = \"td-gallery-slide-copywrite\"> El chuquisaque\u00f1o Moscoso durante uno de los torneos en Estados Unidos, lugar donde consigui\u00f3 varios t\u00edtulos.<\/div><span> El chuquisaque\u00f1o Moscoso durante uno de los torneos en Estados Unidos, lugar donde consigui\u00f3 varios t\u00edtulos.<\/span><\/figcaption>\r\n                        <\/figure>\r\n                    <\/div>\r\n                    <div class = \"td-slide-item td-item2\">\r\n                        <figure class=\"td-slide-galery-figure td-slide-popup-gallery\">\r\n                            <a class=\"slide-gallery-image-link\" href=\"https:\/\/www.eldiario.net\/portal\/wp-content\/uploads\/2026\/09\/BOLIVIA-2.webp\" title=\"BOLIVIA-2\"  data-caption=\" La atleta Valeria Quispe en acci\u00f3n. Otra de las cartas de cara a los Juegos Sudamericanos en Rosario 2026.\"  data-description=\" La atleta Valeria Quispe en acci&oacute;n. Otra de las cartas de cara a los Juegos Sudamericanos en Rosario 2026.\">\r\n                                <img decoding=\"async\" src=\"https:\/\/www.eldiario.net\/portal\/wp-content\/uploads\/2026\/09\/BOLIVIA-2-335x420.webp\" srcset=\"https:\/\/www.eldiario.net\/portal\/wp-content\/uploads\/2026\/09\/BOLIVIA-2-335x420.webp 335w, https:\/\/www.eldiario.net\/portal\/wp-content\/uploads\/2026\/09\/BOLIVIA-2-239x300.webp 239w, https:\/\/www.eldiario.net\/portal\/wp-content\/uploads\/2026\/09\/BOLIVIA-2-150x188.webp 150w, https:\/\/www.eldiario.net\/portal\/wp-content\/uploads\/2026\/09\/BOLIVIA-2-300x376.webp 300w, https:\/\/www.eldiario.net\/portal\/wp-content\/uploads\/2026\/09\/BOLIVIA-2.webp 395w\" sizes=\"(max-width: 335px) 100vw, 335px\" alt=\"\">\r\n                            <\/a>\r\n                            <figcaption class = \"td-slide-caption td-gallery-slide-content\"><div class = \"td-gallery-slide-copywrite\"> La atleta Valeria Quispe en acci\u00f3n. Otra de las cartas de cara a los Juegos Sudamericanos en Rosario 2026.<\/div><span> La atleta Valeria Quispe en acci\u00f3n. Otra de las cartas de cara a los Juegos Sudamericanos en Rosario 2026.<\/span><\/figcaption>\r\n                        <\/figure>\r\n                    <\/div>\r\n                            <\/div>\r\n                        <\/div>\r\n\r\n                        <div class = \"td-doubleSlider-2\">\r\n                            <div class = \"td-slider\">\r\n                                \r\n                    <div class = \"td-button td-item1\">\r\n                        <div class = \"td-border\"><\/div>\r\n                    <\/div>\r\n                    <div class = \"td-button td-item2\">\r\n                        <div class = \"td-border\"><\/div>\r\n                    <\/div>\r\n                            <\/div>\r\n                        <\/div>\r\n\r\n                    <\/div>\r\n\r\n                <\/div>\r\n                \n","protected":false},"excerpt":{"rendered":"<p>Bolivia afronta los XIII Juegos Sudamericanos de Santa Fe 2026 con un objetivo deportivo claro: alcanzar al menos 15 medallas en el medallero general. Seg\u00fan la planificaci\u00f3n del Comit\u00e9 Ol\u00edmpico Boliviano (COB), las metas trazadas contemplan la obtenci\u00f3n de cuatro preseas de oro, cuatro de plata y siete de bronce. La estrategia de victoria del [&hellip;]<\/p>\n","protected":false},"author":1,"featured_media":427857,"comment_status":"closed","ping_status":"open","sticky":false,"template":"","format":"standard","meta":{"_acf_changed":false,"footnotes":""},"categories":[6],"tags":[],"class_list":["post-427856","post","type-post","status-publish","format-standard","has-post-thumbnail","category-deportes"],"acf":{"antetitulo":""},"yoast_head":"<!-- This site is optimized with the Yoast SEO plugin v28.4 - https:\/\/yoast.com\/product\/yoast-seo-wordpress\/ -->\n<title>Bolivia aspira a 15 medallas en Santa Fe 2026 - El Diario - Bolivia<\/title>\n<meta name=\"robots\" content=\"index, follow, max-snippet:-1, max-image-preview:large, max-video-preview:-1\" \/>\n<link rel=\"canonical\" href=\"https:\/\/www.eldiario.net\/portal\/2026\/09\/05\/bolivia-aspira-a-15-medallas-en-santa-fe-2026\/\" \/>\n<meta property=\"og:locale\" content=\"es_ES\" \/>\n<meta property=\"og:type\" content=\"article\" \/>\n<meta property=\"og:title\" content=\"Bolivia aspira a 15 medallas en Santa Fe 2026 - El Diario - Bolivia\" \/>\n<meta property=\"og:description\" content=\"Bolivia afronta los XIII Juegos Sudamericanos de Santa Fe 2026 con un objetivo deportivo claro: alcanzar al menos 15 medallas en el medallero general. Seg\u00fan la planificaci\u00f3n del Comit\u00e9 Ol\u00edmpico Boliviano (COB), las metas trazadas contemplan la obtenci\u00f3n de cuatro preseas de oro, cuatro de plata y siete de bronce. La estrategia de victoria del [&hellip;]\" \/>\n<meta property=\"og:url\" content=\"https:\/\/www.eldiario.net\/portal\/2026\/09\/05\/bolivia-aspira-a-15-medallas-en-santa-fe-2026\/\" \/>\n<meta property=\"og:site_name\" content=\"El Diario - Bolivia\" \/>\n<meta property=\"article:publisher\" content=\"https:\/\/www.facebook.com\/eldiario.bolivia\/\" \/>\n<meta property=\"article:published_time\" content=\"2026-09-05T04:39:10+00:00\" \/>\n<meta property=\"og:image\" content=\"https:\/\/www.eldiario.net\/portal\/wp-content\/uploads\/2026\/09\/BOLIVIA-1.webp\" \/>\n\t<meta property=\"og:image:width\" content=\"952\" \/>\n\t<meta property=\"og:image:height\" content=\"637\" \/>\n\t<meta property=\"og:image:type\" content=\"image\/webp\" \/>\n<meta name=\"author\" content=\"Jeanette\" \/>\n<meta name=\"twitter:card\" content=\"summary_large_image\" \/>\n<meta name=\"twitter:creator\" content=\"@eldiario_net\" \/>\n<meta name=\"twitter:site\" content=\"@eldiario_net\" \/>\n<meta name=\"twitter:label1\" content=\"Escrito por\" \/>\n\t<meta name=\"twitter:data1\" content=\"Jeanette\" \/>\n\t<meta name=\"twitter:label2\" content=\"Tiempo de lectura\" \/>\n\t<meta name=\"twitter:data2\" content=\"2 minutos\" \/>\n<script type=\"application\/ld+json\" class=\"yoast-schema-graph\">{\"@context\":\"https:\\\/\\\/schema.org\",\"@graph\":[{\"@type\":\"Article\",\"@id\":\"https:\\\/\\\/www.eldiario.net\\\/portal\\\/2026\\\/09\\\/05\\\/bolivia-aspira-a-15-medallas-en-santa-fe-2026\\\/#article\",\"isPartOf\":{\"@id\":\"https:\\\/\\\/www.eldiario.net\\\/portal\\\/2026\\\/09\\\/05\\\/bolivia-aspira-a-15-medallas-en-santa-fe-2026\\\/\"},\"author\":{\"name\":\"Jeanette\",\"@id\":\"https:\\\/\\\/www.eldiario.net\\\/portal\\\/#\\\/schema\\\/person\\\/2c57cf2b7a7ae032e449e4c9b1019eac\"},\"headline\":\"Bolivia aspira a 15 medallas en Santa Fe 2026\",\"datePublished\":\"2026-09-05T04:39:10+00:00\",\"mainEntityOfPage\":{\"@id\":\"https:\\\/\\\/www.eldiario.net\\\/portal\\\/2026\\\/09\\\/05\\\/bolivia-aspira-a-15-medallas-en-santa-fe-2026\\\/\"},\"wordCount\":325,\"publisher\":{\"@id\":\"https:\\\/\\\/www.eldiario.net\\\/portal\\\/#organization\"},\"image\":{\"@id\":\"https:\\\/\\\/www.eldiario.net\\\/portal\\\/2026\\\/09\\\/05\\\/bolivia-aspira-a-15-medallas-en-santa-fe-2026\\\/#primaryimage\"},\"thumbnailUrl\":\"https:\\\/\\\/www.eldiario.net\\\/portal\\\/wp-content\\\/uploads\\\/2026\\\/09\\\/BOLIVIA-1.webp\",\"articleSection\":[\"Deportes\"],\"inLanguage\":\"es\"},{\"@type\":\"WebPage\",\"@id\":\"https:\\\/\\\/www.eldiario.net\\\/portal\\\/2026\\\/09\\\/05\\\/bolivia-aspira-a-15-medallas-en-santa-fe-2026\\\/\",\"url\":\"https:\\\/\\\/www.eldiario.net\\\/portal\\\/2026\\\/09\\\/05\\\/bolivia-aspira-a-15-medallas-en-santa-fe-2026\\\/\",\"name\":\"Bolivia aspira a 15 medallas en Santa Fe 2026 - El Diario - Bolivia\",\"isPartOf\":{\"@id\":\"https:\\\/\\\/www.eldiario.net\\\/portal\\\/#website\"},\"primaryImageOfPage\":{\"@id\":\"https:\\\/\\\/www.eldiario.net\\\/portal\\\/2026\\\/09\\\/05\\\/bolivia-aspira-a-15-medallas-en-santa-fe-2026\\\/#primaryimage\"},\"image\":{\"@id\":\"https:\\\/\\\/www.eldiario.net\\\/portal\\\/2026\\\/09\\\/05\\\/bolivia-aspira-a-15-medallas-en-santa-fe-2026\\\/#primaryimage\"},\"thumbnailUrl\":\"https:\\\/\\\/www.eldiario.net\\\/portal\\\/wp-content\\\/uploads\\\/2026\\\/09\\\/BOLIVIA-1.webp\",\"datePublished\":\"2026-09-05T04:39:10+00:00\",\"breadcrumb\":{\"@id\":\"https:\\\/\\\/www.eldiario.net\\\/portal\\\/2026\\\/09\\\/05\\\/bolivia-aspira-a-15-medallas-en-santa-fe-2026\\\/#breadcrumb\"},\"inLanguage\":\"es\",\"potentialAction\":[{\"@type\":\"ReadAction\",\"target\":[\"https:\\\/\\\/www.eldiario.net\\\/portal\\\/2026\\\/09\\\/05\\\/bolivia-aspira-a-15-medallas-en-santa-fe-2026\\\/\"]}]},{\"@type\":\"ImageObject\",\"inLanguage\":\"es\",\"@id\":\"https:\\\/\\\/www.eldiario.net\\\/portal\\\/2026\\\/09\\\/05\\\/bolivia-aspira-a-15-medallas-en-santa-fe-2026\\\/#primaryimage\",\"url\":\"https:\\\/\\\/www.eldiario.net\\\/portal\\\/wp-content\\\/uploads\\\/2026\\\/09\\\/BOLIVIA-1.webp\",\"contentUrl\":\"https:\\\/\\\/www.eldiario.net\\\/portal\\\/wp-content\\\/uploads\\\/2026\\\/09\\\/BOLIVIA-1.webp\",\"width\":952,\"height\":637,\"caption\":\"El chuquisaque\u00f1o Moscoso durante uno de los torneos en Estados Unidos, lugar donde consigui\u00f3 varios t\u00edtulos.\"},{\"@type\":\"BreadcrumbList\",\"@id\":\"https:\\\/\\\/www.eldiario.net\\\/portal\\\/2026\\\/09\\\/05\\\/bolivia-aspira-a-15-medallas-en-santa-fe-2026\\\/#breadcrumb\",\"itemListElement\":[{\"@type\":\"ListItem\",\"position\":1,\"name\":\"Portada\",\"item\":\"https:\\\/\\\/www.eldiario.net\\\/portal\\\/\"},{\"@type\":\"ListItem\",\"position\":2,\"name\":\"Bolivia aspira a 15 medallas en Santa Fe 2026\"}]},{\"@type\":\"WebSite\",\"@id\":\"https:\\\/\\\/www.eldiario.net\\\/portal\\\/#website\",\"url\":\"https:\\\/\\\/www.eldiario.net\\\/portal\\\/\",\"name\":\"El Diario - Decano de la prensa nacional\",\"description\":\"El Diario - Decano de la prensa nacional\",\"publisher\":{\"@id\":\"https:\\\/\\\/www.eldiario.net\\\/portal\\\/#organization\"},\"potentialAction\":[{\"@type\":\"SearchAction\",\"target\":{\"@type\":\"EntryPoint\",\"urlTemplate\":\"https:\\\/\\\/www.eldiario.net\\\/portal\\\/?s={search_term_string}\"},\"query-input\":{\"@type\":\"PropertyValueSpecification\",\"valueRequired\":true,\"valueName\":\"search_term_string\"}}],\"inLanguage\":\"es\"},{\"@type\":\"Organization\",\"@id\":\"https:\\\/\\\/www.eldiario.net\\\/portal\\\/#organization\",\"name\":\"El Diario - Decano de la prensa nacional\",\"url\":\"https:\\\/\\\/www.eldiario.net\\\/portal\\\/\",\"logo\":{\"@type\":\"ImageObject\",\"inLanguage\":\"es\",\"@id\":\"https:\\\/\\\/www.eldiario.net\\\/portal\\\/#\\\/schema\\\/logo\\\/image\\\/\",\"url\":\"https:\\\/\\\/www.eldiario.net\\\/portal\\\/wp-content\\\/uploads\\\/2023\\\/07\\\/logo_ED.jpg\",\"contentUrl\":\"https:\\\/\\\/www.eldiario.net\\\/portal\\\/wp-content\\\/uploads\\\/2023\\\/07\\\/logo_ED.jpg\",\"width\":272,\"height\":52,\"caption\":\"El Diario - Decano de la prensa nacional\"},\"image\":{\"@id\":\"https:\\\/\\\/www.eldiario.net\\\/portal\\\/#\\\/schema\\\/logo\\\/image\\\/\"},\"sameAs\":[\"https:\\\/\\\/www.facebook.com\\\/eldiario.bolivia\\\/\",\"https:\\\/\\\/x.com\\\/eldiario_net\"]},{\"@type\":\"Person\",\"@id\":\"https:\\\/\\\/www.eldiario.net\\\/portal\\\/#\\\/schema\\\/person\\\/2c57cf2b7a7ae032e449e4c9b1019eac\",\"name\":\"Jeanette\",\"image\":{\"@type\":\"ImageObject\",\"inLanguage\":\"es\",\"@id\":\"https:\\\/\\\/secure.gravatar.com\\\/avatar\\\/3ea2118a5f7dad2b7138b1187a6b7ee55f160b9968b66013c3a3ef39dd7e5798?s=96&d=mm&r=g\",\"url\":\"https:\\\/\\\/secure.gravatar.com\\\/avatar\\\/3ea2118a5f7dad2b7138b1187a6b7ee55f160b9968b66013c3a3ef39dd7e5798?s=96&d=mm&r=g\",\"contentUrl\":\"https:\\\/\\\/secure.gravatar.com\\\/avatar\\\/3ea2118a5f7dad2b7138b1187a6b7ee55f160b9968b66013c3a3ef39dd7e5798?s=96&d=mm&r=g\",\"caption\":\"Jeanette\"},\"sameAs\":[\"https:\\\/\\\/www.eldiario.net\\\/portal\"],\"url\":\"https:\\\/\\\/www.eldiario.net\\\/portal\\\/author\\\/jeanette\\\/\"}]}<\/script>\n<!-- \/ Yoast SEO plugin. -->","yoast_head_json":{"title":"Bolivia aspira a 15 medallas en Santa Fe 2026 - El Diario - Bolivia","robots":{"index":"index","follow":"follow","max-snippet":"max-snippet:-1","max-image-preview":"max-image-preview:large","max-video-preview":"max-video-preview:-1"},"canonical":"https:\/\/www.eldiario.net\/portal\/2026\/09\/05\/bolivia-aspira-a-15-medallas-en-santa-fe-2026\/","og_locale":"es_ES","og_type":"article","og_title":"Bolivia aspira a 15 medallas en Santa Fe 2026 - El Diario - Bolivia","og_description":"Bolivia afronta los XIII Juegos Sudamericanos de Santa Fe 2026 con un objetivo deportivo claro: alcanzar al menos 15 medallas en el medallero general. Seg\u00fan la planificaci\u00f3n del Comit\u00e9 Ol\u00edmpico Boliviano (COB), las metas trazadas contemplan la obtenci\u00f3n de cuatro preseas de oro, cuatro de plata y siete de bronce. La estrategia de victoria del [&hellip;]","og_url":"https:\/\/www.eldiario.net\/portal\/2026\/09\/05\/bolivia-aspira-a-15-medallas-en-santa-fe-2026\/","og_site_name":"El Diario - Bolivia","article_publisher":"https:\/\/www.facebook.com\/eldiario.bolivia\/","article_published_time":"2026-09-05T04:39:10+00:00","og_image":[{"width":952,"height":637,"url":"https:\/\/www.eldiario.net\/portal\/wp-content\/uploads\/2026\/09\/BOLIVIA-1.webp","type":"image\/webp"}],"author":"Jeanette","twitter_card":"summary_large_image","twitter_creator":"@eldiario_net","twitter_site":"@eldiario_net","twitter_misc":{"Escrito por":"Jeanette","Tiempo de lectura":"2 minutos"},"schema":{"@context":"https:\/\/schema.org","@graph":[{"@type":"Article","@id":"https:\/\/www.eldiario.net\/portal\/2026\/09\/05\/bolivia-aspira-a-15-medallas-en-santa-fe-2026\/#article","isPartOf":{"@id":"https:\/\/www.eldiario.net\/portal\/2026\/09\/05\/bolivia-aspira-a-15-medallas-en-santa-fe-2026\/"},"author":{"name":"Jeanette","@id":"https:\/\/www.eldiario.net\/portal\/#\/schema\/person\/2c57cf2b7a7ae032e449e4c9b1019eac"},"headline":"Bolivia aspira a 15 medallas en Santa Fe 2026","datePublished":"2026-09-05T04:39:10+00:00","mainEntityOfPage":{"@id":"https:\/\/www.eldiario.net\/portal\/2026\/09\/05\/bolivia-aspira-a-15-medallas-en-santa-fe-2026\/"},"wordCount":325,"publisher":{"@id":"https:\/\/www.eldiario.net\/portal\/#organization"},"image":{"@id":"https:\/\/www.eldiario.net\/portal\/2026\/09\/05\/bolivia-aspira-a-15-medallas-en-santa-fe-2026\/#primaryimage"},"thumbnailUrl":"https:\/\/www.eldiario.net\/portal\/wp-content\/uploads\/2026\/09\/BOLIVIA-1.webp","articleSection":["Deportes"],"inLanguage":"es"},{"@type":"WebPage","@id":"https:\/\/www.eldiario.net\/portal\/2026\/09\/05\/bolivia-aspira-a-15-medallas-en-santa-fe-2026\/","url":"https:\/\/www.eldiario.net\/portal\/2026\/09\/05\/bolivia-aspira-a-15-medallas-en-santa-fe-2026\/","name":"Bolivia aspira a 15 medallas en Santa Fe 2026 - El Diario - Bolivia","isPartOf":{"@id":"https:\/\/www.eldiario.net\/portal\/#website"},"primaryImageOfPage":{"@id":"https:\/\/www.eldiario.net\/portal\/2026\/09\/05\/bolivia-aspira-a-15-medallas-en-santa-fe-2026\/#primaryimage"},"image":{"@id":"https:\/\/www.eldiario.net\/portal\/2026\/09\/05\/bolivia-aspira-a-15-medallas-en-santa-fe-2026\/#primaryimage"},"thumbnailUrl":"https:\/\/www.eldiario.net\/portal\/wp-content\/uploads\/2026\/09\/BOLIVIA-1.webp","datePublished":"2026-09-05T04:39:10+00:00","breadcrumb":{"@id":"https:\/\/www.eldiario.net\/portal\/2026\/09\/05\/bolivia-aspira-a-15-medallas-en-santa-fe-2026\/#breadcrumb"},"inLanguage":"es","potentialAction":[{"@type":"ReadAction","target":["https:\/\/www.eldiario.net\/portal\/2026\/09\/05\/bolivia-aspira-a-15-medallas-en-santa-fe-2026\/"]}]},{"@type":"ImageObject","inLanguage":"es","@id":"https:\/\/www.eldiario.net\/portal\/2026\/09\/05\/bolivia-aspira-a-15-medallas-en-santa-fe-2026\/#primaryimage","url":"https:\/\/www.eldiario.net\/portal\/wp-content\/uploads\/2026\/09\/BOLIVIA-1.webp","contentUrl":"https:\/\/www.eldiario.net\/portal\/wp-content\/uploads\/2026\/09\/BOLIVIA-1.webp","width":952,"height":637,"caption":"El chuquisaque\u00f1o Moscoso durante uno de los torneos en Estados Unidos, lugar donde consigui\u00f3 varios t\u00edtulos."},{"@type":"BreadcrumbList","@id":"https:\/\/www.eldiario.net\/portal\/2026\/09\/05\/bolivia-aspira-a-15-medallas-en-santa-fe-2026\/#breadcrumb","itemListElement":[{"@type":"ListItem","position":1,"name":"Portada","item":"https:\/\/www.eldiario.net\/portal\/"},{"@type":"ListItem","position":2,"name":"Bolivia aspira a 15 medallas en Santa Fe 2026"}]},{"@type":"WebSite","@id":"https:\/\/www.eldiario.net\/portal\/#website","url":"https:\/\/www.eldiario.net\/portal\/","name":"El Diario - Decano de la prensa nacional","description":"El Diario - Decano de la prensa nacional","publisher":{"@id":"https:\/\/www.eldiario.net\/portal\/#organization"},"potentialAction":[{"@type":"SearchAction","target":{"@type":"EntryPoint","urlTemplate":"https:\/\/www.eldiario.net\/portal\/?s={search_term_string}"},"query-input":{"@type":"PropertyValueSpecification","valueRequired":true,"valueName":"search_term_string"}}],"inLanguage":"es"},{"@type":"Organization","@id":"https:\/\/www.eldiario.net\/portal\/#organization","name":"El Diario - Decano de la prensa nacional","url":"https:\/\/www.eldiario.net\/portal\/","logo":{"@type":"ImageObject","inLanguage":"es","@id":"https:\/\/www.eldiario.net\/portal\/#\/schema\/logo\/image\/","url":"https:\/\/www.eldiario.net\/portal\/wp-content\/uploads\/2023\/07\/logo_ED.jpg","contentUrl":"https:\/\/www.eldiario.net\/portal\/wp-content\/uploads\/2023\/07\/logo_ED.jpg","width":272,"height":52,"caption":"El Diario - Decano de la prensa nacional"},"image":{"@id":"https:\/\/www.eldiario.net\/portal\/#\/schema\/logo\/image\/"},"sameAs":["https:\/\/www.facebook.com\/eldiario.bolivia\/","https:\/\/x.com\/eldiario_net"]},{"@type":"Person","@id":"https:\/\/www.eldiario.net\/portal\/#\/schema\/person\/2c57cf2b7a7ae032e449e4c9b1019eac","name":"Jeanette","image":{"@type":"ImageObject","inLanguage":"es","@id":"https:\/\/secure.gravatar.com\/avatar\/3ea2118a5f7dad2b7138b1187a6b7ee55f160b9968b66013c3a3ef39dd7e5798?s=96&d=mm&r=g","url":"https:\/\/secure.gravatar.com\/avatar\/3ea2118a5f7dad2b7138b1187a6b7ee55f160b9968b66013c3a3ef39dd7e5798?s=96&d=mm&r=g","contentUrl":"https:\/\/secure.gravatar.com\/avatar\/3ea2118a5f7dad2b7138b1187a6b7ee55f160b9968b66013c3a3ef39dd7e5798?s=96&d=mm&r=g","caption":"Jeanette"},"sameAs":["https:\/\/www.eldiario.net\/portal"],"url":"https:\/\/www.eldiario.net\/portal\/author\/jeanette\/"}]}},"_links":{"self":[{"href":"https:\/\/www.eldiario.net\/portal\/wp-json\/wp\/v2\/posts\/427856","targetHints":{"allow":["GET"]}}],"collection":[{"href":"https:\/\/www.eldiario.net\/portal\/wp-json\/wp\/v2\/posts"}],"about":[{"href":"https:\/\/www.eldiario.net\/portal\/wp-json\/wp\/v2\/types\/post"}],"author":[{"embeddable":true,"href":"https:\/\/www.eldiario.net\/portal\/wp-json\/wp\/v2\/users\/1"}],"replies":[{"embeddable":true,"href":"https:\/\/www.eldiario.net\/portal\/wp-json\/wp\/v2\/comments?post=427856"}],"version-history":[{"count":1,"href":"https:\/\/www.eldiario.net\/portal\/wp-json\/wp\/v2\/posts\/427856\/revisions"}],"predecessor-version":[{"id":427859,"href":"https:\/\/www.eldiario.net\/portal\/wp-json\/wp\/v2\/posts\/427856\/revisions\/427859"}],"wp:featuredmedia":[{"embeddable":true,"href":"https:\/\/www.eldiario.net\/portal\/wp-json\/wp\/v2\/media\/427857"}],"wp:attachment":[{"href":"https:\/\/www.eldiario.net\/portal\/wp-json\/wp\/v2\/media?parent=427856"}],"wp:term":[{"taxonomy":"category","embeddable":true,"href":"https:\/\/www.eldiario.net\/portal\/wp-json\/wp\/v2\/categories?post=427856"},{"taxonomy":"post_tag","embeddable":true,"href":"https:\/\/www.eldiario.net\/portal\/wp-json\/wp\/v2\/tags?post=427856"}],"curies":[{"name":"wp","href":"https:\/\/api.w.org\/{rel}","templated":true}]}}