{"id":427849,"date":"2026-09-05T00:32:12","date_gmt":"2026-09-05T04:32:12","guid":{"rendered":"https:\/\/www.eldiario.net\/portal\/?p=427849"},"modified":"2026-09-04T22:35:16","modified_gmt":"2026-09-05T02:35:16","slug":"estadio-hernando-siles-el-templo-del-futbol-boliviano","status":"publish","type":"post","link":"https:\/\/www.eldiario.net\/portal\/2026\/09\/05\/estadio-hernando-siles-el-templo-del-futbol-boliviano\/","title":{"rendered":"ESTADIO HERNANDO SILES:   EL TEMPLO DEL F\u00daTBOL BOLIVIANO"},"content":{"rendered":"<p>Inaugurado en 1930 en el barrio pace\u00f1o de Miraflores y ubicado a 3.577 metros sobre el nivel del mar, el Estadio Ol\u00edmpico Hernando Siles se consolid\u00f3 como el templo ab-soluto del f\u00fatbol boliviano. Durante d\u00e9cadas, sus tribunas albergaron los episodios m\u00e1s gloriosos y emotivos de la Selecci\u00f3n Nacional.<br \/>\nA lo largo de la historia de las Eliminatorias Sudamericanas, la Verde disput\u00f3 82 compromisos en la gramado miraflorino desde su primer partido clasificatorio en 1957. En ese lapso, el fort\u00edn de la Verde acumul\u00f3 un registro oficial de 40 victorias, 20 empates y 22 derrotas, convirtiendo a La Paz en una plaza sumamente respetada.<br \/>\nEl 25 de julio de 1993, Miraflores atestigu\u00f3 otra haza\u00f1a inolvidable: la hist\u00f3rica victoria por 2-0 sobre la Canarinha con goles de Marco Antonio Etcheverry y \u00c1lvaro Pe\u00f1a. Ese triunfo rompi\u00f3 el invicto hist\u00f3rico de Brasil en eliminatorias mundialistas y allan\u00f3 el camino para la inolvidable clasificaci\u00f3n al Mundial de Estados Unidos 1994.<br \/>\nEl 1 de abril de 2009, el coloso de La Paz volvi\u00f3 a ser portada internacional con el categ\u00f3rico 6-1 infligido a la Argentina dirigida por Diego Maradona y capitaneada por Lionel Messi. Los goles de Joaqu\u00edn Botero, Marcelo Martins, Alex da Rosa y Didi Torri-co consumaron la mayor goleada sufrida por la Albiceleste en competencias clasificatorias.<br \/>\nAdem\u00e1s, el estadio presenci\u00f3 partidos emblem\u00e1ticos como el aplastante 7-0 propinado a Venezuela en las clasificatorias de 1993 y fue el escenario principal donde la Verde disput\u00f3 la final de la Copa Am\u00e9rica 1997 frente a Brasil.<br \/>\nEn a\u00f1os recientes, la Federaci\u00f3n Boliviana de F\u00fatbol apost\u00f3 por mudar la local\u00eda de la Verde al Estadio Municipal de El Alto en Villa Ingenio, buscando aprovechar las condiciones geogr\u00e1ficas de dicha ciudad. No obstante, este cambio no es definitivo, ya que el emblem\u00e1tico escenario de Miraflores mantiene sus puertas abiertas para re-cibir nuevamente a la selecci\u00f3n en compromisos oficiales.<br \/>\nEl Hernando Siles se mantiene como el escenario deportivo con mayor peso hist\u00f3rico de la naci\u00f3n, conservando intacto su estatus de hogar espiritual del balompi\u00e9 boli-viano.<\/p>\n<p><em>POL\u00c9MICA<\/em><\/p>\n<p><strong>Alcald\u00eda de El Alto mantiene las puertas abiertas a la Verde<\/strong><\/p>\n<p>La Alcald\u00eda de El Alto desminti\u00f3 categ\u00f3ricamente los rumores sobre un supuesto deterioro del Estadio Municipal de Villa Ingenio y ratific\u00f3 que el escenario deportivo se encuentra plenamente operativo. A trav\u00e9s de un comunicado y pronunciamiento oficial, las autoridades locales aseguraron las condiciones del recinto para albergar futuros partidos de la Verde. La alcald\u00eda garantiz\u00f3 el cuidado de la infraestructura y del c\u00e9sped natural, remarcando que el campo de juego ha sido utilizado bajo las autorizaciones correspondientes y con mantenimiento constante. Las autoridades alte\u00f1as reafirmaron el respaldo institucional a la Federaci\u00f3n Boliviana de F\u00fatbol para los partidos de la Verde.<\/p>\n<p><strong>DATOS<\/strong><\/p>\n<p>82 Partidos disputados por Bolivia en marco de Eliminatorias.<\/p>\n<p>40 Victorias cosechadas por la Verde en Eliminatorias.<\/p>\n<p>144 Goles hizo la selecci\u00f3n boliviana en el estadio Hernando Siles.<\/p>\n<p>2009 A\u00f1o del triunfo por 6-1 sobre Argentina de Messi y Maradona.<\/p>\n<p><em>ERWIN QUISPE PERCA<\/em><\/p>\n\r\n                <style type=\"text\/css\">\r\n                    \r\n                    #tdi_1  .td-doubleSlider-2 .td-item1 {\r\n                        background: url(https:\/\/www.eldiario.net\/portal\/wp-content\/uploads\/2026\/09\/Principal-80x60.webp) 0 0 no-repeat;\r\n                    }\r\n                    #tdi_1  .td-doubleSlider-2 .td-item2 {\r\n                        background: url(https:\/\/www.eldiario.net\/portal\/wp-content\/uploads\/2026\/09\/PRINCIPAL-2-80x60.webp) 0 0 no-repeat;\r\n                    }\r\n                <\/style>\r\n\r\n                <div id=\"tdi_1\" class=\"td-gallery td-slide-on-2-columns\">\r\n                    <div class=\"post_td_gallery\">\r\n                        <div class=\"td-gallery-slide-top\">\r\n                           <div class=\"td-gallery-title\"><\/div>\r\n\r\n                            <div class=\"td-gallery-controls-wrapper\">\r\n                                <div class=\"td-gallery-slide-count\"><span class=\"td-gallery-slide-item-focus\">1<\/span> de 2<\/div>\r\n                                <div class=\"td-gallery-slide-prev-next-but\">\r\n                                    <i class = \"td-icon-left doubleSliderPrevButton\"><\/i>\r\n                                    <i class = \"td-icon-right doubleSliderNextButton\"><\/i>\r\n                                <\/div>\r\n                            <\/div>\r\n                        <\/div>\r\n\r\n                        <div class = \"td-doubleSlider-1 \">\r\n                            <div class = \"td-slider\">\r\n                                \r\n                    <div class = \"td-slide-item td-item1\">\r\n                        <figure class=\"td-slide-galery-figure td-slide-popup-gallery\">\r\n                            <a class=\"slide-gallery-image-link\" href=\"https:\/\/www.eldiario.net\/portal\/wp-content\/uploads\/2026\/09\/Principal.webp\" title=\"Principal\"  data-caption=\" Marco Antonio &quot;El Diablo&quot; Etcheverry, en el hist\u00f3rico partido contra Brasil en las eliminatorias de 1994.\"  data-description=\" Marco Antonio &quot;El Diablo&quot; Etcheverry, en el hist&oacute;rico partido contra Brasil en las eliminatorias de 1994.\">\r\n                                <img decoding=\"async\" src=\"https:\/\/www.eldiario.net\/portal\/wp-content\/uploads\/2026\/09\/Principal-450x420.webp\" srcset=\"https:\/\/www.eldiario.net\/portal\/wp-content\/uploads\/2026\/09\/Principal-450x420.webp 450w, https:\/\/www.eldiario.net\/portal\/wp-content\/uploads\/2026\/09\/Principal-300x280.webp 300w, https:\/\/www.eldiario.net\/portal\/wp-content\/uploads\/2026\/09\/Principal-768x717.webp 768w, https:\/\/www.eldiario.net\/portal\/wp-content\/uploads\/2026\/09\/Principal-150x140.webp 150w, https:\/\/www.eldiario.net\/portal\/wp-content\/uploads\/2026\/09\/Principal-696x650.webp 696w, https:\/\/www.eldiario.net\/portal\/wp-content\/uploads\/2026\/09\/Principal.webp 830w\" sizes=\"(max-width: 450px) 100vw, 450px\" alt=\"\">\r\n                            <\/a>\r\n                            <figcaption class = \"td-slide-caption td-gallery-slide-content\"><div class = \"td-gallery-slide-copywrite\"> Marco Antonio \"El Diablo\" Etcheverry, en el hist\u00f3rico partido contra Brasil en las eliminatorias de 1994.<\/div><span> Marco Antonio \"El Diablo\" Etcheverry, en el hist\u00f3rico partido contra Brasil en las eliminatorias de 1994.<\/span><\/figcaption>\r\n                        <\/figure>\r\n                    <\/div>\r\n                    <div class = \"td-slide-item td-item2\">\r\n                        <figure class=\"td-slide-galery-figure td-slide-popup-gallery\">\r\n                            <a class=\"slide-gallery-image-link\" href=\"https:\/\/www.eldiario.net\/portal\/wp-content\/uploads\/2026\/09\/PRINCIPAL-2.webp\" title=\"PRINCIPAL-2\"  data-caption=\" Lionel Messi y su tristeza tras la goleada por 6-1 en el m\u00edtico estadio.\"  data-description=\" Lionel Messi y su tristeza tras la goleada por 6-1 en el m&iacute;tico estadio.\">\r\n                                <img decoding=\"async\" src=\"https:\/\/www.eldiario.net\/portal\/wp-content\/uploads\/2026\/09\/PRINCIPAL-2-432x420.webp\" srcset=\"https:\/\/www.eldiario.net\/portal\/wp-content\/uploads\/2026\/09\/PRINCIPAL-2-432x420.webp 432w, https:\/\/www.eldiario.net\/portal\/wp-content\/uploads\/2026\/09\/PRINCIPAL-2-300x291.webp 300w, https:\/\/www.eldiario.net\/portal\/wp-content\/uploads\/2026\/09\/PRINCIPAL-2-150x146.webp 150w, https:\/\/www.eldiario.net\/portal\/wp-content\/uploads\/2026\/09\/PRINCIPAL-2.webp 494w\" sizes=\"(max-width: 432px) 100vw, 432px\" alt=\"\">\r\n                            <\/a>\r\n                            <figcaption class = \"td-slide-caption td-gallery-slide-content\"><div class = \"td-gallery-slide-copywrite\"> Lionel Messi y su tristeza tras la goleada por 6-1 en el m\u00edtico estadio.<\/div><span> Lionel Messi y su tristeza tras la goleada por 6-1 en el m\u00edtico estadio.<\/span><\/figcaption>\r\n                        <\/figure>\r\n                    <\/div>\r\n                            <\/div>\r\n                        <\/div>\r\n\r\n                        <div class = \"td-doubleSlider-2\">\r\n                            <div class = \"td-slider\">\r\n                                \r\n                    <div class = \"td-button td-item1\">\r\n                        <div class = \"td-border\"><\/div>\r\n                    <\/div>\r\n                    <div class = \"td-button td-item2\">\r\n                        <div class = \"td-border\"><\/div>\r\n                    <\/div>\r\n                            <\/div>\r\n                        <\/div>\r\n\r\n                    <\/div>\r\n\r\n                <\/div>\r\n                \n","protected":false},"excerpt":{"rendered":"<p>Inaugurado en 1930 en el barrio pace\u00f1o de Miraflores y ubicado a 3.577 metros sobre el nivel del mar, el Estadio Ol\u00edmpico Hernando Siles se consolid\u00f3 como el templo ab-soluto del f\u00fatbol boliviano. Durante d\u00e9cadas, sus tribunas albergaron los episodios m\u00e1s gloriosos y emotivos de la Selecci\u00f3n Nacional. A lo largo de la historia de [&hellip;]<\/p>\n","protected":false},"author":1,"featured_media":427850,"comment_status":"closed","ping_status":"open","sticky":false,"template":"","format":"standard","meta":{"_acf_changed":false,"footnotes":""},"categories":[6],"tags":[],"class_list":["post-427849","post","type-post","status-publish","format-standard","has-post-thumbnail","category-deportes"],"acf":{"antetitulo":""},"yoast_head":"<!-- This site is optimized with the Yoast SEO plugin v28.4 - https:\/\/yoast.com\/product\/yoast-seo-wordpress\/ -->\n<title>ESTADIO HERNANDO SILES:  EL TEMPLO DEL F\u00daTBOL BOLIVIANO - El Diario - Bolivia<\/title>\n<meta name=\"robots\" content=\"index, follow, max-snippet:-1, max-image-preview:large, max-video-preview:-1\" \/>\n<link rel=\"canonical\" href=\"https:\/\/www.eldiario.net\/portal\/2026\/09\/05\/estadio-hernando-siles-el-templo-del-futbol-boliviano\/\" \/>\n<meta property=\"og:locale\" content=\"es_ES\" \/>\n<meta property=\"og:type\" content=\"article\" \/>\n<meta property=\"og:title\" content=\"ESTADIO HERNANDO SILES:  EL TEMPLO DEL F\u00daTBOL BOLIVIANO - El Diario - Bolivia\" \/>\n<meta property=\"og:description\" content=\"Inaugurado en 1930 en el barrio pace\u00f1o de Miraflores y ubicado a 3.577 metros sobre el nivel del mar, el Estadio Ol\u00edmpico Hernando Siles se consolid\u00f3 como el templo ab-soluto del f\u00fatbol boliviano. Durante d\u00e9cadas, sus tribunas albergaron los episodios m\u00e1s gloriosos y emotivos de la Selecci\u00f3n Nacional. A lo largo de la historia de [&hellip;]\" \/>\n<meta property=\"og:url\" content=\"https:\/\/www.eldiario.net\/portal\/2026\/09\/05\/estadio-hernando-siles-el-templo-del-futbol-boliviano\/\" \/>\n<meta property=\"og:site_name\" content=\"El Diario - Bolivia\" \/>\n<meta property=\"article:publisher\" content=\"https:\/\/www.facebook.com\/eldiario.bolivia\/\" \/>\n<meta property=\"article:published_time\" content=\"2026-09-05T04:32:12+00:00\" \/>\n<meta property=\"og:image\" content=\"https:\/\/www.eldiario.net\/portal\/wp-content\/uploads\/2026\/09\/Principal.webp\" \/>\n\t<meta property=\"og:image:width\" content=\"830\" \/>\n\t<meta property=\"og:image:height\" content=\"775\" \/>\n\t<meta property=\"og:image:type\" content=\"image\/webp\" \/>\n<meta name=\"author\" content=\"Jeanette\" \/>\n<meta name=\"twitter:card\" content=\"summary_large_image\" \/>\n<meta name=\"twitter:creator\" content=\"@eldiario_net\" \/>\n<meta name=\"twitter:site\" content=\"@eldiario_net\" \/>\n<meta name=\"twitter:label1\" content=\"Escrito por\" \/>\n\t<meta name=\"twitter:data1\" content=\"Jeanette\" \/>\n\t<meta name=\"twitter:label2\" content=\"Tiempo de lectura\" \/>\n\t<meta name=\"twitter:data2\" content=\"3 minutos\" \/>\n<script type=\"application\/ld+json\" class=\"yoast-schema-graph\">{\"@context\":\"https:\\\/\\\/schema.org\",\"@graph\":[{\"@type\":\"Article\",\"@id\":\"https:\\\/\\\/www.eldiario.net\\\/portal\\\/2026\\\/09\\\/05\\\/estadio-hernando-siles-el-templo-del-futbol-boliviano\\\/#article\",\"isPartOf\":{\"@id\":\"https:\\\/\\\/www.eldiario.net\\\/portal\\\/2026\\\/09\\\/05\\\/estadio-hernando-siles-el-templo-del-futbol-boliviano\\\/\"},\"author\":{\"name\":\"Jeanette\",\"@id\":\"https:\\\/\\\/www.eldiario.net\\\/portal\\\/#\\\/schema\\\/person\\\/2c57cf2b7a7ae032e449e4c9b1019eac\"},\"headline\":\"ESTADIO HERNANDO SILES: EL TEMPLO DEL F\u00daTBOL BOLIVIANO\",\"datePublished\":\"2026-09-05T04:32:12+00:00\",\"mainEntityOfPage\":{\"@id\":\"https:\\\/\\\/www.eldiario.net\\\/portal\\\/2026\\\/09\\\/05\\\/estadio-hernando-siles-el-templo-del-futbol-boliviano\\\/\"},\"wordCount\":530,\"publisher\":{\"@id\":\"https:\\\/\\\/www.eldiario.net\\\/portal\\\/#organization\"},\"image\":{\"@id\":\"https:\\\/\\\/www.eldiario.net\\\/portal\\\/2026\\\/09\\\/05\\\/estadio-hernando-siles-el-templo-del-futbol-boliviano\\\/#primaryimage\"},\"thumbnailUrl\":\"https:\\\/\\\/www.eldiario.net\\\/portal\\\/wp-content\\\/uploads\\\/2026\\\/09\\\/Principal.webp\",\"articleSection\":[\"Deportes\"],\"inLanguage\":\"es\"},{\"@type\":\"WebPage\",\"@id\":\"https:\\\/\\\/www.eldiario.net\\\/portal\\\/2026\\\/09\\\/05\\\/estadio-hernando-siles-el-templo-del-futbol-boliviano\\\/\",\"url\":\"https:\\\/\\\/www.eldiario.net\\\/portal\\\/2026\\\/09\\\/05\\\/estadio-hernando-siles-el-templo-del-futbol-boliviano\\\/\",\"name\":\"ESTADIO HERNANDO SILES: EL TEMPLO DEL F\u00daTBOL BOLIVIANO - El Diario - Bolivia\",\"isPartOf\":{\"@id\":\"https:\\\/\\\/www.eldiario.net\\\/portal\\\/#website\"},\"primaryImageOfPage\":{\"@id\":\"https:\\\/\\\/www.eldiario.net\\\/portal\\\/2026\\\/09\\\/05\\\/estadio-hernando-siles-el-templo-del-futbol-boliviano\\\/#primaryimage\"},\"image\":{\"@id\":\"https:\\\/\\\/www.eldiario.net\\\/portal\\\/2026\\\/09\\\/05\\\/estadio-hernando-siles-el-templo-del-futbol-boliviano\\\/#primaryimage\"},\"thumbnailUrl\":\"https:\\\/\\\/www.eldiario.net\\\/portal\\\/wp-content\\\/uploads\\\/2026\\\/09\\\/Principal.webp\",\"datePublished\":\"2026-09-05T04:32:12+00:00\",\"breadcrumb\":{\"@id\":\"https:\\\/\\\/www.eldiario.net\\\/portal\\\/2026\\\/09\\\/05\\\/estadio-hernando-siles-el-templo-del-futbol-boliviano\\\/#breadcrumb\"},\"inLanguage\":\"es\",\"potentialAction\":[{\"@type\":\"ReadAction\",\"target\":[\"https:\\\/\\\/www.eldiario.net\\\/portal\\\/2026\\\/09\\\/05\\\/estadio-hernando-siles-el-templo-del-futbol-boliviano\\\/\"]}]},{\"@type\":\"ImageObject\",\"inLanguage\":\"es\",\"@id\":\"https:\\\/\\\/www.eldiario.net\\\/portal\\\/2026\\\/09\\\/05\\\/estadio-hernando-siles-el-templo-del-futbol-boliviano\\\/#primaryimage\",\"url\":\"https:\\\/\\\/www.eldiario.net\\\/portal\\\/wp-content\\\/uploads\\\/2026\\\/09\\\/Principal.webp\",\"contentUrl\":\"https:\\\/\\\/www.eldiario.net\\\/portal\\\/wp-content\\\/uploads\\\/2026\\\/09\\\/Principal.webp\",\"width\":830,\"height\":775,\"caption\":\"Marco Antonio \\\"El Diablo\\\" Etcheverry, en el hist\u00f3rico partido contra Brasil en las eliminatorias de 1994.\"},{\"@type\":\"BreadcrumbList\",\"@id\":\"https:\\\/\\\/www.eldiario.net\\\/portal\\\/2026\\\/09\\\/05\\\/estadio-hernando-siles-el-templo-del-futbol-boliviano\\\/#breadcrumb\",\"itemListElement\":[{\"@type\":\"ListItem\",\"position\":1,\"name\":\"Portada\",\"item\":\"https:\\\/\\\/www.eldiario.net\\\/portal\\\/\"},{\"@type\":\"ListItem\",\"position\":2,\"name\":\"ESTADIO HERNANDO SILES: EL TEMPLO DEL F\u00daTBOL BOLIVIANO\"}]},{\"@type\":\"WebSite\",\"@id\":\"https:\\\/\\\/www.eldiario.net\\\/portal\\\/#website\",\"url\":\"https:\\\/\\\/www.eldiario.net\\\/portal\\\/\",\"name\":\"El Diario - Decano de la prensa nacional\",\"description\":\"El Diario - Decano de la prensa nacional\",\"publisher\":{\"@id\":\"https:\\\/\\\/www.eldiario.net\\\/portal\\\/#organization\"},\"potentialAction\":[{\"@type\":\"SearchAction\",\"target\":{\"@type\":\"EntryPoint\",\"urlTemplate\":\"https:\\\/\\\/www.eldiario.net\\\/portal\\\/?s={search_term_string}\"},\"query-input\":{\"@type\":\"PropertyValueSpecification\",\"valueRequired\":true,\"valueName\":\"search_term_string\"}}],\"inLanguage\":\"es\"},{\"@type\":\"Organization\",\"@id\":\"https:\\\/\\\/www.eldiario.net\\\/portal\\\/#organization\",\"name\":\"El Diario - Decano de la prensa nacional\",\"url\":\"https:\\\/\\\/www.eldiario.net\\\/portal\\\/\",\"logo\":{\"@type\":\"ImageObject\",\"inLanguage\":\"es\",\"@id\":\"https:\\\/\\\/www.eldiario.net\\\/portal\\\/#\\\/schema\\\/logo\\\/image\\\/\",\"url\":\"https:\\\/\\\/www.eldiario.net\\\/portal\\\/wp-content\\\/uploads\\\/2023\\\/07\\\/logo_ED.jpg\",\"contentUrl\":\"https:\\\/\\\/www.eldiario.net\\\/portal\\\/wp-content\\\/uploads\\\/2023\\\/07\\\/logo_ED.jpg\",\"width\":272,\"height\":52,\"caption\":\"El Diario - Decano de la prensa nacional\"},\"image\":{\"@id\":\"https:\\\/\\\/www.eldiario.net\\\/portal\\\/#\\\/schema\\\/logo\\\/image\\\/\"},\"sameAs\":[\"https:\\\/\\\/www.facebook.com\\\/eldiario.bolivia\\\/\",\"https:\\\/\\\/x.com\\\/eldiario_net\"]},{\"@type\":\"Person\",\"@id\":\"https:\\\/\\\/www.eldiario.net\\\/portal\\\/#\\\/schema\\\/person\\\/2c57cf2b7a7ae032e449e4c9b1019eac\",\"name\":\"Jeanette\",\"image\":{\"@type\":\"ImageObject\",\"inLanguage\":\"es\",\"@id\":\"https:\\\/\\\/secure.gravatar.com\\\/avatar\\\/3ea2118a5f7dad2b7138b1187a6b7ee55f160b9968b66013c3a3ef39dd7e5798?s=96&d=mm&r=g\",\"url\":\"https:\\\/\\\/secure.gravatar.com\\\/avatar\\\/3ea2118a5f7dad2b7138b1187a6b7ee55f160b9968b66013c3a3ef39dd7e5798?s=96&d=mm&r=g\",\"contentUrl\":\"https:\\\/\\\/secure.gravatar.com\\\/avatar\\\/3ea2118a5f7dad2b7138b1187a6b7ee55f160b9968b66013c3a3ef39dd7e5798?s=96&d=mm&r=g\",\"caption\":\"Jeanette\"},\"sameAs\":[\"https:\\\/\\\/www.eldiario.net\\\/portal\"],\"url\":\"https:\\\/\\\/www.eldiario.net\\\/portal\\\/author\\\/jeanette\\\/\"}]}<\/script>\n<!-- \/ Yoast SEO plugin. -->","yoast_head_json":{"title":"ESTADIO HERNANDO SILES:  EL TEMPLO DEL F\u00daTBOL BOLIVIANO - El Diario - Bolivia","robots":{"index":"index","follow":"follow","max-snippet":"max-snippet:-1","max-image-preview":"max-image-preview:large","max-video-preview":"max-video-preview:-1"},"canonical":"https:\/\/www.eldiario.net\/portal\/2026\/09\/05\/estadio-hernando-siles-el-templo-del-futbol-boliviano\/","og_locale":"es_ES","og_type":"article","og_title":"ESTADIO HERNANDO SILES:  EL TEMPLO DEL F\u00daTBOL BOLIVIANO - El Diario - Bolivia","og_description":"Inaugurado en 1930 en el barrio pace\u00f1o de Miraflores y ubicado a 3.577 metros sobre el nivel del mar, el Estadio Ol\u00edmpico Hernando Siles se consolid\u00f3 como el templo ab-soluto del f\u00fatbol boliviano. Durante d\u00e9cadas, sus tribunas albergaron los episodios m\u00e1s gloriosos y emotivos de la Selecci\u00f3n Nacional. A lo largo de la historia de [&hellip;]","og_url":"https:\/\/www.eldiario.net\/portal\/2026\/09\/05\/estadio-hernando-siles-el-templo-del-futbol-boliviano\/","og_site_name":"El Diario - Bolivia","article_publisher":"https:\/\/www.facebook.com\/eldiario.bolivia\/","article_published_time":"2026-09-05T04:32:12+00:00","og_image":[{"width":830,"height":775,"url":"https:\/\/www.eldiario.net\/portal\/wp-content\/uploads\/2026\/09\/Principal.webp","type":"image\/webp"}],"author":"Jeanette","twitter_card":"summary_large_image","twitter_creator":"@eldiario_net","twitter_site":"@eldiario_net","twitter_misc":{"Escrito por":"Jeanette","Tiempo de lectura":"3 minutos"},"schema":{"@context":"https:\/\/schema.org","@graph":[{"@type":"Article","@id":"https:\/\/www.eldiario.net\/portal\/2026\/09\/05\/estadio-hernando-siles-el-templo-del-futbol-boliviano\/#article","isPartOf":{"@id":"https:\/\/www.eldiario.net\/portal\/2026\/09\/05\/estadio-hernando-siles-el-templo-del-futbol-boliviano\/"},"author":{"name":"Jeanette","@id":"https:\/\/www.eldiario.net\/portal\/#\/schema\/person\/2c57cf2b7a7ae032e449e4c9b1019eac"},"headline":"ESTADIO HERNANDO SILES: EL TEMPLO DEL F\u00daTBOL BOLIVIANO","datePublished":"2026-09-05T04:32:12+00:00","mainEntityOfPage":{"@id":"https:\/\/www.eldiario.net\/portal\/2026\/09\/05\/estadio-hernando-siles-el-templo-del-futbol-boliviano\/"},"wordCount":530,"publisher":{"@id":"https:\/\/www.eldiario.net\/portal\/#organization"},"image":{"@id":"https:\/\/www.eldiario.net\/portal\/2026\/09\/05\/estadio-hernando-siles-el-templo-del-futbol-boliviano\/#primaryimage"},"thumbnailUrl":"https:\/\/www.eldiario.net\/portal\/wp-content\/uploads\/2026\/09\/Principal.webp","articleSection":["Deportes"],"inLanguage":"es"},{"@type":"WebPage","@id":"https:\/\/www.eldiario.net\/portal\/2026\/09\/05\/estadio-hernando-siles-el-templo-del-futbol-boliviano\/","url":"https:\/\/www.eldiario.net\/portal\/2026\/09\/05\/estadio-hernando-siles-el-templo-del-futbol-boliviano\/","name":"ESTADIO HERNANDO SILES: EL TEMPLO DEL F\u00daTBOL BOLIVIANO - El Diario - Bolivia","isPartOf":{"@id":"https:\/\/www.eldiario.net\/portal\/#website"},"primaryImageOfPage":{"@id":"https:\/\/www.eldiario.net\/portal\/2026\/09\/05\/estadio-hernando-siles-el-templo-del-futbol-boliviano\/#primaryimage"},"image":{"@id":"https:\/\/www.eldiario.net\/portal\/2026\/09\/05\/estadio-hernando-siles-el-templo-del-futbol-boliviano\/#primaryimage"},"thumbnailUrl":"https:\/\/www.eldiario.net\/portal\/wp-content\/uploads\/2026\/09\/Principal.webp","datePublished":"2026-09-05T04:32:12+00:00","breadcrumb":{"@id":"https:\/\/www.eldiario.net\/portal\/2026\/09\/05\/estadio-hernando-siles-el-templo-del-futbol-boliviano\/#breadcrumb"},"inLanguage":"es","potentialAction":[{"@type":"ReadAction","target":["https:\/\/www.eldiario.net\/portal\/2026\/09\/05\/estadio-hernando-siles-el-templo-del-futbol-boliviano\/"]}]},{"@type":"ImageObject","inLanguage":"es","@id":"https:\/\/www.eldiario.net\/portal\/2026\/09\/05\/estadio-hernando-siles-el-templo-del-futbol-boliviano\/#primaryimage","url":"https:\/\/www.eldiario.net\/portal\/wp-content\/uploads\/2026\/09\/Principal.webp","contentUrl":"https:\/\/www.eldiario.net\/portal\/wp-content\/uploads\/2026\/09\/Principal.webp","width":830,"height":775,"caption":"Marco Antonio \"El Diablo\" Etcheverry, en el hist\u00f3rico partido contra Brasil en las eliminatorias de 1994."},{"@type":"BreadcrumbList","@id":"https:\/\/www.eldiario.net\/portal\/2026\/09\/05\/estadio-hernando-siles-el-templo-del-futbol-boliviano\/#breadcrumb","itemListElement":[{"@type":"ListItem","position":1,"name":"Portada","item":"https:\/\/www.eldiario.net\/portal\/"},{"@type":"ListItem","position":2,"name":"ESTADIO HERNANDO SILES: EL TEMPLO DEL F\u00daTBOL BOLIVIANO"}]},{"@type":"WebSite","@id":"https:\/\/www.eldiario.net\/portal\/#website","url":"https:\/\/www.eldiario.net\/portal\/","name":"El Diario - Decano de la prensa nacional","description":"El Diario - Decano de la prensa nacional","publisher":{"@id":"https:\/\/www.eldiario.net\/portal\/#organization"},"potentialAction":[{"@type":"SearchAction","target":{"@type":"EntryPoint","urlTemplate":"https:\/\/www.eldiario.net\/portal\/?s={search_term_string}"},"query-input":{"@type":"PropertyValueSpecification","valueRequired":true,"valueName":"search_term_string"}}],"inLanguage":"es"},{"@type":"Organization","@id":"https:\/\/www.eldiario.net\/portal\/#organization","name":"El Diario - Decano de la prensa nacional","url":"https:\/\/www.eldiario.net\/portal\/","logo":{"@type":"ImageObject","inLanguage":"es","@id":"https:\/\/www.eldiario.net\/portal\/#\/schema\/logo\/image\/","url":"https:\/\/www.eldiario.net\/portal\/wp-content\/uploads\/2023\/07\/logo_ED.jpg","contentUrl":"https:\/\/www.eldiario.net\/portal\/wp-content\/uploads\/2023\/07\/logo_ED.jpg","width":272,"height":52,"caption":"El Diario - Decano de la prensa nacional"},"image":{"@id":"https:\/\/www.eldiario.net\/portal\/#\/schema\/logo\/image\/"},"sameAs":["https:\/\/www.facebook.com\/eldiario.bolivia\/","https:\/\/x.com\/eldiario_net"]},{"@type":"Person","@id":"https:\/\/www.eldiario.net\/portal\/#\/schema\/person\/2c57cf2b7a7ae032e449e4c9b1019eac","name":"Jeanette","image":{"@type":"ImageObject","inLanguage":"es","@id":"https:\/\/secure.gravatar.com\/avatar\/3ea2118a5f7dad2b7138b1187a6b7ee55f160b9968b66013c3a3ef39dd7e5798?s=96&d=mm&r=g","url":"https:\/\/secure.gravatar.com\/avatar\/3ea2118a5f7dad2b7138b1187a6b7ee55f160b9968b66013c3a3ef39dd7e5798?s=96&d=mm&r=g","contentUrl":"https:\/\/secure.gravatar.com\/avatar\/3ea2118a5f7dad2b7138b1187a6b7ee55f160b9968b66013c3a3ef39dd7e5798?s=96&d=mm&r=g","caption":"Jeanette"},"sameAs":["https:\/\/www.eldiario.net\/portal"],"url":"https:\/\/www.eldiario.net\/portal\/author\/jeanette\/"}]}},"_links":{"self":[{"href":"https:\/\/www.eldiario.net\/portal\/wp-json\/wp\/v2\/posts\/427849","targetHints":{"allow":["GET"]}}],"collection":[{"href":"https:\/\/www.eldiario.net\/portal\/wp-json\/wp\/v2\/posts"}],"about":[{"href":"https:\/\/www.eldiario.net\/portal\/wp-json\/wp\/v2\/types\/post"}],"author":[{"embeddable":true,"href":"https:\/\/www.eldiario.net\/portal\/wp-json\/wp\/v2\/users\/1"}],"replies":[{"embeddable":true,"href":"https:\/\/www.eldiario.net\/portal\/wp-json\/wp\/v2\/comments?post=427849"}],"version-history":[{"count":1,"href":"https:\/\/www.eldiario.net\/portal\/wp-json\/wp\/v2\/posts\/427849\/revisions"}],"predecessor-version":[{"id":427852,"href":"https:\/\/www.eldiario.net\/portal\/wp-json\/wp\/v2\/posts\/427849\/revisions\/427852"}],"wp:featuredmedia":[{"embeddable":true,"href":"https:\/\/www.eldiario.net\/portal\/wp-json\/wp\/v2\/media\/427850"}],"wp:attachment":[{"href":"https:\/\/www.eldiario.net\/portal\/wp-json\/wp\/v2\/media?parent=427849"}],"wp:term":[{"taxonomy":"category","embeddable":true,"href":"https:\/\/www.eldiario.net\/portal\/wp-json\/wp\/v2\/categories?post=427849"},{"taxonomy":"post_tag","embeddable":true,"href":"https:\/\/www.eldiario.net\/portal\/wp-json\/wp\/v2\/tags?post=427849"}],"curies":[{"name":"wp","href":"https:\/\/api.w.org\/{rel}","templated":true}]}}