{"id":427833,"date":"2026-09-05T00:08:25","date_gmt":"2026-09-05T04:08:25","guid":{"rendered":"https:\/\/www.eldiario.net\/portal\/?p=427833"},"modified":"2026-09-04T22:10:41","modified_gmt":"2026-09-05T02:10:41","slug":"explosion-en-cuartel-de-viacha-deja-heridos-fallecidos-y-desaparecidos","status":"publish","type":"post","link":"https:\/\/www.eldiario.net\/portal\/2026\/09\/05\/explosion-en-cuartel-de-viacha-deja-heridos-fallecidos-y-desaparecidos\/","title":{"rendered":"Explosi\u00f3n en cuartel de Viacha deja heridos, fallecidos y desaparecidos"},"content":{"rendered":"<p>Una explosi\u00f3n registrada ayer en el Regimiento de Artiller\u00eda Mecanizada 2 \u201cLibertador Sim\u00f3n Bol\u00edvar\u201d, en Viacha, dej\u00f3 personas heridas, fallecidas y desaparecidas, adem\u00e1s de da\u00f1os materiales en viviendas de los alrededores. El hecho provoc\u00f3 la movilizaci\u00f3n de ambulancias, polic\u00edas, bomberos y personal m\u00e9dico para atender a los afectados y realizar labores de b\u00fasqueda.<\/p>\n<p>La emergencia se inici\u00f3 con una primera detonaci\u00f3n que afect\u00f3 parte del ingreso del recinto militar. Posteriormente se produjo una segunda explosi\u00f3n, de mayor intensidad, cuya onda expansiva alcanz\u00f3 a viviendas situadas en los alrededores del cuartel.<\/p>\n<p>Videos difundidos por vecinos y testigos muestran una columna de humo que sali\u00f3 del recinto militar y el momento en que se produjo una de las detonaciones. En las grabaciones se observa a personas corriendo y buscando ponerse a salvo ante la magnitud de la explosi\u00f3n.<\/p>\n<p>Durante la jornada se conocieron diferentes reportes sobre la cantidad de personas afectadas. El\u00a0director del Servicio Departamental de Salud (Sedes) La Paz, Jos\u00e9 Carrasco, inform\u00f3 inicialmente de 52 heridos, entre ellos seis menores de edad. Ocho de los pacientes presentaban lesiones de mayor consideraci\u00f3n y fueron derivados a centros m\u00e9dicos de La Paz y El Alto.<\/p>\n<p>Posteriormente, el\u00a0ministro de Defensa, Ernesto Justiniano, inform\u00f3 que se hab\u00edan confirmado 58 personas heridas: 52 civiles y seis militares. M\u00e1s tarde, el\u00a0subcomandante general de la Polic\u00eda, Roger Roca, report\u00f3 59 heridos, adem\u00e1s de dos personas fallecidas y siete desaparecidas.<\/p>\n<p>Roca explic\u00f3 que los equipos de emergencia fueron desplegados para atender a los afectados y que las tareas de investigaci\u00f3n se realizar\u00edan una vez despejado el lugar. El jefe policial se\u00f1al\u00f3 que se activaron los procedimientos para establecer las causas de lo ocurrido.<\/p>\n<p>El\u00a0alcalde de Viacha, Jenrry Patzi Mercado, tambi\u00e9n confirm\u00f3 la existencia de fallecidos y report\u00f3 que la cifra de heridos iba en aumento.\u00a0En otra declaraci\u00f3n, Patzi sostuvo que se hab\u00edan registrado m\u00e1s de 70 heridos y que la cifra pod\u00eda incrementarse.<\/p>\n<p>ATENCI\u00d3N M\u00c9DICA<\/p>\n<p>Los heridos fueron trasladados inicialmente al hospital de Viacha y posteriormente derivados, de acuerdo a la gravedad de sus lesiones, a diferentes centros m\u00e9dicos de El Alto y La Paz.<\/p>\n<p>Entre los afectados se encontraba una ni\u00f1a de cinco a\u00f1os, trasladada al Hospital del Ni\u00f1o con quemaduras de segundo grado. El Sedes tambi\u00e9n report\u00f3 seis menores de edad entre las personas heridas.<\/p>\n<p>Nueve pacientes fueron llevados a la Corporaci\u00f3n del Seguro Social Militar (Cossmil), ocho al hospital del Kenko y otros fueron derivados al Hospital de Cl\u00ednicas, Hospital del Ni\u00f1o, Hospital Obrero y Hospital del T\u00f3rax. El resto recibi\u00f3 atenci\u00f3n y estabilizaci\u00f3n en el hospital de Viacha.<\/p>\n<p>La Alcald\u00eda de El Alto moviliz\u00f3 ambulancias y personal de salud mediante el Sistema de Urgencias y Emergencias M\u00e9dicas (SUMA) para reforzar la atenci\u00f3n prehospitalaria y apoyar en el traslado de personas afectadas.<\/p>\n<p>Patzi cuestion\u00f3 que Viacha no cuente con un hospital con capacidad suficiente para responder a una emergencia de esta magnitud. Explic\u00f3 que los pacientes con lesiones graves tuvieron que ser trasladados a centros m\u00e9dicos de otras ciudades debido a las limitaciones del establecimiento municipal.<\/p>\n<p>Mientras se realizaban los traslados y la atenci\u00f3n m\u00e9dica, familiares de las personas heridas y desaparecidas realizaron una vigilia y permanecieron en los alrededores de los centros de salud a la espera de informaci\u00f3n sobre sus seres queridos.<\/p>\n<p>Las familias aguardaban confirmaci\u00f3n sobre el estado de salud de los heridos y el paradero de las personas que todav\u00eda no hab\u00edan sido ubicadas, en medio de los reportes que fueron actualizando durante la jornada el n\u00famero de afectados.<\/p>\n<p>INVESTIGAN LAS CAUSAS<\/p>\n<p>El Ministerio de Defensa inform\u00f3 que la detonaci\u00f3n se produjo en un sector del Centro General de Mantenimiento del RAM-2 \u201cBol\u00edvar\u201d donde se encontraba almacenado material pirot\u00e9cnico.<\/p>\n<p>Justiniano, inform\u00f3 que la detonaci\u00f3n ocurri\u00f3 en ese sector y que desde el momento del hecho se activaron los mecanismos de emergencia, evacuaci\u00f3n y atenci\u00f3n m\u00e9dica.<\/p>\n<p>\u201cSe produjo una detonaci\u00f3n en un sector donde se encontraba almacenado material pirot\u00e9cnico\u201d, inform\u00f3 Justiniano en un mensaje difundido en sus redes sociales.<\/p>\n<p>La versi\u00f3n oficial atribuye el hecho a la detonaci\u00f3n de material pirot\u00e9cnico, pero esta explicaci\u00f3n deber\u00e1 ser contrastada con los resultados de la investigaci\u00f3n t\u00e9cnica. Las im\u00e1genes y videos difundidos por vecinos muestran una explosi\u00f3n de gran magnitud y una segunda detonaci\u00f3n cuya onda expansiva provoc\u00f3 da\u00f1os en viviendas de los alrededores.<\/p>\n<p>La magnitud observada en las grabaciones, los da\u00f1os registrados fuera del recinto militar y la cantidad de personas afectadas plantean la necesidad de establecer con precisi\u00f3n qu\u00e9 material estaba almacenado, en qu\u00e9 condiciones se encontraba y si su presencia explica la dimensi\u00f3n de la explosi\u00f3n.<\/p>\n<p>Justiniano se\u00f1al\u00f3 que se activaron los mecanismos de emergencia, evacuaci\u00f3n y atenci\u00f3n m\u00e9dica, adem\u00e1s de disponer el aislamiento del sector. Tambi\u00e9n inform\u00f3 que se realizaban labores de b\u00fasqueda y verificaci\u00f3n entre los escombros ante reportes sobre posibles v\u00edctimas.<\/p>\n<p>El ministro evit\u00f3 inicialmente confirmar una cifra de fallecidos y se\u00f1al\u00f3 que esa informaci\u00f3n deb\u00eda ser verificada antes de ser comunicada oficialmente.\u00a0Posteriormente, Roca confirm\u00f3 dos personas fallecidas y siete desaparecidas.<\/p>\n<p>La investigaci\u00f3n t\u00e9cnica deber\u00e1 establecer las causas de la detonaci\u00f3n, las condiciones en las que se encontraba almacenado el material pirot\u00e9cnico y las responsabilidades que pudieran corresponder.<\/p>\n<p>\u201cSe ha dispuesto la investigaci\u00f3n t\u00e9cnica correspondiente para establecer con precisi\u00f3n las causas de la detonaci\u00f3n, las condiciones en las que se encontraba almacenado este material y las responsabilidades que pudieran corresponder\u201d, afirm\u00f3 Justiniano.<\/p>\n<p>Adem\u00e1s, se dispuso asegurar y aislar el sector, mantener los medios necesarios para la atenci\u00f3n de los heridos y brindar apoyo a las familias y vecinos afectados.<\/p>\n<p>DA\u00d1OS EN VIVIENDAS<\/p>\n<p>La fuerza de la explosi\u00f3n tambi\u00e9n provoc\u00f3 da\u00f1os en inmuebles situados alrededor del regimiento. Vecinos reportaron ventanas destruidas, afectaciones en muros y techos, adem\u00e1s de la ca\u00edda de piedras y fragmentos en calles y domicilios.<\/p>\n<p>En un recorrido por la zona se observaron viviendas con vidrios rotos en diferentes ambientes y da\u00f1os en estructuras.\u00a0Vecinos se\u00f1alaron que la onda expansiva se sinti\u00f3 aproximadamente a un kil\u00f3metro del recinto y que la segunda detonaci\u00f3n fue la que provoc\u00f3 mayores afectaciones.<\/p>\n<p>Una concejal de Viacha inform\u00f3 que las afectaciones alcanzaron varias cuadras y que en algunos sectores se encontraron piedras y restos met\u00e1licos provenientes del \u00e1rea de la explosi\u00f3n.<\/p>\n<p>Los testimonios recogidos en la zona describieron da\u00f1os en viviendas de dos plantas, ventanas completamente destruidas, calaminas desplazadas y partes de muros desprendidas. Un vecino relat\u00f3 que piedras de gran tama\u00f1o llegaron hasta su vivienda despu\u00e9s de la explosi\u00f3n.<\/p>\n<p>Hasta el cierre de la presente edici\u00f3n esos son los datos oficlaes presentadas por las autoridades y los reportes conocidos, no se hab\u00eda establecido una cantidad oficial de viviendas afectadas. La evaluaci\u00f3n de los da\u00f1os materiales qued\u00f3 a cargo de las autoridades correspondientes.<\/p>\n<p>Hasta el cierre de esta edici\u00f3n, las autoridades hab\u00edan confirmado dos fallecidos, siete desaparecidos y 59 heridos.\u00a0La cantidad de viviendas afectadas a\u00fan no hab\u00eda sido establecida oficialmente y la evaluaci\u00f3n de los da\u00f1os materiales continua pendiente de un reporte definitivo.<\/p>\n\r\n                <style type=\"text\/css\">\r\n                    \r\n                    #tdi_1  .td-doubleSlider-2 .td-item1 {\r\n                        background: url(https:\/\/www.eldiario.net\/portal\/wp-content\/uploads\/2026\/09\/5-REGI-1-80x60.webp) 0 0 no-repeat;\r\n                    }\r\n                    #tdi_1  .td-doubleSlider-2 .td-item2 {\r\n                        background: url(https:\/\/www.eldiario.net\/portal\/wp-content\/uploads\/2026\/09\/5-REGI-2-80x60.webp) 0 0 no-repeat;\r\n                    }\r\n                <\/style>\r\n\r\n                <div id=\"tdi_1\" class=\"td-gallery td-slide-on-2-columns\">\r\n                    <div class=\"post_td_gallery\">\r\n                        <div class=\"td-gallery-slide-top\">\r\n                           <div class=\"td-gallery-title\"><\/div>\r\n\r\n                            <div class=\"td-gallery-controls-wrapper\">\r\n                                <div class=\"td-gallery-slide-count\"><span class=\"td-gallery-slide-item-focus\">1<\/span> de 2<\/div>\r\n                                <div class=\"td-gallery-slide-prev-next-but\">\r\n                                    <i class = \"td-icon-left doubleSliderPrevButton\"><\/i>\r\n                                    <i class = \"td-icon-right doubleSliderNextButton\"><\/i>\r\n                                <\/div>\r\n                            <\/div>\r\n                        <\/div>\r\n\r\n                        <div class = \"td-doubleSlider-1 \">\r\n                            <div class = \"td-slider\">\r\n                                \r\n                    <div class = \"td-slide-item td-item1\">\r\n                        <figure class=\"td-slide-galery-figure td-slide-popup-gallery\">\r\n                            <a class=\"slide-gallery-image-link\" href=\"https:\/\/www.eldiario.net\/portal\/wp-content\/uploads\/2026\/09\/5-REGI-1.webp\" title=\"5-REGI-1\"  data-caption=\"La explosi\u00f3n gener\u00f3 una fuerte onda expansiva que provoc\u00f3 da\u00f1os en viviendas de los alrededores. APG\"  data-description=\"\">\r\n                                <img decoding=\"async\" src=\"https:\/\/www.eldiario.net\/portal\/wp-content\/uploads\/2026\/09\/5-REGI-1-509x420.webp\" srcset=\"https:\/\/www.eldiario.net\/portal\/wp-content\/uploads\/2026\/09\/5-REGI-1-509x420.webp 509w, https:\/\/www.eldiario.net\/portal\/wp-content\/uploads\/2026\/09\/5-REGI-1-300x247.webp 300w, https:\/\/www.eldiario.net\/portal\/wp-content\/uploads\/2026\/09\/5-REGI-1-1024x845.webp 1024w, https:\/\/www.eldiario.net\/portal\/wp-content\/uploads\/2026\/09\/5-REGI-1-768x634.webp 768w, https:\/\/www.eldiario.net\/portal\/wp-content\/uploads\/2026\/09\/5-REGI-1-150x124.webp 150w, https:\/\/www.eldiario.net\/portal\/wp-content\/uploads\/2026\/09\/5-REGI-1-696x574.webp 696w, https:\/\/www.eldiario.net\/portal\/wp-content\/uploads\/2026\/09\/5-REGI-1.webp 1034w\" sizes=\"(max-width: 509px) 100vw, 509px\" alt=\"\">\r\n                            <\/a>\r\n                            <figcaption class = \"td-slide-caption td-gallery-slide-content\"><div class = \"td-gallery-slide-copywrite\">La explosi\u00f3n gener\u00f3 una fuerte onda expansiva que provoc\u00f3 da\u00f1os en viviendas de los alrededores. APG<\/div><\/figcaption>\r\n                        <\/figure>\r\n                    <\/div>\r\n                    <div class = \"td-slide-item td-item2\">\r\n                        <figure class=\"td-slide-galery-figure td-slide-popup-gallery\">\r\n                            <a class=\"slide-gallery-image-link\" href=\"https:\/\/www.eldiario.net\/portal\/wp-content\/uploads\/2026\/09\/5-REGI-2.webp\" title=\"5 REGI 2\"  data-caption=\"El frontis del regimiento qued\u00f3 destruido y con escombros esparcidos en el ingreso.\"  data-description=\"El frontis del regimiento qued&oacute; destruido y con escombros esparcidos en el ingreso.\">\r\n                                <img decoding=\"async\" src=\"https:\/\/www.eldiario.net\/portal\/wp-content\/uploads\/2026\/09\/5-REGI-2-561x420.webp\" srcset=\"https:\/\/www.eldiario.net\/portal\/wp-content\/uploads\/2026\/09\/5-REGI-2-561x420.webp 561w, https:\/\/www.eldiario.net\/portal\/wp-content\/uploads\/2026\/09\/5-REGI-2-300x225.webp 300w, https:\/\/www.eldiario.net\/portal\/wp-content\/uploads\/2026\/09\/5-REGI-2-80x60.webp 80w, https:\/\/www.eldiario.net\/portal\/wp-content\/uploads\/2026\/09\/5-REGI-2-150x112.webp 150w, https:\/\/www.eldiario.net\/portal\/wp-content\/uploads\/2026\/09\/5-REGI-2.webp 590w\" sizes=\"(max-width: 561px) 100vw, 561px\" alt=\"\">\r\n                            <\/a>\r\n                            <figcaption class = \"td-slide-caption td-gallery-slide-content\"><div class = \"td-gallery-slide-copywrite\">El frontis del regimiento qued\u00f3 destruido y con escombros esparcidos en el ingreso.<\/div><span>El frontis del regimiento qued\u00f3 destruido y con escombros esparcidos en el ingreso.<\/span><\/figcaption>\r\n                        <\/figure>\r\n                    <\/div>\r\n                            <\/div>\r\n                        <\/div>\r\n\r\n                        <div class = \"td-doubleSlider-2\">\r\n                            <div class = \"td-slider\">\r\n                                \r\n                    <div class = \"td-button td-item1\">\r\n                        <div class = \"td-border\"><\/div>\r\n                    <\/div>\r\n                    <div class = \"td-button td-item2\">\r\n                        <div class = \"td-border\"><\/div>\r\n                    <\/div>\r\n                            <\/div>\r\n                        <\/div>\r\n\r\n                    <\/div>\r\n\r\n                <\/div>\r\n                \n","protected":false},"excerpt":{"rendered":"<p>Una explosi\u00f3n registrada ayer en el Regimiento de Artiller\u00eda Mecanizada 2 \u201cLibertador Sim\u00f3n Bol\u00edvar\u201d, en Viacha, dej\u00f3 personas heridas, fallecidas y desaparecidas, adem\u00e1s de da\u00f1os materiales en viviendas de los alrededores. El hecho provoc\u00f3 la movilizaci\u00f3n de ambulancias, polic\u00edas, bomberos y personal m\u00e9dico para atender a los afectados y realizar labores de b\u00fasqueda. La emergencia [&hellip;]<\/p>\n","protected":false},"author":1,"featured_media":427834,"comment_status":"closed","ping_status":"open","sticky":false,"template":"","format":"standard","meta":{"_acf_changed":false,"footnotes":""},"categories":[39],"tags":[],"class_list":["post-427833","post","type-post","status-publish","format-standard","has-post-thumbnail","category-sociedad"],"acf":{"antetitulo":"El recinto qued\u00f3 bajo aislamiento"},"yoast_head":"<!-- This site is optimized with the Yoast SEO plugin v28.4 - https:\/\/yoast.com\/product\/yoast-seo-wordpress\/ -->\n<title>Explosi\u00f3n en cuartel de Viacha deja heridos, fallecidos y desaparecidos - El Diario - Bolivia<\/title>\n<meta name=\"robots\" content=\"index, follow, max-snippet:-1, max-image-preview:large, max-video-preview:-1\" \/>\n<link rel=\"canonical\" href=\"https:\/\/www.eldiario.net\/portal\/2026\/09\/05\/explosion-en-cuartel-de-viacha-deja-heridos-fallecidos-y-desaparecidos\/\" \/>\n<meta property=\"og:locale\" content=\"es_ES\" \/>\n<meta property=\"og:type\" content=\"article\" \/>\n<meta property=\"og:title\" content=\"Explosi\u00f3n en cuartel de Viacha deja heridos, fallecidos y desaparecidos - El Diario - Bolivia\" \/>\n<meta property=\"og:description\" content=\"Una explosi\u00f3n registrada ayer en el Regimiento de Artiller\u00eda Mecanizada 2 \u201cLibertador Sim\u00f3n Bol\u00edvar\u201d, en Viacha, dej\u00f3 personas heridas, fallecidas y desaparecidas, adem\u00e1s de da\u00f1os materiales en viviendas de los alrededores. El hecho provoc\u00f3 la movilizaci\u00f3n de ambulancias, polic\u00edas, bomberos y personal m\u00e9dico para atender a los afectados y realizar labores de b\u00fasqueda. La emergencia [&hellip;]\" \/>\n<meta property=\"og:url\" content=\"https:\/\/www.eldiario.net\/portal\/2026\/09\/05\/explosion-en-cuartel-de-viacha-deja-heridos-fallecidos-y-desaparecidos\/\" \/>\n<meta property=\"og:site_name\" content=\"El Diario - Bolivia\" \/>\n<meta property=\"article:publisher\" content=\"https:\/\/www.facebook.com\/eldiario.bolivia\/\" \/>\n<meta property=\"article:published_time\" content=\"2026-09-05T04:08:25+00:00\" \/>\n<meta property=\"og:image\" content=\"https:\/\/www.eldiario.net\/portal\/wp-content\/uploads\/2026\/09\/5-REGI-1.webp\" \/>\n\t<meta property=\"og:image:width\" content=\"1034\" \/>\n\t<meta property=\"og:image:height\" content=\"853\" \/>\n\t<meta property=\"og:image:type\" content=\"image\/webp\" \/>\n<meta name=\"author\" content=\"Jeanette\" \/>\n<meta name=\"twitter:card\" content=\"summary_large_image\" \/>\n<meta name=\"twitter:creator\" content=\"@eldiario_net\" \/>\n<meta name=\"twitter:site\" content=\"@eldiario_net\" \/>\n<meta name=\"twitter:label1\" content=\"Escrito por\" \/>\n\t<meta name=\"twitter:data1\" content=\"Jeanette\" \/>\n\t<meta name=\"twitter:label2\" content=\"Tiempo de lectura\" \/>\n\t<meta name=\"twitter:data2\" content=\"6 minutos\" \/>\n<script type=\"application\/ld+json\" class=\"yoast-schema-graph\">{\"@context\":\"https:\\\/\\\/schema.org\",\"@graph\":[{\"@type\":\"Article\",\"@id\":\"https:\\\/\\\/www.eldiario.net\\\/portal\\\/2026\\\/09\\\/05\\\/explosion-en-cuartel-de-viacha-deja-heridos-fallecidos-y-desaparecidos\\\/#article\",\"isPartOf\":{\"@id\":\"https:\\\/\\\/www.eldiario.net\\\/portal\\\/2026\\\/09\\\/05\\\/explosion-en-cuartel-de-viacha-deja-heridos-fallecidos-y-desaparecidos\\\/\"},\"author\":{\"name\":\"Jeanette\",\"@id\":\"https:\\\/\\\/www.eldiario.net\\\/portal\\\/#\\\/schema\\\/person\\\/2c57cf2b7a7ae032e449e4c9b1019eac\"},\"headline\":\"Explosi\u00f3n en cuartel de Viacha deja heridos, fallecidos y desaparecidos\",\"datePublished\":\"2026-09-05T04:08:25+00:00\",\"mainEntityOfPage\":{\"@id\":\"https:\\\/\\\/www.eldiario.net\\\/portal\\\/2026\\\/09\\\/05\\\/explosion-en-cuartel-de-viacha-deja-heridos-fallecidos-y-desaparecidos\\\/\"},\"wordCount\":1283,\"publisher\":{\"@id\":\"https:\\\/\\\/www.eldiario.net\\\/portal\\\/#organization\"},\"image\":{\"@id\":\"https:\\\/\\\/www.eldiario.net\\\/portal\\\/2026\\\/09\\\/05\\\/explosion-en-cuartel-de-viacha-deja-heridos-fallecidos-y-desaparecidos\\\/#primaryimage\"},\"thumbnailUrl\":\"https:\\\/\\\/www.eldiario.net\\\/portal\\\/wp-content\\\/uploads\\\/2026\\\/09\\\/5-REGI-1.webp\",\"articleSection\":[\"Sociedad - Seguridad\"],\"inLanguage\":\"es\"},{\"@type\":\"WebPage\",\"@id\":\"https:\\\/\\\/www.eldiario.net\\\/portal\\\/2026\\\/09\\\/05\\\/explosion-en-cuartel-de-viacha-deja-heridos-fallecidos-y-desaparecidos\\\/\",\"url\":\"https:\\\/\\\/www.eldiario.net\\\/portal\\\/2026\\\/09\\\/05\\\/explosion-en-cuartel-de-viacha-deja-heridos-fallecidos-y-desaparecidos\\\/\",\"name\":\"Explosi\u00f3n en cuartel de Viacha deja heridos, fallecidos y desaparecidos - El Diario - Bolivia\",\"isPartOf\":{\"@id\":\"https:\\\/\\\/www.eldiario.net\\\/portal\\\/#website\"},\"primaryImageOfPage\":{\"@id\":\"https:\\\/\\\/www.eldiario.net\\\/portal\\\/2026\\\/09\\\/05\\\/explosion-en-cuartel-de-viacha-deja-heridos-fallecidos-y-desaparecidos\\\/#primaryimage\"},\"image\":{\"@id\":\"https:\\\/\\\/www.eldiario.net\\\/portal\\\/2026\\\/09\\\/05\\\/explosion-en-cuartel-de-viacha-deja-heridos-fallecidos-y-desaparecidos\\\/#primaryimage\"},\"thumbnailUrl\":\"https:\\\/\\\/www.eldiario.net\\\/portal\\\/wp-content\\\/uploads\\\/2026\\\/09\\\/5-REGI-1.webp\",\"datePublished\":\"2026-09-05T04:08:25+00:00\",\"breadcrumb\":{\"@id\":\"https:\\\/\\\/www.eldiario.net\\\/portal\\\/2026\\\/09\\\/05\\\/explosion-en-cuartel-de-viacha-deja-heridos-fallecidos-y-desaparecidos\\\/#breadcrumb\"},\"inLanguage\":\"es\",\"potentialAction\":[{\"@type\":\"ReadAction\",\"target\":[\"https:\\\/\\\/www.eldiario.net\\\/portal\\\/2026\\\/09\\\/05\\\/explosion-en-cuartel-de-viacha-deja-heridos-fallecidos-y-desaparecidos\\\/\"]}]},{\"@type\":\"ImageObject\",\"inLanguage\":\"es\",\"@id\":\"https:\\\/\\\/www.eldiario.net\\\/portal\\\/2026\\\/09\\\/05\\\/explosion-en-cuartel-de-viacha-deja-heridos-fallecidos-y-desaparecidos\\\/#primaryimage\",\"url\":\"https:\\\/\\\/www.eldiario.net\\\/portal\\\/wp-content\\\/uploads\\\/2026\\\/09\\\/5-REGI-1.webp\",\"contentUrl\":\"https:\\\/\\\/www.eldiario.net\\\/portal\\\/wp-content\\\/uploads\\\/2026\\\/09\\\/5-REGI-1.webp\",\"width\":1034,\"height\":853,\"caption\":\"La explosi\u00f3n gener\u00f3 una fuerte onda expansiva que provoc\u00f3 da\u00f1os en viviendas de los alrededores. APG\"},{\"@type\":\"BreadcrumbList\",\"@id\":\"https:\\\/\\\/www.eldiario.net\\\/portal\\\/2026\\\/09\\\/05\\\/explosion-en-cuartel-de-viacha-deja-heridos-fallecidos-y-desaparecidos\\\/#breadcrumb\",\"itemListElement\":[{\"@type\":\"ListItem\",\"position\":1,\"name\":\"Portada\",\"item\":\"https:\\\/\\\/www.eldiario.net\\\/portal\\\/\"},{\"@type\":\"ListItem\",\"position\":2,\"name\":\"Explosi\u00f3n en cuartel de Viacha deja heridos, fallecidos y desaparecidos\"}]},{\"@type\":\"WebSite\",\"@id\":\"https:\\\/\\\/www.eldiario.net\\\/portal\\\/#website\",\"url\":\"https:\\\/\\\/www.eldiario.net\\\/portal\\\/\",\"name\":\"El Diario - Decano de la prensa nacional\",\"description\":\"El Diario - Decano de la prensa nacional\",\"publisher\":{\"@id\":\"https:\\\/\\\/www.eldiario.net\\\/portal\\\/#organization\"},\"potentialAction\":[{\"@type\":\"SearchAction\",\"target\":{\"@type\":\"EntryPoint\",\"urlTemplate\":\"https:\\\/\\\/www.eldiario.net\\\/portal\\\/?s={search_term_string}\"},\"query-input\":{\"@type\":\"PropertyValueSpecification\",\"valueRequired\":true,\"valueName\":\"search_term_string\"}}],\"inLanguage\":\"es\"},{\"@type\":\"Organization\",\"@id\":\"https:\\\/\\\/www.eldiario.net\\\/portal\\\/#organization\",\"name\":\"El Diario - Decano de la prensa nacional\",\"url\":\"https:\\\/\\\/www.eldiario.net\\\/portal\\\/\",\"logo\":{\"@type\":\"ImageObject\",\"inLanguage\":\"es\",\"@id\":\"https:\\\/\\\/www.eldiario.net\\\/portal\\\/#\\\/schema\\\/logo\\\/image\\\/\",\"url\":\"https:\\\/\\\/www.eldiario.net\\\/portal\\\/wp-content\\\/uploads\\\/2023\\\/07\\\/logo_ED.jpg\",\"contentUrl\":\"https:\\\/\\\/www.eldiario.net\\\/portal\\\/wp-content\\\/uploads\\\/2023\\\/07\\\/logo_ED.jpg\",\"width\":272,\"height\":52,\"caption\":\"El Diario - Decano de la prensa nacional\"},\"image\":{\"@id\":\"https:\\\/\\\/www.eldiario.net\\\/portal\\\/#\\\/schema\\\/logo\\\/image\\\/\"},\"sameAs\":[\"https:\\\/\\\/www.facebook.com\\\/eldiario.bolivia\\\/\",\"https:\\\/\\\/x.com\\\/eldiario_net\"]},{\"@type\":\"Person\",\"@id\":\"https:\\\/\\\/www.eldiario.net\\\/portal\\\/#\\\/schema\\\/person\\\/2c57cf2b7a7ae032e449e4c9b1019eac\",\"name\":\"Jeanette\",\"image\":{\"@type\":\"ImageObject\",\"inLanguage\":\"es\",\"@id\":\"https:\\\/\\\/secure.gravatar.com\\\/avatar\\\/3ea2118a5f7dad2b7138b1187a6b7ee55f160b9968b66013c3a3ef39dd7e5798?s=96&d=mm&r=g\",\"url\":\"https:\\\/\\\/secure.gravatar.com\\\/avatar\\\/3ea2118a5f7dad2b7138b1187a6b7ee55f160b9968b66013c3a3ef39dd7e5798?s=96&d=mm&r=g\",\"contentUrl\":\"https:\\\/\\\/secure.gravatar.com\\\/avatar\\\/3ea2118a5f7dad2b7138b1187a6b7ee55f160b9968b66013c3a3ef39dd7e5798?s=96&d=mm&r=g\",\"caption\":\"Jeanette\"},\"sameAs\":[\"https:\\\/\\\/www.eldiario.net\\\/portal\"],\"url\":\"https:\\\/\\\/www.eldiario.net\\\/portal\\\/author\\\/jeanette\\\/\"}]}<\/script>\n<!-- \/ Yoast SEO plugin. -->","yoast_head_json":{"title":"Explosi\u00f3n en cuartel de Viacha deja heridos, fallecidos y desaparecidos - El Diario - Bolivia","robots":{"index":"index","follow":"follow","max-snippet":"max-snippet:-1","max-image-preview":"max-image-preview:large","max-video-preview":"max-video-preview:-1"},"canonical":"https:\/\/www.eldiario.net\/portal\/2026\/09\/05\/explosion-en-cuartel-de-viacha-deja-heridos-fallecidos-y-desaparecidos\/","og_locale":"es_ES","og_type":"article","og_title":"Explosi\u00f3n en cuartel de Viacha deja heridos, fallecidos y desaparecidos - El Diario - Bolivia","og_description":"Una explosi\u00f3n registrada ayer en el Regimiento de Artiller\u00eda Mecanizada 2 \u201cLibertador Sim\u00f3n Bol\u00edvar\u201d, en Viacha, dej\u00f3 personas heridas, fallecidas y desaparecidas, adem\u00e1s de da\u00f1os materiales en viviendas de los alrededores. El hecho provoc\u00f3 la movilizaci\u00f3n de ambulancias, polic\u00edas, bomberos y personal m\u00e9dico para atender a los afectados y realizar labores de b\u00fasqueda. La emergencia [&hellip;]","og_url":"https:\/\/www.eldiario.net\/portal\/2026\/09\/05\/explosion-en-cuartel-de-viacha-deja-heridos-fallecidos-y-desaparecidos\/","og_site_name":"El Diario - Bolivia","article_publisher":"https:\/\/www.facebook.com\/eldiario.bolivia\/","article_published_time":"2026-09-05T04:08:25+00:00","og_image":[{"width":1034,"height":853,"url":"https:\/\/www.eldiario.net\/portal\/wp-content\/uploads\/2026\/09\/5-REGI-1.webp","type":"image\/webp"}],"author":"Jeanette","twitter_card":"summary_large_image","twitter_creator":"@eldiario_net","twitter_site":"@eldiario_net","twitter_misc":{"Escrito por":"Jeanette","Tiempo de lectura":"6 minutos"},"schema":{"@context":"https:\/\/schema.org","@graph":[{"@type":"Article","@id":"https:\/\/www.eldiario.net\/portal\/2026\/09\/05\/explosion-en-cuartel-de-viacha-deja-heridos-fallecidos-y-desaparecidos\/#article","isPartOf":{"@id":"https:\/\/www.eldiario.net\/portal\/2026\/09\/05\/explosion-en-cuartel-de-viacha-deja-heridos-fallecidos-y-desaparecidos\/"},"author":{"name":"Jeanette","@id":"https:\/\/www.eldiario.net\/portal\/#\/schema\/person\/2c57cf2b7a7ae032e449e4c9b1019eac"},"headline":"Explosi\u00f3n en cuartel de Viacha deja heridos, fallecidos y desaparecidos","datePublished":"2026-09-05T04:08:25+00:00","mainEntityOfPage":{"@id":"https:\/\/www.eldiario.net\/portal\/2026\/09\/05\/explosion-en-cuartel-de-viacha-deja-heridos-fallecidos-y-desaparecidos\/"},"wordCount":1283,"publisher":{"@id":"https:\/\/www.eldiario.net\/portal\/#organization"},"image":{"@id":"https:\/\/www.eldiario.net\/portal\/2026\/09\/05\/explosion-en-cuartel-de-viacha-deja-heridos-fallecidos-y-desaparecidos\/#primaryimage"},"thumbnailUrl":"https:\/\/www.eldiario.net\/portal\/wp-content\/uploads\/2026\/09\/5-REGI-1.webp","articleSection":["Sociedad - Seguridad"],"inLanguage":"es"},{"@type":"WebPage","@id":"https:\/\/www.eldiario.net\/portal\/2026\/09\/05\/explosion-en-cuartel-de-viacha-deja-heridos-fallecidos-y-desaparecidos\/","url":"https:\/\/www.eldiario.net\/portal\/2026\/09\/05\/explosion-en-cuartel-de-viacha-deja-heridos-fallecidos-y-desaparecidos\/","name":"Explosi\u00f3n en cuartel de Viacha deja heridos, fallecidos y desaparecidos - El Diario - Bolivia","isPartOf":{"@id":"https:\/\/www.eldiario.net\/portal\/#website"},"primaryImageOfPage":{"@id":"https:\/\/www.eldiario.net\/portal\/2026\/09\/05\/explosion-en-cuartel-de-viacha-deja-heridos-fallecidos-y-desaparecidos\/#primaryimage"},"image":{"@id":"https:\/\/www.eldiario.net\/portal\/2026\/09\/05\/explosion-en-cuartel-de-viacha-deja-heridos-fallecidos-y-desaparecidos\/#primaryimage"},"thumbnailUrl":"https:\/\/www.eldiario.net\/portal\/wp-content\/uploads\/2026\/09\/5-REGI-1.webp","datePublished":"2026-09-05T04:08:25+00:00","breadcrumb":{"@id":"https:\/\/www.eldiario.net\/portal\/2026\/09\/05\/explosion-en-cuartel-de-viacha-deja-heridos-fallecidos-y-desaparecidos\/#breadcrumb"},"inLanguage":"es","potentialAction":[{"@type":"ReadAction","target":["https:\/\/www.eldiario.net\/portal\/2026\/09\/05\/explosion-en-cuartel-de-viacha-deja-heridos-fallecidos-y-desaparecidos\/"]}]},{"@type":"ImageObject","inLanguage":"es","@id":"https:\/\/www.eldiario.net\/portal\/2026\/09\/05\/explosion-en-cuartel-de-viacha-deja-heridos-fallecidos-y-desaparecidos\/#primaryimage","url":"https:\/\/www.eldiario.net\/portal\/wp-content\/uploads\/2026\/09\/5-REGI-1.webp","contentUrl":"https:\/\/www.eldiario.net\/portal\/wp-content\/uploads\/2026\/09\/5-REGI-1.webp","width":1034,"height":853,"caption":"La explosi\u00f3n gener\u00f3 una fuerte onda expansiva que provoc\u00f3 da\u00f1os en viviendas de los alrededores. APG"},{"@type":"BreadcrumbList","@id":"https:\/\/www.eldiario.net\/portal\/2026\/09\/05\/explosion-en-cuartel-de-viacha-deja-heridos-fallecidos-y-desaparecidos\/#breadcrumb","itemListElement":[{"@type":"ListItem","position":1,"name":"Portada","item":"https:\/\/www.eldiario.net\/portal\/"},{"@type":"ListItem","position":2,"name":"Explosi\u00f3n en cuartel de Viacha deja heridos, fallecidos y desaparecidos"}]},{"@type":"WebSite","@id":"https:\/\/www.eldiario.net\/portal\/#website","url":"https:\/\/www.eldiario.net\/portal\/","name":"El Diario - Decano de la prensa nacional","description":"El Diario - Decano de la prensa nacional","publisher":{"@id":"https:\/\/www.eldiario.net\/portal\/#organization"},"potentialAction":[{"@type":"SearchAction","target":{"@type":"EntryPoint","urlTemplate":"https:\/\/www.eldiario.net\/portal\/?s={search_term_string}"},"query-input":{"@type":"PropertyValueSpecification","valueRequired":true,"valueName":"search_term_string"}}],"inLanguage":"es"},{"@type":"Organization","@id":"https:\/\/www.eldiario.net\/portal\/#organization","name":"El Diario - Decano de la prensa nacional","url":"https:\/\/www.eldiario.net\/portal\/","logo":{"@type":"ImageObject","inLanguage":"es","@id":"https:\/\/www.eldiario.net\/portal\/#\/schema\/logo\/image\/","url":"https:\/\/www.eldiario.net\/portal\/wp-content\/uploads\/2023\/07\/logo_ED.jpg","contentUrl":"https:\/\/www.eldiario.net\/portal\/wp-content\/uploads\/2023\/07\/logo_ED.jpg","width":272,"height":52,"caption":"El Diario - Decano de la prensa nacional"},"image":{"@id":"https:\/\/www.eldiario.net\/portal\/#\/schema\/logo\/image\/"},"sameAs":["https:\/\/www.facebook.com\/eldiario.bolivia\/","https:\/\/x.com\/eldiario_net"]},{"@type":"Person","@id":"https:\/\/www.eldiario.net\/portal\/#\/schema\/person\/2c57cf2b7a7ae032e449e4c9b1019eac","name":"Jeanette","image":{"@type":"ImageObject","inLanguage":"es","@id":"https:\/\/secure.gravatar.com\/avatar\/3ea2118a5f7dad2b7138b1187a6b7ee55f160b9968b66013c3a3ef39dd7e5798?s=96&d=mm&r=g","url":"https:\/\/secure.gravatar.com\/avatar\/3ea2118a5f7dad2b7138b1187a6b7ee55f160b9968b66013c3a3ef39dd7e5798?s=96&d=mm&r=g","contentUrl":"https:\/\/secure.gravatar.com\/avatar\/3ea2118a5f7dad2b7138b1187a6b7ee55f160b9968b66013c3a3ef39dd7e5798?s=96&d=mm&r=g","caption":"Jeanette"},"sameAs":["https:\/\/www.eldiario.net\/portal"],"url":"https:\/\/www.eldiario.net\/portal\/author\/jeanette\/"}]}},"_links":{"self":[{"href":"https:\/\/www.eldiario.net\/portal\/wp-json\/wp\/v2\/posts\/427833","targetHints":{"allow":["GET"]}}],"collection":[{"href":"https:\/\/www.eldiario.net\/portal\/wp-json\/wp\/v2\/posts"}],"about":[{"href":"https:\/\/www.eldiario.net\/portal\/wp-json\/wp\/v2\/types\/post"}],"author":[{"embeddable":true,"href":"https:\/\/www.eldiario.net\/portal\/wp-json\/wp\/v2\/users\/1"}],"replies":[{"embeddable":true,"href":"https:\/\/www.eldiario.net\/portal\/wp-json\/wp\/v2\/comments?post=427833"}],"version-history":[{"count":1,"href":"https:\/\/www.eldiario.net\/portal\/wp-json\/wp\/v2\/posts\/427833\/revisions"}],"predecessor-version":[{"id":427836,"href":"https:\/\/www.eldiario.net\/portal\/wp-json\/wp\/v2\/posts\/427833\/revisions\/427836"}],"wp:featuredmedia":[{"embeddable":true,"href":"https:\/\/www.eldiario.net\/portal\/wp-json\/wp\/v2\/media\/427834"}],"wp:attachment":[{"href":"https:\/\/www.eldiario.net\/portal\/wp-json\/wp\/v2\/media?parent=427833"}],"wp:term":[{"taxonomy":"category","embeddable":true,"href":"https:\/\/www.eldiario.net\/portal\/wp-json\/wp\/v2\/categories?post=427833"},{"taxonomy":"post_tag","embeddable":true,"href":"https:\/\/www.eldiario.net\/portal\/wp-json\/wp\/v2\/tags?post=427833"}],"curies":[{"name":"wp","href":"https:\/\/api.w.org\/{rel}","templated":true}]}}