{"id":427830,"date":"2026-09-05T00:07:01","date_gmt":"2026-09-05T04:07:01","guid":{"rendered":"https:\/\/www.eldiario.net\/portal\/?p=427830"},"modified":"2026-09-04T22:07:43","modified_gmt":"2026-09-05T02:07:43","slug":"autopsia-confirma-ocho-disparos-en-hombre-acribillado-en-el-urubo-2","status":"publish","type":"post","link":"https:\/\/www.eldiario.net\/portal\/2026\/09\/05\/autopsia-confirma-ocho-disparos-en-hombre-acribillado-en-el-urubo-2\/","title":{"rendered":"Autopsia confirma ocho disparos en hombre acribillado en el Urub\u00f3"},"content":{"rendered":"<p>La autopsia realizada al hombre asesinado en la zona del Urub\u00f3, en Santa Cruz, estableci\u00f3 que la v\u00edctima recibi\u00f3 al menos ocho disparos en distintas partes del cuerpo y que el ataque fue perpetrado con un arma de fuego calibre 9 mil\u00edmetros, mientras la Polic\u00eda mantiene abiertas dos hip\u00f3tesis sobre el m\u00f3vil del hecho, entre ellas un posible ajuste de cuentas.<\/p>\n<p>La v\u00edctima fue identificada como Jos\u00e9 Luis Bravo Moreno, un comerciante boliviano que fue atacado la noche del jueves en la zona del Urub\u00f3. Seg\u00fan la informaci\u00f3n policial, el hombre ten\u00eda antecedentes que son analizados dentro de la investigaci\u00f3n, entre ellos registros relacionados con delitos de narcotr\u00e1fico y otros hechos.<\/p>\n<p>El comandante departamental de la Polic\u00eda en Santa Cruz, David G\u00f3mez, inform\u00f3 que durante el levantamiento del cad\u00e1ver se hallaron m\u00e1s de Bs 6.000 adheridos al cuerpo de la v\u00edctima. Este elemento, al igual que sus antecedentes, forma parte de las pesquisas para establecer las circunstancias y el posible m\u00f3vil del asesinato.<\/p>\n<p>Seg\u00fan los primeros datos, la v\u00edctima habr\u00eda acudido al lugar tras ser citado. Dos veh\u00edculos llegaron a la zona con alrededor de cinco personas, quienes se aproximaron al motorizado de la v\u00edctima y mantuvieron un breve di\u00e1logo. Posteriormente, uno de los ocupantes habr\u00eda efectuado los disparos desde el lado del conductor.<\/p>\n<p>El comandante general de la Polic\u00eda Boliviana, Adri\u00e1n \u00c1lvarez, se\u00f1al\u00f3 que las c\u00e1maras de videovigilancia permitieron obtener im\u00e1genes de los veh\u00edculos vinculados con el hecho. Los investigadores tambi\u00e9n analizan las vainas encontradas en la escena y otros elementos que podr\u00edan contribuir a establecer la identidad de los responsables.<\/p>\n<p>La Polic\u00eda maneja dos hip\u00f3tesis sobre el crimen y una de ellas apunta, de manera preliminar, a un posible ajuste de cuentas relacionado con actividades ilegales. Sin embargo, las autoridades aclararon que esta l\u00ednea todav\u00eda debe ser corroborada y que a\u00fan no se estableci\u00f3 qui\u00e9n habr\u00eda ordenado el ataque ni cu\u00e1l fue el motivo concreto.<\/p>\n<p>G\u00f3mez indic\u00f3 que los investigadores est\u00e1n movilizados para localizar a los autores, mientras que \u00c1lvarez evit\u00f3 adelantar mayores detalles para no afectar el desarrollo de las pesquisas. Como parte de las medidas adoptadas tras el hecho, la Polic\u00eda anunci\u00f3 patrullajes focalizados en Santa Cruz para reforzar la prevenci\u00f3n y disuasi\u00f3n de delitos.<\/p>\n<p>SEGUIDILLA DE ASESINATOS<\/p>\n<p>El asesinato registrado en el Urub\u00f3 se suma a una seguidilla de ataques con armas de fuego ocurridos desde el domingo en distintos puntos del pa\u00eds, que hasta ahora dejaron siete v\u00edctimas mortales en Cochabamba, Santa Cruz y Beni.<\/p>\n<p>Entre los casos se encuentra el asesinato de un hombre de 34 a\u00f1os en R\u00edo Blanco, Cochabamba, quien muri\u00f3 tras recibir m\u00faltiples disparos y ten\u00eda antecedentes vinculados al narcotr\u00e1fico. Ese mismo domingo, un adolescente de 16 a\u00f1os fue atacado a tiros dentro de una licorer\u00eda en San Ignacio de Velasco, Santa Cruz, donde trabajaba.<\/p>\n<p>La violencia continu\u00f3 el lunes en San Ram\u00f3n, Beni, donde una pareja fue atacada a tiros y una vendedora muri\u00f3 atropellada durante la huida de los presuntos agresores. El martes, un mec\u00e1nico de 28 a\u00f1os muri\u00f3 tras recibir 17 impactos de bala en Entre R\u00edos, Cochabamba.<\/p>\n<p>La Polic\u00eda mantiene abiertas las investigaciones para identificar a los responsables y establecer las circunstancias de cada hecho. (EL DIARIO y agencias)<\/p>\n","protected":false},"excerpt":{"rendered":"<p>La autopsia realizada al hombre asesinado en la zona del Urub\u00f3, en Santa Cruz, estableci\u00f3 que la v\u00edctima recibi\u00f3 al menos ocho disparos en distintas partes del cuerpo y que el ataque fue perpetrado con un arma de fuego calibre 9 mil\u00edmetros, mientras la Polic\u00eda mantiene abiertas dos hip\u00f3tesis sobre el m\u00f3vil del hecho, entre [&hellip;]<\/p>\n","protected":false},"author":1,"featured_media":427831,"comment_status":"closed","ping_status":"open","sticky":false,"template":"","format":"standard","meta":{"_acf_changed":false,"footnotes":""},"categories":[39],"tags":[],"class_list":["post-427830","post","type-post","status-publish","format-standard","has-post-thumbnail","category-sociedad"],"acf":{"antetitulo":"Nueva ola de violencia suma siete v\u00edctimas"},"yoast_head":"<!-- This site is optimized with the Yoast SEO plugin v28.4 - https:\/\/yoast.com\/product\/yoast-seo-wordpress\/ -->\n<title>Autopsia confirma ocho disparos en hombre acribillado en el Urub\u00f3 - El Diario - Bolivia<\/title>\n<meta name=\"robots\" content=\"index, follow, max-snippet:-1, max-image-preview:large, max-video-preview:-1\" \/>\n<link rel=\"canonical\" href=\"https:\/\/www.eldiario.net\/portal\/2026\/09\/05\/autopsia-confirma-ocho-disparos-en-hombre-acribillado-en-el-urubo-2\/\" \/>\n<meta property=\"og:locale\" content=\"es_ES\" \/>\n<meta property=\"og:type\" content=\"article\" \/>\n<meta property=\"og:title\" content=\"Autopsia confirma ocho disparos en hombre acribillado en el Urub\u00f3 - El Diario - Bolivia\" \/>\n<meta property=\"og:description\" content=\"La autopsia realizada al hombre asesinado en la zona del Urub\u00f3, en Santa Cruz, estableci\u00f3 que la v\u00edctima recibi\u00f3 al menos ocho disparos en distintas partes del cuerpo y que el ataque fue perpetrado con un arma de fuego calibre 9 mil\u00edmetros, mientras la Polic\u00eda mantiene abiertas dos hip\u00f3tesis sobre el m\u00f3vil del hecho, entre [&hellip;]\" \/>\n<meta property=\"og:url\" content=\"https:\/\/www.eldiario.net\/portal\/2026\/09\/05\/autopsia-confirma-ocho-disparos-en-hombre-acribillado-en-el-urubo-2\/\" \/>\n<meta property=\"og:site_name\" content=\"El Diario - Bolivia\" \/>\n<meta property=\"article:publisher\" content=\"https:\/\/www.facebook.com\/eldiario.bolivia\/\" \/>\n<meta property=\"article:published_time\" content=\"2026-09-05T04:07:01+00:00\" \/>\n<meta property=\"og:image\" content=\"https:\/\/www.eldiario.net\/portal\/wp-content\/uploads\/2026\/09\/5-SIETE.webp\" \/>\n\t<meta property=\"og:image:width\" content=\"1200\" \/>\n\t<meta property=\"og:image:height\" content=\"715\" \/>\n\t<meta property=\"og:image:type\" content=\"image\/webp\" \/>\n<meta name=\"author\" content=\"Jeanette\" \/>\n<meta name=\"twitter:card\" content=\"summary_large_image\" \/>\n<meta name=\"twitter:creator\" content=\"@eldiario_net\" \/>\n<meta name=\"twitter:site\" content=\"@eldiario_net\" \/>\n<meta name=\"twitter:label1\" content=\"Escrito por\" \/>\n\t<meta name=\"twitter:data1\" content=\"Jeanette\" \/>\n\t<meta name=\"twitter:label2\" content=\"Tiempo de lectura\" \/>\n\t<meta name=\"twitter:data2\" content=\"3 minutos\" \/>\n<script type=\"application\/ld+json\" class=\"yoast-schema-graph\">{\"@context\":\"https:\\\/\\\/schema.org\",\"@graph\":[{\"@type\":\"Article\",\"@id\":\"https:\\\/\\\/www.eldiario.net\\\/portal\\\/2026\\\/09\\\/05\\\/autopsia-confirma-ocho-disparos-en-hombre-acribillado-en-el-urubo-2\\\/#article\",\"isPartOf\":{\"@id\":\"https:\\\/\\\/www.eldiario.net\\\/portal\\\/2026\\\/09\\\/05\\\/autopsia-confirma-ocho-disparos-en-hombre-acribillado-en-el-urubo-2\\\/\"},\"author\":{\"name\":\"Jeanette\",\"@id\":\"https:\\\/\\\/www.eldiario.net\\\/portal\\\/#\\\/schema\\\/person\\\/2c57cf2b7a7ae032e449e4c9b1019eac\"},\"headline\":\"Autopsia confirma ocho disparos en hombre acribillado en el Urub\u00f3\",\"datePublished\":\"2026-09-05T04:07:01+00:00\",\"mainEntityOfPage\":{\"@id\":\"https:\\\/\\\/www.eldiario.net\\\/portal\\\/2026\\\/09\\\/05\\\/autopsia-confirma-ocho-disparos-en-hombre-acribillado-en-el-urubo-2\\\/\"},\"wordCount\":596,\"publisher\":{\"@id\":\"https:\\\/\\\/www.eldiario.net\\\/portal\\\/#organization\"},\"image\":{\"@id\":\"https:\\\/\\\/www.eldiario.net\\\/portal\\\/2026\\\/09\\\/05\\\/autopsia-confirma-ocho-disparos-en-hombre-acribillado-en-el-urubo-2\\\/#primaryimage\"},\"thumbnailUrl\":\"https:\\\/\\\/www.eldiario.net\\\/portal\\\/wp-content\\\/uploads\\\/2026\\\/09\\\/5-SIETE.webp\",\"articleSection\":[\"Sociedad - Seguridad\"],\"inLanguage\":\"es\"},{\"@type\":\"WebPage\",\"@id\":\"https:\\\/\\\/www.eldiario.net\\\/portal\\\/2026\\\/09\\\/05\\\/autopsia-confirma-ocho-disparos-en-hombre-acribillado-en-el-urubo-2\\\/\",\"url\":\"https:\\\/\\\/www.eldiario.net\\\/portal\\\/2026\\\/09\\\/05\\\/autopsia-confirma-ocho-disparos-en-hombre-acribillado-en-el-urubo-2\\\/\",\"name\":\"Autopsia confirma ocho disparos en hombre acribillado en el Urub\u00f3 - El Diario - Bolivia\",\"isPartOf\":{\"@id\":\"https:\\\/\\\/www.eldiario.net\\\/portal\\\/#website\"},\"primaryImageOfPage\":{\"@id\":\"https:\\\/\\\/www.eldiario.net\\\/portal\\\/2026\\\/09\\\/05\\\/autopsia-confirma-ocho-disparos-en-hombre-acribillado-en-el-urubo-2\\\/#primaryimage\"},\"image\":{\"@id\":\"https:\\\/\\\/www.eldiario.net\\\/portal\\\/2026\\\/09\\\/05\\\/autopsia-confirma-ocho-disparos-en-hombre-acribillado-en-el-urubo-2\\\/#primaryimage\"},\"thumbnailUrl\":\"https:\\\/\\\/www.eldiario.net\\\/portal\\\/wp-content\\\/uploads\\\/2026\\\/09\\\/5-SIETE.webp\",\"datePublished\":\"2026-09-05T04:07:01+00:00\",\"breadcrumb\":{\"@id\":\"https:\\\/\\\/www.eldiario.net\\\/portal\\\/2026\\\/09\\\/05\\\/autopsia-confirma-ocho-disparos-en-hombre-acribillado-en-el-urubo-2\\\/#breadcrumb\"},\"inLanguage\":\"es\",\"potentialAction\":[{\"@type\":\"ReadAction\",\"target\":[\"https:\\\/\\\/www.eldiario.net\\\/portal\\\/2026\\\/09\\\/05\\\/autopsia-confirma-ocho-disparos-en-hombre-acribillado-en-el-urubo-2\\\/\"]}]},{\"@type\":\"ImageObject\",\"inLanguage\":\"es\",\"@id\":\"https:\\\/\\\/www.eldiario.net\\\/portal\\\/2026\\\/09\\\/05\\\/autopsia-confirma-ocho-disparos-en-hombre-acribillado-en-el-urubo-2\\\/#primaryimage\",\"url\":\"https:\\\/\\\/www.eldiario.net\\\/portal\\\/wp-content\\\/uploads\\\/2026\\\/09\\\/5-SIETE.webp\",\"contentUrl\":\"https:\\\/\\\/www.eldiario.net\\\/portal\\\/wp-content\\\/uploads\\\/2026\\\/09\\\/5-SIETE.webp\",\"width\":1200,\"height\":715,\"caption\":\"La v\u00edctima fue atacada dentro de su veh\u00edculo en la zona del Urub\u00f3. Cr\u00e9dito de foto: RRSS\"},{\"@type\":\"BreadcrumbList\",\"@id\":\"https:\\\/\\\/www.eldiario.net\\\/portal\\\/2026\\\/09\\\/05\\\/autopsia-confirma-ocho-disparos-en-hombre-acribillado-en-el-urubo-2\\\/#breadcrumb\",\"itemListElement\":[{\"@type\":\"ListItem\",\"position\":1,\"name\":\"Portada\",\"item\":\"https:\\\/\\\/www.eldiario.net\\\/portal\\\/\"},{\"@type\":\"ListItem\",\"position\":2,\"name\":\"Autopsia confirma ocho disparos en hombre acribillado en el Urub\u00f3\"}]},{\"@type\":\"WebSite\",\"@id\":\"https:\\\/\\\/www.eldiario.net\\\/portal\\\/#website\",\"url\":\"https:\\\/\\\/www.eldiario.net\\\/portal\\\/\",\"name\":\"El Diario - Decano de la prensa nacional\",\"description\":\"El Diario - Decano de la prensa nacional\",\"publisher\":{\"@id\":\"https:\\\/\\\/www.eldiario.net\\\/portal\\\/#organization\"},\"potentialAction\":[{\"@type\":\"SearchAction\",\"target\":{\"@type\":\"EntryPoint\",\"urlTemplate\":\"https:\\\/\\\/www.eldiario.net\\\/portal\\\/?s={search_term_string}\"},\"query-input\":{\"@type\":\"PropertyValueSpecification\",\"valueRequired\":true,\"valueName\":\"search_term_string\"}}],\"inLanguage\":\"es\"},{\"@type\":\"Organization\",\"@id\":\"https:\\\/\\\/www.eldiario.net\\\/portal\\\/#organization\",\"name\":\"El Diario - Decano de la prensa nacional\",\"url\":\"https:\\\/\\\/www.eldiario.net\\\/portal\\\/\",\"logo\":{\"@type\":\"ImageObject\",\"inLanguage\":\"es\",\"@id\":\"https:\\\/\\\/www.eldiario.net\\\/portal\\\/#\\\/schema\\\/logo\\\/image\\\/\",\"url\":\"https:\\\/\\\/www.eldiario.net\\\/portal\\\/wp-content\\\/uploads\\\/2023\\\/07\\\/logo_ED.jpg\",\"contentUrl\":\"https:\\\/\\\/www.eldiario.net\\\/portal\\\/wp-content\\\/uploads\\\/2023\\\/07\\\/logo_ED.jpg\",\"width\":272,\"height\":52,\"caption\":\"El Diario - Decano de la prensa nacional\"},\"image\":{\"@id\":\"https:\\\/\\\/www.eldiario.net\\\/portal\\\/#\\\/schema\\\/logo\\\/image\\\/\"},\"sameAs\":[\"https:\\\/\\\/www.facebook.com\\\/eldiario.bolivia\\\/\",\"https:\\\/\\\/x.com\\\/eldiario_net\"]},{\"@type\":\"Person\",\"@id\":\"https:\\\/\\\/www.eldiario.net\\\/portal\\\/#\\\/schema\\\/person\\\/2c57cf2b7a7ae032e449e4c9b1019eac\",\"name\":\"Jeanette\",\"image\":{\"@type\":\"ImageObject\",\"inLanguage\":\"es\",\"@id\":\"https:\\\/\\\/secure.gravatar.com\\\/avatar\\\/3ea2118a5f7dad2b7138b1187a6b7ee55f160b9968b66013c3a3ef39dd7e5798?s=96&d=mm&r=g\",\"url\":\"https:\\\/\\\/secure.gravatar.com\\\/avatar\\\/3ea2118a5f7dad2b7138b1187a6b7ee55f160b9968b66013c3a3ef39dd7e5798?s=96&d=mm&r=g\",\"contentUrl\":\"https:\\\/\\\/secure.gravatar.com\\\/avatar\\\/3ea2118a5f7dad2b7138b1187a6b7ee55f160b9968b66013c3a3ef39dd7e5798?s=96&d=mm&r=g\",\"caption\":\"Jeanette\"},\"sameAs\":[\"https:\\\/\\\/www.eldiario.net\\\/portal\"],\"url\":\"https:\\\/\\\/www.eldiario.net\\\/portal\\\/author\\\/jeanette\\\/\"}]}<\/script>\n<!-- \/ Yoast SEO plugin. -->","yoast_head_json":{"title":"Autopsia confirma ocho disparos en hombre acribillado en el Urub\u00f3 - El Diario - Bolivia","robots":{"index":"index","follow":"follow","max-snippet":"max-snippet:-1","max-image-preview":"max-image-preview:large","max-video-preview":"max-video-preview:-1"},"canonical":"https:\/\/www.eldiario.net\/portal\/2026\/09\/05\/autopsia-confirma-ocho-disparos-en-hombre-acribillado-en-el-urubo-2\/","og_locale":"es_ES","og_type":"article","og_title":"Autopsia confirma ocho disparos en hombre acribillado en el Urub\u00f3 - El Diario - Bolivia","og_description":"La autopsia realizada al hombre asesinado en la zona del Urub\u00f3, en Santa Cruz, estableci\u00f3 que la v\u00edctima recibi\u00f3 al menos ocho disparos en distintas partes del cuerpo y que el ataque fue perpetrado con un arma de fuego calibre 9 mil\u00edmetros, mientras la Polic\u00eda mantiene abiertas dos hip\u00f3tesis sobre el m\u00f3vil del hecho, entre [&hellip;]","og_url":"https:\/\/www.eldiario.net\/portal\/2026\/09\/05\/autopsia-confirma-ocho-disparos-en-hombre-acribillado-en-el-urubo-2\/","og_site_name":"El Diario - Bolivia","article_publisher":"https:\/\/www.facebook.com\/eldiario.bolivia\/","article_published_time":"2026-09-05T04:07:01+00:00","og_image":[{"width":1200,"height":715,"url":"https:\/\/www.eldiario.net\/portal\/wp-content\/uploads\/2026\/09\/5-SIETE.webp","type":"image\/webp"}],"author":"Jeanette","twitter_card":"summary_large_image","twitter_creator":"@eldiario_net","twitter_site":"@eldiario_net","twitter_misc":{"Escrito por":"Jeanette","Tiempo de lectura":"3 minutos"},"schema":{"@context":"https:\/\/schema.org","@graph":[{"@type":"Article","@id":"https:\/\/www.eldiario.net\/portal\/2026\/09\/05\/autopsia-confirma-ocho-disparos-en-hombre-acribillado-en-el-urubo-2\/#article","isPartOf":{"@id":"https:\/\/www.eldiario.net\/portal\/2026\/09\/05\/autopsia-confirma-ocho-disparos-en-hombre-acribillado-en-el-urubo-2\/"},"author":{"name":"Jeanette","@id":"https:\/\/www.eldiario.net\/portal\/#\/schema\/person\/2c57cf2b7a7ae032e449e4c9b1019eac"},"headline":"Autopsia confirma ocho disparos en hombre acribillado en el Urub\u00f3","datePublished":"2026-09-05T04:07:01+00:00","mainEntityOfPage":{"@id":"https:\/\/www.eldiario.net\/portal\/2026\/09\/05\/autopsia-confirma-ocho-disparos-en-hombre-acribillado-en-el-urubo-2\/"},"wordCount":596,"publisher":{"@id":"https:\/\/www.eldiario.net\/portal\/#organization"},"image":{"@id":"https:\/\/www.eldiario.net\/portal\/2026\/09\/05\/autopsia-confirma-ocho-disparos-en-hombre-acribillado-en-el-urubo-2\/#primaryimage"},"thumbnailUrl":"https:\/\/www.eldiario.net\/portal\/wp-content\/uploads\/2026\/09\/5-SIETE.webp","articleSection":["Sociedad - Seguridad"],"inLanguage":"es"},{"@type":"WebPage","@id":"https:\/\/www.eldiario.net\/portal\/2026\/09\/05\/autopsia-confirma-ocho-disparos-en-hombre-acribillado-en-el-urubo-2\/","url":"https:\/\/www.eldiario.net\/portal\/2026\/09\/05\/autopsia-confirma-ocho-disparos-en-hombre-acribillado-en-el-urubo-2\/","name":"Autopsia confirma ocho disparos en hombre acribillado en el Urub\u00f3 - El Diario - Bolivia","isPartOf":{"@id":"https:\/\/www.eldiario.net\/portal\/#website"},"primaryImageOfPage":{"@id":"https:\/\/www.eldiario.net\/portal\/2026\/09\/05\/autopsia-confirma-ocho-disparos-en-hombre-acribillado-en-el-urubo-2\/#primaryimage"},"image":{"@id":"https:\/\/www.eldiario.net\/portal\/2026\/09\/05\/autopsia-confirma-ocho-disparos-en-hombre-acribillado-en-el-urubo-2\/#primaryimage"},"thumbnailUrl":"https:\/\/www.eldiario.net\/portal\/wp-content\/uploads\/2026\/09\/5-SIETE.webp","datePublished":"2026-09-05T04:07:01+00:00","breadcrumb":{"@id":"https:\/\/www.eldiario.net\/portal\/2026\/09\/05\/autopsia-confirma-ocho-disparos-en-hombre-acribillado-en-el-urubo-2\/#breadcrumb"},"inLanguage":"es","potentialAction":[{"@type":"ReadAction","target":["https:\/\/www.eldiario.net\/portal\/2026\/09\/05\/autopsia-confirma-ocho-disparos-en-hombre-acribillado-en-el-urubo-2\/"]}]},{"@type":"ImageObject","inLanguage":"es","@id":"https:\/\/www.eldiario.net\/portal\/2026\/09\/05\/autopsia-confirma-ocho-disparos-en-hombre-acribillado-en-el-urubo-2\/#primaryimage","url":"https:\/\/www.eldiario.net\/portal\/wp-content\/uploads\/2026\/09\/5-SIETE.webp","contentUrl":"https:\/\/www.eldiario.net\/portal\/wp-content\/uploads\/2026\/09\/5-SIETE.webp","width":1200,"height":715,"caption":"La v\u00edctima fue atacada dentro de su veh\u00edculo en la zona del Urub\u00f3. Cr\u00e9dito de foto: RRSS"},{"@type":"BreadcrumbList","@id":"https:\/\/www.eldiario.net\/portal\/2026\/09\/05\/autopsia-confirma-ocho-disparos-en-hombre-acribillado-en-el-urubo-2\/#breadcrumb","itemListElement":[{"@type":"ListItem","position":1,"name":"Portada","item":"https:\/\/www.eldiario.net\/portal\/"},{"@type":"ListItem","position":2,"name":"Autopsia confirma ocho disparos en hombre acribillado en el Urub\u00f3"}]},{"@type":"WebSite","@id":"https:\/\/www.eldiario.net\/portal\/#website","url":"https:\/\/www.eldiario.net\/portal\/","name":"El Diario - Decano de la prensa nacional","description":"El Diario - Decano de la prensa nacional","publisher":{"@id":"https:\/\/www.eldiario.net\/portal\/#organization"},"potentialAction":[{"@type":"SearchAction","target":{"@type":"EntryPoint","urlTemplate":"https:\/\/www.eldiario.net\/portal\/?s={search_term_string}"},"query-input":{"@type":"PropertyValueSpecification","valueRequired":true,"valueName":"search_term_string"}}],"inLanguage":"es"},{"@type":"Organization","@id":"https:\/\/www.eldiario.net\/portal\/#organization","name":"El Diario - Decano de la prensa nacional","url":"https:\/\/www.eldiario.net\/portal\/","logo":{"@type":"ImageObject","inLanguage":"es","@id":"https:\/\/www.eldiario.net\/portal\/#\/schema\/logo\/image\/","url":"https:\/\/www.eldiario.net\/portal\/wp-content\/uploads\/2023\/07\/logo_ED.jpg","contentUrl":"https:\/\/www.eldiario.net\/portal\/wp-content\/uploads\/2023\/07\/logo_ED.jpg","width":272,"height":52,"caption":"El Diario - Decano de la prensa nacional"},"image":{"@id":"https:\/\/www.eldiario.net\/portal\/#\/schema\/logo\/image\/"},"sameAs":["https:\/\/www.facebook.com\/eldiario.bolivia\/","https:\/\/x.com\/eldiario_net"]},{"@type":"Person","@id":"https:\/\/www.eldiario.net\/portal\/#\/schema\/person\/2c57cf2b7a7ae032e449e4c9b1019eac","name":"Jeanette","image":{"@type":"ImageObject","inLanguage":"es","@id":"https:\/\/secure.gravatar.com\/avatar\/3ea2118a5f7dad2b7138b1187a6b7ee55f160b9968b66013c3a3ef39dd7e5798?s=96&d=mm&r=g","url":"https:\/\/secure.gravatar.com\/avatar\/3ea2118a5f7dad2b7138b1187a6b7ee55f160b9968b66013c3a3ef39dd7e5798?s=96&d=mm&r=g","contentUrl":"https:\/\/secure.gravatar.com\/avatar\/3ea2118a5f7dad2b7138b1187a6b7ee55f160b9968b66013c3a3ef39dd7e5798?s=96&d=mm&r=g","caption":"Jeanette"},"sameAs":["https:\/\/www.eldiario.net\/portal"],"url":"https:\/\/www.eldiario.net\/portal\/author\/jeanette\/"}]}},"_links":{"self":[{"href":"https:\/\/www.eldiario.net\/portal\/wp-json\/wp\/v2\/posts\/427830","targetHints":{"allow":["GET"]}}],"collection":[{"href":"https:\/\/www.eldiario.net\/portal\/wp-json\/wp\/v2\/posts"}],"about":[{"href":"https:\/\/www.eldiario.net\/portal\/wp-json\/wp\/v2\/types\/post"}],"author":[{"embeddable":true,"href":"https:\/\/www.eldiario.net\/portal\/wp-json\/wp\/v2\/users\/1"}],"replies":[{"embeddable":true,"href":"https:\/\/www.eldiario.net\/portal\/wp-json\/wp\/v2\/comments?post=427830"}],"version-history":[{"count":1,"href":"https:\/\/www.eldiario.net\/portal\/wp-json\/wp\/v2\/posts\/427830\/revisions"}],"predecessor-version":[{"id":427832,"href":"https:\/\/www.eldiario.net\/portal\/wp-json\/wp\/v2\/posts\/427830\/revisions\/427832"}],"wp:featuredmedia":[{"embeddable":true,"href":"https:\/\/www.eldiario.net\/portal\/wp-json\/wp\/v2\/media\/427831"}],"wp:attachment":[{"href":"https:\/\/www.eldiario.net\/portal\/wp-json\/wp\/v2\/media?parent=427830"}],"wp:term":[{"taxonomy":"category","embeddable":true,"href":"https:\/\/www.eldiario.net\/portal\/wp-json\/wp\/v2\/categories?post=427830"},{"taxonomy":"post_tag","embeddable":true,"href":"https:\/\/www.eldiario.net\/portal\/wp-json\/wp\/v2\/tags?post=427830"}],"curies":[{"name":"wp","href":"https:\/\/api.w.org\/{rel}","templated":true}]}}