{"id":427827,"date":"2026-09-05T00:06:18","date_gmt":"2026-09-05T04:06:18","guid":{"rendered":"https:\/\/www.eldiario.net\/portal\/?p=427827"},"modified":"2026-09-04T22:06:53","modified_gmt":"2026-09-05T02:06:53","slug":"rechazan-accion-de-libertad-de-cerimedo","status":"publish","type":"post","link":"https:\/\/www.eldiario.net\/portal\/2026\/09\/05\/rechazan-accion-de-libertad-de-cerimedo\/","title":{"rendered":"Rechazan acci\u00f3n de libertad de Cerimedo"},"content":{"rendered":"<p>La Justicia rechaz\u00f3 ayer la acci\u00f3n de libertad presentada por la defensa de Fernando Cerimedo, con la que buscaba impedir su traslado al penal de m\u00e1xima seguridad de Chonchocoro, en La Paz. Durante la audiencia, el asesor pol\u00edtico afirm\u00f3 que su vida corre peligro y se\u00f1al\u00f3 que enfrenta problemas de salud.<\/p>\n<p>La audiencia se desarroll\u00f3 de manera virtual y tuvo como objetivo analizar el pedido de la defensa para que Cerimedo permanezca recluido en Palmasola, en Santa Cruz. Sin embargo, el Tribunal de Garant\u00edas rechaz\u00f3 la solicitud y dej\u00f3 expedita la aplicaci\u00f3n de la decisi\u00f3n que dispone su traslado al penal pace\u00f1o.<\/p>\n<p>Durante su intervenci\u00f3n, Cerimedo manifest\u00f3 su oposici\u00f3n a ser llevado a La Paz y afirm\u00f3 que su vida estar\u00eda en riesgo. Tambi\u00e9n expuso problemas de salud que, seg\u00fan sostuvo, podr\u00edan agravarse por las condiciones de la ciudad de La Paz, por lo que pidi\u00f3 que estos argumentos fueran considerados para evitar el traslado.<\/p>\n<p>La resoluci\u00f3n se conoce despu\u00e9s de que la Justicia ratificara el mi\u00e9rcoles que el asesor pol\u00edtico debe ser llevado a Chonchocoro. Con esa determinaci\u00f3n, qued\u00f3 sin efecto el intento de su defensa de mantenerlo en Palmasola mientras avanzan las investigaciones en su contra.<\/p>\n<p>Cerimedo cumple detenci\u00f3n preventiva en Palmasola por el intento de feminicidio de Nadia Beller. La medida fue dispuesta despu\u00e9s de que el asesor pol\u00edtico fuera aprehendido el 18 de agosto en el aeropuerto de Viru Viru, horas despu\u00e9s de que Beller fuera atacada con varios disparos.<\/p>\n<p>Posteriormente, Cerimedo fue vinculado a un segundo proceso por el presunto delito de enriquecimiento il\u00edcito de particulares con afectaci\u00f3n al Estado. En esta causa tambi\u00e9n se dispuso su detenci\u00f3n preventiva, determinaci\u00f3n que dio paso al traslado al penal de m\u00e1xima seguridad de Chonchocoro.<\/p>\n<p>Con la negativa judicial, el traslado de Cerimedo a La Paz se mantiene vigente mientras contin\u00faan los procesos en los que est\u00e1 involucrado.<\/p>\n","protected":false},"excerpt":{"rendered":"<p>La Justicia rechaz\u00f3 ayer la acci\u00f3n de libertad presentada por la defensa de Fernando Cerimedo, con la que buscaba impedir su traslado al penal de m\u00e1xima seguridad de Chonchocoro, en La Paz. Durante la audiencia, el asesor pol\u00edtico afirm\u00f3 que su vida corre peligro y se\u00f1al\u00f3 que enfrenta problemas de salud. La audiencia se desarroll\u00f3 [&hellip;]<\/p>\n","protected":false},"author":1,"featured_media":427828,"comment_status":"closed","ping_status":"open","sticky":false,"template":"","format":"standard","meta":{"_acf_changed":false,"footnotes":""},"categories":[39],"tags":[],"class_list":["post-427827","post","type-post","status-publish","format-standard","has-post-thumbnail","category-sociedad"],"acf":{"antetitulo":"Se mantiene traslado a Chonchocoro"},"yoast_head":"<!-- This site is optimized with the Yoast SEO plugin v28.4 - https:\/\/yoast.com\/product\/yoast-seo-wordpress\/ -->\n<title>Rechazan acci\u00f3n de libertad de Cerimedo - El Diario - Bolivia<\/title>\n<meta name=\"robots\" content=\"index, follow, max-snippet:-1, max-image-preview:large, max-video-preview:-1\" \/>\n<link rel=\"canonical\" href=\"https:\/\/www.eldiario.net\/portal\/2026\/09\/05\/rechazan-accion-de-libertad-de-cerimedo\/\" \/>\n<meta property=\"og:locale\" content=\"es_ES\" \/>\n<meta property=\"og:type\" content=\"article\" \/>\n<meta property=\"og:title\" content=\"Rechazan acci\u00f3n de libertad de Cerimedo - El Diario - Bolivia\" \/>\n<meta property=\"og:description\" content=\"La Justicia rechaz\u00f3 ayer la acci\u00f3n de libertad presentada por la defensa de Fernando Cerimedo, con la que buscaba impedir su traslado al penal de m\u00e1xima seguridad de Chonchocoro, en La Paz. Durante la audiencia, el asesor pol\u00edtico afirm\u00f3 que su vida corre peligro y se\u00f1al\u00f3 que enfrenta problemas de salud. La audiencia se desarroll\u00f3 [&hellip;]\" \/>\n<meta property=\"og:url\" content=\"https:\/\/www.eldiario.net\/portal\/2026\/09\/05\/rechazan-accion-de-libertad-de-cerimedo\/\" \/>\n<meta property=\"og:site_name\" content=\"El Diario - Bolivia\" \/>\n<meta property=\"article:publisher\" content=\"https:\/\/www.facebook.com\/eldiario.bolivia\/\" \/>\n<meta property=\"article:published_time\" content=\"2026-09-05T04:06:18+00:00\" \/>\n<meta property=\"og:image\" content=\"https:\/\/www.eldiario.net\/portal\/wp-content\/uploads\/2026\/09\/5-RECH.webp\" \/>\n\t<meta property=\"og:image:width\" content=\"1254\" \/>\n\t<meta property=\"og:image:height\" content=\"896\" \/>\n\t<meta property=\"og:image:type\" content=\"image\/webp\" \/>\n<meta name=\"author\" content=\"Jeanette\" \/>\n<meta name=\"twitter:card\" content=\"summary_large_image\" \/>\n<meta name=\"twitter:creator\" content=\"@eldiario_net\" \/>\n<meta name=\"twitter:site\" content=\"@eldiario_net\" \/>\n<meta name=\"twitter:label1\" content=\"Escrito por\" \/>\n\t<meta name=\"twitter:data1\" content=\"Jeanette\" \/>\n\t<meta name=\"twitter:label2\" content=\"Tiempo de lectura\" \/>\n\t<meta name=\"twitter:data2\" content=\"2 minutos\" \/>\n<script type=\"application\/ld+json\" class=\"yoast-schema-graph\">{\"@context\":\"https:\\\/\\\/schema.org\",\"@graph\":[{\"@type\":\"Article\",\"@id\":\"https:\\\/\\\/www.eldiario.net\\\/portal\\\/2026\\\/09\\\/05\\\/rechazan-accion-de-libertad-de-cerimedo\\\/#article\",\"isPartOf\":{\"@id\":\"https:\\\/\\\/www.eldiario.net\\\/portal\\\/2026\\\/09\\\/05\\\/rechazan-accion-de-libertad-de-cerimedo\\\/\"},\"author\":{\"name\":\"Jeanette\",\"@id\":\"https:\\\/\\\/www.eldiario.net\\\/portal\\\/#\\\/schema\\\/person\\\/2c57cf2b7a7ae032e449e4c9b1019eac\"},\"headline\":\"Rechazan acci\u00f3n de libertad de Cerimedo\",\"datePublished\":\"2026-09-05T04:06:18+00:00\",\"mainEntityOfPage\":{\"@id\":\"https:\\\/\\\/www.eldiario.net\\\/portal\\\/2026\\\/09\\\/05\\\/rechazan-accion-de-libertad-de-cerimedo\\\/\"},\"wordCount\":346,\"publisher\":{\"@id\":\"https:\\\/\\\/www.eldiario.net\\\/portal\\\/#organization\"},\"image\":{\"@id\":\"https:\\\/\\\/www.eldiario.net\\\/portal\\\/2026\\\/09\\\/05\\\/rechazan-accion-de-libertad-de-cerimedo\\\/#primaryimage\"},\"thumbnailUrl\":\"https:\\\/\\\/www.eldiario.net\\\/portal\\\/wp-content\\\/uploads\\\/2026\\\/09\\\/5-RECH.webp\",\"articleSection\":[\"Sociedad - Seguridad\"],\"inLanguage\":\"es\"},{\"@type\":\"WebPage\",\"@id\":\"https:\\\/\\\/www.eldiario.net\\\/portal\\\/2026\\\/09\\\/05\\\/rechazan-accion-de-libertad-de-cerimedo\\\/\",\"url\":\"https:\\\/\\\/www.eldiario.net\\\/portal\\\/2026\\\/09\\\/05\\\/rechazan-accion-de-libertad-de-cerimedo\\\/\",\"name\":\"Rechazan acci\u00f3n de libertad de Cerimedo - El Diario - Bolivia\",\"isPartOf\":{\"@id\":\"https:\\\/\\\/www.eldiario.net\\\/portal\\\/#website\"},\"primaryImageOfPage\":{\"@id\":\"https:\\\/\\\/www.eldiario.net\\\/portal\\\/2026\\\/09\\\/05\\\/rechazan-accion-de-libertad-de-cerimedo\\\/#primaryimage\"},\"image\":{\"@id\":\"https:\\\/\\\/www.eldiario.net\\\/portal\\\/2026\\\/09\\\/05\\\/rechazan-accion-de-libertad-de-cerimedo\\\/#primaryimage\"},\"thumbnailUrl\":\"https:\\\/\\\/www.eldiario.net\\\/portal\\\/wp-content\\\/uploads\\\/2026\\\/09\\\/5-RECH.webp\",\"datePublished\":\"2026-09-05T04:06:18+00:00\",\"breadcrumb\":{\"@id\":\"https:\\\/\\\/www.eldiario.net\\\/portal\\\/2026\\\/09\\\/05\\\/rechazan-accion-de-libertad-de-cerimedo\\\/#breadcrumb\"},\"inLanguage\":\"es\",\"potentialAction\":[{\"@type\":\"ReadAction\",\"target\":[\"https:\\\/\\\/www.eldiario.net\\\/portal\\\/2026\\\/09\\\/05\\\/rechazan-accion-de-libertad-de-cerimedo\\\/\"]}]},{\"@type\":\"ImageObject\",\"inLanguage\":\"es\",\"@id\":\"https:\\\/\\\/www.eldiario.net\\\/portal\\\/2026\\\/09\\\/05\\\/rechazan-accion-de-libertad-de-cerimedo\\\/#primaryimage\",\"url\":\"https:\\\/\\\/www.eldiario.net\\\/portal\\\/wp-content\\\/uploads\\\/2026\\\/09\\\/5-RECH.webp\",\"contentUrl\":\"https:\\\/\\\/www.eldiario.net\\\/portal\\\/wp-content\\\/uploads\\\/2026\\\/09\\\/5-RECH.webp\",\"width\":1254,\"height\":896,\"caption\":\"Cerimedo deber\u00e1 ser trasladado a Chonchocoro. Cr\u00e9dito de foto: RRSS\"},{\"@type\":\"BreadcrumbList\",\"@id\":\"https:\\\/\\\/www.eldiario.net\\\/portal\\\/2026\\\/09\\\/05\\\/rechazan-accion-de-libertad-de-cerimedo\\\/#breadcrumb\",\"itemListElement\":[{\"@type\":\"ListItem\",\"position\":1,\"name\":\"Portada\",\"item\":\"https:\\\/\\\/www.eldiario.net\\\/portal\\\/\"},{\"@type\":\"ListItem\",\"position\":2,\"name\":\"Rechazan acci\u00f3n de libertad de Cerimedo\"}]},{\"@type\":\"WebSite\",\"@id\":\"https:\\\/\\\/www.eldiario.net\\\/portal\\\/#website\",\"url\":\"https:\\\/\\\/www.eldiario.net\\\/portal\\\/\",\"name\":\"El Diario - Decano de la prensa nacional\",\"description\":\"El Diario - Decano de la prensa nacional\",\"publisher\":{\"@id\":\"https:\\\/\\\/www.eldiario.net\\\/portal\\\/#organization\"},\"potentialAction\":[{\"@type\":\"SearchAction\",\"target\":{\"@type\":\"EntryPoint\",\"urlTemplate\":\"https:\\\/\\\/www.eldiario.net\\\/portal\\\/?s={search_term_string}\"},\"query-input\":{\"@type\":\"PropertyValueSpecification\",\"valueRequired\":true,\"valueName\":\"search_term_string\"}}],\"inLanguage\":\"es\"},{\"@type\":\"Organization\",\"@id\":\"https:\\\/\\\/www.eldiario.net\\\/portal\\\/#organization\",\"name\":\"El Diario - Decano de la prensa nacional\",\"url\":\"https:\\\/\\\/www.eldiario.net\\\/portal\\\/\",\"logo\":{\"@type\":\"ImageObject\",\"inLanguage\":\"es\",\"@id\":\"https:\\\/\\\/www.eldiario.net\\\/portal\\\/#\\\/schema\\\/logo\\\/image\\\/\",\"url\":\"https:\\\/\\\/www.eldiario.net\\\/portal\\\/wp-content\\\/uploads\\\/2023\\\/07\\\/logo_ED.jpg\",\"contentUrl\":\"https:\\\/\\\/www.eldiario.net\\\/portal\\\/wp-content\\\/uploads\\\/2023\\\/07\\\/logo_ED.jpg\",\"width\":272,\"height\":52,\"caption\":\"El Diario - Decano de la prensa nacional\"},\"image\":{\"@id\":\"https:\\\/\\\/www.eldiario.net\\\/portal\\\/#\\\/schema\\\/logo\\\/image\\\/\"},\"sameAs\":[\"https:\\\/\\\/www.facebook.com\\\/eldiario.bolivia\\\/\",\"https:\\\/\\\/x.com\\\/eldiario_net\"]},{\"@type\":\"Person\",\"@id\":\"https:\\\/\\\/www.eldiario.net\\\/portal\\\/#\\\/schema\\\/person\\\/2c57cf2b7a7ae032e449e4c9b1019eac\",\"name\":\"Jeanette\",\"image\":{\"@type\":\"ImageObject\",\"inLanguage\":\"es\",\"@id\":\"https:\\\/\\\/secure.gravatar.com\\\/avatar\\\/3ea2118a5f7dad2b7138b1187a6b7ee55f160b9968b66013c3a3ef39dd7e5798?s=96&d=mm&r=g\",\"url\":\"https:\\\/\\\/secure.gravatar.com\\\/avatar\\\/3ea2118a5f7dad2b7138b1187a6b7ee55f160b9968b66013c3a3ef39dd7e5798?s=96&d=mm&r=g\",\"contentUrl\":\"https:\\\/\\\/secure.gravatar.com\\\/avatar\\\/3ea2118a5f7dad2b7138b1187a6b7ee55f160b9968b66013c3a3ef39dd7e5798?s=96&d=mm&r=g\",\"caption\":\"Jeanette\"},\"sameAs\":[\"https:\\\/\\\/www.eldiario.net\\\/portal\"],\"url\":\"https:\\\/\\\/www.eldiario.net\\\/portal\\\/author\\\/jeanette\\\/\"}]}<\/script>\n<!-- \/ Yoast SEO plugin. -->","yoast_head_json":{"title":"Rechazan acci\u00f3n de libertad de Cerimedo - El Diario - Bolivia","robots":{"index":"index","follow":"follow","max-snippet":"max-snippet:-1","max-image-preview":"max-image-preview:large","max-video-preview":"max-video-preview:-1"},"canonical":"https:\/\/www.eldiario.net\/portal\/2026\/09\/05\/rechazan-accion-de-libertad-de-cerimedo\/","og_locale":"es_ES","og_type":"article","og_title":"Rechazan acci\u00f3n de libertad de Cerimedo - El Diario - Bolivia","og_description":"La Justicia rechaz\u00f3 ayer la acci\u00f3n de libertad presentada por la defensa de Fernando Cerimedo, con la que buscaba impedir su traslado al penal de m\u00e1xima seguridad de Chonchocoro, en La Paz. Durante la audiencia, el asesor pol\u00edtico afirm\u00f3 que su vida corre peligro y se\u00f1al\u00f3 que enfrenta problemas de salud. La audiencia se desarroll\u00f3 [&hellip;]","og_url":"https:\/\/www.eldiario.net\/portal\/2026\/09\/05\/rechazan-accion-de-libertad-de-cerimedo\/","og_site_name":"El Diario - Bolivia","article_publisher":"https:\/\/www.facebook.com\/eldiario.bolivia\/","article_published_time":"2026-09-05T04:06:18+00:00","og_image":[{"width":1254,"height":896,"url":"https:\/\/www.eldiario.net\/portal\/wp-content\/uploads\/2026\/09\/5-RECH.webp","type":"image\/webp"}],"author":"Jeanette","twitter_card":"summary_large_image","twitter_creator":"@eldiario_net","twitter_site":"@eldiario_net","twitter_misc":{"Escrito por":"Jeanette","Tiempo de lectura":"2 minutos"},"schema":{"@context":"https:\/\/schema.org","@graph":[{"@type":"Article","@id":"https:\/\/www.eldiario.net\/portal\/2026\/09\/05\/rechazan-accion-de-libertad-de-cerimedo\/#article","isPartOf":{"@id":"https:\/\/www.eldiario.net\/portal\/2026\/09\/05\/rechazan-accion-de-libertad-de-cerimedo\/"},"author":{"name":"Jeanette","@id":"https:\/\/www.eldiario.net\/portal\/#\/schema\/person\/2c57cf2b7a7ae032e449e4c9b1019eac"},"headline":"Rechazan acci\u00f3n de libertad de Cerimedo","datePublished":"2026-09-05T04:06:18+00:00","mainEntityOfPage":{"@id":"https:\/\/www.eldiario.net\/portal\/2026\/09\/05\/rechazan-accion-de-libertad-de-cerimedo\/"},"wordCount":346,"publisher":{"@id":"https:\/\/www.eldiario.net\/portal\/#organization"},"image":{"@id":"https:\/\/www.eldiario.net\/portal\/2026\/09\/05\/rechazan-accion-de-libertad-de-cerimedo\/#primaryimage"},"thumbnailUrl":"https:\/\/www.eldiario.net\/portal\/wp-content\/uploads\/2026\/09\/5-RECH.webp","articleSection":["Sociedad - Seguridad"],"inLanguage":"es"},{"@type":"WebPage","@id":"https:\/\/www.eldiario.net\/portal\/2026\/09\/05\/rechazan-accion-de-libertad-de-cerimedo\/","url":"https:\/\/www.eldiario.net\/portal\/2026\/09\/05\/rechazan-accion-de-libertad-de-cerimedo\/","name":"Rechazan acci\u00f3n de libertad de Cerimedo - El Diario - Bolivia","isPartOf":{"@id":"https:\/\/www.eldiario.net\/portal\/#website"},"primaryImageOfPage":{"@id":"https:\/\/www.eldiario.net\/portal\/2026\/09\/05\/rechazan-accion-de-libertad-de-cerimedo\/#primaryimage"},"image":{"@id":"https:\/\/www.eldiario.net\/portal\/2026\/09\/05\/rechazan-accion-de-libertad-de-cerimedo\/#primaryimage"},"thumbnailUrl":"https:\/\/www.eldiario.net\/portal\/wp-content\/uploads\/2026\/09\/5-RECH.webp","datePublished":"2026-09-05T04:06:18+00:00","breadcrumb":{"@id":"https:\/\/www.eldiario.net\/portal\/2026\/09\/05\/rechazan-accion-de-libertad-de-cerimedo\/#breadcrumb"},"inLanguage":"es","potentialAction":[{"@type":"ReadAction","target":["https:\/\/www.eldiario.net\/portal\/2026\/09\/05\/rechazan-accion-de-libertad-de-cerimedo\/"]}]},{"@type":"ImageObject","inLanguage":"es","@id":"https:\/\/www.eldiario.net\/portal\/2026\/09\/05\/rechazan-accion-de-libertad-de-cerimedo\/#primaryimage","url":"https:\/\/www.eldiario.net\/portal\/wp-content\/uploads\/2026\/09\/5-RECH.webp","contentUrl":"https:\/\/www.eldiario.net\/portal\/wp-content\/uploads\/2026\/09\/5-RECH.webp","width":1254,"height":896,"caption":"Cerimedo deber\u00e1 ser trasladado a Chonchocoro. Cr\u00e9dito de foto: RRSS"},{"@type":"BreadcrumbList","@id":"https:\/\/www.eldiario.net\/portal\/2026\/09\/05\/rechazan-accion-de-libertad-de-cerimedo\/#breadcrumb","itemListElement":[{"@type":"ListItem","position":1,"name":"Portada","item":"https:\/\/www.eldiario.net\/portal\/"},{"@type":"ListItem","position":2,"name":"Rechazan acci\u00f3n de libertad de Cerimedo"}]},{"@type":"WebSite","@id":"https:\/\/www.eldiario.net\/portal\/#website","url":"https:\/\/www.eldiario.net\/portal\/","name":"El Diario - Decano de la prensa nacional","description":"El Diario - Decano de la prensa nacional","publisher":{"@id":"https:\/\/www.eldiario.net\/portal\/#organization"},"potentialAction":[{"@type":"SearchAction","target":{"@type":"EntryPoint","urlTemplate":"https:\/\/www.eldiario.net\/portal\/?s={search_term_string}"},"query-input":{"@type":"PropertyValueSpecification","valueRequired":true,"valueName":"search_term_string"}}],"inLanguage":"es"},{"@type":"Organization","@id":"https:\/\/www.eldiario.net\/portal\/#organization","name":"El Diario - Decano de la prensa nacional","url":"https:\/\/www.eldiario.net\/portal\/","logo":{"@type":"ImageObject","inLanguage":"es","@id":"https:\/\/www.eldiario.net\/portal\/#\/schema\/logo\/image\/","url":"https:\/\/www.eldiario.net\/portal\/wp-content\/uploads\/2023\/07\/logo_ED.jpg","contentUrl":"https:\/\/www.eldiario.net\/portal\/wp-content\/uploads\/2023\/07\/logo_ED.jpg","width":272,"height":52,"caption":"El Diario - Decano de la prensa nacional"},"image":{"@id":"https:\/\/www.eldiario.net\/portal\/#\/schema\/logo\/image\/"},"sameAs":["https:\/\/www.facebook.com\/eldiario.bolivia\/","https:\/\/x.com\/eldiario_net"]},{"@type":"Person","@id":"https:\/\/www.eldiario.net\/portal\/#\/schema\/person\/2c57cf2b7a7ae032e449e4c9b1019eac","name":"Jeanette","image":{"@type":"ImageObject","inLanguage":"es","@id":"https:\/\/secure.gravatar.com\/avatar\/3ea2118a5f7dad2b7138b1187a6b7ee55f160b9968b66013c3a3ef39dd7e5798?s=96&d=mm&r=g","url":"https:\/\/secure.gravatar.com\/avatar\/3ea2118a5f7dad2b7138b1187a6b7ee55f160b9968b66013c3a3ef39dd7e5798?s=96&d=mm&r=g","contentUrl":"https:\/\/secure.gravatar.com\/avatar\/3ea2118a5f7dad2b7138b1187a6b7ee55f160b9968b66013c3a3ef39dd7e5798?s=96&d=mm&r=g","caption":"Jeanette"},"sameAs":["https:\/\/www.eldiario.net\/portal"],"url":"https:\/\/www.eldiario.net\/portal\/author\/jeanette\/"}]}},"_links":{"self":[{"href":"https:\/\/www.eldiario.net\/portal\/wp-json\/wp\/v2\/posts\/427827","targetHints":{"allow":["GET"]}}],"collection":[{"href":"https:\/\/www.eldiario.net\/portal\/wp-json\/wp\/v2\/posts"}],"about":[{"href":"https:\/\/www.eldiario.net\/portal\/wp-json\/wp\/v2\/types\/post"}],"author":[{"embeddable":true,"href":"https:\/\/www.eldiario.net\/portal\/wp-json\/wp\/v2\/users\/1"}],"replies":[{"embeddable":true,"href":"https:\/\/www.eldiario.net\/portal\/wp-json\/wp\/v2\/comments?post=427827"}],"version-history":[{"count":1,"href":"https:\/\/www.eldiario.net\/portal\/wp-json\/wp\/v2\/posts\/427827\/revisions"}],"predecessor-version":[{"id":427829,"href":"https:\/\/www.eldiario.net\/portal\/wp-json\/wp\/v2\/posts\/427827\/revisions\/427829"}],"wp:featuredmedia":[{"embeddable":true,"href":"https:\/\/www.eldiario.net\/portal\/wp-json\/wp\/v2\/media\/427828"}],"wp:attachment":[{"href":"https:\/\/www.eldiario.net\/portal\/wp-json\/wp\/v2\/media?parent=427827"}],"wp:term":[{"taxonomy":"category","embeddable":true,"href":"https:\/\/www.eldiario.net\/portal\/wp-json\/wp\/v2\/categories?post=427827"},{"taxonomy":"post_tag","embeddable":true,"href":"https:\/\/www.eldiario.net\/portal\/wp-json\/wp\/v2\/tags?post=427827"}],"curies":[{"name":"wp","href":"https:\/\/api.w.org\/{rel}","templated":true}]}}