{"id":427824,"date":"2026-09-05T00:05:40","date_gmt":"2026-09-05T04:05:40","guid":{"rendered":"https:\/\/www.eldiario.net\/portal\/?p=427824"},"modified":"2026-09-04T22:06:12","modified_gmt":"2026-09-05T02:06:12","slug":"justiniano-pide-a-morales-presentarse-ante-la-justicia","status":"publish","type":"post","link":"https:\/\/www.eldiario.net\/portal\/2026\/09\/05\/justiniano-pide-a-morales-presentarse-ante-la-justicia\/","title":{"rendered":"Justiniano pide a Morales presentarse ante la Justicia"},"content":{"rendered":"<p>El ministro de Defensa, Ernesto Justiniano, inst\u00f3 al expresidente Evo Morales a presentarse ante las autoridades judiciales y abandonar cualquier intento de promover movilizaciones, con el argumento de que su decisi\u00f3n podr\u00eda contribuir a evitar un escenario de violencia y un eventual derramamiento de sangre.<\/p>\n<p>La autoridad sostuvo que Morales deber\u00eda asumir una conducta ejemplar como exmandatario y demostrar que reconoce la vigencia de la ley. En declaraciones a Unitel, Justiniano remarc\u00f3 que ninguna persona, incluido Morales, est\u00e1 por encima de las normas y consider\u00f3 que su presentaci\u00f3n ante la Justicia ser\u00eda la v\u00eda para reducir la tensi\u00f3n existente.<\/p>\n<p>El ministro tambi\u00e9n cuestion\u00f3 que desde el entorno del exmandatario se plantee la posibilidad de enfrentamientos ante una eventual ejecuci\u00f3n de las \u00f3rdenes de aprehensi\u00f3n. Seg\u00fan la posici\u00f3n expresada por Justiniano, si Morales realmente busca priorizar el bienestar del pa\u00eds, deber\u00eda presentarse voluntariamente ante las autoridades.<\/p>\n<p>Morales permanece en el Tr\u00f3pico de Cochabamba, donde cuenta con el respaldo de integrantes de las seis federaciones. De acuerdo con el vocero presidencial, Jos\u00e9 Luis G\u00e1lvez, el dirigente cocalero estar\u00eda protegido por un denominado \u201cescudo humano\u201d integrado por mujeres, ni\u00f1os y personas adultas mayores.<\/p>\n<p>El pedido de Justiniano se produce en medio de un escenario de tensi\u00f3n pol\u00edtica y movilizaciones. La autoridad atribuy\u00f3 parte de la convocatoria a una estrategia impulsada desde el Chapare que, a su criterio, busca generar inestabilidad y convulsi\u00f3n.<\/p>\n<p>Sobre la situaci\u00f3n judicial, Morales enfrenta una orden de aprehensi\u00f3n vinculada a una investigaci\u00f3n por trata agravada en Tarija, relacionada con la presunta relaci\u00f3n con una menor de edad y la existencia de un hijo. Tambi\u00e9n pesa sobre \u00e9l otra orden de aprehensi\u00f3n relacionada con los bloqueos registrados durante 53 d\u00edas entre mayo y junio, movilizaciones que exig\u00edan la renuncia del presidente Rodrigo Paz.<\/p>\n<p>Ante este contexto, Justiniano plante\u00f3 que la presentaci\u00f3n de Morales ante la Justicia podr\u00eda contribuir a desactivar la posibilidad de nuevos enfrentamientos y evitar que la disputa pol\u00edtica derive en hechos de violencia.<\/p>\n","protected":false},"excerpt":{"rendered":"<p>El ministro de Defensa, Ernesto Justiniano, inst\u00f3 al expresidente Evo Morales a presentarse ante las autoridades judiciales y abandonar cualquier intento de promover movilizaciones, con el argumento de que su decisi\u00f3n podr\u00eda contribuir a evitar un escenario de violencia y un eventual derramamiento de sangre. La autoridad sostuvo que Morales deber\u00eda asumir una conducta ejemplar [&hellip;]<\/p>\n","protected":false},"author":1,"featured_media":427825,"comment_status":"closed","ping_status":"open","sticky":false,"template":"","format":"standard","meta":{"_acf_changed":false,"footnotes":""},"categories":[39],"tags":[],"class_list":["post-427824","post","type-post","status-publish","format-standard","has-post-thumbnail","category-sociedad"],"acf":{"antetitulo":"Ante riesgo de violencia"},"yoast_head":"<!-- This site is optimized with the Yoast SEO plugin v28.4 - https:\/\/yoast.com\/product\/yoast-seo-wordpress\/ -->\n<title>Justiniano pide a Morales presentarse ante la Justicia - El Diario - Bolivia<\/title>\n<meta name=\"robots\" content=\"index, follow, max-snippet:-1, max-image-preview:large, max-video-preview:-1\" \/>\n<link rel=\"canonical\" href=\"https:\/\/www.eldiario.net\/portal\/2026\/09\/05\/justiniano-pide-a-morales-presentarse-ante-la-justicia\/\" \/>\n<meta property=\"og:locale\" content=\"es_ES\" \/>\n<meta property=\"og:type\" content=\"article\" \/>\n<meta property=\"og:title\" content=\"Justiniano pide a Morales presentarse ante la Justicia - El Diario - Bolivia\" \/>\n<meta property=\"og:description\" content=\"El ministro de Defensa, Ernesto Justiniano, inst\u00f3 al expresidente Evo Morales a presentarse ante las autoridades judiciales y abandonar cualquier intento de promover movilizaciones, con el argumento de que su decisi\u00f3n podr\u00eda contribuir a evitar un escenario de violencia y un eventual derramamiento de sangre. La autoridad sostuvo que Morales deber\u00eda asumir una conducta ejemplar [&hellip;]\" \/>\n<meta property=\"og:url\" content=\"https:\/\/www.eldiario.net\/portal\/2026\/09\/05\/justiniano-pide-a-morales-presentarse-ante-la-justicia\/\" \/>\n<meta property=\"og:site_name\" content=\"El Diario - Bolivia\" \/>\n<meta property=\"article:publisher\" content=\"https:\/\/www.facebook.com\/eldiario.bolivia\/\" \/>\n<meta property=\"article:published_time\" content=\"2026-09-05T04:05:40+00:00\" \/>\n<meta property=\"og:image\" content=\"https:\/\/www.eldiario.net\/portal\/wp-content\/uploads\/2026\/09\/5-JUST.webp\" \/>\n\t<meta property=\"og:image:width\" content=\"425\" \/>\n\t<meta property=\"og:image:height\" content=\"392\" \/>\n\t<meta property=\"og:image:type\" content=\"image\/webp\" \/>\n<meta name=\"author\" content=\"Jeanette\" \/>\n<meta name=\"twitter:card\" content=\"summary_large_image\" \/>\n<meta name=\"twitter:creator\" content=\"@eldiario_net\" \/>\n<meta name=\"twitter:site\" content=\"@eldiario_net\" \/>\n<meta name=\"twitter:label1\" content=\"Escrito por\" \/>\n\t<meta name=\"twitter:data1\" content=\"Jeanette\" \/>\n\t<meta name=\"twitter:label2\" content=\"Tiempo de lectura\" \/>\n\t<meta name=\"twitter:data2\" content=\"2 minutos\" \/>\n<script type=\"application\/ld+json\" class=\"yoast-schema-graph\">{\"@context\":\"https:\\\/\\\/schema.org\",\"@graph\":[{\"@type\":\"Article\",\"@id\":\"https:\\\/\\\/www.eldiario.net\\\/portal\\\/2026\\\/09\\\/05\\\/justiniano-pide-a-morales-presentarse-ante-la-justicia\\\/#article\",\"isPartOf\":{\"@id\":\"https:\\\/\\\/www.eldiario.net\\\/portal\\\/2026\\\/09\\\/05\\\/justiniano-pide-a-morales-presentarse-ante-la-justicia\\\/\"},\"author\":{\"name\":\"Jeanette\",\"@id\":\"https:\\\/\\\/www.eldiario.net\\\/portal\\\/#\\\/schema\\\/person\\\/2c57cf2b7a7ae032e449e4c9b1019eac\"},\"headline\":\"Justiniano pide a Morales presentarse ante la Justicia\",\"datePublished\":\"2026-09-05T04:05:40+00:00\",\"mainEntityOfPage\":{\"@id\":\"https:\\\/\\\/www.eldiario.net\\\/portal\\\/2026\\\/09\\\/05\\\/justiniano-pide-a-morales-presentarse-ante-la-justicia\\\/\"},\"wordCount\":365,\"publisher\":{\"@id\":\"https:\\\/\\\/www.eldiario.net\\\/portal\\\/#organization\"},\"image\":{\"@id\":\"https:\\\/\\\/www.eldiario.net\\\/portal\\\/2026\\\/09\\\/05\\\/justiniano-pide-a-morales-presentarse-ante-la-justicia\\\/#primaryimage\"},\"thumbnailUrl\":\"https:\\\/\\\/www.eldiario.net\\\/portal\\\/wp-content\\\/uploads\\\/2026\\\/09\\\/5-JUST.webp\",\"articleSection\":[\"Sociedad - Seguridad\"],\"inLanguage\":\"es\"},{\"@type\":\"WebPage\",\"@id\":\"https:\\\/\\\/www.eldiario.net\\\/portal\\\/2026\\\/09\\\/05\\\/justiniano-pide-a-morales-presentarse-ante-la-justicia\\\/\",\"url\":\"https:\\\/\\\/www.eldiario.net\\\/portal\\\/2026\\\/09\\\/05\\\/justiniano-pide-a-morales-presentarse-ante-la-justicia\\\/\",\"name\":\"Justiniano pide a Morales presentarse ante la Justicia - El Diario - Bolivia\",\"isPartOf\":{\"@id\":\"https:\\\/\\\/www.eldiario.net\\\/portal\\\/#website\"},\"primaryImageOfPage\":{\"@id\":\"https:\\\/\\\/www.eldiario.net\\\/portal\\\/2026\\\/09\\\/05\\\/justiniano-pide-a-morales-presentarse-ante-la-justicia\\\/#primaryimage\"},\"image\":{\"@id\":\"https:\\\/\\\/www.eldiario.net\\\/portal\\\/2026\\\/09\\\/05\\\/justiniano-pide-a-morales-presentarse-ante-la-justicia\\\/#primaryimage\"},\"thumbnailUrl\":\"https:\\\/\\\/www.eldiario.net\\\/portal\\\/wp-content\\\/uploads\\\/2026\\\/09\\\/5-JUST.webp\",\"datePublished\":\"2026-09-05T04:05:40+00:00\",\"breadcrumb\":{\"@id\":\"https:\\\/\\\/www.eldiario.net\\\/portal\\\/2026\\\/09\\\/05\\\/justiniano-pide-a-morales-presentarse-ante-la-justicia\\\/#breadcrumb\"},\"inLanguage\":\"es\",\"potentialAction\":[{\"@type\":\"ReadAction\",\"target\":[\"https:\\\/\\\/www.eldiario.net\\\/portal\\\/2026\\\/09\\\/05\\\/justiniano-pide-a-morales-presentarse-ante-la-justicia\\\/\"]}]},{\"@type\":\"ImageObject\",\"inLanguage\":\"es\",\"@id\":\"https:\\\/\\\/www.eldiario.net\\\/portal\\\/2026\\\/09\\\/05\\\/justiniano-pide-a-morales-presentarse-ante-la-justicia\\\/#primaryimage\",\"url\":\"https:\\\/\\\/www.eldiario.net\\\/portal\\\/wp-content\\\/uploads\\\/2026\\\/09\\\/5-JUST.webp\",\"contentUrl\":\"https:\\\/\\\/www.eldiario.net\\\/portal\\\/wp-content\\\/uploads\\\/2026\\\/09\\\/5-JUST.webp\",\"width\":425,\"height\":392,\"caption\":\"Morales permanece en el Tr\u00f3pico de Cochabamba mientras enfrenta dos \u00f3rdenes de aprehensi\u00f3n. Cr\u00e9dito de foto: RRSS\"},{\"@type\":\"BreadcrumbList\",\"@id\":\"https:\\\/\\\/www.eldiario.net\\\/portal\\\/2026\\\/09\\\/05\\\/justiniano-pide-a-morales-presentarse-ante-la-justicia\\\/#breadcrumb\",\"itemListElement\":[{\"@type\":\"ListItem\",\"position\":1,\"name\":\"Portada\",\"item\":\"https:\\\/\\\/www.eldiario.net\\\/portal\\\/\"},{\"@type\":\"ListItem\",\"position\":2,\"name\":\"Justiniano pide a Morales presentarse ante la Justicia\"}]},{\"@type\":\"WebSite\",\"@id\":\"https:\\\/\\\/www.eldiario.net\\\/portal\\\/#website\",\"url\":\"https:\\\/\\\/www.eldiario.net\\\/portal\\\/\",\"name\":\"El Diario - Decano de la prensa nacional\",\"description\":\"El Diario - Decano de la prensa nacional\",\"publisher\":{\"@id\":\"https:\\\/\\\/www.eldiario.net\\\/portal\\\/#organization\"},\"potentialAction\":[{\"@type\":\"SearchAction\",\"target\":{\"@type\":\"EntryPoint\",\"urlTemplate\":\"https:\\\/\\\/www.eldiario.net\\\/portal\\\/?s={search_term_string}\"},\"query-input\":{\"@type\":\"PropertyValueSpecification\",\"valueRequired\":true,\"valueName\":\"search_term_string\"}}],\"inLanguage\":\"es\"},{\"@type\":\"Organization\",\"@id\":\"https:\\\/\\\/www.eldiario.net\\\/portal\\\/#organization\",\"name\":\"El Diario - Decano de la prensa nacional\",\"url\":\"https:\\\/\\\/www.eldiario.net\\\/portal\\\/\",\"logo\":{\"@type\":\"ImageObject\",\"inLanguage\":\"es\",\"@id\":\"https:\\\/\\\/www.eldiario.net\\\/portal\\\/#\\\/schema\\\/logo\\\/image\\\/\",\"url\":\"https:\\\/\\\/www.eldiario.net\\\/portal\\\/wp-content\\\/uploads\\\/2023\\\/07\\\/logo_ED.jpg\",\"contentUrl\":\"https:\\\/\\\/www.eldiario.net\\\/portal\\\/wp-content\\\/uploads\\\/2023\\\/07\\\/logo_ED.jpg\",\"width\":272,\"height\":52,\"caption\":\"El Diario - Decano de la prensa nacional\"},\"image\":{\"@id\":\"https:\\\/\\\/www.eldiario.net\\\/portal\\\/#\\\/schema\\\/logo\\\/image\\\/\"},\"sameAs\":[\"https:\\\/\\\/www.facebook.com\\\/eldiario.bolivia\\\/\",\"https:\\\/\\\/x.com\\\/eldiario_net\"]},{\"@type\":\"Person\",\"@id\":\"https:\\\/\\\/www.eldiario.net\\\/portal\\\/#\\\/schema\\\/person\\\/2c57cf2b7a7ae032e449e4c9b1019eac\",\"name\":\"Jeanette\",\"image\":{\"@type\":\"ImageObject\",\"inLanguage\":\"es\",\"@id\":\"https:\\\/\\\/secure.gravatar.com\\\/avatar\\\/3ea2118a5f7dad2b7138b1187a6b7ee55f160b9968b66013c3a3ef39dd7e5798?s=96&d=mm&r=g\",\"url\":\"https:\\\/\\\/secure.gravatar.com\\\/avatar\\\/3ea2118a5f7dad2b7138b1187a6b7ee55f160b9968b66013c3a3ef39dd7e5798?s=96&d=mm&r=g\",\"contentUrl\":\"https:\\\/\\\/secure.gravatar.com\\\/avatar\\\/3ea2118a5f7dad2b7138b1187a6b7ee55f160b9968b66013c3a3ef39dd7e5798?s=96&d=mm&r=g\",\"caption\":\"Jeanette\"},\"sameAs\":[\"https:\\\/\\\/www.eldiario.net\\\/portal\"],\"url\":\"https:\\\/\\\/www.eldiario.net\\\/portal\\\/author\\\/jeanette\\\/\"}]}<\/script>\n<!-- \/ Yoast SEO plugin. -->","yoast_head_json":{"title":"Justiniano pide a Morales presentarse ante la Justicia - El Diario - Bolivia","robots":{"index":"index","follow":"follow","max-snippet":"max-snippet:-1","max-image-preview":"max-image-preview:large","max-video-preview":"max-video-preview:-1"},"canonical":"https:\/\/www.eldiario.net\/portal\/2026\/09\/05\/justiniano-pide-a-morales-presentarse-ante-la-justicia\/","og_locale":"es_ES","og_type":"article","og_title":"Justiniano pide a Morales presentarse ante la Justicia - El Diario - Bolivia","og_description":"El ministro de Defensa, Ernesto Justiniano, inst\u00f3 al expresidente Evo Morales a presentarse ante las autoridades judiciales y abandonar cualquier intento de promover movilizaciones, con el argumento de que su decisi\u00f3n podr\u00eda contribuir a evitar un escenario de violencia y un eventual derramamiento de sangre. La autoridad sostuvo que Morales deber\u00eda asumir una conducta ejemplar [&hellip;]","og_url":"https:\/\/www.eldiario.net\/portal\/2026\/09\/05\/justiniano-pide-a-morales-presentarse-ante-la-justicia\/","og_site_name":"El Diario - Bolivia","article_publisher":"https:\/\/www.facebook.com\/eldiario.bolivia\/","article_published_time":"2026-09-05T04:05:40+00:00","og_image":[{"width":425,"height":392,"url":"https:\/\/www.eldiario.net\/portal\/wp-content\/uploads\/2026\/09\/5-JUST.webp","type":"image\/webp"}],"author":"Jeanette","twitter_card":"summary_large_image","twitter_creator":"@eldiario_net","twitter_site":"@eldiario_net","twitter_misc":{"Escrito por":"Jeanette","Tiempo de lectura":"2 minutos"},"schema":{"@context":"https:\/\/schema.org","@graph":[{"@type":"Article","@id":"https:\/\/www.eldiario.net\/portal\/2026\/09\/05\/justiniano-pide-a-morales-presentarse-ante-la-justicia\/#article","isPartOf":{"@id":"https:\/\/www.eldiario.net\/portal\/2026\/09\/05\/justiniano-pide-a-morales-presentarse-ante-la-justicia\/"},"author":{"name":"Jeanette","@id":"https:\/\/www.eldiario.net\/portal\/#\/schema\/person\/2c57cf2b7a7ae032e449e4c9b1019eac"},"headline":"Justiniano pide a Morales presentarse ante la Justicia","datePublished":"2026-09-05T04:05:40+00:00","mainEntityOfPage":{"@id":"https:\/\/www.eldiario.net\/portal\/2026\/09\/05\/justiniano-pide-a-morales-presentarse-ante-la-justicia\/"},"wordCount":365,"publisher":{"@id":"https:\/\/www.eldiario.net\/portal\/#organization"},"image":{"@id":"https:\/\/www.eldiario.net\/portal\/2026\/09\/05\/justiniano-pide-a-morales-presentarse-ante-la-justicia\/#primaryimage"},"thumbnailUrl":"https:\/\/www.eldiario.net\/portal\/wp-content\/uploads\/2026\/09\/5-JUST.webp","articleSection":["Sociedad - Seguridad"],"inLanguage":"es"},{"@type":"WebPage","@id":"https:\/\/www.eldiario.net\/portal\/2026\/09\/05\/justiniano-pide-a-morales-presentarse-ante-la-justicia\/","url":"https:\/\/www.eldiario.net\/portal\/2026\/09\/05\/justiniano-pide-a-morales-presentarse-ante-la-justicia\/","name":"Justiniano pide a Morales presentarse ante la Justicia - El Diario - Bolivia","isPartOf":{"@id":"https:\/\/www.eldiario.net\/portal\/#website"},"primaryImageOfPage":{"@id":"https:\/\/www.eldiario.net\/portal\/2026\/09\/05\/justiniano-pide-a-morales-presentarse-ante-la-justicia\/#primaryimage"},"image":{"@id":"https:\/\/www.eldiario.net\/portal\/2026\/09\/05\/justiniano-pide-a-morales-presentarse-ante-la-justicia\/#primaryimage"},"thumbnailUrl":"https:\/\/www.eldiario.net\/portal\/wp-content\/uploads\/2026\/09\/5-JUST.webp","datePublished":"2026-09-05T04:05:40+00:00","breadcrumb":{"@id":"https:\/\/www.eldiario.net\/portal\/2026\/09\/05\/justiniano-pide-a-morales-presentarse-ante-la-justicia\/#breadcrumb"},"inLanguage":"es","potentialAction":[{"@type":"ReadAction","target":["https:\/\/www.eldiario.net\/portal\/2026\/09\/05\/justiniano-pide-a-morales-presentarse-ante-la-justicia\/"]}]},{"@type":"ImageObject","inLanguage":"es","@id":"https:\/\/www.eldiario.net\/portal\/2026\/09\/05\/justiniano-pide-a-morales-presentarse-ante-la-justicia\/#primaryimage","url":"https:\/\/www.eldiario.net\/portal\/wp-content\/uploads\/2026\/09\/5-JUST.webp","contentUrl":"https:\/\/www.eldiario.net\/portal\/wp-content\/uploads\/2026\/09\/5-JUST.webp","width":425,"height":392,"caption":"Morales permanece en el Tr\u00f3pico de Cochabamba mientras enfrenta dos \u00f3rdenes de aprehensi\u00f3n. Cr\u00e9dito de foto: RRSS"},{"@type":"BreadcrumbList","@id":"https:\/\/www.eldiario.net\/portal\/2026\/09\/05\/justiniano-pide-a-morales-presentarse-ante-la-justicia\/#breadcrumb","itemListElement":[{"@type":"ListItem","position":1,"name":"Portada","item":"https:\/\/www.eldiario.net\/portal\/"},{"@type":"ListItem","position":2,"name":"Justiniano pide a Morales presentarse ante la Justicia"}]},{"@type":"WebSite","@id":"https:\/\/www.eldiario.net\/portal\/#website","url":"https:\/\/www.eldiario.net\/portal\/","name":"El Diario - Decano de la prensa nacional","description":"El Diario - Decano de la prensa nacional","publisher":{"@id":"https:\/\/www.eldiario.net\/portal\/#organization"},"potentialAction":[{"@type":"SearchAction","target":{"@type":"EntryPoint","urlTemplate":"https:\/\/www.eldiario.net\/portal\/?s={search_term_string}"},"query-input":{"@type":"PropertyValueSpecification","valueRequired":true,"valueName":"search_term_string"}}],"inLanguage":"es"},{"@type":"Organization","@id":"https:\/\/www.eldiario.net\/portal\/#organization","name":"El Diario - Decano de la prensa nacional","url":"https:\/\/www.eldiario.net\/portal\/","logo":{"@type":"ImageObject","inLanguage":"es","@id":"https:\/\/www.eldiario.net\/portal\/#\/schema\/logo\/image\/","url":"https:\/\/www.eldiario.net\/portal\/wp-content\/uploads\/2023\/07\/logo_ED.jpg","contentUrl":"https:\/\/www.eldiario.net\/portal\/wp-content\/uploads\/2023\/07\/logo_ED.jpg","width":272,"height":52,"caption":"El Diario - Decano de la prensa nacional"},"image":{"@id":"https:\/\/www.eldiario.net\/portal\/#\/schema\/logo\/image\/"},"sameAs":["https:\/\/www.facebook.com\/eldiario.bolivia\/","https:\/\/x.com\/eldiario_net"]},{"@type":"Person","@id":"https:\/\/www.eldiario.net\/portal\/#\/schema\/person\/2c57cf2b7a7ae032e449e4c9b1019eac","name":"Jeanette","image":{"@type":"ImageObject","inLanguage":"es","@id":"https:\/\/secure.gravatar.com\/avatar\/3ea2118a5f7dad2b7138b1187a6b7ee55f160b9968b66013c3a3ef39dd7e5798?s=96&d=mm&r=g","url":"https:\/\/secure.gravatar.com\/avatar\/3ea2118a5f7dad2b7138b1187a6b7ee55f160b9968b66013c3a3ef39dd7e5798?s=96&d=mm&r=g","contentUrl":"https:\/\/secure.gravatar.com\/avatar\/3ea2118a5f7dad2b7138b1187a6b7ee55f160b9968b66013c3a3ef39dd7e5798?s=96&d=mm&r=g","caption":"Jeanette"},"sameAs":["https:\/\/www.eldiario.net\/portal"],"url":"https:\/\/www.eldiario.net\/portal\/author\/jeanette\/"}]}},"_links":{"self":[{"href":"https:\/\/www.eldiario.net\/portal\/wp-json\/wp\/v2\/posts\/427824","targetHints":{"allow":["GET"]}}],"collection":[{"href":"https:\/\/www.eldiario.net\/portal\/wp-json\/wp\/v2\/posts"}],"about":[{"href":"https:\/\/www.eldiario.net\/portal\/wp-json\/wp\/v2\/types\/post"}],"author":[{"embeddable":true,"href":"https:\/\/www.eldiario.net\/portal\/wp-json\/wp\/v2\/users\/1"}],"replies":[{"embeddable":true,"href":"https:\/\/www.eldiario.net\/portal\/wp-json\/wp\/v2\/comments?post=427824"}],"version-history":[{"count":1,"href":"https:\/\/www.eldiario.net\/portal\/wp-json\/wp\/v2\/posts\/427824\/revisions"}],"predecessor-version":[{"id":427826,"href":"https:\/\/www.eldiario.net\/portal\/wp-json\/wp\/v2\/posts\/427824\/revisions\/427826"}],"wp:featuredmedia":[{"embeddable":true,"href":"https:\/\/www.eldiario.net\/portal\/wp-json\/wp\/v2\/media\/427825"}],"wp:attachment":[{"href":"https:\/\/www.eldiario.net\/portal\/wp-json\/wp\/v2\/media?parent=427824"}],"wp:term":[{"taxonomy":"category","embeddable":true,"href":"https:\/\/www.eldiario.net\/portal\/wp-json\/wp\/v2\/categories?post=427824"},{"taxonomy":"post_tag","embeddable":true,"href":"https:\/\/www.eldiario.net\/portal\/wp-json\/wp\/v2\/tags?post=427824"}],"curies":[{"name":"wp","href":"https:\/\/api.w.org\/{rel}","templated":true}]}}